{"id":334864,"date":"2023-05-09T05:39:09","date_gmt":"2023-05-09T03:39:09","guid":{"rendered":"https:\/\/www.radiopiu.net\/wordpress\/?p=334864"},"modified":"2023-05-09T08:40:02","modified_gmt":"2023-05-09T06:40:02","slug":"giornale-radiopiu-09-maggio-2023-direttore-mirko-mezzacasa-verso-i-40-anni-25-giugno-1983-25-giugno-2023","status":"publish","type":"post","link":"https:\/\/www.radiopiu.net\/wordpress\/giornale-radiopiu-09-maggio-2023-direttore-mirko-mezzacasa-verso-i-40-anni-25-giugno-1983-25-giugno-2023\/","title":{"rendered":"GIORNALE RADIOPIU 09 MAGGIO 2023 DIRETTORE MIRKO MEZZACASA&#8230;verso i 40 anni 25 giugno 1983-25 giugno 2023"},"content":{"rendered":"<h2 style=\"text-align: left;\"><\/h2>\n<h2 style=\"text-align: left;\"><span style=\"color: #ff0000;\"><span style=\"vertical-align: inherit;\"><a class=\"dt-pswp-item\" href=\"https:\/\/www.radiopiu.net\/wordpress\/wp-content\/uploads\/2023\/04\/e0aad41d-951e-47b9-9fae-1a879a9bcb7e-1.jpg\" data-dt-img-description=\"\" data-large_image_width=\"1200\" data-large_image_height=\"1200\"><img loading=\"lazy\" decoding=\"async\" class=\"wp-image-333205 alignleft\" src=\"https:\/\/www.radiopiu.net\/wordpress\/wp-content\/uploads\/2023\/04\/e0aad41d-951e-47b9-9fae-1a879a9bcb7e-1-300x300.jpg\" alt=\"\" width=\"110\" height=\"110\" srcset=\"https:\/\/www.radiopiu.net\/wordpress\/wp-content\/uploads\/2023\/04\/e0aad41d-951e-47b9-9fae-1a879a9bcb7e-1-300x300.jpg 300w, https:\/\/www.radiopiu.net\/wordpress\/wp-content\/uploads\/2023\/04\/e0aad41d-951e-47b9-9fae-1a879a9bcb7e-1-1024x1024.jpg 1024w, https:\/\/www.radiopiu.net\/wordpress\/wp-content\/uploads\/2023\/04\/e0aad41d-951e-47b9-9fae-1a879a9bcb7e-1-150x150.jpg 150w, https:\/\/www.radiopiu.net\/wordpress\/wp-content\/uploads\/2023\/04\/e0aad41d-951e-47b9-9fae-1a879a9bcb7e-1-768x768.jpg 768w, https:\/\/www.radiopiu.net\/wordpress\/wp-content\/uploads\/2023\/04\/e0aad41d-951e-47b9-9fae-1a879a9bcb7e-1.jpg 1200w\" sizes=\"auto, (max-width: 110px) 100vw, 110px\" \/><\/a><\/span><\/span><\/h2>\n<h2 style=\"text-align: left;\"><span style=\"color: #ff0000;\"><span style=\"vertical-align: inherit;\">ISCRIVITI AL NOSTRO CANALE\u00a0 <\/span><\/span><span style=\"vertical-align: inherit;\"> YOUTUBE PER SEGUIRE IN DIRETTA I PRINCIPALI PROGRAMMI DI RADIO PIU&#8217; E LE FUTURE DIRETTE IN ESTERNA. PER ISCRIVERTI <\/span><a style=\"color: #ff0000;\" href=\"https:\/\/youtube.com\/@radiopiu1527\"><span style=\"vertical-align: inherit;\">CLICCA QUI <\/span><\/a><span style=\"color: #ff0000; font-size: 14px; font-weight: normal;\"><span style=\"vertical-align: inherit;\">E PREMI\u00a0 &#8220;Iscriviti&#8221;\u00a0 \u00a0 \u00a0\u00a0<\/span><\/span><\/h2>\n<p>&nbsp;<\/p>\n<p><strong>IL VIDEO PIU&#8217; CLICCATO DEL FINE SETTIMANA, LA FRANA\u00a0 IN VALLE DEL BIOIS\u00a0\u00a0<\/strong><\/p>\n<p><strong>FALCADE\u00a0<\/strong>\u00a0Domenica Un pezzo di montagna si \u00e8 staccato dal Cimone della Stia sopra Falcade. Il video segnalato da Tamara, di Tibe \u00a0Zamatteo\u00a0 da Molino di Falcade<\/p>\n<div style=\"width: 848px;\" class=\"wp-video\"><video class=\"wp-video-shortcode\" id=\"video-334864-1\" width=\"848\" height=\"480\" preload=\"metadata\" controls=\"controls\"><source type=\"video\/mp4\" src=\"https:\/\/www.radiopiu.net\/wordpress\/wp-content\/uploads\/2023\/05\/WhatsApp-Video-2023-05-07-at-13.50.57.mp4?_=1\" \/><a href=\"https:\/\/www.radiopiu.net\/wordpress\/wp-content\/uploads\/2023\/05\/WhatsApp-Video-2023-05-07-at-13.50.57.mp4\">https:\/\/www.radiopiu.net\/wordpress\/wp-content\/uploads\/2023\/05\/WhatsApp-Video-2023-05-07-at-13.50.57.mp4<\/a><\/video><\/div>\n<p>&nbsp;<\/p>\n<p>&nbsp;<\/p>\n<hr \/>\n<p>&nbsp;<\/p>\n<p>&nbsp;<\/p>\n<p><span style=\"color: #ff0000;\"><strong><a class=\"dt-pswp-item\" href=\"https:\/\/www.radiopiu.net\/wordpress\/wp-content\/uploads\/2023\/05\/file.jpg\" data-dt-img-description=\"\" data-large_image_width=\"640\" data-large_image_height=\"640\"><img loading=\"lazy\" decoding=\"async\" class=\"wp-image-334905 alignleft\" src=\"https:\/\/www.radiopiu.net\/wordpress\/wp-content\/uploads\/2023\/05\/file-300x300.jpg\" alt=\"\" width=\"121\" height=\"121\" srcset=\"https:\/\/www.radiopiu.net\/wordpress\/wp-content\/uploads\/2023\/05\/file-300x300.jpg 300w, https:\/\/www.radiopiu.net\/wordpress\/wp-content\/uploads\/2023\/05\/file-150x150.jpg 150w, https:\/\/www.radiopiu.net\/wordpress\/wp-content\/uploads\/2023\/05\/file.jpg 640w\" sizes=\"auto, (max-width: 121px) 100vw, 121px\" \/><\/a>E anche STAMANE\u00a0 RADIOPIU si fa in CINQUE\u00a0 per i suoi ascoltatori&#8230;.<\/strong><\/span><\/p>\n<p><strong>1&#8230;. alle 10.15 la nuove par ladin, con il MUSLA, oggi Chiara Frena (foto)<\/strong><\/p>\n<p><strong>2&#8230;.alle 10.30 COSA CHIEDE IL MONDO DEL LAVORO ALLA SCUOLA? con i docenti Tomaso Avoscan, Michele Costa e Dino Preloran<\/strong><\/p>\n<p><strong>3&#8230;.alle 12.30 giornale radio edizione principale<\/strong><\/p>\n<p><strong>4. &#8230;.alle 14 I MILLE PASSI, con Alice Bettolo _ terza puntata<\/strong><\/p>\n<p>&nbsp;<\/p>\n<p>&nbsp;<\/p>\n<hr \/>\n<p>&nbsp;<\/p>\n<blockquote>\n<h3>OMICIDIO DI ALANO, UN UOMO IN STATO DI FERMO<\/h3>\n<\/blockquote>\n<h3><span style=\"color: #ff0000;\">aggiornamento 08 maggio\u00a0<\/span><\/h3>\n<p><em>Antonio Costa ha perso la vita con la lama che aveva portato con s\u00e9 da casa. Al Kangur bar era in corso una festa con musica latinoamericana, alla quale stava partecipando anche il dominicano con cittadinanza italiana Pedro Livert Dominguez, che ora \u00e8 indagato per l&#8217;ipotesi di reato di omicidio volontario<\/em><\/p>\n<div class=\"group w-full text-gray-800 dark:text-gray-100 border-b border-black\/10 dark:border-gray-900\/50 bg-gray-50 dark:bg-[#444654]\">\n<div class=\"flex p-4 gap-4 text-base md:gap-6 md:max-w-2xl lg:max-w-xl xl:max-w-3xl md:py-6 lg:px-0 m-auto\">\n<div class=\"relative flex flex-col w-[calc(100%-50px)] gap-1 md:gap-3 lg:w-[calc(100%-115px)]\">\n<div class=\"flex flex-grow flex-col gap-3\">\n<div class=\"min-h-[20px] flex flex-col items-start gap-4 whitespace-pre-wrap break-words\">\n<div class=\"markdown prose w-full break-words dark:prose-invert light\">\n<p><a class=\"dt-pswp-item\" href=\"https:\/\/www.radiopiu.net\/wordpress\/wp-content\/uploads\/2023\/05\/Senza-nome-26.jpg\" data-dt-img-description=\"\" data-large_image_width=\"293\" data-large_image_height=\"381\"><img loading=\"lazy\" decoding=\"async\" class=\" wp-image-334793 alignright\" src=\"https:\/\/www.radiopiu.net\/wordpress\/wp-content\/uploads\/2023\/05\/Senza-nome-26-231x300.jpg\" alt=\"\" width=\"125\" height=\"162\" srcset=\"https:\/\/www.radiopiu.net\/wordpress\/wp-content\/uploads\/2023\/05\/Senza-nome-26-231x300.jpg 231w, https:\/\/www.radiopiu.net\/wordpress\/wp-content\/uploads\/2023\/05\/Senza-nome-26.jpg 293w\" sizes=\"auto, (max-width: 125px) 100vw, 125px\" \/><\/a>Nell&#8217;omicidio avvenuto sabato scorso al Kangur bar, vicino alla stazione di Fener, nel comune di Alano di Piave, \u00e8 stato disposto il fermo di Pedro Livert Dominguez,\u00a0 sospettato dell&#8217;omicidio di Antonio Costa (foto)\u00a0 dopo 24 ore di indagini condotte dal pubblico ministero Alberto Primavera e dalle forze dell&#8217;ordine. L&#8217;omicidio sembra essere avvenuto durante una lite insorta tra Costa e alcuni avventori del locale a causa di un presunto comportamento sconveniente della vittima nei confronti di una giovane donna. Durante la lite, Costa avrebbe estratto un coltello, che gli sarebbe stato poi tolto da uno dei contendenti e usato per colpirlo al petto con un mortale fendente. Il coltello \u00e8 stato recuperato e sequestrato grazie alle indicazioni della persona fermata. Le indagini proseguono per chiarire tutti gli aspetti della vicenda. La persona fermata \u00e8 stata condotta in prigione in attesa dell&#8217;udienza di convalida del provvedimento restrittivo. La Procura e i Carabinieri stanno eseguendo ulteriori indagini con la massima attenzione e scrupolo, in modo da pervenire alla completa ricostruzione dei fatti. Il dominicano Pedro Livert \u00e8 l&#8217;unico indagato, ma al momento non si esclude che ce ne potranno essere altri. Si procede per omicidio volontario, ipotesi che prevede una pena di almeno 21 anni di carcere. &#8211;<\/p>\n<\/div>\n<\/div>\n<\/div>\n<\/div>\n<\/div>\n<\/div>\n<p>&nbsp;<\/p>\n<blockquote>\n<h3 class=\"_title post-title entry-title\">ALANO DI PIAVE | OMICIDIO DI FENER: UN UOMO IN CARCERE, RITROVATA L\u2019ARMA DEL DELITTO<\/h3>\n<\/blockquote>\n<p><em>ANTENNA 3, CANALE 10 DIGITALE TERRESTRE, di TIZIANA BOLOGNANI\u00a0<\/em><\/p>\n<p><iframe loading=\"lazy\" title=\"OMICIDIO DI FENER: UN UOMO IN CARCERE, RITROVATA L&#039;ARMA DEL DELITTO | 08\/05\/2023\" width=\"1200\" height=\"675\" src=\"https:\/\/www.youtube.com\/embed\/D76KrZtNeI8?start=37&#038;feature=oembed\" frameborder=\"0\" allow=\"accelerometer; autoplay; clipboard-write; encrypted-media; gyroscope; picture-in-picture; web-share\" allowfullscreen><\/iframe><\/p>\n<p>&nbsp;<\/p>\n<hr \/>\n<p>&nbsp;<\/p>\n<p>&nbsp;<\/p>\n<blockquote>\n<h3>POMERIGGIO DI TENSIONE A PONTE NELLA ALPI PER UNA FUGA DI GAS<\/h3>\n<\/blockquote>\n<p><img loading=\"lazy\" decoding=\"async\" class=\"aligncenter\" src=\"https:\/\/www.radiopiu.net\/wordpress\/wp-content\/uploads\/2023\/05\/e46b8888-69d1-44e1-bb2f-529c189de99b.jpg\" width=\"351\" height=\"198\" \/><\/p>\n<p><strong>DI\u00a0 MORENO GIOLI<\/strong><\/p>\n<audio class=\"wp-audio-shortcode\" id=\"audio-334864-1\" preload=\"none\" style=\"width: 100%;\" controls=\"controls\"><source type=\"audio\/mpeg\" src=\"https:\/\/www.radiopiu.net\/wordpress\/wp-content\/uploads\/2023\/05\/moreno-gioli.mp3?_=1\" \/><a href=\"https:\/\/www.radiopiu.net\/wordpress\/wp-content\/uploads\/2023\/05\/moreno-gioli.mp3\">https:\/\/www.radiopiu.net\/wordpress\/wp-content\/uploads\/2023\/05\/moreno-gioli.mp3<\/a><\/audio>\n<p>&nbsp;<\/p>\n<p>&nbsp;<\/p>\n<div style=\"width: 640px;\" class=\"wp-video\"><video class=\"wp-video-shortcode\" id=\"video-334864-2\" width=\"640\" height=\"352\" preload=\"metadata\" controls=\"controls\"><source type=\"video\/mp4\" src=\"https:\/\/www.radiopiu.net\/wordpress\/wp-content\/uploads\/2023\/05\/WhatsApp-Video-2023-05-08-at-22.00.19-2.mp4?_=2\" \/><a href=\"https:\/\/www.radiopiu.net\/wordpress\/wp-content\/uploads\/2023\/05\/WhatsApp-Video-2023-05-08-at-22.00.19-2.mp4\">https:\/\/www.radiopiu.net\/wordpress\/wp-content\/uploads\/2023\/05\/WhatsApp-Video-2023-05-08-at-22.00.19-2.mp4<\/a><\/video><\/div>\n<p>&nbsp;<\/p>\n<p>&nbsp;<\/p>\n<hr \/>\n<p>&nbsp;<\/p>\n<blockquote>\n<h3><a class=\"dt-pswp-item\" href=\"https:\/\/www.radiopiu.net\/wordpress\/wp-content\/uploads\/2022\/05\/POLIZIA-1.jpg\" data-dt-img-description=\"\" data-large_image_width=\"1920\" data-large_image_height=\"1080\"><img loading=\"lazy\" decoding=\"async\" class=\"wp-image-278032 alignleft\" src=\"https:\/\/www.radiopiu.net\/wordpress\/wp-content\/uploads\/2022\/05\/POLIZIA-1-300x169.jpg\" alt=\"\" width=\"199\" height=\"112\" srcset=\"https:\/\/www.radiopiu.net\/wordpress\/wp-content\/uploads\/2022\/05\/POLIZIA-1-300x169.jpg 300w, https:\/\/www.radiopiu.net\/wordpress\/wp-content\/uploads\/2022\/05\/POLIZIA-1-1024x576.jpg 1024w, https:\/\/www.radiopiu.net\/wordpress\/wp-content\/uploads\/2022\/05\/POLIZIA-1-768x432.jpg 768w, https:\/\/www.radiopiu.net\/wordpress\/wp-content\/uploads\/2022\/05\/POLIZIA-1-1536x864.jpg 1536w, https:\/\/www.radiopiu.net\/wordpress\/wp-content\/uploads\/2022\/05\/POLIZIA-1.jpg 1920w\" sizes=\"auto, (max-width: 199px) 100vw, 199px\" \/><\/a>FURTO IN PIENO GIORNO AL NEGOZIO UTIL-CASA DI VIA ROMA<\/h3>\n<\/blockquote>\n<p><strong>BELLUNO <\/strong>Ieri pomeriggio, due ladri di nazionalit\u00e0 straniera hanno compiuto un furto in pieno centro citt\u00e0 al negozio Util-Casa. Approfittando dell&#8217;assenza momentanea del titolare del negozio, uno dei due ha distolto l&#8217;attenzione della figlia del proprietario, mentre l&#8217;altro ha asportato tutto il denaro presente nella cassa. La polizia \u00e8 al lavoro per identificare i due delinquenti, e si sta verificando la presenza di telecamere nella zona.<\/p>\n<p>&nbsp;<\/p>\n<p>&nbsp;<\/p>\n<hr \/>\n<p>&nbsp;<\/p>\n<blockquote>\n<h3>LE GENTI DEL VAJONT PIANGONO OMAR ROTTOLI<br \/>\n<a class=\"dt-pswp-item\" href=\"https:\/\/www.radiopiu.net\/wordpress\/wp-content\/uploads\/2023\/05\/Senza-nome-31.jpg\" data-dt-img-description=\"\" data-large_image_width=\"247\" data-large_image_height=\"252\"><img loading=\"lazy\" decoding=\"async\" class=\"wp-image-335018 alignright\" src=\"https:\/\/www.radiopiu.net\/wordpress\/wp-content\/uploads\/2023\/05\/Senza-nome-31.jpg\" alt=\"\" width=\"110\" height=\"112\" \/><\/a><\/h3>\n<\/blockquote>\n<div class=\"group w-full text-gray-800 dark:text-gray-100 border-b border-black\/10 dark:border-gray-900\/50 bg-gray-50 dark:bg-[#444654]\">\n<div class=\"flex p-4 gap-4 text-base md:gap-6 md:max-w-2xl lg:max-w-xl xl:max-w-3xl md:py-6 lg:px-0 m-auto\">\n<div class=\"relative flex flex-col w-[calc(100%-50px)] gap-1 md:gap-3 lg:w-[calc(100%-115px)]\">\n<div class=\"flex flex-grow flex-col gap-3\">\n<div class=\"min-h-[20px] flex flex-col items-start gap-4 whitespace-pre-wrap break-words\">\n<div class=\"markdown prose w-full break-words dark:prose-invert light\">\n<p><strong>LONGARONE<\/strong> Omar Rottoli, un attore appassionato della storia del Vajont proveniente dalla provincia di Bergamo, \u00e8 morto all&#8217;et\u00e0 di 46 anni a causa di una malattia fulminante. Rottoli ha girato l&#8217;Italia per molti anni, mettendo in scena una rappresentazione dell&#8217;orazione civile sul Vajont che ha contribuito a far conoscere la tragedia a livello nazionale negli anni Novanta.\u00a0 La comunit\u00e0 di Longarone, dove Rottoli era molto conosciuto, \u00e8 in lutto per la sua perdita .<\/p>\n<\/div>\n<\/div>\n<\/div>\n<div class=\"flex justify-between lg:block\">\n<div class=\"text-gray-400 flex self-end lg:self-center justify-center mt-2 gap-2 md:gap-3 lg:gap-1 lg:absolute lg:top-0 lg:translate-x-full lg:right-0 lg:mt-0 lg:pl-2 visible\"><\/div>\n<div><\/div>\n<div><\/div>\n<div>\n<p>&nbsp;<\/p>\n<hr \/>\n<\/div>\n<div><\/div>\n<div><\/div>\n<div><span style=\"color: #ff0000;\"><strong>la concorrenza al terzo settore<\/strong><\/span><\/div>\n<blockquote>\n<h3><a class=\"dt-pswp-item\" href=\"https:\/\/www.radiopiu.net\/wordpress\/wp-content\/uploads\/2023\/05\/th-9.jpg\" data-dt-img-description=\"\" data-large_image_width=\"474\" data-large_image_height=\"244\"><img loading=\"lazy\" decoding=\"async\" class=\" wp-image-335029 alignleft\" src=\"https:\/\/www.radiopiu.net\/wordpress\/wp-content\/uploads\/2023\/05\/th-9-300x154.jpg\" alt=\"\" width=\"226\" height=\"116\" srcset=\"https:\/\/www.radiopiu.net\/wordpress\/wp-content\/uploads\/2023\/05\/th-9-300x154.jpg 300w, https:\/\/www.radiopiu.net\/wordpress\/wp-content\/uploads\/2023\/05\/th-9.jpg 474w\" sizes=\"auto, (max-width: 226px) 100vw, 226px\" \/><\/a>IL 5 PER MILLE AL COMUNE DI BELLUNO? &#8220;ANCHE QUELLI?&#8221;, SI LAMENTANO LE ASSOCIAZIONI<\/h3>\n<\/blockquote>\n<div>\n<p><strong>BELLUNO<\/strong>\u00a0 &#8220;Il 5 per mille mettiamolo in comune per il sociale&#8221;:\u00a0 lo slogan di Palazzo Rosso divulgato con i comunicati ufficiali, un\u00a0 invito ai bellunesi a destinare il 5 per mille all&#8217;ente pubblico. Saranno comunque soldi che non aiuteranno\u00a0 le associazioni che operano in ambito sociale, culturale, sportivo, per loro quel 5 per mille fa la differenza.\u00a0 <em>\u00abSubentrare cos\u00ec in quella che di fatto \u00e8 una donazione dei cittadini, mi sembra proprio una brutta cosa\u00bb<\/em>, lo ha detto al Corriere delle Alpi la presidente di BellunoDonna, Anna Cubattoli. L&#8217;associazione che aiuta le donne vittime di violenza l&#8217;anno scorso ha ricevuto poco pi\u00f9 di 8 mila euro dal 5 per mille.<\/p>\n<\/div>\n<div><\/div>\n<div><\/div>\n<\/div>\n<\/div>\n<\/div>\n<\/div>\n<p>&nbsp;<\/p>\n<hr \/>\n<p>&nbsp;<\/p>\n<p>&nbsp;<\/p>\n<blockquote>\n<h2>&#8220;La bellezza dell&#8217;informazione: un evento per la sensibilizzazione sul tumore ovarico&#8221;<\/h2>\n<\/blockquote>\n<p><strong><a class=\"dt-pswp-item\" href=\"https:\/\/www.radiopiu.net\/wordpress\/wp-content\/uploads\/2023\/05\/download.jpg\" data-dt-img-description=\"\" data-large_image_width=\"960\" data-large_image_height=\"960\"><img loading=\"lazy\" decoding=\"async\" class=\"wp-image-334929 alignleft\" src=\"https:\/\/www.radiopiu.net\/wordpress\/wp-content\/uploads\/2023\/05\/download-300x300.jpg\" alt=\"\" width=\"100\" height=\"100\" srcset=\"https:\/\/www.radiopiu.net\/wordpress\/wp-content\/uploads\/2023\/05\/download-300x300.jpg 300w, https:\/\/www.radiopiu.net\/wordpress\/wp-content\/uploads\/2023\/05\/download-150x150.jpg 150w, https:\/\/www.radiopiu.net\/wordpress\/wp-content\/uploads\/2023\/05\/download-768x768.jpg 768w, https:\/\/www.radiopiu.net\/wordpress\/wp-content\/uploads\/2023\/05\/download.jpg 960w\" sizes=\"auto, (max-width: 100px) 100vw, 100px\" \/><\/a>REDAZIONE<\/strong> Il gruppo bellunese di Acto Triveneto ha organizzato un evento chiamato &#8220;La bellezza dell&#8217;informazione&#8221; per la giornata mondiale sul tumore ovarico. La dottoressa Ilaria Pezzani, responsabile della ginecologia oncologica, ha parlato dell&#8217;importanza di promuovere la conoscenza della malattia per favorire la diagnosi tempestiva e l&#8217;accesso alle cure di qualit\u00e0. Durante la serata, \u00e8 stata anche presentata la testimonianza di Serena Zatta sulla sua esperienza personale con il tumore ovarico. Le donne presenti hanno dimostrato il valore della solidariet\u00e0 e della collaborazione e hanno ricevuto kit omaggio e collane prodotte a mano con il logo di Acto<\/p>\n<p>&nbsp;<\/p>\n<p><strong><a class=\"dt-pswp-item\" href=\"https:\/\/www.radiopiu.net\/wordpress\/wp-content\/uploads\/2023\/05\/12841232_10208735249324284_5693078563716315151_o-e1683555257521.jpg\" data-dt-img-description=\"\" data-large_image_width=\"1067\" data-large_image_height=\"1067\"><img loading=\"lazy\" decoding=\"async\" class=\"wp-image-334927 alignleft\" src=\"https:\/\/www.radiopiu.net\/wordpress\/wp-content\/uploads\/2023\/05\/12841232_10208735249324284_5693078563716315151_o-e1683555257521-300x300.jpg\" alt=\"\" width=\"172\" height=\"172\" srcset=\"https:\/\/www.radiopiu.net\/wordpress\/wp-content\/uploads\/2023\/05\/12841232_10208735249324284_5693078563716315151_o-e1683555257521-300x300.jpg 300w, https:\/\/www.radiopiu.net\/wordpress\/wp-content\/uploads\/2023\/05\/12841232_10208735249324284_5693078563716315151_o-e1683555257521-1024x1024.jpg 1024w, https:\/\/www.radiopiu.net\/wordpress\/wp-content\/uploads\/2023\/05\/12841232_10208735249324284_5693078563716315151_o-e1683555257521-150x150.jpg 150w, https:\/\/www.radiopiu.net\/wordpress\/wp-content\/uploads\/2023\/05\/12841232_10208735249324284_5693078563716315151_o-e1683555257521-768x768.jpg 768w, https:\/\/www.radiopiu.net\/wordpress\/wp-content\/uploads\/2023\/05\/12841232_10208735249324284_5693078563716315151_o-e1683555257521.jpg 1067w\" sizes=\"auto, (max-width: 172px) 100vw, 172px\" \/><\/a>SERENA ZATTA<\/strong><\/p>\n<div class=\"group w-full text-gray-800 dark:text-gray-100 border-b border-black\/10 dark:border-gray-900\/50 bg-gray-50 dark:bg-[#444654]\">\n<div class=\"flex p-4 gap-4 text-base md:gap-6 md:max-w-2xl lg:max-w-xl xl:max-w-3xl md:py-6 lg:px-0 m-auto\">\n<div class=\"relative flex flex-col w-[calc(100%-50px)] gap-1 md:gap-3 lg:w-[calc(100%-115px)]\">\n<div class=\"flex justify-between lg:block\">\n<div class=\"text-gray-400 flex self-end lg:self-center justify-center mt-2 gap-2 md:gap-3 lg:gap-1 lg:absolute lg:top-0 lg:translate-x-full lg:right-0 lg:mt-0 lg:pl-2 visible\">\n<audio class=\"wp-audio-shortcode\" id=\"audio-334864-2\" preload=\"none\" style=\"width: 100%;\" controls=\"controls\"><source type=\"audio\/mpeg\" src=\"https:\/\/www.radiopiu.net\/wordpress\/wp-content\/uploads\/2023\/05\/SERENA.mp3?_=2\" \/><a href=\"https:\/\/www.radiopiu.net\/wordpress\/wp-content\/uploads\/2023\/05\/SERENA.mp3\">https:\/\/www.radiopiu.net\/wordpress\/wp-content\/uploads\/2023\/05\/SERENA.mp3<\/a><\/audio>\n<p>&nbsp;<\/p>\n<div class=\"group w-full text-gray-800 dark:text-gray-100 border-b border-black\/10 dark:border-gray-900\/50 bg-gray-50 dark:bg-[#444654]\">\n<div class=\"flex p-4 gap-4 text-base md:gap-6 md:max-w-2xl lg:max-w-xl xl:max-w-3xl md:py-6 lg:px-0 m-auto\">\n<div class=\"relative flex flex-col w-[calc(100%-50px)] gap-1 md:gap-3 lg:w-[calc(100%-115px)]\">\n<div class=\"flex flex-grow flex-col gap-3\">\n<div class=\"min-h-[20px] flex flex-col items-start gap-4 whitespace-pre-wrap break-words\">\n<div class=\"markdown prose w-full break-words dark:prose-invert light\">\n\n\t\t\t<style type='text\/css'>\n\t\t\t\t#gallery-1 {\n\t\t\t\t\tmargin: auto;\n\t\t\t\t}\n\t\t\t\t#gallery-1 .gallery-item {\n\t\t\t\t\tfloat: left;\n\t\t\t\t\tmargin-top: 10px;\n\t\t\t\t\ttext-align: center;\n\t\t\t\t\twidth: 50%;\n\t\t\t\t}\n\t\t\t\t#gallery-1 img {\n\t\t\t\t\tborder: 2px solid #cfcfcf;\n\t\t\t\t}\n\t\t\t\t#gallery-1 .gallery-caption {\n\t\t\t\t\tmargin-left: 0;\n\t\t\t\t}\n\t\t\t\t\/* see gallery_shortcode() in wp-includes\/media.php *\/\n\t\t\t<\/style>\n\t\t<div id='gallery-1' class='dt-gallery-container gallery galleryid-334864 gallery-columns-2 gallery-size-thumbnail'><dl class='gallery-item'>\n\t\t\t\t<dt class='gallery-icon landscape'>\n\t\t\t\t\t<a class=\"rollover rollover-zoom dt-pswp-item\" title=\"Serena Zatta Mua e Ilaria Pezzani\" data-dt-img-description=\"\" data-large_image_width=\"1337\" data-large_image_height=\"1021\"href='https:\/\/www.radiopiu.net\/wordpress\/wp-content\/uploads\/2023\/05\/Serena-Zatta-Mua-e-Ilaria-Pezzani.jpg'><img loading=\"lazy\" decoding=\"async\" width=\"150\" height=\"150\" src=\"https:\/\/www.radiopiu.net\/wordpress\/wp-content\/uploads\/2023\/05\/Serena-Zatta-Mua-e-Ilaria-Pezzani-150x150.jpg\" class=\"attachment-thumbnail size-thumbnail\" alt=\"\" \/><\/a>\n\t\t\t\t<\/dt><\/dl><dl class='gallery-item'>\n\t\t\t\t<dt class='gallery-icon landscape'>\n\t\t\t\t\t<a class=\"rollover rollover-zoom dt-pswp-item\" title=\"pubblico\" data-dt-img-description=\"\" data-large_image_width=\"1487\" data-large_image_height=\"813\"href='https:\/\/www.radiopiu.net\/wordpress\/wp-content\/uploads\/2023\/05\/pubblico.jpg'><img loading=\"lazy\" decoding=\"async\" width=\"150\" height=\"150\" src=\"https:\/\/www.radiopiu.net\/wordpress\/wp-content\/uploads\/2023\/05\/pubblico-150x150.jpg\" class=\"attachment-thumbnail size-thumbnail\" alt=\"\" \/><\/a>\n\t\t\t\t<\/dt><\/dl><br style=\"clear: both\" \/>\n\t\t\t<\/div>\n\n<\/div>\n<\/div>\n<\/div>\n<p><strong>DOTTORESSA ILARIA PEZZANI<\/strong><\/p>\n<audio class=\"wp-audio-shortcode\" id=\"audio-334864-3\" preload=\"none\" style=\"width: 100%;\" controls=\"controls\"><source type=\"audio\/mpeg\" src=\"https:\/\/www.radiopiu.net\/wordpress\/wp-content\/uploads\/2023\/05\/ILARIA-PEZZANI.mp3?_=3\" \/><a href=\"https:\/\/www.radiopiu.net\/wordpress\/wp-content\/uploads\/2023\/05\/ILARIA-PEZZANI.mp3\">https:\/\/www.radiopiu.net\/wordpress\/wp-content\/uploads\/2023\/05\/ILARIA-PEZZANI.mp3<\/a><\/audio>\n<\/div>\n<div class=\"relative flex flex-col w-[calc(100%-50px)] gap-1 md:gap-3 lg:w-[calc(100%-115px)]\">\n<div class=\"flex justify-between lg:block\">\n<div class=\"text-gray-400 flex self-end lg:self-center justify-center mt-2 gap-2 md:gap-3 lg:gap-1 lg:absolute lg:top-0 lg:translate-x-full lg:right-0 lg:mt-0 lg:pl-2 visible\"><\/div>\n<div>\n\n\t\t\t<style type='text\/css'>\n\t\t\t\t#gallery-2 {\n\t\t\t\t\tmargin: auto;\n\t\t\t\t}\n\t\t\t\t#gallery-2 .gallery-item {\n\t\t\t\t\tfloat: left;\n\t\t\t\t\tmargin-top: 10px;\n\t\t\t\t\ttext-align: center;\n\t\t\t\t\twidth: 50%;\n\t\t\t\t}\n\t\t\t\t#gallery-2 img {\n\t\t\t\t\tborder: 2px solid #cfcfcf;\n\t\t\t\t}\n\t\t\t\t#gallery-2 .gallery-caption {\n\t\t\t\t\tmargin-left: 0;\n\t\t\t\t}\n\t\t\t\t\/* see gallery_shortcode() in wp-includes\/media.php *\/\n\t\t\t<\/style>\n\t\t<div id='gallery-2' class='dt-gallery-container gallery galleryid-334864 gallery-columns-2 gallery-size-thumbnail'><dl class='gallery-item'>\n\t\t\t\t<dt class='gallery-icon landscape'>\n\t\t\t\t\t<a class=\"rollover rollover-zoom dt-pswp-item\" title=\"gruppo con Enaip\" data-dt-img-description=\"\" data-large_image_width=\"1531\" data-large_image_height=\"1005\"href='https:\/\/www.radiopiu.net\/wordpress\/wp-content\/uploads\/2023\/05\/gruppo-con-Enaip.jpg'><img loading=\"lazy\" decoding=\"async\" width=\"150\" height=\"150\" src=\"https:\/\/www.radiopiu.net\/wordpress\/wp-content\/uploads\/2023\/05\/gruppo-con-Enaip-150x150.jpg\" class=\"attachment-thumbnail size-thumbnail\" alt=\"\" \/><\/a>\n\t\t\t\t<\/dt><\/dl><dl class='gallery-item'>\n\t\t\t\t<dt class='gallery-icon landscape'>\n\t\t\t\t\t<a class=\"rollover rollover-zoom dt-pswp-item\" title=\"animatrici\" data-dt-img-description=\"\" data-large_image_width=\"1600\" data-large_image_height=\"1174\"href='https:\/\/www.radiopiu.net\/wordpress\/wp-content\/uploads\/2023\/05\/animatrici.jpg'><img loading=\"lazy\" decoding=\"async\" width=\"150\" height=\"150\" src=\"https:\/\/www.radiopiu.net\/wordpress\/wp-content\/uploads\/2023\/05\/animatrici-150x150.jpg\" class=\"attachment-thumbnail size-thumbnail\" alt=\"\" \/><\/a>\n\t\t\t\t<\/dt><\/dl><br style=\"clear: both\" \/>\n\t\t\t<\/div>\n\n<p>&nbsp;<\/p>\n<p><a class=\"dt-pswp-item\" href=\"https:\/\/www.radiopiu.net\/wordpress\/wp-content\/uploads\/2023\/05\/th-7.jpg\" data-dt-img-description=\"\" data-large_image_width=\"474\" data-large_image_height=\"390\"><img loading=\"lazy\" decoding=\"async\" class=\"wp-image-334928 alignleft\" src=\"https:\/\/www.radiopiu.net\/wordpress\/wp-content\/uploads\/2023\/05\/th-7-300x247.jpg\" alt=\"\" width=\"154\" height=\"127\" srcset=\"https:\/\/www.radiopiu.net\/wordpress\/wp-content\/uploads\/2023\/05\/th-7-300x247.jpg 300w, https:\/\/www.radiopiu.net\/wordpress\/wp-content\/uploads\/2023\/05\/th-7.jpg 474w\" sizes=\"auto, (max-width: 154px) 100vw, 154px\" \/><\/a>Acto Triveneto \u00e8 l&#8217;associazione\u00a0 presieduta da Petra De Zanet, fa parte del comitato tecnico scientifico di Acto Triveneto la Dottoressa Laura Favretti, Primario di Ginecologia e Ostetricia al S.Maria del Prato di Feltre, ospedale di riferimento per patologie ginecologiche in provincia di Belluno e Agordo<\/p>\n<p><strong>LA DOTTORESSA LAURA FAVRETTI<\/strong><\/p>\n<audio class=\"wp-audio-shortcode\" id=\"audio-334864-4\" preload=\"none\" style=\"width: 100%;\" controls=\"controls\"><source type=\"audio\/mpeg\" src=\"https:\/\/www.radiopiu.net\/wordpress\/wp-content\/uploads\/2023\/05\/FAVRETTI.mp3?_=4\" \/><a href=\"https:\/\/www.radiopiu.net\/wordpress\/wp-content\/uploads\/2023\/05\/FAVRETTI.mp3\">https:\/\/www.radiopiu.net\/wordpress\/wp-content\/uploads\/2023\/05\/FAVRETTI.mp3<\/a><\/audio>\n<\/div>\n<\/div>\n<\/div>\n<p>&nbsp;<\/p>\n<div class=\"relative flex flex-col w-[calc(100%-50px)] gap-1 md:gap-3 lg:w-[calc(100%-115px)]\">\n<div class=\"flex justify-between lg:block\">\n<blockquote><p><em>Acto Italia viene fondata nel 2010 da un gruppo di pazienti e ginecologi oncologi, Acto Italia &#8211; Alleanza contro il Tumore Ovarico \u00e8 la prima rete nazionale di associazioni pazienti composta da 8 realt\u00e0 unite dalla comune missione di dare sostegno alle donne colpite da neoplasie ginecologiche.<\/em><\/p><\/blockquote>\n<\/div>\n<\/div>\n<div><\/div>\n<div><\/div>\n<div>\n<hr \/>\n<\/div>\n<div><\/div>\n<div><span style=\"color: #ff0000;\"><strong>\u00a0IERI<\/strong><\/span><\/div>\n<blockquote>\n<h3><strong><a class=\"dt-pswp-item\" href=\"https:\/\/www.radiopiu.net\/wordpress\/wp-content\/uploads\/2022\/06\/oscar-de-pellegrin.png\" data-dt-img-description=\"\" data-large_image_width=\"2000\" data-large_image_height=\"1804\"><img loading=\"lazy\" decoding=\"async\" class=\"wp-image-281257 alignleft\" src=\"https:\/\/www.radiopiu.net\/wordpress\/wp-content\/uploads\/2022\/06\/oscar-de-pellegrin-300x271.png\" alt=\"\" width=\"125\" height=\"113\" srcset=\"https:\/\/www.radiopiu.net\/wordpress\/wp-content\/uploads\/2022\/06\/oscar-de-pellegrin-300x271.png 300w, https:\/\/www.radiopiu.net\/wordpress\/wp-content\/uploads\/2022\/06\/oscar-de-pellegrin-1024x924.png 1024w, https:\/\/www.radiopiu.net\/wordpress\/wp-content\/uploads\/2022\/06\/oscar-de-pellegrin-768x693.png 768w, https:\/\/www.radiopiu.net\/wordpress\/wp-content\/uploads\/2022\/06\/oscar-de-pellegrin-1536x1385.png 1536w, https:\/\/www.radiopiu.net\/wordpress\/wp-content\/uploads\/2022\/06\/oscar-de-pellegrin.png 2000w\" sizes=\"auto, (max-width: 125px) 100vw, 125px\" \/><\/a>LA CITTA&#8217; DI BELLUNO E LE OLIMPIADI, L&#8217;INCONTRO DEL SINDACO\u00a0\u00a0<\/strong><\/h3>\n<h3><em>Soddisfatto il primo cittadino Oscar De Pellegrin<\/em><\/h3>\n<audio class=\"wp-audio-shortcode\" id=\"audio-334864-5\" preload=\"none\" style=\"width: 100%;\" controls=\"controls\"><source type=\"audio\/mpeg\" src=\"https:\/\/www.radiopiu.net\/wordpress\/wp-content\/uploads\/2023\/05\/OSCAR-DE-PELLEGRIN.mp3?_=5\" \/><a href=\"https:\/\/www.radiopiu.net\/wordpress\/wp-content\/uploads\/2023\/05\/OSCAR-DE-PELLEGRIN.mp3\">https:\/\/www.radiopiu.net\/wordpress\/wp-content\/uploads\/2023\/05\/OSCAR-DE-PELLEGRIN.mp3<\/a><\/audio><\/blockquote>\n<div><\/div>\n<div><\/div>\n<div>\n<hr \/>\n<\/div>\n<div><\/div>\n<div><\/div>\n<blockquote>\n<h3>COMUNE DI LIMANA IMPEGNATO NELLA GESTIONE DELLE FORESTE DOPO IL PASSAGGIO DELLA TEMPESTA VAIA<\/h3>\n<\/blockquote>\n<div>\n<p><strong><img loading=\"lazy\" decoding=\"async\" class=\"alignleft\" src=\"https:\/\/www.radiopiu.net\/wordpress\/wp-content\/uploads\/2023\/05\/dae238fd-1a70-484f-813a-1bf977296cac.jpg\" width=\"227\" height=\"170\" \/>LIMANA <\/strong>Comune di Limana impegnato nella gestione delle foreste dopo il passaggio della tempesta Vaia, con la chiusura imminente della &#8220;questione schianti&#8221;. Tuttavia, ne restano aperte altre, come l&#8217;infezione funginea che sta interessando i frassini nella zona di Malga Pianezze e la diffusione del bostrico. Gli schianti hanno causato danni economici e ambientali significativi.<\/p>\n<p>&nbsp;<\/p>\n<p>&nbsp;<\/p>\n<p><strong>DI DANIELE DALVIT<\/strong><\/p>\n<audio class=\"wp-audio-shortcode\" id=\"audio-334864-6\" preload=\"none\" style=\"width: 100%;\" controls=\"controls\"><source type=\"audio\/mpeg\" src=\"https:\/\/www.radiopiu.net\/wordpress\/wp-content\/uploads\/2023\/05\/Radio-Piu-Servizio-Situazione-Limana-Post-Vaia.mp3?_=6\" \/><a href=\"https:\/\/www.radiopiu.net\/wordpress\/wp-content\/uploads\/2023\/05\/Radio-Piu-Servizio-Situazione-Limana-Post-Vaia.mp3\">https:\/\/www.radiopiu.net\/wordpress\/wp-content\/uploads\/2023\/05\/Radio-Piu-Servizio-Situazione-Limana-Post-Vaia.mp3<\/a><\/audio>\n<p>&nbsp;<\/p>\n<p>&nbsp;<\/p>\n<\/div>\n<div><\/div>\n<div>\n<hr \/>\n<\/div>\n<div><\/div>\n<blockquote>\n<h3><a class=\"dt-pswp-item\" href=\"https:\/\/www.radiopiu.net\/wordpress\/wp-content\/uploads\/2023\/05\/Senza-nome-29.jpg\" data-dt-img-description=\"\" data-large_image_width=\"169\" data-large_image_height=\"123\"><img loading=\"lazy\" decoding=\"async\" class=\"size-full wp-image-335015 alignleft\" src=\"https:\/\/www.radiopiu.net\/wordpress\/wp-content\/uploads\/2023\/05\/Senza-nome-29.jpg\" alt=\"\" width=\"169\" height=\"123\" \/><\/a>\u00a0EMANUELA DE ZANNA\u00a0 PRESIDENTE\u00a0 ALL&#8217;UNANIMITA&#8217;<\/h3>\n<\/blockquote>\n<div><strong>BELLUNO<\/strong>\u00a0 Emanuela De Zanna \u00e8 la presidente della Fondazione DMO, mentre la Dottoressa Gabriella Faoro sar\u00e0 il vice presidente. Il Cda ha valutato i progetti sui quali la DMO Dolomiti Bellunesi sta lavorando e ha deciso di proseguire le attivit\u00e0 in corso. L&#8217;attenzione principale al momento sar\u00e0 lo sviluppo e la promozione del brand, la costruzione di nuovi prodotti e l&#8217;affinamento di quelli esistenti. In particolare, si lavorer\u00e0 al completamento e all&#8217;implementazione dei contenuti del nuovo sito web, <a href=\"http:\/\/www.visitdolomitibellunesi.it\/\" target=\"_new\" rel=\"noopener\">www.visitdolomitibellunesi.it <\/a>.<\/div>\n<div><\/div>\n<div><\/div>\n<div>\n<hr \/>\n<\/div>\n<div><\/div>\n<blockquote>\n<h3><strong>AUTONOMIA. AL VIA I LAVORI DEL COMITATO PER LA DEFINIZIONE DEI LEP. <\/strong><\/h3>\n<\/blockquote>\n<div><\/div>\n<div>\n<div class=\"group w-full text-gray-800 dark:text-gray-100 border-b border-black\/10 dark:border-gray-900\/50 bg-gray-50 dark:bg-[#444654]\">\n<div class=\"flex p-4 gap-4 text-base md:gap-6 md:max-w-2xl lg:max-w-xl xl:max-w-3xl md:py-6 lg:px-0 m-auto\">\n<div class=\"relative flex flex-col w-[calc(100%-50px)] gap-1 md:gap-3 lg:w-[calc(100%-115px)]\">\n<div class=\"flex flex-grow flex-col gap-3\">\n<div class=\"min-h-[20px] flex flex-col items-start gap-4 whitespace-pre-wrap break-words\">\n<div class=\"markdown prose w-full break-words dark:prose-invert light\">\n<p><strong>VENEZIA<\/strong> Il Presidente della Regione Veneto si esprime positivamente sulla definizione dei Livelli Essenziali di Prestazione (LEP) che dovranno essere applicati in maniera uguale in tutto il Paese nell&#8217;ambito dell&#8217;autonomia differenziata. Egli considera che la definizione di tutti i LEP dar\u00e0 garanzia di pari trattamento a ogni cittadino, senza disparit\u00e0 tra Nord, Centro e Sud. Inoltre, egli ritiene che questo percorso sia un passo verso la modernit\u00e0 e l&#8217;inclusivit\u00e0 del Paese, e non un presunto spirito di secessione dei ricchi.<\/p>\n<\/div>\n<\/div>\n<\/div>\n<div class=\"flex justify-between lg:block\">\n<div class=\"text-gray-400 flex self-end lg:self-center justify-center mt-2 gap-2 md:gap-3 lg:gap-1 lg:absolute lg:top-0 lg:translate-x-full lg:right-0 lg:mt-0 lg:pl-2 visible\"><\/div>\n<\/div>\n<\/div>\n<\/div>\n<\/div>\n<\/div>\n<div><\/div>\n<div>\n<hr \/>\n<\/div>\n<div><\/div>\n<div>\n<blockquote class=\"wp-embedded-content\" data-secret=\"gs2OCGy2MS\"><p><a href=\"https:\/\/www.radiopiu.net\/wordpress\/lincidente-di-chernobyl-seconda-parte-lapprofondimento-di-tiziano-de-col\/\">\u00a0L\u2019INCIDENTE DI CHERNOBYL &#8211; SECONDA PARTE- l&#8217;approfondimento di TIZIANO DE COL<\/a><\/p><\/blockquote>\n<p><iframe loading=\"lazy\" class=\"wp-embedded-content\" sandbox=\"allow-scripts\" security=\"restricted\" style=\"position: absolute; clip: rect(1px, 1px, 1px, 1px);\" title=\"&#8220;\u00a0L\u2019INCIDENTE DI CHERNOBYL &#8211; SECONDA PARTE- l&#8217;approfondimento di TIZIANO DE COL&#8221; &#8212; Radio Pi\u00f9\" src=\"https:\/\/www.radiopiu.net\/wordpress\/lincidente-di-chernobyl-seconda-parte-lapprofondimento-di-tiziano-de-col\/embed\/#?secret=AsDJzzSQ30#?secret=gs2OCGy2MS\" data-secret=\"gs2OCGy2MS\" width=\"600\" height=\"338\" frameborder=\"0\" marginwidth=\"0\" marginheight=\"0\" scrolling=\"no\"><\/iframe><\/p>\n<\/div>\n<div><\/div>\n<div><\/div>\n<div>\n<hr \/>\n<\/div>\n<blockquote>\n<h3>ELEZIONI COMUNALI, I PROGRAMMI DEI CANDIDATI NEL PAESE DEL BEATO LUCIANI<\/h3>\n<\/blockquote>\n<div>\n<p><strong>CANALE D&#8217;AGORDO<\/strong><\/p>\n<p><strong>DI GIANNI SANTOMASO<\/strong><\/p>\n<p>&nbsp;<\/p>\n\n\t\t\t<style type='text\/css'>\n\t\t\t\t#gallery-3 {\n\t\t\t\t\tmargin: auto;\n\t\t\t\t}\n\t\t\t\t#gallery-3 .gallery-item {\n\t\t\t\t\tfloat: left;\n\t\t\t\t\tmargin-top: 10px;\n\t\t\t\t\ttext-align: center;\n\t\t\t\t\twidth: 16%;\n\t\t\t\t}\n\t\t\t\t#gallery-3 img {\n\t\t\t\t\tborder: 2px solid #cfcfcf;\n\t\t\t\t}\n\t\t\t\t#gallery-3 .gallery-caption {\n\t\t\t\t\tmargin-left: 0;\n\t\t\t\t}\n\t\t\t\t\/* see gallery_shortcode() in wp-includes\/media.php *\/\n\t\t\t<\/style>\n\t\t<div id='gallery-3' class='dt-gallery-container gallery galleryid-334864 gallery-columns-6 gallery-size-thumbnail'><dl class='gallery-item'>\n\t\t\t\t<dt class='gallery-icon landscape'>\n\t\t\t\t\t<a class=\"rollover\" href='https:\/\/www.radiopiu.net\/wordpress\/pomeriggio-di-tensione-a-ponte-nella-alpi-per-una-fuga-di-gas\/06610196-aa38-4887-bdd9-c11f4af00ff3\/'><img loading=\"lazy\" decoding=\"async\" width=\"150\" height=\"150\" src=\"https:\/\/www.radiopiu.net\/wordpress\/wp-content\/uploads\/2023\/05\/06610196-aa38-4887-bdd9-c11f4af00ff3-150x150.jpg\" class=\"attachment-thumbnail size-thumbnail\" alt=\"\" aria-describedby=\"gallery-3-334974\" \/><\/a>\n\t\t\t\t<\/dt>\n\t\t\t\t\t<dd class='wp-caption-text gallery-caption' id='gallery-3-334974'>\n\t\t\t\t\tIL LOGO\n\t\t\t\t\t<\/dd><\/dl><dl class='gallery-item'>\n\t\t\t\t<dt class='gallery-icon portrait'>\n\t\t\t\t\t<a class=\"rollover\" href='https:\/\/www.radiopiu.net\/wordpress\/pomeriggio-di-tensione-a-ponte-nella-alpi-per-una-fuga-di-gas\/66a9dfc8-5ca4-4ed6-bd2f-472d2201e1a8\/'><img loading=\"lazy\" decoding=\"async\" width=\"150\" height=\"150\" src=\"https:\/\/www.radiopiu.net\/wordpress\/wp-content\/uploads\/2023\/05\/66a9dfc8-5ca4-4ed6-bd2f-472d2201e1a8-150x150.jpg\" class=\"attachment-thumbnail size-thumbnail\" alt=\"\" aria-describedby=\"gallery-3-334966\" \/><\/a>\n\t\t\t\t<\/dt>\n\t\t\t\t\t<dd class='wp-caption-text gallery-caption' id='gallery-3-334966'>\n\t\t\t\t\tCANDIDATO A SINDACO, MASSIMO MURER\n\t\t\t\t\t<\/dd><\/dl><dl class='gallery-item'>\n\t\t\t\t<dt class='gallery-icon portrait'>\n\t\t\t\t\t<a class=\"rollover\" href='https:\/\/www.radiopiu.net\/wordpress\/pomeriggio-di-tensione-a-ponte-nella-alpi-per-una-fuga-di-gas\/14c2c4f5-7444-42eb-9d8e-f8d0f99cd8df\/'><img loading=\"lazy\" decoding=\"async\" width=\"150\" height=\"150\" src=\"https:\/\/www.radiopiu.net\/wordpress\/wp-content\/uploads\/2023\/05\/14c2c4f5-7444-42eb-9d8e-f8d0f99cd8df-150x150.jpg\" class=\"attachment-thumbnail size-thumbnail\" alt=\"\" aria-describedby=\"gallery-3-334976\" \/><\/a>\n\t\t\t\t<\/dt>\n\t\t\t\t\t<dd class='wp-caption-text gallery-caption' id='gallery-3-334976'>\n\t\t\t\t\tMARILISA LUCHETTA\n\t\t\t\t\t<\/dd><\/dl><dl class='gallery-item'>\n\t\t\t\t<dt class='gallery-icon portrait'>\n\t\t\t\t\t<a class=\"rollover\" href='https:\/\/www.radiopiu.net\/wordpress\/pomeriggio-di-tensione-a-ponte-nella-alpi-per-una-fuga-di-gas\/8650bff6-70b6-45ff-ac29-1eb2cc1e6ca2\/'><img loading=\"lazy\" decoding=\"async\" width=\"150\" height=\"150\" src=\"https:\/\/www.radiopiu.net\/wordpress\/wp-content\/uploads\/2023\/05\/8650bff6-70b6-45ff-ac29-1eb2cc1e6ca2-150x150.jpg\" class=\"attachment-thumbnail size-thumbnail\" alt=\"\" aria-describedby=\"gallery-3-334973\" \/><\/a>\n\t\t\t\t<\/dt>\n\t\t\t\t\t<dd class='wp-caption-text gallery-caption' id='gallery-3-334973'>\n\t\t\t\t\tBRUNA CAGNATI\n\t\t\t\t\t<\/dd><\/dl><dl class='gallery-item'>\n\t\t\t\t<dt class='gallery-icon portrait'>\n\t\t\t\t\t<a class=\"rollover\" href='https:\/\/www.radiopiu.net\/wordpress\/pomeriggio-di-tensione-a-ponte-nella-alpi-per-una-fuga-di-gas\/372a3255-85d4-4653-9721-a56969600ad6\/'><img loading=\"lazy\" decoding=\"async\" width=\"150\" height=\"150\" src=\"https:\/\/www.radiopiu.net\/wordpress\/wp-content\/uploads\/2023\/05\/372a3255-85d4-4653-9721-a56969600ad6-150x150.jpg\" class=\"attachment-thumbnail size-thumbnail\" alt=\"\" aria-describedby=\"gallery-3-334969\" \/><\/a>\n\t\t\t\t<\/dt>\n\t\t\t\t\t<dd class='wp-caption-text gallery-caption' id='gallery-3-334969'>\n\t\t\t\t\tGIORGIO DE PRA \n\t\t\t\t\t<\/dd><\/dl><dl class='gallery-item'>\n\t\t\t\t<dt class='gallery-icon portrait'>\n\t\t\t\t\t<a class=\"rollover\" href='https:\/\/www.radiopiu.net\/wordpress\/pomeriggio-di-tensione-a-ponte-nella-alpi-per-una-fuga-di-gas\/22e75751-7c51-4bfa-86f6-ab165dd05064\/'><img loading=\"lazy\" decoding=\"async\" width=\"150\" height=\"150\" src=\"https:\/\/www.radiopiu.net\/wordpress\/wp-content\/uploads\/2023\/05\/22e75751-7c51-4bfa-86f6-ab165dd05064-150x150.jpg\" class=\"attachment-thumbnail size-thumbnail\" alt=\"\" aria-describedby=\"gallery-3-334970\" \/><\/a>\n\t\t\t\t<\/dt>\n\t\t\t\t\t<dd class='wp-caption-text gallery-caption' id='gallery-3-334970'>\n\t\t\t\t\tMANFREDI DE BERNARDO\n\t\t\t\t\t<\/dd><\/dl><br style=\"clear: both\" \/><dl class='gallery-item'>\n\t\t\t\t<dt class='gallery-icon portrait'>\n\t\t\t\t\t<a class=\"rollover\" href='https:\/\/www.radiopiu.net\/wordpress\/pomeriggio-di-tensione-a-ponte-nella-alpi-per-una-fuga-di-gas\/487fa1f9-515b-4f46-bb41-276cb4240dc4\/'><img loading=\"lazy\" decoding=\"async\" width=\"150\" height=\"150\" src=\"https:\/\/www.radiopiu.net\/wordpress\/wp-content\/uploads\/2023\/05\/487fa1f9-515b-4f46-bb41-276cb4240dc4-150x150.jpg\" class=\"attachment-thumbnail size-thumbnail\" alt=\"\" aria-describedby=\"gallery-3-334971\" \/><\/a>\n\t\t\t\t<\/dt>\n\t\t\t\t\t<dd class='wp-caption-text gallery-caption' id='gallery-3-334971'>\n\t\t\t\t\tEMIL TANCON \n\t\t\t\t\t<\/dd><\/dl><dl class='gallery-item'>\n\t\t\t\t<dt class='gallery-icon portrait'>\n\t\t\t\t\t<a class=\"rollover\" href='https:\/\/www.radiopiu.net\/wordpress\/pomeriggio-di-tensione-a-ponte-nella-alpi-per-una-fuga-di-gas\/4f519bac-bfaa-4383-8766-b4d664e0352a\/'><img loading=\"lazy\" decoding=\"async\" width=\"150\" height=\"150\" src=\"https:\/\/www.radiopiu.net\/wordpress\/wp-content\/uploads\/2023\/05\/4f519bac-bfaa-4383-8766-b4d664e0352a-150x150.jpg\" class=\"attachment-thumbnail size-thumbnail\" alt=\"\" aria-describedby=\"gallery-3-334977\" \/><\/a>\n\t\t\t\t<\/dt>\n\t\t\t\t\t<dd class='wp-caption-text gallery-caption' id='gallery-3-334977'>\n\t\t\t\t\tNICOLO&#8217; BOGO\n\t\t\t\t\t<\/dd><\/dl><dl class='gallery-item'>\n\t\t\t\t<dt class='gallery-icon portrait'>\n\t\t\t\t\t<a class=\"rollover\" href='https:\/\/www.radiopiu.net\/wordpress\/pomeriggio-di-tensione-a-ponte-nella-alpi-per-una-fuga-di-gas\/32a61439-b6e4-405e-b8e6-af5730906763\/'><img loading=\"lazy\" decoding=\"async\" width=\"150\" height=\"150\" src=\"https:\/\/www.radiopiu.net\/wordpress\/wp-content\/uploads\/2023\/05\/32a61439-b6e4-405e-b8e6-af5730906763-150x150.jpg\" class=\"attachment-thumbnail size-thumbnail\" alt=\"\" aria-describedby=\"gallery-3-334972\" \/><\/a>\n\t\t\t\t<\/dt>\n\t\t\t\t\t<dd class='wp-caption-text gallery-caption' id='gallery-3-334972'>\n\t\t\t\t\tPAOLO DE ROCCO\n\t\t\t\t\t<\/dd><\/dl><dl class='gallery-item'>\n\t\t\t\t<dt class='gallery-icon landscape'>\n\t\t\t\t\t<a class=\"rollover\" href='https:\/\/www.radiopiu.net\/wordpress\/pomeriggio-di-tensione-a-ponte-nella-alpi-per-una-fuga-di-gas\/5a4c6ce3-2b38-4788-a7a3-a6a3350eb246\/'><img loading=\"lazy\" decoding=\"async\" width=\"150\" height=\"150\" src=\"https:\/\/www.radiopiu.net\/wordpress\/wp-content\/uploads\/2023\/05\/5a4c6ce3-2b38-4788-a7a3-a6a3350eb246-150x150.jpg\" class=\"attachment-thumbnail size-thumbnail\" alt=\"\" aria-describedby=\"gallery-3-334968\" srcset=\"https:\/\/www.radiopiu.net\/wordpress\/wp-content\/uploads\/2023\/05\/5a4c6ce3-2b38-4788-a7a3-a6a3350eb246-150x150.jpg 150w, https:\/\/www.radiopiu.net\/wordpress\/wp-content\/uploads\/2023\/05\/5a4c6ce3-2b38-4788-a7a3-a6a3350eb246-300x298.jpg 300w, https:\/\/www.radiopiu.net\/wordpress\/wp-content\/uploads\/2023\/05\/5a4c6ce3-2b38-4788-a7a3-a6a3350eb246-768x762.jpg 768w, https:\/\/www.radiopiu.net\/wordpress\/wp-content\/uploads\/2023\/05\/5a4c6ce3-2b38-4788-a7a3-a6a3350eb246.jpg 1024w\" sizes=\"auto, (max-width: 150px) 100vw, 150px\" \/><\/a>\n\t\t\t\t<\/dt>\n\t\t\t\t\t<dd class='wp-caption-text gallery-caption' id='gallery-3-334968'>\n\t\t\t\t\tDANIELE ROSSON\n\t\t\t\t\t<\/dd><\/dl><dl class='gallery-item'>\n\t\t\t\t<dt class='gallery-icon portrait'>\n\t\t\t\t\t<a class=\"rollover\" href='https:\/\/www.radiopiu.net\/wordpress\/pomeriggio-di-tensione-a-ponte-nella-alpi-per-una-fuga-di-gas\/c911b3a7-5d84-4976-9c86-a404173a1576\/'><img loading=\"lazy\" decoding=\"async\" width=\"150\" height=\"150\" src=\"https:\/\/www.radiopiu.net\/wordpress\/wp-content\/uploads\/2023\/05\/c911b3a7-5d84-4976-9c86-a404173a1576-150x150.jpg\" class=\"attachment-thumbnail size-thumbnail\" alt=\"\" aria-describedby=\"gallery-3-334975\" \/><\/a>\n\t\t\t\t<\/dt>\n\t\t\t\t\t<dd class='wp-caption-text gallery-caption' id='gallery-3-334975'>\n\t\t\t\t\tMAURIZIO SCARDANZAN\n\t\t\t\t\t<\/dd><\/dl>\n\t\t\t\t<br style='clear: both' \/>\n\t\t\t<\/div>\n\n<p>&nbsp;<\/p>\n<hr \/>\n<p>&nbsp;<\/p>\n<blockquote>\n<h3>CROCE BIANCA AD ARABBA, RECORD DI INTERVENTI GUARDANDO AL FUTURO<\/h3>\n<\/blockquote>\n<\/div>\n<p><img loading=\"lazy\" decoding=\"async\" class=\"aligncenter\" src=\"https:\/\/www.radiopiu.net\/wordpress\/wp-content\/uploads\/2023\/05\/premiati_10-anni-attivita-croce-bianca-fodom.jpg\" width=\"394\" height=\"292\" \/><\/p>\n<p><strong>LIVINALLONGO<\/strong><\/p>\n<p><strong>DI LORENZO SORATROI<\/strong><\/p>\n<audio class=\"wp-audio-shortcode\" id=\"audio-334864-7\" preload=\"none\" style=\"width: 100%;\" controls=\"controls\"><source type=\"audio\/mpeg\" src=\"https:\/\/www.radiopiu.net\/wordpress\/wp-content\/uploads\/2023\/05\/lorenzo.mp3?_=7\" \/><a href=\"https:\/\/www.radiopiu.net\/wordpress\/wp-content\/uploads\/2023\/05\/lorenzo.mp3\">https:\/\/www.radiopiu.net\/wordpress\/wp-content\/uploads\/2023\/05\/lorenzo.mp3<\/a><\/audio>\n<p>&nbsp;<\/p>\n<div><\/div>\n<blockquote>\n<hr \/>\n<h3><\/h3>\n<h3><span style=\"color: #ff0000;\">\u00a0IERI SERA<\/span><br \/>\nCONSIGLIO DELL&#8217;UNIONE MONTANA AGORDINA<\/h3>\n<\/blockquote>\n<div><\/div>\n<div>\n<p><a href=\"https:\/\/www.facebook.com\/marco.baghy.1\/videos\/2504477549730067\">https:\/\/www.facebook.com\/marco.baghy.1\/videos\/2504477549730067<\/a><\/p>\n<\/div>\n<div><\/div>\n<div>\n<hr \/>\n<\/div>\n<div><\/div>\n<div>\n<blockquote>\n<h3>UN NUOVO INCONTRO SUL TEMA SANITA&#8217;<\/h3>\n<\/blockquote>\n<p><strong>PONTE NELLE ALPI<\/strong> Sabato alle 15.30 alla ex Casa Rossa si terr\u00e0 un&#8217;assemblea aperta a tutti per discutere della situazione della sanit\u00e0 pubblica nella provincia e per organizzare prossime iniziative.<\/p>\n<\/div>\n<\/div>\n<\/div>\n<\/div>\n<\/div>\n<\/div>\n<\/div>\n<\/div>\n<p>&nbsp;<\/p>\n<hr \/>\n<p>&nbsp;<\/p>\n<blockquote>\n<h3>AL VIA UN PROGETTO DEDICATO AI GIOVANI CHE VOGLIONO DEDICARSI ALLA CITTA&#8217; DI FELTRE<\/h3>\n<\/blockquote>\n<p><strong><a class=\"dt-pswp-item\" href=\"https:\/\/www.radiopiu.net\/wordpress\/wp-content\/uploads\/2020\/06\/94e3b68b-d386-4f94-8aa8-30105c25932b.jpg\" data-dt-img-description=\"\" data-large_image_width=\"960\" data-large_image_height=\"720\"><img loading=\"lazy\" decoding=\"async\" class=\" wp-image-145789 alignleft\" src=\"https:\/\/www.radiopiu.net\/wordpress\/wp-content\/uploads\/2020\/06\/94e3b68b-d386-4f94-8aa8-30105c25932b-300x225.jpg\" alt=\"\" width=\"159\" height=\"119\" srcset=\"https:\/\/www.radiopiu.net\/wordpress\/wp-content\/uploads\/2020\/06\/94e3b68b-d386-4f94-8aa8-30105c25932b-300x225.jpg 300w, https:\/\/www.radiopiu.net\/wordpress\/wp-content\/uploads\/2020\/06\/94e3b68b-d386-4f94-8aa8-30105c25932b-768x576.jpg 768w, https:\/\/www.radiopiu.net\/wordpress\/wp-content\/uploads\/2020\/06\/94e3b68b-d386-4f94-8aa8-30105c25932b.jpg 960w\" sizes=\"auto, (max-width: 159px) 100vw, 159px\" \/><\/a>FELTRE<\/strong>Il progetto &#8220;Ci sto? Affare fatica!&#8221; \u00e8 un&#8217;iniziativa rivolta a ragazzi e ragazze dai 14 ai 19 anni che vogliono contribuire a migliorare gli spazi pubblici del proprio Comune attraverso alcuni semplici lavori di abbellimento e miglioramento, sotto la supervisione di un tutor. Quest&#8217;anno il progetto sar\u00e0 attivo anche a Feltre e in altri Comuni del Feltrino. Nel caso specifico del Comune di Feltre, le attivit\u00e0 dureranno tre settimane, dal 19 giugno al 7 luglio, con un impegno richiesto dal luned\u00ec al venerd\u00ec dalle 8.30 alle 12.30. I partecipanti riceveranno un &#8220;buono fatica&#8221; del valore di 50 euro utilizzabile presso gli esercenti locali aderenti al progetto. Le iscrizioni saranno aperte dal 15 maggio sul sito web dedicato all&#8217;iniziativa.<\/p>\n<p>&nbsp;<\/p>\n<p>&nbsp;<\/p>\n<hr \/>\n<p>&nbsp;<\/p>\n<blockquote>\n<h3>TRE APPUNTAMENTI PER IL DECIMO ANNIVERSARIO DEL MIM<\/h3>\n<\/blockquote>\n<p><strong><a class=\"dt-pswp-item\" href=\"https:\/\/www.radiopiu.net\/wordpress\/wp-content\/uploads\/2023\/05\/SCR-20230508-lftg.jpeg\" data-dt-img-description=\"\" data-large_image_width=\"864\" data-large_image_height=\"712\"><img loading=\"lazy\" decoding=\"async\" class=\" wp-image-334887 alignleft\" src=\"https:\/\/www.radiopiu.net\/wordpress\/wp-content\/uploads\/2023\/05\/SCR-20230508-lftg-300x247.jpeg\" alt=\"\" width=\"143\" height=\"118\" srcset=\"https:\/\/www.radiopiu.net\/wordpress\/wp-content\/uploads\/2023\/05\/SCR-20230508-lftg-300x247.jpeg 300w, https:\/\/www.radiopiu.net\/wordpress\/wp-content\/uploads\/2023\/05\/SCR-20230508-lftg-768x633.jpeg 768w, https:\/\/www.radiopiu.net\/wordpress\/wp-content\/uploads\/2023\/05\/SCR-20230508-lftg.jpeg 864w\" sizes=\"auto, (max-width: 143px) 100vw, 143px\" \/><\/a>BELLUNO<\/strong> Il MiM, Museo dell&#8217;Immigrazione di Belluno, in occasione del suo decimo anniversario nel 2023, organizzer\u00e0 tre eventi culturali per celebrare il fenomeno delle migrazioni storiche e attuali dal territorio bellunese. I tre incontri si terranno ogni venerd\u00ec dal 12 maggio al 26 maggio presso la sede dell&#8217;Associazione Bellunesi nel Mondo, situata a Belluno. Il primo evento, intitolato &#8220;Un secolo di partenze&#8221;, si concentrer\u00e0 sull&#8217;emigrazione bellunese nel corso del Novecento, con la proiezione di filmati d&#8217;epoca, immagini e testimonianze di ex emigranti.<\/p>\n<p>&nbsp;<\/p>\n<hr \/>\n<p>&nbsp;<\/p>\n<p><span style=\"color: #ff0000;\"><strong>IERI ALLA RADIO<\/strong><\/span><\/p>\n<blockquote>\n<h3>IL RISVEGLIO DEI GALLI FORCELLI&#8230;DI MARIO DE MARCO<\/h3>\n<\/blockquote>\n<p><strong>REDAZIONE<\/strong> Anche ieri Mario De Marco si \u00e8 svegliato molto presto per andare ad immortalare il risveglio dei galli forcelli. &#8220;Ho fatto un giretto in alta montagna versante sud dove la neve lascia il posto alla brughiera, ma queste meraviglie della natura non smettono di combattere. Grazie a potenti teleobiettivo nel rispetto della natura si riesce a cogliere questi momenti unici e quando i primi raggi di sole accarezzano queste creature si riesce a cogliere le sfumature del manto con colori iridescenti. Uno spettacolo unico onorato di condividere. I gai&#8230;Gallo forcello&#8221;<\/p>\n\n\t\t\t<style type='text\/css'>\n\t\t\t\t#gallery-4 {\n\t\t\t\t\tmargin: auto;\n\t\t\t\t}\n\t\t\t\t#gallery-4 .gallery-item {\n\t\t\t\t\tfloat: left;\n\t\t\t\t\tmargin-top: 10px;\n\t\t\t\t\ttext-align: center;\n\t\t\t\t\twidth: 33%;\n\t\t\t\t}\n\t\t\t\t#gallery-4 img {\n\t\t\t\t\tborder: 2px solid #cfcfcf;\n\t\t\t\t}\n\t\t\t\t#gallery-4 .gallery-caption {\n\t\t\t\t\tmargin-left: 0;\n\t\t\t\t}\n\t\t\t\t\/* see gallery_shortcode() in wp-includes\/media.php *\/\n\t\t\t<\/style>\n\t\t<div id='gallery-4' class='dt-gallery-container gallery galleryid-334864 gallery-columns-3 gallery-size-medium'><dl class='gallery-item'>\n\t\t\t\t<dt class='gallery-icon landscape'>\n\t\t\t\t\t<a class=\"rollover rollover-zoom dt-pswp-item\" title=\"c6f9fa76-05fc-4fd9-9cac-fdf31e0992cd\" data-dt-img-description=\"\" data-large_image_width=\"1378\" data-large_image_height=\"761\"href='https:\/\/www.radiopiu.net\/wordpress\/wp-content\/uploads\/2023\/05\/c6f9fa76-05fc-4fd9-9cac-fdf31e0992cd.jpg'><img loading=\"lazy\" decoding=\"async\" width=\"300\" height=\"166\" src=\"https:\/\/www.radiopiu.net\/wordpress\/wp-content\/uploads\/2023\/05\/c6f9fa76-05fc-4fd9-9cac-fdf31e0992cd-300x166.jpg\" class=\"attachment-medium size-medium\" alt=\"\" srcset=\"https:\/\/www.radiopiu.net\/wordpress\/wp-content\/uploads\/2023\/05\/c6f9fa76-05fc-4fd9-9cac-fdf31e0992cd-300x166.jpg 300w, https:\/\/www.radiopiu.net\/wordpress\/wp-content\/uploads\/2023\/05\/c6f9fa76-05fc-4fd9-9cac-fdf31e0992cd-1024x566.jpg 1024w, https:\/\/www.radiopiu.net\/wordpress\/wp-content\/uploads\/2023\/05\/c6f9fa76-05fc-4fd9-9cac-fdf31e0992cd-768x424.jpg 768w, https:\/\/www.radiopiu.net\/wordpress\/wp-content\/uploads\/2023\/05\/c6f9fa76-05fc-4fd9-9cac-fdf31e0992cd.jpg 1378w\" sizes=\"auto, (max-width: 300px) 100vw, 300px\" \/><\/a>\n\t\t\t\t<\/dt><\/dl><dl class='gallery-item'>\n\t\t\t\t<dt class='gallery-icon landscape'>\n\t\t\t\t\t<a class=\"rollover rollover-zoom dt-pswp-item\" title=\"f55ebe18-b8da-4547-bf33-ef65ff23fd9a\" data-dt-img-description=\"\" data-large_image_width=\"1599\" data-large_image_height=\"918\"href='https:\/\/www.radiopiu.net\/wordpress\/wp-content\/uploads\/2023\/05\/f55ebe18-b8da-4547-bf33-ef65ff23fd9a.jpg'><img loading=\"lazy\" decoding=\"async\" width=\"300\" height=\"172\" src=\"https:\/\/www.radiopiu.net\/wordpress\/wp-content\/uploads\/2023\/05\/f55ebe18-b8da-4547-bf33-ef65ff23fd9a-300x172.jpg\" class=\"attachment-medium size-medium\" alt=\"\" srcset=\"https:\/\/www.radiopiu.net\/wordpress\/wp-content\/uploads\/2023\/05\/f55ebe18-b8da-4547-bf33-ef65ff23fd9a-300x172.jpg 300w, https:\/\/www.radiopiu.net\/wordpress\/wp-content\/uploads\/2023\/05\/f55ebe18-b8da-4547-bf33-ef65ff23fd9a-1024x588.jpg 1024w, https:\/\/www.radiopiu.net\/wordpress\/wp-content\/uploads\/2023\/05\/f55ebe18-b8da-4547-bf33-ef65ff23fd9a-768x441.jpg 768w, https:\/\/www.radiopiu.net\/wordpress\/wp-content\/uploads\/2023\/05\/f55ebe18-b8da-4547-bf33-ef65ff23fd9a-1536x882.jpg 1536w, https:\/\/www.radiopiu.net\/wordpress\/wp-content\/uploads\/2023\/05\/f55ebe18-b8da-4547-bf33-ef65ff23fd9a.jpg 1599w\" sizes=\"auto, (max-width: 300px) 100vw, 300px\" \/><\/a>\n\t\t\t\t<\/dt><\/dl><dl class='gallery-item'>\n\t\t\t\t<dt class='gallery-icon landscape'>\n\t\t\t\t\t<a class=\"rollover rollover-zoom dt-pswp-item\" title=\"9779002b-bb57-40b1-b3f2-fa2cdd092b5d\" data-dt-img-description=\"\" data-large_image_width=\"1460\" data-large_image_height=\"876\"href='https:\/\/www.radiopiu.net\/wordpress\/wp-content\/uploads\/2023\/05\/9779002b-bb57-40b1-b3f2-fa2cdd092b5d.jpg'><img loading=\"lazy\" decoding=\"async\" width=\"300\" height=\"180\" src=\"https:\/\/www.radiopiu.net\/wordpress\/wp-content\/uploads\/2023\/05\/9779002b-bb57-40b1-b3f2-fa2cdd092b5d-300x180.jpg\" class=\"attachment-medium size-medium\" alt=\"\" srcset=\"https:\/\/www.radiopiu.net\/wordpress\/wp-content\/uploads\/2023\/05\/9779002b-bb57-40b1-b3f2-fa2cdd092b5d-300x180.jpg 300w, https:\/\/www.radiopiu.net\/wordpress\/wp-content\/uploads\/2023\/05\/9779002b-bb57-40b1-b3f2-fa2cdd092b5d-1024x614.jpg 1024w, https:\/\/www.radiopiu.net\/wordpress\/wp-content\/uploads\/2023\/05\/9779002b-bb57-40b1-b3f2-fa2cdd092b5d-768x461.jpg 768w, https:\/\/www.radiopiu.net\/wordpress\/wp-content\/uploads\/2023\/05\/9779002b-bb57-40b1-b3f2-fa2cdd092b5d.jpg 1460w\" sizes=\"auto, (max-width: 300px) 100vw, 300px\" \/><\/a>\n\t\t\t\t<\/dt><\/dl><br style=\"clear: both\" \/>\n\t\t\t<\/div>\n\n<p>&nbsp;<\/p>\n<p>&nbsp;<\/p>\n<p>&nbsp;<\/p>\n<hr \/>\n<p>&nbsp;<\/p>\n<blockquote>\n<h3><span style=\"font-family: Tahoma, Verdana;\"><span style=\"font-size: small;\"><b>Progetto LIFE Wolfalps EU: azioni coordinate per migliorare la coesistenza fra lupo e attivit\u00e0 umane nel Parco<\/b><\/span><\/span><\/h3>\n<\/blockquote>\n<div class=\"group w-full text-gray-800 dark:text-gray-100 border-b border-black\/10 dark:border-gray-900\/50 bg-gray-50 dark:bg-[#444654]\">\n<div class=\"flex p-4 gap-4 text-base md:gap-6 md:max-w-2xl lg:max-w-xl xl:max-w-3xl md:py-6 lg:px-0 m-auto\">\n<div class=\"relative flex flex-col w-[calc(100%-50px)] gap-1 md:gap-3 lg:w-[calc(100%-115px)]\">\n<div class=\"flex flex-grow flex-col gap-3\">\n<div class=\"min-h-[20px] flex flex-col items-start gap-4 whitespace-pre-wrap break-words\">\n<div class=\"markdown prose w-full break-words dark:prose-invert light\">\n<p><strong>LAMON<\/strong> Il Comune\u00a0 Lamon e il Parco Nazionale Dolomiti Bellunesi organizzeranno un secondo incontro pubblico sul tema del ritorno del lupo, concentrato sull&#8217;approfondimento degli aspetti legati alla convivenza tra il lupo e le attivit\u00e0 di allevamento del bestiame. L&#8217;incontro, previsto per gioved\u00ec 11 maggio presso la sala teatro del centro AMO di Lamon, \u00e8 organizzato nell&#8217;ambito del progetto Habitat Preciso, che mira al recupero del pascolo comunale del Monte Coppolo attraverso la ripresa della monticazione della pecora di razza Lamon<\/p>\n<\/div>\n<\/div>\n<\/div>\n<\/div>\n<\/div>\n<\/div>\n<p>&nbsp;<\/p>\n<hr \/>\n<p>&nbsp;<\/p>\n<blockquote>\n<h3>I CONCORSI DELLA POLIZIA<\/h3>\n<\/blockquote>\n<p><strong>BELLUNO<\/strong> Sul portale unico della poliziadistato.it \u00e8 pubblicato il bando per l&#8217;assunzione di 28 atleti da assegnare ai gruppi sportivi della Polizia di Stato-Fiamme Oro, inquadrati nel ruolo degli agente e assistenti<\/p>\n<p>&nbsp;<\/p>\n<hr \/>\n<p>&nbsp;<\/p>\n<blockquote>\n<h3><strong>ULSS1, CONCORSI E RICERCHE<\/strong><\/h3>\n<\/blockquote>\n<p><strong>BELLUNO<\/strong> Prosegue la ricerca di personale in Ulss Dolomiti per rafforzare il personale. Nello specifico: 1 posto per Logopedista 2 posti per dirigente medico nella disciplina di Neurologia 2 posti per dirigente medico nella disciplina di Psichiatria 4 posti per dirigente medico nella disciplina di Ortopedia e Traumatologia 5 posti per operatore tecnico specializzato \u2013 autista di ambulanza 1 posto per dirigente medico nella disciplina di Medicina del Lavoro e Sicurezza degli Ambienti di Lavoro 1 posto per dirigente medico nella disciplina di Patologia Clinica (Laboratorio di Analisi chimico-cliniche e microbiologia) 4 posti per operatore tecnico specializzato &#8211; magazziniere 1 posto per dirigente medico nella disciplina di Organizzazione dei Servizi Sanitari di Base. Per informazioni e per consultare i bandi di concorso <a href=\"http:\/\/www.aulss1.veneto.it\/\">www.aulss1.veneto.it<\/a><\/p>\n<p>&nbsp;<\/p>\n<p>&nbsp;<\/p>\n<hr \/>\n<p>&nbsp;<\/p>\n<blockquote>\n<h3>L&#8217;AMMINISTRAZIONE COMUNALE USCENTE DI CANALE INCONTRA LA POPOLAZIONE<\/h3>\n<\/blockquote>\n<p><strong>CANALE D&#8217;AGORDO<\/strong> Gioved\u00ec ale 20 in Sala Emigranti a Canale D&#8217;Agordo l&#8217;amministrazione comunale uscente organizza un incontro per fare il punto sull&#8217;attivit\u00e0 svolta e gli obbiettivi raggiunti negli ultimi 5 anni di mandato. La popolazione \u00e8 invitata.<\/p>\n<p>&nbsp;<\/p>\n<p>&nbsp;<\/p>\n<hr \/>\n<p>&nbsp;<\/p>\n<h2><span style=\"color: #ff00ff;\">IERI ALLA RADIO<\/span><\/h2>\n<h3><strong><a class=\"dt-pswp-item\" href=\"https:\/\/www.radiopiu.net\/wordpress\/wp-content\/uploads\/2022\/01\/Sergio-Pra.jpg\" data-dt-img-description=\"\" data-large_image_width=\"211\" data-large_image_height=\"300\"><img loading=\"lazy\" decoding=\"async\" class=\" wp-image-253233 alignleft\" src=\"https:\/\/www.radiopiu.net\/wordpress\/wp-content\/uploads\/2022\/01\/Sergio-Pra.jpg\" alt=\"\" width=\"116\" height=\"165\" \/><\/a><\/strong><span style=\"color: #3366ff;\">ALLEGHE FUNIVIE: IL PUNTO SULLA STAGIONE APPENA CONCLUSA E I PROGRAMMI PER L&#8217;ESTATE<\/span><\/h3>\n<p><strong>di Mirko Mezzacasa<\/strong><\/p>\n<p>OSPITE: Sergio Pra, Presidente di Alleghe Funivie<\/p>\n<audio class=\"wp-audio-shortcode\" id=\"audio-334864-8\" preload=\"none\" style=\"width: 100%;\" controls=\"controls\"><source type=\"audio\/mpeg\" src=\"https:\/\/www.radiopiu.net\/wordpress\/wp-content\/uploads\/2023\/05\/SERGIO-PRA-ESTATE.mp3?_=8\" \/><a href=\"https:\/\/www.radiopiu.net\/wordpress\/wp-content\/uploads\/2023\/05\/SERGIO-PRA-ESTATE.mp3\">https:\/\/www.radiopiu.net\/wordpress\/wp-content\/uploads\/2023\/05\/SERGIO-PRA-ESTATE.mp3<\/a><\/audio>\n<p>&nbsp;<\/p>\n<p>&nbsp;<\/p>\n<hr \/>\n<blockquote>\n<h3><\/h3>\n<h3>&#8220;NCONTONSE&#8221;&#8230; IN LADINO SU RADIO PI\u00d9<\/h3>\n<\/blockquote>\n<p><strong><a class=\"dt-pswp-item\" href=\"https:\/\/www.radiopiu.net\/wordpress\/wp-content\/uploads\/2023\/05\/linda-podcast.png\" data-dt-img-description=\"\" data-large_image_width=\"2000\" data-large_image_height=\"2000\"><img loading=\"lazy\" decoding=\"async\" class=\" wp-image-334514 alignleft\" src=\"https:\/\/www.radiopiu.net\/wordpress\/wp-content\/uploads\/2023\/05\/linda-podcast-300x300.png\" alt=\"\" width=\"138\" height=\"138\" srcset=\"https:\/\/www.radiopiu.net\/wordpress\/wp-content\/uploads\/2023\/05\/linda-podcast-300x300.png 300w, https:\/\/www.radiopiu.net\/wordpress\/wp-content\/uploads\/2023\/05\/linda-podcast-1024x1024.png 1024w, https:\/\/www.radiopiu.net\/wordpress\/wp-content\/uploads\/2023\/05\/linda-podcast-150x150.png 150w, https:\/\/www.radiopiu.net\/wordpress\/wp-content\/uploads\/2023\/05\/linda-podcast-768x768.png 768w, https:\/\/www.radiopiu.net\/wordpress\/wp-content\/uploads\/2023\/05\/linda-podcast-1536x1536.png 1536w, https:\/\/www.radiopiu.net\/wordpress\/wp-content\/uploads\/2023\/05\/linda-podcast.png 2000w\" sizes=\"auto, (max-width: 138px) 100vw, 138px\" \/><\/a><\/strong><\/p>\n<blockquote><p><em>Tutto questo \u00e8 possibile grazie alla preziosa collaborazione instaurata nel tempo con l&#8217;Istitut Ladin Cesa de Jan che produrr\u00e0 i programmi.<\/em><\/p><\/blockquote>\n<p><strong>REDAZIONE\u00a0 <\/strong>Torna uno dei programmi pi\u00f9 amati della radio locale, <strong>&#8220;ncontonse&#8221;<\/strong>, ovvero incontriamoci. Dopo aver utilizzato per diverse stagioni l&#8217;almanacco ladino, la trasmissione ritorna con una formula ancora pi\u00f9 personale e informale. Le chiacchierate si svolgono completamente in lingua ladina, per valorizzare e preservare questa lingua storica delle nostre valli. Protagonisti delle conversazioni sono le persone che abitano in queste zone e che condividono le loro storie e le loro esperienze di vita con gli ascoltatori. Il programma va in onda quattro volte alla settimana: il luned\u00ec alle 8:30, il marted\u00ec alle 12:25, il mercoled\u00ec alle 18:25 e la domenica alle 9.<\/p>\n<p><strong>PUNTATA 1 linda dorigo _prima parte<\/strong><\/p>\n<audio class=\"wp-audio-shortcode\" id=\"audio-334864-9\" preload=\"none\" style=\"width: 100%;\" controls=\"controls\"><source type=\"audio\/mpeg\" src=\"https:\/\/www.radiopiu.net\/wordpress\/wp-content\/uploads\/2023\/05\/1.NCONTONSE_LINDA-DORIGO-1.parte_.mp3?_=9\" \/><a href=\"https:\/\/www.radiopiu.net\/wordpress\/wp-content\/uploads\/2023\/05\/1.NCONTONSE_LINDA-DORIGO-1.parte_.mp3\">https:\/\/www.radiopiu.net\/wordpress\/wp-content\/uploads\/2023\/05\/1.NCONTONSE_LINDA-DORIGO-1.parte_.mp3<\/a><\/audio>\n<p>&nbsp;<\/p>\n<p>&nbsp;<\/p>\n<hr \/>\n<p>&nbsp;<\/p>\n<p>&nbsp;<\/p>\n<blockquote>\n<h3><img loading=\"lazy\" decoding=\"async\" class=\"alignleft\" src=\"https:\/\/www.radiopiu.net\/wordpress\/wp-content\/uploads\/2023\/04\/heart-1486112__340.jpg\" width=\"189\" height=\"134\" \/>SENTIMENTAL, IL NUOVO PROGRAMMA DI PAOLA LANCIATO<\/h3>\n<\/blockquote>\n<p><strong>PUNTATA 03, Il Titanic la storia del naufragio<\/strong><\/p>\n<audio class=\"wp-audio-shortcode\" id=\"audio-334864-10\" preload=\"none\" style=\"width: 100%;\" controls=\"controls\"><source type=\"audio\/mpeg\" src=\"https:\/\/www.radiopiu.net\/wordpress\/wp-content\/uploads\/2023\/05\/FATTO-3-IL-TITANIC.mp3?_=10\" \/><a href=\"https:\/\/www.radiopiu.net\/wordpress\/wp-content\/uploads\/2023\/05\/FATTO-3-IL-TITANIC.mp3\">https:\/\/www.radiopiu.net\/wordpress\/wp-content\/uploads\/2023\/05\/FATTO-3-IL-TITANIC.mp3<\/a><\/audio>\n<p>&nbsp;<\/p>\n<p>&nbsp;<\/p>\n<hr \/>\n<p>&nbsp;<\/p>\n<p>&nbsp;<\/p>\n<blockquote class=\"wp-embedded-content\" data-secret=\"gs2OCGy2MS\"><p><a href=\"https:\/\/www.radiopiu.net\/wordpress\/lincidente-di-chernobyl-seconda-parte-lapprofondimento-di-tiziano-de-col\/\">\u00a0L\u2019INCIDENTE DI CHERNOBYL &#8211; SECONDA PARTE- l&#8217;approfondimento di TIZIANO DE COL<\/a><\/p><\/blockquote>\n<p><iframe loading=\"lazy\" class=\"wp-embedded-content\" sandbox=\"allow-scripts\" security=\"restricted\" style=\"position: absolute; clip: rect(1px, 1px, 1px, 1px);\" title=\"&#8220;\u00a0L\u2019INCIDENTE DI CHERNOBYL &#8211; SECONDA PARTE- l&#8217;approfondimento di TIZIANO DE COL&#8221; &#8212; Radio Pi\u00f9\" src=\"https:\/\/www.radiopiu.net\/wordpress\/lincidente-di-chernobyl-seconda-parte-lapprofondimento-di-tiziano-de-col\/embed\/#?secret=AsDJzzSQ30#?secret=gs2OCGy2MS\" data-secret=\"gs2OCGy2MS\" width=\"600\" height=\"338\" frameborder=\"0\" marginwidth=\"0\" marginheight=\"0\" scrolling=\"no\"><\/iframe><\/p>\n<p>&nbsp;<\/p>\n<hr \/>\n<p>&nbsp;<\/p>\n<p>&nbsp;<\/p>\n<blockquote class=\"wp-embedded-content\" data-secret=\"xLj4alrPDL\"><p><a href=\"https:\/\/www.radiopiu.net\/wordpress\/quando-re-carlo-omaggio-con-dei-biscotti-due-suoi-coscritti-di-taibon-in-occasione-del-sessantesimo-compleanno\/\">QUANDO RE CARLO OMAGGIO&#8217; CON DEI BISCOTTI DUE SUOI COSCRITTI DI TAIBON IN OCCASIONE DEL SESSANTESIMO COMPLEANNO<\/a><\/p><\/blockquote>\n<p><iframe loading=\"lazy\" class=\"wp-embedded-content\" sandbox=\"allow-scripts\" security=\"restricted\" style=\"position: absolute; clip: rect(1px, 1px, 1px, 1px);\" title=\"&#8220;QUANDO RE CARLO OMAGGIO&#8217; CON DEI BISCOTTI DUE SUOI COSCRITTI DI TAIBON IN OCCASIONE DEL SESSANTESIMO COMPLEANNO&#8221; &#8212; Radio Pi\u00f9\" src=\"https:\/\/www.radiopiu.net\/wordpress\/quando-re-carlo-omaggio-con-dei-biscotti-due-suoi-coscritti-di-taibon-in-occasione-del-sessantesimo-compleanno\/embed\/#?secret=M99qJlLYoc#?secret=xLj4alrPDL\" data-secret=\"xLj4alrPDL\" width=\"600\" height=\"338\" frameborder=\"0\" marginwidth=\"0\" marginheight=\"0\" scrolling=\"no\"><\/iframe><\/p>\n<p>&nbsp;<\/p>\n<p>&nbsp;<\/p>\n<hr \/>\n<p>&nbsp;<\/p>\n<h3><span style=\"color: #0000ff;\">SALUTE E SOCIETA&#8217;<\/span><\/h3>\n<p><a class=\"dt-pswp-item\" href=\"https:\/\/www.radiopiu.net\/wordpress\/wp-content\/uploads\/2023\/05\/b3fbfd21-4876-0cf8-a207-ed1a7d588aad.jpg\" data-dt-img-description=\"Blood cells and glucose in the vein. 3D illustration\" data-large_image_width=\"800\" data-large_image_height=\"445\"><img loading=\"lazy\" decoding=\"async\" class=\"wp-image-334868 alignleft\" src=\"https:\/\/www.radiopiu.net\/wordpress\/wp-content\/uploads\/2023\/05\/b3fbfd21-4876-0cf8-a207-ed1a7d588aad-300x167.jpg\" alt=\"\" width=\"156\" height=\"87\" srcset=\"https:\/\/www.radiopiu.net\/wordpress\/wp-content\/uploads\/2023\/05\/b3fbfd21-4876-0cf8-a207-ed1a7d588aad-300x167.jpg 300w, https:\/\/www.radiopiu.net\/wordpress\/wp-content\/uploads\/2023\/05\/b3fbfd21-4876-0cf8-a207-ed1a7d588aad-768x427.jpg 768w, https:\/\/www.radiopiu.net\/wordpress\/wp-content\/uploads\/2023\/05\/b3fbfd21-4876-0cf8-a207-ed1a7d588aad.jpg 800w\" sizes=\"auto, (max-width: 156px) 100vw, 156px\" \/><\/a><strong>PUNTATA DEL 08 MAGGIO<\/strong><\/p>\n<p><strong>Colesterolo <\/strong>&#8220;Agire Prima&#8221; per ridurre subito il colesterolo dopo una sindrome coronarica acuta, perch\u00e9 chi ha gi\u00e0 avuto un evento ha un rischio estremamente elevato di andare incontro a un secondo evento. <strong>Asma <\/strong>Consulenze pneumologiche gratuite grazie alla campagna nazionale ASMA ZERO WEEK.<\/p>\n<audio class=\"wp-audio-shortcode\" id=\"audio-334864-11\" preload=\"none\" style=\"width: 100%;\" controls=\"controls\"><source type=\"audio\/mpeg\" src=\"https:\/\/www.radiopiu.net\/wordpress\/wp-content\/uploads\/2023\/05\/SALUTE.mp3?_=11\" \/><a href=\"https:\/\/www.radiopiu.net\/wordpress\/wp-content\/uploads\/2023\/05\/SALUTE.mp3\">https:\/\/www.radiopiu.net\/wordpress\/wp-content\/uploads\/2023\/05\/SALUTE.mp3<\/a><\/audio>\n<p>&nbsp;<\/p>\n<hr \/>\n<p>&nbsp;<\/p>\n<p>&nbsp;<\/p>\n<h2><strong><a class=\"dt-pswp-item\" href=\"https:\/\/www.radiopiu.net\/wordpress\/wp-content\/uploads\/2020\/12\/MORENO-DE-VAL.jpg\" data-dt-img-description=\"\" data-large_image_width=\"257\" data-large_image_height=\"244\"><img loading=\"lazy\" decoding=\"async\" class=\" wp-image-179073 alignleft\" src=\"https:\/\/www.radiopiu.net\/wordpress\/wp-content\/uploads\/2020\/12\/MORENO-DE-VAL.jpg\" alt=\"\" width=\"150\" height=\"142\" \/><\/a><\/strong><span style=\"color: #339966;\">ALLA RASSEGNA STAMPA IL PRIMO CITTADINO DI SAN TOMASO<\/span><\/h2>\n<p><strong>di Gianni Santomaso<\/strong><\/p>\n<p>OSPITE: Moreno De Val, Sindaco di San Tomaso<\/p>\n<audio class=\"wp-audio-shortcode\" id=\"audio-334864-12\" preload=\"none\" style=\"width: 100%;\" controls=\"controls\"><source type=\"audio\/mpeg\" src=\"https:\/\/www.radiopiu.net\/wordpress\/wp-content\/uploads\/2023\/05\/RASSEGNA-GIANNI-1.mp3?_=12\" \/><a href=\"https:\/\/www.radiopiu.net\/wordpress\/wp-content\/uploads\/2023\/05\/RASSEGNA-GIANNI-1.mp3\">https:\/\/www.radiopiu.net\/wordpress\/wp-content\/uploads\/2023\/05\/RASSEGNA-GIANNI-1.mp3<\/a><\/audio>\n<p>&nbsp;<\/p>\n<p>&nbsp;<\/p>\n<hr \/>\n<p>&nbsp;<\/p>\n<h2><span style=\"color: #ff0000;\">GLI APPUNTAMENTI DELLA SETTIMANA<\/span><\/h2>\n<blockquote>\n<h3>OGGI LA PRESENTAZIONE DEL NUOVO LIBRO DI SONIA ANDRICH<\/h3>\n<\/blockquote>\n<p><strong>DI GIANNI SANTOMASO<\/strong><\/p>\n<audio class=\"wp-audio-shortcode\" id=\"audio-334864-13\" preload=\"none\" style=\"width: 100%;\" controls=\"controls\"><source type=\"audio\/mpeg\" src=\"https:\/\/www.radiopiu.net\/wordpress\/wp-content\/uploads\/2023\/05\/GIANNI-IL-LIBRO-DI-SONIA-ANDRICH.mp3?_=13\" \/><a href=\"https:\/\/www.radiopiu.net\/wordpress\/wp-content\/uploads\/2023\/05\/GIANNI-IL-LIBRO-DI-SONIA-ANDRICH.mp3\">https:\/\/www.radiopiu.net\/wordpress\/wp-content\/uploads\/2023\/05\/GIANNI-IL-LIBRO-DI-SONIA-ANDRICH.mp3<\/a><\/audio>\n<p>&nbsp;<\/p>\n<hr \/>\n<p>&nbsp;<\/p>\n<blockquote>\n<h3>IL FAI PARLA DELL&#8217;ARCHITETTO CARLO SCARPA<\/h3>\n<\/blockquote>\n<p><strong><a class=\"dt-pswp-item\" href=\"https:\/\/www.radiopiu.net\/wordpress\/wp-content\/uploads\/2023\/05\/FAI-BELLUNO.png\" data-dt-img-description=\"\" data-large_image_width=\"244\" data-large_image_height=\"122\"><img loading=\"lazy\" decoding=\"async\" class=\" wp-image-333946 alignleft\" src=\"https:\/\/www.radiopiu.net\/wordpress\/wp-content\/uploads\/2023\/05\/FAI-BELLUNO.png\" alt=\"\" width=\"148\" height=\"74\" \/><\/a>BELLUNO Oggi <\/strong>alle 18, nella sala barchessa di villa Doglioni-Dalmas a Belluno (via S. Lucano 32), Isabella Pilo terr\u00e0 una conferenza dal titolo <em>Carlo Scarpa. Architettura, arte, memoria, luoghi<\/em>. L\u2019evento \u00e8 promosso dalla Delegazione FAI di Belluno con il patrocinio del Comune di Belluno, della Provincia e di Confindustria Belluno Dolomiti.<\/p>\n<p>&nbsp;<\/p>\n<p>&nbsp;<\/p>\n<hr \/>\n<p>&nbsp;<\/p>\n<p>&nbsp;<\/p>\n<blockquote>\n<h3><a class=\"dt-pswp-item\" href=\"https:\/\/www.radiopiu.net\/wordpress\/wp-content\/uploads\/2023\/05\/Senza-nome-33.jpg\" data-dt-img-description=\"\" data-large_image_width=\"779\" data-large_image_height=\"320\"><img loading=\"lazy\" decoding=\"async\" class=\" wp-image-335021 alignleft\" src=\"https:\/\/www.radiopiu.net\/wordpress\/wp-content\/uploads\/2023\/05\/Senza-nome-33-300x123.jpg\" alt=\"\" width=\"251\" height=\"103\" srcset=\"https:\/\/www.radiopiu.net\/wordpress\/wp-content\/uploads\/2023\/05\/Senza-nome-33-300x123.jpg 300w, https:\/\/www.radiopiu.net\/wordpress\/wp-content\/uploads\/2023\/05\/Senza-nome-33-768x315.jpg 768w, https:\/\/www.radiopiu.net\/wordpress\/wp-content\/uploads\/2023\/05\/Senza-nome-33.jpg 779w\" sizes=\"auto, (max-width: 251px) 100vw, 251px\" \/><\/a>BOCELLI PER RE CARLO CON GLI OCCHIALI DELLA BLACKFIN<\/h3>\n<\/blockquote>\n<div>\n<p><strong>TAIBON\u00a0<\/strong> Tra le star che si sono esibite al grande concerto per l&#8217;incoronazione di Carlo III al castello di Windsor c&#8217;era anche Andrea Bocelli che ha cantato sul palco &#8220;You&#8217;ll Never Walk Alone&#8221; &#8211; storica canzone e inno della squadra del Liverpool &#8211; insieme al baritono Sir Bryn Terfel, davanti a 20mila persone e milioni di spettatori collegati da tutto il mondo, incantando anche il re e la regina Camilla.\u00a0 Nel video del Sole24ore il cantante con gli occhiali prodotti negli stabilimenti di Taibon-Nogarola<\/p>\n<p><a href=\"https:\/\/stream24.ilsole24ore.com\/video\/cultura\/andrea-bocelli-incanta-concerto-l-incoronazione-carlo-iii\/AERlWyQD\"><strong>CLICCA QUI<\/strong><\/a><\/p>\n<\/div>\n<div><\/div>\n<p>&nbsp;<\/p>\n<hr \/>\n<p>&nbsp;<\/p>\n<blockquote>\n<h3>VENERDI&#8217; LE ORME IN CONCERTO AD ANZU&#8217; DI FELTRE<\/h3>\n<\/blockquote>\n<p><strong><a class=\"dt-pswp-item\" href=\"https:\/\/www.radiopiu.net\/wordpress\/wp-content\/uploads\/2023\/04\/LE-ORME-CONCERTO.jpg\" data-dt-img-description=\"\" data-large_image_width=\"921\" data-large_image_height=\"551\"><img loading=\"lazy\" decoding=\"async\" class=\" wp-image-332388 alignleft\" src=\"https:\/\/www.radiopiu.net\/wordpress\/wp-content\/uploads\/2023\/04\/LE-ORME-CONCERTO-300x179.jpg\" alt=\"\" width=\"179\" height=\"107\" srcset=\"https:\/\/www.radiopiu.net\/wordpress\/wp-content\/uploads\/2023\/04\/LE-ORME-CONCERTO-300x179.jpg 300w, https:\/\/www.radiopiu.net\/wordpress\/wp-content\/uploads\/2023\/04\/LE-ORME-CONCERTO-768x459.jpg 768w, https:\/\/www.radiopiu.net\/wordpress\/wp-content\/uploads\/2023\/04\/LE-ORME-CONCERTO.jpg 921w\" sizes=\"auto, (max-width: 179px) 100vw, 179px\" \/><\/a>FELTRE<\/strong><\/p>\n<p><strong>L&#8217;INTERVISTA<\/strong><\/p>\n<audio class=\"wp-audio-shortcode\" id=\"audio-334864-14\" preload=\"none\" style=\"width: 100%;\" controls=\"controls\"><source type=\"audio\/mpeg\" src=\"https:\/\/www.radiopiu.net\/wordpress\/wp-content\/uploads\/2023\/04\/CONCERTO-LE-ORME.mp3?_=14\" \/><a href=\"https:\/\/www.radiopiu.net\/wordpress\/wp-content\/uploads\/2023\/04\/CONCERTO-LE-ORME.mp3\">https:\/\/www.radiopiu.net\/wordpress\/wp-content\/uploads\/2023\/04\/CONCERTO-LE-ORME.mp3<\/a><\/audio>\n<p>&nbsp;<\/p>\n<p><strong>IL SALUTO DI TONY PAGLIUCA\u00a0<\/strong><\/p>\n<audio class=\"wp-audio-shortcode\" id=\"audio-334864-15\" preload=\"none\" style=\"width: 100%;\" controls=\"controls\"><source type=\"audio\/mpeg\" src=\"https:\/\/www.radiopiu.net\/wordpress\/wp-content\/uploads\/2023\/04\/pagliuca.mp3?_=15\" \/><a href=\"https:\/\/www.radiopiu.net\/wordpress\/wp-content\/uploads\/2023\/04\/pagliuca.mp3\">https:\/\/www.radiopiu.net\/wordpress\/wp-content\/uploads\/2023\/04\/pagliuca.mp3<\/a><\/audio>\n<p>&nbsp;<\/p>\n<hr \/>\n<p>&nbsp;<\/p>\n<blockquote>\n<h3>VENERDI AL COMUNALE VIAGGIO MUSICALE<\/h3>\n<\/blockquote>\n<p><strong>BELLUNO<\/strong> Venerdi alle 20.30 al Teatro Comunale si esibir\u00e0 Polina Pasztircs\u00e1k soprano\u00a0 con Jan Philip Schulze pianoforte. Da Parigi a Istanbul: viaggio musicale sull\u2019Orient Express. Organizza il Circolo Culturale Bellunese.<\/p>\n<p>&nbsp;<\/p>\n<hr \/>\n<blockquote>\n<h3><\/h3>\n<h3>NEVEGAL 2026&#8230;QUALE INVERNO ATTENDE IL COLLE?<\/h3>\n<\/blockquote>\n<p><strong>BELLUNO<\/strong> Si svolger\u00e0<strong> sabato<\/strong> alle 10:30 a Palazzo Bembo un incontro dal titolo &#8220;Nevegal 2026&#8230;quale inverno attende il Colle?&#8221;. Introdurranno l&#8217;argomento il sociologo Diego Cason e Michele Nardelli. Ci sar\u00e0 un confronto tra operatori del settore e le riflessioni conclusive di Franco Roccon, assessore comunale Progetto Nevegal. Moderatore Andrea De Bortoli<\/p>\n<p>&nbsp;<\/p>\n<p>&nbsp;<\/p>\n<hr \/>\n<p>&nbsp;<\/p>\n<div dir=\"auto\">\n<blockquote>\n<h3>IL TORNEO DELLE FRAZIONI SUL BROI DI AGORDO<\/h3>\n<\/blockquote>\n<p><strong>AGORDO<\/strong> Il Torneo della Frazioni sta per invadere il Broi di Agordo <strong>domenica<\/strong> Sar\u00e0 un&#8217;intensa giornata di calcio a 5, con fasi eliminatorie durante la mattina e una fantastica semifinale nel pomeriggio, che ci condurr\u00e0 alla finalissima delle 18:00. Sar\u00e0 una sfida all&#8217;ultimo gol, dove solo i migliori avranno la possibilit\u00e0 di alzare il trofeo alla fine del torneo. Ma non \u00e8 tutto! Ci saranno premiazioni a fine partita, musica e intrattenimento con R DJ, chiosco e ristoro. Organizzazione Palio dei 100, Pro Loco e il Comune di Agordo. Ti aspettiamo al Torneo della Frazioni, il 14 maggio sul Broi di Agordo dalle 9.30.<\/p>\n<p>&nbsp;<\/p>\n<p>&nbsp;<\/p>\n<hr \/>\n<p>&nbsp;<\/p>\n<blockquote class=\"wp-embedded-content\" data-secret=\"oqHiUgn3LD\"><p><a href=\"https:\/\/www.radiopiu.net\/wordpress\/lotteria-del-cacciatore-2023-i-biglietti-vincenti\/\">LOTTERIA DEL CACCIATORE 2023, I BIGLIETTI VINCENTI<\/a><\/p><\/blockquote>\n<p><iframe loading=\"lazy\" class=\"wp-embedded-content\" sandbox=\"allow-scripts\" security=\"restricted\" style=\"position: absolute; clip: rect(1px, 1px, 1px, 1px);\" title=\"&#8220;LOTTERIA DEL CACCIATORE 2023, I BIGLIETTI VINCENTI&#8221; &#8212; Radio Pi\u00f9\" src=\"https:\/\/www.radiopiu.net\/wordpress\/lotteria-del-cacciatore-2023-i-biglietti-vincenti\/embed\/#?secret=zlOjZ2ALdQ#?secret=oqHiUgn3LD\" data-secret=\"oqHiUgn3LD\" width=\"600\" height=\"338\" frameborder=\"0\" marginwidth=\"0\" marginheight=\"0\" scrolling=\"no\"><\/iframe><\/p>\n<\/div>\n<div dir=\"auto\">\n<p>&nbsp;<\/p>\n<hr \/>\n<p>&nbsp;<\/p>\n<h2><span style=\"color: #ff0000;\">PROSSIMAMENTE&#8230;.<\/span><\/h2>\n<blockquote>\n<h3>FOLKLOR JALPE&#8217; DE LA MARMOLEDA<\/h3>\n<\/blockquote>\n<p><strong>ROCCA PIETORE<\/strong> \u00c8 in programma per il 26, 27 e 28 maggio l&#8217;edizione 2023 di Folklor Jalp\u00e8 De La Marmoleda. Tre giorni di festa sotto al tendone riscaldato in localit\u00e0 Bosco Verde a Rocca Pietore tra cucina tipica e balli con le band tirolesi. Domenica 28, nel pomeriggio, la sfilata dei gruppi folk<\/p>\n<p>&nbsp;<\/p>\n<p>&nbsp;<\/p>\n<hr \/>\n<p>&nbsp;<\/p>\n<blockquote>\n<h3>SABATO 3 GIUGNO LA CENA DELLA CLASSE 1955-56<\/h3>\n<\/blockquote>\n<p><strong>AGORDO<\/strong> E&#8217; in programma per sabato 3 giugno al Ristorante &#8220;La Stanga&#8221; la cena delle classi 1955-1956. Ritrovo al ristorante alle 19, cena , musica e premi. Per informazioni ed iscrizioni Roberto Schenot al 348 8524340. Iscrizioni entro il 29 maggio.<\/p>\n<p>&nbsp;<\/p>\n<p>&nbsp;<\/p>\n<hr \/>\n<p>&nbsp;<\/p>\n<blockquote>\n<h3>DOMENICA 4 GIUGNO LA 4 PAS IN DOI<\/h3>\n<\/blockquote>\n<p><strong>AGORDO<\/strong> <strong>DOMENICA 4 GIUGNO<\/strong> AD AGORDO: &#8220;4 Pas in doi&#8221; TRAIL RUNNING A COPPIE. Due percorsi: 16 km con 900 metri di dislivello, o 5 km con 250 metri di dislivello. E per i pi\u00f9 golosi, la &#8220;4 Pas in doi Bocoi&#8221;: itinerario enogastronomico, 6 km, con 4 tappe da&#8230; gustare. Per informazioni ed iscrizioni: www.4pasindoi.it<\/p>\n<p>&nbsp;<\/p>\n<p>&nbsp;<\/p>\n<hr \/>\n<p>&nbsp;<\/p>\n<blockquote>\n<h3>LA PRIMA EDIZIONE DELLA DON &#8211; PIANLONCH<\/h3>\n<\/blockquote>\n<p><strong>GOSALDO<\/strong> E&#8217; in programma per <strong>domenica 28 maggio<\/strong> la prima edizione della gara di corsa Don &#8211; Pianlonch. Una passeggiata ludicomotoria di 5,6 km non competitiva. Iscrizione 6 euro prima della partenza, 10 euro con panino farcito e bottigllia d&#8217;acqua.<\/p>\n<p>&nbsp;<\/p>\n<p>&nbsp;<\/p>\n<hr \/>\n<p>&nbsp;<\/p>\n<p>&nbsp;<\/p>\n<blockquote>\n<h1>OGGI ALLE 14 LA TERZA PUNTATA<\/h1>\n<\/blockquote>\n<blockquote class=\"wp-embedded-content\" data-secret=\"4xZgiBgGze\"><p><a href=\"https:\/\/www.radiopiu.net\/wordpress\/il-ritorno-di-alice-bettolo-i-mille-passi-seconda-puntata\/\">IL RITORNO DI ALICE BETTOLO, &#8220;I MILLE PASSI&#8221;, seconda puntata<\/a><\/p><\/blockquote>\n<p><iframe loading=\"lazy\" class=\"wp-embedded-content\" sandbox=\"allow-scripts\" security=\"restricted\" style=\"position: absolute; clip: rect(1px, 1px, 1px, 1px);\" title=\"&#8220;IL RITORNO DI ALICE BETTOLO, &#8220;I MILLE PASSI&#8221;, seconda puntata&#8221; &#8212; Radio Pi\u00f9\" src=\"https:\/\/www.radiopiu.net\/wordpress\/il-ritorno-di-alice-bettolo-i-mille-passi-seconda-puntata\/embed\/#?secret=lTNb4Usn6A#?secret=4xZgiBgGze\" data-secret=\"4xZgiBgGze\" width=\"600\" height=\"338\" frameborder=\"0\" marginwidth=\"0\" marginheight=\"0\" scrolling=\"no\"><\/iframe><\/p>\n<p>&nbsp;<\/p>\n<p>&nbsp;<\/p>\n<p>&nbsp;<\/p>\n<hr \/>\n<p>&nbsp;<\/p>\n<div dir=\"auto\">\n<div class=\"message spoilers-container\" dir=\"auto\">\n<div>\n<div class=\"b654a4as d2edcug0\">\n<div class=\"rq0escxv hkbzh7o3 jwdofwj8 n8tt0mok r8blr3vg hyh9befq\">\n<p><a class=\"dt-pswp-item\" href=\"https:\/\/www.radiopiu.net\/wordpress\/wp-content\/uploads\/2020\/10\/pp.jpg\" data-dt-img-description=\"\" data-large_image_width=\"640\" data-large_image_height=\"640\"><img loading=\"lazy\" decoding=\"async\" class=\"wp-image-163678 alignleft\" src=\"https:\/\/www.radiopiu.net\/wordpress\/wp-content\/uploads\/2020\/10\/pp-300x300.jpg\" alt=\"\" width=\"106\" height=\"106\" srcset=\"https:\/\/www.radiopiu.net\/wordpress\/wp-content\/uploads\/2020\/10\/pp-300x300.jpg 300w, https:\/\/www.radiopiu.net\/wordpress\/wp-content\/uploads\/2020\/10\/pp-150x150.jpg 150w, https:\/\/www.radiopiu.net\/wordpress\/wp-content\/uploads\/2020\/10\/pp-125x125.jpg 125w, https:\/\/www.radiopiu.net\/wordpress\/wp-content\/uploads\/2020\/10\/pp-200x200.jpg 200w, https:\/\/www.radiopiu.net\/wordpress\/wp-content\/uploads\/2020\/10\/pp-80x80.jpg 80w, https:\/\/www.radiopiu.net\/wordpress\/wp-content\/uploads\/2020\/10\/pp-480x480.jpg 480w, https:\/\/www.radiopiu.net\/wordpress\/wp-content\/uploads\/2020\/10\/pp.jpg 640w\" sizes=\"auto, (max-width: 106px) 100vw, 106px\" \/><\/a><\/p>\n<\/div>\n<\/div>\n<\/div>\n<\/div>\n<div class=\"message spoilers-container\" dir=\"auto\">\n<div>\n<div class=\"page-title-head hgroup\">\n<div class=\"page-title-head hgroup\">\n<div class=\"b654a4as d2edcug0\">\n<div class=\"j83agx80 btwxx1t3 lhclo0ds hop8lmos nkwizq5d scwd0bx6 roh60bw9\">\n<div class=\"rq0escxv hkbzh7o3 jwdofwj8 n8tt0mok r8blr3vg hyh9befq\">\n<div class=\"do00u71z l9j0dhe7 k4urcfbm\" style=\"text-align: left;\">\n<h2><span style=\"color: #000080;\">DON CESARE, IL PENSIERO DEL GIORNO. ALLA RADIO ALLE 7 DEL MATTINO E ALLE 19.30 DELLA SERA<\/span><\/h2>\n<p>&nbsp;<\/p>\n<audio class=\"wp-audio-shortcode\" id=\"audio-334864-16\" preload=\"none\" style=\"width: 100%;\" controls=\"controls\"><source type=\"audio\/mpeg\" src=\"https:\/\/www.radiopiu.net\/wordpress\/wp-content\/uploads\/2023\/05\/CESARE-6.mp3?_=16\" \/><a href=\"https:\/\/www.radiopiu.net\/wordpress\/wp-content\/uploads\/2023\/05\/CESARE-6.mp3\">https:\/\/www.radiopiu.net\/wordpress\/wp-content\/uploads\/2023\/05\/CESARE-6.mp3<\/a><\/audio>\n<h2 style=\"text-align: left;\"><span style=\"color: #ff0000;\"><span style=\"vertical-align: inherit;\"><a class=\"dt-pswp-item\" href=\"https:\/\/www.radiopiu.net\/wordpress\/wp-content\/uploads\/2023\/04\/e0aad41d-951e-47b9-9fae-1a879a9bcb7e-1.jpg\" data-dt-img-description=\"\" data-large_image_width=\"1200\" data-large_image_height=\"1200\"><img loading=\"lazy\" decoding=\"async\" class=\"wp-image-333205 aligncenter\" src=\"https:\/\/www.radiopiu.net\/wordpress\/wp-content\/uploads\/2023\/04\/e0aad41d-951e-47b9-9fae-1a879a9bcb7e-1-300x300.jpg\" alt=\"\" width=\"227\" height=\"227\" srcset=\"https:\/\/www.radiopiu.net\/wordpress\/wp-content\/uploads\/2023\/04\/e0aad41d-951e-47b9-9fae-1a879a9bcb7e-1-300x300.jpg 300w, https:\/\/www.radiopiu.net\/wordpress\/wp-content\/uploads\/2023\/04\/e0aad41d-951e-47b9-9fae-1a879a9bcb7e-1-1024x1024.jpg 1024w, https:\/\/www.radiopiu.net\/wordpress\/wp-content\/uploads\/2023\/04\/e0aad41d-951e-47b9-9fae-1a879a9bcb7e-1-150x150.jpg 150w, https:\/\/www.radiopiu.net\/wordpress\/wp-content\/uploads\/2023\/04\/e0aad41d-951e-47b9-9fae-1a879a9bcb7e-1-768x768.jpg 768w, https:\/\/www.radiopiu.net\/wordpress\/wp-content\/uploads\/2023\/04\/e0aad41d-951e-47b9-9fae-1a879a9bcb7e-1.jpg 1200w\" sizes=\"auto, (max-width: 227px) 100vw, 227px\" \/><\/a><\/span><\/span><\/h2>\n<\/div>\n<\/div>\n<\/div>\n<\/div>\n<\/div>\n<\/div>\n<\/div>\n<\/div>\n<div class=\"message spoilers-container\" dir=\"auto\">\n<h2><span style=\"color: #ff00ff;\">IN VIVO VERSO\u00a0 \u00a0<\/span><\/h2>\n<blockquote>\n<h2>ITALO RUALTA LEGGE GIANNI RODARI &#8220;IL CIELO E&#8217; DI TUTTI&#8221;<\/h2>\n<\/blockquote>\n<p><strong>AUDIO<\/strong><\/p>\n<audio class=\"wp-audio-shortcode\" id=\"audio-334864-17\" preload=\"none\" style=\"width: 100%;\" controls=\"controls\"><source type=\"audio\/mpeg\" src=\"https:\/\/www.radiopiu.net\/wordpress\/wp-content\/uploads\/2023\/05\/01-ITALO-RUALTA-LEGGE-GIANNI-RODARI_IL-CIELO-E-DI-TUTTI.mp3?_=17\" \/><a href=\"https:\/\/www.radiopiu.net\/wordpress\/wp-content\/uploads\/2023\/05\/01-ITALO-RUALTA-LEGGE-GIANNI-RODARI_IL-CIELO-E-DI-TUTTI.mp3\">https:\/\/www.radiopiu.net\/wordpress\/wp-content\/uploads\/2023\/05\/01-ITALO-RUALTA-LEGGE-GIANNI-RODARI_IL-CIELO-E-DI-TUTTI.mp3<\/a><\/audio>\n<p>&nbsp;<\/p>\n<p><img loading=\"lazy\" decoding=\"async\" class=\"alignleft\" src=\"https:\/\/www.radiopiu.net\/wordpress\/wp-content\/uploads\/2023\/05\/ITALO-RUALTA-FOTO-300x300.jpg\" width=\"111\" height=\"111\" \/><strong>Italo Rualta legge:<\/strong><br \/>\n<strong>IL CIELO E&#8217; DI TUTTI<\/strong><br \/>\ndi Gianni Rodari<br \/>\nQualcuno che la sa lunga<br \/>\nmi spieghi questo mistero:<br \/>\nil cielo \u00e8 di tutti gli occhi<br \/>\ndi ogni occhio \u00e8 il cielo intero.<br \/>\n\u00c8 mio, quando lo guardo.<br \/>\n\u00c8 del vecchio, del bambino,<br \/>\ndel re, dell\u2019ortolano,<br \/>\ndel poeta, dello spazzino.<br \/>\nNon c\u2019\u00e8 povero tanto povero<br \/>\nche non ne sia il padrone.<br \/>\nIl coniglio spaurito<br \/>\nne ha quanto il leone.<br \/>\nIl cielo \u00e8 di tutti gli occhi,<br \/>\ned ogni occhio, se vuole,<br \/>\nsi prende la luna intera,<br \/>\nle stelle comete, il sole.<br \/>\nOgni occhio si prende ogni cosa<br \/>\ne non manca mai niente:<br \/>\nchi guarda il cielo per ultimo<br \/>\nnon lo trova meno splendente.<br \/>\nSpiegatemi voi dunque,<br \/>\nin prosa o in versetti,<br \/>\nperch\u00e9 il cielo \u00e8 uno solo<br \/>\ne la Terra \u00e8 tutta a pezzetti?<\/p>\n<p>&nbsp;<\/p>\n<p><strong>LA RACCOLTA COMPLETA<\/strong><\/p>\n<\/div>\n<div class=\"message spoilers-container\" dir=\"auto\">\n<blockquote class=\"wp-embedded-content\" data-secret=\"XsOzuWNpek\"><p><a href=\"https:\/\/www.radiopiu.net\/wordpress\/in-vivo-verso\/\">In Vivo Verso<\/a><\/p><\/blockquote>\n<p><iframe loading=\"lazy\" class=\"wp-embedded-content\" sandbox=\"allow-scripts\" security=\"restricted\" style=\"position: absolute; clip: rect(1px, 1px, 1px, 1px);\" title=\"&#8220;In Vivo Verso&#8221; &#8212; Radio Pi\u00f9\" src=\"https:\/\/www.radiopiu.net\/wordpress\/in-vivo-verso\/embed\/#?secret=ewxOgxQcRV#?secret=XsOzuWNpek\" data-secret=\"XsOzuWNpek\" width=\"600\" height=\"338\" frameborder=\"0\" marginwidth=\"0\" marginheight=\"0\" scrolling=\"no\"><\/iframe><\/p>\n<\/div>\n<p>&nbsp;<\/p>\n<p>&nbsp;<\/p>\n<p>&nbsp;<\/p>\n<hr \/>\n<p>&nbsp;<\/p>\n<div class=\"message spoilers-container\" dir=\"auto\">\n<h2><span style=\"color: #008080;\">GOCCE DI FILOSOFIA\u00a0\u00a0<\/span><\/h2>\n<p><strong>PUNTATA 306 &#8211; CHIARA CAU &#8211; TERZA STAGIONE<\/strong><\/p>\n<audio class=\"wp-audio-shortcode\" id=\"audio-334864-18\" preload=\"none\" style=\"width: 100%;\" controls=\"controls\"><source type=\"audio\/mpeg\" src=\"https:\/\/www.radiopiu.net\/wordpress\/wp-content\/uploads\/2023\/05\/FI1-1.mp3?_=18\" \/><a href=\"https:\/\/www.radiopiu.net\/wordpress\/wp-content\/uploads\/2023\/05\/FI1-1.mp3\">https:\/\/www.radiopiu.net\/wordpress\/wp-content\/uploads\/2023\/05\/FI1-1.mp3<\/a><\/audio>\n<p>&nbsp;<\/p>\n<\/div>\n<blockquote>\n<div class=\"message spoilers-container\" dir=\"auto\">\n<p><strong>LA RACCOLTA COMPLETA<\/strong><\/p>\n<\/div>\n<\/blockquote>\n<div class=\"message spoilers-container\" dir=\"auto\">\n<blockquote class=\"wp-embedded-content\" data-secret=\"RT1PRdEyh4\"><p><a href=\"https:\/\/www.radiopiu.net\/wordpress\/gocce-filosofia\/\">Gocce di filosofia,  LA TERZA STAGIONE&#8230; 2023<\/a><\/p><\/blockquote>\n<p><iframe loading=\"lazy\" class=\"wp-embedded-content\" sandbox=\"allow-scripts\" security=\"restricted\" style=\"position: absolute; clip: rect(1px, 1px, 1px, 1px);\" title=\"&#8220;Gocce di filosofia,  LA TERZA STAGIONE&#8230; 2023&#8221; &#8212; Radio Pi\u00f9\" src=\"https:\/\/www.radiopiu.net\/wordpress\/gocce-filosofia\/embed\/#?secret=qWIunRcW5Q#?secret=RT1PRdEyh4\" data-secret=\"RT1PRdEyh4\" width=\"600\" height=\"338\" frameborder=\"0\" marginwidth=\"0\" marginheight=\"0\" scrolling=\"no\"><\/iframe><\/p>\n<\/div>\n<p>&nbsp;<\/p>\n<p>&nbsp;<\/p>\n<div class=\"message spoilers-container\" dir=\"auto\">\n<hr \/>\n<p>&nbsp;<\/p>\n<\/div>\n<div class=\"message spoilers-container\" dir=\"auto\">\n<div class=\"column\">\n<p><img loading=\"lazy\" decoding=\"async\" class=\"aligncenter wp-image-61954 size-full\" src=\"https:\/\/www.radiopiu.net\/wordpress\/wp-content\/uploads\/2018\/09\/viabilita.jpeg\" sizes=\"auto, (max-width: 800px) 100vw, 800px\" srcset=\"https:\/\/www.radiopiu.net\/wordpress\/wp-content\/uploads\/2018\/09\/viabilita.jpeg 800w, https:\/\/www.radiopiu.net\/wordpress\/wp-content\/uploads\/2018\/09\/viabilita-300x38.jpeg 300w, https:\/\/www.radiopiu.net\/wordpress\/wp-content\/uploads\/2018\/09\/viabilita-768x96.jpeg 768w\" alt=\"\" width=\"800\" height=\"100\" \/><\/p>\n<\/div>\n<\/div>\n<div class=\"message spoilers-container\" dir=\"auto\">\n<div class=\"column\">\n<p>&nbsp;<\/p>\n<\/div>\n<\/div>\n<div class=\"message spoilers-container\" dir=\"auto\">\n<div class=\"column\">\n<div dir=\"ltr\">\n<div class=\"gmail_quote\">\n<div dir=\"ltr\">\n<div class=\"gmail_quote\">\n<blockquote class=\"wp-embedded-content\" data-secret=\"Fkbz0GKCGn\"><p><a href=\"https:\/\/www.radiopiu.net\/wordpress\/viabilita\/\">viabilita<\/a><\/p><\/blockquote>\n<p><iframe loading=\"lazy\" class=\"wp-embedded-content\" sandbox=\"allow-scripts\" security=\"restricted\" style=\"position: absolute; clip: rect(1px, 1px, 1px, 1px);\" title=\"&#8220;viabilita&#8221; &#8212; Radio Pi\u00f9\" src=\"https:\/\/www.radiopiu.net\/wordpress\/viabilita\/embed\/#?secret=58uH4wLKgD#?secret=Fkbz0GKCGn\" data-secret=\"Fkbz0GKCGn\" width=\"600\" height=\"338\" frameborder=\"0\" marginwidth=\"0\" marginheight=\"0\" scrolling=\"no\"><\/iframe><\/p>\n<\/div>\n<\/div>\n<\/div>\n<\/div>\n<\/div>\n<\/div>\n<div class=\"message spoilers-container\" dir=\"auto\">\n<div class=\"column\">\n<div>\n<div dir=\"ltr\">\n<div class=\"gmail_quote\">\n<div dir=\"ltr\">\n<div><\/div>\n<\/div>\n<\/div>\n<\/div>\n<\/div>\n<hr \/>\n<p>&nbsp;<\/p>\n<p><a class=\"dt-pswp-item\" href=\"https:\/\/www.radiopiu.net\/wordpress\/wp-content\/uploads\/2018\/09\/WhatsApp-Image-2018-09-20-at-16.04.06.jpeg\" data-dt-img-description=\"\" data-large_image_width=\"800\" data-large_image_height=\"100\"><img loading=\"lazy\" decoding=\"async\" class=\"wp-image-61378 size-full aligncenter\" src=\"https:\/\/www.radiopiu.net\/wordpress\/wp-content\/uploads\/2018\/09\/WhatsApp-Image-2018-09-20-at-16.04.06.jpeg\" alt=\"\" width=\"800\" height=\"100\" srcset=\"https:\/\/www.radiopiu.net\/wordpress\/wp-content\/uploads\/2018\/09\/WhatsApp-Image-2018-09-20-at-16.04.06.jpeg 800w, https:\/\/www.radiopiu.net\/wordpress\/wp-content\/uploads\/2018\/09\/WhatsApp-Image-2018-09-20-at-16.04.06-300x38.jpeg 300w, https:\/\/www.radiopiu.net\/wordpress\/wp-content\/uploads\/2018\/09\/WhatsApp-Image-2018-09-20-at-16.04.06-768x96.jpeg 768w\" sizes=\"auto, (max-width: 800px) 100vw, 800px\" \/><\/a><\/p>\n<\/div>\n<\/div>\n<div class=\"message spoilers-container\" dir=\"auto\"><center><strong>\u00a0<\/strong><\/center><center><\/center><center><\/center><\/div>\n<p><center><\/center>&nbsp;<\/p>\n<p><center><b>OGGI<\/b><\/center><b>Tempo atteso: <\/b>Tempo variabile, con nuvolosit\u00e0 spesso estesa anche al mattino, soprattutto sulle Prealpi per nubi medio-basse, pi\u00f9 intensa verso sera, quando saranno pi\u00f9 probabili alcuni fenomeni.<br \/>\n<b>Precipitazioni: <\/b>Al mattino generalmente assenti (0\/10%); dalle ore centrali e nel pomeriggio possibile qualche rovescio o isolato temporale specie su Dolomiti. Dalla tarda serata crescente probabilit\u00e0 di rovesci (40\/50%), via via pi\u00f9 diffusi nella notte a partire da ovest (80\/100%).<br \/>\n<b>Temperature: <\/b>Minime in lieve calo, registrate alla sera in quota; massime stazionarie.<\/p>\n<hr \/>\n<p><center><b>DOMANI<\/b><\/center><b>Tempo atteso: <\/b>Tempo perturbato con cielo molto nuvoloso o coperto. Parziale attenuazione della nuvolosit\u00e0 verso sera a partire da ovest.<br \/>\n<b>Precipitazioni: <\/b>Diffuse e possibili per tutta la giornata (80-100%) a tratti moderate specie su Prealpi. Limite della neve in calo fino sui 1800\/2000 m, a quote inferiori durante i rovesci pi\u00f9 intensi. Attenuazione dei fenomeni dalla sera.<br \/>\n<b>Temperature: <\/b>In sensibile calo specie in quota e nei valori massimi anche nelle valli.<\/p>\n<hr \/>\n<p><center><b>GIOVEDI<\/b><\/center>Giornata prevalentemente nuvolosa e fresca per il periodo, con deboli precipitazioni, pi\u00f9 probabili nella prima parte della giornata. Limite delle modeste nevicate a 1800\/2000 m. Temperature pressoch\u00e8 stazionarie.<\/p>\n<hr \/>\n<p><center><b>VENERDI<\/b><\/center>Variabile a tratti instabile con molte nubi e locali e brevi schiarite. Possibili precipitazioni a tratti specie nel pomeriggio con rovesci e isolati temporali su Prealpi. Temperature minime pressoch\u00e8 stazionarie, massime in lieve aumento.<\/p>\n<p>&nbsp;<\/p>\n<\/div>\n<div class=\"message spoilers-container\" dir=\"auto\">\n<hr \/>\n<p>&nbsp;<\/p>\n<p><a class=\"dt-pswp-item\" href=\"https:\/\/www.radiopiu.net\/wordpress\/wp-content\/uploads\/2018\/09\/sport.jpg\" data-dt-img-description=\"\" data-large_image_width=\"800\" data-large_image_height=\"100\"><img loading=\"lazy\" decoding=\"async\" class=\"aligncenter wp-image-60761 size-full\" src=\"https:\/\/www.radiopiu.net\/wordpress\/wp-content\/uploads\/2018\/09\/sport.jpg\" alt=\"\" width=\"800\" height=\"100\" srcset=\"https:\/\/www.radiopiu.net\/wordpress\/wp-content\/uploads\/2018\/09\/sport.jpg 800w, https:\/\/www.radiopiu.net\/wordpress\/wp-content\/uploads\/2018\/09\/sport-300x38.jpg 300w, https:\/\/www.radiopiu.net\/wordpress\/wp-content\/uploads\/2018\/09\/sport-768x96.jpg 768w\" sizes=\"auto, (max-width: 800px) 100vw, 800px\" \/><\/a><\/p>\n<\/div>\n<div class=\"message spoilers-container\" dir=\"auto\">\n<p>&nbsp;<\/p>\n<p><span style=\"color: #0000ff;\"><strong>CALCIO<\/strong><\/span><\/p>\n<blockquote>\n<h3>L&#8217;AGORDINA RESTA IN SECONDA CATEGORIA. PARLA IL PRESIDENTE COSMO FORCELLA<\/h3>\n<\/blockquote>\n<p><strong><a class=\"dt-pswp-item\" href=\"https:\/\/www.radiopiu.net\/wordpress\/wp-content\/uploads\/2019\/09\/COSMO-FORCELLA.jpeg\" data-dt-img-description=\"\" data-large_image_width=\"1200\" data-large_image_height=\"1600\"><img loading=\"lazy\" decoding=\"async\" class=\" wp-image-98244 alignleft\" src=\"https:\/\/www.radiopiu.net\/wordpress\/wp-content\/uploads\/2019\/09\/COSMO-FORCELLA-225x300.jpeg\" alt=\"\" width=\"115\" height=\"153\" srcset=\"https:\/\/www.radiopiu.net\/wordpress\/wp-content\/uploads\/2019\/09\/COSMO-FORCELLA-225x300.jpeg 225w, https:\/\/www.radiopiu.net\/wordpress\/wp-content\/uploads\/2019\/09\/COSMO-FORCELLA-768x1024.jpeg 768w, https:\/\/www.radiopiu.net\/wordpress\/wp-content\/uploads\/2019\/09\/COSMO-FORCELLA.jpeg 1200w\" sizes=\"auto, (max-width: 115px) 100vw, 115px\" \/><\/a>di Marco Gaz<\/strong><\/p>\n<p><strong>REDAZIONE<\/strong> L&#8217;Agordina di Seconda Categoria si \u00e8 salvata in extremis e lo ha fatto a Trichiana dopo una partita rocambolesca, iniziata male ma terminata nel migliore dei modi. Il Gemelle usciva favorito dalla partita di andata vinta 2 a 0 ad Agordo, ma la squadra di Chenet ha tirato fuori le unghie contro i zumellesi. La formazione di Borgo Valbelluna era passata in vantaggio ma l&#8217;Agordina ha reagito mettendo a segno un gol dopo l&#8217;altro fino al 4 a 1, risultato che premiava gli agordini. Ma la doccia fredda \u00e8 arrivata subito dopo quando il Gemelle ha portato ai supplementari la sfida realizzando il gol del 4 a 2 e pareggiando il conto dei gol tra le due sfide. Nei supplementari una grande prova di forza ha premiato la compagine di Agordo che allo scadere, al 119&#8242; per la precisione, \u00e8 riuscita a siglare il gol salvezza con Selle. Ora si deve pensare al futuro della societ\u00e0. Ne abbiamo parlato con il Presidente dell&#8217;Agordina, Cosmo Forcella<\/p>\n<p><strong>COSMO FORCELLA, PRESIDENTE DELL&#8217;AGORDINA<\/strong><\/p>\n<audio class=\"wp-audio-shortcode\" id=\"audio-334864-19\" preload=\"none\" style=\"width: 100%;\" controls=\"controls\"><source type=\"audio\/mpeg\" src=\"https:\/\/www.radiopiu.net\/wordpress\/wp-content\/uploads\/2023\/05\/cosmo-salvezza.mp3?_=19\" \/><a href=\"https:\/\/www.radiopiu.net\/wordpress\/wp-content\/uploads\/2023\/05\/cosmo-salvezza.mp3\">https:\/\/www.radiopiu.net\/wordpress\/wp-content\/uploads\/2023\/05\/cosmo-salvezza.mp3<\/a><\/audio>\n<p>&nbsp;<\/p>\n<p><span style=\"color: #0000ff;\"><strong>\u00a0PATTINAGGIO\u00a0\u00a0<\/strong><\/span><\/p>\n<blockquote>\n<h3>AD EGNA RISULTATO DA INCORNICIARE PER I PATTINATORI AGORDINI<\/h3>\n<\/blockquote>\n<div class=\"flex flex-grow flex-col gap-3\">\n<div class=\"min-h-[20px] flex flex-col items-start gap-4 whitespace-pre-wrap break-words\">\n<div class=\"markdown prose w-full break-words dark:prose-invert light\">\n<p><strong><a class=\"dt-pswp-item\" href=\"https:\/\/www.radiopiu.net\/wordpress\/wp-content\/uploads\/2023\/05\/345713617_953829308991511_1149060996695582637_n.jpg\" data-dt-img-description=\"\" data-large_image_width=\"155\" data-large_image_height=\"206\"><img loading=\"lazy\" decoding=\"async\" class=\"size-full wp-image-335000 alignleft\" src=\"https:\/\/www.radiopiu.net\/wordpress\/wp-content\/uploads\/2023\/05\/345713617_953829308991511_1149060996695582637_n.jpg\" alt=\"\" width=\"155\" height=\"206\" \/><\/a>REDAZIONE<\/strong> Gli atleti dell&#8217;Agordino Ghiaccio &amp; Sport hanno concluso con successo la stagione sportiva durante il fine settimana del 29\/30 aprile. Fabrizio Fontana ha trionfato nella categoria young adult master a Pinerolo, dimostrando il suo valore e la sua preparazione atletica. Inoltre, la coppia di danza composta da Cinzia Toso e Gianni Dell&#8217;Eva ha raggiunto il <a class=\"dt-pswp-item\" href=\"https:\/\/www.radiopiu.net\/wordpress\/wp-content\/uploads\/2023\/05\/345743271_1311860062699920_6637425230552715275_n.jpg\" data-dt-img-description=\"\" data-large_image_width=\"255\" data-large_image_height=\"206\"><img loading=\"lazy\" decoding=\"async\" class=\"size-full wp-image-334999 alignright\" src=\"https:\/\/www.radiopiu.net\/wordpress\/wp-content\/uploads\/2023\/05\/345743271_1311860062699920_6637425230552715275_n.jpg\" alt=\"\" width=\"255\" height=\"206\" \/><\/a>secondo posto nella categoria pattern dance adult bronze, sfiorando la vittoria per pochissimi centesimi di punto. Ad Egna, i giovani talenti dell&#8217;Agordino Ghiaccio &amp; Sport hanno ottenuto ottimi risultati nella gara Fascia Bronze Fisg. Irene, Sofia, Rita e Giulia, i pulcini, hanno dimostrato grande abilit\u00e0 e determinazione, ottenendo un risultato positivo per la squadra. Gli adulti dell&#8217;Agordino Ghiaccio &amp; Sport hanno affrontato la sfida nonostante le difficolt\u00e0 legate agli impegni lavorativi. Anira Serafini si \u00e8 classificata quarta nella categoria principianti A open, dimostrando una grande passione e impegno per lo sport. Maroca Rossi ha raggiunto la sesta posizione nella categoria esordienti B, dimostrando di avere un grande potenziale.\u00a0 Agordino Ghiaccio &amp; Sport \u00e8 orgoglioso dei risultati ottenuti dalla sua squadra in questa stagione. La partecipazione degli adulti \u00e8 stata particolarmente significativa, dimostrando il loro impegno e la loro passione per lo sport nonostante le difficolt\u00e0. Un plauso speciale va a tutti gli atleti per il loro grande impegno e per aver portato in alto i colori della squadra.<\/p>\n<p>___<\/p>\n<\/div>\n<\/div>\n<\/div>\n<div class=\"flex justify-between lg:block\">\n<div class=\"text-gray-400 flex self-end lg:self-center justify-center mt-2 gap-2 md:gap-3 lg:gap-1 lg:absolute lg:top-0 lg:translate-x-full lg:right-0 lg:mt-0 lg:pl-2 visible\"><\/div>\n<\/div>\n<p><span style=\"color: #0000ff;\"><strong>DANZA RITMICA<\/strong><\/span><\/p>\n<blockquote>\n<h3><span style=\"color: #000000;\"><strong> GINNASTICA RITMICA, PRIMI SUCCESSI AGORDINI\u00a0<\/strong><\/span><\/h3>\n<\/blockquote>\n<div class=\"markdown prose w-full break-words dark:prose-invert light\">\n<p><strong>REDAZIONE<\/strong> \u00a0L\u2019Agordino:\u00a0 famoso per le sue bellezze naturali e per le numerose attivit\u00e0 sportive che offre. Tra queste attivit\u00e0 c\u2019\u00e8 il pattinaggio su ghiaccio, ma da qualche anno si \u00e8 aggiunta anche la ginnastica ritmica, grazie all\u2019impegno dell\u2019allenatrice Giulia Pardo Franchetti e delle sue allieve. Giulia \u00e8 una giovane e talentuosa allenatrice che ha deciso di portare la ginnastica ritmica nell\u2019Agordino. Con la sua passione e la sua dedizione \u00e8 riuscita a formare un gruppo di bambine e ragazze che hanno mostrato il loro talento e la loro bravura in occasione della loro prima gara, che si \u00e8 svolta a Piombino Dese (PD). Le coppie Aura Besenzon-Marianna De Nicol\u00f2,\u00a0 Christine Schena-Marianna De Nicol\u00f2, si sono classificate al secondo posto a pari merito, dimostrando di avere grande abilit\u00e0 e precisione nei loro movimenti. La coppia Aurora Olivier \u2013 Elisa Panziera, ha ottenuto il terzo posto nella categoria allieve prima fascia corpo libero. Questi successi sono stati ottenuti grazie al duro lavoro e alla costante preparazione delle ragazze da parte dell\u2019allenatrice Giulia Pardo Franchetti . La sua dedizione e la sua passione per la ginnastica ritmica hanno permesso alle sue allieve di sviluppare le loro capacit\u00e0 e di esprimere il loro potenziale al meglio. Che questi successi siano solo l\u2019inizio di una lunga serie di risultati straordinari per la ginnastica ritmica dell\u2019Agordino.<\/p>\n<\/div>\n\n\t\t\t<style type='text\/css'>\n\t\t\t\t#gallery-5 {\n\t\t\t\t\tmargin: auto;\n\t\t\t\t}\n\t\t\t\t#gallery-5 .gallery-item {\n\t\t\t\t\tfloat: left;\n\t\t\t\t\tmargin-top: 10px;\n\t\t\t\t\ttext-align: center;\n\t\t\t\t\twidth: 33%;\n\t\t\t\t}\n\t\t\t\t#gallery-5 img {\n\t\t\t\t\tborder: 2px solid #cfcfcf;\n\t\t\t\t}\n\t\t\t\t#gallery-5 .gallery-caption {\n\t\t\t\t\tmargin-left: 0;\n\t\t\t\t}\n\t\t\t\t\/* see gallery_shortcode() in wp-includes\/media.php *\/\n\t\t\t<\/style>\n\t\t<div id='gallery-5' class='dt-gallery-container gallery galleryid-334864 gallery-columns-3 gallery-size-thumbnail'><dl class='gallery-item'>\n\t\t\t\t<dt class='gallery-icon landscape'>\n\t\t\t\t\t<a class=\"rollover rollover-zoom dt-pswp-item\" title=\"345711174_188624647419383_5203874406045779265_n\" data-dt-img-description=\"\" data-large_image_width=\"275\" data-large_image_height=\"206\"href='https:\/\/www.radiopiu.net\/wordpress\/wp-content\/uploads\/2023\/05\/345711174_188624647419383_5203874406045779265_n.jpg'><img loading=\"lazy\" decoding=\"async\" width=\"150\" height=\"150\" src=\"https:\/\/www.radiopiu.net\/wordpress\/wp-content\/uploads\/2023\/05\/345711174_188624647419383_5203874406045779265_n-150x150.jpg\" class=\"attachment-thumbnail size-thumbnail\" alt=\"\" \/><\/a>\n\t\t\t\t<\/dt><\/dl><dl class='gallery-item'>\n\t\t\t\t<dt class='gallery-icon portrait'>\n\t\t\t\t\t<a class=\"rollover rollover-zoom dt-pswp-item\" title=\"345686666_971652080846226_339387202997316149_n\" data-dt-img-description=\"\" data-large_image_width=\"155\" data-large_image_height=\"206\"href='https:\/\/www.radiopiu.net\/wordpress\/wp-content\/uploads\/2023\/05\/345686666_971652080846226_339387202997316149_n.jpg'><img loading=\"lazy\" decoding=\"async\" width=\"150\" height=\"150\" src=\"https:\/\/www.radiopiu.net\/wordpress\/wp-content\/uploads\/2023\/05\/345686666_971652080846226_339387202997316149_n-150x150.jpg\" class=\"attachment-thumbnail size-thumbnail\" alt=\"\" \/><\/a>\n\t\t\t\t<\/dt><\/dl><dl class='gallery-item'>\n\t\t\t\t<dt class='gallery-icon portrait'>\n\t\t\t\t\t<a class=\"rollover rollover-zoom dt-pswp-item\" title=\"345432649_631209798471838_3968265320817339727_n\" data-dt-img-description=\"\" data-large_image_width=\"155\" data-large_image_height=\"206\"href='https:\/\/www.radiopiu.net\/wordpress\/wp-content\/uploads\/2023\/05\/345432649_631209798471838_3968265320817339727_n.jpg'><img loading=\"lazy\" decoding=\"async\" width=\"150\" height=\"150\" src=\"https:\/\/www.radiopiu.net\/wordpress\/wp-content\/uploads\/2023\/05\/345432649_631209798471838_3968265320817339727_n-150x150.jpg\" class=\"attachment-thumbnail size-thumbnail\" alt=\"\" \/><\/a>\n\t\t\t\t<\/dt><\/dl><br style=\"clear: both\" \/>\n\t\t\t<\/div>\n\n<p>&nbsp;<\/p>\n<p>&nbsp;<\/p>\n<\/div>\n<\/div>\n","protected":false},"excerpt":{"rendered":"<p>ISCRIVITI AL NOSTRO CANALE\u00a0 YOUTUBE PER SEGUIRE IN DIRETTA I PRINCIPALI PROGRAMMI DI RADIO PIU&#8217; E LE FUTURE DIRETTE IN ESTERNA. PER ISCRIVERTI CLICCA QUI E PREMI\u00a0 &#8220;Iscriviti&#8221;\u00a0 \u00a0 \u00a0\u00a0 &nbsp; IL VIDEO PIU&#8217; CLICCATO DEL FINE SETTIMANA, LA FRANA\u00a0 IN VALLE DEL BIOIS\u00a0\u00a0 FALCADE\u00a0\u00a0Domenica Un pezzo di montagna si \u00e8 staccato dal Cimone della&hellip;<\/p>\n","protected":false},"author":4,"featured_media":335020,"comment_status":"closed","ping_status":"closed","sticky":false,"template":"","format":"standard","meta":{"_monsterinsights_skip_tracking":false,"_monsterinsights_sitenote_active":false,"_monsterinsights_sitenote_note":"","_monsterinsights_sitenote_category":0,"footnotes":""},"categories":[104,86,49],"tags":[],"class_list":["post-334864","post","type-post","status-publish","format-standard","has-post-thumbnail","hentry","category-evidenza_3","category-gr","category-news-18","category-104","category-86","category-49","description-off"],"img_url":"https:\/\/www.radiopiu.net\/wordpress\/wp-content\/uploads\/2023\/05\/Senza-nome-32.jpg","_links":{"self":[{"href":"https:\/\/www.radiopiu.net\/wordpress\/wp-json\/wp\/v2\/posts\/334864","targetHints":{"allow":["GET"]}}],"collection":[{"href":"https:\/\/www.radiopiu.net\/wordpress\/wp-json\/wp\/v2\/posts"}],"about":[{"href":"https:\/\/www.radiopiu.net\/wordpress\/wp-json\/wp\/v2\/types\/post"}],"author":[{"embeddable":true,"href":"https:\/\/www.radiopiu.net\/wordpress\/wp-json\/wp\/v2\/users\/4"}],"replies":[{"embeddable":true,"href":"https:\/\/www.radiopiu.net\/wordpress\/wp-json\/wp\/v2\/comments?post=334864"}],"version-history":[{"count":0,"href":"https:\/\/www.radiopiu.net\/wordpress\/wp-json\/wp\/v2\/posts\/334864\/revisions"}],"wp:featuredmedia":[{"embeddable":true,"href":"https:\/\/www.radiopiu.net\/wordpress\/wp-json\/wp\/v2\/media\/335020"}],"wp:attachment":[{"href":"https:\/\/www.radiopiu.net\/wordpress\/wp-json\/wp\/v2\/media?parent=334864"}],"wp:term":[{"taxonomy":"category","embeddable":true,"href":"https:\/\/www.radiopiu.net\/wordpress\/wp-json\/wp\/v2\/categories?post=334864"},{"taxonomy":"post_tag","embeddable":true,"href":"https:\/\/www.radiopiu.net\/wordpress\/wp-json\/wp\/v2\/tags?post=334864"}],"curies":[{"name":"wp","href":"https:\/\/api.w.org\/{rel}","templated":true}]}}