{"id":334949,"date":"2023-05-09T05:38:04","date_gmt":"2023-05-09T03:38:04","guid":{"rendered":"https:\/\/www.radiopiu.net\/wordpress\/?p=334949"},"modified":"2023-05-09T05:49:27","modified_gmt":"2023-05-09T03:49:27","slug":"pomeriggio-di-tensione-a-ponte-nella-alpi-per-una-fuga-di-gas","status":"publish","type":"post","link":"https:\/\/www.radiopiu.net\/wordpress\/pomeriggio-di-tensione-a-ponte-nella-alpi-per-una-fuga-di-gas\/","title":{"rendered":"POMERIGGIO DI TENSIONE A PONTE NELLA ALPI PER UNA FUGA DI GAS"},"content":{"rendered":"<p><img loading=\"lazy\" decoding=\"async\" class=\"aligncenter\" src=\"https:\/\/www.radiopiu.net\/wordpress\/wp-content\/uploads\/2023\/05\/e46b8888-69d1-44e1-bb2f-529c189de99b.jpg\" width=\"351\" height=\"198\" \/><\/p>\n<p>&nbsp;<\/p>\n<p><strong>DI\u00a0 MORENO GIOLI<\/strong><\/p>\n<audio class=\"wp-audio-shortcode\" id=\"audio-334949-1\" preload=\"none\" style=\"width: 100%;\" controls=\"controls\"><source type=\"audio\/mpeg\" src=\"https:\/\/www.radiopiu.net\/wordpress\/wp-content\/uploads\/2023\/05\/moreno-gioli.mp3?_=1\" \/><a href=\"https:\/\/www.radiopiu.net\/wordpress\/wp-content\/uploads\/2023\/05\/moreno-gioli.mp3\">https:\/\/www.radiopiu.net\/wordpress\/wp-content\/uploads\/2023\/05\/moreno-gioli.mp3<\/a><\/audio>\n<p>&nbsp;<\/p>\n<p>&nbsp;<\/p>\n<div style=\"width: 640px;\" class=\"wp-video\"><video class=\"wp-video-shortcode\" id=\"video-334949-1\" width=\"640\" height=\"352\" preload=\"metadata\" controls=\"controls\"><source type=\"video\/mp4\" src=\"https:\/\/www.radiopiu.net\/wordpress\/wp-content\/uploads\/2023\/05\/WhatsApp-Video-2023-05-08-at-22.00.19-2.mp4?_=1\" \/><a href=\"https:\/\/www.radiopiu.net\/wordpress\/wp-content\/uploads\/2023\/05\/WhatsApp-Video-2023-05-08-at-22.00.19-2.mp4\">https:\/\/www.radiopiu.net\/wordpress\/wp-content\/uploads\/2023\/05\/WhatsApp-Video-2023-05-08-at-22.00.19-2.mp4<\/a><\/video><\/div>\n<p>&nbsp;<\/p>\n<p><span style=\"color: #ff0000;\"><strong>Aggiornamento delle 19:45<\/strong><\/span><\/p>\n<p>La SS 51 di Alemagna \u00e8 stata riaperta al traffico. Si viaggia regolarmente<\/p>\n<p>&nbsp;<\/p>\n<p><span style=\"color: #ff0000;\"><strong>aggiornamento 19.00<\/strong><\/span><\/p>\n<p>dai vigili del fuoco: Perdita di gas intercettata e chiusa In corso le operazioni di messa in sicurezza dell&#8217;autocisterna, in breve tempo, entro le 19.30 dovrebbe riaprire la statale con l&#8217;alimentazione della corrente elettrica che era stata tolta ad eccezione dell&#8217;azienda interessata<\/p>\n<p>&nbsp;<\/p>\n<p>&nbsp;<\/p>\n<p><img loading=\"lazy\" decoding=\"async\" class=\"alignleft\" src=\"https:\/\/www.radiopiu.net\/wordpress\/wp-content\/uploads\/2023\/05\/6f10e055-619d-410c-b0e2-3805046e733d.jpg\" width=\"307\" height=\"230\" \/><\/p>\n<p><strong>BELLUNO<\/strong> Grossa perdita di GPL da una cisterna in scarico alla beyfin di ponte nelle alpi. Sul posto vvf in massa<\/p>\n<p><strong>VENETO, ANAS: PER FUGA DI GAS, CHIUSA IN VIA PRECAUZIONALE LA SS 51 \u201cDI ALEMAGNA\u201d A PONTE NELLE ALPI (BL)<\/strong><\/p>\n<p>A causa di una fuga di gas \u00e8 stata disposta la chiusura, in via precauzionale, della strada statale 51 \u201cdi Alemagna\u201d al km 39,500 a Ponte nelle Alpi, in provincia di Belluno. Sul posto sono presenti il personale Anas, i Vigili del Fuoco e le Forze dell\u2019Ordine per la gestione della viabilit\u00e0 e per consentire la riapertura del tratto nel pi\u00f9 breve tempo possibile. Il traffico viene deviato sulla viabilit\u00e0 secondaria, come da indicazioni in loco.<\/p>\n<p>&nbsp;<\/p>\n<p><strong> <span style=\"color: #ff0000;\"><a class=\"dt-pswp-item\" href=\"https:\/\/www.radiopiu.net\/wordpress\/wp-content\/uploads\/2023\/05\/IMG_9157-scaled.jpeg\" data-dt-img-description=\"\" data-large_image_width=\"2560\" data-large_image_height=\"1920\"><img loading=\"lazy\" decoding=\"async\" class=\" wp-image-334954 alignleft\" src=\"https:\/\/www.radiopiu.net\/wordpress\/wp-content\/uploads\/2023\/05\/IMG_9157-300x225.jpeg\" alt=\"\" width=\"251\" height=\"188\" srcset=\"https:\/\/www.radiopiu.net\/wordpress\/wp-content\/uploads\/2023\/05\/IMG_9157-300x225.jpeg 300w, https:\/\/www.radiopiu.net\/wordpress\/wp-content\/uploads\/2023\/05\/IMG_9157-1024x768.jpeg 1024w, https:\/\/www.radiopiu.net\/wordpress\/wp-content\/uploads\/2023\/05\/IMG_9157-768x576.jpeg 768w, https:\/\/www.radiopiu.net\/wordpress\/wp-content\/uploads\/2023\/05\/IMG_9157-1536x1152.jpeg 1536w, https:\/\/www.radiopiu.net\/wordpress\/wp-content\/uploads\/2023\/05\/IMG_9157-2048x1536.jpeg 2048w\" sizes=\"auto, (max-width: 251px) 100vw, 251px\" \/><\/a><\/span>Dalle 16:30 circa, stanno operando presso l\u2019azienda Bayfin a Ponte nelle Alpi per una perdita di GPL avvenuta su una valvola, durante le operazioni di travaso da una piccola autocisterna verso un deposito dell\u2019azienda. Scattato il piano di emergenza l\u2019azienda \u00e8 stata subito evacuata. I vigili del fuoco accorsi con la prima e seconda partenza del comando di Belluno, con il supporto di 2 autobotti, il carro aria e altri 3 mezzi dei volontari e oltre 20 operatori, hanno iniziato le operazioni per abbassare con getti d\u2019acqua nebulizzata la nuvola di gas. Altri vigili del fuoco stanno intervenendo per bloccare la perdita. In arrivo da Milano il nucleo NBCR avanzato (Nucleare Biologico Chimico Radiologico), in quanto il nucleo di Venezia \u00e8 impegnato per un\u2019 altra emergenza in Emilia Romagna. Le strade circostanti per un ampio raggio sono state interdette alla circolazione. Le operazioni di soccorso sono coordinate dal comandate dei vigili del fuoco Antonio del Gallo.<\/strong><\/p>\n<p>&nbsp;<\/p>\n<hr \/>\n<p>&nbsp;<\/p>\n","protected":false},"excerpt":{"rendered":"<p>&nbsp; DI\u00a0 MORENO GIOLI &nbsp; &nbsp; &nbsp; Aggiornamento delle 19:45 La SS 51 di Alemagna \u00e8 stata riaperta al traffico. Si viaggia regolarmente &nbsp; aggiornamento 19.00 dai vigili del fuoco: Perdita di gas intercettata e chiusa In corso le operazioni di messa in sicurezza dell&#8217;autocisterna, in breve tempo, entro le 19.30 dovrebbe riaprire la statale&hellip;<\/p>\n","protected":false},"author":4,"featured_media":334981,"comment_status":"closed","ping_status":"closed","sticky":false,"template":"","format":"standard","meta":{"_monsterinsights_skip_tracking":false,"_monsterinsights_sitenote_active":false,"_monsterinsights_sitenote_note":"","_monsterinsights_sitenote_category":0,"footnotes":""},"categories":[51,49],"tags":[],"class_list":["post-334949","post","type-post","status-publish","format-standard","has-post-thumbnail","hentry","category-evidenza-top","category-news-18","category-51","category-49","description-off"],"img_url":"https:\/\/www.radiopiu.net\/wordpress\/wp-content\/uploads\/2023\/05\/e46b8888-69d1-44e1-bb2f-529c189de99b.jpg","_links":{"self":[{"href":"https:\/\/www.radiopiu.net\/wordpress\/wp-json\/wp\/v2\/posts\/334949","targetHints":{"allow":["GET"]}}],"collection":[{"href":"https:\/\/www.radiopiu.net\/wordpress\/wp-json\/wp\/v2\/posts"}],"about":[{"href":"https:\/\/www.radiopiu.net\/wordpress\/wp-json\/wp\/v2\/types\/post"}],"author":[{"embeddable":true,"href":"https:\/\/www.radiopiu.net\/wordpress\/wp-json\/wp\/v2\/users\/4"}],"replies":[{"embeddable":true,"href":"https:\/\/www.radiopiu.net\/wordpress\/wp-json\/wp\/v2\/comments?post=334949"}],"version-history":[{"count":0,"href":"https:\/\/www.radiopiu.net\/wordpress\/wp-json\/wp\/v2\/posts\/334949\/revisions"}],"wp:featuredmedia":[{"embeddable":true,"href":"https:\/\/www.radiopiu.net\/wordpress\/wp-json\/wp\/v2\/media\/334981"}],"wp:attachment":[{"href":"https:\/\/www.radiopiu.net\/wordpress\/wp-json\/wp\/v2\/media?parent=334949"}],"wp:term":[{"taxonomy":"category","embeddable":true,"href":"https:\/\/www.radiopiu.net\/wordpress\/wp-json\/wp\/v2\/categories?post=334949"},{"taxonomy":"post_tag","embeddable":true,"href":"https:\/\/www.radiopiu.net\/wordpress\/wp-json\/wp\/v2\/tags?post=334949"}],"curies":[{"name":"wp","href":"https:\/\/api.w.org\/{rel}","templated":true}]}}