{"id":334994,"date":"2023-05-08T22:31:21","date_gmt":"2023-05-08T20:31:21","guid":{"rendered":"https:\/\/www.radiopiu.net\/wordpress\/?p=334994"},"modified":"2023-05-08T22:36:51","modified_gmt":"2023-05-08T20:36:51","slug":"ginnastica-ritmica-primi-successi-agordini","status":"publish","type":"post","link":"https:\/\/www.radiopiu.net\/wordpress\/ginnastica-ritmica-primi-successi-agordini\/","title":{"rendered":"GINNASTICA RITMICA, PRIMI SUCCESSI AGORDINI"},"content":{"rendered":"<div class=\"flex-1 overflow-hidden\">\n<div class=\"react-scroll-to-bottom--css-blflc-79elbk h-full dark:bg-gray-800\">\n<div class=\"react-scroll-to-bottom--css-blflc-1n7m0yu\">\n<div class=\"flex flex-col items-center text-sm dark:bg-gray-800\">\n<div class=\"group w-full text-gray-800 dark:text-gray-100 border-b border-black\/10 dark:border-gray-900\/50 bg-gray-50 dark:bg-[#444654]\">\n<div class=\"flex p-4 gap-4 text-base md:gap-6 md:max-w-2xl lg:max-w-xl xl:max-w-3xl md:py-6 lg:px-0 m-auto\">\n<div class=\"relative flex flex-col w-[calc(100%-50px)] gap-1 md:gap-3 lg:w-[calc(100%-115px)]\">\n<div class=\"flex flex-grow flex-col gap-3\">\n<div class=\"min-h-[20px] flex flex-col items-start gap-4 whitespace-pre-wrap break-words\">\n<div class=\"markdown prose w-full break-words dark:prose-invert light\">\n<p><strong>REDAZIONE<\/strong> L&#8217;Agordino:\u00a0 famoso per le sue bellezze naturali e per le numerose attivit\u00e0 sportive che offre. Tra queste attivit\u00e0 c&#8217;\u00e8 il pattinaggio su ghiaccio, ma da qualche anno si \u00e8 aggiunta anche la ginnastica ritmica, grazie all&#8217;impegno dell&#8217;allenatrice Giulia Pardo Franchetti e delle sue allieve. Giulia \u00e8 una giovane e talentuosa allenatrice che ha deciso di portare la ginnastica ritmica nell&#8217;Agordino. Con la sua passione e la sua dedizione \u00e8 riuscita a formare un gruppo di bambine e ragazze che hanno mostrato il loro talento e la loro bravura in occasione della loro prima gara, che si \u00e8 svolta a Piombino Dese (PD). Le coppie Aura Besenzon-Marianna De Nicol\u00f2,\u00a0 Christine Schena-Marianna De Nicol\u00f2, si sono classificate al secondo posto a pari merito, dimostrando di avere grande abilit\u00e0 e precisione nei loro movimenti. La coppia Aurora Olivier &#8211; Elisa Panziera, ha ottenuto il terzo posto nella categoria allieve prima fascia corpo libero. Questi successi sono stati ottenuti grazie al duro lavoro e alla costante preparazione delle ragazze da parte dell&#8217;allenatrice Giulia Pardo Franchetti . La sua dedizione e la sua passione per la ginnastica ritmica hanno permesso alle sue allieve di sviluppare le loro capacit\u00e0 e di esprimere il loro potenziale al meglio. Che questi successi siano solo l&#8217;inizio di una lunga serie di risultati straordinari per la ginnastica ritmica dell&#8217;Agordino.<\/p>\n<\/div>\n\n\t\t\t<style type='text\/css'>\n\t\t\t\t#gallery-1 {\n\t\t\t\t\tmargin: auto;\n\t\t\t\t}\n\t\t\t\t#gallery-1 .gallery-item {\n\t\t\t\t\tfloat: left;\n\t\t\t\t\tmargin-top: 10px;\n\t\t\t\t\ttext-align: center;\n\t\t\t\t\twidth: 33%;\n\t\t\t\t}\n\t\t\t\t#gallery-1 img {\n\t\t\t\t\tborder: 2px solid #cfcfcf;\n\t\t\t\t}\n\t\t\t\t#gallery-1 .gallery-caption {\n\t\t\t\t\tmargin-left: 0;\n\t\t\t\t}\n\t\t\t\t\/* see gallery_shortcode() in wp-includes\/media.php *\/\n\t\t\t<\/style>\n\t\t<div id='gallery-1' class='dt-gallery-container gallery galleryid-334994 gallery-columns-3 gallery-size-medium'><dl class='gallery-item'>\n\t\t\t\t<dt class='gallery-icon portrait'>\n\t\t\t\t\t<a class=\"rollover rollover-zoom dt-pswp-item\" title=\"345432649_631209798471838_3968265320817339727_n\" data-dt-img-description=\"\" data-large_image_width=\"1500\" data-large_image_height=\"2000\"href='https:\/\/www.radiopiu.net\/wordpress\/wp-content\/uploads\/2023\/05\/345432649_631209798471838_3968265320817339727_n-1.jpg'><img loading=\"lazy\" decoding=\"async\" width=\"225\" height=\"300\" src=\"https:\/\/www.radiopiu.net\/wordpress\/wp-content\/uploads\/2023\/05\/345432649_631209798471838_3968265320817339727_n-1-225x300.jpg\" class=\"attachment-medium size-medium\" alt=\"\" srcset=\"https:\/\/www.radiopiu.net\/wordpress\/wp-content\/uploads\/2023\/05\/345432649_631209798471838_3968265320817339727_n-1-225x300.jpg 225w, https:\/\/www.radiopiu.net\/wordpress\/wp-content\/uploads\/2023\/05\/345432649_631209798471838_3968265320817339727_n-1-768x1024.jpg 768w, https:\/\/www.radiopiu.net\/wordpress\/wp-content\/uploads\/2023\/05\/345432649_631209798471838_3968265320817339727_n-1-1152x1536.jpg 1152w, https:\/\/www.radiopiu.net\/wordpress\/wp-content\/uploads\/2023\/05\/345432649_631209798471838_3968265320817339727_n-1.jpg 1500w\" sizes=\"auto, (max-width: 225px) 100vw, 225px\" \/><\/a>\n\t\t\t\t<\/dt><\/dl><dl class='gallery-item'>\n\t\t\t\t<dt class='gallery-icon portrait'>\n\t\t\t\t\t<a class=\"rollover rollover-zoom dt-pswp-item\" title=\"345686666_971652080846226_339387202997316149_n\" data-dt-img-description=\"\" data-large_image_width=\"1500\" data-large_image_height=\"2000\"href='https:\/\/www.radiopiu.net\/wordpress\/wp-content\/uploads\/2023\/05\/345686666_971652080846226_339387202997316149_n-1.jpg'><img loading=\"lazy\" decoding=\"async\" width=\"225\" height=\"300\" src=\"https:\/\/www.radiopiu.net\/wordpress\/wp-content\/uploads\/2023\/05\/345686666_971652080846226_339387202997316149_n-1-225x300.jpg\" class=\"attachment-medium size-medium\" alt=\"\" srcset=\"https:\/\/www.radiopiu.net\/wordpress\/wp-content\/uploads\/2023\/05\/345686666_971652080846226_339387202997316149_n-1-225x300.jpg 225w, https:\/\/www.radiopiu.net\/wordpress\/wp-content\/uploads\/2023\/05\/345686666_971652080846226_339387202997316149_n-1-768x1024.jpg 768w, https:\/\/www.radiopiu.net\/wordpress\/wp-content\/uploads\/2023\/05\/345686666_971652080846226_339387202997316149_n-1-1152x1536.jpg 1152w, https:\/\/www.radiopiu.net\/wordpress\/wp-content\/uploads\/2023\/05\/345686666_971652080846226_339387202997316149_n-1.jpg 1500w\" sizes=\"auto, (max-width: 225px) 100vw, 225px\" \/><\/a>\n\t\t\t\t<\/dt><\/dl><dl class='gallery-item'>\n\t\t\t\t<dt class='gallery-icon landscape'>\n\t\t\t\t\t<a class=\"rollover rollover-zoom dt-pswp-item\" title=\"345711174_188624647419383_5203874406045779265_n\" data-dt-img-description=\"\" data-large_image_width=\"1600\" data-large_image_height=\"1200\"href='https:\/\/www.radiopiu.net\/wordpress\/wp-content\/uploads\/2023\/05\/345711174_188624647419383_5203874406045779265_n-1.jpg'><img loading=\"lazy\" decoding=\"async\" width=\"300\" height=\"225\" src=\"https:\/\/www.radiopiu.net\/wordpress\/wp-content\/uploads\/2023\/05\/345711174_188624647419383_5203874406045779265_n-1-300x225.jpg\" class=\"attachment-medium size-medium\" alt=\"\" srcset=\"https:\/\/www.radiopiu.net\/wordpress\/wp-content\/uploads\/2023\/05\/345711174_188624647419383_5203874406045779265_n-1-300x225.jpg 300w, https:\/\/www.radiopiu.net\/wordpress\/wp-content\/uploads\/2023\/05\/345711174_188624647419383_5203874406045779265_n-1-1024x768.jpg 1024w, https:\/\/www.radiopiu.net\/wordpress\/wp-content\/uploads\/2023\/05\/345711174_188624647419383_5203874406045779265_n-1-768x576.jpg 768w, https:\/\/www.radiopiu.net\/wordpress\/wp-content\/uploads\/2023\/05\/345711174_188624647419383_5203874406045779265_n-1-1536x1152.jpg 1536w, https:\/\/www.radiopiu.net\/wordpress\/wp-content\/uploads\/2023\/05\/345711174_188624647419383_5203874406045779265_n-1.jpg 1600w\" sizes=\"auto, (max-width: 300px) 100vw, 300px\" \/><\/a>\n\t\t\t\t<\/dt><\/dl><br style=\"clear: both\" \/>\n\t\t\t<\/div>\n\n<p>&nbsp;<\/p>\n<\/div>\n<\/div>\n<\/div>\n<\/div>\n<\/div>\n<hr \/>\n<div class=\"group w-full text-gray-800 dark:text-gray-100 border-b border-black\/10 dark:border-gray-900\/50 bg-gray-50 dark:bg-[#444654]\">\n<div class=\"flex p-4 gap-4 text-base md:gap-6 md:max-w-2xl lg:max-w-xl xl:max-w-3xl md:py-6 lg:px-0 m-auto\">\n<div class=\"relative flex flex-col w-[calc(100%-50px)] gap-1 md:gap-3 lg:w-[calc(100%-115px)]\">\n<p>&nbsp;<\/p>\n<\/div>\n<\/div>\n<\/div>\n<\/div>\n<\/div>\n<\/div>\n<\/div>\n","protected":false},"excerpt":{"rendered":"<p>REDAZIONE L&#8217;Agordino:\u00a0 famoso per le sue bellezze naturali e per le numerose attivit\u00e0 sportive che offre. Tra queste attivit\u00e0 c&#8217;\u00e8 il pattinaggio su ghiaccio, ma da qualche anno si \u00e8 aggiunta anche la ginnastica ritmica, grazie all&#8217;impegno dell&#8217;allenatrice Giulia Pardo Franchetti e delle sue allieve. Giulia \u00e8 una giovane e talentuosa allenatrice che ha deciso&hellip;<\/p>\n","protected":false},"author":4,"featured_media":334997,"comment_status":"closed","ping_status":"closed","sticky":false,"template":"","format":"standard","meta":{"_monsterinsights_skip_tracking":false,"_monsterinsights_sitenote_active":false,"_monsterinsights_sitenote_note":"","_monsterinsights_sitenote_category":0,"footnotes":""},"categories":[104,49],"tags":[],"class_list":["post-334994","post","type-post","status-publish","format-standard","has-post-thumbnail","hentry","category-evidenza_3","category-news-18","category-104","category-49","description-off"],"img_url":"https:\/\/www.radiopiu.net\/wordpress\/wp-content\/uploads\/2023\/05\/345432649_631209798471838_3968265320817339727_n.jpg","_links":{"self":[{"href":"https:\/\/www.radiopiu.net\/wordpress\/wp-json\/wp\/v2\/posts\/334994","targetHints":{"allow":["GET"]}}],"collection":[{"href":"https:\/\/www.radiopiu.net\/wordpress\/wp-json\/wp\/v2\/posts"}],"about":[{"href":"https:\/\/www.radiopiu.net\/wordpress\/wp-json\/wp\/v2\/types\/post"}],"author":[{"embeddable":true,"href":"https:\/\/www.radiopiu.net\/wordpress\/wp-json\/wp\/v2\/users\/4"}],"replies":[{"embeddable":true,"href":"https:\/\/www.radiopiu.net\/wordpress\/wp-json\/wp\/v2\/comments?post=334994"}],"version-history":[{"count":0,"href":"https:\/\/www.radiopiu.net\/wordpress\/wp-json\/wp\/v2\/posts\/334994\/revisions"}],"wp:featuredmedia":[{"embeddable":true,"href":"https:\/\/www.radiopiu.net\/wordpress\/wp-json\/wp\/v2\/media\/334997"}],"wp:attachment":[{"href":"https:\/\/www.radiopiu.net\/wordpress\/wp-json\/wp\/v2\/media?parent=334994"}],"wp:term":[{"taxonomy":"category","embeddable":true,"href":"https:\/\/www.radiopiu.net\/wordpress\/wp-json\/wp\/v2\/categories?post=334994"},{"taxonomy":"post_tag","embeddable":true,"href":"https:\/\/www.radiopiu.net\/wordpress\/wp-json\/wp\/v2\/tags?post=334994"}],"curies":[{"name":"wp","href":"https:\/\/api.w.org\/{rel}","templated":true}]}}