{"id":335047,"date":"2023-05-10T09:35:40","date_gmt":"2023-05-10T07:35:40","guid":{"rendered":"https:\/\/www.radiopiu.net\/wordpress\/?p=335047"},"modified":"2023-05-10T09:35:23","modified_gmt":"2023-05-10T07:35:23","slug":"giornale-radiopiu-10-maggio-2023-direttore-mirko-mezzacasa-verso-i-40-anni-25-giugno-1983-25-giugno-2023","status":"publish","type":"post","link":"https:\/\/www.radiopiu.net\/wordpress\/giornale-radiopiu-10-maggio-2023-direttore-mirko-mezzacasa-verso-i-40-anni-25-giugno-1983-25-giugno-2023\/","title":{"rendered":"GIORNALE RADIOPIU 10 MAGGIO 2023 DIRETTORE MIRKO MEZZACASA&#8230;verso i 40 anni 25 giugno 1983-25 giugno 2023"},"content":{"rendered":"<h2 style=\"text-align: left;\"><span style=\"color: #ff0000;\"><span style=\"vertical-align: inherit;\"><a class=\"dt-pswp-item\" href=\"https:\/\/www.radiopiu.net\/wordpress\/wp-content\/uploads\/2023\/04\/e0aad41d-951e-47b9-9fae-1a879a9bcb7e-1.jpg\" data-dt-img-description=\"\" data-large_image_width=\"1200\" data-large_image_height=\"1200\"><img loading=\"lazy\" decoding=\"async\" class=\"wp-image-333205 alignleft\" src=\"https:\/\/www.radiopiu.net\/wordpress\/wp-content\/uploads\/2023\/04\/e0aad41d-951e-47b9-9fae-1a879a9bcb7e-1-300x300.jpg\" alt=\"\" width=\"110\" height=\"110\" srcset=\"https:\/\/www.radiopiu.net\/wordpress\/wp-content\/uploads\/2023\/04\/e0aad41d-951e-47b9-9fae-1a879a9bcb7e-1-300x300.jpg 300w, https:\/\/www.radiopiu.net\/wordpress\/wp-content\/uploads\/2023\/04\/e0aad41d-951e-47b9-9fae-1a879a9bcb7e-1-1024x1024.jpg 1024w, https:\/\/www.radiopiu.net\/wordpress\/wp-content\/uploads\/2023\/04\/e0aad41d-951e-47b9-9fae-1a879a9bcb7e-1-150x150.jpg 150w, https:\/\/www.radiopiu.net\/wordpress\/wp-content\/uploads\/2023\/04\/e0aad41d-951e-47b9-9fae-1a879a9bcb7e-1-768x768.jpg 768w, https:\/\/www.radiopiu.net\/wordpress\/wp-content\/uploads\/2023\/04\/e0aad41d-951e-47b9-9fae-1a879a9bcb7e-1.jpg 1200w\" sizes=\"auto, (max-width: 110px) 100vw, 110px\" \/><\/a><\/span><\/span><\/h2>\n<h2 style=\"text-align: left;\"><span style=\"color: #ff0000;\"><span style=\"vertical-align: inherit;\">ISCRIVITI AL NOSTRO CANALE\u00a0 <\/span><\/span><span style=\"vertical-align: inherit;\"> YOUTUBE PER SEGUIRE IN DIRETTA I PRINCIPALI PROGRAMMI DI RADIO PIU&#8217; E LE FUTURE DIRETTE IN ESTERNA. PER ISCRIVERTI <\/span><a style=\"color: #ff0000;\" href=\"https:\/\/youtube.com\/@radiopiu1527\"><span style=\"vertical-align: inherit;\">CLICCA QUI <\/span><\/a><span style=\"color: #ff0000; font-size: 14px; font-weight: normal;\"><span style=\"vertical-align: inherit;\">E PREMI\u00a0 &#8220;Iscriviti&#8221;\u00a0 \u00a0 \u00a0\u00a0<\/span><\/span><\/h2>\n<p>&nbsp;<\/p>\n<p>&nbsp;<\/p>\n<blockquote>\n<h3><strong>DOMENICA&#8230; FINE ESIBIZIONE A FALCADE, LA GIOIA DEGLI ORGANIZZATORI&#8230;A MOTORI SPENTI\u00a0<\/strong><\/h3>\n<\/blockquote>\n\n\t\t\t<style type='text\/css'>\n\t\t\t\t#gallery-1 {\n\t\t\t\t\tmargin: auto;\n\t\t\t\t}\n\t\t\t\t#gallery-1 .gallery-item {\n\t\t\t\t\tfloat: left;\n\t\t\t\t\tmargin-top: 10px;\n\t\t\t\t\ttext-align: center;\n\t\t\t\t\twidth: 100%;\n\t\t\t\t}\n\t\t\t\t#gallery-1 img {\n\t\t\t\t\tborder: 2px solid #cfcfcf;\n\t\t\t\t}\n\t\t\t\t#gallery-1 .gallery-caption {\n\t\t\t\t\tmargin-left: 0;\n\t\t\t\t}\n\t\t\t\t\/* see gallery_shortcode() in wp-includes\/media.php *\/\n\t\t\t<\/style>\n\t\t<div id='gallery-1' class='dt-gallery-container gallery galleryid-335047 gallery-columns-1 gallery-size-medium'><dl class='gallery-item'>\n\t\t\t\t<dt class='gallery-icon landscape'>\n\t\t\t\t\t<a class=\"rollover rollover-zoom dt-pswp-item\" title=\"5bf8516c-3154-408c-9a9e-452d2e7679d3\" data-dt-img-description=\"\" data-large_image_width=\"2000\" data-large_image_height=\"1500\"href='https:\/\/www.radiopiu.net\/wordpress\/wp-content\/uploads\/2023\/05\/5bf8516c-3154-408c-9a9e-452d2e7679d3-1.jpg'><img loading=\"lazy\" decoding=\"async\" width=\"300\" height=\"225\" src=\"https:\/\/www.radiopiu.net\/wordpress\/wp-content\/uploads\/2023\/05\/5bf8516c-3154-408c-9a9e-452d2e7679d3-1-300x225.jpg\" class=\"attachment-medium size-medium\" alt=\"\" srcset=\"https:\/\/www.radiopiu.net\/wordpress\/wp-content\/uploads\/2023\/05\/5bf8516c-3154-408c-9a9e-452d2e7679d3-1-300x225.jpg 300w, https:\/\/www.radiopiu.net\/wordpress\/wp-content\/uploads\/2023\/05\/5bf8516c-3154-408c-9a9e-452d2e7679d3-1-1024x768.jpg 1024w, https:\/\/www.radiopiu.net\/wordpress\/wp-content\/uploads\/2023\/05\/5bf8516c-3154-408c-9a9e-452d2e7679d3-1-768x576.jpg 768w, https:\/\/www.radiopiu.net\/wordpress\/wp-content\/uploads\/2023\/05\/5bf8516c-3154-408c-9a9e-452d2e7679d3-1-1536x1152.jpg 1536w, https:\/\/www.radiopiu.net\/wordpress\/wp-content\/uploads\/2023\/05\/5bf8516c-3154-408c-9a9e-452d2e7679d3-1.jpg 2000w\" sizes=\"auto, (max-width: 300px) 100vw, 300px\" \/><\/a>\n\t\t\t\t<\/dt><\/dl><br style=\"clear: both\" \/>\n\t\t\t<\/div>\n\n<p>&nbsp;<\/p>\n<blockquote>\n<h3><strong>DOMENICA A SAN TOMASO PER LE PREMIAZIONI DEI CACCIATORI ANZIANI DEL DISTRETTO VENATORIO, CON CINQUE SINDACI, DUE CONSIGLIERI REGIONALI, IL PRESIDENTE DELLA PROVINCIA E DELL&#8217;UNIONE MONTANA\u00a0<\/strong><\/h3>\n<\/blockquote>\n\n\t\t\t<style type='text\/css'>\n\t\t\t\t#gallery-2 {\n\t\t\t\t\tmargin: auto;\n\t\t\t\t}\n\t\t\t\t#gallery-2 .gallery-item {\n\t\t\t\t\tfloat: left;\n\t\t\t\t\tmargin-top: 10px;\n\t\t\t\t\ttext-align: center;\n\t\t\t\t\twidth: 20%;\n\t\t\t\t}\n\t\t\t\t#gallery-2 img {\n\t\t\t\t\tborder: 2px solid #cfcfcf;\n\t\t\t\t}\n\t\t\t\t#gallery-2 .gallery-caption {\n\t\t\t\t\tmargin-left: 0;\n\t\t\t\t}\n\t\t\t\t\/* see gallery_shortcode() in wp-includes\/media.php *\/\n\t\t\t<\/style>\n\t\t<div id='gallery-2' class='dt-gallery-container gallery galleryid-335047 gallery-columns-5 gallery-size-thumbnail'><dl class='gallery-item'>\n\t\t\t\t<dt class='gallery-icon landscape'>\n\t\t\t\t\t<a class=\"rollover rollover-zoom dt-pswp-item\" title=\"4b88df53-34a1-4c5b-a015-c650d76f9b9e\" data-dt-img-description=\"\" data-large_image_width=\"1024\" data-large_image_height=\"768\"href='https:\/\/www.radiopiu.net\/wordpress\/wp-content\/uploads\/2023\/05\/4b88df53-34a1-4c5b-a015-c650d76f9b9e.jpg'><img loading=\"lazy\" decoding=\"async\" width=\"150\" height=\"150\" src=\"https:\/\/www.radiopiu.net\/wordpress\/wp-content\/uploads\/2023\/05\/4b88df53-34a1-4c5b-a015-c650d76f9b9e-150x150.jpg\" class=\"attachment-thumbnail size-thumbnail\" alt=\"\" \/><\/a>\n\t\t\t\t<\/dt><\/dl><dl class='gallery-item'>\n\t\t\t\t<dt class='gallery-icon landscape'>\n\t\t\t\t\t<a class=\"rollover rollover-zoom dt-pswp-item\" title=\"0313f3b0-0523-443e-912f-df43ddc81ee4\" data-dt-img-description=\"\" data-large_image_width=\"1024\" data-large_image_height=\"768\"href='https:\/\/www.radiopiu.net\/wordpress\/wp-content\/uploads\/2023\/05\/0313f3b0-0523-443e-912f-df43ddc81ee4.jpg'><img loading=\"lazy\" decoding=\"async\" width=\"150\" height=\"150\" src=\"https:\/\/www.radiopiu.net\/wordpress\/wp-content\/uploads\/2023\/05\/0313f3b0-0523-443e-912f-df43ddc81ee4-150x150.jpg\" class=\"attachment-thumbnail size-thumbnail\" alt=\"\" \/><\/a>\n\t\t\t\t<\/dt><\/dl><dl class='gallery-item'>\n\t\t\t\t<dt class='gallery-icon landscape'>\n\t\t\t\t\t<a class=\"rollover rollover-zoom dt-pswp-item\" title=\"930b218f-9b95-48c6-91c8-620523fe6cda\" data-dt-img-description=\"\" data-large_image_width=\"1024\" data-large_image_height=\"768\"href='https:\/\/www.radiopiu.net\/wordpress\/wp-content\/uploads\/2023\/05\/930b218f-9b95-48c6-91c8-620523fe6cda.jpg'><img loading=\"lazy\" decoding=\"async\" width=\"150\" height=\"150\" src=\"https:\/\/www.radiopiu.net\/wordpress\/wp-content\/uploads\/2023\/05\/930b218f-9b95-48c6-91c8-620523fe6cda-150x150.jpg\" class=\"attachment-thumbnail size-thumbnail\" alt=\"\" \/><\/a>\n\t\t\t\t<\/dt><\/dl><dl class='gallery-item'>\n\t\t\t\t<dt class='gallery-icon landscape'>\n\t\t\t\t\t<a class=\"rollover rollover-zoom dt-pswp-item\" title=\"dfc7088a-5a93-46c7-b495-a33a5e531691\" data-dt-img-description=\"\" data-large_image_width=\"1024\" data-large_image_height=\"768\"href='https:\/\/www.radiopiu.net\/wordpress\/wp-content\/uploads\/2023\/05\/dfc7088a-5a93-46c7-b495-a33a5e531691.jpg'><img loading=\"lazy\" decoding=\"async\" width=\"150\" height=\"150\" src=\"https:\/\/www.radiopiu.net\/wordpress\/wp-content\/uploads\/2023\/05\/dfc7088a-5a93-46c7-b495-a33a5e531691-150x150.jpg\" class=\"attachment-thumbnail size-thumbnail\" alt=\"\" \/><\/a>\n\t\t\t\t<\/dt><\/dl><dl class='gallery-item'>\n\t\t\t\t<dt class='gallery-icon landscape'>\n\t\t\t\t\t<a class=\"rollover rollover-zoom dt-pswp-item\" title=\"1f0e4535-f564-4d53-ad35-b806848eaca8\" data-dt-img-description=\"\" data-large_image_width=\"1024\" data-large_image_height=\"768\"href='https:\/\/www.radiopiu.net\/wordpress\/wp-content\/uploads\/2023\/05\/1f0e4535-f564-4d53-ad35-b806848eaca8.jpg'><img loading=\"lazy\" decoding=\"async\" width=\"150\" height=\"150\" src=\"https:\/\/www.radiopiu.net\/wordpress\/wp-content\/uploads\/2023\/05\/1f0e4535-f564-4d53-ad35-b806848eaca8-150x150.jpg\" class=\"attachment-thumbnail size-thumbnail\" alt=\"\" \/><\/a>\n\t\t\t\t<\/dt><\/dl><br style=\"clear: both\" \/>\n\t\t\t<\/div>\n\n<p>&nbsp;<\/p>\n<p>&nbsp;<\/p>\n<hr \/>\n<p>&nbsp;<\/p>\n<p><span style=\"color: #ff0000;\"><strong><a class=\"dt-pswp-item\" href=\"https:\/\/www.radiopiu.net\/wordpress\/wp-content\/uploads\/2023\/05\/895f7921-8f3d-4bfa-ac60-7d26302beea3.jpg\" data-dt-img-description=\"\" data-large_image_width=\"354\" data-large_image_height=\"358\"><img loading=\"lazy\" decoding=\"async\" class=\"wp-image-335115 alignleft\" src=\"https:\/\/www.radiopiu.net\/wordpress\/wp-content\/uploads\/2023\/05\/895f7921-8f3d-4bfa-ac60-7d26302beea3-297x300.jpg\" alt=\"\" width=\"148\" height=\"149\" srcset=\"https:\/\/www.radiopiu.net\/wordpress\/wp-content\/uploads\/2023\/05\/895f7921-8f3d-4bfa-ac60-7d26302beea3-297x300.jpg 297w, https:\/\/www.radiopiu.net\/wordpress\/wp-content\/uploads\/2023\/05\/895f7921-8f3d-4bfa-ac60-7d26302beea3-150x150.jpg 150w, https:\/\/www.radiopiu.net\/wordpress\/wp-content\/uploads\/2023\/05\/895f7921-8f3d-4bfa-ac60-7d26302beea3.jpg 354w\" sizes=\"auto, (max-width: 148px) 100vw, 148px\" \/><\/a>E anche STAMANE\u00a0 RADIOPIU si fa in QUATTRO\u00a0 per i suoi ascoltatori&#8230;.<\/strong><\/span><\/p>\n<p><strong>1&#8230;. alle 10.10\u00a0 CISL, LA VOCE PER I LAVORATORI con Alessio Piccoli<\/strong><\/p>\n<p><strong>2&#8230;.alle 10.30\u00a0 SE NON LA SMETTI DI MANDO DAL PRESIDE, CON LA PROF. MARIA ROSA SALMAZO<\/strong><\/p>\n<p><strong>3&#8230;.alle 12.30 giornale radio edizione principale<\/strong><\/p>\n<p><strong>4. &#8230;.alle 15.10 ROCK ROVENTE, IL PROGRAMMA DI MARCO COSTANTINI (foto)<\/strong><\/p>\n<p>&nbsp;<\/p>\n<p>&nbsp;<\/p>\n<p>&nbsp;<\/p>\n<p>&nbsp;<\/p>\n<hr \/>\n<p>&nbsp;<\/p>\n<blockquote>\n<h3>TARIFFA RIFIUTI: RINCARI PER ATTIVITA&#8217; E FAMIGLIE<\/h3>\n<\/blockquote>\n<p><strong><img loading=\"lazy\" decoding=\"async\" class=\"alignleft\" src=\"https:\/\/www.radiopiu.net\/wordpress\/wp-content\/uploads\/2018\/12\/WhatsApp-Image-2018-12-05-at-04.50.34.jpeg\" width=\"206\" height=\"154\" \/>AGORDO<\/strong><\/p>\n<p><strong>DI GIANNI SANTOMASO<\/strong><\/p>\n<audio class=\"wp-audio-shortcode\" id=\"audio-335047-1\" preload=\"none\" style=\"width: 100%;\" controls=\"controls\"><source type=\"audio\/mpeg\" src=\"https:\/\/www.radiopiu.net\/wordpress\/wp-content\/uploads\/2023\/05\/RIFIUTI-GIANNI.mp3?_=1\" \/><a href=\"https:\/\/www.radiopiu.net\/wordpress\/wp-content\/uploads\/2023\/05\/RIFIUTI-GIANNI.mp3\">https:\/\/www.radiopiu.net\/wordpress\/wp-content\/uploads\/2023\/05\/RIFIUTI-GIANNI.mp3<\/a><\/audio>\n<p>&nbsp;<\/p>\n<p><strong>LA DIRETTA DI RADIO PIU<\/strong><\/p>\n<p>https:\/\/www.facebook.com\/marco.baghy.1\/videos\/2504477549730067<\/p>\n<p>&nbsp;<\/p>\n<hr \/>\n<p>&nbsp;<\/p>\n<blockquote>\n<h3>VERSO LA RIDUZIONE DELL&#8217;INQUINAMENTO DOMESTICO<\/h3>\n<\/blockquote>\n<div class=\"flex flex-grow flex-col gap-3\">\n<div class=\"min-h-[20px] flex flex-col items-start gap-4 whitespace-pre-wrap break-words\">\n<div class=\"markdown prose w-full break-words dark:prose-invert light\">\n<p><strong>VENEZIA<\/strong> La Regione Veneto ha varato un nuovo bando per la concessione di contributi regionali destinati alla rottamazione e acquisto di impianti termici domestici a combustione di biomassa legnosa di potenza nominale inferiore a 35 kW. Questa iniziativa mira a incentivare la popolazione a dotarsi di impianti moderni e meno inquinanti e raggiungere cos\u00ec il risanamento dell&#8217;aria. Il bando prevede la possibilit\u00e0 di acquistare anche pompe di calore elettriche, di potenza massima inferiore o uguale a 35 kW. Il contributo regionale si somma a quello statale previsto dal conto termico e pu\u00f2 coprire fino al 100% della spesa ammessa. Sono ammessi al bando i privati residenti nel territorio regionale con una situazione economica familiare non superiore a 50mila euro. La graduatoria sar\u00e0 redatta sulla base della disponibilit\u00e0 economica dei partecipanti e delle emissioni di particolato primario generate dal nuovo impianto, con un punteggio aggiuntivo previsto a seconda del Comune in cui \u00e8 realizzato l&#8217;intervento. Il bando sar\u00e0 pubblicato sul BUR e le manifestazioni di interesse potranno essere presentate dal 16 maggio fino al 17 luglio.<\/p>\n<p><strong>L&#8217;ASSESSORE GIANPAOLO BOTTACIN<\/strong><\/p>\n<\/div>\n<\/div>\n<\/div>\n<div class=\"flex justify-between lg:block\">\n<div class=\"text-gray-400 flex self-end lg:self-center justify-center mt-2 gap-2 md:gap-3 lg:gap-1 lg:absolute lg:top-0 lg:translate-x-full lg:right-0 lg:mt-0 lg:pl-2 visible\">\n<div style=\"width: 352px;\" class=\"wp-video\"><video class=\"wp-video-shortcode\" id=\"video-335047-1\" width=\"352\" height=\"640\" preload=\"metadata\" controls=\"controls\"><source type=\"video\/mp4\" src=\"https:\/\/www.radiopiu.net\/wordpress\/wp-content\/uploads\/2023\/05\/WhatsApp-Video-2023-05-09-at-12.16.42.mp4?_=1\" \/><a href=\"https:\/\/www.radiopiu.net\/wordpress\/wp-content\/uploads\/2023\/05\/WhatsApp-Video-2023-05-09-at-12.16.42.mp4\">https:\/\/www.radiopiu.net\/wordpress\/wp-content\/uploads\/2023\/05\/WhatsApp-Video-2023-05-09-at-12.16.42.mp4<\/a><\/video><\/div>\n<p>&nbsp;<\/p>\n<p>&nbsp;<\/p>\n<hr \/>\n<p>&nbsp;<\/p>\n<p>&nbsp;<\/p>\n<blockquote>\n<h3>ULSS DOLOMITI, NUOVO MODELLO ORGANIZZATIVO PER LE NEUROLOGIE<\/h3>\n<\/blockquote>\n<p><strong><a class=\"dt-pswp-item\" href=\"https:\/\/www.radiopiu.net\/wordpress\/wp-content\/uploads\/2023\/03\/NEUROLOGIA.jpeg\" data-dt-img-description=\"\" data-large_image_width=\"1740\" data-large_image_height=\"1148\"><img loading=\"lazy\" decoding=\"async\" class=\"size-medium wp-image-327180 alignleft\" src=\"https:\/\/www.radiopiu.net\/wordpress\/wp-content\/uploads\/2023\/03\/NEUROLOGIA-300x198.jpeg\" alt=\"\" width=\"300\" height=\"198\" srcset=\"https:\/\/www.radiopiu.net\/wordpress\/wp-content\/uploads\/2023\/03\/NEUROLOGIA-300x198.jpeg 300w, https:\/\/www.radiopiu.net\/wordpress\/wp-content\/uploads\/2023\/03\/NEUROLOGIA-1024x676.jpeg 1024w, https:\/\/www.radiopiu.net\/wordpress\/wp-content\/uploads\/2023\/03\/NEUROLOGIA-768x507.jpeg 768w, https:\/\/www.radiopiu.net\/wordpress\/wp-content\/uploads\/2023\/03\/NEUROLOGIA-1536x1013.jpeg 1536w, https:\/\/www.radiopiu.net\/wordpress\/wp-content\/uploads\/2023\/03\/NEUROLOGIA.jpeg 1740w\" sizes=\"auto, (max-width: 300px) 100vw, 300px\" \/><\/a>BELLUNO<\/strong> L&#8217;Ulss Dolomiti ha annunciato l&#8217;attivazione, in via sperimentale, di un nuovo modello organizzativo per garantire le attivit\u00e0 delle due Neurologie aziendali, sia di ricovero che ambulatoriali. A partire dal 9 maggio 2023, sar\u00e0 prevista una unica pronta disponibilit\u00e0 aziendale del neurologo per il trattamento dei pazienti con codice ictus che necessitano di un trattamento trombolitico durante la notte e\/o il festivo. Le attivit\u00e0 ambulatoriali, i trattamenti per i pazienti con sclerosi multipla e le prestazioni ambulatoriali con priorit\u00e0 brevi continueranno ad essere garantite in entrambi i presidi di Belluno e Feltre, cos\u00ec come le attivit\u00e0 di ricovero. Attualmente, ci sono 7 medici neurologi in servizio, ma l&#8217;azienda sta cercando nuovi professionisti per garantire le attivit\u00e0 delle due Neurologie. Un bando di concorso per medici Neurologi scadr\u00e0 il 18 maggio e si spera che possa portare nuovi professionisti. Sono state attivate anche altre modalit\u00e0 di reperimento delle risorse umane, come bandi sempre aperti a tempo determinato e per contratti in libera professione. Inoltre, l&#8217;azienda ha attivato convenzioni con altre aziende, in particolare con l&#8217;Ulss Marca Trevigiana, per aumentare il numero di turni disponibili per il presidio di Belluno.<\/p>\n<p>&nbsp;<\/p>\n<\/div>\n<\/div>\n<p>&nbsp;<\/p>\n<hr \/>\n<p>&nbsp;<\/p>\n<blockquote>\n<h3>UN ESPOSTO IN PROCURA PER L&#8217;AUTOVELOX DI CANDATEN<\/h3>\n<\/blockquote>\n<p><a class=\"dt-pswp-item\" href=\"https:\/\/www.radiopiu.net\/wordpress\/wp-content\/uploads\/2022\/02\/th-3.jpg\" data-dt-img-description=\"\" data-large_image_width=\"305\" data-large_image_height=\"171\"><img loading=\"lazy\" decoding=\"async\" class=\"size-medium wp-image-258850 alignleft\" src=\"https:\/\/www.radiopiu.net\/wordpress\/wp-content\/uploads\/2022\/02\/th-3-300x168.jpg\" alt=\"\" width=\"300\" height=\"168\" srcset=\"https:\/\/www.radiopiu.net\/wordpress\/wp-content\/uploads\/2022\/02\/th-3-300x168.jpg 300w, https:\/\/www.radiopiu.net\/wordpress\/wp-content\/uploads\/2022\/02\/th-3.jpg 305w\" sizes=\"auto, (max-width: 300px) 100vw, 300px\" \/><\/a><br \/>\n<strong>SEDICO<\/strong> Il sindaco di Sedico, Stefano Deon, \u00e8 stato coinvolto in un esposto presentato alla procura della Repubblica dalla delegazione bellunese dell&#8217;associazione Maggior Tutela, che sta sostenendo i ricorsi di automobilisti contro le multe elevate con gli autovelox. L&#8217;esposto riguarda l&#8217;apparecchio fisso installato sull&#8217;Agordina e accusa il sindaco di persistere nella sanzionare gli utenti con l&#8217;autovelox fisso, nonostante il giudice di pace di Belluno abbia gi\u00e0 annullato alcune sanzioni rilevate utilizzando lo stesso modello di autovelox. L&#8217;associazione ha chiesto al sindaco di sospendere l&#8217;attivit\u00e0 sanzionatoria e di fornire i documenti tecnici richiesti, ma non ha ricevuto risposta.<\/p>\n<p>&nbsp;<\/p>\n<p>&nbsp;<\/p>\n<hr \/>\n<p>&nbsp;<\/p>\n<blockquote>\n<h3>UN NUOVO CENTRO WELLNESS AD ARABBA<\/h3>\n<\/blockquote>\n<p><strong><a class=\"dt-pswp-item\" href=\"https:\/\/www.radiopiu.net\/wordpress\/wp-content\/uploads\/2023\/05\/zona-nuovo-centro-wellness-Arabba.jpg\" data-dt-img-description=\"\" data-large_image_width=\"1469\" data-large_image_height=\"1011\"><img loading=\"lazy\" decoding=\"async\" class=\"size-medium wp-image-335064 alignleft\" src=\"https:\/\/www.radiopiu.net\/wordpress\/wp-content\/uploads\/2023\/05\/zona-nuovo-centro-wellness-Arabba-300x206.jpg\" alt=\"\" width=\"300\" height=\"206\" srcset=\"https:\/\/www.radiopiu.net\/wordpress\/wp-content\/uploads\/2023\/05\/zona-nuovo-centro-wellness-Arabba-300x206.jpg 300w, https:\/\/www.radiopiu.net\/wordpress\/wp-content\/uploads\/2023\/05\/zona-nuovo-centro-wellness-Arabba-1024x705.jpg 1024w, https:\/\/www.radiopiu.net\/wordpress\/wp-content\/uploads\/2023\/05\/zona-nuovo-centro-wellness-Arabba-768x529.jpg 768w, https:\/\/www.radiopiu.net\/wordpress\/wp-content\/uploads\/2023\/05\/zona-nuovo-centro-wellness-Arabba.jpg 1469w\" sizes=\"auto, (max-width: 300px) 100vw, 300px\" \/><\/a>LIVINALLONGO<\/strong><\/p>\n<p>di Lorenzo Soratroi<\/p>\n<p><strong>(nella foto la zona dove nascer\u00e0 il Centro Wellness)<\/strong><\/p>\n<audio class=\"wp-audio-shortcode\" id=\"audio-335047-2\" preload=\"none\" style=\"width: 100%;\" controls=\"controls\"><source type=\"audio\/mpeg\" src=\"https:\/\/www.radiopiu.net\/wordpress\/wp-content\/uploads\/2023\/05\/SORATROI-CENTRO-WELLNESS-ARABBA.mp3?_=2\" \/><a href=\"https:\/\/www.radiopiu.net\/wordpress\/wp-content\/uploads\/2023\/05\/SORATROI-CENTRO-WELLNESS-ARABBA.mp3\">https:\/\/www.radiopiu.net\/wordpress\/wp-content\/uploads\/2023\/05\/SORATROI-CENTRO-WELLNESS-ARABBA.mp3<\/a><\/audio>\n<p>&nbsp;<\/p>\n<hr \/>\n<p>&nbsp;<\/p>\n<blockquote>\n<h3>TURISMO: A PALAZZO BEMBO SARA&#8217; ILLUSTRATA LA CARTA DELL&#8217;ACCOGLEINZA<\/h3>\n<\/blockquote>\n<p><strong>BELLUNO <\/strong>Gioved\u00ec mattina a Palazzo Bembo si illustra la Carta dell\u2019accoglienza e dell\u2019ospitalit\u00e0 della Regione Veneto. L\u2019incontro, organizzato dal Comune di Belluno insieme ai consorzi di promozione turistica del territorio, \u00e8 rivolto agli operatori dell\u2019accoglienza turistica e della ricettivit\u00e0 e, secondo il progetto dell\u2019assessorato al turismo, sar\u00e0 il primo di una serie prevista in autunno. L\u2019incontro, gratuito e rivolto a tutti, prender\u00e0 il via alle 10.30 per concludersi alle 13 circa; a relazionare sul tema sar\u00e0 la dottoressa Elena Bisiol della Regione Veneto.<\/p>\n<p><strong>L\u2019ASSESSORE AL TURISMO DEL COMUNE DI BELLUNO, PAOLO LUCIANI <\/strong><\/p>\n<p><iframe loading=\"lazy\" title=\"IMG 4581\" width=\"1200\" height=\"675\" src=\"https:\/\/www.youtube.com\/embed\/06N-ClEqDMI?feature=oembed\" frameborder=\"0\" allow=\"accelerometer; autoplay; clipboard-write; encrypted-media; gyroscope; picture-in-picture; web-share\" allowfullscreen><\/iframe><\/p>\n<p>&nbsp;<\/p>\n<p>&nbsp;<\/p>\n<hr \/>\n<p>&nbsp;<\/p>\n<p>&nbsp;<\/p>\n<blockquote>\n<h3>L&#8217;AVVISO DEL SINDACO &#8220;SPOSARSI A SELVA SI PUO'&#8221;<\/h3>\n<\/blockquote>\n<p><img loading=\"lazy\" decoding=\"async\" class=\"alignleft\" src=\"https:\/\/www.radiopiu.net\/wordpress\/wp-content\/uploads\/2023\/05\/wedding-1846114__340.jpg\" width=\"289\" height=\"193\" \/><strong>SELVA DI CADORE<\/strong><\/p>\n<p><strong>DI GIANNI SANTOMASO<\/strong><\/p>\n<p>&nbsp;<\/p>\n<audio class=\"wp-audio-shortcode\" id=\"audio-335047-3\" preload=\"none\" style=\"width: 100%;\" controls=\"controls\"><source type=\"audio\/mpeg\" src=\"https:\/\/www.radiopiu.net\/wordpress\/wp-content\/uploads\/2023\/05\/SPOSARSI-A-SELVA-GIANNI-1.mp3?_=3\" \/><a href=\"https:\/\/www.radiopiu.net\/wordpress\/wp-content\/uploads\/2023\/05\/SPOSARSI-A-SELVA-GIANNI-1.mp3\">https:\/\/www.radiopiu.net\/wordpress\/wp-content\/uploads\/2023\/05\/SPOSARSI-A-SELVA-GIANNI-1.mp3<\/a><\/audio>\n<p>&nbsp;<\/p>\n<p>&nbsp;<\/p>\n<p>&nbsp;<\/p>\n<hr \/>\n<p>&nbsp;<\/p>\n<div class=\"page-title-head hgroup\">\n<h3 class=\"entry-title\">UNA PROLOCO IN RIVA AL LAGO. SVILUPPO E VALORIZZAZIONE DEL TERRITORIO<\/h3>\n<\/div>\n<div class=\"page-title-breadcrumbs\"><\/div>\n<p><a class=\"dt-pswp-item\" href=\"https:\/\/www.radiopiu.net\/wordpress\/wp-content\/uploads\/2023\/05\/345584303_144569951809770_5195645195141166248_n.jpg\" data-dt-img-description=\"\" data-large_image_width=\"507\" data-large_image_height=\"720\"><img loading=\"lazy\" decoding=\"async\" class=\"size-medium wp-image-335198 alignleft\" src=\"https:\/\/www.radiopiu.net\/wordpress\/wp-content\/uploads\/2023\/05\/345584303_144569951809770_5195645195141166248_n-211x300.jpg\" alt=\"\" width=\"211\" height=\"300\" srcset=\"https:\/\/www.radiopiu.net\/wordpress\/wp-content\/uploads\/2023\/05\/345584303_144569951809770_5195645195141166248_n-211x300.jpg 211w, https:\/\/www.radiopiu.net\/wordpress\/wp-content\/uploads\/2023\/05\/345584303_144569951809770_5195645195141166248_n.jpg 507w\" sizes=\"auto, (max-width: 211px) 100vw, 211px\" \/><\/a><\/p>\n<p>&nbsp;<\/p>\n<p>&nbsp;<\/p>\n<p>di \u00a0<a class=\"x1i10hfl xjbqb8w x6umtig x1b1mbwd xaqea5y xav7gou x9f619 x1ypdohk xt0psk2 xe8uvvx xdj266r x11i5rnm xat24cr x1mh8g0r xexx8yu x4uap5 x18d9i69 xkhd6sd x16tdsg8 x1hl2dhg xggy1nq x1a2a7pz xt0b8zv xzsf02u x1s688f\" tabindex=\"0\" role=\"link\" href=\"https:\/\/www.facebook.com\/groups\/652012408195427\/user\/100004967407883\/?__cft__[0]=AZXo-_SNdtGOnIfs5wMAOA5xHKzrqaUGmSq1gnqBUFtTNvd6BfomU_VBAkDXH3iAF26zprXcORvCg9brLy1Mj_cTlsqX5RGqvjV9QzJE3rc2jKD0qpGFvCzP3OsJUA9PHIaEiAzMFDObnFS5BrvafvNf&amp;__tn__=-UC%2CP-R\"><strong>Amina De Biasio<\/strong><\/a><\/p>\n<div>\n<div class=\"x1cy8zhl x78zum5 x1q0g3np xod5an3 x1pi30zi x1swvt13 xz9dl7a\">\n<div class=\"x1iyjqo2\">\n<div class=\"x78zum5 xdt5ytf xz62fqu x16ldp7u\">\n<div class=\"xu06os2 x1ok221b\">\n<div class=\"x1rg5ohu\"><\/div>\n<\/div>\n<\/div>\n<\/div>\n<div class=\"xqcrz7y x78zum5 x1qx5ct2 x1y1aw1k x1sxyh0 xwib8y2 xurb0ha xw4jnvo\">\n<div>\n<div class=\"x1i10hfl x1qjc9v5 xjqpnuy xa49m3k xqeqjp1 x2hbi6w x9f619 x1ypdohk xdl72j9 x2lah0s xe8uvvx x2lwn1j xeuugli x16tdsg8 x1hl2dhg xggy1nq x1ja2u2z x1t137rt x1o1ewxj x3x9cwd x1e5q0jg x13rtm0m x1q0g3np x87ps6o x1lku1pv x1a2a7pz xjyslct xjbqb8w x13fuv20 xu3j5b3 x1q0q8m5 x26u7qi x972fbf xcfux6l x1qhh985 xm0m39n x3nfvp2 xdj266r x11i5rnm xat24cr x1mh8g0r xexx8yu x4uap5 x18d9i69 xkhd6sd x1n2onr6 x3ajldb x194ut8o x1vzenxt xd7ygy7 xt298gk x1xhcax0 x1s928wv x10pfhc2 x1j6awrg x1v53gu8 x1tfg27r xitxdhh\" tabindex=\"0\" role=\"button\" aria-expanded=\"false\" aria-haspopup=\"menu\" aria-label=\"Azioni per questo post\">\n<div class=\"x1ey2m1c xds687c xg01cxk x47corl x10l6tqk x17qophe x13vifvy x1ebt8du x19991ni x1dhq9h x14yjl9h xudhj91 x18nykt9 xww2gxu\" data-visualcompletion=\"ignore\"><\/div>\n<\/div>\n<\/div>\n<\/div>\n<\/div>\n<\/div>\n<div>\n<div class=\"\" dir=\"auto\">\n<div id=\":r5j:\" class=\"x1iorvi4 x1pi30zi x1l90r2v x1swvt13\" data-ad-comet-preview=\"message\" data-ad-preview=\"message\">\n<div class=\"x78zum5 xdt5ytf xz62fqu x16ldp7u\">\n<div class=\"xu06os2 x1ok221b\">\n<div class=\"xdj266r x11i5rnm xat24cr x1mh8g0r x1vvkbs x126k92a\">\n<div dir=\"auto\">Finalmente ci siamo!\u00a0 Molti di voi erano gi\u00e0 al corrente di questa novit\u00e0, altri (soprattutto i villeggianti), la conosceranno un po\u2019 alla volta. Ha finalmente (dopo mesi di riunioni, tavoli istituzionali, burocrazia) preso vita la Pro Loco Alleghe Cuore delle Dolomiti!<\/div>\n<\/div>\n<div class=\"x11i5rnm xat24cr x1mh8g0r x1vvkbs xtlvy1s x126k92a\">\n<div dir=\"auto\">Il 19 maggio presso la Sala Stoppani presenteremo a tutti l\u2019associazione, vi racconteremo un po\u2019 come \u00e8 nata e come si pu\u00f2 fare per supportarci. Sar\u00e0 presente anche un rappresentante dell\u2019Amministrazione Comunale, che ci ha appoggiati e supportati dal primo momento, e il Presidente di Unpli Belluno che ci ha seguiti passo passo nella costituzione. Venite?<\/div>\n<\/div>\n<\/div>\n<\/div>\n<\/div>\n<\/div>\n<\/div>\n<p><a class=\"dt-pswp-item\" href=\"https:\/\/www.radiopiu.net\/wordpress\/wp-content\/uploads\/2023\/05\/th-10.jpg\" data-dt-img-description=\"\" data-large_image_width=\"474\" data-large_image_height=\"552\"><img loading=\"lazy\" decoding=\"async\" class=\"wp-image-335202 alignright\" src=\"https:\/\/www.radiopiu.net\/wordpress\/wp-content\/uploads\/2023\/05\/th-10-258x300.jpg\" alt=\"\" width=\"128\" height=\"149\" srcset=\"https:\/\/www.radiopiu.net\/wordpress\/wp-content\/uploads\/2023\/05\/th-10-258x300.jpg 258w, https:\/\/www.radiopiu.net\/wordpress\/wp-content\/uploads\/2023\/05\/th-10.jpg 474w\" sizes=\"auto, (max-width: 128px) 100vw, 128px\" \/><\/a><\/p>\n<p>&nbsp;<\/p>\n<p><strong>IL MESSAGGIO DI DANILO DE TONI, SINDACO DI ALLEGHE<\/strong><\/p>\n<audio class=\"wp-audio-shortcode\" id=\"audio-335047-4\" preload=\"none\" style=\"width: 100%;\" controls=\"controls\"><source type=\"audio\/mpeg\" src=\"https:\/\/www.radiopiu.net\/wordpress\/wp-content\/uploads\/2023\/05\/DANILO.mp3?_=4\" \/><a href=\"https:\/\/www.radiopiu.net\/wordpress\/wp-content\/uploads\/2023\/05\/DANILO.mp3\">https:\/\/www.radiopiu.net\/wordpress\/wp-content\/uploads\/2023\/05\/DANILO.mp3<\/a><\/audio>\n<p>&nbsp;<\/p>\n<p>&nbsp;<\/p>\n<p>&nbsp;<\/p>\n<hr \/>\n<p>&nbsp;<\/p>\n<blockquote>\n<h3>UN INCONTRO A PONTE NELLE ALPI PER PARLARE DI VIDEOGIOCHI<\/h3>\n<\/blockquote>\n<p><strong><a class=\"dt-pswp-item\" href=\"https:\/\/www.radiopiu.net\/wordpress\/wp-content\/uploads\/2023\/05\/Sala_gremita_per_il_benessere_digitale.jpg\" data-dt-img-description=\"\" data-large_image_width=\"1493\" data-large_image_height=\"826\"><img loading=\"lazy\" decoding=\"async\" class=\" wp-image-335068 alignleft\" src=\"https:\/\/www.radiopiu.net\/wordpress\/wp-content\/uploads\/2023\/05\/Sala_gremita_per_il_benessere_digitale-300x166.jpg\" alt=\"\" width=\"197\" height=\"109\" srcset=\"https:\/\/www.radiopiu.net\/wordpress\/wp-content\/uploads\/2023\/05\/Sala_gremita_per_il_benessere_digitale-300x166.jpg 300w, https:\/\/www.radiopiu.net\/wordpress\/wp-content\/uploads\/2023\/05\/Sala_gremita_per_il_benessere_digitale-1024x567.jpg 1024w, https:\/\/www.radiopiu.net\/wordpress\/wp-content\/uploads\/2023\/05\/Sala_gremita_per_il_benessere_digitale-768x425.jpg 768w, https:\/\/www.radiopiu.net\/wordpress\/wp-content\/uploads\/2023\/05\/Sala_gremita_per_il_benessere_digitale.jpg 1493w\" sizes=\"auto, (max-width: 197px) 100vw, 197px\" \/><\/a>PONTE NELLE ALPI <\/strong>Sala gremita, al Parco Ex Casa Rossa, per la presentazione del \u201cPatto di comunit\u00e0 per il benessere digitale\u201d di Ponte nelle Alpi. Il gruppo spontaneo \u201cGenitori per Genitori\u201d ha promosso ieri sera (luned\u00ec 8 maggio) un incontro sul tema \u201dVideogame, istruzioni d\u2019uso per genitori\u201d, con la presenza di Gregorio Ceccone, pedagogista, esperto di media e comunicazione digitale.<span class=\"gmail-Apple-converted-space\"> \u00a0<\/span>Mamme, pap\u00e0 e insegnanti, provenienti da tutta la provincia di Belluno, hanno ascoltato con interesse la relazione e approfondito un progetto, sottoscritto da oltre cinquanta famiglie: progetto che ha avuto rilievo a livello nazionale e nasce dal confronto tra un gruppo di genitori sull\u2019educazione digitale dei figli.<span class=\"gmail-Apple-converted-space\">\u00a0<\/span><\/p>\n<p>&nbsp;<\/p>\n<p>&nbsp;<\/p>\n<hr \/>\n<p>&nbsp;<\/p>\n<blockquote>\n<h3>PAOLO COLLESELLI CONFERMATO PRESIDENTE DELL&#8217;ASSOCIAZIONE CUCCHINI<\/h3>\n<\/blockquote>\n<p><strong><a class=\"dt-pswp-item\" href=\"https:\/\/www.radiopiu.net\/wordpress\/wp-content\/uploads\/2023\/05\/Consiglio.jpg\" data-dt-img-description=\"\" data-large_image_width=\"1024\" data-large_image_height=\"768\"><img loading=\"lazy\" decoding=\"async\" class=\" wp-image-335087 alignleft\" src=\"https:\/\/www.radiopiu.net\/wordpress\/wp-content\/uploads\/2023\/05\/Consiglio-300x225.jpg\" alt=\"\" width=\"132\" height=\"99\" srcset=\"https:\/\/www.radiopiu.net\/wordpress\/wp-content\/uploads\/2023\/05\/Consiglio-300x225.jpg 300w, https:\/\/www.radiopiu.net\/wordpress\/wp-content\/uploads\/2023\/05\/Consiglio-768x576.jpg 768w, https:\/\/www.radiopiu.net\/wordpress\/wp-content\/uploads\/2023\/05\/Consiglio.jpg 1024w\" sizes=\"auto, (max-width: 132px) 100vw, 132px\" \/><\/a>BELLUNO <\/strong>Cucchini prosegue il suo impegno a favore di chi soffre nel segno della continuit\u00e0. Sabato scorso l\u2019assemblea ordinaria dei soci ha rinnovato le cariche sociali. Rieletti in blocco per il prossimo triennio tutti i consiglieri, a cui si aggiunge di nuova elezione Luisa Emma Bortoluzzi. Il consiglio dell\u2019associazione sar\u00e0 quindi formato ancora da Paolo Colleselli, Alessandra Mazzetto, Mos\u00e8 Pinzon, Vittorino Roni, Matteo Toscani, Cristina Zannini e appunto Luisa Emma Bortoluzzi. Confermato alla presidenza il professor Colleselli, che avr\u00e0 come vice ancora Alessandra Mazzetto.<\/p>\n<p>&nbsp;<\/p>\n<p>&nbsp;<\/p>\n<hr \/>\n<p>&nbsp;<\/p>\n<h3>EUROPE DAY, ANNUALE FESTA DELL&#8217;EUROPA IN CAMERA DI COMMERCIO<\/h3>\n<blockquote><p><em><a class=\"dt-pswp-item\" href=\"https:\/\/www.radiopiu.net\/wordpress\/wp-content\/uploads\/2023\/05\/europe-day-1.jpg\" data-dt-img-description=\"\" data-large_image_width=\"2000\" data-large_image_height=\"1500\"><img loading=\"lazy\" decoding=\"async\" class=\"size-medium wp-image-335125 alignleft\" src=\"https:\/\/www.radiopiu.net\/wordpress\/wp-content\/uploads\/2023\/05\/europe-day-1-300x225.jpg\" alt=\"\" width=\"300\" height=\"225\" srcset=\"https:\/\/www.radiopiu.net\/wordpress\/wp-content\/uploads\/2023\/05\/europe-day-1-300x225.jpg 300w, https:\/\/www.radiopiu.net\/wordpress\/wp-content\/uploads\/2023\/05\/europe-day-1-1024x768.jpg 1024w, https:\/\/www.radiopiu.net\/wordpress\/wp-content\/uploads\/2023\/05\/europe-day-1-768x576.jpg 768w, https:\/\/www.radiopiu.net\/wordpress\/wp-content\/uploads\/2023\/05\/europe-day-1-1536x1152.jpg 1536w, https:\/\/www.radiopiu.net\/wordpress\/wp-content\/uploads\/2023\/05\/europe-day-1.jpg 2000w\" sizes=\"auto, (max-width: 300px) 100vw, 300px\" \/><\/a>\u201cMi rivolgo in particolare modo ai giovani &#8211; evidenzia il Presidente della Camera di Commercio di Treviso &#8211; Belluno|Dolomiti Mario Pozza &#8211; perch\u00e9 oggi ricordiamo la pace in Europa con gli strumenti che abbiamo a disposizione come la \u00a0digitalizzazione che \u00e8 tra i compiti che\u00a0la Camera di Commercio ha nel promuovere e sostenere lo sviluppo \u00a0del paese.<\/em><\/p><\/blockquote>\n<p><strong>BELLUNO<\/strong> Ieri il centro Europe Direct Montagna Veneta del GAL Prealpi e Dolomiti ha celebrato insieme alla Camera di Commercio di Treviso-Belluno| Dolomiti l\u2019Europe Day, l\u2019annuale Festa dell\u2019Europa. L&#8217;iniziativa si \u00e8 svolta in corrispondenza della \u201cGiornata dell\u2019Europa\u201d che si celebra ogni anno il 9 maggio, e ha approfondito la tematica del digitale, al centro delle priorit\u00e0 <em><a class=\"dt-pswp-item\" href=\"https:\/\/www.radiopiu.net\/wordpress\/wp-content\/uploads\/2023\/05\/europe-day-2.jpg\" data-dt-img-description=\"\" data-large_image_width=\"2000\" data-large_image_height=\"1500\"><img loading=\"lazy\" decoding=\"async\" class=\"size-medium wp-image-335126 alignright\" src=\"https:\/\/www.radiopiu.net\/wordpress\/wp-content\/uploads\/2023\/05\/europe-day-2-300x225.jpg\" alt=\"\" width=\"300\" height=\"225\" srcset=\"https:\/\/www.radiopiu.net\/wordpress\/wp-content\/uploads\/2023\/05\/europe-day-2-300x225.jpg 300w, https:\/\/www.radiopiu.net\/wordpress\/wp-content\/uploads\/2023\/05\/europe-day-2-1024x768.jpg 1024w, https:\/\/www.radiopiu.net\/wordpress\/wp-content\/uploads\/2023\/05\/europe-day-2-768x576.jpg 768w, https:\/\/www.radiopiu.net\/wordpress\/wp-content\/uploads\/2023\/05\/europe-day-2-1536x1152.jpg 1536w, https:\/\/www.radiopiu.net\/wordpress\/wp-content\/uploads\/2023\/05\/europe-day-2.jpg 2000w\" sizes=\"auto, (max-width: 300px) 100vw, 300px\" \/><\/a><\/em>strategiche dell\u2019Unione europea. Numerosi gli interventi che hanno messo in luce aspetti e curiosit\u00e0 della sfera digitale, con particolare attenzione ai servizi digitali a supporto delle imprese e alla transizione digitale nello strumento Next GenerationEU. La giornata di studio si \u00e8 conclusa con un\u2019analisi sulla cibersicurezza e uso consapevole della rete. L\u2019evento \u00e8 stato riservato alle scuole superiori, ma \u00e8 stato trasmesso in diretta streaming rivolto a tutti i cittadini. L\u2019 #EuropeDay celebra la pace e l\u2019unit\u00e0 in Europa e commemora l&#8217;anniversario della storica dichiarazione in cui l\u2019allora ministro degli Esteri francese Robert Schuman espose l\u2019idea di una nuova forma di collaborazione politica in Europa, che ha portato alla nascita dell&#8217;Unione europea. La giornata di studio si \u00e8 conclusa con un\u2019analisi sulla cibersicurezza e uso consapevole della rete, a cura del direttore tecnico capo Letterio Saverio Costa e del sostituto commissario Brancaleone Gianluca del C.O.S.C. &#8211; Centro Operativo per la Sicurezza Cibernetica Veneto &#8211; Polizia Postale e delle Comunicazioni.<\/p>\n<p>&nbsp;<\/p>\n<hr \/>\n<p>&nbsp;<\/p>\n<h2><\/h2>\n<h3><strong><a class=\"dt-pswp-item\" href=\"https:\/\/www.radiopiu.net\/wordpress\/wp-content\/uploads\/2022\/03\/FOLLADOR-AGORDO-1.jpg\" data-dt-img-description=\"\" data-large_image_width=\"1280\" data-large_image_height=\"720\"><img loading=\"lazy\" decoding=\"async\" class=\" wp-image-267095 alignleft\" src=\"https:\/\/www.radiopiu.net\/wordpress\/wp-content\/uploads\/2022\/03\/FOLLADOR-AGORDO-1-300x169.jpg\" alt=\"\" width=\"165\" height=\"93\" srcset=\"https:\/\/www.radiopiu.net\/wordpress\/wp-content\/uploads\/2022\/03\/FOLLADOR-AGORDO-1-300x169.jpg 300w, https:\/\/www.radiopiu.net\/wordpress\/wp-content\/uploads\/2022\/03\/FOLLADOR-AGORDO-1-1024x576.jpg 1024w, https:\/\/www.radiopiu.net\/wordpress\/wp-content\/uploads\/2022\/03\/FOLLADOR-AGORDO-1-768x432.jpg 768w, https:\/\/www.radiopiu.net\/wordpress\/wp-content\/uploads\/2022\/03\/FOLLADOR-AGORDO-1.jpg 1280w\" sizes=\"auto, (max-width: 165px) 100vw, 165px\" \/><\/a><span style=\"color: #800080;\">COSA CHIEDE IL MONDO DEL LAVORO ALLA SCUOLA? L&#8217;INCONTRO AL FOLLADOR IL 19 MAGGIO<\/span><\/strong><\/h3>\n<p><strong>di Mirko Mezzacasa<\/strong><\/p>\n<p>OSPITI: Tomaso Avoscan, Michele Costa e Dino Preloran<\/p>\n<audio class=\"wp-audio-shortcode\" id=\"audio-335047-5\" preload=\"none\" style=\"width: 100%;\" controls=\"controls\"><source type=\"audio\/mpeg\" src=\"https:\/\/www.radiopiu.net\/wordpress\/wp-content\/uploads\/2023\/05\/WORK-SHOP-PRIMA-PARTE-OK.mp3?_=5\" \/><a href=\"https:\/\/www.radiopiu.net\/wordpress\/wp-content\/uploads\/2023\/05\/WORK-SHOP-PRIMA-PARTE-OK.mp3\">https:\/\/www.radiopiu.net\/wordpress\/wp-content\/uploads\/2023\/05\/WORK-SHOP-PRIMA-PARTE-OK.mp3<\/a><\/audio>\n<p>&nbsp;<\/p>\n<p>&nbsp;<\/p>\n<p>&nbsp;<\/p>\n<hr \/>\n<p>&nbsp;<\/p>\n<blockquote>\n<h3>LIONS CHIAMAL&#8217;AFRICA 2023 CON PADRE MOSCHETTI<\/h3>\n<\/blockquote>\n<p><strong>FELTRE <\/strong>\u00abLa storia si ripete, solo con colori e culture diverse\u00bb: questo il pensiero di padre Daniele Moschetti, missionario comboniano per anni attivo in Africa e ora a Castelvolturno per i diritti e l&#8217;accoglienza dei migranti, ospite nella serata di luned\u00ec al primo appuntamento di LionsChiAmaL&#8217;Africa 2023 proposto dal Lions Club Feltre Host con la collaborazione del Leo Club Feltre, della Diocesi di Belluno-Feltre, del Centro Missionario Diocesano e patrocinata dal Comune di Feltre. Sul palco dell&#8217;Auditorium dell&#8217;Istituto Canossiano di Feltre, padre Moschetti ha portato la sua esperienza fatta di culture e di incontri tra culture.<\/p>\n<p><iframe loading=\"lazy\" title=\"LIONSCHIAMAL&#039;AFRICA\" width=\"1200\" height=\"675\" src=\"https:\/\/www.youtube.com\/embed\/nApBv5PU_pg?feature=oembed\" frameborder=\"0\" allow=\"accelerometer; autoplay; clipboard-write; encrypted-media; gyroscope; picture-in-picture; web-share\" allowfullscreen><\/iframe><\/p>\n<p>&nbsp;<\/p>\n<hr \/>\n<p>&nbsp;<\/p>\n<blockquote>\n<h3>POCHI GIORNI AL TAPPONE DOLOMITICO, LONGARONE SI PREPARA<\/h3>\n<\/blockquote>\n<p><strong>LONGARONE<\/strong>\u00a0 Mancano poco pi\u00f9 di due settimane al tappone dolomitico che quasi sicuramente decider\u00e0 il Giro d\u2019Italia 2023. E Longarone Fiere Dolomiti \u00e8 gi\u00e0 pronta per diventare villaggio rosa. Da qui la mattina del 26 maggio partir\u00e0 la frazione che attraverser\u00e0 tutta la provincia e porter\u00e0 i ciclisti sul Campolongo, sul Valparola, sul Giau e sul Tre Croci, prima della salita finale alle Tre Cime di Lavaredo. Ma non c\u2019\u00e8 solo la tappa: la Fiera, insieme ai Comuni di Longarone, Soverzene e Ponte nelle Alpi, ha definito un ricco calendario di eventi di avvicinamento al Giro. Due appuntamenti sono dedicati alle famiglie e al cicloturismo.<\/p>\n<p><strong>ENRICO DE BONA COORDINATORE COMITATO DI TAPPA<\/strong><\/p>\n<div style=\"width: 1200px;\" class=\"wp-video\"><video class=\"wp-video-shortcode\" id=\"video-335047-2\" width=\"1200\" height=\"675\" preload=\"metadata\" controls=\"controls\"><source type=\"video\/mp4\" src=\"https:\/\/www.radiopiu.net\/wordpress\/wp-content\/uploads\/2023\/05\/01-Villaggio-in-rosa-le-pedalate.mp4?_=2\" \/><a href=\"https:\/\/www.radiopiu.net\/wordpress\/wp-content\/uploads\/2023\/05\/01-Villaggio-in-rosa-le-pedalate.mp4\">https:\/\/www.radiopiu.net\/wordpress\/wp-content\/uploads\/2023\/05\/01-Villaggio-in-rosa-le-pedalate.mp4<\/a><\/video><\/div>\n<p>&nbsp;<\/p>\n<p>&nbsp;<\/p>\n<hr \/>\n<p>&nbsp;<\/p>\n<p><b> SECONDO CONCERTO E SECONDO TUTTO ESAURITO: LE ORME INCONTRANO IL SUCCESSO A FELTRE EVENTI<\/b><\/p>\n<p>&nbsp;<\/p>\n<p><a class=\"dt-pswp-item\" href=\"https:\/\/www.radiopiu.net\/wordpress\/wp-content\/uploads\/2023\/05\/21aec439-c41c-42f0-bee4-286116396c6d-300x169-1.jpg\" data-dt-img-description=\"\" data-large_image_width=\"300\" data-large_image_height=\"169\"><img loading=\"lazy\" decoding=\"async\" class=\" wp-image-335174 alignleft\" src=\"https:\/\/www.radiopiu.net\/wordpress\/wp-content\/uploads\/2023\/05\/21aec439-c41c-42f0-bee4-286116396c6d-300x169-1.jpg\" alt=\"\" width=\"241\" height=\"136\" \/><\/a>Giulio Zallot e Ivan Zatta, i responsabili dell&#8217;associazione Feltre Eventi, hanno ottenuto un&#8217;altra grande vittoria grazie al concerto delle Orme, che ha esaurito tutti i posti disponibili con diversi giorni di anticipo rispetto alla data dell&#8217;evento. Dopo il successo dei\u00a0 New Trolls, la band storica italiana si esibir\u00e0 dal vivo nel capannone della sagra di San Vittore per celebrare i cinquant&#8217;anni dalla pubblicazione dell&#8217;album &#8220;Felona e sorona&#8221;, uno dei pi\u00f9 rappresentativi del gruppo. Ci saranno anche i due storici musicisti della formazione: il chitarrista Tolo Marton e il tastierista Tony Pagliuca. Nonostante il tutto esaurito, chi non ha ancora acquistato il biglietto pu\u00f2 tentare la fortuna e verificare se qualche posto prenotato e pagato non venga confermato per imprevisti dell&#8217;ultimo minuto<br \/>\n<strong>L&#8217;INTERVISTA<\/strong><\/p>\n<audio class=\"wp-audio-shortcode\" id=\"audio-335047-6\" preload=\"none\" style=\"width: 100%;\" controls=\"controls\"><source type=\"audio\/mpeg\" src=\"https:\/\/www.radiopiu.net\/wordpress\/wp-content\/uploads\/2023\/04\/CONCERTO-LE-ORME.mp3?_=6\" \/><a href=\"https:\/\/www.radiopiu.net\/wordpress\/wp-content\/uploads\/2023\/04\/CONCERTO-LE-ORME.mp3\">https:\/\/www.radiopiu.net\/wordpress\/wp-content\/uploads\/2023\/04\/CONCERTO-LE-ORME.mp3<\/a><\/audio>\n<p>&nbsp;<\/p>\n<p><strong>IL SALUTO DI TONY PAGLIUCA\u00a0<\/strong><\/p>\n<audio class=\"wp-audio-shortcode\" id=\"audio-335047-7\" preload=\"none\" style=\"width: 100%;\" controls=\"controls\"><source type=\"audio\/mpeg\" src=\"https:\/\/www.radiopiu.net\/wordpress\/wp-content\/uploads\/2023\/04\/pagliuca.mp3?_=7\" \/><a href=\"https:\/\/www.radiopiu.net\/wordpress\/wp-content\/uploads\/2023\/04\/pagliuca.mp3\">https:\/\/www.radiopiu.net\/wordpress\/wp-content\/uploads\/2023\/04\/pagliuca.mp3<\/a><\/audio>\n<p>&nbsp;<\/p>\n<p>&nbsp;<\/p>\n<p>&nbsp;<\/p>\n<hr \/>\n<p>&nbsp;<\/p>\n<blockquote>\n<h3>37^ MOSTRA ARTIGIANALE, C&#8217;E&#8217; IL PROGRAMMA E IL PARTNER<\/h3>\n<\/blockquote>\n<p><strong><a class=\"dt-pswp-item\" href=\"https:\/\/www.radiopiu.net\/wordpress\/wp-content\/uploads\/2023\/05\/d05e1bff-3358-4c71-a399-385f0251118e.jpg\" data-dt-img-description=\"\" data-large_image_width=\"2000\" data-large_image_height=\"1500\"><img loading=\"lazy\" decoding=\"async\" class=\"wp-image-335143 alignleft\" src=\"https:\/\/www.radiopiu.net\/wordpress\/wp-content\/uploads\/2023\/05\/d05e1bff-3358-4c71-a399-385f0251118e-300x225.jpg\" alt=\"\" width=\"217\" height=\"163\" srcset=\"https:\/\/www.radiopiu.net\/wordpress\/wp-content\/uploads\/2023\/05\/d05e1bff-3358-4c71-a399-385f0251118e-300x225.jpg 300w, https:\/\/www.radiopiu.net\/wordpress\/wp-content\/uploads\/2023\/05\/d05e1bff-3358-4c71-a399-385f0251118e-1024x768.jpg 1024w, https:\/\/www.radiopiu.net\/wordpress\/wp-content\/uploads\/2023\/05\/d05e1bff-3358-4c71-a399-385f0251118e-768x576.jpg 768w, https:\/\/www.radiopiu.net\/wordpress\/wp-content\/uploads\/2023\/05\/d05e1bff-3358-4c71-a399-385f0251118e-1536x1152.jpg 1536w, https:\/\/www.radiopiu.net\/wordpress\/wp-content\/uploads\/2023\/05\/d05e1bff-3358-4c71-a399-385f0251118e.jpg 2000w\" sizes=\"auto, (max-width: 217px) 100vw, 217px\" \/><\/a><\/strong><\/p>\n<p>&nbsp;<\/p>\n<p>&nbsp;<\/p>\n<p>&nbsp;<\/p>\n<p>&nbsp;<\/p>\n<p><strong>FELTRE<\/strong><\/p>\n<p><strong>DI MORENO GIOLI<\/strong><\/p>\n<audio class=\"wp-audio-shortcode\" id=\"audio-335047-8\" preload=\"none\" style=\"width: 100%;\" controls=\"controls\"><source type=\"audio\/mpeg\" src=\"https:\/\/www.radiopiu.net\/wordpress\/wp-content\/uploads\/2023\/05\/parco-e-mostra-artigianato.mp3?_=8\" \/><a href=\"https:\/\/www.radiopiu.net\/wordpress\/wp-content\/uploads\/2023\/05\/parco-e-mostra-artigianato.mp3\">https:\/\/www.radiopiu.net\/wordpress\/wp-content\/uploads\/2023\/05\/parco-e-mostra-artigianato.mp3<\/a><\/audio>\n<p>&nbsp;<\/p>\n<p>&nbsp;<\/p>\n<hr \/>\n<p><a class=\"dt-pswp-item\" href=\"https:\/\/www.radiopiu.net\/wordpress\/wp-content\/uploads\/2023\/05\/buz-pic-1.jpg\" data-dt-img-description=\"\" data-large_image_width=\"692\" data-large_image_height=\"977\"><img loading=\"lazy\" decoding=\"async\" class=\"size-medium wp-image-335117 alignleft\" src=\"https:\/\/www.radiopiu.net\/wordpress\/wp-content\/uploads\/2023\/05\/buz-pic-1-212x300.jpg\" alt=\"\" width=\"212\" height=\"300\" srcset=\"https:\/\/www.radiopiu.net\/wordpress\/wp-content\/uploads\/2023\/05\/buz-pic-1-212x300.jpg 212w, https:\/\/www.radiopiu.net\/wordpress\/wp-content\/uploads\/2023\/05\/buz-pic-1.jpg 692w\" sizes=\"auto, (max-width: 212px) 100vw, 212px\" \/><\/a><\/p>\n<blockquote>\n<h3>&#8220;Ecco i vincitori del concorso letterario &#8220;Sulle tracce di Dino Buzzati&#8221;:<\/h3>\n<\/blockquote>\n<p><strong>BELLUNO<\/strong> Il Csv Belluno Treviso organizzer\u00e0 la premiazione del concorso letterario &#8220;Sulle tracce di Dino Buzzati&#8221; il prossimo 13 maggio al centro Giovanni XXIII. Il concorso era aperto agli studenti universitari con residenza in Veneto o Lombardia, e richiedeva la presentazione di un tema o saggio breve sul rapporto tra uomo e montagna, in relazione al legame di Buzzati con le Dolomiti. I primi tre classificati riceveranno un montepremi totale di 1500 euro, e saranno letti alcuni estratti dei loro elaborati. L&#8217;evento prevede anche la proiezione del film &#8220;I miracoli di Valmorel&#8221; di Roberto &#8220;Brio&#8221; Bristot, ispirato all&#8217;opera buzzatiana. L&#8217;evento \u00e8 patrocinato da varie associazioni culturali e l&#8217;ingresso \u00e8 libero fino ad esaurimento posti. Per maggiori informazioni: <a href=\"mailto:cendoc@csvbltv.it\">cendoc@csvbltv.it<\/a>, 0437 950374.<\/p>\n<p>&nbsp;<\/p>\n<p>&nbsp;<\/p>\n<p>&nbsp;<\/p>\n<hr \/>\n<p>&nbsp;<\/p>\n<p><span style=\"color: #ff0000;\"><strong>SCEGLI\u00a0 E AIUTA I VOLONTARI DEL\u00a0 TUO TERRITORIO!<\/strong><\/span><\/p>\n\n\t\t\t<style type='text\/css'>\n\t\t\t\t#gallery-3 {\n\t\t\t\t\tmargin: auto;\n\t\t\t\t}\n\t\t\t\t#gallery-3 .gallery-item {\n\t\t\t\t\tfloat: left;\n\t\t\t\t\tmargin-top: 10px;\n\t\t\t\t\ttext-align: center;\n\t\t\t\t\twidth: 100%;\n\t\t\t\t}\n\t\t\t\t#gallery-3 img {\n\t\t\t\t\tborder: 2px solid #cfcfcf;\n\t\t\t\t}\n\t\t\t\t#gallery-3 .gallery-caption {\n\t\t\t\t\tmargin-left: 0;\n\t\t\t\t}\n\t\t\t\t\/* see gallery_shortcode() in wp-includes\/media.php *\/\n\t\t\t<\/style>\n\t\t<div id='gallery-3' class='dt-gallery-container gallery galleryid-335047 gallery-columns-1 gallery-size-medium'><dl class='gallery-item'>\n\t\t\t\t<dt class='gallery-icon portrait'>\n\t\t\t\t\t<a class=\"rollover rollover-zoom dt-pswp-item\" title=\"72bb3a84-d20a-40da-bbf9-cbac9b27aa1b\" data-dt-img-description=\"\" data-large_image_width=\"720\" data-large_image_height=\"1020\"href='https:\/\/www.radiopiu.net\/wordpress\/wp-content\/uploads\/2023\/05\/72bb3a84-d20a-40da-bbf9-cbac9b27aa1b.jpg'><img loading=\"lazy\" decoding=\"async\" width=\"212\" height=\"300\" src=\"https:\/\/www.radiopiu.net\/wordpress\/wp-content\/uploads\/2023\/05\/72bb3a84-d20a-40da-bbf9-cbac9b27aa1b-212x300.jpg\" class=\"attachment-medium size-medium\" alt=\"\" srcset=\"https:\/\/www.radiopiu.net\/wordpress\/wp-content\/uploads\/2023\/05\/72bb3a84-d20a-40da-bbf9-cbac9b27aa1b-212x300.jpg 212w, https:\/\/www.radiopiu.net\/wordpress\/wp-content\/uploads\/2023\/05\/72bb3a84-d20a-40da-bbf9-cbac9b27aa1b.jpg 720w\" sizes=\"auto, (max-width: 212px) 100vw, 212px\" \/><\/a>\n\t\t\t\t<\/dt><\/dl><br style=\"clear: both\" \/>\n\t\t\t<\/div>\n\n<hr \/>\n<p>&nbsp;<\/p>\n<blockquote>\n<h3>\u00a0UN MERCATINO DI TORTE, MANO TESA ALLA MATERNA<\/h3>\n<\/blockquote>\n<p><strong>CANALE D&#8217;AGORDO<\/strong>\u00a0 Due appuntamenti alla scuola materna Giovanni Paolo. Domenica il mercatino della festa della mamma, organizzato a favore della scuola materna. Torte e dolci fatti in casa verranno proposti a partire dalle 9 davanti al municipio, i proventi andranno a favore della scuola.\u00a0 Mercoledi alle 20 Alla Giovanni Paolo I si parler\u00e0\u00a0 invece di sicurezza dei bambini durante un incontro promosso dalla Croce Rossa del comitato di Feltre e dedicato alle manovre di disostruzione delle vie aeree in et\u00e0 pediatrica. L&#8217;incontro \u00e8 aperto a tutti, senza la necessit\u00e0 di iscrizione o prenotazione.<\/p>\n<p>&nbsp;<\/p>\n<hr \/>\n<p>&nbsp;<\/p>\n<blockquote>\n<h3>IL RADUNO VESPA CLUB MOD A FALCADE<\/h3>\n<\/blockquote>\n<p><strong><a class=\"dt-pswp-item\" href=\"https:\/\/www.radiopiu.net\/wordpress\/wp-content\/uploads\/2023\/05\/b3a03eeb-694f-439c-8634-8e37cab231a3.jpg\" data-dt-img-description=\"\" data-large_image_width=\"1024\" data-large_image_height=\"768\"><img loading=\"lazy\" decoding=\"async\" class=\" wp-image-335049 alignleft\" src=\"https:\/\/www.radiopiu.net\/wordpress\/wp-content\/uploads\/2023\/05\/b3a03eeb-694f-439c-8634-8e37cab231a3-300x225.jpg\" alt=\"\" width=\"157\" height=\"118\" srcset=\"https:\/\/www.radiopiu.net\/wordpress\/wp-content\/uploads\/2023\/05\/b3a03eeb-694f-439c-8634-8e37cab231a3-300x225.jpg 300w, https:\/\/www.radiopiu.net\/wordpress\/wp-content\/uploads\/2023\/05\/b3a03eeb-694f-439c-8634-8e37cab231a3-768x576.jpg 768w, https:\/\/www.radiopiu.net\/wordpress\/wp-content\/uploads\/2023\/05\/b3a03eeb-694f-439c-8634-8e37cab231a3.jpg 1024w\" sizes=\"auto, (max-width: 157px) 100vw, 157px\" \/><\/a>FELTRE <\/strong>Domenica, nonostante le previsioni meteo avverse, un nutrito gruppo di circa 30 vespisti \u00e8 partito da Feltre in direzione Falcade per la benedizione annuale dei propri mezzi. La scelta \u00e8 ricaduta anche quest&#8217;anno sulla chiesa della valle del Biois per il rapporto di amicizia con il parroco, Don Andrea, appassionato motociclista e vespista. Dopo la messa delle ore 10:30 e la lettura della preghiera del vespista, il parroco ha benedetto i mezzi presenti sul piazzale antistante e consegnato ai partecipanti un ricordo della giornata. A seguire il Vespa Club Feltre ha organizzato un rinfresco per poi ripartire per il giro di rientro accompagnato da qualche goccia d&#8217;acqua.<\/p>\n<p>&nbsp;<\/p>\n<p>&nbsp;<\/p>\n<hr \/>\n<p>&nbsp;<\/p>\n<blockquote>\n<h3>IL GIRO D\u2019ITALIA ALLE TRE CIME DI LAVAREDO, BUS NAVETTA PER MISURINA<\/h3>\n<\/blockquote>\n<p><strong><a class=\"dt-pswp-item\" href=\"https:\/\/www.radiopiu.net\/wordpress\/wp-content\/uploads\/2023\/05\/5-24\u00a9Echialessandrosogne.jpg\" data-dt-img-description=\"\" data-large_image_width=\"2500\" data-large_image_height=\"1667\"><img loading=\"lazy\" decoding=\"async\" class=\" wp-image-335083 alignleft\" src=\"https:\/\/www.radiopiu.net\/wordpress\/wp-content\/uploads\/2023\/05\/5-24\u00a9Echialessandrosogne-300x200.jpg\" alt=\"\" width=\"176\" height=\"117\" srcset=\"https:\/\/www.radiopiu.net\/wordpress\/wp-content\/uploads\/2023\/05\/5-24\u00a9Echialessandrosogne-300x200.jpg 300w, https:\/\/www.radiopiu.net\/wordpress\/wp-content\/uploads\/2023\/05\/5-24\u00a9Echialessandrosogne-1024x683.jpg 1024w, https:\/\/www.radiopiu.net\/wordpress\/wp-content\/uploads\/2023\/05\/5-24\u00a9Echialessandrosogne-768x512.jpg 768w, https:\/\/www.radiopiu.net\/wordpress\/wp-content\/uploads\/2023\/05\/5-24\u00a9Echialessandrosogne-1536x1024.jpg 1536w, https:\/\/www.radiopiu.net\/wordpress\/wp-content\/uploads\/2023\/05\/5-24\u00a9Echialessandrosogne-2048x1366.jpg 2048w\" sizes=\"auto, (max-width: 176px) 100vw, 176px\" \/><\/a>AURONZO <\/strong>Venerd\u00ec 26 maggio Il Giro d\u2019Italia proporr\u00e0 una delle tappe decisive, la Longarone \u2013 Tre Cime di Lavaredo (rifugio Auronzo), 183 chilometri e 5.400 metri di dislivello che costituiranno uno dei momenti pi\u00f9 spettacolari della corsa rosa. In vista dell\u2019evento, il comitato tappa e il comune di Auronzo di Cadore hanno predisposto, in collaborazione con la societ\u00e0 Dolomiti Bus, un servizio di bus navetta che consentir\u00e0 agli appassionati il trasporto da Auronzo a Misurina e ritorno. I posti a disposizione per tale servizio sono 3 mila. L&#8217;acquisto dei biglietti pu\u00f2 essere effettuato scaricando l&#8217;App di Dolomiti Bus ( <a href=\"https:\/\/dolomitibus.it\/it\/l\/app-dolomiti\/index\">https:\/\/dolomitibus.it\/it\/l\/app-dolomiti\/index<\/a> ) fino al 20 maggio o fino ad esaurimento dei posti disponibili. Il costo del biglietto \u00e8 di 15 euro. Il servizio inizier\u00e0 alle ore 8.00 di venerd\u00ec 26 maggio e continuer\u00e0 senza interruzioni fino alle ore 12.00. Il deflusso inizier\u00e0 dopo il transito del \u201cfine corsa\u201d, prevedibilmente non prima delle ore 18.00 e continuer\u00e0 fino al trasporto dell\u2019ultimo avente diritto.<\/p>\n<p>&nbsp;<\/p>\n<p>&nbsp;<\/p>\n<hr \/>\n<p>&nbsp;<\/p>\n<blockquote>\n<h3>PROTOCOLLO D&#8217;INTESA UNCEM-AIPND<\/h3>\n<\/blockquote>\n<p><strong><a class=\"dt-pswp-item\" href=\"https:\/\/www.radiopiu.net\/wordpress\/wp-content\/uploads\/2020\/11\/logoUNCEM_no_scritta-wdtr.jpg\" data-dt-img-description=\"\" data-large_image_width=\"640\" data-large_image_height=\"640\"><img loading=\"lazy\" decoding=\"async\" class=\"wp-image-170846 alignleft\" src=\"https:\/\/www.radiopiu.net\/wordpress\/wp-content\/uploads\/2020\/11\/logoUNCEM_no_scritta-wdtr-300x300.jpg\" alt=\"\" width=\"105\" height=\"105\" srcset=\"https:\/\/www.radiopiu.net\/wordpress\/wp-content\/uploads\/2020\/11\/logoUNCEM_no_scritta-wdtr-300x300.jpg 300w, https:\/\/www.radiopiu.net\/wordpress\/wp-content\/uploads\/2020\/11\/logoUNCEM_no_scritta-wdtr-150x150.jpg 150w, https:\/\/www.radiopiu.net\/wordpress\/wp-content\/uploads\/2020\/11\/logoUNCEM_no_scritta-wdtr.jpg 640w\" sizes=\"auto, (max-width: 105px) 100vw, 105px\" \/><\/a>ROMA<\/strong> Uncem e Aipnd, Associazione Italiana Prove non Distruttive Monitoraggio Diagnostica, hanno sottoscritto a Cortina d&#8217;Ampezzo il rinnovo del protocollo d&#8217;intesa per garantire un migliore monitoraggio e la diagnostica su ponti, dighe, impianti a fune, immobili pubblici e privati. Un&#8217;intesa nata nel 2018, riferita in particolare agli invasi, e poi rafforzata all&#8217;indomani del crollo del ponte Morandi a Genova. Formazione, prevenzione, consulenza per attivit\u00e0 di ispezione e indagine per la sicurezza e l&#8217;affidabilit\u00e0 delle infrastrutture. Per dare sicurezza ai territori e strumenti ai Sindaci, alle Amministrazioni, agli uffici tecnici degli Enti locali.<\/p>\n<p>&nbsp;<\/p>\n<p>&nbsp;<\/p>\n<hr \/>\n<p>&nbsp;<\/p>\n<p>&nbsp;<\/p>\n<p><span style=\"color: #ff0000;\"><strong>SCEGLI\u00a0 E AIUTA I VOLONTARI DEL\u00a0 TUO TERRITORIO!<\/strong><\/span><\/p>\n\n\t\t\t<style type='text\/css'>\n\t\t\t\t#gallery-4 {\n\t\t\t\t\tmargin: auto;\n\t\t\t\t}\n\t\t\t\t#gallery-4 .gallery-item {\n\t\t\t\t\tfloat: left;\n\t\t\t\t\tmargin-top: 10px;\n\t\t\t\t\ttext-align: center;\n\t\t\t\t\twidth: 100%;\n\t\t\t\t}\n\t\t\t\t#gallery-4 img {\n\t\t\t\t\tborder: 2px solid #cfcfcf;\n\t\t\t\t}\n\t\t\t\t#gallery-4 .gallery-caption {\n\t\t\t\t\tmargin-left: 0;\n\t\t\t\t}\n\t\t\t\t\/* see gallery_shortcode() in wp-includes\/media.php *\/\n\t\t\t<\/style>\n\t\t<div id='gallery-4' class='dt-gallery-container gallery galleryid-335047 gallery-columns-1 gallery-size-medium'><dl class='gallery-item'>\n\t\t\t\t<dt class='gallery-icon portrait'>\n\t\t\t\t\t<a class=\"rollover rollover-zoom dt-pswp-item\" title=\"99993023-0a27-4b3d-9b23-3e74404ba1a3\" data-dt-img-description=\"\" data-large_image_width=\"715\" data-large_image_height=\"1024\"href='https:\/\/www.radiopiu.net\/wordpress\/wp-content\/uploads\/2023\/05\/99993023-0a27-4b3d-9b23-3e74404ba1a3.jpg'><img loading=\"lazy\" decoding=\"async\" width=\"209\" height=\"300\" src=\"https:\/\/www.radiopiu.net\/wordpress\/wp-content\/uploads\/2023\/05\/99993023-0a27-4b3d-9b23-3e74404ba1a3-209x300.jpg\" class=\"attachment-medium size-medium\" alt=\"\" srcset=\"https:\/\/www.radiopiu.net\/wordpress\/wp-content\/uploads\/2023\/05\/99993023-0a27-4b3d-9b23-3e74404ba1a3-209x300.jpg 209w, https:\/\/www.radiopiu.net\/wordpress\/wp-content\/uploads\/2023\/05\/99993023-0a27-4b3d-9b23-3e74404ba1a3.jpg 715w\" sizes=\"auto, (max-width: 209px) 100vw, 209px\" \/><\/a>\n\t\t\t\t<\/dt><\/dl><br style=\"clear: both\" \/>\n\t\t\t<\/div>\n\n<p>&nbsp;<\/p>\n<hr \/>\n<p>&nbsp;<\/p>\n<blockquote>\n<h3>UN NUOVO FRIGIMELICA A PALAZZO FULCIS<\/h3>\n<\/blockquote>\n<p><strong><a class=\"dt-pswp-item\" href=\"https:\/\/www.radiopiu.net\/wordpress\/wp-content\/uploads\/2023\/05\/Senza-nome-35.jpg\" data-dt-img-description=\"\" data-large_image_width=\"581\" data-large_image_height=\"508\"><img loading=\"lazy\" decoding=\"async\" class=\"wp-image-335180 alignleft\" src=\"https:\/\/www.radiopiu.net\/wordpress\/wp-content\/uploads\/2023\/05\/Senza-nome-35-300x262.jpg\" alt=\"\" width=\"206\" height=\"180\" srcset=\"https:\/\/www.radiopiu.net\/wordpress\/wp-content\/uploads\/2023\/05\/Senza-nome-35-300x262.jpg 300w, https:\/\/www.radiopiu.net\/wordpress\/wp-content\/uploads\/2023\/05\/Senza-nome-35.jpg 581w\" sizes=\"auto, (max-width: 206px) 100vw, 206px\" \/><\/a>pittore della Controriforma nel Bellunese e non solo<\/strong><br \/>\n<strong>BELLUNO<\/strong> Il Museo Civico di Belluno da ieri accoglie ufficialmente una tela di devozione privata di Francesco Frigimelica il Vecchio. Un&#8217;opera ritrovata circa 60 anni fa in una casa in Alpago, ed ora &#8211; grazie al generoso gesto di Tatiana Prinzivalli e Annalisa Garbin, con l&#8217;intermediazione di Marco Perale &#8211; depositata ed esposta al Museo, dove rimarr\u00e0 per due anni in comodato d&#8217;uso, auspicabilmente rinnovabile. Il commendator Giovanni Garbin, ha rivelato la figlia Annalisa,\u00a0 in un sopralluogo di lavoro in un paese dell&#8217;Alpago, in un&#8217;abitazione privata, rimase colpito da questo quadro e lo acquist\u00f2, o forse fu un regalo. Lo tenne in scorta ancora molti anni i: sue opere si trovano nelle chiese della Valbelluna, ma anche del Primiero e dell&#8217;Alto Trevigiano, nonch\u00e9 all&#8217;estero, a Budapest. \u00c8 conosciuto soprattutto come autore di pale d&#8217;altare, ma la sua produzione \u00e8 entrata anche in luoghi privati. Questo dipi<\/p>\n<p>&nbsp;<\/p>\n<hr \/>\n<p>&nbsp;<\/p>\n<blockquote>\n<h3>Parole a nuovo, parole in memoria, parole di speranza.<\/h3>\n<p><strong>L&#8217;INTERVENTO<\/strong><br \/>\n<strong>DI Maria Rita Gentilin SPI CGIL BELLUNO\u00a0\u00a0<\/strong><br \/>\n<em>Azione del Sindacato dei pensionati della Cgil e dell&#8217;Anpi di Belluno che ha portato all&#8217;inaugurazione di una nuova lapide in onore del partigiano Simeone Marin, che \u00e8 morto durante la resistenza contro le forze tedesche durante la Seconda Guerra Mondiale. Si tratta di un gesto per mantenere vivo il ricordo dei partigiani e dei loro ideali di libert\u00e0 e democrazia. L&#8217;inaugurazione della lapide avr\u00e0 luogo il 12 maggio e sar\u00e0 presieduta da diverse autorit\u00e0 locali e rappresentanti sindacali.<\/em><\/p><\/blockquote>\n<p><a class=\"dt-pswp-item\" href=\"https:\/\/www.radiopiu.net\/wordpress\/wp-content\/uploads\/2023\/05\/286213775_554496652735683_54185644219786702_n.jpg\" data-dt-img-description=\"\" data-large_image_width=\"640\" data-large_image_height=\"640\"><img loading=\"lazy\" decoding=\"async\" class=\" wp-image-335169 alignleft\" src=\"https:\/\/www.radiopiu.net\/wordpress\/wp-content\/uploads\/2023\/05\/286213775_554496652735683_54185644219786702_n-300x300.jpg\" alt=\"\" width=\"242\" height=\"242\" srcset=\"https:\/\/www.radiopiu.net\/wordpress\/wp-content\/uploads\/2023\/05\/286213775_554496652735683_54185644219786702_n-300x300.jpg 300w, https:\/\/www.radiopiu.net\/wordpress\/wp-content\/uploads\/2023\/05\/286213775_554496652735683_54185644219786702_n-150x150.jpg 150w, https:\/\/www.radiopiu.net\/wordpress\/wp-content\/uploads\/2023\/05\/286213775_554496652735683_54185644219786702_n.jpg 640w\" sizes=\"auto, (max-width: 242px) 100vw, 242px\" \/><\/a>Si pu\u00f2 riassumere cos\u00ec l&#8217;azione del Sindacato dei pensionati della Cgil e dell&#8217;Anpi di Belluno che porta ad inaugurare una nuova lapide sul cippo di roccia posto a destra, appena dentro il ciglio stradale, 500mt prima di raggiungere Forcella Staulanza in territorio della Val di Zoldo. Sono le cose che si fanno con le mani, in sinergia con gli istituti antifascisti, che danno onore ai nostri partigiani.<br \/>\nE&#8217; il volere ripristinare i luoghi dove riposano quei nomi di giovani uomini, ora solcati sulla pietra, che fa la differenza tra parlare e ricordare. E&#8217; il rendere frequentati gli spazi dedicati ai valorosi che definisce un futuro basato sugli ideali di libert\u00e0 e democrazia.<br \/>\nE gli onori sono per il partigiano Settantaquattro, Simeone Marin, un giovane ragazzo nato ad Alleghe il 25 aprile del 1920 e morto a Palafavera il 06 aprile del 1945. Sbandatosi l&#8217;otto settembre 1943, ader\u00ec alla Brigata Valcordevole operante sulle montagne tra Alleghe e Zoldo, \u00c8 tra i partigiani che rimasero in montagna durante l&#8217;inverno 44-45. Durante quell&#8217;inverno si adoper\u00f2 per la ricostruzione delle formazioni partigiane.e partecip\u00f2 a tante azioni di guerra contro le forze armate tedesche in rastrellamento.<br \/>\nIl 6 aprile dopo una violenta azione di guerra a distanza i tedeschi si ritirarono. Ma un probabile cecchino durante la ritirata spar\u00f2 in quella direzione dove al riparo di un mucchio di sabbia era posizionato Simeone e lo colp\u00ec. L&#8217;omaggio al partigiano Simeone, la deposizione della corona di alloro, l&#8217;inaugurazione della lapide avr\u00e0 inizio alle ore 11.00 di venerd\u00ec 12 maggio alla presenza della Segretaria Generale dello Spi Cgil Veneto, Elena Di Gregorio assieme a Denise Casanova Segretaria Generale Camera Del Lavoro di Belluno, lo Spi Cgil di Belluno e l&#8217;Anpi nella figura del Presidente provinciale Gino Sperandio. Il saluto sar\u00e0 portato dal Sindaco di Val di Zoldo, Camillo De Pellegrin. Presente anche Danilo Toccane che ha tenuto i contatti con la sede nazionale e il territorio.<\/p>\n<p>&nbsp;<\/p>\n<p>&nbsp;<\/p>\n<p>&nbsp;<\/p>\n<p>&nbsp;<\/p>\n<hr \/>\n<p>&nbsp;<\/p>\n<blockquote>\n<h3>I CONCORSI DELLA POLIZIA<\/h3>\n<\/blockquote>\n<p><strong>BELLUNO<\/strong> Sul portale unico della poliziadistato.it \u00e8 pubblicato il bando per l&#8217;assunzione di 28 atleti da assegnare ai gruppi sportivi della Polizia di Stato-Fiamme Oro, inquadrati nel ruolo degli agente e assistenti<\/p>\n<p>&nbsp;<\/p>\n<hr \/>\n<p>&nbsp;<\/p>\n<blockquote>\n<h3><strong>ULSS1, CONCORSI E RICERCHE<\/strong><\/h3>\n<\/blockquote>\n<p><strong>BELLUNO<\/strong> Prosegue la ricerca di personale in Ulss Dolomiti per rafforzare il personale. Nello specifico: 1 posto per Logopedista 2 posti per dirigente medico nella disciplina di Neurologia 2 posti per dirigente medico nella disciplina di Psichiatria 4 posti per dirigente medico nella disciplina di Ortopedia e Traumatologia 5 posti per operatore tecnico specializzato \u2013 autista di ambulanza 1 posto per dirigente medico nella disciplina di Medicina del Lavoro e Sicurezza degli Ambienti di Lavoro 1 posto per dirigente medico nella disciplina di Patologia Clinica (Laboratorio di Analisi chimico-cliniche e microbiologia) 4 posti per operatore tecnico specializzato &#8211; magazziniere 1 posto per dirigente medico nella disciplina di Organizzazione dei Servizi Sanitari di Base. Per informazioni e per consultare i bandi di concorso <a href=\"http:\/\/www.aulss1.veneto.it\/\">www.aulss1.veneto.it<\/a><\/p>\n<p>&nbsp;<\/p>\n<p>&nbsp;<\/p>\n<hr \/>\n<p>&nbsp;<\/p>\n<blockquote>\n<h3>L&#8217;AMMINISTRAZIONE COMUNALE USCENTE DI CANALE INCONTRA LA POPOLAZIONE<\/h3>\n<\/blockquote>\n<p><strong>CANALE D&#8217;AGORDO<\/strong>\u00a0 Domani alle 20 in Sala Emigranti a Canale D&#8217;Agordo l&#8217;amministrazione comunale uscente organizza un incontro per fare il punto sull&#8217;attivit\u00e0 svolta e gli obbiettivi raggiunti negli ultimi 5 anni di mandato. La popolazione \u00e8 invitata.<\/p>\n<p>&nbsp;<\/p>\n<p>&nbsp;<\/p>\n<hr \/>\n<div>\n<p>&nbsp;<\/p>\n<blockquote>\n<h3>DOMENICA IL COMUNE DI FALCADE RIPROPONE IL MERCATO &#8220;FIORE, AMORE E BUON UMORE&#8221;. MOSTRA MERCATO 2023, PRESSO L&#8217;AREA PARCO GIOCHI DI FALCADE<\/h3>\n<\/blockquote>\n<p><a class=\"dt-pswp-item\" href=\"https:\/\/www.radiopiu.net\/wordpress\/wp-content\/uploads\/2023\/05\/Senza-nome-34.jpg\" data-dt-img-description=\"\" data-large_image_width=\"503\" data-large_image_height=\"341\"><img loading=\"lazy\" decoding=\"async\" class=\"alignnone wp-image-335116\" src=\"https:\/\/www.radiopiu.net\/wordpress\/wp-content\/uploads\/2023\/05\/Senza-nome-34-300x203.jpg\" alt=\"\" width=\"194\" height=\"131\" srcset=\"https:\/\/www.radiopiu.net\/wordpress\/wp-content\/uploads\/2023\/05\/Senza-nome-34-300x203.jpg 300w, https:\/\/www.radiopiu.net\/wordpress\/wp-content\/uploads\/2023\/05\/Senza-nome-34.jpg 503w\" sizes=\"auto, (max-width: 194px) 100vw, 194px\" \/><\/a><\/p>\n<p>&nbsp;<\/p>\n<hr \/>\n<p>&nbsp;<\/p>\n<\/div>\n<h2><span style=\"color: #ff00ff;\">IERI ALLA RADIO<\/span><\/h2>\n<p>&nbsp;<\/p>\n<h3><strong><a class=\"dt-pswp-item\" href=\"https:\/\/www.radiopiu.net\/wordpress\/wp-content\/uploads\/2023\/05\/8244a27e-8ca1-4548-bf92-302d11e4d3ab.jpg\" data-dt-img-description=\"\" data-large_image_width=\"1024\" data-large_image_height=\"768\"><img loading=\"lazy\" decoding=\"async\" class=\" wp-image-335096 alignleft\" src=\"https:\/\/www.radiopiu.net\/wordpress\/wp-content\/uploads\/2023\/05\/8244a27e-8ca1-4548-bf92-302d11e4d3ab-300x225.jpg\" alt=\"\" width=\"157\" height=\"118\" srcset=\"https:\/\/www.radiopiu.net\/wordpress\/wp-content\/uploads\/2023\/05\/8244a27e-8ca1-4548-bf92-302d11e4d3ab-300x225.jpg 300w, https:\/\/www.radiopiu.net\/wordpress\/wp-content\/uploads\/2023\/05\/8244a27e-8ca1-4548-bf92-302d11e4d3ab-768x576.jpg 768w, https:\/\/www.radiopiu.net\/wordpress\/wp-content\/uploads\/2023\/05\/8244a27e-8ca1-4548-bf92-302d11e4d3ab.jpg 1024w\" sizes=\"auto, (max-width: 157px) 100vw, 157px\" \/><\/a><\/strong><span style=\"color: #99cc00;\">DOMENICA LA TERZA EDIZIONE DEL TORNEO DELLE FRAZIONI SUL BROI DI AGORDO<\/span><\/h3>\n<p><strong>di Marco Gaz<\/strong><\/p>\n<p>OSPITI: Matteo Chissal\u00e8 e Alessandra Da Ronch<\/p>\n<audio class=\"wp-audio-shortcode\" id=\"audio-335047-9\" preload=\"none\" style=\"width: 100%;\" controls=\"controls\"><source type=\"audio\/mpeg\" src=\"https:\/\/www.radiopiu.net\/wordpress\/wp-content\/uploads\/2023\/05\/TORENO-FRAZIONI-MATTEO-E-ALESSANDRA.mp3?_=9\" \/><a href=\"https:\/\/www.radiopiu.net\/wordpress\/wp-content\/uploads\/2023\/05\/TORENO-FRAZIONI-MATTEO-E-ALESSANDRA.mp3\">https:\/\/www.radiopiu.net\/wordpress\/wp-content\/uploads\/2023\/05\/TORENO-FRAZIONI-MATTEO-E-ALESSANDRA.mp3<\/a><\/audio>\n<p>&nbsp;<\/p>\n<hr \/>\n<p>&nbsp;<\/p>\n<h2><span style=\"color: #008080;\">&#8220;DINTORN E FORA VIA&#8221;\u00a0<\/span><span style=\"color: #008080;\"> IL PROGRAMMA\u00a0 <\/span><span style=\"color: #008080;\">A CURA DEL MUSLA\u00a0\u00a0<\/span><\/h2>\n<h1 style=\"text-align: center;\"><strong><span style=\"color: #ff0000;\">SECONDO ANNO\u00a0\u00a0<\/span><\/strong><\/h1>\n<p><strong><a class=\"dt-pswp-item\" href=\"https:\/\/www.radiopiu.net\/wordpress\/wp-content\/uploads\/2023\/05\/file.jpg\" data-dt-img-description=\"\" data-large_image_width=\"640\" data-large_image_height=\"640\"><img loading=\"lazy\" decoding=\"async\" class=\" wp-image-334905 alignleft\" src=\"https:\/\/www.radiopiu.net\/wordpress\/wp-content\/uploads\/2023\/05\/file-300x300.jpg\" alt=\"\" width=\"118\" height=\"118\" srcset=\"https:\/\/www.radiopiu.net\/wordpress\/wp-content\/uploads\/2023\/05\/file-300x300.jpg 300w, https:\/\/www.radiopiu.net\/wordpress\/wp-content\/uploads\/2023\/05\/file-150x150.jpg 150w, https:\/\/www.radiopiu.net\/wordpress\/wp-content\/uploads\/2023\/05\/file.jpg 640w\" sizes=\"auto, (max-width: 118px) 100vw, 118px\" \/><\/a>PUNTATA 09 MAGGIO CHIARA FRENA<\/strong><\/p>\n<audio class=\"wp-audio-shortcode\" id=\"audio-335047-10\" preload=\"none\" style=\"width: 100%;\" controls=\"controls\"><source type=\"audio\/mpeg\" src=\"https:\/\/www.radiopiu.net\/wordpress\/wp-content\/uploads\/2023\/05\/MUSLA-1.mp3?_=10\" \/><a href=\"https:\/\/www.radiopiu.net\/wordpress\/wp-content\/uploads\/2023\/05\/MUSLA-1.mp3\">https:\/\/www.radiopiu.net\/wordpress\/wp-content\/uploads\/2023\/05\/MUSLA-1.mp3<\/a><\/audio>\n<p>&nbsp;<\/p>\n<p><strong>LA RACCOLTA COMPLETA<\/strong><\/p>\n<blockquote class=\"wp-embedded-content\" data-secret=\"BnSpPjqeJz\"><p><a href=\"https:\/\/www.radiopiu.net\/wordpress\/musla\/\">MUSLA<\/a><\/p><\/blockquote>\n<p><iframe loading=\"lazy\" class=\"wp-embedded-content\" sandbox=\"allow-scripts\" security=\"restricted\" style=\"position: absolute; clip: rect(1px, 1px, 1px, 1px);\" title=\"&#8220;MUSLA&#8221; &#8212; Radio Pi\u00f9\" src=\"https:\/\/www.radiopiu.net\/wordpress\/musla\/embed\/#?secret=1pJXx7Mzzg#?secret=BnSpPjqeJz\" data-secret=\"BnSpPjqeJz\" width=\"600\" height=\"338\" frameborder=\"0\" marginwidth=\"0\" marginheight=\"0\" scrolling=\"no\"><\/iframe><\/p>\n<p>&nbsp;<\/p>\n<hr \/>\n<p>&nbsp;<\/p>\n<blockquote>\n<h1>IERI LA TERZA PUNTATA<\/h1>\n<\/blockquote>\n<blockquote class=\"wp-embedded-content\" data-secret=\"CKTOHaAt8x\"><p><a href=\"https:\/\/www.radiopiu.net\/wordpress\/il-ritorno-di-alice-bettolo-i-mille-passi-seconda-puntata\/\">IL RITORNO DI ALICE BETTOLO, &#8220;I MILLE PASSI&#8221;, seconda puntata<\/a><\/p><\/blockquote>\n<p><iframe loading=\"lazy\" class=\"wp-embedded-content\" sandbox=\"allow-scripts\" security=\"restricted\" style=\"position: absolute; clip: rect(1px, 1px, 1px, 1px);\" title=\"&#8220;IL RITORNO DI ALICE BETTOLO, &#8220;I MILLE PASSI&#8221;, seconda puntata&#8221; &#8212; Radio Pi\u00f9\" src=\"https:\/\/www.radiopiu.net\/wordpress\/il-ritorno-di-alice-bettolo-i-mille-passi-seconda-puntata\/embed\/#?secret=Ql9VMF2Pfb#?secret=CKTOHaAt8x\" data-secret=\"CKTOHaAt8x\" width=\"600\" height=\"338\" frameborder=\"0\" marginwidth=\"0\" marginheight=\"0\" scrolling=\"no\"><\/iframe><\/p>\n<p>&nbsp;<\/p>\n<p>&nbsp;<\/p>\n<hr \/>\n<p>&nbsp;<\/p>\n<blockquote class=\"wp-embedded-content\" data-secret=\"Dc5Q6Bp2dn\"><p><a href=\"https:\/\/www.radiopiu.net\/wordpress\/la-bellezza-dellinformazione-un-evento-per-la-sensibilizzazione-sul-tumore-ovarico\/\">&#8220;La bellezza dell&#8217;informazione: un evento per la sensibilizzazione sul tumore ovarico&#8221;<\/a><\/p><\/blockquote>\n<p><iframe loading=\"lazy\" class=\"wp-embedded-content\" sandbox=\"allow-scripts\" security=\"restricted\" style=\"position: absolute; clip: rect(1px, 1px, 1px, 1px);\" title=\"&#8220;&#8220;La bellezza dell&#8217;informazione: un evento per la sensibilizzazione sul tumore ovarico&#8221;&#8221; &#8212; Radio Pi\u00f9\" src=\"https:\/\/www.radiopiu.net\/wordpress\/la-bellezza-dellinformazione-un-evento-per-la-sensibilizzazione-sul-tumore-ovarico\/embed\/#?secret=y1dpKdyGBG#?secret=Dc5Q6Bp2dn\" data-secret=\"Dc5Q6Bp2dn\" width=\"600\" height=\"338\" frameborder=\"0\" marginwidth=\"0\" marginheight=\"0\" scrolling=\"no\"><\/iframe><\/p>\n<p>&nbsp;<\/p>\n<p>&nbsp;<\/p>\n<hr \/>\n<p>&nbsp;<\/p>\n<blockquote>\n<h3>GIROVAGANDO IN E-BIKE 2023 \u2013 PUNTATA 02 \u2013 2023 \u2013 TERZA STAGIONE<\/h3>\n<\/blockquote>\n<p><strong>\u00a0<\/strong><\/p>\n<p><strong class=\"photoswipe-wrapper\"><a class=\"dt-pswp-item\" href=\"https:\/\/www.radiopiu.net\/wordpress\/wp-content\/uploads\/2023\/05\/0ef84536-dc8a-4e88-8f9d-ab5884806b32.jpg\" data-dt-img-description=\"\" data-large_image_width=\"1600\" data-large_image_height=\"1066\"><img loading=\"lazy\" decoding=\"async\" class=\" wp-image-335032 alignleft\" src=\"https:\/\/www.radiopiu.net\/wordpress\/wp-content\/uploads\/2023\/05\/0ef84536-dc8a-4e88-8f9d-ab5884806b32-300x200.jpg\" alt=\"\" width=\"276\" height=\"184\" srcset=\"https:\/\/www.radiopiu.net\/wordpress\/wp-content\/uploads\/2023\/05\/0ef84536-dc8a-4e88-8f9d-ab5884806b32-300x200.jpg 300w, https:\/\/www.radiopiu.net\/wordpress\/wp-content\/uploads\/2023\/05\/0ef84536-dc8a-4e88-8f9d-ab5884806b32-1024x682.jpg 1024w, https:\/\/www.radiopiu.net\/wordpress\/wp-content\/uploads\/2023\/05\/0ef84536-dc8a-4e88-8f9d-ab5884806b32-768x512.jpg 768w, https:\/\/www.radiopiu.net\/wordpress\/wp-content\/uploads\/2023\/05\/0ef84536-dc8a-4e88-8f9d-ab5884806b32-1536x1023.jpg 1536w, https:\/\/www.radiopiu.net\/wordpress\/wp-content\/uploads\/2023\/05\/0ef84536-dc8a-4e88-8f9d-ab5884806b32.jpg 1600w\" sizes=\"auto, (max-width: 276px) 100vw, 276px\" \/><\/a>REDAZIONE<\/strong> Tornano gli amici di Girovagando in E-Bike delle Dolomiti. Con la collaborazione di Thomas Soppera\u00a0<strong>PUNTATA DEL\u00a0 10 05 2023<\/strong><\/p>\n<p>&nbsp;<\/p>\n<p>&nbsp;<\/p>\n<p>&nbsp;<\/p>\n<p><strong>AUDIO\u00a0 Thomas Soppera<\/strong><\/p>\n<audio class=\"wp-audio-shortcode\" id=\"audio-335047-11\" preload=\"none\" style=\"width: 100%;\" controls=\"controls\"><source type=\"audio\/mpeg\" src=\"https:\/\/www.radiopiu.net\/wordpress\/wp-content\/uploads\/2023\/05\/THOMAS.mp3?_=11\" \/><a href=\"https:\/\/www.radiopiu.net\/wordpress\/wp-content\/uploads\/2023\/05\/THOMAS.mp3\">https:\/\/www.radiopiu.net\/wordpress\/wp-content\/uploads\/2023\/05\/THOMAS.mp3<\/a><\/audio>\n<p>&nbsp;<\/p>\n<p><strong>LA RACCOLTA COMPLETA<\/strong><\/p>\n<blockquote class=\"wp-embedded-content\" data-secret=\"QCPd95yjq8\"><p><a href=\"https:\/\/www.radiopiu.net\/wordpress\/girovagando-in-e-bike-tra-le-dolomiti\/\">GIROVAGANDO IN E BIKE TRA LE DOLOMITI<\/a><\/p><\/blockquote>\n<p><iframe loading=\"lazy\" class=\"wp-embedded-content\" sandbox=\"allow-scripts\" security=\"restricted\" style=\"position: absolute; clip: rect(1px, 1px, 1px, 1px);\" title=\"&#8220;GIROVAGANDO IN E BIKE TRA LE DOLOMITI&#8221; &#8212; Radio Pi\u00f9\" src=\"https:\/\/www.radiopiu.net\/wordpress\/girovagando-in-e-bike-tra-le-dolomiti\/embed\/#?secret=OsmFG6iHtj#?secret=QCPd95yjq8\" data-secret=\"QCPd95yjq8\" width=\"600\" height=\"338\" frameborder=\"0\" marginwidth=\"0\" marginheight=\"0\" scrolling=\"no\"><\/iframe><\/p>\n<p>&nbsp;<\/p>\n<p>&nbsp;<\/p>\n<p><strong><span style=\"color: #ff0000;\">\u00a0<\/span><\/strong><\/p>\n<hr \/>\n<p><strong><span style=\"color: #ff0000;\">\u00a0<\/span><\/strong><\/p>\n<p><strong><span style=\"color: #ff0000;\">GLI APPUNTAMENTI DELLA SETTIMANA<\/span><\/strong><\/p>\n<blockquote>\n<h3>VENERDI AL COMUNALE VIAGGIO MUSICALE<\/h3>\n<\/blockquote>\n<p><strong>BELLUNO<\/strong> Venerdi alle 20.30 al Teatro Comunale si esibir\u00e0 Polina Pasztircs\u00e1k soprano\u00a0 con Jan Philip Schulze pianoforte. Da Parigi a Istanbul: viaggio musicale sull\u2019Orient Express. Organizza il Circolo Culturale Bellunese.<\/p>\n<p>&nbsp;<\/p>\n<hr \/>\n<blockquote>\n<h3><\/h3>\n<h3>NEVEGAL 2026&#8230;QUALE INVERNO ATTENDE IL COLLE?<\/h3>\n<\/blockquote>\n<p><strong>BELLUNO<\/strong> Si svolger\u00e0<strong> sabato<\/strong> alle 10:30 a Palazzo Bembo un incontro dal titolo &#8220;Nevegal 2026&#8230;quale inverno attende il Colle?&#8221;. Introdurranno l&#8217;argomento il sociologo Diego Cason e Michele Nardelli. Ci sar\u00e0 un confronto tra operatori del settore e le riflessioni conclusive di Franco Roccon, assessore comunale Progetto Nevegal. Moderatore Andrea De Bortoli<\/p>\n<p>&nbsp;<\/p>\n<p>&nbsp;<\/p>\n<hr \/>\n<p>&nbsp;<\/p>\n<div dir=\"auto\">\n<blockquote>\n<h3>IL TORNEO DELLE FRAZIONI SUL BROI DI AGORDO<\/h3>\n<\/blockquote>\n<p><strong>AGORDO<\/strong> Il Torneo della Frazioni sta per invadere il Broi di Agordo <strong>domenica<\/strong> Sar\u00e0 un&#8217;intensa giornata di calcio a 5, con fasi eliminatorie durante la mattina e una fantastica semifinale nel pomeriggio, che ci condurr\u00e0 alla finalissima delle 18:00. Sar\u00e0 una sfida all&#8217;ultimo gol, dove solo i migliori avranno la possibilit\u00e0 di alzare il trofeo alla fine del torneo. Ma non \u00e8 tutto! Ci saranno premiazioni a fine partita, musica e intrattenimento con R DJ, chiosco e ristoro. Organizzazione Palio dei 100, Pro Loco e il Comune di Agordo. Ti aspettiamo al Torneo della Frazioni, il 14 maggio sul Broi di Agordo dalle 9.30.<\/p>\n<p>&nbsp;<\/p>\n<p>&nbsp;<\/p>\n<hr \/>\n<p>&nbsp;<\/p>\n<blockquote>\n<h3>IL MERCATO DEI FIORI A FALCADE<\/h3>\n<\/blockquote>\n<p><strong>FALCADE<\/strong> Domenica nell&#8217;area del Parco giochi di Falcade viene organizzato il mercato dei fiori. Organizzano Comune di Falcade, Proloco Falcade Caviola, Associazione Albergatori Valle del Biois<\/p>\n<p>&nbsp;<\/p>\n<p>&nbsp;<\/p>\n<hr \/>\n<p>&nbsp;<\/p>\n<blockquote>\n<h3>TORNANO LE VISITE GRATUITE AI TESORI D\u2019ARTE TRA LE CHIESE DI BELLUNO CON L\u2019ASSOCIAZIONE CAMPEDEL<\/h3>\n<\/blockquote>\n<p><strong>BELLUNO<\/strong> Dopo il successo dell\u2019edizione 2022, tornano a maggio le visite gratuite curate dai volontari della Campedel alla scoperta dei tesori d\u2019arte delle chiese del Bellunese. Si inizia domenica 14 maggio alle ore 15.00 con la visita alla chiesa di San Matteo di Sala, poco sopra Cusighe, ai piedi del monte Serva<\/p>\n<p>&nbsp;<\/p>\n<p>&nbsp;<\/p>\n<hr \/>\n<p>&nbsp;<\/p>\n<div><\/div>\n<div>\n<blockquote class=\"wp-embedded-content\" data-secret=\"iaUyQAAObS\"><p><a href=\"https:\/\/www.radiopiu.net\/wordpress\/lincidente-di-chernobyl-seconda-parte-lapprofondimento-di-tiziano-de-col\/\">\u00a0L\u2019INCIDENTE DI CHERNOBYL &#8211; SECONDA PARTE- l&#8217;approfondimento di TIZIANO DE COL<\/a><\/p><\/blockquote>\n<p><iframe loading=\"lazy\" class=\"wp-embedded-content\" sandbox=\"allow-scripts\" security=\"restricted\" style=\"position: absolute; clip: rect(1px, 1px, 1px, 1px);\" title=\"&#8220;\u00a0L\u2019INCIDENTE DI CHERNOBYL &#8211; SECONDA PARTE- l&#8217;approfondimento di TIZIANO DE COL&#8221; &#8212; Radio Pi\u00f9\" src=\"https:\/\/www.radiopiu.net\/wordpress\/lincidente-di-chernobyl-seconda-parte-lapprofondimento-di-tiziano-de-col\/embed\/#?secret=uqydacYcKT#?secret=iaUyQAAObS\" data-secret=\"iaUyQAAObS\" width=\"600\" height=\"338\" frameborder=\"0\" marginwidth=\"0\" marginheight=\"0\" scrolling=\"no\"><\/iframe><\/p>\n<\/div>\n<div><\/div>\n<div><\/div>\n<\/div>\n<div dir=\"auto\">\n<p>&nbsp;<\/p>\n<hr \/>\n<p>&nbsp;<\/p>\n<h2><span style=\"color: #ff0000;\">PROSSIMAMENTE&#8230;.<\/span><\/h2>\n<blockquote>\n<h3>FOLKLOR JALPE&#8217; DE LA MARMOLEDA<\/h3>\n<\/blockquote>\n<p><strong>ROCCA PIETORE<\/strong> \u00c8 in programma per il 26, 27 e 28 maggio l&#8217;edizione 2023 di Folklor Jalp\u00e8 De La Marmoleda. Tre giorni di festa sotto al tendone riscaldato in localit\u00e0 Bosco Verde a Rocca Pietore tra cucina tipica e balli con le band tirolesi. Domenica 28, nel pomeriggio, la sfilata dei gruppi folk<\/p>\n<p>&nbsp;<\/p>\n<p>&nbsp;<\/p>\n<hr \/>\n<p>&nbsp;<\/p>\n<blockquote>\n<h3>SABATO 3 GIUGNO LA CENA DELLA CLASSE 1955-56<\/h3>\n<\/blockquote>\n<p><strong>AGORDO<\/strong> E&#8217; in programma per sabato 3 giugno al Ristorante &#8220;La Stanga&#8221; la cena delle classi 1955-1956. Ritrovo al ristorante alle 19, cena , musica e premi. Per informazioni ed iscrizioni Roberto Schenot al 348 8524340. Iscrizioni entro il 29 maggio.<\/p>\n<p>&nbsp;<\/p>\n<p>&nbsp;<\/p>\n<hr \/>\n<p>&nbsp;<\/p>\n<blockquote>\n<h3>DOMENICA 4 GIUGNO LA 4 PAS IN DOI<\/h3>\n<\/blockquote>\n<p><strong>AGORDO<\/strong> <strong>DOMENICA 4 GIUGNO<\/strong> AD AGORDO: &#8220;4 Pas in doi&#8221; TRAIL RUNNING A COPPIE. Due percorsi: 16 km con 900 metri di dislivello, o 5 km con 250 metri di dislivello. E per i pi\u00f9 golosi, la &#8220;4 Pas in doi Bocoi&#8221;: itinerario enogastronomico, 6 km, con 4 tappe da&#8230; gustare. Per informazioni ed iscrizioni: www.4pasindoi.it<\/p>\n<p>&nbsp;<\/p>\n<p>&nbsp;<\/p>\n<hr \/>\n<p>&nbsp;<\/p>\n<blockquote>\n<h3>LA PRIMA EDIZIONE DELLA DON &#8211; PIANLONCH<\/h3>\n<\/blockquote>\n<p><strong>GOSALDO<\/strong> E&#8217; in programma per <strong>domenica 28 maggio<\/strong> la prima edizione della gara di corsa Don &#8211; Pianlonch. Una passeggiata ludicomotoria di 5,6 km non competitiva. Iscrizione 6 euro prima della partenza, 10 euro con panino farcito e bottigllia d&#8217;acqua.<\/p>\n<p>&nbsp;<\/p>\n<hr \/>\n<p>&nbsp;<\/p>\n<h3><strong><a class=\"dt-pswp-item\" href=\"https:\/\/www.radiopiu.net\/wordpress\/wp-content\/uploads\/2022\/01\/Sergio-Pra.jpg\" data-dt-img-description=\"\" data-large_image_width=\"211\" data-large_image_height=\"300\"><img loading=\"lazy\" decoding=\"async\" class=\" wp-image-253233 alignleft\" src=\"https:\/\/www.radiopiu.net\/wordpress\/wp-content\/uploads\/2022\/01\/Sergio-Pra.jpg\" alt=\"\" width=\"116\" height=\"165\" \/><\/a><\/strong><span style=\"color: #3366ff;\">ALLEGHE FUNIVIE: IL PUNTO SULLA STAGIONE APPENA CONCLUSA E I PROGRAMMI PER L&#8217;ESTATE<\/span><\/h3>\n<p><strong>di Mirko Mezzacasa<\/strong><\/p>\n<p>OSPITE: Sergio Pra, Presidente di Alleghe Funivie<\/p>\n<audio class=\"wp-audio-shortcode\" id=\"audio-335047-12\" preload=\"none\" style=\"width: 100%;\" controls=\"controls\"><source type=\"audio\/mpeg\" src=\"https:\/\/www.radiopiu.net\/wordpress\/wp-content\/uploads\/2023\/05\/SERGIO-PRA-ESTATE.mp3?_=12\" \/><a href=\"https:\/\/www.radiopiu.net\/wordpress\/wp-content\/uploads\/2023\/05\/SERGIO-PRA-ESTATE.mp3\">https:\/\/www.radiopiu.net\/wordpress\/wp-content\/uploads\/2023\/05\/SERGIO-PRA-ESTATE.mp3<\/a><\/audio>\n<p>&nbsp;<\/p>\n<p>&nbsp;<\/p>\n<p>&nbsp;<\/p>\n<p>&nbsp;<\/p>\n<hr \/>\n<p>&nbsp;<\/p>\n<div dir=\"auto\">\n<div class=\"message spoilers-container\" dir=\"auto\">\n<div>\n<div class=\"b654a4as d2edcug0\">\n<div class=\"rq0escxv hkbzh7o3 jwdofwj8 n8tt0mok r8blr3vg hyh9befq\">\n<p><a class=\"dt-pswp-item\" href=\"https:\/\/www.radiopiu.net\/wordpress\/wp-content\/uploads\/2020\/10\/pp.jpg\" data-dt-img-description=\"\" data-large_image_width=\"640\" data-large_image_height=\"640\"><img loading=\"lazy\" decoding=\"async\" class=\"wp-image-163678 alignleft\" src=\"https:\/\/www.radiopiu.net\/wordpress\/wp-content\/uploads\/2020\/10\/pp-300x300.jpg\" alt=\"\" width=\"106\" height=\"106\" srcset=\"https:\/\/www.radiopiu.net\/wordpress\/wp-content\/uploads\/2020\/10\/pp-300x300.jpg 300w, https:\/\/www.radiopiu.net\/wordpress\/wp-content\/uploads\/2020\/10\/pp-150x150.jpg 150w, https:\/\/www.radiopiu.net\/wordpress\/wp-content\/uploads\/2020\/10\/pp-125x125.jpg 125w, https:\/\/www.radiopiu.net\/wordpress\/wp-content\/uploads\/2020\/10\/pp-200x200.jpg 200w, https:\/\/www.radiopiu.net\/wordpress\/wp-content\/uploads\/2020\/10\/pp-80x80.jpg 80w, https:\/\/www.radiopiu.net\/wordpress\/wp-content\/uploads\/2020\/10\/pp-480x480.jpg 480w, https:\/\/www.radiopiu.net\/wordpress\/wp-content\/uploads\/2020\/10\/pp.jpg 640w\" sizes=\"auto, (max-width: 106px) 100vw, 106px\" \/><\/a><\/p>\n<\/div>\n<\/div>\n<\/div>\n<\/div>\n<div class=\"message spoilers-container\" dir=\"auto\">\n<div>\n<div class=\"page-title-head hgroup\">\n<div class=\"page-title-head hgroup\">\n<div class=\"b654a4as d2edcug0\">\n<div class=\"j83agx80 btwxx1t3 lhclo0ds hop8lmos nkwizq5d scwd0bx6 roh60bw9\">\n<div class=\"rq0escxv hkbzh7o3 jwdofwj8 n8tt0mok r8blr3vg hyh9befq\">\n<div class=\"do00u71z l9j0dhe7 k4urcfbm\" style=\"text-align: left;\">\n<h2><span style=\"color: #000080;\">DON CESARE, IL PENSIERO DEL GIORNO. ALLA RADIO ALLE 7 DEL MATTINO E ALLE 19.30 DELLA SERA<\/span><\/h2>\n<\/div>\n<audio class=\"wp-audio-shortcode\" id=\"audio-335047-13\" preload=\"none\" style=\"width: 100%;\" controls=\"controls\"><source type=\"audio\/mpeg\" src=\"https:\/\/www.radiopiu.net\/wordpress\/wp-content\/uploads\/2023\/05\/CESARE-7.mp3?_=13\" \/><a href=\"https:\/\/www.radiopiu.net\/wordpress\/wp-content\/uploads\/2023\/05\/CESARE-7.mp3\">https:\/\/www.radiopiu.net\/wordpress\/wp-content\/uploads\/2023\/05\/CESARE-7.mp3<\/a><\/audio>\n<p>&nbsp;<\/p>\n<div class=\"do00u71z l9j0dhe7 k4urcfbm\" style=\"text-align: left;\">\n<h2 style=\"text-align: left;\"><span style=\"color: #ff0000;\"><span style=\"vertical-align: inherit;\"><a class=\"dt-pswp-item\" href=\"https:\/\/www.radiopiu.net\/wordpress\/wp-content\/uploads\/2023\/04\/e0aad41d-951e-47b9-9fae-1a879a9bcb7e-1.jpg\" data-dt-img-description=\"\" data-large_image_width=\"1200\" data-large_image_height=\"1200\"><img loading=\"lazy\" decoding=\"async\" class=\"wp-image-333205 aligncenter\" src=\"https:\/\/www.radiopiu.net\/wordpress\/wp-content\/uploads\/2023\/04\/e0aad41d-951e-47b9-9fae-1a879a9bcb7e-1-300x300.jpg\" alt=\"\" width=\"227\" height=\"227\" srcset=\"https:\/\/www.radiopiu.net\/wordpress\/wp-content\/uploads\/2023\/04\/e0aad41d-951e-47b9-9fae-1a879a9bcb7e-1-300x300.jpg 300w, https:\/\/www.radiopiu.net\/wordpress\/wp-content\/uploads\/2023\/04\/e0aad41d-951e-47b9-9fae-1a879a9bcb7e-1-1024x1024.jpg 1024w, https:\/\/www.radiopiu.net\/wordpress\/wp-content\/uploads\/2023\/04\/e0aad41d-951e-47b9-9fae-1a879a9bcb7e-1-150x150.jpg 150w, https:\/\/www.radiopiu.net\/wordpress\/wp-content\/uploads\/2023\/04\/e0aad41d-951e-47b9-9fae-1a879a9bcb7e-1-768x768.jpg 768w, https:\/\/www.radiopiu.net\/wordpress\/wp-content\/uploads\/2023\/04\/e0aad41d-951e-47b9-9fae-1a879a9bcb7e-1.jpg 1200w\" sizes=\"auto, (max-width: 227px) 100vw, 227px\" \/><\/a><\/span><\/span><\/h2>\n<\/div>\n<\/div>\n<\/div>\n<\/div>\n<\/div>\n<\/div>\n<\/div>\n<\/div>\n<div class=\"message spoilers-container\" dir=\"auto\">\n<h2><span style=\"color: #ff00ff;\">IN VIVO VERSO\u00a0 \u00a0<\/span><\/h2>\n<blockquote>\n<h2>LOREDANA BORGHETTO LEGGE &#8220;ARDONO ROVI&#8221;<\/h2>\n<\/blockquote>\n<p><strong>AUDIO<\/strong><\/p>\n<audio class=\"wp-audio-shortcode\" id=\"audio-335047-14\" preload=\"none\" style=\"width: 100%;\" controls=\"controls\"><source type=\"audio\/mpeg\" src=\"https:\/\/www.radiopiu.net\/wordpress\/wp-content\/uploads\/2023\/05\/02-LOREDANA-BORGHETTO-LEGGE-ARDONO-ROVI.mp3?_=14\" \/><a href=\"https:\/\/www.radiopiu.net\/wordpress\/wp-content\/uploads\/2023\/05\/02-LOREDANA-BORGHETTO-LEGGE-ARDONO-ROVI.mp3\">https:\/\/www.radiopiu.net\/wordpress\/wp-content\/uploads\/2023\/05\/02-LOREDANA-BORGHETTO-LEGGE-ARDONO-ROVI.mp3<\/a><\/audio>\n<p>&nbsp;<\/p>\n<p>&nbsp;<\/p>\n<p><a class=\"dt-pswp-item\" href=\"https:\/\/www.radiopiu.net\/wordpress\/wp-content\/uploads\/2023\/05\/LOREDANA-BORGHETTO-FOTO.jpg\" data-dt-img-description=\"\" data-large_image_width=\"733\" data-large_image_height=\"733\"><img loading=\"lazy\" decoding=\"async\" class=\" wp-image-335111 alignleft\" src=\"https:\/\/www.radiopiu.net\/wordpress\/wp-content\/uploads\/2023\/05\/LOREDANA-BORGHETTO-FOTO-300x300.jpg\" alt=\"\" width=\"137\" height=\"137\" srcset=\"https:\/\/www.radiopiu.net\/wordpress\/wp-content\/uploads\/2023\/05\/LOREDANA-BORGHETTO-FOTO-300x300.jpg 300w, https:\/\/www.radiopiu.net\/wordpress\/wp-content\/uploads\/2023\/05\/LOREDANA-BORGHETTO-FOTO-150x150.jpg 150w, https:\/\/www.radiopiu.net\/wordpress\/wp-content\/uploads\/2023\/05\/LOREDANA-BORGHETTO-FOTO.jpg 733w\" sizes=\"auto, (max-width: 137px) 100vw, 137px\" \/><\/a><strong>Ardono roghi nel nostro medioevo<\/strong><br \/>\n<strong>freddo come il display di uno smartphone<\/strong><\/p>\n<p>bruciano dignit\u00e0 umane residue<br \/>\navanzi di pensiero con eretiche utopie<br \/>\nbruciano uomini invisibili nel tempo<br \/>\ndell\u2019ostentata visibilit\u00e0<br \/>\nbruciano il passato e il futuro<br \/>\nnel braciere di un presente spento<\/p>\n<p>ardono roghi nel nostro medioevo<br \/>\ne noi dal fastidio delle ustioni ci proteggiamo<br \/>\ncon unguenti di distratta assuefazione<\/p>\n<p>&nbsp;<\/p>\n<p><strong>LA RACCOLTA COMPLETA<\/strong><\/p>\n<\/div>\n<div class=\"message spoilers-container\" dir=\"auto\">\n<blockquote class=\"wp-embedded-content\" data-secret=\"F9bAE8eRCw\"><p><a href=\"https:\/\/www.radiopiu.net\/wordpress\/in-vivo-verso\/\">In Vivo Verso<\/a><\/p><\/blockquote>\n<p><iframe loading=\"lazy\" class=\"wp-embedded-content\" sandbox=\"allow-scripts\" security=\"restricted\" style=\"position: absolute; clip: rect(1px, 1px, 1px, 1px);\" title=\"&#8220;In Vivo Verso&#8221; &#8212; Radio Pi\u00f9\" src=\"https:\/\/www.radiopiu.net\/wordpress\/in-vivo-verso\/embed\/#?secret=lfj7RYzfbD#?secret=F9bAE8eRCw\" data-secret=\"F9bAE8eRCw\" width=\"600\" height=\"338\" frameborder=\"0\" marginwidth=\"0\" marginheight=\"0\" scrolling=\"no\"><\/iframe><\/p>\n<\/div>\n<p>&nbsp;<\/p>\n<p>&nbsp;<\/p>\n<p>&nbsp;<\/p>\n<hr \/>\n<p>&nbsp;<\/p>\n<div class=\"message spoilers-container\" dir=\"auto\">\n<h2><span style=\"color: #008080;\">GOCCE DI FILOSOFIA\u00a0\u00a0<\/span><\/h2>\n<p><strong>PUNTATA 307 &#8211; CHIARA CAU &#8211; TERZA STAGIONE<\/strong><\/p>\n<audio class=\"wp-audio-shortcode\" id=\"audio-335047-15\" preload=\"none\" style=\"width: 100%;\" controls=\"controls\"><source type=\"audio\/mpeg\" src=\"https:\/\/www.radiopiu.net\/wordpress\/wp-content\/uploads\/2023\/05\/FI2-1.mp3?_=15\" \/><a href=\"https:\/\/www.radiopiu.net\/wordpress\/wp-content\/uploads\/2023\/05\/FI2-1.mp3\">https:\/\/www.radiopiu.net\/wordpress\/wp-content\/uploads\/2023\/05\/FI2-1.mp3<\/a><\/audio>\n<p>&nbsp;<\/p>\n<\/div>\n<blockquote>\n<div class=\"message spoilers-container\" dir=\"auto\">\n<p><strong>LA RACCOLTA COMPLETA<\/strong><\/p>\n<\/div>\n<\/blockquote>\n<div class=\"message spoilers-container\" dir=\"auto\">\n<blockquote class=\"wp-embedded-content\" data-secret=\"GOiWCPAPys\"><p><a href=\"https:\/\/www.radiopiu.net\/wordpress\/gocce-filosofia\/\">Gocce di filosofia,  LA TERZA STAGIONE&#8230; 2023<\/a><\/p><\/blockquote>\n<p><iframe loading=\"lazy\" class=\"wp-embedded-content\" sandbox=\"allow-scripts\" security=\"restricted\" style=\"position: absolute; clip: rect(1px, 1px, 1px, 1px);\" title=\"&#8220;Gocce di filosofia,  LA TERZA STAGIONE&#8230; 2023&#8221; &#8212; Radio Pi\u00f9\" src=\"https:\/\/www.radiopiu.net\/wordpress\/gocce-filosofia\/embed\/#?secret=jtSg8PrFwM#?secret=GOiWCPAPys\" data-secret=\"GOiWCPAPys\" width=\"600\" height=\"338\" frameborder=\"0\" marginwidth=\"0\" marginheight=\"0\" scrolling=\"no\"><\/iframe><\/p>\n<\/div>\n<p>&nbsp;<\/p>\n<p>&nbsp;<\/p>\n<div class=\"message spoilers-container\" dir=\"auto\">\n<hr \/>\n<p>&nbsp;<\/p>\n<\/div>\n<div class=\"message spoilers-container\" dir=\"auto\">\n<div class=\"column\">\n<p><img loading=\"lazy\" decoding=\"async\" class=\"aligncenter wp-image-61954 size-full\" src=\"https:\/\/www.radiopiu.net\/wordpress\/wp-content\/uploads\/2018\/09\/viabilita.jpeg\" sizes=\"auto, (max-width: 800px) 100vw, 800px\" srcset=\"https:\/\/www.radiopiu.net\/wordpress\/wp-content\/uploads\/2018\/09\/viabilita.jpeg 800w, https:\/\/www.radiopiu.net\/wordpress\/wp-content\/uploads\/2018\/09\/viabilita-300x38.jpeg 300w, https:\/\/www.radiopiu.net\/wordpress\/wp-content\/uploads\/2018\/09\/viabilita-768x96.jpeg 768w\" alt=\"\" width=\"800\" height=\"100\" \/><\/p>\n<\/div>\n<\/div>\n<div class=\"message spoilers-container\" dir=\"auto\">\n<div class=\"column\">\n<p>&nbsp;<\/p>\n<\/div>\n<\/div>\n<div class=\"message spoilers-container\" dir=\"auto\">\n<div class=\"column\">\n<div dir=\"ltr\">\n<div class=\"gmail_quote\">\n<div dir=\"ltr\">\n<div class=\"gmail_quote\">\n<blockquote class=\"wp-embedded-content\" data-secret=\"HRPCd88yBI\"><p><a href=\"https:\/\/www.radiopiu.net\/wordpress\/viabilita\/\">viabilita<\/a><\/p><\/blockquote>\n<p><iframe loading=\"lazy\" class=\"wp-embedded-content\" sandbox=\"allow-scripts\" security=\"restricted\" style=\"position: absolute; clip: rect(1px, 1px, 1px, 1px);\" title=\"&#8220;viabilita&#8221; &#8212; Radio Pi\u00f9\" src=\"https:\/\/www.radiopiu.net\/wordpress\/viabilita\/embed\/#?secret=7cD0NdjS6z#?secret=HRPCd88yBI\" data-secret=\"HRPCd88yBI\" width=\"600\" height=\"338\" frameborder=\"0\" marginwidth=\"0\" marginheight=\"0\" scrolling=\"no\"><\/iframe><\/p>\n<\/div>\n<\/div>\n<\/div>\n<\/div>\n<\/div>\n<\/div>\n<div class=\"message spoilers-container\" dir=\"auto\">\n<div class=\"column\">\n<div>\n<div dir=\"ltr\">\n<div class=\"gmail_quote\">\n<div dir=\"ltr\">\n<div><\/div>\n<\/div>\n<\/div>\n<\/div>\n<\/div>\n<hr \/>\n<p>&nbsp;<\/p>\n<p><a class=\"dt-pswp-item\" href=\"https:\/\/www.radiopiu.net\/wordpress\/wp-content\/uploads\/2018\/09\/WhatsApp-Image-2018-09-20-at-16.04.06.jpeg\" data-dt-img-description=\"\" data-large_image_width=\"800\" data-large_image_height=\"100\"><img loading=\"lazy\" decoding=\"async\" class=\"wp-image-61378 size-full aligncenter\" src=\"https:\/\/www.radiopiu.net\/wordpress\/wp-content\/uploads\/2018\/09\/WhatsApp-Image-2018-09-20-at-16.04.06.jpeg\" alt=\"\" width=\"800\" height=\"100\" srcset=\"https:\/\/www.radiopiu.net\/wordpress\/wp-content\/uploads\/2018\/09\/WhatsApp-Image-2018-09-20-at-16.04.06.jpeg 800w, https:\/\/www.radiopiu.net\/wordpress\/wp-content\/uploads\/2018\/09\/WhatsApp-Image-2018-09-20-at-16.04.06-300x38.jpeg 300w, https:\/\/www.radiopiu.net\/wordpress\/wp-content\/uploads\/2018\/09\/WhatsApp-Image-2018-09-20-at-16.04.06-768x96.jpeg 768w\" sizes=\"auto, (max-width: 800px) 100vw, 800px\" \/><\/a><\/p>\n<\/div>\n<\/div>\n<div class=\"message spoilers-container\" dir=\"auto\"><center><strong>\u00a0<\/strong><\/center><center><\/center><center><\/center><\/div>\n<p><center><\/center><center><b>OGGI<\/b><\/center><b>Tempo atteso: <\/b>Maltempo persistente con cielo molto nuvoloso\/coperto tutto il giorno, senza nessuna chance di schiarite. Il maltempo dar\u00e0 luogo a precipitazioni significative e persistenti.<br \/>\n<b>Precipitazioni: <\/b>Alta probabilit\u00e0 (90-100%) di diffusi fenomeni, a tratti moderati; la loro persistenza dar\u00e0 luogo ad apporti significativi.<br \/>\n<b>Temperature: <\/b>In contenuto calo, pi\u00f9 marcato in alta quota nel pomeriggio, come per le massime nelle valli.<\/p>\n<hr \/>\n<p><center><b>DOMANI<\/b><\/center><b>Tempo atteso: <\/b>Perdurare del maltempo con cielo coperto e precipitazioni diffuse e persistenti. Solo da met\u00e0 pomeriggio in poi si avr\u00e0 un&#8217;attenuazione della nuvolosit\u00e0 sulle Prealpi occidentali con esaurimento dei fenomeni, mentre altrove il tempo continuer\u00e0 a essere perturbato.<br \/>\n<b>Precipitazioni: <\/b>Probabilit\u00e0 molto alta (90-100%) di moderate precipitazioni spesso continue. Nevose oltre i 1600-1700 m, localmente a quote pi\u00f9 basse al mattino (temporaneamente 1400-1500 m), in lieve rialzo al pomeriggio.<br \/>\n<b>Temperature: <\/b>In generale lieve calo a tutte le quote, in maniera pi\u00f9 sensibile sulle Prealpi<\/p>\n<hr \/>\n<p><center><b>VENERDI<\/b><\/center>Al mattino cielo coperto con qualche residua precipitazione. In seguito temporanea fase di variabilit\u00e0, prima che il tempo torni a essere instabile al pomeriggio, specie sulle Prealpi, dove i fenomeni saranno pi\u00f9 frequenti, anche a carattere di temporale. L&#8217;instabilit\u00e0 e il rischio di fenomeni saranno minori sulle Dolomiti. Temperature minime stazionarie e massime in leggera ripresa.<\/p>\n<hr \/>\n<p><center><b>SABATO<\/b><\/center>Situazione simile a venerd\u00ec con variabilit\u00e0 iniziale e qualche chance di schiarite in pi\u00f9 sulle Dolomiti e molte nubi sulle Prealpi, dove l&#8217;instabilit\u00e0 pomeridiana sar\u00e0 maggiore rispetto al settore dolomitico. Come venerd\u00ec, il rischio di rovesci e temporali sar\u00e0 alto sulle Prealpi, mentre il rischio sar\u00e0 molto pi\u00f9 contenuto sulle Dolomiti. Temperature minime pressoch\u00e9 stazionarie nelle valli e in calo in quota, massime in generale lieve aumento.<\/p>\n<p>&nbsp;<\/p>\n<p>&nbsp;<\/p>\n<\/div>\n<div class=\"message spoilers-container\" dir=\"auto\">\n<hr \/>\n<p>&nbsp;<\/p>\n<p><a class=\"dt-pswp-item\" href=\"https:\/\/www.radiopiu.net\/wordpress\/wp-content\/uploads\/2018\/09\/sport.jpg\" data-dt-img-description=\"\" data-large_image_width=\"800\" data-large_image_height=\"100\"><img loading=\"lazy\" decoding=\"async\" class=\"aligncenter wp-image-60761 size-full\" src=\"https:\/\/www.radiopiu.net\/wordpress\/wp-content\/uploads\/2018\/09\/sport.jpg\" alt=\"\" width=\"800\" height=\"100\" srcset=\"https:\/\/www.radiopiu.net\/wordpress\/wp-content\/uploads\/2018\/09\/sport.jpg 800w, https:\/\/www.radiopiu.net\/wordpress\/wp-content\/uploads\/2018\/09\/sport-300x38.jpg 300w, https:\/\/www.radiopiu.net\/wordpress\/wp-content\/uploads\/2018\/09\/sport-768x96.jpg 768w\" sizes=\"auto, (max-width: 800px) 100vw, 800px\" \/><\/a><\/p>\n<\/div>\n<div class=\"message spoilers-container\" dir=\"auto\">\n<p>&nbsp;<\/p>\n<p><span style=\"color: #0000ff;\"><strong>CORSA<\/strong><\/span><\/p>\n<blockquote>\n<h3>UNA NUOVA IMPRESA DI MARTINA VALMASSOI<\/h3>\n<\/blockquote>\n<p><a class=\"dt-pswp-item\" href=\"https:\/\/www.radiopiu.net\/wordpress\/wp-content\/uploads\/2023\/05\/159647055_285192869631469_4779353249572786364_n.jpg\" data-dt-img-description=\"\" data-large_image_width=\"958\" data-large_image_height=\"957\"><img loading=\"lazy\" decoding=\"async\" class=\"wp-image-335181 alignleft\" src=\"https:\/\/www.radiopiu.net\/wordpress\/wp-content\/uploads\/2023\/05\/159647055_285192869631469_4779353249572786364_n-300x300.jpg\" alt=\"\" width=\"147\" height=\"147\" srcset=\"https:\/\/www.radiopiu.net\/wordpress\/wp-content\/uploads\/2023\/05\/159647055_285192869631469_4779353249572786364_n-300x300.jpg 300w, https:\/\/www.radiopiu.net\/wordpress\/wp-content\/uploads\/2023\/05\/159647055_285192869631469_4779353249572786364_n-150x150.jpg 150w, https:\/\/www.radiopiu.net\/wordpress\/wp-content\/uploads\/2023\/05\/159647055_285192869631469_4779353249572786364_n-768x767.jpg 768w, https:\/\/www.radiopiu.net\/wordpress\/wp-content\/uploads\/2023\/05\/159647055_285192869631469_4779353249572786364_n.jpg 958w\" sizes=\"auto, (max-width: 147px) 100vw, 147px\" \/><\/a><\/p>\n<p>L&#8217;atleta Martina Valmassoi ha ottenuto una grande prestazione alla Transvulcania, una gara ultra di 72 chilometri con 4.600 metri di dislivello positivo e 4.300 metri di dislivello negativo, che si \u00e8 svolta alle Canarie in un terreno sabbioso e roccioso con temperature elevate. Dopo un incidente lo scorso autunno, Martina \u00e8 tornata in grande forma e ha vinto la gara in 9 ore, 9 minuti e 13 secondi, superando la polacca Edyta Lewandoska e la sudafricana Meg Mackenzie. Nella gara maschile, l&#8217;americano Dakota Jones ha vinto in 7 ore, 2 minuti e 16 secondi, seguito dal francese Damien Humbert e dall&#8217;italiano Daniel Reiterer.<\/p>\n<p>&nbsp;<\/p>\n<p>&nbsp;<\/p>\n<p><span style=\"color: #0000ff;\"><strong>CALCIO<\/strong><\/span><\/p>\n<blockquote>\n<h3>MENO DI UN MESE AL VIA DEL CAMPIONATO AGORDINO DI CALCIO. SABATO LA PRESENTAZIONE AL CAFFE&#8217; MINIERE<\/h3>\n<\/blockquote>\n<p><strong><a class=\"dt-pswp-item\" href=\"https:\/\/www.radiopiu.net\/wordpress\/wp-content\/uploads\/2019\/06\/CALCIO-2019.jpg\" data-dt-img-description=\"\" data-large_image_width=\"624\" data-large_image_height=\"351\"><img loading=\"lazy\" decoding=\"async\" class=\" wp-image-88853 alignleft\" src=\"https:\/\/www.radiopiu.net\/wordpress\/wp-content\/uploads\/2019\/06\/CALCIO-2019-300x169.jpg\" alt=\"\" width=\"176\" height=\"99\" srcset=\"https:\/\/www.radiopiu.net\/wordpress\/wp-content\/uploads\/2019\/06\/CALCIO-2019-300x169.jpg 300w, https:\/\/www.radiopiu.net\/wordpress\/wp-content\/uploads\/2019\/06\/CALCIO-2019.jpg 624w\" sizes=\"auto, (max-width: 176px) 100vw, 176px\" \/><\/a>di Marco Gaz<\/strong><\/p>\n<p><strong>REDAZIONE<\/strong> Manca meno di un mese al via del Campionato Agordino di calcio 2023. Il Memorial Attilio Moretti inizier\u00e0 ufficialmente nel fine settimana del 4 giugno e le 12 squadre iscritte al torneo sono pronte per cimentarsi sui campi della vallata. Intanto sabato alle 20:30 al Caff\u00e8 Miniere di Agordo ci sar\u00e0 la presentazione dell&#8217;ultimo tassello prima del via alla manifestazione. In Piazza Libert\u00e0 ad Agordo infatti verr\u00e0 scoperto il calendario delle partite in programma per quanto riguarda le 5 giornate di stagione regolare, verranno svelati i manifesti e i pieghevoli. Infine, il Campionato Agordino di calcio avr\u00e0 la sua mascotte ufficiale. Sar\u00e0 l&#8217;occasione per decidere come chiamarla con una votazione che verr\u00e0 fatta direttamente al Caff\u00e8 Miniere. La serata sar\u00e0 trasmessa in diretta su Radio Piu&#8217;.<\/p>\n<p><strong>ANDREA BALDASSI, COMITATO CALCIO AGORDINO<\/strong><\/p>\n<audio class=\"wp-audio-shortcode\" id=\"audio-335047-16\" preload=\"none\" style=\"width: 100%;\" controls=\"controls\"><source type=\"audio\/mpeg\" src=\"https:\/\/www.radiopiu.net\/wordpress\/wp-content\/uploads\/2023\/05\/BALDASSI.mp3?_=16\" \/><a href=\"https:\/\/www.radiopiu.net\/wordpress\/wp-content\/uploads\/2023\/05\/BALDASSI.mp3\">https:\/\/www.radiopiu.net\/wordpress\/wp-content\/uploads\/2023\/05\/BALDASSI.mp3<\/a><\/audio>\n<p>&nbsp;<\/p>\n<p><span style=\"color: #0000ff;\"><strong>NUOTO<\/strong><\/span><\/p>\n<blockquote>\n<h3>NUOTO SINCRONIZZATO: LA STAGIONE SI CHIUDE CON UNA PIOGGIA DI MEDAGLIE PER LA SPORTIVAMENTE<\/h3>\n<\/blockquote>\n<p><strong><a class=\"dt-pswp-item\" href=\"https:\/\/www.radiopiu.net\/wordpress\/wp-content\/uploads\/2023\/05\/Sincronette_bellunesi_a_Bolzano.jpg\" data-dt-img-description=\"\" data-large_image_width=\"2048\" data-large_image_height=\"1368\"><img loading=\"lazy\" decoding=\"async\" class=\" wp-image-335077 alignleft\" src=\"https:\/\/www.radiopiu.net\/wordpress\/wp-content\/uploads\/2023\/05\/Sincronette_bellunesi_a_Bolzano-300x200.jpg\" alt=\"\" width=\"177\" height=\"118\" srcset=\"https:\/\/www.radiopiu.net\/wordpress\/wp-content\/uploads\/2023\/05\/Sincronette_bellunesi_a_Bolzano-300x200.jpg 300w, https:\/\/www.radiopiu.net\/wordpress\/wp-content\/uploads\/2023\/05\/Sincronette_bellunesi_a_Bolzano-1024x684.jpg 1024w, https:\/\/www.radiopiu.net\/wordpress\/wp-content\/uploads\/2023\/05\/Sincronette_bellunesi_a_Bolzano-768x513.jpg 768w, https:\/\/www.radiopiu.net\/wordpress\/wp-content\/uploads\/2023\/05\/Sincronette_bellunesi_a_Bolzano-1536x1026.jpg 1536w, https:\/\/www.radiopiu.net\/wordpress\/wp-content\/uploads\/2023\/05\/Sincronette_bellunesi_a_Bolzano.jpg 2048w\" sizes=\"auto, (max-width: 177px) 100vw, 177px\" \/><\/a>BELLUNO <\/strong>Si conclude nei migliori dei modi la stagione sportiva del nuoto sincronizzato per le ragazze della Sportivamente Belluno. Nella decima \u201cManifestazione interregionale di coreografie libere\u201d, andata in scena a Bolzano, tutte le atlete della categoria Esordienti sono rientrate alla base con una medaglia al collo. A cominciare dalle giovanissime Greta Cesca e Giulia De Bona, seconde nel Solo (categoria Esordienti C e A2). Da evidenziare, inoltre, la terza posizione per il Trio (fascia B) composto da Elisabetta Da Ros, Giada Beccari e Ludovica Arrighini, mentre \u00e8 primo il Trio (A2) arricchito da Vittoria Artusi, Asia Magagnin e Nicole D\u2019Ambros. Ottimi pure i risultati di squadra: lo confermano i secondi posti ottenuti dalle Esordienti C (Joye De Barba, Noemi Gjergji, Gaia Tonet, Giada Beccari, Maisha Canal, Mara Corona e Rebecca Scalco) e A2 (Arianna D\u2019Inca\u0300, Martina Topinelli, Sara Nenz, Matilde Bressan, Carlotta De Luca, Karin Pol e Ilaria Susanna). Da segnalare anche il quarto posto nel Solo (fascia B) di Arianna D\u2019Inc\u00e0. Non da meno il bilancio delle atlete piu\u0300 grandi, legate alle categorie Ragazze e Juniores. Nel Solo, oro per Beatrice Agnoli (55.800) e bronzo per Lisa De Moliner Lisa (46.700). Sono d\u2019oro anche il Duo (Ragazze 2) con Martina Rubinetto e Giulia Bonotto (44.200) e Ragazze 1 con Beatrice Agnoli e Laura Fent (53.467); il Trio (Ragazze 1) con Margherita Ponti, Lucia Funes e Francesca De Barba (45.700); la squadra delle Ragazze 2 con Margherita Vignola, Giulia Bonotto, Alice Peron, Valentina Zanivan, Margherita Ponti, Lucia Funes, Annalisa Gasperin, Francesca De Barba e Martina Rubinetto (45.167); la squadra Junior 1 con Beatrice De Castello, Silvia Barp, Marta Bello, Linda Cima, Laura Fant, Teresa Rova, Beatrice Agnoli e Francesca Pia Caputo (53.300). E infine, gradino pi\u00f9 basso del podio per il Duo delle Ragazze 2 (Peron-Zanivan: 40.600) e delle Ragazze 1 (De Castello-Barp: 52.700). Applausi, inoltre, per il quarto posto del Duo De Moliner-Iudica e il quinto dei doppi (Lo Re-Trentin, Gasperin-Lima, Rova-Caputo). Lo staff tecnico formato da Manuela Checconi, Silvia Sovilla, Federica Feltrin, Giulia Bortot e Sara Casagrande non nasconde soddisfazione e orgoglio per la costante crescita e l\u2019impegno delle atlete. Guardando avanti, il prossimo e imperdibile appuntamento \u00e8 in calendario domenica 11 giugno (ore 18.30): nella piscina di casa, si terr\u00e0 il saggio di fine anno.<\/p>\n<\/div>\n<\/div>\n","protected":false},"excerpt":{"rendered":"<p>ISCRIVITI AL NOSTRO CANALE\u00a0 YOUTUBE PER SEGUIRE IN DIRETTA I PRINCIPALI PROGRAMMI DI RADIO PIU&#8217; E LE FUTURE DIRETTE IN ESTERNA. PER ISCRIVERTI CLICCA QUI E PREMI\u00a0 &#8220;Iscriviti&#8221;\u00a0 \u00a0 \u00a0\u00a0 &nbsp; &nbsp; DOMENICA&#8230; FINE ESIBIZIONE A FALCADE, LA GIOIA DEGLI ORGANIZZATORI&#8230;A MOTORI SPENTI\u00a0 &nbsp; DOMENICA A SAN TOMASO PER LE PREMIAZIONI DEI CACCIATORI ANZIANI DEL&hellip;<\/p>\n","protected":false},"author":4,"featured_media":335147,"comment_status":"closed","ping_status":"closed","sticky":false,"template":"","format":"standard","meta":{"_monsterinsights_skip_tracking":false,"_monsterinsights_sitenote_active":false,"_monsterinsights_sitenote_note":"","_monsterinsights_sitenote_category":0,"footnotes":""},"categories":[86,49],"tags":[],"class_list":["post-335047","post","type-post","status-publish","format-standard","has-post-thumbnail","hentry","category-gr","category-news-18","category-86","category-49","description-off"],"img_url":"https:\/\/www.radiopiu.net\/wordpress\/wp-content\/uploads\/2023\/05\/5bf8516c-3154-408c-9a9e-452d2e7679d3.jpg","_links":{"self":[{"href":"https:\/\/www.radiopiu.net\/wordpress\/wp-json\/wp\/v2\/posts\/335047","targetHints":{"allow":["GET"]}}],"collection":[{"href":"https:\/\/www.radiopiu.net\/wordpress\/wp-json\/wp\/v2\/posts"}],"about":[{"href":"https:\/\/www.radiopiu.net\/wordpress\/wp-json\/wp\/v2\/types\/post"}],"author":[{"embeddable":true,"href":"https:\/\/www.radiopiu.net\/wordpress\/wp-json\/wp\/v2\/users\/4"}],"replies":[{"embeddable":true,"href":"https:\/\/www.radiopiu.net\/wordpress\/wp-json\/wp\/v2\/comments?post=335047"}],"version-history":[{"count":0,"href":"https:\/\/www.radiopiu.net\/wordpress\/wp-json\/wp\/v2\/posts\/335047\/revisions"}],"wp:featuredmedia":[{"embeddable":true,"href":"https:\/\/www.radiopiu.net\/wordpress\/wp-json\/wp\/v2\/media\/335147"}],"wp:attachment":[{"href":"https:\/\/www.radiopiu.net\/wordpress\/wp-json\/wp\/v2\/media?parent=335047"}],"wp:term":[{"taxonomy":"category","embeddable":true,"href":"https:\/\/www.radiopiu.net\/wordpress\/wp-json\/wp\/v2\/categories?post=335047"},{"taxonomy":"post_tag","embeddable":true,"href":"https:\/\/www.radiopiu.net\/wordpress\/wp-json\/wp\/v2\/tags?post=335047"}],"curies":[{"name":"wp","href":"https:\/\/api.w.org\/{rel}","templated":true}]}}