{"id":335056,"date":"2023-05-09T23:59:35","date_gmt":"2023-05-09T21:59:35","guid":{"rendered":"https:\/\/www.radiopiu.net\/wordpress\/?p=335056"},"modified":"2023-05-10T06:04:28","modified_gmt":"2023-05-10T04:04:28","slug":"meno-di-un-mese-al-via-del-campionato-agordino-di-calcio-sabato-la-presentazione-al-caffe-miniere","status":"publish","type":"post","link":"https:\/\/www.radiopiu.net\/wordpress\/meno-di-un-mese-al-via-del-campionato-agordino-di-calcio-sabato-la-presentazione-al-caffe-miniere\/","title":{"rendered":"MENO DI UN MESE AL VIA DEL CAMPIONATO AGORDINO DI CALCIO. SABATO LA PRESENTAZIONE AL CAFFE&#8217; MINIERE"},"content":{"rendered":"<p><strong><a class=\"dt-pswp-item\" href=\"https:\/\/www.radiopiu.net\/wordpress\/wp-content\/uploads\/2019\/06\/CALCIO-2019.jpg\" data-dt-img-description=\"\" data-large_image_width=\"624\" data-large_image_height=\"351\"><img loading=\"lazy\" decoding=\"async\" class=\" wp-image-88853 alignleft\" src=\"https:\/\/www.radiopiu.net\/wordpress\/wp-content\/uploads\/2019\/06\/CALCIO-2019-300x169.jpg\" alt=\"\" width=\"176\" height=\"99\" srcset=\"https:\/\/www.radiopiu.net\/wordpress\/wp-content\/uploads\/2019\/06\/CALCIO-2019-300x169.jpg 300w, https:\/\/www.radiopiu.net\/wordpress\/wp-content\/uploads\/2019\/06\/CALCIO-2019.jpg 624w\" sizes=\"auto, (max-width: 176px) 100vw, 176px\" \/><\/a>di Marco Gaz<\/strong><\/p>\n<p><strong>REDAZIONE<\/strong> Manca meno di un mese al via del Campionato Agordino di calcio 2023. Il Memorial Attilio Moretti inizier\u00e0 ufficialmente nel fine settimana del 4 giugno e le 12 squadre iscritte al torneo sono pronte per cimentarsi sui campi della vallata. Intanto sabato alle 20:30 al Caff\u00e8 Miniere di Agordo ci sar\u00e0 la presentazione dell&#8217;ultimo tassello prima del via alla manifestazione. In Piazza Libert\u00e0 ad Agordo infatti verr\u00e0 scoperto il calendario delle partite in programma per quanto riguarda le 5 giornate di stagione regolare, verranno svelati i manifesti e i pieghevoli. Infine, il Campionato Agordino di calcio avr\u00e0 la sua mascotte ufficiale. Sar\u00e0 l&#8217;occasione per decidere come chiamarla con una votazione che verr\u00e0 fatta direttamente al Caff\u00e8 Miniere. La serata sar\u00e0 trasmessa in diretta su Radio Piu&#8217;.<\/p>\n<p><strong>ANDREA BALDASSI, COMITATO CALCIO AGORDINO<\/strong><\/p>\n<audio class=\"wp-audio-shortcode\" id=\"audio-335056-1\" preload=\"none\" style=\"width: 100%;\" controls=\"controls\"><source type=\"audio\/mpeg\" src=\"https:\/\/www.radiopiu.net\/wordpress\/wp-content\/uploads\/2023\/05\/BALDASSI.mp3?_=1\" \/><a href=\"https:\/\/www.radiopiu.net\/wordpress\/wp-content\/uploads\/2023\/05\/BALDASSI.mp3\">https:\/\/www.radiopiu.net\/wordpress\/wp-content\/uploads\/2023\/05\/BALDASSI.mp3<\/a><\/audio>\n<p>&nbsp;<\/p>\n<p>&nbsp;<\/p>\n<p>*****<\/p>\n","protected":false},"excerpt":{"rendered":"<p>di Marco Gaz REDAZIONE Manca meno di un mese al via del Campionato Agordino di calcio 2023. Il Memorial Attilio Moretti inizier\u00e0 ufficialmente nel fine settimana del 4 giugno e le 12 squadre iscritte al torneo sono pronte per cimentarsi sui campi della vallata. Intanto sabato alle 20:30 al Caff\u00e8 Miniere di Agordo ci sar\u00e0&hellip;<\/p>\n","protected":false},"author":4,"featured_media":88853,"comment_status":"closed","ping_status":"closed","sticky":false,"template":"","format":"standard","meta":{"_monsterinsights_skip_tracking":false,"_monsterinsights_sitenote_active":false,"_monsterinsights_sitenote_note":"","_monsterinsights_sitenote_category":0,"footnotes":""},"categories":[104,49],"tags":[],"class_list":["post-335056","post","type-post","status-publish","format-standard","has-post-thumbnail","hentry","category-evidenza_3","category-news-18","category-104","category-49","description-off"],"img_url":"https:\/\/www.radiopiu.net\/wordpress\/wp-content\/uploads\/2019\/06\/CALCIO-2019.jpg","_links":{"self":[{"href":"https:\/\/www.radiopiu.net\/wordpress\/wp-json\/wp\/v2\/posts\/335056","targetHints":{"allow":["GET"]}}],"collection":[{"href":"https:\/\/www.radiopiu.net\/wordpress\/wp-json\/wp\/v2\/posts"}],"about":[{"href":"https:\/\/www.radiopiu.net\/wordpress\/wp-json\/wp\/v2\/types\/post"}],"author":[{"embeddable":true,"href":"https:\/\/www.radiopiu.net\/wordpress\/wp-json\/wp\/v2\/users\/4"}],"replies":[{"embeddable":true,"href":"https:\/\/www.radiopiu.net\/wordpress\/wp-json\/wp\/v2\/comments?post=335056"}],"version-history":[{"count":0,"href":"https:\/\/www.radiopiu.net\/wordpress\/wp-json\/wp\/v2\/posts\/335056\/revisions"}],"wp:featuredmedia":[{"embeddable":true,"href":"https:\/\/www.radiopiu.net\/wordpress\/wp-json\/wp\/v2\/media\/88853"}],"wp:attachment":[{"href":"https:\/\/www.radiopiu.net\/wordpress\/wp-json\/wp\/v2\/media?parent=335056"}],"wp:term":[{"taxonomy":"category","embeddable":true,"href":"https:\/\/www.radiopiu.net\/wordpress\/wp-json\/wp\/v2\/categories?post=335056"},{"taxonomy":"post_tag","embeddable":true,"href":"https:\/\/www.radiopiu.net\/wordpress\/wp-json\/wp\/v2\/tags?post=335056"}],"curies":[{"name":"wp","href":"https:\/\/api.w.org\/{rel}","templated":true}]}}