{"id":335081,"date":"2023-05-09T11:44:36","date_gmt":"2023-05-09T09:44:36","guid":{"rendered":"https:\/\/www.radiopiu.net\/wordpress\/?p=335081"},"modified":"2023-05-09T11:44:36","modified_gmt":"2023-05-09T09:44:36","slug":"il-giro-ditalia-alle-tre-cime-di-lavaredo-bus-navetta-per-misurina","status":"publish","type":"post","link":"https:\/\/www.radiopiu.net\/wordpress\/il-giro-ditalia-alle-tre-cime-di-lavaredo-bus-navetta-per-misurina\/","title":{"rendered":"IL GIRO D\u2019ITALIA ALLE TRE CIME DI LAVAREDO, BUS NAVETTA PER MISURINA"},"content":{"rendered":"<p><strong><a class=\"dt-pswp-item\" href=\"https:\/\/www.radiopiu.net\/wordpress\/wp-content\/uploads\/2023\/05\/5-24\u00a9Echialessandrosogne.jpg\" data-dt-img-description=\"\" data-large_image_width=\"2500\" data-large_image_height=\"1667\"><img loading=\"lazy\" decoding=\"async\" class=\" wp-image-335083 alignleft\" src=\"https:\/\/www.radiopiu.net\/wordpress\/wp-content\/uploads\/2023\/05\/5-24\u00a9Echialessandrosogne-300x200.jpg\" alt=\"\" width=\"176\" height=\"117\" srcset=\"https:\/\/www.radiopiu.net\/wordpress\/wp-content\/uploads\/2023\/05\/5-24\u00a9Echialessandrosogne-300x200.jpg 300w, https:\/\/www.radiopiu.net\/wordpress\/wp-content\/uploads\/2023\/05\/5-24\u00a9Echialessandrosogne-1024x683.jpg 1024w, https:\/\/www.radiopiu.net\/wordpress\/wp-content\/uploads\/2023\/05\/5-24\u00a9Echialessandrosogne-768x512.jpg 768w, https:\/\/www.radiopiu.net\/wordpress\/wp-content\/uploads\/2023\/05\/5-24\u00a9Echialessandrosogne-1536x1024.jpg 1536w, https:\/\/www.radiopiu.net\/wordpress\/wp-content\/uploads\/2023\/05\/5-24\u00a9Echialessandrosogne-2048x1366.jpg 2048w\" sizes=\"auto, (max-width: 176px) 100vw, 176px\" \/><\/a>AURONZO <\/strong>Venerd\u00ec 26 maggio Il Giro d\u2019Italia proporr\u00e0 una delle tappe decisive, la Longarone \u2013 Tre Cime di Lavaredo (rifugio Auronzo), 183 chilometri e 5.400 metri di dislivello che costituiranno uno dei momenti pi\u00f9 spettacolari della corsa rosa. In vista dell\u2019evento, il comitato tappa e il comune di Auronzo di Cadore hanno predisposto, in collaborazione con la societ\u00e0 Dolomiti Bus, un servizio di bus navetta che consentir\u00e0 agli appassionati il trasporto da Auronzo a Misurina e ritorno. I posti a disposizione per tale servizio sono 3 mila. L&#8217;acquisto dei biglietti pu\u00f2 essere effettuato scaricando l&#8217;App di Dolomiti Bus ( <a href=\"https:\/\/dolomitibus.it\/it\/l\/app-dolomiti\/index\">https:\/\/dolomitibus.it\/it\/l\/app-dolomiti\/index<\/a> ) fino al 20 maggio o fino ad esaurimento dei posti disponibili. Il costo del biglietto \u00e8 di 15 euro. Il servizio inizier\u00e0 alle ore 8.00 di venerd\u00ec 26 maggio e continuer\u00e0 senza interruzioni fino alle ore 12.00. Il deflusso inizier\u00e0 dopo il transito del \u201cfine corsa\u201d, prevedibilmente non prima delle ore 18.00 e continuer\u00e0 fino al trasporto dell\u2019ultimo avente diritto.<\/p>\n<p>&nbsp;<\/p>\n<p>&nbsp;<\/p>\n<p>********<\/p>\n","protected":false},"excerpt":{"rendered":"<p>AURONZO Venerd\u00ec 26 maggio Il Giro d\u2019Italia proporr\u00e0 una delle tappe decisive, la Longarone \u2013 Tre Cime di Lavaredo (rifugio Auronzo), 183 chilometri e 5.400 metri di dislivello che costituiranno uno dei momenti pi\u00f9 spettacolari della corsa rosa. In vista dell\u2019evento, il comitato tappa e il comune di Auronzo di Cadore hanno predisposto, in collaborazione&hellip;<\/p>\n","protected":false},"author":4,"featured_media":335083,"comment_status":"closed","ping_status":"closed","sticky":false,"template":"","format":"standard","meta":{"_monsterinsights_skip_tracking":false,"_monsterinsights_sitenote_active":false,"_monsterinsights_sitenote_note":"","_monsterinsights_sitenote_category":0,"footnotes":""},"categories":[49],"tags":[],"class_list":["post-335081","post","type-post","status-publish","format-standard","has-post-thumbnail","hentry","category-news-18","category-49","description-off"],"img_url":"https:\/\/www.radiopiu.net\/wordpress\/wp-content\/uploads\/2023\/05\/5-24\u00a9Echialessandrosogne.jpg","_links":{"self":[{"href":"https:\/\/www.radiopiu.net\/wordpress\/wp-json\/wp\/v2\/posts\/335081","targetHints":{"allow":["GET"]}}],"collection":[{"href":"https:\/\/www.radiopiu.net\/wordpress\/wp-json\/wp\/v2\/posts"}],"about":[{"href":"https:\/\/www.radiopiu.net\/wordpress\/wp-json\/wp\/v2\/types\/post"}],"author":[{"embeddable":true,"href":"https:\/\/www.radiopiu.net\/wordpress\/wp-json\/wp\/v2\/users\/4"}],"replies":[{"embeddable":true,"href":"https:\/\/www.radiopiu.net\/wordpress\/wp-json\/wp\/v2\/comments?post=335081"}],"version-history":[{"count":0,"href":"https:\/\/www.radiopiu.net\/wordpress\/wp-json\/wp\/v2\/posts\/335081\/revisions"}],"wp:featuredmedia":[{"embeddable":true,"href":"https:\/\/www.radiopiu.net\/wordpress\/wp-json\/wp\/v2\/media\/335083"}],"wp:attachment":[{"href":"https:\/\/www.radiopiu.net\/wordpress\/wp-json\/wp\/v2\/media?parent=335081"}],"wp:term":[{"taxonomy":"category","embeddable":true,"href":"https:\/\/www.radiopiu.net\/wordpress\/wp-json\/wp\/v2\/categories?post=335081"},{"taxonomy":"post_tag","embeddable":true,"href":"https:\/\/www.radiopiu.net\/wordpress\/wp-json\/wp\/v2\/tags?post=335081"}],"curies":[{"name":"wp","href":"https:\/\/api.w.org\/{rel}","templated":true}]}}