{"id":335118,"date":"2023-05-09T16:40:52","date_gmt":"2023-05-09T14:40:52","guid":{"rendered":"https:\/\/www.radiopiu.net\/wordpress\/?p=335118"},"modified":"2023-05-10T06:06:07","modified_gmt":"2023-05-10T04:06:07","slug":"gli-incontri-di-siamo-belluno-basta-campanilismi-uniamo-le-forze","status":"publish","type":"post","link":"https:\/\/www.radiopiu.net\/wordpress\/gli-incontri-di-siamo-belluno-basta-campanilismi-uniamo-le-forze\/","title":{"rendered":"GLI INCONTRI DI SIAMO BELLUNO: &#8220;BASTA CAMPANILISMI, UNIAMO LE FORZE&#8221;"},"content":{"rendered":"<p><strong><a class=\"dt-pswp-item\" href=\"https:\/\/www.radiopiu.net\/wordpress\/wp-content\/uploads\/2023\/05\/WhatsApp-Image-2023-05-09-at-14.32.16-3.jpeg\" data-dt-img-description=\"\" data-large_image_width=\"1600\" data-large_image_height=\"1200\"><img loading=\"lazy\" decoding=\"async\" class=\" wp-image-335120 alignleft\" src=\"https:\/\/www.radiopiu.net\/wordpress\/wp-content\/uploads\/2023\/05\/WhatsApp-Image-2023-05-09-at-14.32.16-3-300x225.jpeg\" alt=\"\" width=\"224\" height=\"168\" srcset=\"https:\/\/www.radiopiu.net\/wordpress\/wp-content\/uploads\/2023\/05\/WhatsApp-Image-2023-05-09-at-14.32.16-3-300x225.jpeg 300w, https:\/\/www.radiopiu.net\/wordpress\/wp-content\/uploads\/2023\/05\/WhatsApp-Image-2023-05-09-at-14.32.16-3-1024x768.jpeg 1024w, https:\/\/www.radiopiu.net\/wordpress\/wp-content\/uploads\/2023\/05\/WhatsApp-Image-2023-05-09-at-14.32.16-3-768x576.jpeg 768w, https:\/\/www.radiopiu.net\/wordpress\/wp-content\/uploads\/2023\/05\/WhatsApp-Image-2023-05-09-at-14.32.16-3-1536x1152.jpeg 1536w, https:\/\/www.radiopiu.net\/wordpress\/wp-content\/uploads\/2023\/05\/WhatsApp-Image-2023-05-09-at-14.32.16-3.jpeg 1600w\" sizes=\"auto, (max-width: 224px) 100vw, 224px\" \/><\/a>BELLUNO<\/strong> L&#8217;associazione SiAmo Belluno ha tenuto un incontro a Ronce per discutere della necessit\u00e0 di superare i campanilismi e unire le forze per valorizzare il territorio. Nonostante si sia parlato anche delle difficolt\u00e0 economiche dei diversi enti, si \u00e8 sottolineato l&#8217;importanza di ottimizzare le risorse e investire collettivamente su progetti di sviluppo per la montagna. <a class=\"dt-pswp-item\" href=\"https:\/\/www.radiopiu.net\/wordpress\/wp-content\/uploads\/2023\/05\/WhatsApp-Image-2023-05-09-at-14.32.16-2.jpeg\" data-dt-img-description=\"\" data-large_image_width=\"1600\" data-large_image_height=\"1200\"><img loading=\"lazy\" decoding=\"async\" class=\" wp-image-335121 alignright\" src=\"https:\/\/www.radiopiu.net\/wordpress\/wp-content\/uploads\/2023\/05\/WhatsApp-Image-2023-05-09-at-14.32.16-2-300x225.jpeg\" alt=\"\" width=\"205\" height=\"154\" srcset=\"https:\/\/www.radiopiu.net\/wordpress\/wp-content\/uploads\/2023\/05\/WhatsApp-Image-2023-05-09-at-14.32.16-2-300x225.jpeg 300w, https:\/\/www.radiopiu.net\/wordpress\/wp-content\/uploads\/2023\/05\/WhatsApp-Image-2023-05-09-at-14.32.16-2-1024x768.jpeg 1024w, https:\/\/www.radiopiu.net\/wordpress\/wp-content\/uploads\/2023\/05\/WhatsApp-Image-2023-05-09-at-14.32.16-2-768x576.jpeg 768w, https:\/\/www.radiopiu.net\/wordpress\/wp-content\/uploads\/2023\/05\/WhatsApp-Image-2023-05-09-at-14.32.16-2-1536x1152.jpeg 1536w, https:\/\/www.radiopiu.net\/wordpress\/wp-content\/uploads\/2023\/05\/WhatsApp-Image-2023-05-09-at-14.32.16-2.jpeg 1600w\" sizes=\"auto, (max-width: 205px) 100vw, 205px\" \/><\/a>L&#8217;associazione Belluno Alpina ha sposato l&#8217;idea di un progetto ampio che coinvolga pi\u00f9 comuni, concentrandosi sulla cura del territorio e la creazione di una filiera del legno attraverso l&#8217;istituzione di un consorzio forestale,\u00a0 idea supportata anche dalla Regione Veneto attraverso Veneto Agricoltura. Si \u00e8 inoltre evidenziata l&#8217;importanza di migliorare la viabilit\u00e0 interna tra le frazioni alte, per favorire lo sviluppo residenziale e turistico. L&#8217;obiettivo ora \u00e8 rendere concreti questi discorsi e valutare le proposte dei comuni interessati.\u00a0 Temi cari all&#8217;associazione Belluno Alpina, co-organizzatrice della serata:<em> \u00abPer noi questi temi restano prioritari. &#8211; sottolinea il presidente Gimmy Dal Farra \u2013 Penso anche alla necessit\u00e0 di esboscare l&#8217;area alle pendici ovest del Visentin per poter riqualificare almeno 1000 ettari di terreno tra propriet\u00e0 pubbliche e private, alla necessit\u00e0 delle manutenzione e del completamento delle silvopastorali&#8221;.<\/em><\/p>\n<p><strong>BIAGIO GIANNONE, SIAMO BELLUNO<\/strong><\/p>\n<audio class=\"wp-audio-shortcode\" id=\"audio-335118-1\" preload=\"none\" style=\"width: 100%;\" controls=\"controls\"><source type=\"audio\/mpeg\" src=\"https:\/\/www.radiopiu.net\/wordpress\/wp-content\/uploads\/2023\/05\/2023.05.09-SiAmo-Belluno-incontro-Ronce.mp3?_=1\" \/><a href=\"https:\/\/www.radiopiu.net\/wordpress\/wp-content\/uploads\/2023\/05\/2023.05.09-SiAmo-Belluno-incontro-Ronce.mp3\">https:\/\/www.radiopiu.net\/wordpress\/wp-content\/uploads\/2023\/05\/2023.05.09-SiAmo-Belluno-incontro-Ronce.mp3<\/a><\/audio>\n<p>&nbsp;<\/p>\n<p>Dopo la serata di Ronce, dedicata ai temi della montagna, SiAmo Belluno affronter\u00e0 la delicata questione della violenza sulle donne nell&#8217;incontro organizzato con le rappresentanti di Belluno Donna per domani \u2013 mercoled\u00ec 10 maggio \u2013 alle 19.00 al Distretto Creativo di Via Mezzaterra. L&#8217;incontro, moderato dalla giornalista Irene Aliprandi, verr\u00e0 trasmesso in diretta Facebook sulla pagina di SiAmo Belluno.<\/p>\n<div class=\"group w-full text-gray-800 dark:text-gray-100 border-b border-black\/10 dark:border-gray-900\/50 dark:bg-gray-800\">\n<div class=\"flex p-4 gap-4 text-base md:gap-6 md:max-w-2xl lg:max-w-xl xl:max-w-3xl md:py-6 lg:px-0 m-auto\">\n<div class=\"relative flex flex-col w-[calc(100%-50px)] gap-1 md:gap-3 lg:w-[calc(100%-115px)]\">\n<div class=\"flex justify-between lg:block\">\n<div class=\"text-gray-400 flex self-end lg:self-center justify-center mt-2 gap-2 md:gap-3 lg:gap-1 lg:absolute lg:top-0 lg:translate-x-full lg:right-0 lg:mt-0 lg:pl-2 visible\"><\/div>\n<\/div>\n<\/div>\n<\/div>\n<\/div>\n<div class=\"group w-full text-gray-800 dark:text-gray-100 border-b border-black\/10 dark:border-gray-900\/50 bg-gray-50 dark:bg-[#444654]\">\n<div class=\"flex p-4 gap-4 text-base md:gap-6 md:max-w-2xl lg:max-w-xl xl:max-w-3xl md:py-6 lg:px-0 m-auto\">\n<div class=\"flex-shrink-0 flex flex-col relative items-end\">\n<div class=\"relative p-1 rounded-sm h-[30px] w-[30px] text-white flex items-center justify-center\">\n<hr \/>\n<\/div>\n<\/div>\n<\/div>\n<\/div>\n","protected":false},"excerpt":{"rendered":"<p>BELLUNO L&#8217;associazione SiAmo Belluno ha tenuto un incontro a Ronce per discutere della necessit\u00e0 di superare i campanilismi e unire le forze per valorizzare il territorio. Nonostante si sia parlato anche delle difficolt\u00e0 economiche dei diversi enti, si \u00e8 sottolineato l&#8217;importanza di ottimizzare le risorse e investire collettivamente su progetti di sviluppo per la montagna.&hellip;<\/p>\n","protected":false},"author":4,"featured_media":335120,"comment_status":"closed","ping_status":"closed","sticky":false,"template":"","format":"standard","meta":{"_monsterinsights_skip_tracking":false,"_monsterinsights_sitenote_active":false,"_monsterinsights_sitenote_note":"","_monsterinsights_sitenote_category":0,"footnotes":""},"categories":[51,49],"tags":[],"class_list":["post-335118","post","type-post","status-publish","format-standard","has-post-thumbnail","hentry","category-evidenza-top","category-news-18","category-51","category-49","description-off"],"img_url":"https:\/\/www.radiopiu.net\/wordpress\/wp-content\/uploads\/2023\/05\/WhatsApp-Image-2023-05-09-at-14.32.16-3.jpeg","_links":{"self":[{"href":"https:\/\/www.radiopiu.net\/wordpress\/wp-json\/wp\/v2\/posts\/335118","targetHints":{"allow":["GET"]}}],"collection":[{"href":"https:\/\/www.radiopiu.net\/wordpress\/wp-json\/wp\/v2\/posts"}],"about":[{"href":"https:\/\/www.radiopiu.net\/wordpress\/wp-json\/wp\/v2\/types\/post"}],"author":[{"embeddable":true,"href":"https:\/\/www.radiopiu.net\/wordpress\/wp-json\/wp\/v2\/users\/4"}],"replies":[{"embeddable":true,"href":"https:\/\/www.radiopiu.net\/wordpress\/wp-json\/wp\/v2\/comments?post=335118"}],"version-history":[{"count":0,"href":"https:\/\/www.radiopiu.net\/wordpress\/wp-json\/wp\/v2\/posts\/335118\/revisions"}],"wp:featuredmedia":[{"embeddable":true,"href":"https:\/\/www.radiopiu.net\/wordpress\/wp-json\/wp\/v2\/media\/335120"}],"wp:attachment":[{"href":"https:\/\/www.radiopiu.net\/wordpress\/wp-json\/wp\/v2\/media?parent=335118"}],"wp:term":[{"taxonomy":"category","embeddable":true,"href":"https:\/\/www.radiopiu.net\/wordpress\/wp-json\/wp\/v2\/categories?post=335118"},{"taxonomy":"post_tag","embeddable":true,"href":"https:\/\/www.radiopiu.net\/wordpress\/wp-json\/wp\/v2\/tags?post=335118"}],"curies":[{"name":"wp","href":"https:\/\/api.w.org\/{rel}","templated":true}]}}