{"id":335123,"date":"2023-05-09T16:46:03","date_gmt":"2023-05-09T14:46:03","guid":{"rendered":"https:\/\/www.radiopiu.net\/wordpress\/?p=335123"},"modified":"2023-05-10T06:05:49","modified_gmt":"2023-05-10T04:05:49","slug":"ulss-dolomiti-nuovo-modello-organizzativo-per-le-neurologie","status":"publish","type":"post","link":"https:\/\/www.radiopiu.net\/wordpress\/ulss-dolomiti-nuovo-modello-organizzativo-per-le-neurologie\/","title":{"rendered":"ULSS DOLOMITI, NUOVO MODELLO ORGANIZZATIVO PER LE NEUROLOGIE"},"content":{"rendered":"<p>&nbsp;<\/p>\n<div class=\"flex-1 overflow-hidden\">\n<div class=\"react-scroll-to-bottom--css-uilui-79elbk h-full dark:bg-gray-800\">\n<div class=\"react-scroll-to-bottom--css-uilui-1n7m0yu\">\n<div class=\"flex flex-col items-center text-sm dark:bg-gray-800\">\n<div class=\"group w-full text-gray-800 dark:text-gray-100 border-b border-black\/10 dark:border-gray-900\/50 bg-gray-50 dark:bg-[#444654]\">\n<div class=\"flex p-4 gap-4 text-base md:gap-6 md:max-w-2xl lg:max-w-xl xl:max-w-3xl md:py-6 lg:px-0 m-auto\">\n<div class=\"relative flex flex-col w-[calc(100%-50px)] gap-1 md:gap-3 lg:w-[calc(100%-115px)]\">\n<div class=\"flex flex-grow flex-col gap-3\">\n<div class=\"min-h-[20px] flex flex-col items-start gap-4 whitespace-pre-wrap break-words\">\n<div class=\"markdown prose w-full break-words dark:prose-invert light\">\n<p><strong><a class=\"dt-pswp-item\" href=\"https:\/\/www.radiopiu.net\/wordpress\/wp-content\/uploads\/2023\/03\/NEUROLOGIA.jpeg\" data-dt-img-description=\"\" data-large_image_width=\"1740\" data-large_image_height=\"1148\"><img loading=\"lazy\" decoding=\"async\" class=\"size-medium wp-image-327180 alignleft\" src=\"https:\/\/www.radiopiu.net\/wordpress\/wp-content\/uploads\/2023\/03\/NEUROLOGIA-300x198.jpeg\" alt=\"\" width=\"300\" height=\"198\" srcset=\"https:\/\/www.radiopiu.net\/wordpress\/wp-content\/uploads\/2023\/03\/NEUROLOGIA-300x198.jpeg 300w, https:\/\/www.radiopiu.net\/wordpress\/wp-content\/uploads\/2023\/03\/NEUROLOGIA-1024x676.jpeg 1024w, https:\/\/www.radiopiu.net\/wordpress\/wp-content\/uploads\/2023\/03\/NEUROLOGIA-768x507.jpeg 768w, https:\/\/www.radiopiu.net\/wordpress\/wp-content\/uploads\/2023\/03\/NEUROLOGIA-1536x1013.jpeg 1536w, https:\/\/www.radiopiu.net\/wordpress\/wp-content\/uploads\/2023\/03\/NEUROLOGIA.jpeg 1740w\" sizes=\"auto, (max-width: 300px) 100vw, 300px\" \/><\/a>BELLUNO<\/strong> L&#8217;Ulss Dolomiti ha annunciato l&#8217;attivazione, in via sperimentale, di un nuovo modello organizzativo per garantire le attivit\u00e0 delle due Neurologie aziendali, sia di ricovero che ambulatoriali. A partire dal 9 maggio 2023, sar\u00e0 prevista una unica pronta disponibilit\u00e0 aziendale del neurologo per il trattamento dei pazienti con codice ictus che necessitano di un trattamento trombolitico durante la notte e\/o il festivo. Le attivit\u00e0 ambulatoriali, i trattamenti per i pazienti con sclerosi multipla e le prestazioni ambulatoriali con priorit\u00e0 brevi continueranno ad essere garantite in entrambi i presidi di Belluno e Feltre, cos\u00ec come le attivit\u00e0 di ricovero. Attualmente, ci sono 7 medici neurologi in servizio, ma l&#8217;azienda sta cercando nuovi professionisti per garantire le attivit\u00e0 delle due Neurologie. Un bando di concorso per medici Neurologi scadr\u00e0 il 18 maggio e si spera che possa portare nuovi professionisti. Sono state attivate anche altre modalit\u00e0 di reperimento delle risorse umane, come bandi sempre aperti a tempo determinato e per contratti in libera professione. Inoltre, l&#8217;azienda ha attivato convenzioni con altre aziende, in particolare con l&#8217;Ulss Marca Trevigiana, per aumentare il numero di turni disponibili per il presidio di Belluno.<\/p>\n<\/div>\n<\/div>\n<\/div>\n<\/div>\n<\/div>\n<\/div>\n<\/div>\n<\/div>\n<\/div>\n<\/div>\n<p>&nbsp;<\/p>\n<p>&nbsp;<\/p>\n<p>&nbsp;<\/p>\n<p>&nbsp;<\/p>\n<p>&nbsp;<\/p>\n<p>&nbsp;<\/p>\n<p>&nbsp;<\/p>\n<p>&nbsp;<\/p>\n<hr \/>\n<div class=\"flex-1 overflow-hidden\">\n<div class=\"react-scroll-to-bottom--css-uilui-79elbk h-full dark:bg-gray-800\">\n<div class=\"react-scroll-to-bottom--css-uilui-1n7m0yu\">\n<div class=\"flex flex-col items-center text-sm dark:bg-gray-800\">\n<div class=\"group w-full text-gray-800 dark:text-gray-100 border-b border-black\/10 dark:border-gray-900\/50 bg-gray-50 dark:bg-[#444654]\">\n<div class=\"flex p-4 gap-4 text-base md:gap-6 md:max-w-2xl lg:max-w-xl xl:max-w-3xl md:py-6 lg:px-0 m-auto\">\n<div class=\"relative flex flex-col w-[calc(100%-50px)] gap-1 md:gap-3 lg:w-[calc(100%-115px)]\">\n<div class=\"flex justify-between lg:block\">\n<div class=\"text-xs flex items-center justify-center gap-1 self-center pt-2 !invisible\"><\/div>\n<\/div>\n<\/div>\n<\/div>\n<\/div>\n<\/div>\n<\/div>\n<\/div>\n<\/div>\n<div class=\"absolute bottom-0 left-0 w-full border-t md:border-t-0 dark:border-white\/20 md:border-transparent md:dark:border-transparent md:bg-vert-light-gradient bg-white dark:bg-gray-800 md:!bg-transparent dark:md:bg-vert-dark-gradient pt-2\">\n<form class=\"stretch mx-2 flex flex-row gap-3 last:mb-2 md:mx-4 md:last:mb-6 lg:mx-auto lg:max-w-2xl xl:max-w-3xl\">\n<div class=\"relative flex h-full flex-1 items-stretch md:flex-col\">\n<div class=\"\">\n<div class=\"h-full flex ml-1 md:w-full md:m-auto md:mb-2 gap-0 md:gap-2 justify-center\">\n<div class=\"flex w-full gap-2 items-center justify-center\"><\/div>\n<\/div>\n<\/div>\n<\/div>\n<\/form>\n<\/div>\n","protected":false},"excerpt":{"rendered":"<p>&nbsp; BELLUNO L&#8217;Ulss Dolomiti ha annunciato l&#8217;attivazione, in via sperimentale, di un nuovo modello organizzativo per garantire le attivit\u00e0 delle due Neurologie aziendali, sia di ricovero che ambulatoriali. A partire dal 9 maggio 2023, sar\u00e0 prevista una unica pronta disponibilit\u00e0 aziendale del neurologo per il trattamento dei pazienti con codice ictus che necessitano di un&hellip;<\/p>\n","protected":false},"author":4,"featured_media":327180,"comment_status":"closed","ping_status":"closed","sticky":false,"template":"","format":"standard","meta":{"_monsterinsights_skip_tracking":false,"_monsterinsights_sitenote_active":false,"_monsterinsights_sitenote_note":"","_monsterinsights_sitenote_category":0,"footnotes":""},"categories":[51,49],"tags":[],"class_list":["post-335123","post","type-post","status-publish","format-standard","has-post-thumbnail","hentry","category-evidenza-top","category-news-18","category-51","category-49","description-off"],"img_url":"https:\/\/www.radiopiu.net\/wordpress\/wp-content\/uploads\/2023\/03\/NEUROLOGIA.jpeg","_links":{"self":[{"href":"https:\/\/www.radiopiu.net\/wordpress\/wp-json\/wp\/v2\/posts\/335123","targetHints":{"allow":["GET"]}}],"collection":[{"href":"https:\/\/www.radiopiu.net\/wordpress\/wp-json\/wp\/v2\/posts"}],"about":[{"href":"https:\/\/www.radiopiu.net\/wordpress\/wp-json\/wp\/v2\/types\/post"}],"author":[{"embeddable":true,"href":"https:\/\/www.radiopiu.net\/wordpress\/wp-json\/wp\/v2\/users\/4"}],"replies":[{"embeddable":true,"href":"https:\/\/www.radiopiu.net\/wordpress\/wp-json\/wp\/v2\/comments?post=335123"}],"version-history":[{"count":0,"href":"https:\/\/www.radiopiu.net\/wordpress\/wp-json\/wp\/v2\/posts\/335123\/revisions"}],"wp:featuredmedia":[{"embeddable":true,"href":"https:\/\/www.radiopiu.net\/wordpress\/wp-json\/wp\/v2\/media\/327180"}],"wp:attachment":[{"href":"https:\/\/www.radiopiu.net\/wordpress\/wp-json\/wp\/v2\/media?parent=335123"}],"wp:term":[{"taxonomy":"category","embeddable":true,"href":"https:\/\/www.radiopiu.net\/wordpress\/wp-json\/wp\/v2\/categories?post=335123"},{"taxonomy":"post_tag","embeddable":true,"href":"https:\/\/www.radiopiu.net\/wordpress\/wp-json\/wp\/v2\/tags?post=335123"}],"curies":[{"name":"wp","href":"https:\/\/api.w.org\/{rel}","templated":true}]}}