{"id":335133,"date":"2023-05-09T17:25:50","date_gmt":"2023-05-09T15:25:50","guid":{"rendered":"https:\/\/www.radiopiu.net\/wordpress\/?p=335133"},"modified":"2023-05-10T05:55:22","modified_gmt":"2023-05-10T03:55:22","slug":"camminando-il-coraggio-di-daniele-matterazzo","status":"publish","type":"post","link":"https:\/\/www.radiopiu.net\/wordpress\/camminando-il-coraggio-di-daniele-matterazzo\/","title":{"rendered":"CAMMINANDO, IL CORAGGIO DI DANIELE MATTERAZZO"},"content":{"rendered":"<hr \/>\n<blockquote>\n<hr \/>\n<hr \/>\n<hr \/>\n<hr \/>\n<hr \/>\n<hr \/>\n<hr \/>\n<hr \/>\n<hr \/>\n<hr \/>\n<hr \/>\n<p><em>nel cammino una spinta per superare le sue paure ed aiutare gli altri. <\/em><span style=\"color: #333333;\"><span style=\"font-family: Arial, serif;\"><span style=\"font-size: medium;\">\u00abSantiago mi ha aperto un mondo<\/span><\/span><\/span><span style=\"color: #333333;\"><span style=\"font-family: Arial, serif;\"><span style=\"font-size: medium;\"><span lang=\"it-IT\"> -racconta Daniele Matterazzo- cos\u00ec dal 2020<\/span><\/span><\/span><\/span><span style=\"color: #333333;\"><span style=\"font-family: Arial, serif;\"><span style=\"font-size: medium;\"> ogni anno camminando aiuto una onlus diversa\u00bb<\/span><\/span><\/span><span style=\"color: #333333;\"><span style=\"font-family: Arial, serif;\"><span style=\"font-size: medium;\"><span lang=\"it-IT\">.<\/span><\/span><\/span><\/span><\/p><\/blockquote>\n<p><strong><a class=\"dt-pswp-item\" href=\"https:\/\/www.radiopiu.net\/wordpress\/wp-content\/uploads\/2023\/05\/image0-1.jpeg\" data-dt-img-description=\"\" data-large_image_width=\"1536\" data-large_image_height=\"2048\"><img loading=\"lazy\" decoding=\"async\" class=\"wp-image-335134 alignleft\" src=\"https:\/\/www.radiopiu.net\/wordpress\/wp-content\/uploads\/2023\/05\/image0-1-225x300.jpeg\" alt=\"\" width=\"144\" height=\"192\" srcset=\"https:\/\/www.radiopiu.net\/wordpress\/wp-content\/uploads\/2023\/05\/image0-1-225x300.jpeg 225w, https:\/\/www.radiopiu.net\/wordpress\/wp-content\/uploads\/2023\/05\/image0-1-768x1024.jpeg 768w, https:\/\/www.radiopiu.net\/wordpress\/wp-content\/uploads\/2023\/05\/image0-1-1152x1536.jpeg 1152w, https:\/\/www.radiopiu.net\/wordpress\/wp-content\/uploads\/2023\/05\/image0-1.jpeg 1536w\" sizes=\"auto, (max-width: 144px) 100vw, 144px\" \/><\/a><\/strong><\/p>\n<p><strong>BELLUNO<\/strong> Daniele Matterazzo \u00e8 un giovane ragazzo di Legnaro (PD) che a soli 15 anni ha perso l&#8217;uso di un braccio a causa di un incidente in motorino. Dopo aver attraversato un&#8217;adolescenza difficile cercando di nascondere i suoi problemi fisici, Daniele ha trovato la sua svolta a trent&#8217;anni grazie al film sul cammino di Santiago. Da quel momento, ogni anno Daniele si dedica alla camminata, aiutando una diversa onlus. Ha gi\u00e0 percorso tutta la via Francigena e la Lapponia svedese, e quest&#8217;anno ha in programma di percorrere in bici da Parigi a Padova e attraversare l&#8217;Islanda da nord a sud. Il cammino non solo lo aiuta a curare se stesso, ma anche a sostenere le onlus che si occupano di disabilit\u00e0 e cura. Venerd\u00ec sera alle 20.45 al Palazzo delle Contesse di Mel, Daniele Matterazzo racconter\u00e0 la sua storia al festival &#8220;Camminando&#8221; a Borgo Valbelluna, mostrando immagini e sensazioni di un cammino personale fatto di coraggio, speranza e determinazione.<\/p>\n<p><a class=\"dt-pswp-item\" href=\"https:\/\/www.radiopiu.net\/wordpress\/wp-content\/uploads\/2023\/05\/image4-scaled.jpeg\" data-dt-img-description=\"\" data-large_image_width=\"2560\" data-large_image_height=\"1939\"><img loading=\"lazy\" decoding=\"async\" class=\"size-medium wp-image-335135 aligncenter\" src=\"https:\/\/www.radiopiu.net\/wordpress\/wp-content\/uploads\/2023\/05\/image4-300x227.jpeg\" alt=\"\" width=\"300\" height=\"227\" srcset=\"https:\/\/www.radiopiu.net\/wordpress\/wp-content\/uploads\/2023\/05\/image4-300x227.jpeg 300w, https:\/\/www.radiopiu.net\/wordpress\/wp-content\/uploads\/2023\/05\/image4-1024x776.jpeg 1024w, https:\/\/www.radiopiu.net\/wordpress\/wp-content\/uploads\/2023\/05\/image4-768x582.jpeg 768w, https:\/\/www.radiopiu.net\/wordpress\/wp-content\/uploads\/2023\/05\/image4-1536x1163.jpeg 1536w, https:\/\/www.radiopiu.net\/wordpress\/wp-content\/uploads\/2023\/05\/image4-2048x1551.jpeg 2048w\" sizes=\"auto, (max-width: 300px) 100vw, 300px\" \/><\/a><\/p>\n<p>&nbsp;<\/p>\n<hr \/>\n<p>&nbsp;<\/p>\n","protected":false},"excerpt":{"rendered":"<p>nel cammino una spinta per superare le sue paure ed aiutare gli altri. \u00abSantiago mi ha aperto un mondo -racconta Daniele Matterazzo- cos\u00ec dal 2020 ogni anno camminando aiuto una onlus diversa\u00bb. BELLUNO Daniele Matterazzo \u00e8 un giovane ragazzo di Legnaro (PD) che a soli 15 anni ha perso l&#8217;uso di un braccio a causa&hellip;<\/p>\n","protected":false},"author":4,"featured_media":335135,"comment_status":"closed","ping_status":"closed","sticky":false,"template":"","format":"standard","meta":{"_monsterinsights_skip_tracking":false,"_monsterinsights_sitenote_active":false,"_monsterinsights_sitenote_note":"","_monsterinsights_sitenote_category":0,"footnotes":""},"categories":[51,49],"tags":[],"class_list":["post-335133","post","type-post","status-publish","format-standard","has-post-thumbnail","hentry","category-evidenza-top","category-news-18","category-51","category-49","description-off"],"img_url":"https:\/\/www.radiopiu.net\/wordpress\/wp-content\/uploads\/2023\/05\/image4-scaled.jpeg","_links":{"self":[{"href":"https:\/\/www.radiopiu.net\/wordpress\/wp-json\/wp\/v2\/posts\/335133","targetHints":{"allow":["GET"]}}],"collection":[{"href":"https:\/\/www.radiopiu.net\/wordpress\/wp-json\/wp\/v2\/posts"}],"about":[{"href":"https:\/\/www.radiopiu.net\/wordpress\/wp-json\/wp\/v2\/types\/post"}],"author":[{"embeddable":true,"href":"https:\/\/www.radiopiu.net\/wordpress\/wp-json\/wp\/v2\/users\/4"}],"replies":[{"embeddable":true,"href":"https:\/\/www.radiopiu.net\/wordpress\/wp-json\/wp\/v2\/comments?post=335133"}],"version-history":[{"count":0,"href":"https:\/\/www.radiopiu.net\/wordpress\/wp-json\/wp\/v2\/posts\/335133\/revisions"}],"wp:featuredmedia":[{"embeddable":true,"href":"https:\/\/www.radiopiu.net\/wordpress\/wp-json\/wp\/v2\/media\/335135"}],"wp:attachment":[{"href":"https:\/\/www.radiopiu.net\/wordpress\/wp-json\/wp\/v2\/media?parent=335133"}],"wp:term":[{"taxonomy":"category","embeddable":true,"href":"https:\/\/www.radiopiu.net\/wordpress\/wp-json\/wp\/v2\/categories?post=335133"},{"taxonomy":"post_tag","embeddable":true,"href":"https:\/\/www.radiopiu.net\/wordpress\/wp-json\/wp\/v2\/tags?post=335133"}],"curies":[{"name":"wp","href":"https:\/\/api.w.org\/{rel}","templated":true}]}}