{"id":335218,"date":"2023-05-11T05:56:43","date_gmt":"2023-05-11T03:56:43","guid":{"rendered":"https:\/\/www.radiopiu.net\/wordpress\/?p=335218"},"modified":"2023-05-11T06:49:04","modified_gmt":"2023-05-11T04:49:04","slug":"giornale-radiopiu-11-maggio-2023-direttore-mirko-mezzacasa-verso-i-40-anni-25-giugno-1983-25-giugno-2023","status":"publish","type":"post","link":"https:\/\/www.radiopiu.net\/wordpress\/giornale-radiopiu-11-maggio-2023-direttore-mirko-mezzacasa-verso-i-40-anni-25-giugno-1983-25-giugno-2023\/","title":{"rendered":"GIORNALE RADIOPIU 11 MAGGIO 2023 DIRETTORE MIRKO MEZZACASA&#8230;verso i 40 anni 25 giugno 1983-25 giugno 2023"},"content":{"rendered":"<h2 style=\"text-align: left;\"><span style=\"color: #ff0000;\"><span style=\"vertical-align: inherit;\"><a class=\"dt-pswp-item\" href=\"https:\/\/www.radiopiu.net\/wordpress\/wp-content\/uploads\/2023\/04\/e0aad41d-951e-47b9-9fae-1a879a9bcb7e-1.jpg\" data-dt-img-description=\"\" data-large_image_width=\"1200\" data-large_image_height=\"1200\"><img loading=\"lazy\" decoding=\"async\" class=\"wp-image-333205 alignleft\" src=\"https:\/\/www.radiopiu.net\/wordpress\/wp-content\/uploads\/2023\/04\/e0aad41d-951e-47b9-9fae-1a879a9bcb7e-1-300x300.jpg\" alt=\"\" width=\"110\" height=\"110\" srcset=\"https:\/\/www.radiopiu.net\/wordpress\/wp-content\/uploads\/2023\/04\/e0aad41d-951e-47b9-9fae-1a879a9bcb7e-1-300x300.jpg 300w, https:\/\/www.radiopiu.net\/wordpress\/wp-content\/uploads\/2023\/04\/e0aad41d-951e-47b9-9fae-1a879a9bcb7e-1-1024x1024.jpg 1024w, https:\/\/www.radiopiu.net\/wordpress\/wp-content\/uploads\/2023\/04\/e0aad41d-951e-47b9-9fae-1a879a9bcb7e-1-150x150.jpg 150w, https:\/\/www.radiopiu.net\/wordpress\/wp-content\/uploads\/2023\/04\/e0aad41d-951e-47b9-9fae-1a879a9bcb7e-1-768x768.jpg 768w, https:\/\/www.radiopiu.net\/wordpress\/wp-content\/uploads\/2023\/04\/e0aad41d-951e-47b9-9fae-1a879a9bcb7e-1.jpg 1200w\" sizes=\"auto, (max-width: 110px) 100vw, 110px\" \/><\/a><\/span><\/span><\/h2>\n<h2 style=\"text-align: left;\"><span style=\"color: #ff0000;\"><span style=\"vertical-align: inherit;\">ISCRIVITI AL NOSTRO CANALE\u00a0 <\/span><\/span><span style=\"vertical-align: inherit;\"> YOUTUBE PER SEGUIRE IN DIRETTA I PRINCIPALI PROGRAMMI DI RADIO PIU&#8217; E LE FUTURE DIRETTE IN ESTERNA. PER ISCRIVERTI <\/span><a style=\"color: #ff0000;\" href=\"https:\/\/youtube.com\/@radiopiu1527\"><span style=\"vertical-align: inherit;\">CLICCA QUI <\/span><\/a><span style=\"color: #ff0000; font-size: 14px; font-weight: normal;\"><span style=\"vertical-align: inherit;\">E PREMI\u00a0 &#8220;Iscriviti&#8221;\u00a0 \u00a0 \u00a0\u00a0<\/span><\/span><\/h2>\n<p>&nbsp;<\/p>\n<p>&nbsp;<\/p>\n<p>&nbsp;<\/p>\n<hr \/>\n<p>&nbsp;<\/p>\n<p><span style=\"color: #ff0000;\"><strong>E anche STAMANE\u00a0 RADIOPIU si fa in QUATTRO\u00a0 per i suoi ascoltatori&#8230;.<\/strong><\/span><\/p>\n<p><strong><a class=\"dt-pswp-item\" href=\"https:\/\/www.radiopiu.net\/wordpress\/wp-content\/uploads\/2020\/03\/banner-rassegna.jpg\" data-dt-img-description=\"\" data-large_image_width=\"1200\" data-large_image_height=\"400\"><img loading=\"lazy\" decoding=\"async\" class=\" wp-image-120667 alignleft\" src=\"https:\/\/www.radiopiu.net\/wordpress\/wp-content\/uploads\/2020\/03\/banner-rassegna-300x100.jpg\" alt=\"\" width=\"201\" height=\"67\" srcset=\"https:\/\/www.radiopiu.net\/wordpress\/wp-content\/uploads\/2020\/03\/banner-rassegna-300x100.jpg 300w, https:\/\/www.radiopiu.net\/wordpress\/wp-content\/uploads\/2020\/03\/banner-rassegna-1024x341.jpg 1024w, https:\/\/www.radiopiu.net\/wordpress\/wp-content\/uploads\/2020\/03\/banner-rassegna-768x256.jpg 768w, https:\/\/www.radiopiu.net\/wordpress\/wp-content\/uploads\/2020\/03\/banner-rassegna.jpg 1200w\" sizes=\"auto, (max-width: 201px) 100vw, 201px\" \/><\/a>1&#8230;. alle 805 COME DA 40 ANNI OGNI GIORNO ALLE OTTO DEL MATTINO LA RASSEGNA STAMPA LOCALE DI MIRKO MEZZACASA\u00a0<\/strong><\/p>\n<p><strong>2&#8230;.alle 10.30\u00a0 DOMANI SERA A FELTRE IL CONCERTE DE &#8220;LE ORME&#8221;<\/strong><\/p>\n<p><strong>3&#8230;.alle 12.30 giornale radio edizione principale<\/strong><\/p>\n<p><strong>4. &#8230;.alle 15.10 ROCK ROVENTE, IL PROGRAMMA DI MARCO COSTANTINI (foto)<\/strong><\/p>\n<p>&nbsp;<\/p>\n<p>&nbsp;<\/p>\n<hr \/>\n<p>&nbsp;<\/p>\n<blockquote>\n<h3>LE ASSOCIAZIONI FELTRINE SCRIVONO UNA LETTERA APERTA SULLA SANITA&#8217; LOCALE<\/h3>\n<\/blockquote>\n<p><strong><a class=\"dt-pswp-item\" href=\"https:\/\/www.radiopiu.net\/wordpress\/wp-content\/uploads\/2021\/06\/MEDICO.jpg\" data-dt-img-description=\"\" data-large_image_width=\"1920\" data-large_image_height=\"1440\"><img loading=\"lazy\" decoding=\"async\" class=\" wp-image-216887 alignleft\" src=\"https:\/\/www.radiopiu.net\/wordpress\/wp-content\/uploads\/2021\/06\/MEDICO-300x225.jpg\" alt=\"\" width=\"129\" height=\"97\" srcset=\"https:\/\/www.radiopiu.net\/wordpress\/wp-content\/uploads\/2021\/06\/MEDICO-300x225.jpg 300w, https:\/\/www.radiopiu.net\/wordpress\/wp-content\/uploads\/2021\/06\/MEDICO-1024x768.jpg 1024w, https:\/\/www.radiopiu.net\/wordpress\/wp-content\/uploads\/2021\/06\/MEDICO-768x576.jpg 768w, https:\/\/www.radiopiu.net\/wordpress\/wp-content\/uploads\/2021\/06\/MEDICO-1536x1152.jpg 1536w, https:\/\/www.radiopiu.net\/wordpress\/wp-content\/uploads\/2021\/06\/MEDICO.jpg 1920w\" sizes=\"auto, (max-width: 129px) 100vw, 129px\" \/><\/a>FELTRE<\/strong> Le associazioni feltrine Famiglia Feltrina, Mano Amica, Il Filo di Arianna, Rotary Club Feltre, Lions Club Feltre Castello di Alboino\u00a0 e Feltre Host e Leo Club Feltre hanno scritto una lettera aperta sul tema della\u00a0sanit\u00e0 locale e, in\u00a0particolare,\u00a0la prossima nomina della nuova direzione generale dell&#8217;ULSS 1 &#8220;Dolomiti&#8221;.<\/p>\n<p><strong>IL PRESIDENTE DI FAMIGLIA FELTRINA ENRICO GAZ<\/strong><\/p>\n<audio class=\"wp-audio-shortcode\" id=\"audio-335218-1\" preload=\"none\" style=\"width: 100%;\" controls=\"controls\"><source type=\"audio\/mpeg\" src=\"https:\/\/www.radiopiu.net\/wordpress\/wp-content\/uploads\/2023\/05\/Audio-Int.-Gaz-su-nota-sanita-bellunese.mp3?_=1\" \/><a href=\"https:\/\/www.radiopiu.net\/wordpress\/wp-content\/uploads\/2023\/05\/Audio-Int.-Gaz-su-nota-sanita-bellunese.mp3\">https:\/\/www.radiopiu.net\/wordpress\/wp-content\/uploads\/2023\/05\/Audio-Int.-Gaz-su-nota-sanita-bellunese.mp3<\/a><\/audio>\n<p>&nbsp;<\/p>\n<p><strong>LA LETTERA<\/strong><\/p>\n<p>Le Associazioni scriventi hanno da tempo avviato una comune riflessione sulla situazione della sanit\u00e0 locale. In una lettera aperta presentata lo scorso inverno \u00e8 stato evidenziato come sarebbe illusorio immaginare che le criticit\u00e0 attuali cessino con la fine della pandemia. Di fatto, stiamo gi\u00e0 continuando a vivere un\u2019altra \u201cepidemia\u201d, data dall\u2019invecchiamento della popolazione, dallo spopolamento e dal calo delle nascite, con la conseguente esplosione della cronicit\u00e0 e dei problemi ad essa correlati. Il nostro territorio, demograficamente fragile ed oro-geograficamente disagiato, rappresenta una frontiera di questo \u201ccontagio\u201d. Risulta quindi indispensabile ripensare in modo profondo l\u2019attuale organizzazione socio-sanitaria, per renderla pi\u00f9 coerente con i reali bisogni della popolazione. Il nostro territorio, proprio per le sue consolidate e irrisolvibili criticit\u00e0, dovrebbe diventare spazio di sperimentazione di nuovi modelli assistenziali, pi\u00f9 incentrati sulla persona, meno orientati al \u201csanitario con erogazione di prestazioni\u201d, e pi\u00f9 rivolti alla \u201csalute e benessere dei singoli e della collettivit\u00e0\u201d. La prossima nomina di una nuova Direzione Generale rappresenta l\u2019occasione per scelte coerenti con queste pressanti esigenze, le quali richiedono un approccio comunitario nelle risposte, dove le attivit\u00e0 non siano pi\u00f9 mirate unicamente alla diagnosi e alla cura dei singoli, ma anche alla valorizzazione di tutte le risorse locali, sociali, scolastiche, lavorative, associative, di vicinato, per promuovere la salute nei luoghi di vita, per gestire le cronicit\u00e0, avvalendosi di varie forme di collaborazione e cooperazione, in modo da contrastare le diseguaglianze in salute con la promozione di una diffusa sensibilit\u00e0 sociale. In quest\u2019ottica, per far s\u00ec che gli auspici portino ad una accelerazione importante di un percorso troppo spesso solo annunciato, riteniamo indispensabile che la responsabilit\u00e0 apicale dell\u2019Azienda sanitaria sia affidata a dirigenti che ben conoscano le specificit\u00e0 del nostro territorio e la cui formazione professionale attesti una effettiva conoscenza delle peculiarit\u00e0 proprie della sanit\u00e0 in montagna. Per costruire, entro gli ospedali e nel territorio, una sanit\u00e0 attenta e partecipe ai bisogni delle persone e delle comunit\u00e0 di montagna diventa imprescindibile che le istituzioni sanitarie locali trovino una guida radicata nel territorio e di provata e reale conoscenza di quanto lo caratterizza. A sostegno e supporto delle istituzioni, in questo momento di importante trasformazione, rivolgiamo pertanto questo pubblico appello confidando in un suo seguito concreto.<\/p>\n<p>&nbsp;<\/p>\n<hr \/>\n<p>&nbsp;<\/p>\n<blockquote>\n<h3>OMICIDIO DI ALANO, DOMINGUEZ DEVE RIMANERE IN CARCERE.<\/h3>\n<\/blockquote>\n<p style=\"text-align: left;\"><strong><a class=\"dt-pswp-item\" href=\"https:\/\/www.radiopiu.net\/wordpress\/wp-content\/uploads\/2023\/05\/Senza-nome-38.jpg\" data-dt-img-description=\"\" data-large_image_width=\"143\" data-large_image_height=\"109\"><img loading=\"lazy\" decoding=\"async\" class=\"size-full wp-image-335345 alignleft\" src=\"https:\/\/www.radiopiu.net\/wordpress\/wp-content\/uploads\/2023\/05\/Senza-nome-38.jpg\" alt=\"\" width=\"143\" height=\"109\" \/><\/a>BELLUNO<\/strong> \u00a0Il fermo del 46enne indagato per l&#8217;accoltellamento di Antonio Costa \u00e8 stato convalidato ieri pomeriggio dal giudice per le indagini preliminari Enrica Marson, il gip ha ritenuto validi tutti i motivi, che possono giustificare la carcerazione, oltre tutto per un reato cos\u00ec grave. In particolare il pericolo di fuga e quello di inquinamento delle prove. Il difensore di fiducia Giorgio Gasperin, invece, puntava ad avere gli arresti domiciliari, anche sulla base della delicata situazione familiare del suo assistito.\u00a0 La Procura gli contesta l&#8217;omicidio di Antonio Costa.<\/p>\n<p>foto a sinistra Dominguez, a destra la vittima Antonio Costa.<\/p>\n<p>&nbsp;<\/p>\n<blockquote>\n<h3><strong>ANTENNA 3, CANALE 10 DIGITALE TERRESTRE<\/strong><\/h3>\n<h3><strong>DI CRISTIAN ARBOIT\u00a0<\/strong><\/h3>\n<\/blockquote>\n<p><iframe loading=\"lazy\" title=\"RESTA IN CARCERE PEDRO DOMINGUEZ: \u00abCOLPO PARTITO INAVVERTITAMENTE\u00bb | 10\/05\/2023\" width=\"1200\" height=\"675\" src=\"https:\/\/www.youtube.com\/embed\/nBvZI4y0smE?feature=oembed\" frameborder=\"0\" allow=\"accelerometer; autoplay; clipboard-write; encrypted-media; gyroscope; picture-in-picture; web-share\" allowfullscreen><\/iframe><\/p>\n<p>&nbsp;<\/p>\n<p>&nbsp;<\/p>\n<hr \/>\n<p>&nbsp;<\/p>\n<blockquote>\n<h3>DANNEGGIATA LA FONTANA DI PIAZZA DEI MARTIRI A BELLUNO<\/h3>\n<\/blockquote>\n<p><strong><a class=\"dt-pswp-item\" href=\"https:\/\/www.radiopiu.net\/wordpress\/wp-content\/uploads\/2023\/05\/FONTANA-PIAZZA-MARTIRI-scaled.jpeg\" data-dt-img-description=\"\" data-large_image_width=\"2560\" data-large_image_height=\"1547\"><img loading=\"lazy\" decoding=\"async\" class=\" wp-image-335259 alignleft\" src=\"https:\/\/www.radiopiu.net\/wordpress\/wp-content\/uploads\/2023\/05\/FONTANA-PIAZZA-MARTIRI-300x181.jpeg\" alt=\"\" width=\"196\" height=\"118\" srcset=\"https:\/\/www.radiopiu.net\/wordpress\/wp-content\/uploads\/2023\/05\/FONTANA-PIAZZA-MARTIRI-300x181.jpeg 300w, https:\/\/www.radiopiu.net\/wordpress\/wp-content\/uploads\/2023\/05\/FONTANA-PIAZZA-MARTIRI-1024x619.jpeg 1024w, https:\/\/www.radiopiu.net\/wordpress\/wp-content\/uploads\/2023\/05\/FONTANA-PIAZZA-MARTIRI-768x464.jpeg 768w, https:\/\/www.radiopiu.net\/wordpress\/wp-content\/uploads\/2023\/05\/FONTANA-PIAZZA-MARTIRI-1536x928.jpeg 1536w, https:\/\/www.radiopiu.net\/wordpress\/wp-content\/uploads\/2023\/05\/FONTANA-PIAZZA-MARTIRI-2048x1238.jpeg 2048w\" sizes=\"auto, (max-width: 196px) 100vw, 196px\" \/><\/a>BELLUNO<\/strong> Danneggiata la fontana di piazza dei Martiri. Nel fine settimana ignoti hanno forzato e scassinato l\u2019ingresso del locale tecnico, quindi chiuso le valvole delle pompe e poi ostruito le bocche per il recupero dell\u2019acqua all\u2019interno della vasca. La scoperta \u00e8 stata fatta domenica, sul posto sono arrivati i vigili chiamati dall\u2019assessore e nei giorni successivi \u00e8 stata sporta denuncia contro ignoti. Nel frattempo la polizia locale sta vagliando i video del sistema di video sorveglianza, nella speranza di raccogliere indizi. Il raid \u00e8 presumibilmente avvenuto di notte, nel fine settimana. La porta del locale tecnico \u00e8 stata scassinata per guadagnare l\u2019accesso al suo interno e, una volta dentro, i vandali hanno chiuso le valvole delle due pompe causando il surriscaldamento e quindi lo choc termico dell\u2019impianto. Non soddisfatti, sono intervenuti anche dentro la vasca ostruendo con una bottiglia e con erba i buchi per il recupero dell\u2019acqua, mandando di fatto in tilt le pompe.<\/p>\n<p><strong>L\u2019ASSESSORE AI LAVORI PUBBLICI, FRANCO ROCCON<\/strong><\/p>\n<p><iframe loading=\"lazy\" title=\"FRANCO ROCCON VANDALISMO PIAZZA MARTIRI\" width=\"1200\" height=\"675\" src=\"https:\/\/www.youtube.com\/embed\/u3wAptFqOhc?feature=oembed\" frameborder=\"0\" allow=\"accelerometer; autoplay; clipboard-write; encrypted-media; gyroscope; picture-in-picture; web-share\" allowfullscreen><\/iframe><\/p>\n<p>&nbsp;<\/p>\n<hr \/>\n<p>&nbsp;<\/p>\n<p>&nbsp;<\/p>\n<blockquote>\n<h3>DANNO ERARIALE AL COMUNE DA OLTRE 400 MILA EURO, TIRATO IN BALLO L&#8217;EX SINDACO MASSARO<\/h3>\n<\/blockquote>\n<p><strong><img loading=\"lazy\" decoding=\"async\" class=\"alignleft\" src=\"https:\/\/www.radiopiu.net\/wordpress\/wp-content\/uploads\/2022\/02\/Palazzo-rosso-illuminato-2-scaled.jpg\" width=\"194\" height=\"129\" \/>BELLUNO<\/strong><\/p>\n<p><strong>DI MORENO GIOLI<\/strong><\/p>\n<audio class=\"wp-audio-shortcode\" id=\"audio-335218-2\" preload=\"none\" style=\"width: 100%;\" controls=\"controls\"><source type=\"audio\/mpeg\" src=\"https:\/\/www.radiopiu.net\/wordpress\/wp-content\/uploads\/2023\/05\/fallimento-nis.mp3?_=2\" \/><a href=\"https:\/\/www.radiopiu.net\/wordpress\/wp-content\/uploads\/2023\/05\/fallimento-nis.mp3\">https:\/\/www.radiopiu.net\/wordpress\/wp-content\/uploads\/2023\/05\/fallimento-nis.mp3<\/a><\/audio>\n<p>&nbsp;<\/p>\n<p>&nbsp;<\/p>\n<hr \/>\n<p>&nbsp;<\/p>\n<blockquote>\n<h3>PALPEGGIATA DALL&#8217;EX: S&#8217;APRONO LE PORTE DEL TRIBUNALE<\/h3>\n<\/blockquote>\n<p><strong><img loading=\"lazy\" decoding=\"async\" class=\"alignleft\" src=\"https:\/\/www.radiopiu.net\/wordpress\/wp-content\/uploads\/2021\/09\/tribunale-belluno.jpg\" width=\"244\" height=\"162\" \/>OGGI SUL CORRIERE DELLE ALPI<\/strong><\/p>\n<p><strong>DI GIGI SOSSO<\/strong><\/p>\n<div class=\"group w-full text-gray-800 dark:text-gray-100 border-b border-black\/10 dark:border-gray-900\/50 bg-gray-50 dark:bg-[#444654]\">\n<div class=\"flex p-4 gap-4 text-base md:gap-6 md:max-w-2xl lg:max-w-xl xl:max-w-3xl md:py-6 lg:px-0 m-auto\">\n<div class=\"relative flex flex-col w-[calc(100%-50px)] gap-1 md:gap-3 lg:w-[calc(100%-115px)]\">\n<div class=\"flex flex-grow flex-col gap-3\">\n<div class=\"min-h-[20px] flex flex-col items-start gap-4 whitespace-pre-wrap break-words\">\n<div class=\"markdown prose w-full break-words dark:prose-invert light\">\n<p><strong>BELLUNO<\/strong> Il caso riguarda una giovane donna che ha presentato una querela per violenza sessuale contro il suo ex fidanzato. Dopo un aperitivo in un locale, l&#8217;uomo avrebbe tentato un approccio sessuale non consensuale palpeggiandole il fondoschiena. Nonostante la fine della relazione, l&#8217;uomo sembra non essersi rassegnato alla separazione. Attualmente, l&#8217;uomo non \u00e8 rintracciabile e il suo avvocato non \u00e8 riuscito a notificarlo del procedimento legale. La donna non cerca un risarcimento danni, ma desidera che l&#8217;imputato venga condannato per violenza sessuale. Il processo non \u00e8 ancora iniziato e le ricerche dell&#8217;uomo continuano.<\/p>\n<\/div>\n<\/div>\n<\/div>\n<\/div>\n<\/div>\n<\/div>\n<p>&nbsp;<\/p>\n<blockquote>\n<h2 class=\"articlePlainTitle\"><strong>Sperona auto nel park: paga e viene prosciolto<\/strong><\/h2>\n<\/blockquote>\n<div class=\"articlePlainText\"><strong>VIGO DI CADORE<\/strong> Oltre al danneggiamento di carrozzeria e vano motore,\u00a0 provocato ad una donna un trauma allo sterno guaribile in dieci giorni. L&#8217;uomo se ne va senza prestarle soccorso e finisce a processo per lesioni, violenza privata, danneggiamento e omissione di soccorso. Paga 4500 euro. I reati sono stati dichiarati estinti per la condotta riparatoria.<\/div>\n<p>&nbsp;<\/p>\n<p>&nbsp;<\/p>\n<p>&nbsp;<\/p>\n<hr \/>\n<p>&nbsp;<\/p>\n<blockquote><p><strong>FELTRE: DOVEVA ESSERE UN GIORNO DI FESTA, MA SI TRASFORMA IN UN GIORNO DI ADDIO PER GIOVANNA SACCHET<\/strong><\/p>\n<h3><a class=\"dt-pswp-item\" style=\"font-size: 14px; font-weight: normal;\" href=\"https:\/\/www.radiopiu.net\/wordpress\/wp-content\/uploads\/2023\/05\/Senza-nome-39.jpg\" data-dt-img-description=\"\" data-large_image_width=\"140\" data-large_image_height=\"83\"><img loading=\"lazy\" decoding=\"async\" class=\"size-full wp-image-335346 alignleft\" src=\"https:\/\/www.radiopiu.net\/wordpress\/wp-content\/uploads\/2023\/05\/Senza-nome-39.jpg\" alt=\"\" width=\"140\" height=\"83\" \/><\/a><\/h3>\n<\/blockquote>\n<p><strong>FELTRE\u00a0<\/strong>Luned\u00ec, nella tranquilla casa di riposo di Cesiomaggiore, era prevista una giornata di festa per celebrare la vita di Giovanna Sacchet. Purtroppo, il destino ha avuto altri piani e quel giorno si \u00e8 trasformato nel giorno della sua dipartita. Ora, la comunit\u00e0 si prepara a darle l&#8217;ultimo saluto, riunendosi domani alle 14:30 presso la chiesa di Cesiomaggiore. Giovanna Sacchet, una donna amata e rispettata dalla sua famiglia e dalla comunit\u00e0 locale, ha trascorso gli ultimi anni della sua vita nella casa di riposo, circondata dall&#8217;affetto dei suoi cari e delle persone che le erano vicine. La notizia della sua scomparsa ha lasciato un vuoto nel cuore di coloro che l&#8217;hanno conosciuta e amata.<\/p>\n<p>&nbsp;<\/p>\n<p>&nbsp;<\/p>\n<hr \/>\n<p>&nbsp;<\/p>\n<blockquote>\n<h3 class=\"entry-title\">ESSILOR E CHALHOUB ASSIEME NEL GOLFO PERSICO<\/h3>\n<\/blockquote>\n<p class=\"photoswipe-wrapper\"><strong><img loading=\"lazy\" decoding=\"async\" class=\"alignleft\" src=\"https:\/\/www.radiopiu.net\/wordpress\/wp-content\/uploads\/2023\/05\/th-11.jpg\" width=\"260\" height=\"196\" \/>AGORDO\u00a0<\/strong>EssilorLuxottica, leader mondiale nel settore dell\u2019eyewear, e Chalhoub Group, rinomato gruppo di lusso nell\u2019area del Golfo Persico, hanno annunciato un accordo di joint-venture mirato a sviluppare la rete retail eyewear nella regione. L\u2019obiettivo principale di questa partnership \u00e8 definire nuovi standard nella categoria dell\u2019eyewear e offrire un livello superiore di servizio al cliente. Attraverso la collaborazione, EssilorLuxottica metter\u00e0 a disposizione la propria esperienza, tecnologia e marchi nel settore dell\u2019eyewear, mentre Chalhoub Group contribuir\u00e0 con la sua profonda conoscenza dei consumatori locali e la sua eccellente esperienza di acquisto nel settore del lusso.\u00a0<a class=\"dt-pswp-item pspw-wrap-ready\" href=\"https:\/\/www.radiopiu.net\/wordpress\/wp-content\/uploads\/2023\/05\/INBOX-454697-scaled.jpg\" data-dt-img-description=\"\" data-large_image_width=\"2560\" data-large_image_height=\"1707\"><img loading=\"lazy\" decoding=\"async\" class=\"size-medium wp-image-335216 alignright\" src=\"https:\/\/www.radiopiu.net\/wordpress\/wp-content\/uploads\/2023\/05\/INBOX-454697-300x200.jpg\" sizes=\"auto, (max-width: 300px) 100vw, 300px\" srcset=\"https:\/\/www.radiopiu.net\/wordpress\/wp-content\/uploads\/2023\/05\/INBOX-454697-300x200.jpg 300w, https:\/\/www.radiopiu.net\/wordpress\/wp-content\/uploads\/2023\/05\/INBOX-454697-1024x683.jpg 1024w, https:\/\/www.radiopiu.net\/wordpress\/wp-content\/uploads\/2023\/05\/INBOX-454697-768x512.jpg 768w, https:\/\/www.radiopiu.net\/wordpress\/wp-content\/uploads\/2023\/05\/INBOX-454697-1536x1024.jpg 1536w, https:\/\/www.radiopiu.net\/wordpress\/wp-content\/uploads\/2023\/05\/INBOX-454697-2048x1366.jpg 2048w\" alt=\"\" width=\"300\" height=\"200\" \/><\/a>Questa sinergia permetter\u00e0 di offrire ai consumatori dell\u2019area del Golfo Persico una gamma di prodotti di alta qualit\u00e0 e una esperienza di acquisto impeccabile. Per EssilorLuxottica, questa partnership rappresenta un passo significativo per aumentare la visibilit\u00e0 e gli standard della categoria dell\u2019eyewear. L\u2019azienda mira a rafforzare il legame dei consumatori con i suoi marchi premium di alta qualit\u00e0, offrendo loro una selezione diversificata di occhiali e servizi eccellenti. D\u2019altra parte, l\u2019accordo supporter\u00e0 anche l\u2019espansione di Chalhoub Group nel settore dell\u2019ottica, che attualmente sta vivendo una rapida crescita. Sfruttando la sua esperienza nel retail di lusso, Chalhoub Group sar\u00e0 in grado di offrire un\u2019esperienza di acquisto straordinaria ai consumatori dell\u2019area del Golfo Persico. Questa nuova partnership tra EssilorLuxottica e Chalhoub Group promette di portare benefici sia per i consumatori\u00a0<a class=\"dt-pswp-item pspw-wrap-ready\" href=\"https:\/\/www.radiopiu.net\/wordpress\/wp-content\/uploads\/2021\/02\/francesco-milleri_.jpg\" data-dt-img-description=\"\" data-large_image_width=\"260\" data-large_image_height=\"260\"><img loading=\"lazy\" decoding=\"async\" class=\" wp-image-188841 alignleft\" src=\"https:\/\/www.radiopiu.net\/wordpress\/wp-content\/uploads\/2021\/02\/francesco-milleri_.jpg\" sizes=\"auto, (max-width: 183px) 100vw, 183px\" srcset=\"https:\/\/www.radiopiu.net\/wordpress\/wp-content\/uploads\/2021\/02\/francesco-milleri_.jpg 260w, https:\/\/www.radiopiu.net\/wordpress\/wp-content\/uploads\/2021\/02\/francesco-milleri_-150x150.jpg 150w\" alt=\"\" width=\"183\" height=\"183\" \/><\/a>che per entrambe le aziende coinvolte. La combinazione di competenze e risorse consentir\u00e0 di sviluppare una rete retail eyewear di successo e di consolidare ulteriormente la presenza di entrambe le societ\u00e0 nel mercato del Golfo Persico.<\/p>\n<div class=\"flex-1 overflow-hidden\">\n<div class=\"react-scroll-to-bottom--css-ebfhh-79elbk h-full dark:bg-gray-800\">\n<div class=\"react-scroll-to-bottom--css-ebfhh-1n7m0yu\">\n<div class=\"flex flex-col items-center text-sm dark:bg-gray-800\">\n<div class=\"group w-full text-gray-800 dark:text-gray-100 border-b border-black\/10 dark:border-gray-900\/50 bg-gray-50 dark:bg-[#444654]\">\n<div class=\"flex p-4 gap-4 text-base md:gap-6 md:max-w-2xl lg:max-w-xl xl:max-w-3xl md:py-6 lg:px-0 m-auto\">\n<div class=\"relative flex flex-col w-[calc(100%-50px)] gap-1 md:gap-3 lg:w-[calc(100%-115px)]\">\n<div class=\"flex justify-between lg:block\">\n<div class=\"text-xs flex items-center justify-center gap-1 self-center pt-2 !invisible\"><\/div>\n<\/div>\n<\/div>\n<\/div>\n<\/div>\n<\/div>\n<\/div>\n<\/div>\n<\/div>\n<div class=\"absolute bottom-0 left-0 w-full border-t md:border-t-0 dark:border-white\/20 md:border-transparent md:dark:border-transparent md:bg-vert-light-gradient bg-white dark:bg-gray-800 md:!bg-transparent dark:md:bg-vert-dark-gradient pt-2\">\n<form class=\"stretch mx-2 flex flex-row gap-3 last:mb-2 md:mx-4 md:last:mb-6 lg:mx-auto lg:max-w-2xl xl:max-w-3xl\">\n<div class=\"relative flex h-full flex-1 items-stretch md:flex-col\">\n<div class=\"\">\n<div class=\"h-full flex ml-1 md:w-full md:m-auto md:mb-2 gap-0 md:gap-2 justify-center\"><strong>Francesco Milleri, Presidente e Amministratore Delegato di EssilorLuxottica:<\/strong>\u00a0<em>\u201cSiamo felici di collaborare con Chalhoub Group nello sviluppo della categoria eyewear in un\u2019area particolarmente dinamica come quella del GCC. Questo ci consentir\u00e0 di sostenere anche i nostri attuali clienti ottici, una rete profondamente radicata nell\u2019area a cui continueremo a offrire prodotti e soluzioni di alta qualit\u00e0. Con la vasta conoscenza e la presenza retail di Chalhoub Group nella regione, potremo<\/em><\/div>\n<\/div>\n<\/div>\n<\/form>\n<\/div>\n<p><em>rafforzare la visibilit\u00e0 e la qualit\u00e0 dell\u2019intero settore, anche in ottica omnicanale, offrendo un\u2019esperienza d\u2019acquisto pi\u00f9 coinvolgente per i consumatori\u201d.<\/em><\/p>\n<p>&nbsp;<\/p>\n<hr \/>\n<p>&nbsp;<\/p>\n<p>&nbsp;<\/p>\n<blockquote>\n<h3>CONFCOMMERCIO DA PIENO APPOGGIO AI GIOCHI OLIMPICI MILANO-CORTINA<\/h3>\n<\/blockquote>\n<p><span id=\"page49R_mcid6\" class=\"markedContent\"><span dir=\"ltr\" role=\"presentation\"><strong>BELLUNO<\/strong> A Cortina d\u2019Ampezzo finalmente si colgono i primi segnali che la macchina organizzativa dei venticinquesimi Giochi <\/span><span dir=\"ltr\" role=\"presentation\">Olimpici si \u00e8 messa in azione. Definiti infatti gli aspetti di governance e di gestione amministrativa degli eventi e della <\/span><span dir=\"ltr\" role=\"presentation\">\u201croad to\u201d, si vedono partire i primi cantieri che renderanno idonea la Regina delle Dolomiti ad ospitare le gare e <\/span><span dir=\"ltr\" role=\"presentation\">competizioni assegnatele. <\/span><\/span><span id=\"page49R_mcid7\" class=\"markedContent\"><span dir=\"ltr\" role=\"presentation\">Particolarmente soddisfatto a riguardo si dichiara il presidente provinciale di Confcommercio Imprese per l\u2019Italia <\/span><span dir=\"ltr\" role=\"presentation\">Belluno (ASCOM), Paolo Doglioni che riporta: \u00abCon viva soddisfazione ci avviamo a questo momento molto <\/span><span dir=\"ltr\" role=\"presentation\">importante che indubbiamente dovr\u00e0 cambiare le sorti della nostra provincia e del nostro territorio tutto. \u00c8 <\/span><span dir=\"ltr\" role=\"presentation\">incontrovertibile il beneficio che la nostra economia e soprattutto l\u2019indotto del turismo guadagneranno dalla visibilit\u00e0 <\/span><span dir=\"ltr\" role=\"presentation\">che stiamo ottenendo grazie a questo storico evento, che si ripete alla distanza di settant\u2019anni dalle olimpiadi di <\/span><span dir=\"ltr\" role=\"presentation\">Cortina d\u2019Ampezzo del 1956&#8243;. Anche Graziano Prest, presidente provinciale FIPE e titolare del Ristorante &#8220;Tivoli&#8221; di Cortina d&#8217;Ampezzo, condivide le considerazioni del presidente Doglioni, sottolineando che l&#8217;opportunit\u00e0 offerta dai Giochi Olimpici sar\u00e0 un ulteriore momento di promozione per le eccellenze della ristorazione locale<\/span><\/span><\/p>\n<p>&nbsp;<\/p>\n<hr \/>\n<blockquote>\n<h3><\/h3>\n<h3>IL CONVEGNO &#8220;LIBERTA&#8217; O DIPENDENZA?&#8221;<\/h3>\n<\/blockquote>\n<p><strong>BELLUNO<\/strong> <span id=\"page30R_mcid4\" class=\"markedContent\"><span dir=\"ltr\" role=\"presentation\">Il Centro di Solidariet\u00e0 di Belluno, che compie 40 anni, organizza per venerdi dalle 9\u00a0 alle 12 un convegno, presso la Sala <\/span><span dir=\"ltr\" role=\"presentation\">Bianchi di via Fantuzzi a Belluno,\u00a0 per fare il punto sullo stato della dipendenza. Venerdi dalle 9\u00a0 alle 12\u00a0<\/span><\/span><\/p>\n<p><strong><a class=\"dt-pswp-item\" href=\"https:\/\/www.radiopiu.net\/wordpress\/wp-content\/uploads\/2023\/05\/M.jpg\" data-dt-img-description=\"\" data-large_image_width=\"2048\" data-large_image_height=\"1536\"><img loading=\"lazy\" decoding=\"async\" class=\" wp-image-335279 alignleft\" src=\"https:\/\/www.radiopiu.net\/wordpress\/wp-content\/uploads\/2023\/05\/M-300x225.jpg\" alt=\"\" width=\"216\" height=\"162\" srcset=\"https:\/\/www.radiopiu.net\/wordpress\/wp-content\/uploads\/2023\/05\/M-300x225.jpg 300w, https:\/\/www.radiopiu.net\/wordpress\/wp-content\/uploads\/2023\/05\/M-1024x768.jpg 1024w, https:\/\/www.radiopiu.net\/wordpress\/wp-content\/uploads\/2023\/05\/M-768x576.jpg 768w, https:\/\/www.radiopiu.net\/wordpress\/wp-content\/uploads\/2023\/05\/M-1536x1152.jpg 1536w, https:\/\/www.radiopiu.net\/wordpress\/wp-content\/uploads\/2023\/05\/M.jpg 2048w\" sizes=\"auto, (max-width: 216px) 100vw, 216px\" \/><\/a>ENTUSIASMO NEL PARADISO FONTE VIVA<\/strong><\/p>\n<p><strong>BELLUNO<\/strong> Il 40\u00ba Centro di Solidariet\u00e0 di Belluno ha organizzato con successo la prima edizione del &#8220;Giro delle Comunit\u00e0 &#8211; Cammino di Libert\u00e0&#8221; il 7 maggio. Circa 100 persone hanno partecipato all&#8217;evento, partendo a piedi dalla comunit\u00e0 La Vela di Navasa e attraversando Ceresera e il ponte di Noghera fino a Crede.\u00a0 Gli scout dell&#8217;Agesci hanno fornito un prezioso supporto come guide e gli ospiti delle comunit\u00e0 hanno offerto un servizio apprezzato.<\/p>\n<p>&nbsp;<\/p>\n<p>&nbsp;<\/p>\n<hr \/>\n<p>&nbsp;<\/p>\n<p>&nbsp;<\/p>\n<blockquote>\n<h3>IL DOPOSCUOLA PER GLI STUDENTI DI VOLTAGO ANCHE CONTRO LO SPOPOLAMENTO<\/h3>\n<\/blockquote>\n<p><strong><img loading=\"lazy\" decoding=\"async\" class=\"alignleft\" src=\"https:\/\/www.radiopiu.net\/wordpress\/wp-content\/uploads\/2022\/05\/download-15.jpg\" width=\"200\" height=\"133\" \/>VOLTAGO<\/strong><\/p>\n<p><strong>DI GIANNI SANTOMASO<\/strong><\/p>\n<audio class=\"wp-audio-shortcode\" id=\"audio-335218-3\" preload=\"none\" style=\"width: 100%;\" controls=\"controls\"><source type=\"audio\/mpeg\" src=\"https:\/\/www.radiopiu.net\/wordpress\/wp-content\/uploads\/2023\/05\/VOLTAGO-GIANNI.mp3?_=3\" \/><a href=\"https:\/\/www.radiopiu.net\/wordpress\/wp-content\/uploads\/2023\/05\/VOLTAGO-GIANNI.mp3\">https:\/\/www.radiopiu.net\/wordpress\/wp-content\/uploads\/2023\/05\/VOLTAGO-GIANNI.mp3<\/a><\/audio>\n<p>&nbsp;<\/p>\n<p>&nbsp;<\/p>\n<p>&nbsp;<\/p>\n<hr \/>\n<p>&nbsp;<\/p>\n<blockquote>\n<h3>UNA PANCHINA ITINERANTE PER SENSIBILIZZARE SULLA FIBRIOMALGIA<\/h3>\n<\/blockquote>\n<p><strong>BELLUNO <\/strong>Una panchina pieghevole e itinerante su cui sedersi e attirare l\u2019attenzione sulla fibromialgia. E\u2019 la campagna pensata dall\u2019AISF ODV sezione di Belluno in occasione della Giornata mondiale della fibromialgia celebrata ogni anno il 12 maggio.<\/p>\n<p><a class=\"dt-pswp-item\" href=\"https:\/\/www.radiopiu.net\/wordpress\/wp-content\/uploads\/2023\/05\/Campagna-fibromialgia_1.jpeg\" data-dt-img-description=\"\" data-large_image_width=\"1024\" data-large_image_height=\"768\"><img loading=\"lazy\" decoding=\"async\" class=\"size-medium wp-image-335261 aligncenter\" src=\"https:\/\/www.radiopiu.net\/wordpress\/wp-content\/uploads\/2023\/05\/Campagna-fibromialgia_1-300x225.jpeg\" alt=\"\" width=\"300\" height=\"225\" srcset=\"https:\/\/www.radiopiu.net\/wordpress\/wp-content\/uploads\/2023\/05\/Campagna-fibromialgia_1-300x225.jpeg 300w, https:\/\/www.radiopiu.net\/wordpress\/wp-content\/uploads\/2023\/05\/Campagna-fibromialgia_1-768x576.jpeg 768w, https:\/\/www.radiopiu.net\/wordpress\/wp-content\/uploads\/2023\/05\/Campagna-fibromialgia_1.jpeg 1024w\" sizes=\"auto, (max-width: 300px) 100vw, 300px\" \/><\/a><\/p>\n<p>&nbsp;<\/p>\n<p>&nbsp;<\/p>\n<hr \/>\n<p>&nbsp;<\/p>\n<blockquote>\n<h3><a class=\"dt-pswp-item\" href=\"https:\/\/www.radiopiu.net\/wordpress\/wp-content\/uploads\/2023\/05\/Torneo_di_burraco_alla_Casa_Rossa.jpg\" data-dt-img-description=\"\" data-large_image_width=\"1307\" data-large_image_height=\"737\"><img loading=\"lazy\" decoding=\"async\" class=\" wp-image-335225 alignleft\" src=\"https:\/\/www.radiopiu.net\/wordpress\/wp-content\/uploads\/2023\/05\/Torneo_di_burraco_alla_Casa_Rossa-300x169.jpg\" alt=\"\" width=\"181\" height=\"102\" srcset=\"https:\/\/www.radiopiu.net\/wordpress\/wp-content\/uploads\/2023\/05\/Torneo_di_burraco_alla_Casa_Rossa-300x169.jpg 300w, https:\/\/www.radiopiu.net\/wordpress\/wp-content\/uploads\/2023\/05\/Torneo_di_burraco_alla_Casa_Rossa-1024x577.jpg 1024w, https:\/\/www.radiopiu.net\/wordpress\/wp-content\/uploads\/2023\/05\/Torneo_di_burraco_alla_Casa_Rossa-768x433.jpg 768w, https:\/\/www.radiopiu.net\/wordpress\/wp-content\/uploads\/2023\/05\/Torneo_di_burraco_alla_Casa_Rossa.jpg 1307w\" sizes=\"auto, (max-width: 181px) 100vw, 181px\" \/><\/a>IL BURRACO A PONTE NELLE ALPI<\/h3>\n<\/blockquote>\n<p><strong>PONTE NELLE ALPI<\/strong> Da anni, un gruppo amatoriale di giocatori di burraco si ritrova, una volta a settimana, nei locali della Biblioteca civica per trascorrere una serata in compagnia. Lo scorso weekend, i locali della Casa Rossa di Ponte nelle Alpi hanno ospitato un torneo provinciale con la presenza di cinquanta partecipanti: il ricavato della manifestazione \u00e8 stato donato in beneficenza alla Caritas per il banco alimentare.<span class=\"gmail-Apple-converted-space\">\u00a0<\/span><\/p>\n<p>&nbsp;<\/p>\n<p>&nbsp;<\/p>\n<hr \/>\n<p>&nbsp;<\/p>\n<blockquote>\n<h3>LA CGIA STA METTENDO A PUNTO UN \u201cMISURATORE\u201d ESG\u00a0PER LE MICRO IMPRESE<\/h3>\n<\/blockquote>\n<p><strong><a class=\"dt-pswp-item\" href=\"https:\/\/www.radiopiu.net\/wordpress\/wp-content\/uploads\/2022\/06\/cgia-mestre.png\" data-dt-img-description=\"\" data-large_image_width=\"1242\" data-large_image_height=\"674\"><img loading=\"lazy\" decoding=\"async\" class=\" wp-image-282603 alignleft\" src=\"https:\/\/www.radiopiu.net\/wordpress\/wp-content\/uploads\/2022\/06\/cgia-mestre-300x163.png\" alt=\"\" width=\"182\" height=\"99\" srcset=\"https:\/\/www.radiopiu.net\/wordpress\/wp-content\/uploads\/2022\/06\/cgia-mestre-300x163.png 300w, https:\/\/www.radiopiu.net\/wordpress\/wp-content\/uploads\/2022\/06\/cgia-mestre-1024x556.png 1024w, https:\/\/www.radiopiu.net\/wordpress\/wp-content\/uploads\/2022\/06\/cgia-mestre-768x417.png 768w, https:\/\/www.radiopiu.net\/wordpress\/wp-content\/uploads\/2022\/06\/cgia-mestre.png 1242w\" sizes=\"auto, (max-width: 182px) 100vw, 182px\" \/><\/a>MESTRE<\/strong> Anche le micro e piccole imprese per ottenere il credito da una banca, la possibilit\u00e0 di stipulare una polizza con una assicurazione, partecipare a un bando pubblico o lavorare come subfornitore per un grande committente, oltre alla qualit\u00e0 della produzione, agli aspetti economici e finanziari dovranno dimostrare anche la sostenibilit\u00e0 ambientale, sociale e di governance (ESG). Alle piccolissime realt\u00e0 imprenditoriali, questo nuovo adempimento lo sta imponendo l\u2019Unione Europea, un obbligo, ricordiamo,\u00a0 che \u00e8 gi\u00e0 in vigore per le societ\u00e0 quotate in borsa e per le grandi imprese. Per non lasciare \u201csoli\u201d tantissimi artigiani e altrettanti piccoli imprenditori, la CGIA sta mettendo a punto uno strumento ad hoc, ovvero un questionario, in grado di testare la sostenibilit\u00e0 ambientale dei piccoli produttori.<\/p>\n<p>&nbsp;<\/p>\n<hr \/>\n<p>&nbsp;<\/p>\n<blockquote>\n<h3>\u00a0VENERDI IL RICORDO DELL&#8217;ALLEGHESE SIMEONE MARIN<\/h3>\n<\/blockquote>\n<p><strong><img loading=\"lazy\" decoding=\"async\" class=\"alignleft\" src=\"https:\/\/www.radiopiu.net\/wordpress\/wp-content\/uploads\/2022\/06\/th-8.jpg\" width=\"177\" height=\"132\" \/>VAL DI ZOLDO<\/strong><\/p>\n<p><strong>DI ROBERTO BONA<\/strong><\/p>\n<audio class=\"wp-audio-shortcode\" id=\"audio-335218-4\" preload=\"none\" style=\"width: 100%;\" controls=\"controls\"><source type=\"audio\/mpeg\" src=\"https:\/\/www.radiopiu.net\/wordpress\/wp-content\/uploads\/2023\/05\/CommemorazioneMarin.mp3?_=4\" \/><a href=\"https:\/\/www.radiopiu.net\/wordpress\/wp-content\/uploads\/2023\/05\/CommemorazioneMarin.mp3\">https:\/\/www.radiopiu.net\/wordpress\/wp-content\/uploads\/2023\/05\/CommemorazioneMarin.mp3<\/a><\/audio>\n<p>&nbsp;<\/p>\n<p>&nbsp;<\/p>\n<hr \/>\n<p>&nbsp;<\/p>\n<blockquote>\n<h3>SABATO A SACHET L&#8217;INCONTRO TRA I SOCI DELLA PROLOCO<\/h3>\n<\/blockquote>\n<p><strong><img loading=\"lazy\" decoding=\"async\" class=\"alignleft\" src=\"https:\/\/www.radiopiu.net\/wordpress\/wp-content\/uploads\/2019\/05\/vallada-agordina.jpg\" width=\"171\" height=\"114\" \/>VALLADA<\/strong><\/p>\n<p><strong>GIANNI SANTOMASO<\/strong><\/p>\n<p>&nbsp;<\/p>\n<audio class=\"wp-audio-shortcode\" id=\"audio-335218-5\" preload=\"none\" style=\"width: 100%;\" controls=\"controls\"><source type=\"audio\/mpeg\" src=\"https:\/\/www.radiopiu.net\/wordpress\/wp-content\/uploads\/2023\/05\/VALLADA-GIANNI.mp3?_=5\" \/><a href=\"https:\/\/www.radiopiu.net\/wordpress\/wp-content\/uploads\/2023\/05\/VALLADA-GIANNI.mp3\">https:\/\/www.radiopiu.net\/wordpress\/wp-content\/uploads\/2023\/05\/VALLADA-GIANNI.mp3<\/a><\/audio>\n<p>&nbsp;<\/p>\n<p>&nbsp;<\/p>\n<p>&nbsp;<\/p>\n<hr \/>\n<p>&nbsp;<\/p>\n<blockquote>\n<h3>LA SCELTA DELLA LEGALITA&#8217; E DELLA SOCIALITA&#8217;: A FELTRE TRE INCONTRI CON L\u2019AVVOCATO GUARNERA<\/h3>\n<\/blockquote>\n<p><strong><a class=\"dt-pswp-item\" href=\"https:\/\/www.radiopiu.net\/wordpress\/wp-content\/uploads\/2023\/05\/LHD.png\" data-dt-img-description=\"\" data-large_image_width=\"338\" data-large_image_height=\"236\"><img loading=\"lazy\" decoding=\"async\" class=\" wp-image-335255 alignleft\" src=\"https:\/\/www.radiopiu.net\/wordpress\/wp-content\/uploads\/2023\/05\/LHD-300x209.png\" alt=\"\" width=\"168\" height=\"117\" srcset=\"https:\/\/www.radiopiu.net\/wordpress\/wp-content\/uploads\/2023\/05\/LHD-300x209.png 300w, https:\/\/www.radiopiu.net\/wordpress\/wp-content\/uploads\/2023\/05\/LHD.png 338w\" sizes=\"auto, (max-width: 168px) 100vw, 168px\" \/><\/a>FELTRE <\/strong>Scegliere la legalit\u00e0 \u00e8 il tema al centro dei prossimi incontri organizzati dalle Scuole in Rete, l\u2019Agesc, l\u2019Istituto Comprensivo di Pedavena, l\u2019UCIIM, l\u2019Istituto Canossiano, l\u2019IIS Della Lucia, con il supporto dell\u2019Ufficio Scolastico Provinciale e il patrocinio dei comuni di Feltre, Pedavena e Seren del Grappa. Saranno tre gli appuntamenti: due con gli studenti, nella mattinata di domani, e un incontro con la cittadinanza, oggi alle 20.30, sempre all\u2019Auditorium dell\u2019Istituto Canossiano di Feltre. A occuparsi di questo importante tema sar\u00e0 Enzo Guarnera, avvocato penalista patrocinante in Cassazione e nelle Giurisdizioni superiori.<\/p>\n<p>&nbsp;<\/p>\n<p>&nbsp;<\/p>\n<hr \/>\n<p>&nbsp;<\/p>\n<blockquote>\n<h3>NUOVO CORSO DI FORMAZIONE DELLA FONDAZIONE DMO<\/h3>\n<\/blockquote>\n<div class=\"flex-1 overflow-hidden\">\n<div class=\"react-scroll-to-bottom--css-ebfhh-79elbk h-full dark:bg-gray-800\">\n<div class=\"react-scroll-to-bottom--css-ebfhh-1n7m0yu\">\n<div class=\"flex flex-col items-center text-sm dark:bg-gray-800\">\n<div class=\"w-full h-32 md:h-48 flex-shrink-0\">Il consigliere provinciale Danilo De Toni sottolinea l&#8217;importanza dei principi fondamentali nel lavoro svolto per il territorio del Bellunese. Ha coinvolto gli stakeholder e la Regione, e numerosi professionisti hanno contribuito disinteressatamente alla stesura di uno statuto condiviso. Ritiene che non si debbano porre condizioni personali al termine di questo percorso. Per ottenere uno sviluppo turistico efficace, \u00e8 necessario credere e condividere strategie a livello regionale, lavorando in squadra senza ricatti o avventure solitarie. La coesione e la condivisione sono essenziali per il progresso, altrimenti si rischia di vanificare gli sforzi degli anni passati e di rimanere indietro mentre altri territori procedono a un ritmo pi\u00f9 veloce.<\/div>\n<div><\/div>\n<\/div>\n<\/div>\n<\/div>\n<\/div>\n<p>&nbsp;<\/p>\n<hr \/>\n<p>&nbsp;<\/p>\n<blockquote>\n<h3>L&#8217;EVENTO AL CONSORZIO TUTELA A TUTTO FOOD PENSANDO A CORTINA &#8217;26<\/h3>\n<\/blockquote>\n<p><a class=\"dt-pswp-item\" href=\"https:\/\/www.radiopiu.net\/wordpress\/wp-content\/uploads\/2023\/05\/beccc941-4a55-499a-a485-0714c91a889d.jpg\" data-dt-img-description=\"\" data-large_image_width=\"1383\" data-large_image_height=\"1600\"><img loading=\"lazy\" decoding=\"async\" class=\" wp-image-335287 aligncenter\" src=\"https:\/\/www.radiopiu.net\/wordpress\/wp-content\/uploads\/2023\/05\/beccc941-4a55-499a-a485-0714c91a889d-259x300.jpg\" alt=\"\" width=\"161\" height=\"186\" srcset=\"https:\/\/www.radiopiu.net\/wordpress\/wp-content\/uploads\/2023\/05\/beccc941-4a55-499a-a485-0714c91a889d-259x300.jpg 259w, https:\/\/www.radiopiu.net\/wordpress\/wp-content\/uploads\/2023\/05\/beccc941-4a55-499a-a485-0714c91a889d-885x1024.jpg 885w, https:\/\/www.radiopiu.net\/wordpress\/wp-content\/uploads\/2023\/05\/beccc941-4a55-499a-a485-0714c91a889d-768x889.jpg 768w, https:\/\/www.radiopiu.net\/wordpress\/wp-content\/uploads\/2023\/05\/beccc941-4a55-499a-a485-0714c91a889d-1328x1536.jpg 1328w, https:\/\/www.radiopiu.net\/wordpress\/wp-content\/uploads\/2023\/05\/beccc941-4a55-499a-a485-0714c91a889d.jpg 1383w\" sizes=\"auto, (max-width: 161px) 100vw, 161px\" \/><\/a><\/p>\n<p><strong>MILANO<\/strong><\/p>\n<p><strong>DI ROBERTO BONA\u00a0<\/strong><\/p>\n<audio class=\"wp-audio-shortcode\" id=\"audio-335218-6\" preload=\"none\" style=\"width: 100%;\" controls=\"controls\"><source type=\"audio\/mpeg\" src=\"https:\/\/www.radiopiu.net\/wordpress\/wp-content\/uploads\/2023\/05\/TuttofoodPadanoOlimpico.mp3?_=6\" \/><a href=\"https:\/\/www.radiopiu.net\/wordpress\/wp-content\/uploads\/2023\/05\/TuttofoodPadanoOlimpico.mp3\">https:\/\/www.radiopiu.net\/wordpress\/wp-content\/uploads\/2023\/05\/TuttofoodPadanoOlimpico.mp3<\/a><\/audio>\n<p>&nbsp;<\/p>\n<blockquote>\n<h2>IERI SERA ALLA RADIO&#8230; COME 40 ANNI FA<\/h2>\n<\/blockquote>\n<p><iframe loading=\"lazy\" title=\"DEDICHE E RICHIESTE 10 MAGGIO 2023\" width=\"1200\" height=\"675\" src=\"https:\/\/www.youtube.com\/embed\/pqJcS4EsIQg?feature=oembed\" frameborder=\"0\" allow=\"accelerometer; autoplay; clipboard-write; encrypted-media; gyroscope; picture-in-picture; web-share\" allowfullscreen><\/iframe><\/p>\n<p>&nbsp;<\/p>\n<hr \/>\n<p>&nbsp;<\/p>\n<blockquote>\n<h3>Il Gruppo Alpini organizza una gita indimenticabile alla Foiba di Basovizza con pranzo di pesce a Lignano<\/h3>\n<\/blockquote>\n<div class=\"group w-full text-gray-800 dark:text-gray-100 border-b border-black\/10 dark:border-gray-900\/50 bg-gray-50 dark:bg-[#444654]\">\n<div class=\"flex p-4 gap-4 text-base md:gap-6 md:max-w-2xl lg:max-w-xl xl:max-w-3xl md:py-6 lg:px-0 m-auto\">\n<div class=\"relative flex flex-col w-[calc(100%-50px)] gap-1 md:gap-3 lg:w-[calc(100%-115px)]\">\n<div class=\"flex flex-grow flex-col gap-3\">\n<div class=\"min-h-[20px] flex flex-col items-start gap-4 whitespace-pre-wrap break-words\">\n<div class=\"markdown prose w-full break-words dark:prose-invert light\">\n<p><strong><a class=\"dt-pswp-item\" href=\"https:\/\/www.radiopiu.net\/wordpress\/wp-content\/uploads\/2023\/05\/alpini-falcade.jpg\" data-dt-img-description=\"\" data-large_image_width=\"598\" data-large_image_height=\"424\"><img loading=\"lazy\" decoding=\"async\" class=\" wp-image-335362 alignleft\" src=\"https:\/\/www.radiopiu.net\/wordpress\/wp-content\/uploads\/2023\/05\/alpini-falcade-300x213.jpg\" alt=\"\" width=\"239\" height=\"170\" srcset=\"https:\/\/www.radiopiu.net\/wordpress\/wp-content\/uploads\/2023\/05\/alpini-falcade-300x213.jpg 300w, https:\/\/www.radiopiu.net\/wordpress\/wp-content\/uploads\/2023\/05\/alpini-falcade.jpg 598w\" sizes=\"auto, (max-width: 239px) 100vw, 239px\" \/><\/a>FALCADE &#8211;<\/strong> I Gruppi Alpini rappresentano un importante pilastro della comunit\u00e0 locale, promuovendo attivit\u00e0 che uniscono tradizione, avventura e scoperta del patrimonio culturale. Nel contesto di queste iniziative, il Gruppo Alpini di Falcade ha annunciato una gita straordinaria che si terr\u00e0 l&#8217;11 giugno, con destinazione la Foiba di Basovizza e una deliziosa pausa pranzo a Lignano. La Foiba di Basovizza, situata vicino a Trieste, \u00e8 un luogo storico e simbolico che rappresenta una pagina dolorosa della storia italiana. Durante il secondo conflitto mondiale e successivamente negli anni successivi, molti italiani furono vittime di violenze e atrocit\u00e0 in questo luogo. La visita alla Foiba di Basovizza sar\u00e0 un&#8217;occasione per onorare la memoria di coloro che hanno sofferto e per imparare dai tragici eventi del passato. La gita inizier\u00e0 la mattina dell&#8217;11 giugno da Falcade, con i partecipanti che si raduneranno presso il punto di ritrovo convenuto. Remo Secchi, responsabile delle iscrizioni, sar\u00e0 il punto di riferimento per tutti coloro che desiderano partecipare. Per prenotare un posto e per ulteriori informazioni, \u00e8 possibile contattare Remo Secchi al numero di telefono 338 5628415. Il viaggio verso la Foiba di Basovizza sar\u00e0 un&#8217;occasione per godere dei paesaggi mozzafiato delle Alpi, con le loro maestose vette e le verdi vallate che caratterizzano la zona di Falcade. Durante il tragitto, gli Alpini condivideranno le loro conoscenze sulla natura, la storia e la cultura locale, arricchendo l&#8217;esperienza con aneddoti e racconti che renderanno il viaggio ancora pi\u00f9 affascinante. Dopo la visita alla Foiba di Basovizza, il gruppo si sposter\u00e0 verso Lignano per godersi un pranzo di pesce presso uno dei ristoranti locali. Lignano \u00e8 una rinomata localit\u00e0 balneare sulla costa adriatica, famosa per le sue spiagge di sabbia dorata e le acque cristalline. Qui i partecipanti potranno assaporare i deliziosi sapori del mare e rilassarsi in un&#8217;atmosfera estiva incantevole. La giornata si concluder\u00e0 con il ritorno a Falcade, lasciando ai partecipanti ricordi indelebili di una giornata all&#8217;insegna dell&#8217;avventura, della storia e del piacere della buona compagnia. L&#8217;iniziativa del Gruppo Alpini di Falcade offre un&#8217;opportunit\u00e0 unica per esplorare la ricchezza culturale e paesaggistica della regione e per creare connessioni significative<\/p>\n<\/div>\n<\/div>\n<\/div>\n<div class=\"flex justify-between lg:block\">\n<div class=\"text-gray-400 flex self-end lg:self-center justify-center mt-2 gap-2 md:gap-3 lg:gap-1 lg:absolute lg:top-0 lg:translate-x-full lg:right-0 lg:mt-0 lg:pl-2 visible\"><\/div>\n<\/div>\n<\/div>\n<\/div>\n<\/div>\n<p>&nbsp;<\/p>\n<p>&nbsp;<\/p>\n<hr \/>\n<p>&nbsp;<\/p>\n<p><span style=\"color: #ff0000;\"><strong>SCEGLI\u00a0 E AIUTA I VOLONTARI DEL\u00a0 TUO TERRITORIO!<\/strong><\/span><\/p>\n\n\t\t\t<style type='text\/css'>\n\t\t\t\t#gallery-1 {\n\t\t\t\t\tmargin: auto;\n\t\t\t\t}\n\t\t\t\t#gallery-1 .gallery-item {\n\t\t\t\t\tfloat: left;\n\t\t\t\t\tmargin-top: 10px;\n\t\t\t\t\ttext-align: center;\n\t\t\t\t\twidth: 100%;\n\t\t\t\t}\n\t\t\t\t#gallery-1 img {\n\t\t\t\t\tborder: 2px solid #cfcfcf;\n\t\t\t\t}\n\t\t\t\t#gallery-1 .gallery-caption {\n\t\t\t\t\tmargin-left: 0;\n\t\t\t\t}\n\t\t\t\t\/* see gallery_shortcode() in wp-includes\/media.php *\/\n\t\t\t<\/style>\n\t\t<div id='gallery-1' class='dt-gallery-container gallery galleryid-335218 gallery-columns-1 gallery-size-medium'><dl class='gallery-item'>\n\t\t\t\t<dt class='gallery-icon portrait'>\n\t\t\t\t\t<a class=\"rollover rollover-zoom dt-pswp-item\" title=\"72bb3a84-d20a-40da-bbf9-cbac9b27aa1b\" data-dt-img-description=\"\" data-large_image_width=\"720\" data-large_image_height=\"1020\"href='https:\/\/www.radiopiu.net\/wordpress\/wp-content\/uploads\/2023\/05\/72bb3a84-d20a-40da-bbf9-cbac9b27aa1b.jpg'><img loading=\"lazy\" decoding=\"async\" width=\"212\" height=\"300\" src=\"https:\/\/www.radiopiu.net\/wordpress\/wp-content\/uploads\/2023\/05\/72bb3a84-d20a-40da-bbf9-cbac9b27aa1b-212x300.jpg\" class=\"attachment-medium size-medium\" alt=\"\" srcset=\"https:\/\/www.radiopiu.net\/wordpress\/wp-content\/uploads\/2023\/05\/72bb3a84-d20a-40da-bbf9-cbac9b27aa1b-212x300.jpg 212w, https:\/\/www.radiopiu.net\/wordpress\/wp-content\/uploads\/2023\/05\/72bb3a84-d20a-40da-bbf9-cbac9b27aa1b.jpg 720w\" sizes=\"auto, (max-width: 212px) 100vw, 212px\" \/><\/a>\n\t\t\t\t<\/dt><\/dl><br style=\"clear: both\" \/>\n\t\t\t<\/div>\n\n<hr \/>\n<p>&nbsp;<\/p>\n<p>&nbsp;<\/p>\n<blockquote>\n<h3>27 nuovi Carabinieri a Belluno per rafforzare la sicurezza<\/h3>\n<\/blockquote>\n<blockquote>\n<p align=\"JUSTIFY\"><span style=\"font-family: Times New Roman, serif;\"><span style=\"font-size: medium;\"><i><b>Accolti dal Comandante Provinciale entreranno in servizio da oggi in 17 Stazioni della provincia.<\/b><\/i><\/span><\/span><\/p>\n<\/blockquote>\n<div class=\"flex-1 overflow-hidden\">\n<div class=\"react-scroll-to-bottom--css-ivovt-79elbk h-full dark:bg-gray-800\">\n<div class=\"react-scroll-to-bottom--css-ivovt-1n7m0yu\">\n<div class=\"flex flex-col items-center text-sm dark:bg-gray-800\">\n<div class=\"group w-full text-gray-800 dark:text-gray-100 border-b border-black\/10 dark:border-gray-900\/50 bg-gray-50 dark:bg-[#444654]\">\n<div class=\"flex p-4 gap-4 text-base md:gap-6 md:max-w-2xl lg:max-w-xl xl:max-w-3xl md:py-6 lg:px-0 m-auto\">\n<div class=\"relative flex flex-col w-[calc(100%-50px)] gap-1 md:gap-3 lg:w-[calc(100%-115px)]\">\n<div class=\"flex flex-grow flex-col gap-3\">\n<div class=\"min-h-[20px] flex flex-col items-start gap-4 whitespace-pre-wrap break-words\">\n<div class=\"markdown prose w-full break-words dark:prose-invert light\">\n<p><strong><a class=\"dt-pswp-item\" href=\"https:\/\/www.radiopiu.net\/wordpress\/wp-content\/uploads\/2023\/05\/I-Carabinieri-neo-giunti-in-provincia-di-Bellono_10.05.2023-scaled.jpg\" data-dt-img-description=\"DSC_0267\" data-large_image_width=\"2560\" data-large_image_height=\"1920\"><img loading=\"lazy\" decoding=\"async\" class=\"size-medium wp-image-335316 alignleft\" src=\"https:\/\/www.radiopiu.net\/wordpress\/wp-content\/uploads\/2023\/05\/I-Carabinieri-neo-giunti-in-provincia-di-Bellono_10.05.2023-300x225.jpg\" alt=\"\" width=\"300\" height=\"225\" srcset=\"https:\/\/www.radiopiu.net\/wordpress\/wp-content\/uploads\/2023\/05\/I-Carabinieri-neo-giunti-in-provincia-di-Bellono_10.05.2023-300x225.jpg 300w, https:\/\/www.radiopiu.net\/wordpress\/wp-content\/uploads\/2023\/05\/I-Carabinieri-neo-giunti-in-provincia-di-Bellono_10.05.2023-1024x768.jpg 1024w, https:\/\/www.radiopiu.net\/wordpress\/wp-content\/uploads\/2023\/05\/I-Carabinieri-neo-giunti-in-provincia-di-Bellono_10.05.2023-768x576.jpg 768w, https:\/\/www.radiopiu.net\/wordpress\/wp-content\/uploads\/2023\/05\/I-Carabinieri-neo-giunti-in-provincia-di-Bellono_10.05.2023-1536x1152.jpg 1536w, https:\/\/www.radiopiu.net\/wordpress\/wp-content\/uploads\/2023\/05\/I-Carabinieri-neo-giunti-in-provincia-di-Bellono_10.05.2023-2048x1536.jpg 2048w\" sizes=\"auto, (max-width: 300px) 100vw, 300px\" \/><\/a>BELLUNO<\/strong> Il Colonnello Enrico Pigozzo, Comandante Provinciale dei Carabinieri di Belluno, ha dato il benvenuto a 27 Carabinieri neo giunti in provincia. Questi giovani militari, provenienti da diverse Scuole Carabinieri in Italia, sono stati accolti con entusiasmo e si sono mostrati desiderosi di mettersi al lavoro. Cinque di loro sono donne e l&#8217;et\u00e0 del gruppo varia dai 21 ai 26 anni. Questi Carabinieri rinforzeranno le Stazioni Carabinieri di diverse localit\u00e0 della provincia, contribuendo ad aumentare i livelli di sicurezza. Il Colonnello Pigozzo ha sottolineato che questo rinforzo \u00e8 il risultato di una promessa mantenuta dal Generale Spina, Comandante di Legione, che ha dimostrato un&#8217;attenzione particolare per il territorio di Belluno. Questi giovani militari andranno ad implementare i dispositivi di prevenzione generale sul territorio, svolgendo servizi di controllo e garantendo una maggiore sicurezza. Si prevede che, guidati dai loro Comandanti di Stazione e dai colleghi pi\u00f9 anziani, diventeranno presto un punto di riferimento per le comunit\u00e0 che servono. Alcuni dei neo-arrivati hanno gi\u00e0 esperienza nel mondo militare, provenendo dall&#8217;Esercito, mentre altri hanno scelto di entrare nei Carabinieri dopo aver completato gli studi superiori. Per tutti loro, inizia oggi un percorso entusiasmante che potrebbe portarli a servire in altre aree del territorio nazionale o a specializzarsi in diversi comparti di specialit\u00e0 dei Carabinieri. Il Comandante Provinciale ha augurato loro buon lavoro e ha sottolineato l&#8217;importanza di considerare sempre un privilegio il servizio reso in favore delle comunit\u00e0<\/p>\n<p>&nbsp;<\/p>\n<hr \/>\n<p>&nbsp;<\/p>\n<p>&nbsp;<\/p>\n<div class=\"page-title-head hgroup\">\n<h3 class=\"entry-title\">UNA PROLOCO IN RIVA AL LAGO. SVILUPPO E VALORIZZAZIONE DEL TERRITORIO<\/h3>\n<\/div>\n<div class=\"page-title-breadcrumbs\"><\/div>\n<p><a class=\"dt-pswp-item\" href=\"https:\/\/www.radiopiu.net\/wordpress\/wp-content\/uploads\/2023\/05\/345584303_144569951809770_5195645195141166248_n.jpg\" data-dt-img-description=\"\" data-large_image_width=\"507\" data-large_image_height=\"720\"><img loading=\"lazy\" decoding=\"async\" class=\"size-medium wp-image-335198 alignleft\" src=\"https:\/\/www.radiopiu.net\/wordpress\/wp-content\/uploads\/2023\/05\/345584303_144569951809770_5195645195141166248_n-211x300.jpg\" alt=\"\" width=\"211\" height=\"300\" srcset=\"https:\/\/www.radiopiu.net\/wordpress\/wp-content\/uploads\/2023\/05\/345584303_144569951809770_5195645195141166248_n-211x300.jpg 211w, https:\/\/www.radiopiu.net\/wordpress\/wp-content\/uploads\/2023\/05\/345584303_144569951809770_5195645195141166248_n.jpg 507w\" sizes=\"auto, (max-width: 211px) 100vw, 211px\" \/><\/a><\/p>\n<p>&nbsp;<\/p>\n<p>&nbsp;<\/p>\n<p>di \u00a0<a class=\"x1i10hfl xjbqb8w x6umtig x1b1mbwd xaqea5y xav7gou x9f619 x1ypdohk xt0psk2 xe8uvvx xdj266r x11i5rnm xat24cr x1mh8g0r xexx8yu x4uap5 x18d9i69 xkhd6sd x16tdsg8 x1hl2dhg xggy1nq x1a2a7pz xt0b8zv xzsf02u x1s688f\" tabindex=\"0\" role=\"link\" href=\"https:\/\/www.facebook.com\/groups\/652012408195427\/user\/100004967407883\/?__cft__[0]=AZXo-_SNdtGOnIfs5wMAOA5xHKzrqaUGmSq1gnqBUFtTNvd6BfomU_VBAkDXH3iAF26zprXcORvCg9brLy1Mj_cTlsqX5RGqvjV9QzJE3rc2jKD0qpGFvCzP3OsJUA9PHIaEiAzMFDObnFS5BrvafvNf&amp;__tn__=-UC%2CP-R\"><strong>Amina De Biasio<\/strong><\/a><\/p>\n<div>\n<div class=\"x1cy8zhl x78zum5 x1q0g3np xod5an3 x1pi30zi x1swvt13 xz9dl7a\">\n<div class=\"x1iyjqo2\">\n<div class=\"x78zum5 xdt5ytf xz62fqu x16ldp7u\">\n<div class=\"xu06os2 x1ok221b\">\n<div class=\"x1rg5ohu\"><\/div>\n<\/div>\n<\/div>\n<\/div>\n<div class=\"xqcrz7y x78zum5 x1qx5ct2 x1y1aw1k x1sxyh0 xwib8y2 xurb0ha xw4jnvo\">\n<div>\n<div class=\"x1i10hfl x1qjc9v5 xjqpnuy xa49m3k xqeqjp1 x2hbi6w x9f619 x1ypdohk xdl72j9 x2lah0s xe8uvvx x2lwn1j xeuugli x16tdsg8 x1hl2dhg xggy1nq x1ja2u2z x1t137rt x1o1ewxj x3x9cwd x1e5q0jg x13rtm0m x1q0g3np x87ps6o x1lku1pv x1a2a7pz xjyslct xjbqb8w x13fuv20 xu3j5b3 x1q0q8m5 x26u7qi x972fbf xcfux6l x1qhh985 xm0m39n x3nfvp2 xdj266r x11i5rnm xat24cr x1mh8g0r xexx8yu x4uap5 x18d9i69 xkhd6sd x1n2onr6 x3ajldb x194ut8o x1vzenxt xd7ygy7 xt298gk x1xhcax0 x1s928wv x10pfhc2 x1j6awrg x1v53gu8 x1tfg27r xitxdhh\" tabindex=\"0\" role=\"button\" aria-expanded=\"false\" aria-haspopup=\"menu\" aria-label=\"Azioni per questo post\">\n<div class=\"x1ey2m1c xds687c xg01cxk x47corl x10l6tqk x17qophe x13vifvy x1ebt8du x19991ni x1dhq9h x14yjl9h xudhj91 x18nykt9 xww2gxu\" data-visualcompletion=\"ignore\"><\/div>\n<\/div>\n<\/div>\n<\/div>\n<\/div>\n<\/div>\n<div>\n<div class=\"\" dir=\"auto\">\n<div id=\":r5j:\" class=\"x1iorvi4 x1pi30zi x1l90r2v x1swvt13\" data-ad-comet-preview=\"message\" data-ad-preview=\"message\">\n<div class=\"x78zum5 xdt5ytf xz62fqu x16ldp7u\">\n<div class=\"xu06os2 x1ok221b\">\n<div class=\"xdj266r x11i5rnm xat24cr x1mh8g0r x1vvkbs x126k92a\">\n<div dir=\"auto\"><strong>Il 19 maggio presso la Sala Stoppani presentazione dell\u2019associazione<\/strong><\/div>\n<\/div>\n<\/div>\n<\/div>\n<\/div>\n<\/div>\n<\/div>\n<p><a class=\"dt-pswp-item\" href=\"https:\/\/www.radiopiu.net\/wordpress\/wp-content\/uploads\/2023\/05\/th-10.jpg\" data-dt-img-description=\"\" data-large_image_width=\"474\" data-large_image_height=\"552\"><img loading=\"lazy\" decoding=\"async\" class=\"wp-image-335202 alignright\" src=\"https:\/\/www.radiopiu.net\/wordpress\/wp-content\/uploads\/2023\/05\/th-10-258x300.jpg\" alt=\"\" width=\"128\" height=\"149\" srcset=\"https:\/\/www.radiopiu.net\/wordpress\/wp-content\/uploads\/2023\/05\/th-10-258x300.jpg 258w, https:\/\/www.radiopiu.net\/wordpress\/wp-content\/uploads\/2023\/05\/th-10.jpg 474w\" sizes=\"auto, (max-width: 128px) 100vw, 128px\" \/><\/a><\/p>\n<p>&nbsp;<\/p>\n<p><strong>IL MESSAGGIO DI DANILO DE TONI, SINDACO DI ALLEGHE<\/strong><\/p>\n<audio class=\"wp-audio-shortcode\" id=\"audio-335218-7\" preload=\"none\" style=\"width: 100%;\" controls=\"controls\"><source type=\"audio\/mpeg\" src=\"https:\/\/www.radiopiu.net\/wordpress\/wp-content\/uploads\/2023\/05\/DANILO.mp3?_=7\" \/><a href=\"https:\/\/www.radiopiu.net\/wordpress\/wp-content\/uploads\/2023\/05\/DANILO.mp3\">https:\/\/www.radiopiu.net\/wordpress\/wp-content\/uploads\/2023\/05\/DANILO.mp3<\/a><\/audio>\n<p>&nbsp;<\/p>\n<p><strong>IL PRESIDENTE DELLA PROLOCO DI AGORDO DANIELE GALLIGANI<\/strong><\/p>\n<audio class=\"wp-audio-shortcode\" id=\"audio-335218-8\" preload=\"none\" style=\"width: 100%;\" controls=\"controls\"><source type=\"audio\/mpeg\" src=\"https:\/\/www.radiopiu.net\/wordpress\/wp-content\/uploads\/2023\/05\/DANIELE-GALLIGANI.mp3?_=8\" \/><a href=\"https:\/\/www.radiopiu.net\/wordpress\/wp-content\/uploads\/2023\/05\/DANIELE-GALLIGANI.mp3\">https:\/\/www.radiopiu.net\/wordpress\/wp-content\/uploads\/2023\/05\/DANIELE-GALLIGANI.mp3<\/a><\/audio>\n<p>&nbsp;<\/p>\n<p>&nbsp;<\/p>\n<\/div>\n<\/div>\n<\/div>\n<\/div>\n<\/div>\n<\/div>\n<\/div>\n<\/div>\n<\/div>\n<\/div>\n<hr \/>\n<p>&nbsp;<\/p>\n<p><a class=\"dt-pswp-item\" href=\"https:\/\/www.radiopiu.net\/wordpress\/wp-content\/uploads\/2023\/05\/copertina_antonella.jpg\" data-dt-img-description=\"\" data-large_image_width=\"1080\" data-large_image_height=\"1666\"><img loading=\"lazy\" decoding=\"async\" class=\"wp-image-335318 alignleft\" src=\"https:\/\/www.radiopiu.net\/wordpress\/wp-content\/uploads\/2023\/05\/copertina_antonella-194x300.jpg\" alt=\"\" width=\"63\" height=\"97\" srcset=\"https:\/\/www.radiopiu.net\/wordpress\/wp-content\/uploads\/2023\/05\/copertina_antonella-194x300.jpg 194w, https:\/\/www.radiopiu.net\/wordpress\/wp-content\/uploads\/2023\/05\/copertina_antonella-664x1024.jpg 664w, https:\/\/www.radiopiu.net\/wordpress\/wp-content\/uploads\/2023\/05\/copertina_antonella-768x1185.jpg 768w, https:\/\/www.radiopiu.net\/wordpress\/wp-content\/uploads\/2023\/05\/copertina_antonella-996x1536.jpg 996w, https:\/\/www.radiopiu.net\/wordpress\/wp-content\/uploads\/2023\/05\/copertina_antonella.jpg 1080w\" sizes=\"auto, (max-width: 63px) 100vw, 63px\" \/><\/a><\/p>\n<blockquote>\n<h3>SOTTO UN CIELO DIPINTO. A FARRA DI MEL IL ROMANZO DIANTONELLA DEMASTRO<\/h3>\n<\/blockquote>\n<p>Domani alle 18, l&#8217;ex latteria di Farra di Mel-il Cral Farrese ospita Antonella Demastro con il suo secondo romanzo \u201cSotto un cielo dipinto \u201d<\/p>\n<p>&nbsp;<\/p>\n<p>&nbsp;<\/p>\n<p>&nbsp;<\/p>\n<hr \/>\n<blockquote>\n<h3><\/h3>\n<h3>UN CONCORSO PER SAGGI BREVI SULL&#8217;EMIGRAZIONE<\/h3>\n<\/blockquote>\n<p><strong>BELLUNO<\/strong> Indetto dalla Regione del Veneto un bando di concorso per saggi brevi, inediti e originali, sulla storia dell\u2019emigrazione veneta. Il concorso \u00e8 riservato a giovani studiosi di qualsiasi nazionalit\u00e0, con et\u00e0 compresa tra i 18 e i 35 anni. L\u2019Associazione Bellunesi nel Mondo mette a disposizione la Biblioteca delle migrazioni \u201cDino Buzzati\u201d e il Centro studi sulle migrazioni \u201cAletheia\u201d a tutti gli studiosi intenzionati a partecipare a questo bando e che necessitano di documenti specifici.<\/p>\n<p>&nbsp;<\/p>\n<p>&nbsp;<\/p>\n<hr \/>\n<p>&nbsp;<\/p>\n<blockquote>\n<h3>\u00a0UN MERCATINO DI TORTE, MANO TESA ALLA MATERNA<\/h3>\n<\/blockquote>\n<p><strong>CANALE D&#8217;AGORDO<\/strong>\u00a0 Due appuntamenti alla scuola materna Giovanni Paolo. Domenica il mercatino della festa della mamma, organizzato a favore della scuola materna. Torte e dolci fatti in casa verranno proposti a partire dalle 9 davanti al municipio, i proventi andranno a favore della scuola.\u00a0 Mercoledi alle 20 si parler\u00e0\u00a0 invece di sicurezza dei bambini durante un incontro promosso dalla Croce Rossa del comitato di Feltre e dedicato alle manovre di disostruzione delle vie aeree in et\u00e0 pediatrica. L&#8217;incontro \u00e8 aperto a tutti, senza la necessit\u00e0 di iscrizione o prenotazione.<\/p>\n<p>&nbsp;<\/p>\n<p>&nbsp;<\/p>\n<hr \/>\n<p>&nbsp;<\/p>\n<p><span style=\"color: #ff0000;\"><strong>SCEGLI\u00a0 E AIUTA I VOLONTARI DEL\u00a0 TUO TERRITORIO!\u00a0<\/strong><\/span><\/p>\n<p><strong>\u00a0DI GIANNI SANTOMASO\u00a0<\/strong><\/p>\n<audio class=\"wp-audio-shortcode\" id=\"audio-335218-9\" preload=\"none\" style=\"width: 100%;\" controls=\"controls\"><source type=\"audio\/mpeg\" src=\"https:\/\/www.radiopiu.net\/wordpress\/wp-content\/uploads\/2023\/05\/CROCE-VERDE.mp3?_=9\" \/><a href=\"https:\/\/www.radiopiu.net\/wordpress\/wp-content\/uploads\/2023\/05\/CROCE-VERDE.mp3\">https:\/\/www.radiopiu.net\/wordpress\/wp-content\/uploads\/2023\/05\/CROCE-VERDE.mp3<\/a><\/audio>\n\n\t\t\t<style type='text\/css'>\n\t\t\t\t#gallery-2 {\n\t\t\t\t\tmargin: auto;\n\t\t\t\t}\n\t\t\t\t#gallery-2 .gallery-item {\n\t\t\t\t\tfloat: left;\n\t\t\t\t\tmargin-top: 10px;\n\t\t\t\t\ttext-align: center;\n\t\t\t\t\twidth: 100%;\n\t\t\t\t}\n\t\t\t\t#gallery-2 img {\n\t\t\t\t\tborder: 2px solid #cfcfcf;\n\t\t\t\t}\n\t\t\t\t#gallery-2 .gallery-caption {\n\t\t\t\t\tmargin-left: 0;\n\t\t\t\t}\n\t\t\t\t\/* see gallery_shortcode() in wp-includes\/media.php *\/\n\t\t\t<\/style>\n\t\t<div id='gallery-2' class='dt-gallery-container gallery galleryid-335218 gallery-columns-1 gallery-size-medium'><dl class='gallery-item'>\n\t\t\t\t<dt class='gallery-icon portrait'>\n\t\t\t\t\t<a class=\"rollover rollover-zoom dt-pswp-item\" title=\"99993023-0a27-4b3d-9b23-3e74404ba1a3\" data-dt-img-description=\"\" data-large_image_width=\"715\" data-large_image_height=\"1024\"href='https:\/\/www.radiopiu.net\/wordpress\/wp-content\/uploads\/2023\/05\/99993023-0a27-4b3d-9b23-3e74404ba1a3.jpg'><img loading=\"lazy\" decoding=\"async\" width=\"209\" height=\"300\" src=\"https:\/\/www.radiopiu.net\/wordpress\/wp-content\/uploads\/2023\/05\/99993023-0a27-4b3d-9b23-3e74404ba1a3-209x300.jpg\" class=\"attachment-medium size-medium\" alt=\"\" srcset=\"https:\/\/www.radiopiu.net\/wordpress\/wp-content\/uploads\/2023\/05\/99993023-0a27-4b3d-9b23-3e74404ba1a3-209x300.jpg 209w, https:\/\/www.radiopiu.net\/wordpress\/wp-content\/uploads\/2023\/05\/99993023-0a27-4b3d-9b23-3e74404ba1a3.jpg 715w\" sizes=\"auto, (max-width: 209px) 100vw, 209px\" \/><\/a>\n\t\t\t\t<\/dt><\/dl><br style=\"clear: both\" \/>\n\t\t\t<\/div>\n\n<p>&nbsp;<\/p>\n<hr \/>\n<p>&nbsp;<\/p>\n<blockquote>\n<h3>I CONCORSI DELLA POLIZIA<\/h3>\n<\/blockquote>\n<p><strong>BELLUNO<\/strong> Sul portale unico della poliziadistato.it \u00e8 pubblicato il bando per l&#8217;assunzione di 28 atleti da assegnare ai gruppi sportivi della Polizia di Stato-Fiamme Oro, inquadrati nel ruolo degli agente e assistenti<\/p>\n<p>&nbsp;<\/p>\n<hr \/>\n<p>&nbsp;<\/p>\n<blockquote>\n<h3><strong>ULSS1, CONCORSI E RICERCHE<\/strong><\/h3>\n<\/blockquote>\n<p><strong>BELLUNO<\/strong> Prosegue la ricerca di personale in Ulss Dolomiti per rafforzare il personale. Nello specifico: 1 posto per Logopedista 2 posti per dirigente medico nella disciplina di Neurologia 2 posti per dirigente medico nella disciplina di Psichiatria 4 posti per dirigente medico nella disciplina di Ortopedia e Traumatologia 5 posti per operatore tecnico specializzato \u2013 autista di ambulanza 1 posto per dirigente medico nella disciplina di Medicina del Lavoro e Sicurezza degli Ambienti di Lavoro 1 posto per dirigente medico nella disciplina di Patologia Clinica (Laboratorio di Analisi chimico-cliniche e microbiologia) 4 posti per operatore tecnico specializzato &#8211; magazziniere 1 posto per dirigente medico nella disciplina di Organizzazione dei Servizi Sanitari di Base. Per informazioni e per consultare i bandi di concorso <a href=\"http:\/\/www.aulss1.veneto.it\/\">www.aulss1.veneto.it<\/a><\/p>\n<p>&nbsp;<\/p>\n<hr \/>\n<p>&nbsp;<\/p>\n<h2><\/h2>\n<h3><strong><a class=\"dt-pswp-item\" href=\"https:\/\/www.radiopiu.net\/wordpress\/wp-content\/uploads\/2022\/03\/FOLLADOR-AGORDO-1.jpg\" data-dt-img-description=\"\" data-large_image_width=\"1280\" data-large_image_height=\"720\"><img loading=\"lazy\" decoding=\"async\" class=\" wp-image-267095 alignleft\" src=\"https:\/\/www.radiopiu.net\/wordpress\/wp-content\/uploads\/2022\/03\/FOLLADOR-AGORDO-1-300x169.jpg\" alt=\"\" width=\"165\" height=\"93\" srcset=\"https:\/\/www.radiopiu.net\/wordpress\/wp-content\/uploads\/2022\/03\/FOLLADOR-AGORDO-1-300x169.jpg 300w, https:\/\/www.radiopiu.net\/wordpress\/wp-content\/uploads\/2022\/03\/FOLLADOR-AGORDO-1-1024x576.jpg 1024w, https:\/\/www.radiopiu.net\/wordpress\/wp-content\/uploads\/2022\/03\/FOLLADOR-AGORDO-1-768x432.jpg 768w, https:\/\/www.radiopiu.net\/wordpress\/wp-content\/uploads\/2022\/03\/FOLLADOR-AGORDO-1.jpg 1280w\" sizes=\"auto, (max-width: 165px) 100vw, 165px\" \/><\/a><span style=\"color: #800080;\">COSA CHIEDE IL MONDO DEL LAVORO ALLA SCUOLA? L&#8217;INCONTRO AL FOLLADOR IL 19 MAGGIO<\/span><\/strong><\/h3>\n<p><strong>di Mirko Mezzacasa<\/strong><\/p>\n<p>OSPITI: Tomaso Avoscan, Michele Costa e Dino Preloran<\/p>\n<audio class=\"wp-audio-shortcode\" id=\"audio-335218-10\" preload=\"none\" style=\"width: 100%;\" controls=\"controls\"><source type=\"audio\/mpeg\" src=\"https:\/\/www.radiopiu.net\/wordpress\/wp-content\/uploads\/2023\/05\/WORK-SHOP-PRIMA-PARTE-OK.mp3?_=10\" \/><a href=\"https:\/\/www.radiopiu.net\/wordpress\/wp-content\/uploads\/2023\/05\/WORK-SHOP-PRIMA-PARTE-OK.mp3\">https:\/\/www.radiopiu.net\/wordpress\/wp-content\/uploads\/2023\/05\/WORK-SHOP-PRIMA-PARTE-OK.mp3<\/a><\/audio>\n<p>&nbsp;<\/p>\n<p>&nbsp;<\/p>\n<hr \/>\n<p>&nbsp;<\/p>\n<p>&nbsp;<\/p>\n<blockquote>\n<h1>DOMANI A FELTRE, OGGI ALLA RADIO<\/h1>\n<\/blockquote>\n<p><b> SECONDO CONCERTO E SECONDO TUTTO ESAURITO: LE ORME INCONTRANO IL SUCCESSO A FELTRE EVENTI<\/b><\/p>\n<p>&nbsp;<\/p>\n<p><a class=\"dt-pswp-item\" href=\"https:\/\/www.radiopiu.net\/wordpress\/wp-content\/uploads\/2023\/05\/21aec439-c41c-42f0-bee4-286116396c6d-300x169-1.jpg\" data-dt-img-description=\"\" data-large_image_width=\"300\" data-large_image_height=\"169\"><img loading=\"lazy\" decoding=\"async\" class=\" wp-image-335174 alignleft\" src=\"https:\/\/www.radiopiu.net\/wordpress\/wp-content\/uploads\/2023\/05\/21aec439-c41c-42f0-bee4-286116396c6d-300x169-1.jpg\" alt=\"\" width=\"241\" height=\"136\" \/><\/a>Giulio Zallot e Ivan Zatta, i responsabili dell&#8217;associazione Feltre Eventi, hanno ottenuto un&#8217;altra grande vittoria grazie al concerto delle Orme, che ha esaurito tutti i posti disponibili con diversi giorni di anticipo rispetto alla data dell&#8217;evento. Dopo il successo dei\u00a0 New Trolls, la band storica italiana si esibir\u00e0 dal vivo nel capannone della sagra di San Vittore per celebrare i cinquant&#8217;anni dalla pubblicazione dell&#8217;album &#8220;Felona e sorona&#8221;, uno dei pi\u00f9 rappresentativi del gruppo. Ci saranno anche i due storici musicisti della formazione: il chitarrista Tolo Marton e il tastierista Tony Pagliuca. Nonostante il tutto esaurito, chi non ha ancora acquistato il biglietto pu\u00f2 tentare la fortuna e verificare se qualche posto prenotato e pagato non venga confermato per imprevisti dell&#8217;ultimo minuto<br \/>\n<strong>L&#8217;INTERVISTA<\/strong><\/p>\n<audio class=\"wp-audio-shortcode\" id=\"audio-335218-11\" preload=\"none\" style=\"width: 100%;\" controls=\"controls\"><source type=\"audio\/mpeg\" src=\"https:\/\/www.radiopiu.net\/wordpress\/wp-content\/uploads\/2023\/04\/CONCERTO-LE-ORME.mp3?_=11\" \/><a href=\"https:\/\/www.radiopiu.net\/wordpress\/wp-content\/uploads\/2023\/04\/CONCERTO-LE-ORME.mp3\">https:\/\/www.radiopiu.net\/wordpress\/wp-content\/uploads\/2023\/04\/CONCERTO-LE-ORME.mp3<\/a><\/audio>\n<p>&nbsp;<\/p>\n<p><strong>IL SALUTO DI TONY PAGLIUCA\u00a0<\/strong><\/p>\n<audio class=\"wp-audio-shortcode\" id=\"audio-335218-12\" preload=\"none\" style=\"width: 100%;\" controls=\"controls\"><source type=\"audio\/mpeg\" src=\"https:\/\/www.radiopiu.net\/wordpress\/wp-content\/uploads\/2023\/04\/pagliuca.mp3?_=12\" \/><a href=\"https:\/\/www.radiopiu.net\/wordpress\/wp-content\/uploads\/2023\/04\/pagliuca.mp3\">https:\/\/www.radiopiu.net\/wordpress\/wp-content\/uploads\/2023\/04\/pagliuca.mp3<\/a><\/audio>\n<p>&nbsp;<\/p>\n<p>&nbsp;<\/p>\n<p>&nbsp;<\/p>\n<hr \/>\n<p>&nbsp;<\/p>\n<blockquote>\n<h3>PREZIOSE OCCASIONI PER IMPARARE E CONDIVIDERE ESPERIENZE<\/h3>\n<\/blockquote>\n<p><strong><a class=\"dt-pswp-item\" href=\"https:\/\/www.radiopiu.net\/wordpress\/wp-content\/uploads\/2023\/05\/Senza-nome-37.jpg\" data-dt-img-description=\"\" data-large_image_width=\"281\" data-large_image_height=\"287\"><img loading=\"lazy\" decoding=\"async\" class=\" wp-image-335281 alignleft\" src=\"https:\/\/www.radiopiu.net\/wordpress\/wp-content\/uploads\/2023\/05\/Senza-nome-37.jpg\" alt=\"\" width=\"264\" height=\"270\" \/><\/a>LIMANA<\/strong> Venerd\u00ec\u00a0 alle 20.30,\u00a0 nell&#8217;atrio della scuola primaria di Limana, si terr\u00e0 un incontro di sostegno alla genitorialit\u00e0 incentrato sul tema &#8220;Il benessere nelle relazioni genitori-figli&#8221;. L&#8217;evento sar\u00e0 condotto dalla dott.ssa Federica Ciccanti, Pedagogista Clinico, Formatore e Mediatore familiare. La dott.ssa Ciccanti, esperta nel campo della pedagogia e delle dinamiche familiari, offrir\u00e0 preziosi consigli e strategie per favorire un rapporto sano ed equilibrato tra genitori e figli, promuovendo il benessere reciproco all&#8217;interno delle famiglie. Sar\u00e0 un&#8217;occasione importante per approfondire tematiche legate alla comunicazione efficace, all&#8217;ascolto empatico e alla gestione dei conflitti, fondamentali per la costruzione di relazioni armoniose. Venerd\u00ec 19 maggio, sempre alle\u00a0 20.30, relazioner\u00e0\u00a0 Marcella De Pra, Formatore, Mediatore familiare professionista e didatta nonch\u00e9 Counselor Sistemico-Relazionale. La dott.ssa De Pra condivider\u00e0 le sue competenze e le sue esperienze per aiutare i genitori a comprendere e gestire le dinamiche familiari in modo efficace. Entrambi gli incontri sono aperti alla cittadinanza, offrendo un&#8217;opportunit\u00e0 unica di crescita e riflessione sui temi della genitorialit\u00e0. \u00c8 auspicabile la partecipazione di genitori, insegnanti e di tutti coloro che sono interessati a promuovere relazioni positive e salutari all&#8217;interno delle famiglie.<\/p>\n<p>preziose occasioni per imparare e condividere esperienze con esperti del settore.<\/p>\n<p>&nbsp;<\/p>\n<hr \/>\n<p>&nbsp;<\/p>\n<blockquote>\n<h3>L&#8217;AMMINISTRAZIONE COMUNALE USCENTE DI CANALE INCONTRA LA POPOLAZIONE<\/h3>\n<\/blockquote>\n<p><strong>CANALE D&#8217;AGORDO<\/strong>\u00a0 Oggi alle 20 in Sala Emigranti a Canale D&#8217;Agordo l&#8217;amministrazione comunale uscente organizza un incontro per fare il punto sull&#8217;attivit\u00e0 svolta e gli obbiettivi raggiunti negli ultimi 5 anni di mandato. La popolazione \u00e8 invitata.<\/p>\n<p>&nbsp;<\/p>\n<hr \/>\n<p>&nbsp;<\/p>\n<blockquote>\n<h3>RIPRENDE IL CONCORSO MUSICALE CITT\u00c0 DI BELLUNO: UNA VETRINA PER I GIOVANI MUSICISTI UNA VETRINA PER I GIOVANI MUSICISTI<\/h3>\n<\/blockquote>\n<p><strong><a class=\"dt-pswp-item\" href=\"https:\/\/www.radiopiu.net\/wordpress\/wp-content\/uploads\/2023\/05\/88d797de-5848-446f-b3b8-f211803a9d21.jpg\" data-dt-img-description=\"\" data-large_image_width=\"1600\" data-large_image_height=\"1066\"><img loading=\"lazy\" decoding=\"async\" class=\"size-medium wp-image-335312 alignleft\" src=\"https:\/\/www.radiopiu.net\/wordpress\/wp-content\/uploads\/2023\/05\/88d797de-5848-446f-b3b8-f211803a9d21-300x200.jpg\" alt=\"\" width=\"300\" height=\"200\" srcset=\"https:\/\/www.radiopiu.net\/wordpress\/wp-content\/uploads\/2023\/05\/88d797de-5848-446f-b3b8-f211803a9d21-300x200.jpg 300w, https:\/\/www.radiopiu.net\/wordpress\/wp-content\/uploads\/2023\/05\/88d797de-5848-446f-b3b8-f211803a9d21-1024x682.jpg 1024w, https:\/\/www.radiopiu.net\/wordpress\/wp-content\/uploads\/2023\/05\/88d797de-5848-446f-b3b8-f211803a9d21-768x512.jpg 768w, https:\/\/www.radiopiu.net\/wordpress\/wp-content\/uploads\/2023\/05\/88d797de-5848-446f-b3b8-f211803a9d21-1536x1023.jpg 1536w, https:\/\/www.radiopiu.net\/wordpress\/wp-content\/uploads\/2023\/05\/88d797de-5848-446f-b3b8-f211803a9d21.jpg 1600w\" sizes=\"auto, (max-width: 300px) 100vw, 300px\" \/><\/a>BELLUNO<\/strong> Il Concorso Musicale Citt\u00e0 di Belluno \u00e8 tornato per il suo quinto anno. Dopo un mese di audizioni, il programma entra nella fase dei concerti, della premiazione dei finalisti e della finalissima, che si terr\u00e0 domenica 21 maggio.<\/p>\n<p>&nbsp;<\/p>\n<p>&nbsp;<\/p>\n<p>&nbsp;<\/p>\n<p><strong>DI DANIELE DALVIT<\/strong><\/p>\n<audio class=\"wp-audio-shortcode\" id=\"audio-335218-13\" preload=\"none\" style=\"width: 100%;\" controls=\"controls\"><source type=\"audio\/mpeg\" src=\"https:\/\/www.radiopiu.net\/wordpress\/wp-content\/uploads\/2023\/05\/Radio-Piu-Servizio-Concorso-musicale-Belluno.mp3?_=13\" \/><a href=\"https:\/\/www.radiopiu.net\/wordpress\/wp-content\/uploads\/2023\/05\/Radio-Piu-Servizio-Concorso-musicale-Belluno.mp3\">https:\/\/www.radiopiu.net\/wordpress\/wp-content\/uploads\/2023\/05\/Radio-Piu-Servizio-Concorso-musicale-Belluno.mp3<\/a><\/audio>\n<p>&nbsp;<\/p>\n<p>&nbsp;<\/p>\n<p>&nbsp;<\/p>\n<hr \/>\n<p>&nbsp;<\/p>\n<h2><span style=\"color: #ff00ff;\">IERI ALLA RADIO<\/span><\/h2>\n<h3><span style=\"color: #ff6600;\"><a class=\"dt-pswp-item\" href=\"https:\/\/www.radiopiu.net\/wordpress\/wp-content\/uploads\/2022\/11\/scuola-zaino.jpeg\" data-dt-img-description=\"\" data-large_image_width=\"626\" data-large_image_height=\"417\"><img loading=\"lazy\" decoding=\"async\" class=\" wp-image-306830 alignleft\" src=\"https:\/\/www.radiopiu.net\/wordpress\/wp-content\/uploads\/2022\/11\/scuola-zaino-300x200.jpeg\" alt=\"\" width=\"129\" height=\"86\" srcset=\"https:\/\/www.radiopiu.net\/wordpress\/wp-content\/uploads\/2022\/11\/scuola-zaino-300x200.jpeg 300w, https:\/\/www.radiopiu.net\/wordpress\/wp-content\/uploads\/2022\/11\/scuola-zaino.jpeg 626w\" sizes=\"auto, (max-width: 129px) 100vw, 129px\" \/><\/a>SE NON LA SMETTI TI MANDO DAL PRESIDE<\/span><\/h3>\n<p><strong>di Mirko Mezzacasa<\/strong><\/p>\n<p>Con Maria Rosa Salmazo<\/p>\n<audio class=\"wp-audio-shortcode\" id=\"audio-335218-14\" preload=\"none\" style=\"width: 100%;\" controls=\"controls\"><source type=\"audio\/mpeg\" src=\"https:\/\/www.radiopiu.net\/wordpress\/wp-content\/uploads\/2023\/05\/se-non-le-smetti-numero-28.mp3?_=14\" \/><a href=\"https:\/\/www.radiopiu.net\/wordpress\/wp-content\/uploads\/2023\/05\/se-non-le-smetti-numero-28.mp3\">https:\/\/www.radiopiu.net\/wordpress\/wp-content\/uploads\/2023\/05\/se-non-le-smetti-numero-28.mp3<\/a><\/audio>\n<p>&nbsp;<\/p>\n<hr \/>\n<p>&nbsp;<\/p>\n<h3><a class=\"dt-pswp-item\" href=\"https:\/\/www.radiopiu.net\/wordpress\/wp-content\/uploads\/2020\/04\/CISL-BELLUNO-OK.jpg\" data-dt-img-description=\"\" data-large_image_width=\"909\" data-large_image_height=\"910\"><img loading=\"lazy\" decoding=\"async\" class=\" wp-image-132184 alignleft\" src=\"https:\/\/www.radiopiu.net\/wordpress\/wp-content\/uploads\/2020\/04\/CISL-BELLUNO-OK-300x300.jpg\" alt=\"\" width=\"98\" height=\"98\" srcset=\"https:\/\/www.radiopiu.net\/wordpress\/wp-content\/uploads\/2020\/04\/CISL-BELLUNO-OK-300x300.jpg 300w, https:\/\/www.radiopiu.net\/wordpress\/wp-content\/uploads\/2020\/04\/CISL-BELLUNO-OK-150x150.jpg 150w, https:\/\/www.radiopiu.net\/wordpress\/wp-content\/uploads\/2020\/04\/CISL-BELLUNO-OK-768x769.jpg 768w, https:\/\/www.radiopiu.net\/wordpress\/wp-content\/uploads\/2020\/04\/CISL-BELLUNO-OK.jpg 909w\" sizes=\"auto, (max-width: 98px) 100vw, 98px\" \/><\/a><span style=\"color: #008000;\">CISL E FEMCA CISL LA VOCE PER I LAVORATORI<\/span><\/h3>\n<p><strong>PUNTATA 20, ALESSIO PICCOLI CISL BELLUNO_TREVISO<\/strong><\/p>\n<audio class=\"wp-audio-shortcode\" id=\"audio-335218-15\" preload=\"none\" style=\"width: 100%;\" controls=\"controls\"><source type=\"audio\/mpeg\" src=\"https:\/\/www.radiopiu.net\/wordpress\/wp-content\/uploads\/2023\/05\/FEMCA-CISL-1.mp3?_=15\" \/><a href=\"https:\/\/www.radiopiu.net\/wordpress\/wp-content\/uploads\/2023\/05\/FEMCA-CISL-1.mp3\">https:\/\/www.radiopiu.net\/wordpress\/wp-content\/uploads\/2023\/05\/FEMCA-CISL-1.mp3<\/a><\/audio>\n<p>&nbsp;<\/p>\n<p><strong>LA RACCOLTA COMPLETA<\/strong><\/p>\n<blockquote class=\"wp-embedded-content\" data-secret=\"ZvHHz5PycY\"><p><a href=\"https:\/\/www.radiopiu.net\/wordpress\/cisl-e-femca-cisl-la-voce\/\">CISL E FEMCA CISL  LA VOCE PER I LAVORATORI<\/a><\/p><\/blockquote>\n<p><iframe loading=\"lazy\" class=\"wp-embedded-content\" sandbox=\"allow-scripts\" security=\"restricted\" style=\"position: absolute; clip: rect(1px, 1px, 1px, 1px);\" title=\"&#8220;CISL E FEMCA CISL  LA VOCE PER I LAVORATORI&#8221; &#8212; Radio Pi\u00f9\" src=\"https:\/\/www.radiopiu.net\/wordpress\/cisl-e-femca-cisl-la-voce\/embed\/#?secret=OPCk8QtY1d#?secret=ZvHHz5PycY\" data-secret=\"ZvHHz5PycY\" width=\"600\" height=\"338\" frameborder=\"0\" marginwidth=\"0\" marginheight=\"0\" scrolling=\"no\"><\/iframe><\/p>\n<p>&nbsp;<\/p>\n<hr \/>\n<p>&nbsp;<\/p>\n<h3><span style=\"color: #993300;\">IL BIOLOGICO&#8230;CON GIANLUCA ROSSI DI DOLOMITI BEER &amp; WINE SHOP<\/span><\/h3>\n<p><strong><a class=\"dt-pswp-item\" href=\"https:\/\/www.radiopiu.net\/wordpress\/wp-content\/uploads\/2023\/05\/32373e82-49fe-465d-a970-1212196ffeb2.jpg\" data-dt-img-description=\"\" data-large_image_width=\"398\" data-large_image_height=\"260\"><img loading=\"lazy\" decoding=\"async\" class=\" wp-image-335238 alignleft\" src=\"https:\/\/www.radiopiu.net\/wordpress\/wp-content\/uploads\/2023\/05\/32373e82-49fe-465d-a970-1212196ffeb2-300x196.jpg\" alt=\"\" width=\"176\" height=\"115\" srcset=\"https:\/\/www.radiopiu.net\/wordpress\/wp-content\/uploads\/2023\/05\/32373e82-49fe-465d-a970-1212196ffeb2-300x196.jpg 300w, https:\/\/www.radiopiu.net\/wordpress\/wp-content\/uploads\/2023\/05\/32373e82-49fe-465d-a970-1212196ffeb2.jpg 398w\" sizes=\"auto, (max-width: 176px) 100vw, 176px\" \/><\/a>di Mirko Mezzacasa<\/strong><\/p>\n<p>OSPITE: Gianluca Rossi<\/p>\n<audio class=\"wp-audio-shortcode\" id=\"audio-335218-16\" preload=\"none\" style=\"width: 100%;\" controls=\"controls\"><source type=\"audio\/mpeg\" src=\"https:\/\/www.radiopiu.net\/wordpress\/wp-content\/uploads\/2023\/05\/GIANLUCA.mp3?_=16\" \/><a href=\"https:\/\/www.radiopiu.net\/wordpress\/wp-content\/uploads\/2023\/05\/GIANLUCA.mp3\">https:\/\/www.radiopiu.net\/wordpress\/wp-content\/uploads\/2023\/05\/GIANLUCA.mp3<\/a><\/audio>\n<p>&nbsp;<\/p>\n<hr \/>\n<p>&nbsp;<\/p>\n<p><strong><span style=\"color: #ff0000;\">GLI APPUNTAMENTI DELLA SETTIMANA<\/span><\/strong><\/p>\n<blockquote>\n<h3>DOMANI IN SALA DON TAMIS LA PRESENTAZIONE DEL LIBRO DELLA FAGLIA EX EMIGRANTI<\/h3>\n<\/blockquote>\n<p><strong>DI GIANNI SANTOMASO<\/strong><\/p>\n<audio class=\"wp-audio-shortcode\" id=\"audio-335218-17\" preload=\"none\" style=\"width: 100%;\" controls=\"controls\"><source type=\"audio\/mpeg\" src=\"https:\/\/www.radiopiu.net\/wordpress\/wp-content\/uploads\/2023\/05\/GIANNI-MAGGIO-AGORDINO.mp3?_=17\" \/><a href=\"https:\/\/www.radiopiu.net\/wordpress\/wp-content\/uploads\/2023\/05\/GIANNI-MAGGIO-AGORDINO.mp3\">https:\/\/www.radiopiu.net\/wordpress\/wp-content\/uploads\/2023\/05\/GIANNI-MAGGIO-AGORDINO.mp3<\/a><\/audio>\n<p><strong>AGORDO<\/strong> Appuntamento con la storia dei periti minerari. Ad organizzarlo la Famiglia Ex emigranti dell\u2019Agordino, che presenter\u00e0 venerd\u00ec 12 maggio, alle ore 20.30 nella Sala \u201cDon Tamis\u201d di Agordo, il libro \u201cUn\u2019emigrazione speciale. Periti minerari dall\u2019Agordino al mondo\u201d pubblicato dall\u2019Apim &#8211; Associazione Periti Industriali Minerari. Ingresso gratuito<\/p>\n<p>&nbsp;<\/p>\n<p>&nbsp;<\/p>\n<hr \/>\n<p>&nbsp;<\/p>\n<blockquote>\n<h3>DOMANI AL COMUNALE VIAGGIO MUSICALE<\/h3>\n<\/blockquote>\n<p><strong>BELLUNO<\/strong> Domani alle 20.30 al Teatro Comunale si esibir\u00e0 Polina Pasztircs\u00e1k soprano\u00a0 con Jan Philip Schulze pianoforte. Da Parigi a Istanbul: viaggio musicale sull\u2019Orient Express. Organizza il Circolo Culturale Bellunese.<\/p>\n<p>&nbsp;<\/p>\n<hr \/>\n<h3><\/h3>\n<blockquote>\n<h3>DOMANI LA PRESENTAZIONE DEL LIBRO DI SILVIO GUARNIERI A FELTRE<\/h3>\n<\/blockquote>\n<p><strong>FELTRE<\/strong> Domani alle 20.30 la Galleria \u201cRizzarda\u201d di Feltre ospita la presentazione dell\u2019ultimo libro postumo di Silvio Guarnieri, pubblicato nello scorso autunno. \u201cCronache di guerra e di pace\u201d \u00e8 una raccolta di racconti, testimonianze e scritti tratti dal ricchissimo archivio dello scrittore e letterato feltrino che proprio alla Galleria Rizzarda viene in parte custodito nell\u2019omonimo Fondo.<\/p>\n<p>&nbsp;<\/p>\n<p>&nbsp;<\/p>\n<hr \/>\n<p>&nbsp;<\/p>\n<blockquote>\n<h3>LA PRESENTAZIONE DEL CAMPIONATO AGORDINO AD AGORDO<\/h3>\n<\/blockquote>\n<p><strong>AGORDO<\/strong> Sabato alle 20:30 al Caff\u00e8 Miniere di Agordo verr\u00e0 presentato ufficialmente il Campionato Agordino di Calcio. Diretta su Radio Pi\u00f9<\/p>\n<p>&nbsp;<\/p>\n<p>&nbsp;<\/p>\n<hr \/>\n<p>&nbsp;<\/p>\n<blockquote>\n<h3>NEVEGAL 2026&#8230;QUALE INVERNO ATTENDE IL COLLE?<\/h3>\n<\/blockquote>\n<p><strong>BELLUNO<\/strong> Si svolger\u00e0<strong> sabato<\/strong> alle 10:30 a Palazzo Bembo un incontro dal titolo &#8220;Nevegal 2026&#8230;quale inverno attende il Colle?&#8221;. Introdurranno l&#8217;argomento il sociologo Diego Cason e Michele Nardelli. Ci sar\u00e0 un confronto tra operatori del settore e le riflessioni conclusive di Franco Roccon, assessore comunale Progetto Nevegal. Moderatore Andrea De Bortoli<\/p>\n<p>&nbsp;<\/p>\n<p>&nbsp;<\/p>\n<hr \/>\n<p>&nbsp;<\/p>\n<blockquote>\n<h3>NEL FINE SETTIMANA I SAGGI DI ARTE NUOVA<\/h3>\n<\/blockquote>\n<p><strong>BORGO VALBELLUNA <\/strong>Sabato e domenica si svolgeranno i tradizionali saggi musicali a conclusione di un anno straordinario nell\u2019affluenza e nei risultati, 150 associati attivi nel campo musicale, riconoscimenti in importanti concorsi musicali, convenzioni attive con scuole ed enti pubblici. Appuntamento all\u2019Auditorium di Mel e il Teatro San Felice di Trichiana, ingresso libero.<\/p>\n<p>&nbsp;<\/p>\n<p>&nbsp;<\/p>\n<hr \/>\n<p>&nbsp;<\/p>\n<p>&nbsp;<\/p>\n<div dir=\"auto\">\n<blockquote>\n<h3><a class=\"dt-pswp-item\" href=\"https:\/\/www.radiopiu.net\/wordpress\/wp-content\/uploads\/2021\/07\/AGORDO-ARCOBALENO-BROI.jpg\" data-dt-img-description=\"\" data-large_image_width=\"2048\" data-large_image_height=\"1363\"><img loading=\"lazy\" decoding=\"async\" class=\" wp-image-224697 alignleft\" src=\"https:\/\/www.radiopiu.net\/wordpress\/wp-content\/uploads\/2021\/07\/AGORDO-ARCOBALENO-BROI-300x200.jpg\" alt=\"\" width=\"194\" height=\"129\" srcset=\"https:\/\/www.radiopiu.net\/wordpress\/wp-content\/uploads\/2021\/07\/AGORDO-ARCOBALENO-BROI-300x200.jpg 300w, https:\/\/www.radiopiu.net\/wordpress\/wp-content\/uploads\/2021\/07\/AGORDO-ARCOBALENO-BROI-1024x682.jpg 1024w, https:\/\/www.radiopiu.net\/wordpress\/wp-content\/uploads\/2021\/07\/AGORDO-ARCOBALENO-BROI-768x511.jpg 768w, https:\/\/www.radiopiu.net\/wordpress\/wp-content\/uploads\/2021\/07\/AGORDO-ARCOBALENO-BROI-1536x1022.jpg 1536w, https:\/\/www.radiopiu.net\/wordpress\/wp-content\/uploads\/2021\/07\/AGORDO-ARCOBALENO-BROI.jpg 2048w\" sizes=\"auto, (max-width: 194px) 100vw, 194px\" \/><\/a>IL TORNEO DELLE FRAZIONI SUL BROI DI AGORDO CAUSA LE PESSIME PREVISIONI METEOROLOGICHE E&#8217; STATO RINVIATO A DATA DA DESTINARSI<\/h3>\n<\/blockquote>\n<p><span style=\"color: #ff0000;\">IERI SERA DAL PROGRAMMA DEDICHE E RICHIESTE, MATTEO CHISSALE&#8217;\u00a0<\/span><\/p>\n<audio class=\"wp-audio-shortcode\" id=\"audio-335218-18\" preload=\"none\" style=\"width: 100%;\" controls=\"controls\"><source type=\"audio\/mpeg\" src=\"https:\/\/www.radiopiu.net\/wordpress\/wp-content\/uploads\/2023\/05\/MATTEO-CHISSA.mp3?_=18\" \/><a href=\"https:\/\/www.radiopiu.net\/wordpress\/wp-content\/uploads\/2023\/05\/MATTEO-CHISSA.mp3\">https:\/\/www.radiopiu.net\/wordpress\/wp-content\/uploads\/2023\/05\/MATTEO-CHISSA.mp3<\/a><\/audio>\n<p>&nbsp;<\/p>\n<hr \/>\n<p>&nbsp;<\/p>\n<blockquote>\n<h3>IL MERCATO DEI FIORI A FALCADE<\/h3>\n<\/blockquote>\n<p><strong>FALCADE<\/strong> Domenica nell&#8217;area del Parco giochi di Falcade viene organizzato il mercato dei fiori. Organizzano Comune di Falcade, Proloco Falcade Caviola, Associazione Albergatori Valle del Biois<\/p>\n<p>&nbsp;<\/p>\n<p>&nbsp;<\/p>\n<hr \/>\n<p>&nbsp;<\/p>\n<blockquote>\n<h3>TORNANO LE VISITE GRATUITE AI TESORI D\u2019ARTE TRA LE CHIESE DI BELLUNO CON L\u2019ASSOCIAZIONE CAMPEDEL<\/h3>\n<\/blockquote>\n<p><strong>BELLUNO<\/strong> Dopo il successo dell\u2019edizione 2022, tornano a maggio le visite gratuite curate dai volontari della Campedel alla scoperta dei tesori d\u2019arte delle chiese del Bellunese. Si inizia domenica 14 maggio alle ore 15.00 con la visita alla chiesa di San Matteo di Sala, poco sopra Cusighe, ai piedi del monte Serva<\/p>\n<p>&nbsp;<\/p>\n<p>&nbsp;<\/p>\n<hr \/>\n<p>&nbsp;<\/p>\n<div><\/div>\n<div>\n<blockquote class=\"wp-embedded-content\" data-secret=\"QdEBV87Pyf\"><p><a href=\"https:\/\/www.radiopiu.net\/wordpress\/lincidente-di-chernobyl-seconda-parte-lapprofondimento-di-tiziano-de-col\/\">\u00a0L\u2019INCIDENTE DI CHERNOBYL &#8211; SECONDA PARTE- l&#8217;approfondimento di TIZIANO DE COL<\/a><\/p><\/blockquote>\n<p><iframe loading=\"lazy\" class=\"wp-embedded-content\" sandbox=\"allow-scripts\" security=\"restricted\" style=\"position: absolute; clip: rect(1px, 1px, 1px, 1px);\" title=\"&#8220;\u00a0L\u2019INCIDENTE DI CHERNOBYL &#8211; SECONDA PARTE- l&#8217;approfondimento di TIZIANO DE COL&#8221; &#8212; Radio Pi\u00f9\" src=\"https:\/\/www.radiopiu.net\/wordpress\/lincidente-di-chernobyl-seconda-parte-lapprofondimento-di-tiziano-de-col\/embed\/#?secret=3Vy79lshb1#?secret=QdEBV87Pyf\" data-secret=\"QdEBV87Pyf\" width=\"600\" height=\"338\" frameborder=\"0\" marginwidth=\"0\" marginheight=\"0\" scrolling=\"no\"><\/iframe><\/p>\n<\/div>\n<div><\/div>\n<div>\n<p>&nbsp;<\/p>\n<p><strong>LA RACCOLTA COMPLETA<\/strong><\/p>\n<blockquote class=\"wp-embedded-content\" data-secret=\"HtmzKODxen\"><p><a href=\"https:\/\/www.radiopiu.net\/wordpress\/musla\/\">MUSLA<\/a><\/p><\/blockquote>\n<p><iframe loading=\"lazy\" class=\"wp-embedded-content\" sandbox=\"allow-scripts\" security=\"restricted\" style=\"position: absolute; clip: rect(1px, 1px, 1px, 1px);\" title=\"&#8220;MUSLA&#8221; &#8212; Radio Pi\u00f9\" src=\"https:\/\/www.radiopiu.net\/wordpress\/musla\/embed\/#?secret=ZbGTpbSkwe#?secret=HtmzKODxen\" data-secret=\"HtmzKODxen\" width=\"600\" height=\"338\" frameborder=\"0\" marginwidth=\"0\" marginheight=\"0\" scrolling=\"no\"><\/iframe><\/p>\n<p>&nbsp;<\/p>\n<\/div>\n<\/div>\n<div dir=\"auto\">\n<p>&nbsp;<\/p>\n<hr \/>\n<p>&nbsp;<\/p>\n<h2><span style=\"color: #ff0000;\">PROSSIMAMENTE&#8230;.<\/span><\/h2>\n<blockquote>\n<h3>FOLKLOR JALPE&#8217; DE LA MARMOLEDA<\/h3>\n<\/blockquote>\n<p><strong>ROCCA PIETORE<\/strong> \u00c8 in programma per il 26, 27 e 28 maggio l&#8217;edizione 2023 di Folklor Jalp\u00e8 De La Marmoleda. Tre giorni di festa sotto al tendone riscaldato in localit\u00e0 Bosco Verde a Rocca Pietore tra cucina tipica e balli con le band tirolesi. Domenica 28, nel pomeriggio, la sfilata dei gruppi folk<\/p>\n<p>&nbsp;<\/p>\n<p>&nbsp;<\/p>\n<hr \/>\n<p>&nbsp;<\/p>\n<blockquote>\n<h3>SABATO 3 GIUGNO LA CENA DELLA CLASSE 1955-56<\/h3>\n<\/blockquote>\n<p><strong>AGORDO<\/strong> E&#8217; in programma per sabato 3 giugno al Ristorante &#8220;La Stanga&#8221; la cena delle classi 1955-1956. Ritrovo al ristorante alle 19, cena , musica e premi. Per informazioni ed iscrizioni Roberto Schenot al 348 8524340. Iscrizioni entro il 29 maggio.<\/p>\n<p>&nbsp;<\/p>\n<p>&nbsp;<\/p>\n<hr \/>\n<p>&nbsp;<\/p>\n<blockquote>\n<h3>DOMENICA 4 GIUGNO LA 4 PAS IN DOI<\/h3>\n<\/blockquote>\n<p><strong>AGORDO<\/strong> <strong>DOMENICA 4 GIUGNO<\/strong> AD AGORDO: &#8220;4 Pas in doi&#8221; TRAIL RUNNING A COPPIE. Due percorsi: 16 km con 900 metri di dislivello, o 5 km con 250 metri di dislivello. E per i pi\u00f9 golosi, la &#8220;4 Pas in doi Bocoi&#8221;: itinerario enogastronomico, 6 km, con 4 tappe da&#8230; gustare. Per informazioni ed iscrizioni: www.4pasindoi.it<\/p>\n<p>&nbsp;<\/p>\n<p>&nbsp;<\/p>\n<hr \/>\n<p>&nbsp;<\/p>\n<blockquote>\n<h3>LA PRIMA EDIZIONE DELLA DON &#8211; PIANLONCH<\/h3>\n<\/blockquote>\n<p><strong>GOSALDO<\/strong> E&#8217; in programma per <strong>domenica 28 maggio<\/strong> la prima edizione della gara di corsa Don &#8211; Pianlonch. Una passeggiata ludicomotoria di 5,6 km non competitiva. Iscrizione 6 euro prima della partenza, 10 euro con panino farcito e bottigllia d&#8217;acqua.<\/p>\n<p>&nbsp;<\/p>\n<hr \/>\n<p>&nbsp;<\/p>\n<blockquote class=\"wp-embedded-content\" data-secret=\"7t88gPw4LR\"><p><a href=\"https:\/\/www.radiopiu.net\/wordpress\/incendio-del-monte-celo-10-maggio-2011\/\">INCENDIO DEL MONTE CELO &#8211; 10 MAGGIO 2011<\/a><\/p><\/blockquote>\n<p><iframe loading=\"lazy\" class=\"wp-embedded-content\" sandbox=\"allow-scripts\" security=\"restricted\" style=\"position: absolute; clip: rect(1px, 1px, 1px, 1px);\" title=\"&#8220;INCENDIO DEL MONTE CELO &#8211; 10 MAGGIO 2011&#8221; &#8212; Radio Pi\u00f9\" src=\"https:\/\/www.radiopiu.net\/wordpress\/incendio-del-monte-celo-10-maggio-2011\/embed\/#?secret=bu3jpgJ0i6#?secret=7t88gPw4LR\" data-secret=\"7t88gPw4LR\" width=\"600\" height=\"338\" frameborder=\"0\" marginwidth=\"0\" marginheight=\"0\" scrolling=\"no\"><\/iframe><\/p>\n<p>&nbsp;<\/p>\n<hr \/>\n<p>&nbsp;<\/p>\n<blockquote>\n<h3>RISO FA BUON SANGUE A FALCADE&#8230;BUONA LA PRIMA<\/h3>\n<\/blockquote>\n<p><strong><a class=\"dt-pswp-item\" href=\"https:\/\/www.radiopiu.net\/wordpress\/wp-content\/uploads\/2023\/05\/SCR-20230510-lqtt.jpeg\" data-dt-img-description=\"\" data-large_image_width=\"1538\" data-large_image_height=\"860\"><img loading=\"lazy\" decoding=\"async\" class=\"size-medium wp-image-335271 alignleft\" src=\"https:\/\/www.radiopiu.net\/wordpress\/wp-content\/uploads\/2023\/05\/SCR-20230510-lqtt-300x168.jpeg\" alt=\"\" width=\"300\" height=\"168\" srcset=\"https:\/\/www.radiopiu.net\/wordpress\/wp-content\/uploads\/2023\/05\/SCR-20230510-lqtt-300x168.jpeg 300w, https:\/\/www.radiopiu.net\/wordpress\/wp-content\/uploads\/2023\/05\/SCR-20230510-lqtt-1024x573.jpeg 1024w, https:\/\/www.radiopiu.net\/wordpress\/wp-content\/uploads\/2023\/05\/SCR-20230510-lqtt-768x429.jpeg 768w, https:\/\/www.radiopiu.net\/wordpress\/wp-content\/uploads\/2023\/05\/SCR-20230510-lqtt-1536x859.jpeg 1536w, https:\/\/www.radiopiu.net\/wordpress\/wp-content\/uploads\/2023\/05\/SCR-20230510-lqtt.jpeg 1538w\" sizes=\"auto, (max-width: 300px) 100vw, 300px\" \/><\/a>FALCADE <\/strong>Sabato 6 maggio si \u00e8 svolta al PalaFalcade la prima tappa del tour 2023 di Riso Fa Buon Sangue. Prima tappa che profuma di ripartenza dopo lo stop prolungato dettato dall\u2019emergenza pandemica da Covid-19, e una cauta ripartenza. La serata tra le Dolomiti ha visto la partecipazione di un pubblico particolarmente numeroso. Ad aprire la serata il diciannovenne Nicol\u00f2 Caffarelli, in arte Caffa, che durante lo show ha calcato le scene pi\u00f9 volte, intonando i brani: \u201cDettagli\u201d, \u201cScarabocchi\u201d, \u201cGraffiti\u201d. La serata presentata dall\u2019immancabile volto di Riso Fa Buon Sangue, Paolo Franceschini, chiama sul palco, il Direttore Artistico Enrico Cibotto e la rappresentanza societaria di Avis Falcade, Cencenighe, Vallada Agordina: Antonella Schena, che ringrazia il pubblico e ricorda come la serata era stata programmata pre-pandemia, proprio per enfatizzare e stimolare l\u2019adesione ad Avis, ed ora \u00e8 felicissima di poterla \u201cvivere dal vivo\u201d; Adriano Fiocco, ricorda quanto: \u201cavere nuovi donatori \u00e8 importantissimo, perch\u00e9 \u00e8 indispensabile per rinnovare la generazione di donatori e garantire le sacche di sangue necessarie alle emergenze e per gestire le cure di persone ammalate\u201d; Mauro Groppo, nota voce radiofonica, ribadendo l\u2019importanza della donazione, afferma come \u201ci donatori di sangue siano gli unici volontari che donano una parte di loro stessi agli altri\u201d. Sale sul palco, portando anche i saluti della Presidente Avis Provinciale Gina Bortot, il coordinatore di zona Diego Tancon che ringraziando le sezioni che hanno promosso la serata di Riso Fa Buon Sangue a Falcate e afferma quanto la ritenga \u201cun\u2019occasione per invitare alla donazione e passare assieme alcune ore felici\u201d. Salutate le rappresentanze Avis, direttamente dal Cern di Ginevra, Paolo Franceschini annuncia l\u2019arrivo dei Globuli: Bianco (Paolo Favaro) e Rosso (Davide Stefanato) che con la loro comicit\u00e0 dall\u2019accento veneto, enfatizzano luoghi comuni e abitudini, strappano sorrisi e risate al pubblico promuovendo la donazione del sangue, e poi, Capitan America degli \u201cAvanzer\u201d (Davide Stefanato) e Spiderman o \u201cSpidermen\u201d, pronunciata alla veneta (Paolo Favaro) con irrefrenabile simpatia coinvolgono il pubblico. Proprio come \u201cdue comari\u201d, a Falcade sono arrivate le due \u201cfamosissime\u201d anziane signore trevigiane \u201cLa Flora e La Virginia\u201d, interpretate da Marco Cadorin e Francesco Sartoretto alle prese con questioni di stile e acconciature. I due comici trevigiani hanno poi proposto direttamente dall\u2019osteria il traballante ubriacone \u201cBerto\u201d (Marco Cadorin) e il simpatico bagnino che per partecipare alla serata tra le dolomiti ha disertato la sua spiaggia jesolana. Infine, Davide Stefanato\u00a0racconta con un accattivante monologo quanto sia importante la donazione e come \u00e8 riuscito a superare il timore della puntura dell\u2019ago.<\/p>\n<p><strong>LO SPETTACOLO DI FALCADE<\/strong><\/p>\n<p><iframe loading=\"lazy\" title=\"ABVS Falcade, Canale D&#039;Agordo, Vallada Agordina, Cencenighe diretta @Riso Fa Buon Sangue 06\/05\/23\" width=\"1200\" height=\"675\" src=\"https:\/\/www.youtube.com\/embed\/oUPuc_TQxWA?feature=oembed\" frameborder=\"0\" allow=\"accelerometer; autoplay; clipboard-write; encrypted-media; gyroscope; picture-in-picture; web-share\" allowfullscreen><\/iframe><\/p>\n<p>&nbsp;<\/p>\n<hr \/>\n<p>&nbsp;<\/p>\n<blockquote>\n<h3>L&#8217;AMORE PER BONO GUSTANDO LA TORTA DI COMPLEANNO<\/h3>\n<\/blockquote>\n<div>\n<p><strong>REDAZIONE<\/strong> Anche questo \u00e8 un modo per esprimere il grande affetto verso\u00a0<b>Bono<\/b>, ovvero Paul David Hewson,\u00a0 nato il 10 maggio 1960 a Dublino.\u00a0 Soprannominato <b>Bono<\/b> Vox dagli amici, i ragazzi ribelli del quartiere in cui \u00e8 cresciuto. Sessantadueanni ben portati e un alone d&#8217;amore sparso per il mondo. fino a Ponte nelle Alpi dove Stefy Bortoluzzi anche quest&#8217;anno ha preparato in suo onore la mega torta. Gliela spedirai? <em>&#8220;Magari . No come ogni anno me la mangio. ma soprattutto tanti auguri Bono&#8221;<\/em><\/p>\n<\/div>\n<p>&nbsp;<\/p>\n<p><a class=\"dt-pswp-item\" href=\"https:\/\/www.radiopiu.net\/wordpress\/wp-content\/uploads\/2022\/05\/b385cf17-8354-4498-a771-3d82c1fc9486.jpg\" data-dt-img-description=\"\" data-large_image_width=\"1600\" data-large_image_height=\"1200\"><img loading=\"lazy\" decoding=\"async\" class=\"size-medium wp-image-335231 aligncenter\" src=\"https:\/\/www.radiopiu.net\/wordpress\/wp-content\/uploads\/2022\/05\/b385cf17-8354-4498-a771-3d82c1fc9486-300x225.jpg\" alt=\"\" width=\"300\" height=\"225\" srcset=\"https:\/\/www.radiopiu.net\/wordpress\/wp-content\/uploads\/2022\/05\/b385cf17-8354-4498-a771-3d82c1fc9486-300x225.jpg 300w, https:\/\/www.radiopiu.net\/wordpress\/wp-content\/uploads\/2022\/05\/b385cf17-8354-4498-a771-3d82c1fc9486-1024x768.jpg 1024w, https:\/\/www.radiopiu.net\/wordpress\/wp-content\/uploads\/2022\/05\/b385cf17-8354-4498-a771-3d82c1fc9486-768x576.jpg 768w, https:\/\/www.radiopiu.net\/wordpress\/wp-content\/uploads\/2022\/05\/b385cf17-8354-4498-a771-3d82c1fc9486-1536x1152.jpg 1536w, https:\/\/www.radiopiu.net\/wordpress\/wp-content\/uploads\/2022\/05\/b385cf17-8354-4498-a771-3d82c1fc9486.jpg 1600w\" sizes=\"auto, (max-width: 300px) 100vw, 300px\" \/><\/a><\/p>\n<p>&nbsp;<\/p>\n<hr \/>\n<p>&nbsp;<\/p>\n<h3><strong><a class=\"dt-pswp-item\" href=\"https:\/\/www.radiopiu.net\/wordpress\/wp-content\/uploads\/2022\/01\/Sergio-Pra.jpg\" data-dt-img-description=\"\" data-large_image_width=\"211\" data-large_image_height=\"300\"><img loading=\"lazy\" decoding=\"async\" class=\" wp-image-253233 alignleft\" src=\"https:\/\/www.radiopiu.net\/wordpress\/wp-content\/uploads\/2022\/01\/Sergio-Pra.jpg\" alt=\"\" width=\"116\" height=\"165\" \/><\/a><\/strong><span style=\"color: #3366ff;\">ALLEGHE FUNIVIE: IL PUNTO SULLA STAGIONE APPENA CONCLUSA E I PROGRAMMI PER L&#8217;ESTATE<\/span><\/h3>\n<p><strong>di Mirko Mezzacasa<\/strong><\/p>\n<p>OSPITE: Sergio Pra, Presidente di Alleghe Funivie<\/p>\n<audio class=\"wp-audio-shortcode\" id=\"audio-335218-19\" preload=\"none\" style=\"width: 100%;\" controls=\"controls\"><source type=\"audio\/mpeg\" src=\"https:\/\/www.radiopiu.net\/wordpress\/wp-content\/uploads\/2023\/05\/SERGIO-PRA-ESTATE.mp3?_=19\" \/><a href=\"https:\/\/www.radiopiu.net\/wordpress\/wp-content\/uploads\/2023\/05\/SERGIO-PRA-ESTATE.mp3\">https:\/\/www.radiopiu.net\/wordpress\/wp-content\/uploads\/2023\/05\/SERGIO-PRA-ESTATE.mp3<\/a><\/audio>\n<p>&nbsp;<\/p>\n<p>&nbsp;<\/p>\n<p>&nbsp;<\/p>\n<hr \/>\n<p>&nbsp;<\/p>\n<div dir=\"auto\">\n<div class=\"message spoilers-container\" dir=\"auto\">\n<div>\n<div class=\"b654a4as d2edcug0\">\n<div class=\"rq0escxv hkbzh7o3 jwdofwj8 n8tt0mok r8blr3vg hyh9befq\">\n<p><a class=\"dt-pswp-item\" href=\"https:\/\/www.radiopiu.net\/wordpress\/wp-content\/uploads\/2020\/10\/pp.jpg\" data-dt-img-description=\"\" data-large_image_width=\"640\" data-large_image_height=\"640\"><img loading=\"lazy\" decoding=\"async\" class=\"wp-image-163678 alignleft\" src=\"https:\/\/www.radiopiu.net\/wordpress\/wp-content\/uploads\/2020\/10\/pp-300x300.jpg\" alt=\"\" width=\"106\" height=\"106\" srcset=\"https:\/\/www.radiopiu.net\/wordpress\/wp-content\/uploads\/2020\/10\/pp-300x300.jpg 300w, https:\/\/www.radiopiu.net\/wordpress\/wp-content\/uploads\/2020\/10\/pp-150x150.jpg 150w, https:\/\/www.radiopiu.net\/wordpress\/wp-content\/uploads\/2020\/10\/pp-125x125.jpg 125w, https:\/\/www.radiopiu.net\/wordpress\/wp-content\/uploads\/2020\/10\/pp-200x200.jpg 200w, https:\/\/www.radiopiu.net\/wordpress\/wp-content\/uploads\/2020\/10\/pp-80x80.jpg 80w, https:\/\/www.radiopiu.net\/wordpress\/wp-content\/uploads\/2020\/10\/pp-480x480.jpg 480w, https:\/\/www.radiopiu.net\/wordpress\/wp-content\/uploads\/2020\/10\/pp.jpg 640w\" sizes=\"auto, (max-width: 106px) 100vw, 106px\" \/><\/a><\/p>\n<\/div>\n<\/div>\n<\/div>\n<\/div>\n<div class=\"message spoilers-container\" dir=\"auto\">\n<div>\n<div class=\"page-title-head hgroup\">\n<div class=\"page-title-head hgroup\">\n<div class=\"b654a4as d2edcug0\">\n<div class=\"j83agx80 btwxx1t3 lhclo0ds hop8lmos nkwizq5d scwd0bx6 roh60bw9\">\n<div class=\"rq0escxv hkbzh7o3 jwdofwj8 n8tt0mok r8blr3vg hyh9befq\">\n<div class=\"do00u71z l9j0dhe7 k4urcfbm\" style=\"text-align: left;\">\n<h2><span style=\"color: #000080;\">DON CESARE, IL PENSIERO DEL GIORNO. ALLA RADIO ALLE 7 DEL MATTINO E ALLE 19.30 DELLA SERA<\/span><\/h2>\n<audio class=\"wp-audio-shortcode\" id=\"audio-335218-20\" preload=\"none\" style=\"width: 100%;\" controls=\"controls\"><source type=\"audio\/mpeg\" src=\"https:\/\/www.radiopiu.net\/wordpress\/wp-content\/uploads\/2023\/05\/CESARE-8.mp3?_=20\" \/><a href=\"https:\/\/www.radiopiu.net\/wordpress\/wp-content\/uploads\/2023\/05\/CESARE-8.mp3\">https:\/\/www.radiopiu.net\/wordpress\/wp-content\/uploads\/2023\/05\/CESARE-8.mp3<\/a><\/audio>\n<\/div>\n<p>&nbsp;<\/p>\n<div class=\"do00u71z l9j0dhe7 k4urcfbm\" style=\"text-align: left;\">\n<h2 style=\"text-align: left;\"><span style=\"color: #ff0000;\"><span style=\"vertical-align: inherit;\"><a class=\"dt-pswp-item\" href=\"https:\/\/www.radiopiu.net\/wordpress\/wp-content\/uploads\/2023\/04\/e0aad41d-951e-47b9-9fae-1a879a9bcb7e-1.jpg\" data-dt-img-description=\"\" data-large_image_width=\"1200\" data-large_image_height=\"1200\"><img loading=\"lazy\" decoding=\"async\" class=\"wp-image-333205 aligncenter\" src=\"https:\/\/www.radiopiu.net\/wordpress\/wp-content\/uploads\/2023\/04\/e0aad41d-951e-47b9-9fae-1a879a9bcb7e-1-300x300.jpg\" alt=\"\" width=\"227\" height=\"227\" srcset=\"https:\/\/www.radiopiu.net\/wordpress\/wp-content\/uploads\/2023\/04\/e0aad41d-951e-47b9-9fae-1a879a9bcb7e-1-300x300.jpg 300w, https:\/\/www.radiopiu.net\/wordpress\/wp-content\/uploads\/2023\/04\/e0aad41d-951e-47b9-9fae-1a879a9bcb7e-1-1024x1024.jpg 1024w, https:\/\/www.radiopiu.net\/wordpress\/wp-content\/uploads\/2023\/04\/e0aad41d-951e-47b9-9fae-1a879a9bcb7e-1-150x150.jpg 150w, https:\/\/www.radiopiu.net\/wordpress\/wp-content\/uploads\/2023\/04\/e0aad41d-951e-47b9-9fae-1a879a9bcb7e-1-768x768.jpg 768w, https:\/\/www.radiopiu.net\/wordpress\/wp-content\/uploads\/2023\/04\/e0aad41d-951e-47b9-9fae-1a879a9bcb7e-1.jpg 1200w\" sizes=\"auto, (max-width: 227px) 100vw, 227px\" \/><\/a><\/span><\/span><\/h2>\n<\/div>\n<\/div>\n<\/div>\n<\/div>\n<\/div>\n<\/div>\n<\/div>\n<\/div>\n<div class=\"message spoilers-container\" dir=\"auto\">\n<h2><span style=\"color: #ff00ff;\">IN VIVO VERSO\u00a0 \u00a0<\/span><\/h2>\n<blockquote>\n<h2>COME ALLORA di LORELLA DE BON<\/h2>\n<\/blockquote>\n<p><strong>AUDIO<\/strong><\/p>\n<audio class=\"wp-audio-shortcode\" id=\"audio-335218-21\" preload=\"none\" style=\"width: 100%;\" controls=\"controls\"><source type=\"audio\/mpeg\" src=\"https:\/\/www.radiopiu.net\/wordpress\/wp-content\/uploads\/2023\/05\/03-LORELLA-DE-BON-LA-CASA.mp3?_=21\" \/><a href=\"https:\/\/www.radiopiu.net\/wordpress\/wp-content\/uploads\/2023\/05\/03-LORELLA-DE-BON-LA-CASA.mp3\">https:\/\/www.radiopiu.net\/wordpress\/wp-content\/uploads\/2023\/05\/03-LORELLA-DE-BON-LA-CASA.mp3<\/a><\/audio>\n<p>&nbsp;<\/p>\n<p><strong><img loading=\"lazy\" decoding=\"async\" class=\"alignleft\" src=\"https:\/\/www.radiopiu.net\/wordpress\/wp-content\/uploads\/2023\/05\/LORELLA-DE-BON-FOTO.jpg\" width=\"138\" height=\"138\" \/>Lorella De Bon <\/strong><br \/>\n<strong>COME ALLORA<\/strong><\/p>\n<p>La casa ha i suoi anni, nella testa i miei<br \/>\ncome fiori nel vaso, gialli e tanti, tanti<br \/>\na fare festa nel prato, nel vento, e il sole<br \/>\nnon c&#8217;\u00e8, in disparte guarda l&#8217;acqua scendere.<br \/>\nSono quella che ho potuto in quegli anni,<br \/>\nlontane le bombe, gli spari, io di fronte<br \/>\nal rumore del mare, l&#8217;ansia di una madre<br \/>\nsulla schiena piccola, gli occhi del padre<br \/>\nnel fianco, lo sguardo perduto laggi\u00f9.<br \/>\nCi\u00f2 che sono adesso mi ricorda, \u00e8 l&#8217;eco<br \/>\ndi quei giorni a tenere su le ossa, la carne<br \/>\na cui voglio bene e che si rompe allo specchio.<br \/>\nCerco sempre di vedermi come allora,<br \/>\ne sempre meno ci riesco.<\/p>\n<p><strong>LA RACCOLTA COMPLETA<\/strong><\/p>\n<\/div>\n<div class=\"message spoilers-container\" dir=\"auto\">\n<blockquote class=\"wp-embedded-content\" data-secret=\"ZpWRVrwIh5\"><p><a href=\"https:\/\/www.radiopiu.net\/wordpress\/in-vivo-verso\/\">In Vivo Verso<\/a><\/p><\/blockquote>\n<p><iframe loading=\"lazy\" class=\"wp-embedded-content\" sandbox=\"allow-scripts\" security=\"restricted\" style=\"position: absolute; clip: rect(1px, 1px, 1px, 1px);\" title=\"&#8220;In Vivo Verso&#8221; &#8212; Radio Pi\u00f9\" src=\"https:\/\/www.radiopiu.net\/wordpress\/in-vivo-verso\/embed\/#?secret=NbiAp1OxVA#?secret=ZpWRVrwIh5\" data-secret=\"ZpWRVrwIh5\" width=\"600\" height=\"338\" frameborder=\"0\" marginwidth=\"0\" marginheight=\"0\" scrolling=\"no\"><\/iframe><\/p>\n<\/div>\n<p>&nbsp;<\/p>\n<p>&nbsp;<\/p>\n<p>&nbsp;<\/p>\n<hr \/>\n<p>&nbsp;<\/p>\n<div class=\"message spoilers-container\" dir=\"auto\">\n<h2><span style=\"color: #008080;\">GOCCE DI FILOSOFIA\u00a0\u00a0<\/span><\/h2>\n<p><strong>PUNTATA 308 &#8211; CHIARA CAU &#8211; TERZA STAGIONE<\/strong><\/p>\n<audio class=\"wp-audio-shortcode\" id=\"audio-335218-22\" preload=\"none\" style=\"width: 100%;\" controls=\"controls\"><source type=\"audio\/mpeg\" src=\"https:\/\/www.radiopiu.net\/wordpress\/wp-content\/uploads\/2023\/05\/FI3-1.mp3?_=22\" \/><a href=\"https:\/\/www.radiopiu.net\/wordpress\/wp-content\/uploads\/2023\/05\/FI3-1.mp3\">https:\/\/www.radiopiu.net\/wordpress\/wp-content\/uploads\/2023\/05\/FI3-1.mp3<\/a><\/audio>\n<p>&nbsp;<\/p>\n<\/div>\n<blockquote>\n<div class=\"message spoilers-container\" dir=\"auto\">\n<p><strong>LA RACCOLTA COMPLETA<\/strong><\/p>\n<\/div>\n<\/blockquote>\n<div class=\"message spoilers-container\" dir=\"auto\">\n<blockquote class=\"wp-embedded-content\" data-secret=\"gI0bnnnkWJ\"><p><a href=\"https:\/\/www.radiopiu.net\/wordpress\/gocce-filosofia\/\">Gocce di filosofia,  LA TERZA STAGIONE&#8230; 2023<\/a><\/p><\/blockquote>\n<p><iframe loading=\"lazy\" class=\"wp-embedded-content\" sandbox=\"allow-scripts\" security=\"restricted\" style=\"position: absolute; clip: rect(1px, 1px, 1px, 1px);\" title=\"&#8220;Gocce di filosofia,  LA TERZA STAGIONE&#8230; 2023&#8221; &#8212; Radio Pi\u00f9\" src=\"https:\/\/www.radiopiu.net\/wordpress\/gocce-filosofia\/embed\/#?secret=SpXxjmfjmO#?secret=gI0bnnnkWJ\" data-secret=\"gI0bnnnkWJ\" width=\"600\" height=\"338\" frameborder=\"0\" marginwidth=\"0\" marginheight=\"0\" scrolling=\"no\"><\/iframe><\/p>\n<\/div>\n<p>&nbsp;<\/p>\n<p>&nbsp;<\/p>\n<div class=\"message spoilers-container\" dir=\"auto\">\n<hr \/>\n<p>&nbsp;<\/p>\n<\/div>\n<div class=\"message spoilers-container\" dir=\"auto\">\n<div class=\"column\">\n<p><img loading=\"lazy\" decoding=\"async\" class=\"aligncenter wp-image-61954 size-full\" src=\"https:\/\/www.radiopiu.net\/wordpress\/wp-content\/uploads\/2018\/09\/viabilita.jpeg\" sizes=\"auto, (max-width: 800px) 100vw, 800px\" srcset=\"https:\/\/www.radiopiu.net\/wordpress\/wp-content\/uploads\/2018\/09\/viabilita.jpeg 800w, https:\/\/www.radiopiu.net\/wordpress\/wp-content\/uploads\/2018\/09\/viabilita-300x38.jpeg 300w, https:\/\/www.radiopiu.net\/wordpress\/wp-content\/uploads\/2018\/09\/viabilita-768x96.jpeg 768w\" alt=\"\" width=\"800\" height=\"100\" \/><\/p>\n<\/div>\n<\/div>\n<div class=\"message spoilers-container\" dir=\"auto\">\n<div class=\"column\">\n<p>&nbsp;<\/p>\n<\/div>\n<\/div>\n<div class=\"message spoilers-container\" dir=\"auto\">\n<div class=\"column\">\n<div dir=\"ltr\">\n<div class=\"gmail_quote\">\n<div dir=\"ltr\">\n<div class=\"gmail_quote\">\n<blockquote class=\"wp-embedded-content\" data-secret=\"KDt1DuFb1R\"><p><a href=\"https:\/\/www.radiopiu.net\/wordpress\/viabilita\/\">viabilita<\/a><\/p><\/blockquote>\n<p><iframe loading=\"lazy\" class=\"wp-embedded-content\" sandbox=\"allow-scripts\" security=\"restricted\" style=\"position: absolute; clip: rect(1px, 1px, 1px, 1px);\" title=\"&#8220;viabilita&#8221; &#8212; Radio Pi\u00f9\" src=\"https:\/\/www.radiopiu.net\/wordpress\/viabilita\/embed\/#?secret=y5q1oXTiMO#?secret=KDt1DuFb1R\" data-secret=\"KDt1DuFb1R\" width=\"600\" height=\"338\" frameborder=\"0\" marginwidth=\"0\" marginheight=\"0\" scrolling=\"no\"><\/iframe><\/p>\n<\/div>\n<\/div>\n<\/div>\n<\/div>\n<\/div>\n<\/div>\n<div class=\"message spoilers-container\" dir=\"auto\">\n<div class=\"column\">\n<div>\n<div dir=\"ltr\">\n<div class=\"gmail_quote\">\n<div dir=\"ltr\">\n<div><\/div>\n<\/div>\n<\/div>\n<\/div>\n<\/div>\n<hr \/>\n<p>&nbsp;<\/p>\n<p><a class=\"dt-pswp-item\" href=\"https:\/\/www.radiopiu.net\/wordpress\/wp-content\/uploads\/2018\/09\/WhatsApp-Image-2018-09-20-at-16.04.06.jpeg\" data-dt-img-description=\"\" data-large_image_width=\"800\" data-large_image_height=\"100\"><img loading=\"lazy\" decoding=\"async\" class=\"wp-image-61378 size-full aligncenter\" src=\"https:\/\/www.radiopiu.net\/wordpress\/wp-content\/uploads\/2018\/09\/WhatsApp-Image-2018-09-20-at-16.04.06.jpeg\" alt=\"\" width=\"800\" height=\"100\" srcset=\"https:\/\/www.radiopiu.net\/wordpress\/wp-content\/uploads\/2018\/09\/WhatsApp-Image-2018-09-20-at-16.04.06.jpeg 800w, https:\/\/www.radiopiu.net\/wordpress\/wp-content\/uploads\/2018\/09\/WhatsApp-Image-2018-09-20-at-16.04.06-300x38.jpeg 300w, https:\/\/www.radiopiu.net\/wordpress\/wp-content\/uploads\/2018\/09\/WhatsApp-Image-2018-09-20-at-16.04.06-768x96.jpeg 768w\" sizes=\"auto, (max-width: 800px) 100vw, 800px\" \/><\/a><\/p>\n<\/div>\n<\/div>\n<div class=\"message spoilers-container\" dir=\"auto\"><center><strong>\u00a0<\/strong><\/center><center><\/center><center><\/center><\/div>\n<p><center><\/center><center><b>OGGI<\/b><\/center><b>Tempo atteso: <\/b>Perdurare del maltempo con cielo coperto e precipitazioni diffuse e persistenti. L&#8217;apice dei fenomeni sar\u00e0 nel corso della prossima notte e parte del mattino. Da met\u00e0 pomeriggio in poi ci sar\u00e0 un&#8217;attenuazione della nuvolosit\u00e0 sulle Prealpi occidentali, con esaurimento dei fenomeni, mentre altrove il tempo continuer\u00e0 a essere in parte perturbato, in maniera sempre pi\u00f9 attenuata.<br \/>\n<b>Precipitazioni: <\/b>Probabilit\u00e0 molto alta (90-100%) di moderate e continue precipitazioni, nevose oltre i 1600-1700 m, localmente a quote pi\u00f9 basse al mattino (temporaneamente 1400-1500 m), limite in lieve rialzo al pomeriggio.<br \/>\n<b>Temperature: <\/b>In generale lieve calo a tutte le quote, in maniera pi\u00f9 sensibile sulle Prealpi<\/p>\n<hr \/>\n<p><center><b>DOMANI<\/b><\/center><b>Tempo atteso: <\/b>Al mattino cielo coperto con qualche residua precipitazione. In seguito temporanea fase di variabilit\u00e0, prima che il tempo torni a essere instabile al pomeriggio, specie sulle Prealpi.<br \/>\n<b>Precipitazioni: <\/b>L&#8217;instabilit\u00e0 e il rischio di fenomeni saranno maggiori sulle Prealpi (70-80%) rispetto alle Dolomiti (40-60%).<br \/>\n<b>Temperature: <\/b>Minime pressoch\u00e9 stazionarie o in leggero aumento, massime in lieve ripresa.<\/p>\n<hr \/>\n<p><center><b>SABATO<\/b><\/center>Situazione simile a venerd\u00ec con variabilit\u00e0 iniziale e qualche chance di schiarite in pi\u00f9 sulle Dolomiti e molte nubi sulle Prealpi, dove l&#8217;instabilit\u00e0 pomeridiana sar\u00e0 maggiore rispetto al settore dolomitico. Come venerd\u00ec, il rischio di rovesci e temporali sar\u00e0 alto sulle Prealpi, mentre il rischio sar\u00e0 molto pi\u00f9 contenuto sulle Dolomiti. Temperature minime pressoch\u00e9 stazionarie nelle valli e in calo in quota, massime in generale lieve aumento.<\/p>\n<hr \/>\n<p><center><b>DOMENICA<\/b><\/center>Nuovo graduale peggioramento del tempo che risulter\u00e0 in parte perturbato. Le precipitazioni, la cui entit\u00e0 rimarr\u00e0 da definire, saranno a tratti diffuse. Temperature minime in leggero aumento e massime in diminuzione.<\/p>\n<p>&nbsp;<\/p>\n<p>&nbsp;<\/p>\n<\/div>\n<div class=\"message spoilers-container\" dir=\"auto\">\n<hr \/>\n<p>&nbsp;<\/p>\n<p><a class=\"dt-pswp-item\" href=\"https:\/\/www.radiopiu.net\/wordpress\/wp-content\/uploads\/2018\/09\/sport.jpg\" data-dt-img-description=\"\" data-large_image_width=\"800\" data-large_image_height=\"100\"><img loading=\"lazy\" decoding=\"async\" class=\"aligncenter wp-image-60761 size-full\" src=\"https:\/\/www.radiopiu.net\/wordpress\/wp-content\/uploads\/2018\/09\/sport.jpg\" alt=\"\" width=\"800\" height=\"100\" srcset=\"https:\/\/www.radiopiu.net\/wordpress\/wp-content\/uploads\/2018\/09\/sport.jpg 800w, https:\/\/www.radiopiu.net\/wordpress\/wp-content\/uploads\/2018\/09\/sport-300x38.jpg 300w, https:\/\/www.radiopiu.net\/wordpress\/wp-content\/uploads\/2018\/09\/sport-768x96.jpg 768w\" sizes=\"auto, (max-width: 800px) 100vw, 800px\" \/><\/a><\/p>\n<\/div>\n<div class=\"message spoilers-container\" dir=\"auto\">\n<p>&nbsp;<\/p>\n<p><span style=\"color: #0000ff;\"><strong>MOTORI\u00a0<\/strong><\/span><\/p>\n<blockquote>\n<h2>CARRERA CUP-PRIMO ROUND, LA RIMONTA DI ANDREA FONTANA<\/h2>\n<\/blockquote>\n<blockquote>\n<h3><span class=\"\"><strong class=\"\">SHOW\u00a0 DEL PILOTA PONTALPINO NELLA PRIMA TAPPA DEL PORSCHE CARRERA CUP ITALIA<\/strong><\/span><\/h3>\n<\/blockquote>\n<p><em>Il pilota di Ponte nelle Alpi, nonostante una qualifica sfortunata, conquista risultati di rilievo e attira l&#8217;atenzione mediatica.<\/em><\/p>\n<p><strong><a class=\"dt-pswp-item\" href=\"https:\/\/www.radiopiu.net\/wordpress\/wp-content\/uploads\/2023\/05\/Senza-nome-36.jpg\" data-dt-img-description=\"\" data-large_image_width=\"506\" data-large_image_height=\"265\"><img loading=\"lazy\" decoding=\"async\" class=\"size-medium wp-image-335275 alignleft\" src=\"https:\/\/www.radiopiu.net\/wordpress\/wp-content\/uploads\/2023\/05\/Senza-nome-36-300x157.jpg\" alt=\"\" width=\"300\" height=\"157\" srcset=\"https:\/\/www.radiopiu.net\/wordpress\/wp-content\/uploads\/2023\/05\/Senza-nome-36-300x157.jpg 300w, https:\/\/www.radiopiu.net\/wordpress\/wp-content\/uploads\/2023\/05\/Senza-nome-36.jpg 506w\" sizes=\"auto, (max-width: 300px) 100vw, 300px\" \/><\/a>MISANO<\/strong> L&#8217;ACI Racing weekend al Misano World Circuit Marco Simoncelli ha visto il talentuoso pilota bellunese Andrea Fontana emergere come uno dei protagonisti nella competitiva Porsche Carrera Cup Italia 2023. Nonostante una qualifica compromessa a causa del traffico che lo ha relegato rispettivamente al 17\u00b0 e al 14\u00b0 posto nelle Gare 1 e 2, Fontana \u00e8 stato in grado di evitare contatti nelle fasi caotiche della gara e ha brillato con numerosi sorpassi, offrendo un vero spettacolo nel campionato monomarca di Stoccarda, che lo ha visto protagonista anche nelle dirette televisive. Il pilota di Ponte nelle Alpi, che quest&#8217;anno difende i colori del team Ebimotors di Enrico Borghi, ha dimostrato grande determinazione e abilit\u00e0 nella rimonta, piazzandosi rispettivamente al decimo e all&#8217;undicesimo posto nelle due gare. Nonostante ci sia ancora del lavoro da fare per limare qualche decimo sul giro, il suo spirito combattivo lo porter\u00e0 sicuramente a ottenere buoni risultati nel corso della stagione. Il circus della Porsche Carrera Cup Italia si sposter\u00e0 ora a Vallelunga per le gare 3 e 4 della stagione 2023, che si svolgeranno nel fine settimana del 9-11 giugno. Fontana avr\u00e0 l&#8217;opportunit\u00e0 di mettersi ulteriormente in mostra e dimostrare il suo valore in pista.<\/p>\n<div class=\"group w-full text-gray-800 dark:text-gray-100 border-b border-black\/10 dark:border-gray-900\/50 bg-gray-50 dark:bg-[#444654]\">\n<div class=\"flex p-4 gap-4 text-base md:gap-6 md:max-w-2xl lg:max-w-xl xl:max-w-3xl md:py-6 lg:px-0 m-auto\">\n<div class=\"relative flex flex-col w-[calc(100%-50px)] gap-1 md:gap-3 lg:w-[calc(100%-115px)]\">\n<div class=\"flex flex-grow flex-col gap-3\">\n<div class=\"min-h-[20px] flex flex-col items-start gap-4 whitespace-pre-wrap break-words\">\n<div class=\"markdown prose w-full break-words dark:prose-invert light\">\n<p class=\"\"><strong><span class=\"\">Andrea Fontana: <\/span><\/strong><em class=\"\">\u201cIl weekend \u00e8 iniziato in salita per noi perch\u00e8 purtroppo abbiamo sofferto un p\u00f2 la mancanza dei test pre-stagionali rispetto ai nostri avversari. Una qualifica un p\u00f2 sfortunata ci ha penalizzato in tutto il weekend dove in un campionato cos\u00ec competitivo non \u00e8 facile rimontare dal fondo, nonostante questo in gara siamo stati tra i protagonisti grazie a due ottime rimonte che mi hanno visto autore di molti sorpassi. Sar\u00e0 fondamentale ora lavorare sulla messa a punto della nostra Porsche 911 GT3 Cup per la qualifica che \u00e8 fondamentale in un campionato che quest&#8217;anno vede\u00a0il livello pi\u00f9 alto di sempre!&#8221;<\/em><\/p>\n<\/div>\n<\/div>\n<\/div>\n<\/div>\n<\/div>\n<\/div>\n<p>&nbsp;<\/p>\n<hr \/>\n<blockquote>\n<h3><\/h3>\n<h3>FILIPPO FANT CONCRETIZZA AL MEGLIO LA TRE GIORNI ROMAGNOLA<\/h3>\n<\/blockquote>\n<p><strong><img loading=\"lazy\" decoding=\"async\" class=\"alignleft\" src=\"https:\/\/www.radiopiu.net\/wordpress\/wp-content\/uploads\/2023\/05\/bc68ec92-928a-4f06-aae6-00daf03cce34-1.jpg\" width=\"236\" height=\"137\" \/>MASER<\/strong><\/p>\n<p>&nbsp;<\/p>\n<p>&nbsp;<\/p>\n<p>&nbsp;<\/p>\n<p>&nbsp;<\/p>\n<p><strong>DI ROBERTO BONA<\/strong><\/p>\n<audio class=\"wp-audio-shortcode\" id=\"audio-335218-23\" preload=\"none\" style=\"width: 100%;\" controls=\"controls\"><source type=\"audio\/mpeg\" src=\"https:\/\/www.radiopiu.net\/wordpress\/wp-content\/uploads\/2023\/05\/FilippoFant-1.mp3?_=23\" \/><a href=\"https:\/\/www.radiopiu.net\/wordpress\/wp-content\/uploads\/2023\/05\/FilippoFant-1.mp3\">https:\/\/www.radiopiu.net\/wordpress\/wp-content\/uploads\/2023\/05\/FilippoFant-1.mp3<\/a><\/audio>\n<p>&nbsp;<\/p>\n<p>&nbsp;<\/p>\n<hr \/>\n<p>&nbsp;<\/p>\n<p>&nbsp;<\/p>\n<blockquote>\n<h3>DENIS MEZZACASA ALLA SEAT IBIZA CUP<\/h3>\n<\/blockquote>\n<p><strong><img loading=\"lazy\" decoding=\"async\" class=\"alignleft\" src=\"https:\/\/www.radiopiu.net\/wordpress\/wp-content\/uploads\/2023\/05\/f2f7518b-7615-45b3-81fe-2741d4a6a78d-2.jpg\" width=\"209\" height=\"113\" \/>BELLUNO<\/strong><\/p>\n<p>&nbsp;<\/p>\n<p>&nbsp;<\/p>\n<p>&nbsp;<\/p>\n<p><strong>DI ROBERTO BONA<\/strong><\/p>\n<audio class=\"wp-audio-shortcode\" id=\"audio-335218-24\" preload=\"none\" style=\"width: 100%;\" controls=\"controls\"><source type=\"audio\/mpeg\" src=\"https:\/\/www.radiopiu.net\/wordpress\/wp-content\/uploads\/2023\/05\/DenisLevico.mp3?_=24\" \/><a href=\"https:\/\/www.radiopiu.net\/wordpress\/wp-content\/uploads\/2023\/05\/DenisLevico.mp3\">https:\/\/www.radiopiu.net\/wordpress\/wp-content\/uploads\/2023\/05\/DenisLevico.mp3<\/a><\/audio>\n<p>&nbsp;<\/p>\n<\/div>\n<\/div>\n","protected":false},"excerpt":{"rendered":"<p>ISCRIVITI AL NOSTRO CANALE\u00a0 YOUTUBE PER SEGUIRE IN DIRETTA I PRINCIPALI PROGRAMMI DI RADIO PIU&#8217; E LE FUTURE DIRETTE IN ESTERNA. PER ISCRIVERTI CLICCA QUI E PREMI\u00a0 &#8220;Iscriviti&#8221;\u00a0 \u00a0 \u00a0\u00a0 &nbsp; &nbsp; &nbsp; &nbsp; E anche STAMANE\u00a0 RADIOPIU si fa in QUATTRO\u00a0 per i suoi ascoltatori&#8230;. 1&#8230;. alle 805 COME DA 40 ANNI OGNI GIORNO&hellip;<\/p>\n","protected":false},"author":4,"featured_media":335261,"comment_status":"closed","ping_status":"closed","sticky":false,"template":"","format":"standard","meta":{"_monsterinsights_skip_tracking":false,"_monsterinsights_sitenote_active":false,"_monsterinsights_sitenote_note":"","_monsterinsights_sitenote_category":0,"footnotes":""},"categories":[51,86,49],"tags":[],"class_list":["post-335218","post","type-post","status-publish","format-standard","has-post-thumbnail","hentry","category-evidenza-top","category-gr","category-news-18","category-51","category-86","category-49","description-off"],"img_url":"https:\/\/www.radiopiu.net\/wordpress\/wp-content\/uploads\/2023\/05\/Campagna-fibromialgia_1.jpeg","_links":{"self":[{"href":"https:\/\/www.radiopiu.net\/wordpress\/wp-json\/wp\/v2\/posts\/335218","targetHints":{"allow":["GET"]}}],"collection":[{"href":"https:\/\/www.radiopiu.net\/wordpress\/wp-json\/wp\/v2\/posts"}],"about":[{"href":"https:\/\/www.radiopiu.net\/wordpress\/wp-json\/wp\/v2\/types\/post"}],"author":[{"embeddable":true,"href":"https:\/\/www.radiopiu.net\/wordpress\/wp-json\/wp\/v2\/users\/4"}],"replies":[{"embeddable":true,"href":"https:\/\/www.radiopiu.net\/wordpress\/wp-json\/wp\/v2\/comments?post=335218"}],"version-history":[{"count":0,"href":"https:\/\/www.radiopiu.net\/wordpress\/wp-json\/wp\/v2\/posts\/335218\/revisions"}],"wp:featuredmedia":[{"embeddable":true,"href":"https:\/\/www.radiopiu.net\/wordpress\/wp-json\/wp\/v2\/media\/335261"}],"wp:attachment":[{"href":"https:\/\/www.radiopiu.net\/wordpress\/wp-json\/wp\/v2\/media?parent=335218"}],"wp:term":[{"taxonomy":"category","embeddable":true,"href":"https:\/\/www.radiopiu.net\/wordpress\/wp-json\/wp\/v2\/categories?post=335218"},{"taxonomy":"post_tag","embeddable":true,"href":"https:\/\/www.radiopiu.net\/wordpress\/wp-json\/wp\/v2\/tags?post=335218"}],"curies":[{"name":"wp","href":"https:\/\/api.w.org\/{rel}","templated":true}]}}