{"id":335263,"date":"2023-05-10T12:55:00","date_gmt":"2023-05-10T10:55:00","guid":{"rendered":"https:\/\/www.radiopiu.net\/wordpress\/?p=335263"},"modified":"2023-05-10T12:55:00","modified_gmt":"2023-05-10T10:55:00","slug":"le-associazioni-feltrine-scrivono-una-lettera-aperta-sulla-sanita-locale","status":"publish","type":"post","link":"https:\/\/www.radiopiu.net\/wordpress\/le-associazioni-feltrine-scrivono-una-lettera-aperta-sulla-sanita-locale\/","title":{"rendered":"LE ASSOCIAZIONI FELTRINE SCRIVONO UNA LETTERA APERTA SULLA SANITA&#8217; LOCALE"},"content":{"rendered":"<p><strong><a class=\"dt-pswp-item\" href=\"https:\/\/www.radiopiu.net\/wordpress\/wp-content\/uploads\/2021\/06\/MEDICO.jpg\" data-dt-img-description=\"\" data-large_image_width=\"1920\" data-large_image_height=\"1440\"><img loading=\"lazy\" decoding=\"async\" class=\" wp-image-216887 alignleft\" src=\"https:\/\/www.radiopiu.net\/wordpress\/wp-content\/uploads\/2021\/06\/MEDICO-300x225.jpg\" alt=\"\" width=\"129\" height=\"97\" srcset=\"https:\/\/www.radiopiu.net\/wordpress\/wp-content\/uploads\/2021\/06\/MEDICO-300x225.jpg 300w, https:\/\/www.radiopiu.net\/wordpress\/wp-content\/uploads\/2021\/06\/MEDICO-1024x768.jpg 1024w, https:\/\/www.radiopiu.net\/wordpress\/wp-content\/uploads\/2021\/06\/MEDICO-768x576.jpg 768w, https:\/\/www.radiopiu.net\/wordpress\/wp-content\/uploads\/2021\/06\/MEDICO-1536x1152.jpg 1536w, https:\/\/www.radiopiu.net\/wordpress\/wp-content\/uploads\/2021\/06\/MEDICO.jpg 1920w\" sizes=\"auto, (max-width: 129px) 100vw, 129px\" \/><\/a>FELTRE<\/strong> Le associazioni feltrine Famiglia Feltrina, Mano Amica, Il Filo di Arianna, Rotary Club Feltre, Lions Club Feltre Castello di Alboino\u00a0 e Feltre Host e Leo Club Feltre hanno scritto una lettera aperta sul tema della\u00a0sanit\u00e0 locale e, in\u00a0particolare,\u00a0la prossima nomina della nuova direzione generale dell&#8217;ULSS 1 &#8220;Dolomiti&#8221;.<\/p>\n<p><strong>IL PRESIDENTE DI FAMIGLIA FELTRINA ENRICO GAZ<\/strong><\/p>\n<audio class=\"wp-audio-shortcode\" id=\"audio-335263-1\" preload=\"none\" style=\"width: 100%;\" controls=\"controls\"><source type=\"audio\/mpeg\" src=\"https:\/\/www.radiopiu.net\/wordpress\/wp-content\/uploads\/2023\/05\/Audio-Int.-Gaz-su-nota-sanita-bellunese.mp3?_=1\" \/><a href=\"https:\/\/www.radiopiu.net\/wordpress\/wp-content\/uploads\/2023\/05\/Audio-Int.-Gaz-su-nota-sanita-bellunese.mp3\">https:\/\/www.radiopiu.net\/wordpress\/wp-content\/uploads\/2023\/05\/Audio-Int.-Gaz-su-nota-sanita-bellunese.mp3<\/a><\/audio>\n<p>&nbsp;<\/p>\n<p><strong>LA LETTERA<\/strong><\/p>\n<p>Le Associazioni scriventi hanno da tempo avviato una comune riflessione sulla situazione della sanit\u00e0 locale. In una lettera aperta presentata lo scorso inverno \u00e8 stato evidenziato come sarebbe illusorio immaginare che le criticit\u00e0 attuali cessino con la fine della pandemia. Di fatto, stiamo gi\u00e0 continuando a vivere un\u2019altra \u201cepidemia\u201d, data dall\u2019invecchiamento della popolazione, dallo spopolamento e dal calo delle nascite, con la conseguente esplosione della cronicit\u00e0 e dei problemi ad essa correlati. Il nostro territorio, demograficamente fragile ed oro-geograficamente disagiato, rappresenta una frontiera di questo \u201ccontagio\u201d. Risulta quindi indispensabile ripensare in modo profondo l\u2019attuale organizzazione socio-sanitaria, per renderla pi\u00f9 coerente con i reali bisogni della popolazione. Il nostro territorio, proprio per le sue consolidate e irrisolvibili criticit\u00e0, dovrebbe diventare spazio di sperimentazione di nuovi modelli assistenziali, pi\u00f9 incentrati sulla persona, meno orientati al \u201csanitario con erogazione di prestazioni\u201d, e pi\u00f9 rivolti alla \u201csalute e benessere dei singoli e della collettivit\u00e0\u201d. La prossima nomina di una nuova Direzione Generale rappresenta l\u2019occasione per scelte coerenti con queste pressanti esigenze, le quali richiedono un approccio comunitario nelle risposte, dove le attivit\u00e0 non siano pi\u00f9 mirate unicamente alla diagnosi e alla cura dei singoli, ma anche alla valorizzazione di tutte le risorse locali, sociali, scolastiche, lavorative, associative, di vicinato, per promuovere la salute nei luoghi di vita, per gestire le cronicit\u00e0, avvalendosi di varie forme di collaborazione e cooperazione, in modo da contrastare le diseguaglianze in salute con la promozione di una diffusa sensibilit\u00e0 sociale. In quest\u2019ottica, per far s\u00ec che gli auspici portino ad una accelerazione importante di un percorso troppo spesso solo annunciato, riteniamo indispensabile che la responsabilit\u00e0 apicale dell\u2019Azienda sanitaria sia affidata a dirigenti che ben conoscano le specificit\u00e0 del nostro territorio e la cui formazione professionale attesti una effettiva conoscenza delle peculiarit\u00e0 proprie della sanit\u00e0 in montagna. Per costruire, entro gli ospedali e nel territorio, una sanit\u00e0 attenta e partecipe ai bisogni delle persone e delle comunit\u00e0 di montagna diventa imprescindibile che le istituzioni sanitarie locali trovino una guida radicata nel territorio e di provata e reale conoscenza di quanto lo caratterizza. A sostegno e supporto delle istituzioni, in questo momento di importante trasformazione, rivolgiamo pertanto questo pubblico appello confidando in un suo seguito concreto.<\/p>\n<p>&nbsp;<\/p>\n<p>&nbsp;<\/p>\n<p>*******<\/p>\n","protected":false},"excerpt":{"rendered":"<p>FELTRE Le associazioni feltrine Famiglia Feltrina, Mano Amica, Il Filo di Arianna, Rotary Club Feltre, Lions Club Feltre Castello di Alboino\u00a0 e Feltre Host e Leo Club Feltre hanno scritto una lettera aperta sul tema della\u00a0sanit\u00e0 locale e, in\u00a0particolare,\u00a0la prossima nomina della nuova direzione generale dell&#8217;ULSS 1 &#8220;Dolomiti&#8221;. IL PRESIDENTE DI FAMIGLIA FELTRINA ENRICO GAZ&hellip;<\/p>\n","protected":false},"author":4,"featured_media":216887,"comment_status":"closed","ping_status":"closed","sticky":false,"template":"","format":"standard","meta":{"_monsterinsights_skip_tracking":false,"_monsterinsights_sitenote_active":false,"_monsterinsights_sitenote_note":"","_monsterinsights_sitenote_category":0,"footnotes":""},"categories":[51,49],"tags":[],"class_list":["post-335263","post","type-post","status-publish","format-standard","has-post-thumbnail","hentry","category-evidenza-top","category-news-18","category-51","category-49","description-off"],"img_url":"https:\/\/www.radiopiu.net\/wordpress\/wp-content\/uploads\/2021\/06\/MEDICO.jpg","_links":{"self":[{"href":"https:\/\/www.radiopiu.net\/wordpress\/wp-json\/wp\/v2\/posts\/335263","targetHints":{"allow":["GET"]}}],"collection":[{"href":"https:\/\/www.radiopiu.net\/wordpress\/wp-json\/wp\/v2\/posts"}],"about":[{"href":"https:\/\/www.radiopiu.net\/wordpress\/wp-json\/wp\/v2\/types\/post"}],"author":[{"embeddable":true,"href":"https:\/\/www.radiopiu.net\/wordpress\/wp-json\/wp\/v2\/users\/4"}],"replies":[{"embeddable":true,"href":"https:\/\/www.radiopiu.net\/wordpress\/wp-json\/wp\/v2\/comments?post=335263"}],"version-history":[{"count":0,"href":"https:\/\/www.radiopiu.net\/wordpress\/wp-json\/wp\/v2\/posts\/335263\/revisions"}],"wp:featuredmedia":[{"embeddable":true,"href":"https:\/\/www.radiopiu.net\/wordpress\/wp-json\/wp\/v2\/media\/216887"}],"wp:attachment":[{"href":"https:\/\/www.radiopiu.net\/wordpress\/wp-json\/wp\/v2\/media?parent=335263"}],"wp:term":[{"taxonomy":"category","embeddable":true,"href":"https:\/\/www.radiopiu.net\/wordpress\/wp-json\/wp\/v2\/categories?post=335263"},{"taxonomy":"post_tag","embeddable":true,"href":"https:\/\/www.radiopiu.net\/wordpress\/wp-json\/wp\/v2\/tags?post=335263"}],"curies":[{"name":"wp","href":"https:\/\/api.w.org\/{rel}","templated":true}]}}