{"id":335274,"date":"2023-05-10T15:56:28","date_gmt":"2023-05-10T13:56:28","guid":{"rendered":"https:\/\/www.radiopiu.net\/wordpress\/?p=335274"},"modified":"2023-05-11T06:08:45","modified_gmt":"2023-05-11T04:08:45","slug":"carrera-cup-primo-round-la-rimonta-di-andrea-fontana","status":"publish","type":"post","link":"https:\/\/www.radiopiu.net\/wordpress\/carrera-cup-primo-round-la-rimonta-di-andrea-fontana\/","title":{"rendered":"CARRERA CUP-PRIMO ROUND, LA RIMONTA DI ANDREA FONTANA"},"content":{"rendered":"<blockquote>\n<h3><span class=\"\"><strong class=\"\">SHOW\u00a0 DEL PILOTA PONTALPINO NELLA PRIMA TAPPA DEL PORSCHE CARRERA CUP ITALIA<\/strong><\/span><\/h3>\n<\/blockquote>\n<p><em>Il pilota di Ponte nelle Alpi, nonostante una qualifica sfortunata, conquista risultati di rilievo e attira l&#8217;atenzione mediatica.<\/em><\/p>\n<p><strong><a class=\"dt-pswp-item\" href=\"https:\/\/www.radiopiu.net\/wordpress\/wp-content\/uploads\/2023\/05\/Senza-nome-36.jpg\" data-dt-img-description=\"\" data-large_image_width=\"506\" data-large_image_height=\"265\"><img loading=\"lazy\" decoding=\"async\" class=\"size-medium wp-image-335275 alignleft\" src=\"https:\/\/www.radiopiu.net\/wordpress\/wp-content\/uploads\/2023\/05\/Senza-nome-36-300x157.jpg\" alt=\"\" width=\"300\" height=\"157\" srcset=\"https:\/\/www.radiopiu.net\/wordpress\/wp-content\/uploads\/2023\/05\/Senza-nome-36-300x157.jpg 300w, https:\/\/www.radiopiu.net\/wordpress\/wp-content\/uploads\/2023\/05\/Senza-nome-36.jpg 506w\" sizes=\"auto, (max-width: 300px) 100vw, 300px\" \/><\/a>MISANO<\/strong> L&#8217;ACI Racing weekend al Misano World Circuit Marco Simoncelli ha visto il talentuoso pilota bellunese Andrea Fontana emergere come uno dei protagonisti nella competitiva Porsche Carrera Cup Italia 2023. Nonostante una qualifica compromessa a causa del traffico che lo ha relegato rispettivamente al 17\u00b0 e al 14\u00b0 posto nelle Gare 1 e 2, Fontana \u00e8 stato in grado di evitare contatti nelle fasi caotiche della gara e ha brillato con numerosi sorpassi, offrendo un vero spettacolo nel campionato monomarca di Stoccarda, che lo ha visto protagonista anche nelle dirette televisive. Il pilota di Ponte nelle Alpi, che quest&#8217;anno difende i colori del team Ebimotors di Enrico Borghi, ha dimostrato grande determinazione e abilit\u00e0 nella rimonta, piazzandosi rispettivamente al decimo e all&#8217;undicesimo posto nelle due gare. Nonostante ci sia ancora del lavoro da fare per limare qualche decimo sul giro, il suo spirito combattivo lo porter\u00e0 sicuramente a ottenere buoni risultati nel corso della stagione. Il circus della Porsche Carrera Cup Italia si sposter\u00e0 ora a Vallelunga per le gare 3 e 4 della stagione 2023, che si svolgeranno nel fine settimana del 9-11 giugno. Fontana avr\u00e0 l&#8217;opportunit\u00e0 di mettersi ulteriormente in mostra e dimostrare il suo valore in pista.<\/p>\n<div class=\"group w-full text-gray-800 dark:text-gray-100 border-b border-black\/10 dark:border-gray-900\/50 bg-gray-50 dark:bg-[#444654]\">\n<div class=\"flex p-4 gap-4 text-base md:gap-6 md:max-w-2xl lg:max-w-xl xl:max-w-3xl md:py-6 lg:px-0 m-auto\">\n<div class=\"relative flex flex-col w-[calc(100%-50px)] gap-1 md:gap-3 lg:w-[calc(100%-115px)]\">\n<div class=\"flex flex-grow flex-col gap-3\">\n<div class=\"min-h-[20px] flex flex-col items-start gap-4 whitespace-pre-wrap break-words\">\n<div class=\"markdown prose w-full break-words dark:prose-invert light\">\n<p class=\"\"><strong><span class=\"\">Andrea Fontana: <\/span><\/strong><em class=\"\">\u201cIl weekend \u00e8 iniziato in salita per noi perch\u00e8 purtroppo abbiamo sofferto un p\u00f2 la mancanza dei test pre-stagionali rispetto ai nostri avversari. Una qualifica un p\u00f2 sfortunata ci ha penalizzato in tutto il weekend dove in un campionato cos\u00ec competitivo non \u00e8 facile rimontare dal fondo, nonostante questo in gara siamo stati tra i protagonisti grazie a due ottime rimonte che mi hanno visto autore di molti sorpassi. Sar\u00e0 fondamentale ora lavorare sulla messa a punto della nostra Porsche 911 GT3 Cup per la qualifica che \u00e8 fondamentale in un campionato che quest&#8217;anno vede\u00a0il livello pi\u00f9 alto di sempre!&#8221;<\/em><\/p>\n<\/div>\n<\/div>\n<\/div>\n<div class=\"flex justify-between lg:block\">\n<div class=\"text-xs flex items-center justify-center gap-1 self-center pt-2 !invisible\"><\/div>\n<div class=\"text-gray-400 flex self-end lg:self-center justify-center mt-2 gap-2 md:gap-3 lg:gap-1 lg:absolute lg:top-0 lg:translate-x-full lg:right-0 lg:mt-0 lg:pl-2 visible\">\n<p>&nbsp;<\/p>\n<div class=\"flex gap-1\"><\/div>\n<\/div>\n<\/div>\n<\/div>\n<\/div>\n<\/div>\n<div class=\"flex-1 overflow-hidden\">\n<div class=\"react-scroll-to-bottom--css-ebfhh-79elbk h-full dark:bg-gray-800\">\n<div class=\"react-scroll-to-bottom--css-ebfhh-1n7m0yu\">\n<div class=\"flex flex-col items-center text-sm dark:bg-gray-800\">\n<div class=\"group w-full text-gray-800 dark:text-gray-100 border-b border-black\/10 dark:border-gray-900\/50 bg-gray-50 dark:bg-[#444654]\">\n<div class=\"flex p-4 gap-4 text-base md:gap-6 md:max-w-2xl lg:max-w-xl xl:max-w-3xl md:py-6 lg:px-0 m-auto\">\n<div class=\"relative flex flex-col w-[calc(100%-50px)] gap-1 md:gap-3 lg:w-[calc(100%-115px)]\">\n<div class=\"flex justify-between lg:block\">\n<div class=\"text-xs flex items-center justify-center gap-1 self-center pt-2 !invisible\"><\/div>\n<\/div>\n<\/div>\n<\/div>\n<\/div>\n<\/div>\n<\/div>\n<\/div>\n<\/div>\n<div class=\"absolute bottom-0 left-0 w-full border-t md:border-t-0 dark:border-white\/20 md:border-transparent md:dark:border-transparent md:bg-vert-light-gradient bg-white dark:bg-gray-800 md:!bg-transparent dark:md:bg-vert-dark-gradient pt-2\">\n<form class=\"stretch mx-2 flex flex-row gap-3 last:mb-2 md:mx-4 md:last:mb-6 lg:mx-auto lg:max-w-2xl xl:max-w-3xl\">\n<div class=\"relative flex h-full flex-1 items-stretch md:flex-col\">\n<div class=\"\">\n<div class=\"h-full flex ml-1 md:w-full md:m-auto md:mb-2 gap-0 md:gap-2 justify-center\">\n<div class=\"flex w-full gap-2 items-center justify-center\">\n<hr \/>\n<\/div>\n<\/div>\n<\/div>\n<\/div>\n<\/form>\n<\/div>\n","protected":false},"excerpt":{"rendered":"<p>SHOW\u00a0 DEL PILOTA PONTALPINO NELLA PRIMA TAPPA DEL PORSCHE CARRERA CUP ITALIA Il pilota di Ponte nelle Alpi, nonostante una qualifica sfortunata, conquista risultati di rilievo e attira l&#8217;atenzione mediatica. MISANO L&#8217;ACI Racing weekend al Misano World Circuit Marco Simoncelli ha visto il talentuoso pilota bellunese Andrea Fontana emergere come uno dei protagonisti nella competitiva&hellip;<\/p>\n","protected":false},"author":4,"featured_media":335275,"comment_status":"closed","ping_status":"closed","sticky":false,"template":"","format":"standard","meta":{"_monsterinsights_skip_tracking":false,"_monsterinsights_sitenote_active":false,"_monsterinsights_sitenote_note":"","_monsterinsights_sitenote_category":0,"footnotes":""},"categories":[104,49],"tags":[],"class_list":["post-335274","post","type-post","status-publish","format-standard","has-post-thumbnail","hentry","category-evidenza_3","category-news-18","category-104","category-49","description-off"],"img_url":"https:\/\/www.radiopiu.net\/wordpress\/wp-content\/uploads\/2023\/05\/Senza-nome-36.jpg","_links":{"self":[{"href":"https:\/\/www.radiopiu.net\/wordpress\/wp-json\/wp\/v2\/posts\/335274","targetHints":{"allow":["GET"]}}],"collection":[{"href":"https:\/\/www.radiopiu.net\/wordpress\/wp-json\/wp\/v2\/posts"}],"about":[{"href":"https:\/\/www.radiopiu.net\/wordpress\/wp-json\/wp\/v2\/types\/post"}],"author":[{"embeddable":true,"href":"https:\/\/www.radiopiu.net\/wordpress\/wp-json\/wp\/v2\/users\/4"}],"replies":[{"embeddable":true,"href":"https:\/\/www.radiopiu.net\/wordpress\/wp-json\/wp\/v2\/comments?post=335274"}],"version-history":[{"count":0,"href":"https:\/\/www.radiopiu.net\/wordpress\/wp-json\/wp\/v2\/posts\/335274\/revisions"}],"wp:featuredmedia":[{"embeddable":true,"href":"https:\/\/www.radiopiu.net\/wordpress\/wp-json\/wp\/v2\/media\/335275"}],"wp:attachment":[{"href":"https:\/\/www.radiopiu.net\/wordpress\/wp-json\/wp\/v2\/media?parent=335274"}],"wp:term":[{"taxonomy":"category","embeddable":true,"href":"https:\/\/www.radiopiu.net\/wordpress\/wp-json\/wp\/v2\/categories?post=335274"},{"taxonomy":"post_tag","embeddable":true,"href":"https:\/\/www.radiopiu.net\/wordpress\/wp-json\/wp\/v2\/tags?post=335274"}],"curies":[{"name":"wp","href":"https:\/\/api.w.org\/{rel}","templated":true}]}}