{"id":335280,"date":"2023-05-10T16:17:41","date_gmt":"2023-05-10T14:17:41","guid":{"rendered":"https:\/\/www.radiopiu.net\/wordpress\/?p=335280"},"modified":"2023-05-10T18:20:02","modified_gmt":"2023-05-10T16:20:02","slug":"335280-2","status":"publish","type":"post","link":"https:\/\/www.radiopiu.net\/wordpress\/335280-2\/","title":{"rendered":"PREZIOSE OCCASIONI PER IMPARARE E CONDIVIDERE ESPERIENZE"},"content":{"rendered":"<blockquote>\n<h3><\/h3>\n<\/blockquote>\n<div class=\"flex-1 overflow-hidden\">\n<div class=\"react-scroll-to-bottom--css-ebfhh-79elbk h-full dark:bg-gray-800\">\n<div class=\"react-scroll-to-bottom--css-ebfhh-1n7m0yu\">\n<div class=\"flex flex-col items-center text-sm dark:bg-gray-800\">\n<div class=\"group w-full text-gray-800 dark:text-gray-100 border-b border-black\/10 dark:border-gray-900\/50 bg-gray-50 dark:bg-[#444654]\">\n<div class=\"flex p-4 gap-4 text-base md:gap-6 md:max-w-2xl lg:max-w-xl xl:max-w-3xl md:py-6 lg:px-0 m-auto\">\n<div class=\"relative flex flex-col w-[calc(100%-50px)] gap-1 md:gap-3 lg:w-[calc(100%-115px)]\">\n<div class=\"flex flex-grow flex-col gap-3\">\n<div class=\"min-h-[20px] flex flex-col items-start gap-4 whitespace-pre-wrap break-words\">\n<div class=\"markdown prose w-full break-words dark:prose-invert light\">\n<p><strong><a class=\"dt-pswp-item\" href=\"https:\/\/www.radiopiu.net\/wordpress\/wp-content\/uploads\/2023\/05\/Senza-nome-37.jpg\" data-dt-img-description=\"\" data-large_image_width=\"281\" data-large_image_height=\"287\"><img loading=\"lazy\" decoding=\"async\" class=\" wp-image-335281 alignleft\" src=\"https:\/\/www.radiopiu.net\/wordpress\/wp-content\/uploads\/2023\/05\/Senza-nome-37.jpg\" alt=\"\" width=\"264\" height=\"270\" \/><\/a>LIMANA<\/strong> Venerd\u00ec\u00a0 alle 20.30,\u00a0 nell&#8217;atrio della scuola primaria di Limana, si terr\u00e0 un incontro di sostegno alla genitorialit\u00e0 incentrato sul tema &#8220;Il benessere nelle relazioni genitori-figli&#8221;. L&#8217;evento sar\u00e0 condotto dalla dott.ssa Federica Ciccanti, Pedagogista Clinico, Formatore e Mediatore familiare. La dott.ssa Ciccanti, esperta nel campo della pedagogia e delle dinamiche familiari, offrir\u00e0 preziosi consigli e strategie per favorire un rapporto sano ed equilibrato tra genitori e figli, promuovendo il benessere reciproco all&#8217;interno delle famiglie. Sar\u00e0 un&#8217;occasione importante per approfondire tematiche legate alla comunicazione efficace, all&#8217;ascolto empatico e alla gestione dei conflitti, fondamentali per la costruzione di relazioni armoniose. Venerd\u00ec 19 maggio, sempre alle\u00a0 20.30, relazioner\u00e0\u00a0 Marcella De Pra, Formatore, Mediatore familiare professionista e didatta nonch\u00e9 Counselor Sistemico-Relazionale. La dott.ssa De Pra condivider\u00e0 le sue competenze e le sue esperienze per aiutare i genitori a comprendere e gestire le dinamiche familiari in modo efficace. Entrambi gli incontri sono aperti alla cittadinanza, offrendo un&#8217;opportunit\u00e0 unica di crescita e riflessione sui temi della genitorialit\u00e0. \u00c8 auspicabile la partecipazione di genitori, insegnanti e di tutti coloro che sono interessati a promuovere relazioni positive e salutari all&#8217;interno delle famiglie.<\/p>\n<p>preziose occasioni per imparare e condividere esperienze con esperti del settore.<\/p>\n<\/div>\n<\/div>\n<\/div>\n<\/div>\n<\/div>\n<\/div>\n<\/div>\n<\/div>\n<\/div>\n<\/div>\n<div class=\"text-xs flex items-center justify-center gap-1 self-center pt-2 !invisible\"><\/div>\n<div><\/div>\n<div><\/div>\n<div><\/div>\n<div><\/div>\n<div><\/div>\n<div><\/div>\n<div class=\"flex-1 overflow-hidden\">\n<div class=\"react-scroll-to-bottom--css-ebfhh-79elbk h-full dark:bg-gray-800\">\n<div class=\"react-scroll-to-bottom--css-ebfhh-1n7m0yu\">\n<div class=\"flex flex-col items-center text-sm dark:bg-gray-800\">\n<div class=\"flex gap-1\"><\/div>\n<div class=\"w-full h-32 md:h-48 flex-shrink-0\">\n<hr \/>\n<\/div>\n<\/div>\n<p>&nbsp;<\/p>\n<\/div>\n<\/div>\n<\/div>\n","protected":false},"excerpt":{"rendered":"<p>LIMANA Venerd\u00ec\u00a0 alle 20.30,\u00a0 nell&#8217;atrio della scuola primaria di Limana, si terr\u00e0 un incontro di sostegno alla genitorialit\u00e0 incentrato sul tema &#8220;Il benessere nelle relazioni genitori-figli&#8221;. L&#8217;evento sar\u00e0 condotto dalla dott.ssa Federica Ciccanti, Pedagogista Clinico, Formatore e Mediatore familiare. La dott.ssa Ciccanti, esperta nel campo della pedagogia e delle dinamiche familiari, offrir\u00e0 preziosi consigli e&hellip;<\/p>\n","protected":false},"author":4,"featured_media":335281,"comment_status":"closed","ping_status":"closed","sticky":false,"template":"","format":"standard","meta":{"_monsterinsights_skip_tracking":false,"_monsterinsights_sitenote_active":false,"_monsterinsights_sitenote_note":"","_monsterinsights_sitenote_category":0,"footnotes":""},"categories":[49],"tags":[],"class_list":["post-335280","post","type-post","status-publish","format-standard","has-post-thumbnail","hentry","category-news-18","category-49","description-off"],"img_url":"https:\/\/www.radiopiu.net\/wordpress\/wp-content\/uploads\/2023\/05\/Senza-nome-37.jpg","_links":{"self":[{"href":"https:\/\/www.radiopiu.net\/wordpress\/wp-json\/wp\/v2\/posts\/335280","targetHints":{"allow":["GET"]}}],"collection":[{"href":"https:\/\/www.radiopiu.net\/wordpress\/wp-json\/wp\/v2\/posts"}],"about":[{"href":"https:\/\/www.radiopiu.net\/wordpress\/wp-json\/wp\/v2\/types\/post"}],"author":[{"embeddable":true,"href":"https:\/\/www.radiopiu.net\/wordpress\/wp-json\/wp\/v2\/users\/4"}],"replies":[{"embeddable":true,"href":"https:\/\/www.radiopiu.net\/wordpress\/wp-json\/wp\/v2\/comments?post=335280"}],"version-history":[{"count":0,"href":"https:\/\/www.radiopiu.net\/wordpress\/wp-json\/wp\/v2\/posts\/335280\/revisions"}],"wp:featuredmedia":[{"embeddable":true,"href":"https:\/\/www.radiopiu.net\/wordpress\/wp-json\/wp\/v2\/media\/335281"}],"wp:attachment":[{"href":"https:\/\/www.radiopiu.net\/wordpress\/wp-json\/wp\/v2\/media?parent=335280"}],"wp:term":[{"taxonomy":"category","embeddable":true,"href":"https:\/\/www.radiopiu.net\/wordpress\/wp-json\/wp\/v2\/categories?post=335280"},{"taxonomy":"post_tag","embeddable":true,"href":"https:\/\/www.radiopiu.net\/wordpress\/wp-json\/wp\/v2\/tags?post=335280"}],"curies":[{"name":"wp","href":"https:\/\/api.w.org\/{rel}","templated":true}]}}