{"id":335315,"date":"2023-05-10T18:03:39","date_gmt":"2023-05-10T16:03:39","guid":{"rendered":"https:\/\/www.radiopiu.net\/wordpress\/?p=335315"},"modified":"2023-05-10T18:03:39","modified_gmt":"2023-05-10T16:03:39","slug":"27-nuovi-carabinieri-a-belluno-per-rafforzare-la-sicurezza","status":"publish","type":"post","link":"https:\/\/www.radiopiu.net\/wordpress\/27-nuovi-carabinieri-a-belluno-per-rafforzare-la-sicurezza\/","title":{"rendered":"27 nuovi Carabinieri a Belluno per rafforzare la sicurezza"},"content":{"rendered":"<blockquote>\n<p align=\"JUSTIFY\"><span style=\"font-family: Times New Roman, serif;\"><span style=\"font-size: medium;\"><i><b>Accolti dal Comandante Provinciale entreranno in servizio da oggi in 17 Stazioni della provincia.<\/b><\/i><\/span><\/span><\/p>\n<\/blockquote>\n<div class=\"flex-1 overflow-hidden\">\n<div class=\"react-scroll-to-bottom--css-ivovt-79elbk h-full dark:bg-gray-800\">\n<div class=\"react-scroll-to-bottom--css-ivovt-1n7m0yu\">\n<div class=\"flex flex-col items-center text-sm dark:bg-gray-800\">\n<div class=\"group w-full text-gray-800 dark:text-gray-100 border-b border-black\/10 dark:border-gray-900\/50 bg-gray-50 dark:bg-[#444654]\">\n<div class=\"flex p-4 gap-4 text-base md:gap-6 md:max-w-2xl lg:max-w-xl xl:max-w-3xl md:py-6 lg:px-0 m-auto\">\n<div class=\"relative flex flex-col w-[calc(100%-50px)] gap-1 md:gap-3 lg:w-[calc(100%-115px)]\">\n<div class=\"flex flex-grow flex-col gap-3\">\n<div class=\"min-h-[20px] flex flex-col items-start gap-4 whitespace-pre-wrap break-words\">\n<div class=\"markdown prose w-full break-words dark:prose-invert light\">\n<p><strong><a class=\"dt-pswp-item\" href=\"https:\/\/www.radiopiu.net\/wordpress\/wp-content\/uploads\/2023\/05\/I-Carabinieri-neo-giunti-in-provincia-di-Bellono_10.05.2023-scaled.jpg\" data-dt-img-description=\"DSC_0267\" data-large_image_width=\"2560\" data-large_image_height=\"1920\"><img loading=\"lazy\" decoding=\"async\" class=\"size-medium wp-image-335316 alignleft\" src=\"https:\/\/www.radiopiu.net\/wordpress\/wp-content\/uploads\/2023\/05\/I-Carabinieri-neo-giunti-in-provincia-di-Bellono_10.05.2023-300x225.jpg\" alt=\"\" width=\"300\" height=\"225\" srcset=\"https:\/\/www.radiopiu.net\/wordpress\/wp-content\/uploads\/2023\/05\/I-Carabinieri-neo-giunti-in-provincia-di-Bellono_10.05.2023-300x225.jpg 300w, https:\/\/www.radiopiu.net\/wordpress\/wp-content\/uploads\/2023\/05\/I-Carabinieri-neo-giunti-in-provincia-di-Bellono_10.05.2023-1024x768.jpg 1024w, https:\/\/www.radiopiu.net\/wordpress\/wp-content\/uploads\/2023\/05\/I-Carabinieri-neo-giunti-in-provincia-di-Bellono_10.05.2023-768x576.jpg 768w, https:\/\/www.radiopiu.net\/wordpress\/wp-content\/uploads\/2023\/05\/I-Carabinieri-neo-giunti-in-provincia-di-Bellono_10.05.2023-1536x1152.jpg 1536w, https:\/\/www.radiopiu.net\/wordpress\/wp-content\/uploads\/2023\/05\/I-Carabinieri-neo-giunti-in-provincia-di-Bellono_10.05.2023-2048x1536.jpg 2048w\" sizes=\"auto, (max-width: 300px) 100vw, 300px\" \/><\/a>BELLUNO<\/strong> Il Colonnello Enrico Pigozzo, Comandante Provinciale dei Carabinieri di Belluno, ha dato il benvenuto a 27 Carabinieri neo giunti in provincia. Questi giovani militari, provenienti da diverse Scuole Carabinieri in Italia, sono stati accolti con entusiasmo e si sono mostrati desiderosi di mettersi al lavoro. Cinque di loro sono donne e l&#8217;et\u00e0 del gruppo varia dai 21 ai 26 anni. Questi Carabinieri rinforzeranno le Stazioni Carabinieri di diverse localit\u00e0 della provincia, contribuendo ad aumentare i livelli di sicurezza. Il Colonnello Pigozzo ha sottolineato che questo rinforzo \u00e8 il risultato di una promessa mantenuta dal Generale Spina, Comandante di Legione, che ha dimostrato un&#8217;attenzione particolare per il territorio di Belluno. Questi giovani militari andranno ad implementare i dispositivi di prevenzione generale sul territorio, svolgendo servizi di controllo e garantendo una maggiore sicurezza. Si prevede che, guidati dai loro Comandanti di Stazione e dai colleghi pi\u00f9 anziani, diventeranno presto un punto di riferimento per le comunit\u00e0 che servono. Alcuni dei neo-arrivati hanno gi\u00e0 esperienza nel mondo militare, provenendo dall&#8217;Esercito, mentre altri hanno scelto di entrare nei Carabinieri dopo aver completato gli studi superiori. Per tutti loro, inizia oggi un percorso entusiasmante che potrebbe portarli a servire in altre aree del territorio nazionale o a specializzarsi in diversi comparti di specialit\u00e0 dei Carabinieri. Il Comandante Provinciale ha augurato loro buon lavoro e ha sottolineato l&#8217;importanza di considerare sempre un privilegio il servizio reso in favore delle comunit\u00e0<\/p>\n<\/div>\n<\/div>\n<p>&nbsp;<\/p>\n<\/div>\n<\/div>\n<\/div>\n<\/div>\n<\/div>\n<\/div>\n<\/div>\n<\/div>\n<div class=\"absolute bottom-0 left-0 w-full border-t md:border-t-0 dark:border-white\/20 md:border-transparent md:dark:border-transparent md:bg-vert-light-gradient bg-white dark:bg-gray-800 md:!bg-transparent dark:md:bg-vert-dark-gradient pt-2\">\n<form class=\"stretch mx-2 flex flex-row gap-3 last:mb-2 md:mx-4 md:last:mb-6 lg:mx-auto lg:max-w-2xl xl:max-w-3xl\">\n<div class=\"relative flex h-full flex-1 items-stretch md:flex-col\">\n<div class=\"\">\n<div class=\"h-full flex ml-1 md:w-full md:m-auto md:mb-2 gap-0 md:gap-2 justify-center\">\n<div class=\"flex w-full gap-2 items-center justify-center\">\n<hr \/>\n<\/div>\n<\/div>\n<\/div>\n<\/div>\n<\/form>\n<\/div>\n","protected":false},"excerpt":{"rendered":"<p>Accolti dal Comandante Provinciale entreranno in servizio da oggi in 17 Stazioni della provincia. BELLUNO Il Colonnello Enrico Pigozzo, Comandante Provinciale dei Carabinieri di Belluno, ha dato il benvenuto a 27 Carabinieri neo giunti in provincia. Questi giovani militari, provenienti da diverse Scuole Carabinieri in Italia, sono stati accolti con entusiasmo e si sono mostrati&hellip;<\/p>\n","protected":false},"author":4,"featured_media":335316,"comment_status":"closed","ping_status":"closed","sticky":false,"template":"","format":"standard","meta":{"_monsterinsights_skip_tracking":false,"_monsterinsights_sitenote_active":false,"_monsterinsights_sitenote_note":"","_monsterinsights_sitenote_category":0,"footnotes":""},"categories":[51,49],"tags":[],"class_list":["post-335315","post","type-post","status-publish","format-standard","has-post-thumbnail","hentry","category-evidenza-top","category-news-18","category-51","category-49","description-off"],"img_url":"https:\/\/www.radiopiu.net\/wordpress\/wp-content\/uploads\/2023\/05\/I-Carabinieri-neo-giunti-in-provincia-di-Bellono_10.05.2023-scaled.jpg","_links":{"self":[{"href":"https:\/\/www.radiopiu.net\/wordpress\/wp-json\/wp\/v2\/posts\/335315","targetHints":{"allow":["GET"]}}],"collection":[{"href":"https:\/\/www.radiopiu.net\/wordpress\/wp-json\/wp\/v2\/posts"}],"about":[{"href":"https:\/\/www.radiopiu.net\/wordpress\/wp-json\/wp\/v2\/types\/post"}],"author":[{"embeddable":true,"href":"https:\/\/www.radiopiu.net\/wordpress\/wp-json\/wp\/v2\/users\/4"}],"replies":[{"embeddable":true,"href":"https:\/\/www.radiopiu.net\/wordpress\/wp-json\/wp\/v2\/comments?post=335315"}],"version-history":[{"count":0,"href":"https:\/\/www.radiopiu.net\/wordpress\/wp-json\/wp\/v2\/posts\/335315\/revisions"}],"wp:featuredmedia":[{"embeddable":true,"href":"https:\/\/www.radiopiu.net\/wordpress\/wp-json\/wp\/v2\/media\/335316"}],"wp:attachment":[{"href":"https:\/\/www.radiopiu.net\/wordpress\/wp-json\/wp\/v2\/media?parent=335315"}],"wp:term":[{"taxonomy":"category","embeddable":true,"href":"https:\/\/www.radiopiu.net\/wordpress\/wp-json\/wp\/v2\/categories?post=335315"},{"taxonomy":"post_tag","embeddable":true,"href":"https:\/\/www.radiopiu.net\/wordpress\/wp-json\/wp\/v2\/tags?post=335315"}],"curies":[{"name":"wp","href":"https:\/\/api.w.org\/{rel}","templated":true}]}}