{"id":335330,"date":"2023-05-11T10:30:25","date_gmt":"2023-05-11T08:30:25","guid":{"rendered":"https:\/\/www.radiopiu.net\/wordpress\/?p=335330"},"modified":"2023-05-12T07:30:35","modified_gmt":"2023-05-12T05:30:35","slug":"da-dediche-e-richieste-stefania-e-la-sua-passione-per-bono-vox","status":"publish","type":"post","link":"https:\/\/www.radiopiu.net\/wordpress\/da-dediche-e-richieste-stefania-e-la-sua-passione-per-bono-vox\/","title":{"rendered":"DA DEDICHE E RICHIESTE&#8230;STEFANIA E LA SUA PASSIONE PER BONO VOX"},"content":{"rendered":"<p><strong><a class=\"dt-pswp-item\" href=\"https:\/\/www.radiopiu.net\/wordpress\/wp-content\/uploads\/2022\/05\/b385cf17-8354-4498-a771-3d82c1fc9486.jpg\" data-dt-img-description=\"\" data-large_image_width=\"1600\" data-large_image_height=\"1200\"><img loading=\"lazy\" decoding=\"async\" class=\" wp-image-335231 alignleft\" src=\"https:\/\/www.radiopiu.net\/wordpress\/wp-content\/uploads\/2022\/05\/b385cf17-8354-4498-a771-3d82c1fc9486-300x225.jpg\" alt=\"\" width=\"133\" height=\"100\" srcset=\"https:\/\/www.radiopiu.net\/wordpress\/wp-content\/uploads\/2022\/05\/b385cf17-8354-4498-a771-3d82c1fc9486-300x225.jpg 300w, https:\/\/www.radiopiu.net\/wordpress\/wp-content\/uploads\/2022\/05\/b385cf17-8354-4498-a771-3d82c1fc9486-1024x768.jpg 1024w, https:\/\/www.radiopiu.net\/wordpress\/wp-content\/uploads\/2022\/05\/b385cf17-8354-4498-a771-3d82c1fc9486-768x576.jpg 768w, https:\/\/www.radiopiu.net\/wordpress\/wp-content\/uploads\/2022\/05\/b385cf17-8354-4498-a771-3d82c1fc9486-1536x1152.jpg 1536w, https:\/\/www.radiopiu.net\/wordpress\/wp-content\/uploads\/2022\/05\/b385cf17-8354-4498-a771-3d82c1fc9486.jpg 1600w\" sizes=\"auto, (max-width: 133px) 100vw, 133px\" \/><\/a>REDAZIONE<\/strong> Stefania \u00e8 una fan degli U2 e pi\u00f9 precisamente del frontman Bono Vox. Ogni 10 maggio si fa fare una torta dal suo pasticciere di fiducia, Cristiano Gaggion di Bastia D&#8217;Alpago,\u00a0 per festeggiare il suo idolo nel giorno del compleanno del cantante irlandese. Stefania ha mandato la foto della torta per informarci del compleanno di Bono e in automatico \u00e8 stata ospite di dediche e richieste dove ci ha fatto capire che \u00e8 una vera fan degli U2. Chiss\u00e0 che la notizia che abbiamo pubblicato non arrivi veramente a Bono e che un giorno non ci sia l&#8217;occasione per farli incontrare&#8230;.<\/p>\n<p><strong>STEFANIA<\/strong><\/p>\n<audio class=\"wp-audio-shortcode\" id=\"audio-335330-1\" preload=\"none\" style=\"width: 100%;\" controls=\"controls\"><source type=\"audio\/mpeg\" src=\"https:\/\/www.radiopiu.net\/wordpress\/wp-content\/uploads\/2023\/05\/DEDICHE-STEFANIA.mp3?_=1\" \/><a href=\"https:\/\/www.radiopiu.net\/wordpress\/wp-content\/uploads\/2023\/05\/DEDICHE-STEFANIA.mp3\">https:\/\/www.radiopiu.net\/wordpress\/wp-content\/uploads\/2023\/05\/DEDICHE-STEFANIA.mp3<\/a><\/audio>\n<p>&nbsp;<\/p>\n<p>&nbsp;<\/p>\n<p>*******<\/p>\n","protected":false},"excerpt":{"rendered":"<p>REDAZIONE Stefania \u00e8 una fan degli U2 e pi\u00f9 precisamente del frontman Bono Vox. Ogni 10 maggio si fa fare una torta dal suo pasticciere di fiducia, Cristiano Gaggion di Bastia D&#8217;Alpago,\u00a0 per festeggiare il suo idolo nel giorno del compleanno del cantante irlandese. Stefania ha mandato la foto della torta per informarci del compleanno&hellip;<\/p>\n","protected":false},"author":4,"featured_media":335231,"comment_status":"closed","ping_status":"closed","sticky":false,"template":"","format":"standard","meta":{"_monsterinsights_skip_tracking":false,"_monsterinsights_sitenote_active":false,"_monsterinsights_sitenote_note":"","_monsterinsights_sitenote_category":0,"footnotes":""},"categories":[104,49],"tags":[],"class_list":["post-335330","post","type-post","status-publish","format-standard","has-post-thumbnail","hentry","category-evidenza_3","category-news-18","category-104","category-49","description-off"],"img_url":"https:\/\/www.radiopiu.net\/wordpress\/wp-content\/uploads\/2022\/05\/b385cf17-8354-4498-a771-3d82c1fc9486.jpg","_links":{"self":[{"href":"https:\/\/www.radiopiu.net\/wordpress\/wp-json\/wp\/v2\/posts\/335330","targetHints":{"allow":["GET"]}}],"collection":[{"href":"https:\/\/www.radiopiu.net\/wordpress\/wp-json\/wp\/v2\/posts"}],"about":[{"href":"https:\/\/www.radiopiu.net\/wordpress\/wp-json\/wp\/v2\/types\/post"}],"author":[{"embeddable":true,"href":"https:\/\/www.radiopiu.net\/wordpress\/wp-json\/wp\/v2\/users\/4"}],"replies":[{"embeddable":true,"href":"https:\/\/www.radiopiu.net\/wordpress\/wp-json\/wp\/v2\/comments?post=335330"}],"version-history":[{"count":0,"href":"https:\/\/www.radiopiu.net\/wordpress\/wp-json\/wp\/v2\/posts\/335330\/revisions"}],"wp:featuredmedia":[{"embeddable":true,"href":"https:\/\/www.radiopiu.net\/wordpress\/wp-json\/wp\/v2\/media\/335231"}],"wp:attachment":[{"href":"https:\/\/www.radiopiu.net\/wordpress\/wp-json\/wp\/v2\/media?parent=335330"}],"wp:term":[{"taxonomy":"category","embeddable":true,"href":"https:\/\/www.radiopiu.net\/wordpress\/wp-json\/wp\/v2\/categories?post=335330"},{"taxonomy":"post_tag","embeddable":true,"href":"https:\/\/www.radiopiu.net\/wordpress\/wp-json\/wp\/v2\/tags?post=335330"}],"curies":[{"name":"wp","href":"https:\/\/api.w.org\/{rel}","templated":true}]}}