{"id":335364,"date":"2023-05-10T12:49:17","date_gmt":"2023-05-10T10:49:17","guid":{"rendered":"https:\/\/www.radiopiu.net\/wordpress\/?p=335364"},"modified":"2023-05-11T06:50:03","modified_gmt":"2023-05-11T04:50:03","slug":"in-viaggio-con-gli-alpini-di-falcade","status":"publish","type":"post","link":"https:\/\/www.radiopiu.net\/wordpress\/in-viaggio-con-gli-alpini-di-falcade\/","title":{"rendered":"IN VIAGGIO CON GLI ALPINI DI FALCADE"},"content":{"rendered":"<blockquote>\n<h3>Il Gruppo Alpini organizza una gita indimenticabile alla Foiba di Basovizza con pranzo di pesce a Lignano<\/h3>\n<\/blockquote>\n<div class=\"group w-full text-gray-800 dark:text-gray-100 border-b border-black\/10 dark:border-gray-900\/50 bg-gray-50 dark:bg-[#444654]\">\n<div class=\"flex p-4 gap-4 text-base md:gap-6 md:max-w-2xl lg:max-w-xl xl:max-w-3xl md:py-6 lg:px-0 m-auto\">\n<div class=\"relative flex flex-col w-[calc(100%-50px)] gap-1 md:gap-3 lg:w-[calc(100%-115px)]\">\n<div class=\"flex flex-grow flex-col gap-3\">\n<div class=\"min-h-[20px] flex flex-col items-start gap-4 whitespace-pre-wrap break-words\">\n<div class=\"markdown prose w-full break-words dark:prose-invert light\">\n<p><strong><a class=\"dt-pswp-item\" href=\"https:\/\/www.radiopiu.net\/wordpress\/wp-content\/uploads\/2023\/05\/alpini-falcade.jpg\" data-dt-img-description=\"\" data-large_image_width=\"598\" data-large_image_height=\"424\"><img loading=\"lazy\" decoding=\"async\" class=\" wp-image-335362 alignleft\" src=\"https:\/\/www.radiopiu.net\/wordpress\/wp-content\/uploads\/2023\/05\/alpini-falcade-300x213.jpg\" alt=\"\" width=\"239\" height=\"170\" srcset=\"https:\/\/www.radiopiu.net\/wordpress\/wp-content\/uploads\/2023\/05\/alpini-falcade-300x213.jpg 300w, https:\/\/www.radiopiu.net\/wordpress\/wp-content\/uploads\/2023\/05\/alpini-falcade.jpg 598w\" sizes=\"auto, (max-width: 239px) 100vw, 239px\" \/><\/a>FALCADE &#8211;<\/strong> I Gruppi Alpini rappresentano un importante pilastro della comunit\u00e0 locale, promuovendo attivit\u00e0 che uniscono tradizione, avventura e scoperta del patrimonio culturale. Nel contesto di queste iniziative, il Gruppo Alpini di Falcade ha annunciato una gita straordinaria che si terr\u00e0 l&#8217;11 giugno, con destinazione la Foiba di Basovizza e una deliziosa pausa pranzo a Lignano. La Foiba di Basovizza, situata vicino a Trieste, \u00e8 un luogo storico e simbolico che rappresenta una pagina dolorosa della storia italiana. Durante il secondo conflitto mondiale e successivamente negli anni successivi, molti italiani furono vittime di violenze e atrocit\u00e0 in questo luogo. La visita alla Foiba di Basovizza sar\u00e0 un&#8217;occasione per onorare la memoria di coloro che hanno sofferto e per imparare dai tragici eventi del passato. La gita inizier\u00e0 la mattina dell&#8217;11 giugno da Falcade, con i partecipanti che si raduneranno presso il punto di ritrovo convenuto. Remo Secchi, responsabile delle iscrizioni, sar\u00e0 il punto di riferimento per tutti coloro che desiderano partecipare. Per prenotare un posto e per ulteriori informazioni, \u00e8 possibile contattare Remo Secchi al numero di telefono 338 5628415. Il viaggio verso la Foiba di Basovizza sar\u00e0 un&#8217;occasione per godere dei paesaggi mozzafiato delle Alpi, con le loro maestose vette e le verdi vallate che caratterizzano la zona di Falcade. Durante il tragitto, gli Alpini condivideranno le loro conoscenze sulla natura, la storia e la cultura locale, arricchendo l&#8217;esperienza con aneddoti e racconti che renderanno il viaggio ancora pi\u00f9 affascinante. Dopo la visita alla Foiba di Basovizza, il gruppo si sposter\u00e0 verso Lignano per godersi un pranzo di pesce presso uno dei ristoranti locali. Lignano \u00e8 una rinomata localit\u00e0 balneare sulla costa adriatica, famosa per le sue spiagge di sabbia dorata e le acque cristalline. Qui i partecipanti potranno assaporare i deliziosi sapori del mare e rilassarsi in un&#8217;atmosfera estiva incantevole. La giornata si concluder\u00e0 con il ritorno a Falcade, lasciando ai partecipanti ricordi indelebili di una giornata all&#8217;insegna dell&#8217;avventura, della storia e del piacere della buona compagnia. L&#8217;iniziativa del Gruppo Alpini di Falcade offre un&#8217;opportunit\u00e0 unica per esplorare la ricchezza culturale e paesaggistica della regione e per creare connessioni significative<\/p>\n<\/div>\n<\/div>\n<\/div>\n<\/div>\n<\/div>\n<\/div>\n","protected":false},"excerpt":{"rendered":"<p>Il Gruppo Alpini organizza una gita indimenticabile alla Foiba di Basovizza con pranzo di pesce a Lignano FALCADE &#8211; I Gruppi Alpini rappresentano un importante pilastro della comunit\u00e0 locale, promuovendo attivit\u00e0 che uniscono tradizione, avventura e scoperta del patrimonio culturale. Nel contesto di queste iniziative, il Gruppo Alpini di Falcade ha annunciato una gita straordinaria&hellip;<\/p>\n","protected":false},"author":4,"featured_media":335362,"comment_status":"closed","ping_status":"closed","sticky":false,"template":"","format":"standard","meta":{"_monsterinsights_skip_tracking":false,"_monsterinsights_sitenote_active":false,"_monsterinsights_sitenote_note":"","_monsterinsights_sitenote_category":0,"footnotes":""},"categories":[49],"tags":[],"class_list":["post-335364","post","type-post","status-publish","format-standard","has-post-thumbnail","hentry","category-news-18","category-49","description-off"],"img_url":"https:\/\/www.radiopiu.net\/wordpress\/wp-content\/uploads\/2023\/05\/alpini-falcade.jpg","_links":{"self":[{"href":"https:\/\/www.radiopiu.net\/wordpress\/wp-json\/wp\/v2\/posts\/335364","targetHints":{"allow":["GET"]}}],"collection":[{"href":"https:\/\/www.radiopiu.net\/wordpress\/wp-json\/wp\/v2\/posts"}],"about":[{"href":"https:\/\/www.radiopiu.net\/wordpress\/wp-json\/wp\/v2\/types\/post"}],"author":[{"embeddable":true,"href":"https:\/\/www.radiopiu.net\/wordpress\/wp-json\/wp\/v2\/users\/4"}],"replies":[{"embeddable":true,"href":"https:\/\/www.radiopiu.net\/wordpress\/wp-json\/wp\/v2\/comments?post=335364"}],"version-history":[{"count":0,"href":"https:\/\/www.radiopiu.net\/wordpress\/wp-json\/wp\/v2\/posts\/335364\/revisions"}],"wp:featuredmedia":[{"embeddable":true,"href":"https:\/\/www.radiopiu.net\/wordpress\/wp-json\/wp\/v2\/media\/335362"}],"wp:attachment":[{"href":"https:\/\/www.radiopiu.net\/wordpress\/wp-json\/wp\/v2\/media?parent=335364"}],"wp:term":[{"taxonomy":"category","embeddable":true,"href":"https:\/\/www.radiopiu.net\/wordpress\/wp-json\/wp\/v2\/categories?post=335364"},{"taxonomy":"post_tag","embeddable":true,"href":"https:\/\/www.radiopiu.net\/wordpress\/wp-json\/wp\/v2\/tags?post=335364"}],"curies":[{"name":"wp","href":"https:\/\/api.w.org\/{rel}","templated":true}]}}