{"id":335371,"date":"2023-05-12T06:00:04","date_gmt":"2023-05-12T04:00:04","guid":{"rendered":"https:\/\/www.radiopiu.net\/wordpress\/?p=335371"},"modified":"2023-05-12T09:04:50","modified_gmt":"2023-05-12T07:04:50","slug":"giornale-radiopiu-12-maggio-2023-direttore-mirko-mezzacasa-verso-i-40-anni-25-giugno-1983-25-giugno-2023","status":"publish","type":"post","link":"https:\/\/www.radiopiu.net\/wordpress\/giornale-radiopiu-12-maggio-2023-direttore-mirko-mezzacasa-verso-i-40-anni-25-giugno-1983-25-giugno-2023\/","title":{"rendered":"GIORNALE RADIOPIU 12 MAGGIO 2023 DIRETTORE MIRKO MEZZACASA&#8230;verso i 40 anni 25 giugno 1983-25 giugno 2023"},"content":{"rendered":"<h2 style=\"text-align: left;\"><span style=\"color: #ff0000;\"><span style=\"vertical-align: inherit;\"><a class=\"dt-pswp-item\" href=\"https:\/\/www.radiopiu.net\/wordpress\/wp-content\/uploads\/2023\/04\/e0aad41d-951e-47b9-9fae-1a879a9bcb7e-1.jpg\" data-dt-img-description=\"\" data-large_image_width=\"1200\" data-large_image_height=\"1200\"><img loading=\"lazy\" decoding=\"async\" class=\"wp-image-333205 alignleft\" src=\"https:\/\/www.radiopiu.net\/wordpress\/wp-content\/uploads\/2023\/04\/e0aad41d-951e-47b9-9fae-1a879a9bcb7e-1-300x300.jpg\" alt=\"\" width=\"110\" height=\"110\" srcset=\"https:\/\/www.radiopiu.net\/wordpress\/wp-content\/uploads\/2023\/04\/e0aad41d-951e-47b9-9fae-1a879a9bcb7e-1-300x300.jpg 300w, https:\/\/www.radiopiu.net\/wordpress\/wp-content\/uploads\/2023\/04\/e0aad41d-951e-47b9-9fae-1a879a9bcb7e-1-1024x1024.jpg 1024w, https:\/\/www.radiopiu.net\/wordpress\/wp-content\/uploads\/2023\/04\/e0aad41d-951e-47b9-9fae-1a879a9bcb7e-1-150x150.jpg 150w, https:\/\/www.radiopiu.net\/wordpress\/wp-content\/uploads\/2023\/04\/e0aad41d-951e-47b9-9fae-1a879a9bcb7e-1-768x768.jpg 768w, https:\/\/www.radiopiu.net\/wordpress\/wp-content\/uploads\/2023\/04\/e0aad41d-951e-47b9-9fae-1a879a9bcb7e-1.jpg 1200w\" sizes=\"auto, (max-width: 110px) 100vw, 110px\" \/><\/a><\/span><\/span><\/h2>\n<h2 style=\"text-align: left;\"><span style=\"color: #ff0000;\"><span style=\"vertical-align: inherit;\">ISCRIVITI AL NOSTRO CANALE\u00a0 <\/span><\/span><span style=\"vertical-align: inherit;\"> YOUTUBE PER SEGUIRE IN DIRETTA I PRINCIPALI PROGRAMMI DI RADIO PIU&#8217; E LE FUTURE DIRETTE IN ESTERNA. PER ISCRIVERTI <\/span><a style=\"color: #ff0000;\" href=\"https:\/\/youtube.com\/@radiopiu1527\"><span style=\"vertical-align: inherit;\">CLICCA QUI <\/span><\/a><span style=\"color: #ff0000; font-size: 14px; font-weight: normal;\"><span style=\"vertical-align: inherit;\">E PREMI\u00a0 &#8220;Iscriviti&#8221;\u00a0 \u00a0 \u00a0\u00a0<\/span><\/span><\/h2>\n<p>&nbsp;<\/p>\n<div class=\"flex-1 overflow-hidden\">\n<div class=\"react-scroll-to-bottom--css-thehu-79elbk h-full dark:bg-gray-800\">\n<div class=\"react-scroll-to-bottom--css-thehu-1n7m0yu\">\n<div class=\"flex flex-col items-center text-sm dark:bg-gray-800\">\n<div class=\"group w-full text-gray-800 dark:text-gray-100 border-b border-black\/10 dark:border-gray-900\/50 bg-gray-50 dark:bg-[#444654]\">\n<div class=\"flex p-4 gap-4 text-base md:gap-6 md:max-w-2xl lg:max-w-xl xl:max-w-3xl md:py-6 lg:px-0 m-auto\">\n<div class=\"relative flex flex-col w-[calc(100%-50px)] gap-1 md:gap-3 lg:w-[calc(100%-115px)]\">\n<div class=\"flex flex-grow flex-col gap-3\">\n<div class=\"min-h-[20px] flex flex-col items-start gap-4 whitespace-pre-wrap break-words\">\n<div class=\"markdown prose w-full break-words dark:prose-invert light\">\n<div class=\"flex-1 overflow-hidden\">\n<div class=\"react-scroll-to-bottom--css-thehu-79elbk h-full dark:bg-gray-800\">\n<div class=\"react-scroll-to-bottom--css-thehu-1n7m0yu\">\n<div class=\"flex flex-col items-center text-sm dark:bg-gray-800\">\n<div class=\"group w-full text-gray-800 dark:text-gray-100 border-b border-black\/10 dark:border-gray-900\/50 bg-gray-50 dark:bg-[#444654]\">\n<div class=\"flex p-4 gap-4 text-base md:gap-6 md:max-w-2xl lg:max-w-xl xl:max-w-3xl md:py-6 lg:px-0 m-auto\">\n<div class=\"relative flex flex-col w-[calc(100%-50px)] gap-1 md:gap-3 lg:w-[calc(100%-115px)]\">\n<div class=\"flex flex-grow flex-col gap-3\">\n<div class=\"min-h-[20px] flex flex-col items-start gap-4 whitespace-pre-wrap break-words\">\n<div class=\"markdown prose w-full break-words dark:prose-invert light\">\n<p>&nbsp;<\/p>\n<\/div>\n<\/div>\n<\/div>\n<\/div>\n<\/div>\n<\/div>\n<\/div>\n<\/div>\n<\/div>\n<\/div>\n<\/div>\n<\/div>\n<\/div>\n<\/div>\n<\/div>\n<\/div>\n<\/div>\n<\/div>\n<\/div>\n<\/div>\n<p>&nbsp;<\/p>\n<hr \/>\n<p>&nbsp;<\/p>\n<p><span style=\"color: #ff0000;\"><strong>E anche STAMANE\u00a0 RADIOPIU si fa in QUATTRO\u00a0 per i suoi ascoltatori&#8230;.<\/strong><\/span><\/p>\n<p><strong><a class=\"dt-pswp-item\" href=\"https:\/\/www.radiopiu.net\/wordpress\/wp-content\/uploads\/2023\/05\/45c9e93f-4def-40e9-8304-d63f8374b423.jpg\" data-dt-img-description=\"\" data-large_image_width=\"1350\" data-large_image_height=\"556\"><img loading=\"lazy\" decoding=\"async\" class=\"wp-image-335437 alignleft\" src=\"https:\/\/www.radiopiu.net\/wordpress\/wp-content\/uploads\/2023\/05\/45c9e93f-4def-40e9-8304-d63f8374b423-300x124.jpg\" alt=\"\" width=\"167\" height=\"69\" srcset=\"https:\/\/www.radiopiu.net\/wordpress\/wp-content\/uploads\/2023\/05\/45c9e93f-4def-40e9-8304-d63f8374b423-300x124.jpg 300w, https:\/\/www.radiopiu.net\/wordpress\/wp-content\/uploads\/2023\/05\/45c9e93f-4def-40e9-8304-d63f8374b423-1024x422.jpg 1024w, https:\/\/www.radiopiu.net\/wordpress\/wp-content\/uploads\/2023\/05\/45c9e93f-4def-40e9-8304-d63f8374b423-768x316.jpg 768w, https:\/\/www.radiopiu.net\/wordpress\/wp-content\/uploads\/2023\/05\/45c9e93f-4def-40e9-8304-d63f8374b423.jpg 1350w\" sizes=\"auto, (max-width: 167px) 100vw, 167px\" \/><\/a>1&#8230;. alle\u00a0 10.30 E 1900 COMITATO D&#8217;INTESA, LA STORIA CON IL FONDATORE RENZO ANDRICH<\/strong><\/p>\n<p><strong>2&#8230;.alle 10.30 LE NOVE IN LADIN CON NICOLA CASSISI_MUSLA (foto)<\/strong><\/p>\n<p><strong>3&#8230;.alle 9.00 Monica Fontanive con le proposte anni Ottanta<\/strong><\/p>\n<p><strong>4. &#8230;.alle 16.00 Mirko Bencivenni Hit Parade, la storia della musica<\/strong><\/p>\n<p><span style=\"color: #666699;\"><strong>E QUESTA SERA DALLE 20.30 DIRETTA FACEBOOK_TELEGRAN_SITO RADIOPIU DALLA SALA DON TAMIS CON L&#8217;APIM (PERITI MINERARI DI AGORDO) NELLA SECONDA SERATA DEI MAGGIO DEI PERITI MINERARI<\/strong><\/span><\/p>\n<p>&nbsp;<\/p>\n<hr \/>\n<p>&nbsp;<\/p>\n<blockquote>\n<h3>IN ALCUNE FRAZIONI DI LIVINALLONGO ACQUA INQUINATA<\/h3>\n<\/blockquote>\n<p><img loading=\"lazy\" decoding=\"async\" class=\"alignleft\" src=\"https:\/\/www.radiopiu.net\/wordpress\/wp-content\/uploads\/2023\/01\/bicchiere-acqua.png\" width=\"110\" height=\"71\" \/>Gestione Servizi Pubblici informa che a LIVINALLONGO DEL COL DI LANA nelle localit\u00e0 PALLA E AGAI l&#8217;acqua erogata dall&#8217;acquedotto non \u00e8 potabile e pu\u00f2 essere usata per scopi alimentari SOLO PREVIA bollitura.<\/p>\n<p>&nbsp;<\/p>\n<p>&nbsp;<\/p>\n<hr \/>\n<p>&nbsp;<\/p>\n<blockquote>\n<h3>TAMPONAMENTO A TRE, DUE FERITI<\/h3>\n<\/blockquote>\n<p><strong>BELLUNO<\/strong> Ieri pomeriggio incidente in via Bagnols,\u00a0 ha coinvolto tre veicoli: una Bravo, un monovolume Ulysse e un furgonato Dobl\u00f2. Un po&#8217; di danni alle carrozzerie e due feriti non gravi. Sul posto i carabinieri, il 118 e i vigili del fuoco.<\/p>\n<p>&nbsp;<\/p>\n<p>&nbsp;<\/p>\n<hr \/>\n<p>&nbsp;<\/p>\n<blockquote>\n<h3>A\u00a0 PASSO STAULANZA LE NEVE INTRAPPOLA UN AUTOARTICOLATO, INTERVENGONO I VOLONTARI<\/h3>\n<\/blockquote>\n<p><em>La segnalazione dell&#8217;emergenza \u00e8 giunta al centralino dei Vigili del Fuoco intorno alle prime ore del mattino<\/em><\/p>\n\n\t\t\t<style type='text\/css'>\n\t\t\t\t#gallery-1 {\n\t\t\t\t\tmargin: auto;\n\t\t\t\t}\n\t\t\t\t#gallery-1 .gallery-item {\n\t\t\t\t\tfloat: left;\n\t\t\t\t\tmargin-top: 10px;\n\t\t\t\t\ttext-align: center;\n\t\t\t\t\twidth: 50%;\n\t\t\t\t}\n\t\t\t\t#gallery-1 img {\n\t\t\t\t\tborder: 2px solid #cfcfcf;\n\t\t\t\t}\n\t\t\t\t#gallery-1 .gallery-caption {\n\t\t\t\t\tmargin-left: 0;\n\t\t\t\t}\n\t\t\t\t\/* see gallery_shortcode() in wp-includes\/media.php *\/\n\t\t\t<\/style>\n\t\t<div id='gallery-1' class='dt-gallery-container gallery galleryid-335371 gallery-columns-2 gallery-size-thumbnail'><dl class='gallery-item'>\n\t\t\t\t<dt class='gallery-icon portrait'>\n\t\t\t\t\t<a class=\"rollover rollover-zoom dt-pswp-item\" title=\"346284041_1889777494713344_5353195504724865623_n\" data-dt-img-description=\"\" data-large_image_width=\"450\" data-large_image_height=\"600\"href='https:\/\/www.radiopiu.net\/wordpress\/wp-content\/uploads\/2023\/05\/346284041_1889777494713344_5353195504724865623_n.jpg'><img loading=\"lazy\" decoding=\"async\" width=\"150\" height=\"150\" src=\"https:\/\/www.radiopiu.net\/wordpress\/wp-content\/uploads\/2023\/05\/346284041_1889777494713344_5353195504724865623_n-150x150.jpg\" class=\"attachment-thumbnail size-thumbnail\" alt=\"\" \/><\/a>\n\t\t\t\t<\/dt><\/dl><dl class='gallery-item'>\n\t\t\t\t<dt class='gallery-icon portrait'>\n\t\t\t\t\t<a class=\"rollover rollover-zoom dt-pswp-item\" title=\"346462649_230733396244321_2052251787756964161_n\" data-dt-img-description=\"\" data-large_image_width=\"450\" data-large_image_height=\"600\"href='https:\/\/www.radiopiu.net\/wordpress\/wp-content\/uploads\/2023\/05\/346462649_230733396244321_2052251787756964161_n.jpg'><img loading=\"lazy\" decoding=\"async\" width=\"150\" height=\"150\" src=\"https:\/\/www.radiopiu.net\/wordpress\/wp-content\/uploads\/2023\/05\/346462649_230733396244321_2052251787756964161_n-150x150.jpg\" class=\"attachment-thumbnail size-thumbnail\" alt=\"\" \/><\/a>\n\t\t\t\t<\/dt><\/dl><br style=\"clear: both\" \/>\n\t\t\t<\/div>\n\n<p><strong>SELVA DI CADORE <\/strong>I Pompieri Volontari di Selva di Cadore ieri mattina verso le 9 sono intervenuti per recupero autoarticolato in difficolt\u00e0 carico di legname , sulla strada del Passo Staulanza .<\/p>\n<p>&nbsp;<\/p>\n<hr \/>\n<p>&nbsp;<\/p>\n<blockquote>\n<h3>LUNEDI L&#8217;AUTOPSIA SU COSTA, LOCALE SEMPRE SOTTO SEQUESTRO<\/h3>\n<\/blockquote>\n<p style=\"text-align: left;\"><strong><a class=\"dt-pswp-item\" href=\"https:\/\/www.radiopiu.net\/wordpress\/wp-content\/uploads\/2023\/05\/Senza-nome-38.jpg\" data-dt-img-description=\"\" data-large_image_width=\"143\" data-large_image_height=\"109\"><img loading=\"lazy\" decoding=\"async\" class=\"size-full wp-image-335345 alignleft\" src=\"https:\/\/www.radiopiu.net\/wordpress\/wp-content\/uploads\/2023\/05\/Senza-nome-38.jpg\" alt=\"\" width=\"143\" height=\"109\" \/><\/a>BELLUNO\u00a0<\/strong> \u00a0Il medico legale incaricato dalla Procura della Repubblica, Antonello Cirnelli la eseguir\u00e0 l&#8217;autopsia sul corpo di Antonio Costa, sar\u00e0\u00a0 affiancato da uno specialista incaricato dall&#8217;avvocato Giorgio Gasperin, che difende di fiducia il presunto omicida Pedro Livert Dominguez. Il 56enne dominicano con la cittadinanza italiana era e rimane l&#8217;unico indagato per l&#8217;ipotesi di reato di omicidio volontario. Non ci sono altri iscritti nel registro, anche se proseguono gli accertamenti sugli amici di Dominguez, che erano alla festa latinoamericana organizzata dal Kangur bar.<\/p>\n<p>&nbsp;<\/p>\n<hr \/>\n<p>&nbsp;<\/p>\n<blockquote>\n<h3>EX ACC, VERSO LA CASSA INTEGRAZIONE<\/h3>\n<\/blockquote>\n<p><strong><a class=\"dt-pswp-item\" href=\"https:\/\/www.radiopiu.net\/wordpress\/wp-content\/uploads\/2023\/05\/th-14.jpg\" data-dt-img-description=\"\" data-large_image_width=\"474\" data-large_image_height=\"259\"><img loading=\"lazy\" decoding=\"async\" class=\" wp-image-335487 alignleft\" src=\"https:\/\/www.radiopiu.net\/wordpress\/wp-content\/uploads\/2023\/05\/th-14-300x164.jpg\" alt=\"\" width=\"234\" height=\"128\" srcset=\"https:\/\/www.radiopiu.net\/wordpress\/wp-content\/uploads\/2023\/05\/th-14-300x164.jpg 300w, https:\/\/www.radiopiu.net\/wordpress\/wp-content\/uploads\/2023\/05\/th-14.jpg 474w\" sizes=\"auto, (max-width: 234px) 100vw, 234px\" \/><\/a>BORGO VALBELLUNA\u00a0<\/strong> Lo stabilimento della Sest di Mel \u00e8\u00a0 costretto a ricorrere alla cassa integrazione ordinaria da maggio a luglio. La nota ai sindacati<em> \u00abla contrazione degli ordini che si sta manifestando ci pone nella necessit\u00e0 di dover ridurre l&#8217;attivit\u00e0 produttiva, siamo orientati a chiedere la cassa ordinaria dal 15 maggio al 28 luglio per i 77 dipendenti dello stabilimento di Borgo Valbelluna che potrebbero essere sospesi a zero ore settimanali (cio\u00e8 stabilimento chiuso) o lavorare ad orario ridotto, riduzione al momento non quantificabile<\/em>\u00bb. E&#8217; da ottobre che, seppur a momenti alterni, anche alla Sest di Limana, la casa madre da cui dipende la fabbrica di Mel, c&#8217;\u00e8 la cassa integrazione ordinaria. Un provvedimento preso per la carenza di ordini<\/p>\n<p>&nbsp;<\/p>\n<p>&nbsp;<\/p>\n<hr \/>\n<p>&nbsp;<\/p>\n<blockquote>\n<h3>NEVEGAL: C&#8217;E&#8217; L&#8217;OFFERTA MA PER LE CONFERME E&#8217; PRESTO<\/h3>\n<\/blockquote>\n<p><strong><img loading=\"lazy\" decoding=\"async\" class=\"alignleft\" src=\"https:\/\/www.radiopiu.net\/wordpress\/wp-content\/uploads\/2019\/08\/alpe-del-nevegal-seggiovia-1600x625.jpg\" width=\"222\" height=\"87\" \/>BELLUNO<\/strong> L&#8217;offerta per la gestione degli impianti di risalita a Nevegal \u00e8 stata presentata da Nevegal 2021, ma la decisione finale non \u00e8 ancora stata presa. La busta contenente l&#8217;offerta verr\u00e0 aperta venerd\u00ec alle 10 e successivamente saranno esaminati i requisiti e la documentazione prima di procedere con l&#8217;assegnazione. Nessuno degli interessati ha rilasciato commenti prima dell&#8217;apertura della busta, mantenendo una certa prudenza.<\/p>\n<p><strong>DI DANIELE DALVIT<\/strong><\/p>\n<audio class=\"wp-audio-shortcode\" id=\"audio-335371-1\" preload=\"none\" style=\"width: 100%;\" controls=\"controls\"><source type=\"audio\/mpeg\" src=\"https:\/\/www.radiopiu.net\/wordpress\/wp-content\/uploads\/2023\/05\/Radio-Piu-Servizio-Offerta-bando-Nevegal-1.mp3?_=1\" \/><a href=\"https:\/\/www.radiopiu.net\/wordpress\/wp-content\/uploads\/2023\/05\/Radio-Piu-Servizio-Offerta-bando-Nevegal-1.mp3\">https:\/\/www.radiopiu.net\/wordpress\/wp-content\/uploads\/2023\/05\/Radio-Piu-Servizio-Offerta-bando-Nevegal-1.mp3<\/a><\/audio>\n<p>&nbsp;<\/p>\n<p>&nbsp;<\/p>\n<hr \/>\n<p>&nbsp;<\/p>\n<blockquote>\n<h2>LA NUOVA CABINOVIA SUL PORDOI, IMPIANTO DA 3400 PERSONE-ORA<\/h2>\n<\/blockquote>\n<p><strong><img loading=\"lazy\" decoding=\"async\" class=\"alignleft\" src=\"https:\/\/www.radiopiu.net\/wordpress\/wp-content\/uploads\/2023\/05\/th-13.jpg\" width=\"196\" height=\"112\" \/>LIVINALLONGO<\/strong><\/p>\n<p><strong>DI LORENZO SORATROI<\/strong><\/p>\n<audio class=\"wp-audio-shortcode\" id=\"audio-335371-2\" preload=\"none\" style=\"width: 100%;\" controls=\"controls\"><source type=\"audio\/mpeg\" src=\"https:\/\/www.radiopiu.net\/wordpress\/wp-content\/uploads\/2023\/05\/lorenzo-1.mp3?_=2\" \/><a href=\"https:\/\/www.radiopiu.net\/wordpress\/wp-content\/uploads\/2023\/05\/lorenzo-1.mp3\">https:\/\/www.radiopiu.net\/wordpress\/wp-content\/uploads\/2023\/05\/lorenzo-1.mp3<\/a><\/audio>\n<p>&nbsp;<\/p>\n<p><a class=\"dt-pswp-item\" href=\"https:\/\/www.radiopiu.net\/wordpress\/wp-content\/uploads\/2022\/04\/17692_10207012189852748_5471450093412142748_n.jpg\" data-dt-img-description=\"\" data-large_image_width=\"610\" data-large_image_height=\"610\"><img loading=\"lazy\" decoding=\"async\" class=\"alignnone wp-image-268911\" src=\"https:\/\/www.radiopiu.net\/wordpress\/wp-content\/uploads\/2022\/04\/17692_10207012189852748_5471450093412142748_n-300x300.jpg\" alt=\"\" width=\"162\" height=\"162\" srcset=\"https:\/\/www.radiopiu.net\/wordpress\/wp-content\/uploads\/2022\/04\/17692_10207012189852748_5471450093412142748_n-300x300.jpg 300w, https:\/\/www.radiopiu.net\/wordpress\/wp-content\/uploads\/2022\/04\/17692_10207012189852748_5471450093412142748_n-150x150.jpg 150w, https:\/\/www.radiopiu.net\/wordpress\/wp-content\/uploads\/2022\/04\/17692_10207012189852748_5471450093412142748_n.jpg 610w\" sizes=\"auto, (max-width: 162px) 100vw, 162px\" \/><\/a>GIANPAOLO SORATROI, DIRETTORE DI STAZIONE<\/p>\n<p>&nbsp;<\/p>\n<p>&nbsp;<\/p>\n<hr \/>\n<blockquote>\n<h3><\/h3>\n<h3>UN NUOVO DISEGNO DI LEGGE CONTRO LE TRUFFE<\/h3>\n<\/blockquote>\n<p><a class=\"dt-pswp-item\" href=\"https:\/\/www.radiopiu.net\/wordpress\/wp-content\/uploads\/2021\/03\/ANDREA-DE-BERNARDIN.jpg\" data-dt-img-description=\"andrea de bernardin\" data-large_image_width=\"960\" data-large_image_height=\"540\"><img loading=\"lazy\" decoding=\"async\" class=\"wp-image-195558 alignleft\" src=\"https:\/\/www.radiopiu.net\/wordpress\/wp-content\/uploads\/2021\/03\/ANDREA-DE-BERNARDIN-300x169.jpg\" alt=\"\" width=\"167\" height=\"94\" srcset=\"https:\/\/www.radiopiu.net\/wordpress\/wp-content\/uploads\/2021\/03\/ANDREA-DE-BERNARDIN-300x169.jpg 300w, https:\/\/www.radiopiu.net\/wordpress\/wp-content\/uploads\/2021\/03\/ANDREA-DE-BERNARDIN-768x432.jpg 768w, https:\/\/www.radiopiu.net\/wordpress\/wp-content\/uploads\/2021\/03\/ANDREA-DE-BERNARDIN.jpg 960w\" sizes=\"auto, (max-width: 167px) 100vw, 167px\" \/><\/a><strong>BELLUNO\u00a0<\/strong> <em>&#8220;Vengono perpetrate quasi 22 truffe al mese in provincia di Belluno, si parla di quasi una al giorno e per lo pi\u00f9 ai danni di anziani e di persone fragili secondo i dati del 2022. Il nuovo disegno di legge della Lega d\u00e0 una risposta chiara e concreta a quella che, nel nostro territorio, \u00e8 quasi un\u2019emergenza\u201d.\u00a0 <\/em>Sono le parole del segretario provinciale della Lega Andrea De Bernardin, in merito al nuovo disegno di legge a favore della legalit\u00e0 promosso e portato avanti dal partito di Salvini.<\/p>\n<p><strong>ANDREA DE BERNARDIN, SEGRETARIO PROVINCIALE DELLA LEGA<\/strong><\/p>\n<audio class=\"wp-audio-shortcode\" id=\"audio-335371-3\" preload=\"none\" style=\"width: 100%;\" controls=\"controls\"><source type=\"audio\/mpeg\" src=\"https:\/\/www.radiopiu.net\/wordpress\/wp-content\/uploads\/2023\/05\/De-Bernardin.mp3?_=3\" \/><a href=\"https:\/\/www.radiopiu.net\/wordpress\/wp-content\/uploads\/2023\/05\/De-Bernardin.mp3\">https:\/\/www.radiopiu.net\/wordpress\/wp-content\/uploads\/2023\/05\/De-Bernardin.mp3<\/a><\/audio>\n<p>&nbsp;<\/p>\n<hr \/>\n<p>&nbsp;<\/p>\n<blockquote>\n<h3>CARO-AFFITTI UNIVERSITARI. SCOPEL: &#8220;UTILIZZIAMO RISORSE AD HOC PER LE FAMIGLIE DEGLI STUDENTI BELLUNESI&#8221;<\/h3>\n<\/blockquote>\n<p><strong><a class=\"dt-pswp-item\" href=\"https:\/\/www.radiopiu.net\/wordpress\/wp-content\/uploads\/2023\/01\/SCOPEL.png\" data-dt-img-description=\"\" data-large_image_width=\"1234\" data-large_image_height=\"780\"><img loading=\"lazy\" decoding=\"async\" class=\" wp-image-315591 alignleft\" src=\"https:\/\/www.radiopiu.net\/wordpress\/wp-content\/uploads\/2023\/01\/SCOPEL-300x190.png\" alt=\"\" width=\"136\" height=\"86\" srcset=\"https:\/\/www.radiopiu.net\/wordpress\/wp-content\/uploads\/2023\/01\/SCOPEL-300x190.png 300w, https:\/\/www.radiopiu.net\/wordpress\/wp-content\/uploads\/2023\/01\/SCOPEL-1024x647.png 1024w, https:\/\/www.radiopiu.net\/wordpress\/wp-content\/uploads\/2023\/01\/SCOPEL-768x485.png 768w, https:\/\/www.radiopiu.net\/wordpress\/wp-content\/uploads\/2023\/01\/SCOPEL.png 1234w\" sizes=\"auto, (max-width: 136px) 100vw, 136px\" \/><\/a>SEREN DEL GRAPPA<\/strong> La questione, purtroppo, non \u00e8 nuova, ma l\u2019enfasi mediatica di queste ore a seguito della protesta degli studenti in molte citt\u00e0 italiane, sta riportando, giustamente, all\u2019attenzione delle cronache il problema del costo esorbitante degli affitti per gli studenti universitari fuori sede.<\/p>\n<p><strong>DARIO SCOPEL, SINDACO DI SEREN DEL GRAPPA<\/strong><\/p>\n<audio class=\"wp-audio-shortcode\" id=\"audio-335371-4\" preload=\"none\" style=\"width: 100%;\" controls=\"controls\"><source type=\"audio\/mpeg\" src=\"https:\/\/www.radiopiu.net\/wordpress\/wp-content\/uploads\/2023\/05\/SCOPEL-AFFITTI-UNIVERSITARI.mp3?_=4\" \/><a href=\"https:\/\/www.radiopiu.net\/wordpress\/wp-content\/uploads\/2023\/05\/SCOPEL-AFFITTI-UNIVERSITARI.mp3\">https:\/\/www.radiopiu.net\/wordpress\/wp-content\/uploads\/2023\/05\/SCOPEL-AFFITTI-UNIVERSITARI.mp3<\/a><\/audio>\n<p>&nbsp;<\/p>\n<p>&nbsp;<\/p>\n<hr \/>\n<p>&nbsp;<\/p>\n<blockquote>\n<h3>MAGGIO: MESE DELLA PREVENZIONE DEL MELANOMA. ULSS DOLOMITI ATTIVA CON VARI PROGETTI<\/h3>\n<\/blockquote>\n<p><strong><a class=\"dt-pswp-item\" href=\"https:\/\/www.radiopiu.net\/wordpress\/wp-content\/uploads\/2021\/03\/ULSS-1.jpg\" data-dt-img-description=\"\" data-large_image_width=\"776\" data-large_image_height=\"408\"><img loading=\"lazy\" decoding=\"async\" class=\" wp-image-198838 alignleft\" src=\"https:\/\/www.radiopiu.net\/wordpress\/wp-content\/uploads\/2021\/03\/ULSS-1-300x158.jpg\" alt=\"\" width=\"161\" height=\"85\" srcset=\"https:\/\/www.radiopiu.net\/wordpress\/wp-content\/uploads\/2021\/03\/ULSS-1-300x158.jpg 300w, https:\/\/www.radiopiu.net\/wordpress\/wp-content\/uploads\/2021\/03\/ULSS-1-768x404.jpg 768w, https:\/\/www.radiopiu.net\/wordpress\/wp-content\/uploads\/2021\/03\/ULSS-1.jpg 776w\" sizes=\"auto, (max-width: 161px) 100vw, 161px\" \/><\/a>BELLUNO \u00a0<\/strong>La provincia di Belluno, come altre province montane, presenta tassi di incidenza del melanoma, importante tumore maligno della pelle, particolarmente significativi e in crescita negli ultimi anni. L\u2019Ulss Dolomiti, in collaborazione con l\u2019Universit\u00e0 di Padova, il Servizio Epidemiologico Regionale e lo IOV, sta mettendo in campo varie iniziative di contrasto , finalizzate soprattutto ad aumentare nella popolazione la percezione del rischio di malattia e conseguentemente a promuovere l\u2019adozione di comportamenti protettivi. Il melanoma si previene infatti riducendo l\u2019esposizione al sole, specie nelle ore pi\u00f9 calde, sia mediante abbigliamento protettivo (maglietta, cappellino, etc), sia usando regolarmente, anche con pi\u00f9 applicazioni giornaliere, creme solari con adeguato fattore di protezione (almeno 30). Oggi alle 18.00, nella sala convegni dell\u2019ospedale di Feltre, verranno premiate le classi che nell\u2019anno scolastico in corso hanno lavorato su questo tema, guidate dai loro insegnanti, producendo disegni e altro materiale divulgativo, con messaggi positivi, che verranno utilizzati, tra l\u2019altro, per stampare le tovagliette di carta dei nostri rifugi alpini.<\/p>\n<p>&nbsp;<\/p>\n<p>&nbsp;<\/p>\n<hr \/>\n<p>&nbsp;<\/p>\n<blockquote>\n<h3>LA CARTA DI ACCOGLIENZA DEL VENETO TRA LAVAGNA E BANCHI DI SCUOLA<\/h3>\n<\/blockquote>\n<p><strong><a class=\"dt-pswp-item\" href=\"https:\/\/www.radiopiu.net\/wordpress\/wp-content\/uploads\/2023\/05\/eeea9e93-1e04-425b-84ba-b6c9f0c87c28.jpg\" data-dt-img-description=\"\" data-large_image_width=\"2048\" data-large_image_height=\"1536\"><img loading=\"lazy\" decoding=\"async\" class=\"wp-image-335460 alignleft\" src=\"https:\/\/www.radiopiu.net\/wordpress\/wp-content\/uploads\/2023\/05\/eeea9e93-1e04-425b-84ba-b6c9f0c87c28-300x225.jpg\" alt=\"\" width=\"155\" height=\"116\" srcset=\"https:\/\/www.radiopiu.net\/wordpress\/wp-content\/uploads\/2023\/05\/eeea9e93-1e04-425b-84ba-b6c9f0c87c28-300x225.jpg 300w, https:\/\/www.radiopiu.net\/wordpress\/wp-content\/uploads\/2023\/05\/eeea9e93-1e04-425b-84ba-b6c9f0c87c28-1024x768.jpg 1024w, https:\/\/www.radiopiu.net\/wordpress\/wp-content\/uploads\/2023\/05\/eeea9e93-1e04-425b-84ba-b6c9f0c87c28-768x576.jpg 768w, https:\/\/www.radiopiu.net\/wordpress\/wp-content\/uploads\/2023\/05\/eeea9e93-1e04-425b-84ba-b6c9f0c87c28-1536x1152.jpg 1536w, https:\/\/www.radiopiu.net\/wordpress\/wp-content\/uploads\/2023\/05\/eeea9e93-1e04-425b-84ba-b6c9f0c87c28.jpg 2048w\" sizes=\"auto, (max-width: 155px) 100vw, 155px\" \/><\/a>BELLUNO\u00a0<\/strong> Mattinata di formazione dedicata agli operatori turistici bellunesi, quella di oggi a Palazzo Bembo, nel capoluogo, dove \u00e8 stata illustrata la Carta dell&#8217;accoglienza della Regione Veneto.<\/p>\n<p><strong>DI DANIELE DALVIT<\/strong><\/p>\n<audio class=\"wp-audio-shortcode\" id=\"audio-335371-5\" preload=\"none\" style=\"width: 100%;\" controls=\"controls\"><source type=\"audio\/mpeg\" src=\"https:\/\/www.radiopiu.net\/wordpress\/wp-content\/uploads\/2023\/05\/Radio-Piu-Servizio-Carta-accoglienza-Veneto.mp3?_=5\" \/><a href=\"https:\/\/www.radiopiu.net\/wordpress\/wp-content\/uploads\/2023\/05\/Radio-Piu-Servizio-Carta-accoglienza-Veneto.mp3\">https:\/\/www.radiopiu.net\/wordpress\/wp-content\/uploads\/2023\/05\/Radio-Piu-Servizio-Carta-accoglienza-Veneto.mp3<\/a><\/audio>\n<p>&nbsp;<\/p>\n<p>&nbsp;<\/p>\n<hr \/>\n<p>&nbsp;<\/p>\n<p>&nbsp;<\/p>\n<blockquote>\n<h3>ARRIVA IL GIRO D&#8217;ITALIA, IL SINDACO CHIUDE LE SCUOLE PER UN GIORNO<\/h3>\n<\/blockquote>\n<p><em><img loading=\"lazy\" decoding=\"async\" class=\"alignleft\" src=\"https:\/\/www.radiopiu.net\/wordpress\/wp-content\/uploads\/2018\/04\/giroditalia2016-2.jpg\" width=\"183\" height=\"103\" \/>ALLEGHE<\/em><\/p>\n<p><em>DI GIANNI SANTOMASO<\/em><\/p>\n<audio class=\"wp-audio-shortcode\" id=\"audio-335371-6\" preload=\"none\" style=\"width: 100%;\" controls=\"controls\"><source type=\"audio\/mpeg\" src=\"https:\/\/www.radiopiu.net\/wordpress\/wp-content\/uploads\/2023\/05\/gianni-scuola.mp3?_=6\" \/><a href=\"https:\/\/www.radiopiu.net\/wordpress\/wp-content\/uploads\/2023\/05\/gianni-scuola.mp3\">https:\/\/www.radiopiu.net\/wordpress\/wp-content\/uploads\/2023\/05\/gianni-scuola.mp3<\/a><\/audio>\n<p>&nbsp;<\/p>\n<p>&nbsp;<\/p>\n<hr \/>\n<p>&nbsp;<\/p>\n<p align=\"CENTER\"><span style=\"font-size: large;\"><b><a class=\"dt-pswp-item\" href=\"https:\/\/www.radiopiu.net\/wordpress\/wp-content\/uploads\/2023\/05\/Museo-Colnago-in-esposizione-al-Villaggio-in-rosa.jpg\" data-dt-img-description=\"\" data-large_image_width=\"2500\" data-large_image_height=\"1875\"><img loading=\"lazy\" decoding=\"async\" class=\" wp-image-335429 alignleft\" src=\"https:\/\/www.radiopiu.net\/wordpress\/wp-content\/uploads\/2023\/05\/Museo-Colnago-in-esposizione-al-Villaggio-in-rosa-300x225.jpg\" alt=\"\" width=\"177\" height=\"133\" srcset=\"https:\/\/www.radiopiu.net\/wordpress\/wp-content\/uploads\/2023\/05\/Museo-Colnago-in-esposizione-al-Villaggio-in-rosa-300x225.jpg 300w, https:\/\/www.radiopiu.net\/wordpress\/wp-content\/uploads\/2023\/05\/Museo-Colnago-in-esposizione-al-Villaggio-in-rosa-1024x768.jpg 1024w, https:\/\/www.radiopiu.net\/wordpress\/wp-content\/uploads\/2023\/05\/Museo-Colnago-in-esposizione-al-Villaggio-in-rosa-768x576.jpg 768w, https:\/\/www.radiopiu.net\/wordpress\/wp-content\/uploads\/2023\/05\/Museo-Colnago-in-esposizione-al-Villaggio-in-rosa-1536x1152.jpg 1536w, https:\/\/www.radiopiu.net\/wordpress\/wp-content\/uploads\/2023\/05\/Museo-Colnago-in-esposizione-al-Villaggio-in-rosa-2048x1536.jpg 2048w\" sizes=\"auto, (max-width: 177px) 100vw, 177px\" \/><\/a>La storia del grande ciclismo in mostra a Longarone Fiere Dolomiti<\/b><\/span><\/p>\n<p><strong>lLONGARONE<\/strong> Pezzi rari da collezione, biciclette che hanno fatto la storia del ciclismo, le maglie dei protagonisti e molto altro. Questo \u00e8 il &#8220;tesoro&#8221; che sar\u00e0 esposto a Longarone Fiere Dolomiti durante le tappe del Giro d&#8217;Italia. Il polo fieristico diventer\u00e0 una &#8220;cittadella rosa&#8221;, vestita a tema per le due tappe bellunesi. Saranno presenti collezioni rare e preziose provenienti da tre musei specializzati in biciclette.<\/p>\n<p><strong>ENRICO DE BONA, COORDINATORE COMITATO DI TAPPA<\/strong><\/p>\n<div style=\"width: 1200px;\" class=\"wp-video\"><video class=\"wp-video-shortcode\" id=\"video-335371-1\" width=\"1200\" height=\"675\" preload=\"metadata\" controls=\"controls\"><source type=\"video\/mp4\" src=\"https:\/\/www.radiopiu.net\/wordpress\/wp-content\/uploads\/2023\/05\/02-Villaggio-in-rosa-i-tre-musei.mp4?_=1\" \/><a href=\"https:\/\/www.radiopiu.net\/wordpress\/wp-content\/uploads\/2023\/05\/02-Villaggio-in-rosa-i-tre-musei.mp4\">https:\/\/www.radiopiu.net\/wordpress\/wp-content\/uploads\/2023\/05\/02-Villaggio-in-rosa-i-tre-musei.mp4<\/a><\/video><\/div>\n<p>&nbsp;<\/p>\n<hr \/>\n<p>&nbsp;<\/p>\n<p><strong>OGGI SUL CORRIERE DELLE ALPI<\/strong><br \/>\n<strong>DI GIGI SOSSO<\/strong><\/p>\n<p><strong><img loading=\"lazy\" decoding=\"async\" class=\"alignleft\" src=\"https:\/\/www.radiopiu.net\/wordpress\/wp-content\/uploads\/2022\/03\/TRIBUNALE-2.jpg\" width=\"225\" height=\"169\" \/>CORTINA<\/strong> Il caso di una donna accusata di mettere in pericolo la vita della madre anziana a causa delle sue convinzioni anti-farmaci e anti-medici. Secondo la magistratura, la donna imponeva solo rimedi omeopatici alla madre affetta da problemi psichiatrici e impediva le visite mediche specialistiche e geriatriche. Inoltre, la faceva sottoporre a un trattamento chiamato idrocolonterapia, nonostante il medico di base l&#8217;avesse sconsigliato poich\u00e9 pericoloso per le persone anziane. L&#8217;idrocolonterapia consiste nel lavaggio del colon retto per eliminare tracce di medicine, tossine e residui alimentari. La figlia che ha denunciato il caso ha anche accusato la donna di maltrattamenti, affermando che l&#8217;anziana madre \u00e8 stata chiusa a chiave nella sua stanza e legata con stringhe e corde durante momenti di crisi profonda. Inizialmente, il padre non condivideva le ideologie della figlia naturopata, ma in seguito si \u00e8 adeguato e ora \u00e8 coinvolto nel processo giudiziario dopo la denuncia presentata nell&#8217;11 settembre 2020. La figlia querelante ha testimoniato che quando \u00e8 andata a casa dei genitori, ha notato che sua madre era in uno stato di salute precario. Era dimagrita e sembrava irriconoscibile. La madre soffriva di problemi psichiatrici fin dal 1993, ma la figlia accusata sosteneva che i medici fossero solo interessati a far soldi con i farmaci e mettere la madre nelle loro mani avrebbe significato consegnarla alla morte. La figlia\u00a0 annullava gli appuntamenti con i medici e vietava le terapie farmacologiche. Ad esempio, ha impedito al medico di base di visitare sua madre il 15 luglio, rimandando l&#8217;appuntamento al giorno successivo con pretesti vari. Inoltre, ha negato l&#8217;esigenza di ulteriori accertamenti&#8230;<\/p>\n<p>&nbsp;<\/p>\n<hr \/>\n<p>&nbsp;<\/p>\n<blockquote>\n<h3><strong>ALICE CANTA BATTIATO,\u00a0 TUTTO ESAURITO AL TETRATO COMUNALE. APPLAUSI E &#8220;BRAVA&#8221; A RIPETIZIONE.\u00a0<\/strong><\/h3>\n<div class=\"group w-full text-gray-800 dark:text-gray-100 border-b border-black\/10 dark:border-gray-900\/50 bg-gray-50 dark:bg-[#444654]\">\n<div class=\"flex p-4 gap-4 text-base md:gap-6 md:max-w-2xl lg:max-w-xl xl:max-w-3xl md:py-6 lg:px-0 m-auto\">\n<div class=\"relative flex flex-col w-[calc(100%-50px)] gap-1 md:gap-3 lg:w-[calc(100%-115px)]\">\n<div class=\"flex flex-grow flex-col gap-3\">\n<div class=\"min-h-[20px] flex flex-col items-start gap-4 whitespace-pre-wrap break-words\">\n<div class=\"markdown prose w-full break-words dark:prose-invert light\">\n<p>Alice \u00e8 il nome d&#8217;arte di Carla Bissi, una cantante italiana. &#8220;Per Elisa&#8221; \u00e8 una delle sue canzoni pi\u00f9 famose, pubblicata nel 1981, che ha contribuito a consolidare la sua carriera musicale. Alice \u00e8 nota per la sua voce particolare e per le sue interpretazioni intense e emozionali. Ha continuato a registrare e ad esibirsi per molti anni, realizzando numerosi successi nel panorama musicale italiano.<\/p>\n<\/div>\n<\/div>\n<\/div>\n<\/div>\n<\/div>\n<\/div>\n<\/blockquote>\n\n\t\t\t<style type='text\/css'>\n\t\t\t\t#gallery-2 {\n\t\t\t\t\tmargin: auto;\n\t\t\t\t}\n\t\t\t\t#gallery-2 .gallery-item {\n\t\t\t\t\tfloat: left;\n\t\t\t\t\tmargin-top: 10px;\n\t\t\t\t\ttext-align: center;\n\t\t\t\t\twidth: 50%;\n\t\t\t\t}\n\t\t\t\t#gallery-2 img {\n\t\t\t\t\tborder: 2px solid #cfcfcf;\n\t\t\t\t}\n\t\t\t\t#gallery-2 .gallery-caption {\n\t\t\t\t\tmargin-left: 0;\n\t\t\t\t}\n\t\t\t\t\/* see gallery_shortcode() in wp-includes\/media.php *\/\n\t\t\t<\/style>\n\t\t<div id='gallery-2' class='dt-gallery-container gallery galleryid-335371 gallery-columns-2 gallery-size-medium'><dl class='gallery-item'>\n\t\t\t\t<dt class='gallery-icon landscape'>\n\t\t\t\t\t<a class=\"rollover rollover-zoom dt-pswp-item\" title=\"c9cda1f9-65b1-4130-a82c-04b8143fd596\" data-dt-img-description=\"\" data-large_image_width=\"1600\" data-large_image_height=\"900\"href='https:\/\/www.radiopiu.net\/wordpress\/wp-content\/uploads\/2023\/05\/c9cda1f9-65b1-4130-a82c-04b8143fd596.jpg'><img loading=\"lazy\" decoding=\"async\" width=\"300\" height=\"169\" src=\"https:\/\/www.radiopiu.net\/wordpress\/wp-content\/uploads\/2023\/05\/c9cda1f9-65b1-4130-a82c-04b8143fd596-300x169.jpg\" class=\"attachment-medium size-medium\" alt=\"\" srcset=\"https:\/\/www.radiopiu.net\/wordpress\/wp-content\/uploads\/2023\/05\/c9cda1f9-65b1-4130-a82c-04b8143fd596-300x169.jpg 300w, https:\/\/www.radiopiu.net\/wordpress\/wp-content\/uploads\/2023\/05\/c9cda1f9-65b1-4130-a82c-04b8143fd596-1024x576.jpg 1024w, https:\/\/www.radiopiu.net\/wordpress\/wp-content\/uploads\/2023\/05\/c9cda1f9-65b1-4130-a82c-04b8143fd596-768x432.jpg 768w, https:\/\/www.radiopiu.net\/wordpress\/wp-content\/uploads\/2023\/05\/c9cda1f9-65b1-4130-a82c-04b8143fd596-1536x864.jpg 1536w, https:\/\/www.radiopiu.net\/wordpress\/wp-content\/uploads\/2023\/05\/c9cda1f9-65b1-4130-a82c-04b8143fd596.jpg 1600w\" sizes=\"auto, (max-width: 300px) 100vw, 300px\" \/><\/a>\n\t\t\t\t<\/dt><\/dl><dl class='gallery-item'>\n\t\t\t\t<dt class='gallery-icon landscape'>\n\t\t\t\t\t<a class=\"rollover rollover-zoom dt-pswp-item\" title=\"2a2740b6-ce14-44c7-96fd-c9ba6f9ff96c\" data-dt-img-description=\"\" data-large_image_width=\"1600\" data-large_image_height=\"900\"href='https:\/\/www.radiopiu.net\/wordpress\/wp-content\/uploads\/2023\/05\/2a2740b6-ce14-44c7-96fd-c9ba6f9ff96c.jpg'><img loading=\"lazy\" decoding=\"async\" width=\"300\" height=\"169\" src=\"https:\/\/www.radiopiu.net\/wordpress\/wp-content\/uploads\/2023\/05\/2a2740b6-ce14-44c7-96fd-c9ba6f9ff96c-300x169.jpg\" class=\"attachment-medium size-medium\" alt=\"\" srcset=\"https:\/\/www.radiopiu.net\/wordpress\/wp-content\/uploads\/2023\/05\/2a2740b6-ce14-44c7-96fd-c9ba6f9ff96c-300x169.jpg 300w, https:\/\/www.radiopiu.net\/wordpress\/wp-content\/uploads\/2023\/05\/2a2740b6-ce14-44c7-96fd-c9ba6f9ff96c-1024x576.jpg 1024w, https:\/\/www.radiopiu.net\/wordpress\/wp-content\/uploads\/2023\/05\/2a2740b6-ce14-44c7-96fd-c9ba6f9ff96c-768x432.jpg 768w, https:\/\/www.radiopiu.net\/wordpress\/wp-content\/uploads\/2023\/05\/2a2740b6-ce14-44c7-96fd-c9ba6f9ff96c-1536x864.jpg 1536w, https:\/\/www.radiopiu.net\/wordpress\/wp-content\/uploads\/2023\/05\/2a2740b6-ce14-44c7-96fd-c9ba6f9ff96c.jpg 1600w\" sizes=\"auto, (max-width: 300px) 100vw, 300px\" \/><\/a>\n\t\t\t\t<\/dt><\/dl><br style=\"clear: both\" \/>\n\t\t\t<\/div>\n\n<div class=\"flex-1 overflow-hidden\">\n<div class=\"react-scroll-to-bottom--css-thehu-79elbk h-full dark:bg-gray-800\">\n<div class=\"react-scroll-to-bottom--css-thehu-1n7m0yu\">\n<div class=\"flex flex-col items-center text-sm dark:bg-gray-800\">\n<div class=\"group w-full text-gray-800 dark:text-gray-100 border-b border-black\/10 dark:border-gray-900\/50 bg-gray-50 dark:bg-[#444654]\">\n<div class=\"flex p-4 gap-4 text-base md:gap-6 md:max-w-2xl lg:max-w-xl xl:max-w-3xl md:py-6 lg:px-0 m-auto\">\n<div class=\"relative flex flex-col w-[calc(100%-50px)] gap-1 md:gap-3 lg:w-[calc(100%-115px)]\">\n<div class=\"flex flex-grow flex-col gap-3\">\n<div class=\"min-h-[20px] flex flex-col items-start gap-4 whitespace-pre-wrap break-words\">\n<div class=\"markdown prose w-full break-words dark:prose-invert light\">\n<div class=\"flex-1 overflow-hidden\">\n<div class=\"react-scroll-to-bottom--css-thehu-79elbk h-full dark:bg-gray-800\">\n<div class=\"react-scroll-to-bottom--css-thehu-1n7m0yu\">\n<div class=\"flex flex-col items-center text-sm dark:bg-gray-800\">\n<div class=\"group w-full text-gray-800 dark:text-gray-100 border-b border-black\/10 dark:border-gray-900\/50 bg-gray-50 dark:bg-[#444654]\">\n<div class=\"flex p-4 gap-4 text-base md:gap-6 md:max-w-2xl lg:max-w-xl xl:max-w-3xl md:py-6 lg:px-0 m-auto\">\n<div class=\"relative flex flex-col w-[calc(100%-50px)] gap-1 md:gap-3 lg:w-[calc(100%-115px)]\">\n<div class=\"flex flex-grow flex-col gap-3\">\n<div class=\"min-h-[20px] flex flex-col items-start gap-4 whitespace-pre-wrap break-words\">\n<div class=\"markdown prose w-full break-words dark:prose-invert light\">\n<p>Alice, una delle voci pi\u00f9 riconoscibili e apprezzate della musica italiana, ha dedicato una parte significativa della sua carriera all&#8217;interpretazione delle canzoni di Franco Battiato. L&#8217;incontro tra Alice e Battiato \u00e8 stato un momento di fusione tra due grandi artisti, dando vita a una collaborazione musicale di successo e di grande intensit\u00e0 emotiva. Alice, il cui vero nome \u00e8 Carla Bissi, ha iniziato la sua carriera negli anni &#8217;70, distinguendosi per la sua voce unica e per la sua capacit\u00e0 di trasmettere emozioni profonde attraverso la musica. Nel corso degli anni, ha dimostrato una grande versatilit\u00e0 artistica, spaziando tra generi diversi, dalla musica leggera al pop, dal rock all&#8217;elettronica. Ma \u00e8 stato il suo incontro con Franco Battiato a segnare un punto di svolta nella sua carriera. Le canzoni di Battiato interpretate da Alice spaziano dalle atmosfere eteree e suggestive di brani come &#8220;E ti vengo a cercare&#8221; e &#8220;Chan-son Egocentrique&#8221; alle ballate intense e malinconiche come &#8220;Prospettiva Nevski&#8221;. Alice ha dimostrato una grande sensibilit\u00e0 nell&#8217;interpretare le parole e la musica di Battiato, dando vita a versioni che, seppur fedeli all&#8217;originale, portano la sua impronta unica.<\/p>\n<\/div>\n<\/div>\n<\/div>\n<\/div>\n<\/div>\n<\/div>\n<\/div>\n<\/div>\n<\/div>\n<\/div>\n<\/div>\n<\/div>\n<\/div>\n<\/div>\n<\/div>\n<\/div>\n<\/div>\n<\/div>\n<\/div>\n<\/div>\n<p>&nbsp;<\/p>\n<p>&nbsp;<\/p>\n<hr \/>\n<p>&nbsp;<\/p>\n<div class=\"group w-full text-gray-800 dark:text-gray-100 border-b border-black\/10 dark:border-gray-900\/50 bg-gray-50 dark:bg-[#444654]\">\n<div class=\"flex p-4 gap-4 text-base md:gap-6 md:max-w-2xl lg:max-w-xl xl:max-w-3xl md:py-6 lg:px-0 m-auto\">\n<div class=\"relative flex flex-col w-[calc(100%-50px)] gap-1 md:gap-3 lg:w-[calc(100%-115px)]\">\n<div class=\"flex flex-grow flex-col gap-3\">\n<div class=\"min-h-[20px] flex flex-col items-start gap-4 whitespace-pre-wrap break-words\">\n<div class=\"markdown prose w-full break-words dark:prose-invert light\">\n<blockquote>\n<h3>&#8220;Un secolo di partenze: Gli ex emigranti raccontano le loro storie al MiM Belluno&#8221;<\/h3>\n<\/blockquote>\n<\/div>\n<\/div>\n<\/div>\n<\/div>\n<\/div>\n<\/div>\n<p><strong>BELLUNO<\/strong> &#8220;Un secolo di partenze&#8221; \u00e8 il titolo del primo evento in occasione del 10\u00b0 anniversario del MiM Belluno &#8211; Museo interattivo delle Migrazioni. L&#8217;evento si svolger\u00e0 oggi, alle ore 18:00 nella Sala del MiM in via Cavour 3 a Belluno. Gli ex emigranti saranno i protagonisti della serata, tra cui Marco Perot dalla Svizzera, Michelangelo Corazza dall&#8217;Austria, Franca Gervasi dalla Svizzera, Rino Budel dal mondo, Mila Burlon dalla Svizzera e Venecia Simoes dall&#8217;Uruguay. L&#8217;incontro sar\u00e0 moderato da Ernestina Dalla Corte Lucio ed \u00e8 a ingresso libero. Il tema principale dell&#8217;evento \u00e8 il movimento delle persone nel mondo e le ragioni che le spingono a emigrare, solitamente legate al desiderio di migliorare le proprie condizioni di vita. Questo argomento rappresenta il cuore del MiM Belluno, il museo interattivo dell&#8217;Associazione Bellunesi nel Mondo.<\/p>\n<div class=\"page-title-head hgroup\"><\/div>\n<div>\n<hr \/>\n<\/div>\n<div><\/div>\n<div>\n<div class=\"page-title-head hgroup\">\n<blockquote>\n<h3 class=\"entry-title\">LE APPARIZIONI DELLA MADONNA A OTTO PASTORELLI DI VOLTAGO<\/h3>\n<\/blockquote>\n<\/div>\n<div class=\"page-title-breadcrumbs\">\n<blockquote><p><em>\u00a0retrospettiva di una storia che nel 1937 appassion\u00f2 l&#8217;Italia.<\/em><\/p><\/blockquote>\n<div class=\"flex-1 overflow-hidden\">\n<div class=\"react-scroll-to-bottom--css-mybxg-79elbk h-full dark:bg-gray-800\">\n<div class=\"react-scroll-to-bottom--css-mybxg-1n7m0yu\">\n<div class=\"flex flex-col items-center text-sm dark:bg-gray-800\">\n<div class=\"group w-full text-gray-800 dark:text-gray-100 border-b border-black\/10 dark:border-gray-900\/50 bg-gray-50 dark:bg-[#444654]\">\n<div class=\"flex p-4 gap-4 text-base md:gap-6 md:max-w-2xl lg:max-w-xl xl:max-w-3xl md:py-6 lg:px-0 m-auto\">\n<div class=\"relative flex flex-col w-[calc(100%-50px)] gap-1 md:gap-3 lg:w-[calc(100%-115px)]\">\n<div class=\"flex flex-grow flex-col gap-3\">\n<div class=\"min-h-[20px] flex flex-col items-start gap-4 whitespace-pre-wrap break-words\">\n<div class=\"markdown prose w-full break-words dark:prose-invert light\">\n<p><a class=\"dt-pswp-item\" href=\"https:\/\/www.radiopiu.net\/wordpress\/wp-content\/uploads\/2023\/05\/6e131985-12b6-4618-96ee-514b18855511.jpg\" data-dt-img-description=\"\" data-large_image_width=\"1152\" data-large_image_height=\"2048\"><img loading=\"lazy\" decoding=\"async\" class=\"size-medium wp-image-335463 alignleft\" src=\"https:\/\/www.radiopiu.net\/wordpress\/wp-content\/uploads\/2023\/05\/6e131985-12b6-4618-96ee-514b18855511-169x300.jpg\" alt=\"\" width=\"169\" height=\"300\" srcset=\"https:\/\/www.radiopiu.net\/wordpress\/wp-content\/uploads\/2023\/05\/6e131985-12b6-4618-96ee-514b18855511-169x300.jpg 169w, https:\/\/www.radiopiu.net\/wordpress\/wp-content\/uploads\/2023\/05\/6e131985-12b6-4618-96ee-514b18855511-576x1024.jpg 576w, https:\/\/www.radiopiu.net\/wordpress\/wp-content\/uploads\/2023\/05\/6e131985-12b6-4618-96ee-514b18855511-768x1365.jpg 768w, https:\/\/www.radiopiu.net\/wordpress\/wp-content\/uploads\/2023\/05\/6e131985-12b6-4618-96ee-514b18855511-864x1536.jpg 864w, https:\/\/www.radiopiu.net\/wordpress\/wp-content\/uploads\/2023\/05\/6e131985-12b6-4618-96ee-514b18855511.jpg 1152w\" sizes=\"auto, (max-width: 169px) 100vw, 169px\" \/><\/a>Nel panorama culturale italiano del 1937, un evento straordinario scosse le menti e i cuori di molte persone: le apparizioni della Madonna a otto pastorelli di Voltago. Questa storia affascinante e misteriosa, che ha ispirato generazioni di credenti e scettici, \u00e8 stata recentemente raccontata dal giornalista e gi\u00e0 conduttore della rassegna stampa di RADIOPIU&#8217;, Mario Fornaro, nel suo libro &#8220;Le apparizioni della Madonna a otto pastorelli di Voltago&#8221;. In questa retrospettiva, Fornaro ci guida attraverso gli eventi di quel lontano anno, riportando testimonianze e analizzando l&#8217;impatto che questa vicenda ha avuto sull&#8217;Italia. La scoperta delle apparizioni: Tutto ebbe inizio nel 1937, in un tranquillo paese rurale, Voltago. Otto giovani pastorelli, conosciuti per la loro fede e devozione, affermarono di aver visto la Vergine Maria in diverse occasioni. Le notizie si diffusero rapidamente e il paese intero fu catturato da un&#8217;ondata di fervore religioso. I pastorelli raccontarono dettagliatamente le loro esperienze, descrivendo le apparizioni e i messaggi che la Madonna avrebbe loro trasmesso. L&#8217;impatto sul paese e sull&#8217;Italia: Le apparizioni della Madonna a Voltago ebbero un impatto straordinario sulla comunit\u00e0 locale e sull&#8217;intera nazione italiana. La notizia si diffuse rapidamente attraverso i media dell&#8217;epoca, suscitando un&#8217;ampia copertura giornalistica e attirando visitatori da ogni angolo del paese.<\/p>\n<p><a class=\"dt-pswp-item\" href=\"https:\/\/www.radiopiu.net\/wordpress\/wp-content\/uploads\/2023\/05\/7dfdc973-9de5-43e6-8554-bbbeae48361a.jpg\" data-dt-img-description=\"\" data-large_image_width=\"2048\" data-large_image_height=\"1152\"><img loading=\"lazy\" decoding=\"async\" class=\"alignnone wp-image-335464 size-full\" src=\"https:\/\/www.radiopiu.net\/wordpress\/wp-content\/uploads\/2023\/05\/7dfdc973-9de5-43e6-8554-bbbeae48361a.jpg\" alt=\"\" width=\"2048\" height=\"1152\" srcset=\"https:\/\/www.radiopiu.net\/wordpress\/wp-content\/uploads\/2023\/05\/7dfdc973-9de5-43e6-8554-bbbeae48361a.jpg 2048w, https:\/\/www.radiopiu.net\/wordpress\/wp-content\/uploads\/2023\/05\/7dfdc973-9de5-43e6-8554-bbbeae48361a-300x169.jpg 300w, https:\/\/www.radiopiu.net\/wordpress\/wp-content\/uploads\/2023\/05\/7dfdc973-9de5-43e6-8554-bbbeae48361a-1024x576.jpg 1024w, https:\/\/www.radiopiu.net\/wordpress\/wp-content\/uploads\/2023\/05\/7dfdc973-9de5-43e6-8554-bbbeae48361a-768x432.jpg 768w, https:\/\/www.radiopiu.net\/wordpress\/wp-content\/uploads\/2023\/05\/7dfdc973-9de5-43e6-8554-bbbeae48361a-1536x864.jpg 1536w\" sizes=\"auto, (max-width: 2048px) 100vw, 2048px\" \/><\/a><\/p>\n<p>Molte persone si recarono a Voltago nella speranza di assistere a una delle apparizioni o di ricevere una grazia speciale dalla Madonna. La storia divenne una questione nazionale, con opinioni contrastanti tra i credenti ferventi e i critici scettici. Le indagini ecclesiastiche: Di fronte all&#8217;entusiasmo e alla devozione crescenti, la Chiesa Cattolica decise di avviare un&#8217;indagine ufficiale sulle apparizioni. Una commissione di esperti fu nominata per esaminare le testimonianze dei pastorelli e valutare la loro credibilit\u00e0. Le indagini durarono per mesi, coinvolgendo vescovi, teologi e studiosi, e alla fine la Chiesa emise una dichiarazione ufficiale sulle apparizioni di Voltago. Il responso ebbe un impatto duraturo sulla storia delle apparizioni mariane in Italia e sulla fede dei fedeli. Le conseguenze e il dibattito continuo: Le apparizioni di Voltago continuarono a suscitare dibattiti e discussioni per molti anni. Alcuni fedeli continuarono a credere nella loro autenticit\u00e0 e a dedicarsi alla diffusione del messaggio della Madonna.<\/p>\n<p><a class=\"dt-pswp-item\" href=\"https:\/\/www.radiopiu.net\/wordpress\/wp-content\/uploads\/2023\/05\/f5fce784-e3a4-4e2f-b093-098fa077b280.jpg\" data-dt-img-description=\"\" data-large_image_width=\"2048\" data-large_image_height=\"1152\"><img loading=\"lazy\" decoding=\"async\" class=\"alignnone wp-image-335465 size-full\" src=\"https:\/\/www.radiopiu.net\/wordpress\/wp-content\/uploads\/2023\/05\/f5fce784-e3a4-4e2f-b093-098fa077b280.jpg\" alt=\"\" width=\"2048\" height=\"1152\" srcset=\"https:\/\/www.radiopiu.net\/wordpress\/wp-content\/uploads\/2023\/05\/f5fce784-e3a4-4e2f-b093-098fa077b280.jpg 2048w, https:\/\/www.radiopiu.net\/wordpress\/wp-content\/uploads\/2023\/05\/f5fce784-e3a4-4e2f-b093-098fa077b280-300x169.jpg 300w, https:\/\/www.radiopiu.net\/wordpress\/wp-content\/uploads\/2023\/05\/f5fce784-e3a4-4e2f-b093-098fa077b280-1024x576.jpg 1024w, https:\/\/www.radiopiu.net\/wordpress\/wp-content\/uploads\/2023\/05\/f5fce784-e3a4-4e2f-b093-098fa077b280-768x432.jpg 768w, https:\/\/www.radiopiu.net\/wordpress\/wp-content\/uploads\/2023\/05\/f5fce784-e3a4-4e2f-b093-098fa077b280-1536x864.jpg 1536w\" sizes=\"auto, (max-width: 2048px) 100vw, 2048px\" \/>\u00a0<\/a><\/p>\n<p>&nbsp;<\/p>\n<\/div>\n<\/div>\n<\/div>\n<\/div>\n<\/div>\n<\/div>\n<\/div>\n<\/div>\n<\/div>\n<\/div>\n<\/div>\n<\/div>\n<div><\/div>\n<div><\/div>\n<p>&nbsp;<\/p>\n<hr \/>\n<p>&nbsp;<\/p>\n<p><span style=\"color: #ff0000;\"><strong>SCEGLI\u00a0 E AIUTA I VOLONTARI DEL\u00a0 TUO TERRITORIO!\u00a0<\/strong><\/span><\/p>\n<p><strong>\u00a0DI GIANNI SANTOMASO\u00a0<\/strong><\/p>\n<audio class=\"wp-audio-shortcode\" id=\"audio-335371-7\" preload=\"none\" style=\"width: 100%;\" controls=\"controls\"><source type=\"audio\/mpeg\" src=\"https:\/\/www.radiopiu.net\/wordpress\/wp-content\/uploads\/2023\/05\/CROCE-VERDE.mp3?_=7\" \/><a href=\"https:\/\/www.radiopiu.net\/wordpress\/wp-content\/uploads\/2023\/05\/CROCE-VERDE.mp3\">https:\/\/www.radiopiu.net\/wordpress\/wp-content\/uploads\/2023\/05\/CROCE-VERDE.mp3<\/a><\/audio>\n\n\t\t\t<style type='text\/css'>\n\t\t\t\t#gallery-3 {\n\t\t\t\t\tmargin: auto;\n\t\t\t\t}\n\t\t\t\t#gallery-3 .gallery-item {\n\t\t\t\t\tfloat: left;\n\t\t\t\t\tmargin-top: 10px;\n\t\t\t\t\ttext-align: center;\n\t\t\t\t\twidth: 100%;\n\t\t\t\t}\n\t\t\t\t#gallery-3 img {\n\t\t\t\t\tborder: 2px solid #cfcfcf;\n\t\t\t\t}\n\t\t\t\t#gallery-3 .gallery-caption {\n\t\t\t\t\tmargin-left: 0;\n\t\t\t\t}\n\t\t\t\t\/* see gallery_shortcode() in wp-includes\/media.php *\/\n\t\t\t<\/style>\n\t\t<div id='gallery-3' class='dt-gallery-container gallery galleryid-335371 gallery-columns-1 gallery-size-medium'><dl class='gallery-item'>\n\t\t\t\t<dt class='gallery-icon portrait'>\n\t\t\t\t\t<a class=\"rollover rollover-zoom dt-pswp-item\" title=\"99993023-0a27-4b3d-9b23-3e74404ba1a3\" data-dt-img-description=\"\" data-large_image_width=\"715\" data-large_image_height=\"1024\"href='https:\/\/www.radiopiu.net\/wordpress\/wp-content\/uploads\/2023\/05\/99993023-0a27-4b3d-9b23-3e74404ba1a3.jpg'><img loading=\"lazy\" decoding=\"async\" width=\"209\" height=\"300\" src=\"https:\/\/www.radiopiu.net\/wordpress\/wp-content\/uploads\/2023\/05\/99993023-0a27-4b3d-9b23-3e74404ba1a3-209x300.jpg\" class=\"attachment-medium size-medium\" alt=\"\" srcset=\"https:\/\/www.radiopiu.net\/wordpress\/wp-content\/uploads\/2023\/05\/99993023-0a27-4b3d-9b23-3e74404ba1a3-209x300.jpg 209w, https:\/\/www.radiopiu.net\/wordpress\/wp-content\/uploads\/2023\/05\/99993023-0a27-4b3d-9b23-3e74404ba1a3.jpg 715w\" sizes=\"auto, (max-width: 209px) 100vw, 209px\" \/><\/a>\n\t\t\t\t<\/dt><\/dl><br style=\"clear: both\" \/>\n\t\t\t<\/div>\n\n<p>&nbsp;<\/p>\n<hr \/>\n<p>&nbsp;<\/p>\n<blockquote>\n<h3>I CONCORSI DELLA POLIZIA<\/h3>\n<\/blockquote>\n<p><strong>BELLUNO<\/strong> Sul portale unico della poliziadistato.it \u00e8 pubblicato il bando per l&#8217;assunzione di 28 atleti da assegnare ai gruppi sportivi della Polizia di Stato-Fiamme Oro, inquadrati nel ruolo degli agente e assistenti<\/p>\n<p>&nbsp;<\/p>\n<hr \/>\n<p>&nbsp;<\/p>\n<blockquote>\n<h3><strong>ULSS1, CONCORSI E RICERCHE<\/strong><\/h3>\n<\/blockquote>\n<p><strong>BELLUNO<\/strong> Prosegue la ricerca di personale in Ulss Dolomiti per rafforzare il personale. Nello specifico: 1 posto per Logopedista 2 posti per dirigente medico nella disciplina di Neurologia 2 posti per dirigente medico nella disciplina di Psichiatria 4 posti per dirigente medico nella disciplina di Ortopedia e Traumatologia 5 posti per operatore tecnico specializzato \u2013 autista di ambulanza 1 posto per dirigente medico nella disciplina di Medicina del Lavoro e Sicurezza degli Ambienti di Lavoro 1 posto per dirigente medico nella disciplina di Patologia Clinica (Laboratorio di Analisi chimico-cliniche e microbiologia) 4 posti per operatore tecnico specializzato &#8211; magazziniere 1 posto per dirigente medico nella disciplina di Organizzazione dei Servizi Sanitari di Base. Per informazioni e per consultare i bandi di concorso <a href=\"http:\/\/www.aulss1.veneto.it\/\">www.aulss1.veneto.it<\/a><\/p>\n<p>&nbsp;<\/p>\n<hr \/>\n<p>&nbsp;<\/p>\n<h2><\/h2>\n<h3><strong><a class=\"dt-pswp-item\" href=\"https:\/\/www.radiopiu.net\/wordpress\/wp-content\/uploads\/2022\/03\/FOLLADOR-AGORDO-1.jpg\" data-dt-img-description=\"\" data-large_image_width=\"1280\" data-large_image_height=\"720\"><img loading=\"lazy\" decoding=\"async\" class=\" wp-image-267095 alignleft\" src=\"https:\/\/www.radiopiu.net\/wordpress\/wp-content\/uploads\/2022\/03\/FOLLADOR-AGORDO-1-300x169.jpg\" alt=\"\" width=\"165\" height=\"93\" srcset=\"https:\/\/www.radiopiu.net\/wordpress\/wp-content\/uploads\/2022\/03\/FOLLADOR-AGORDO-1-300x169.jpg 300w, https:\/\/www.radiopiu.net\/wordpress\/wp-content\/uploads\/2022\/03\/FOLLADOR-AGORDO-1-1024x576.jpg 1024w, https:\/\/www.radiopiu.net\/wordpress\/wp-content\/uploads\/2022\/03\/FOLLADOR-AGORDO-1-768x432.jpg 768w, https:\/\/www.radiopiu.net\/wordpress\/wp-content\/uploads\/2022\/03\/FOLLADOR-AGORDO-1.jpg 1280w\" sizes=\"auto, (max-width: 165px) 100vw, 165px\" \/><\/a><span style=\"color: #800080;\">COSA CHIEDE IL MONDO DEL LAVORO ALLA SCUOLA? L&#8217;INCONTRO AL FOLLADOR IL 19 MAGGIO<\/span><\/strong><\/h3>\n<p><strong>di Mirko Mezzacasa<\/strong><\/p>\n<p>OSPITI: Tomaso Avoscan, Michele Costa e Dino Preloran<\/p>\n<audio class=\"wp-audio-shortcode\" id=\"audio-335371-8\" preload=\"none\" style=\"width: 100%;\" controls=\"controls\"><source type=\"audio\/mpeg\" src=\"https:\/\/www.radiopiu.net\/wordpress\/wp-content\/uploads\/2023\/05\/WORK-SHOP-PRIMA-PARTE-OK.mp3?_=8\" \/><a href=\"https:\/\/www.radiopiu.net\/wordpress\/wp-content\/uploads\/2023\/05\/WORK-SHOP-PRIMA-PARTE-OK.mp3\">https:\/\/www.radiopiu.net\/wordpress\/wp-content\/uploads\/2023\/05\/WORK-SHOP-PRIMA-PARTE-OK.mp3<\/a><\/audio>\n<p>&nbsp;<\/p>\n<hr \/>\n<p>&nbsp;<\/p>\n<h2><span style=\"color: #ff00ff;\">IERI ALLA RADIO<\/span><\/h2>\n<blockquote>\n<h1>OGGI A FELTRE IL CONCERTO DELLE ORME<\/h1>\n<\/blockquote>\n<p><b> SECONDO CONCERTO E SECONDO TUTTO ESAURITO: LE ORME INCONTRANO IL SUCCESSO A FELTRE EVENTI<\/b><\/p>\n<p>&nbsp;<\/p>\n<p><a class=\"dt-pswp-item\" href=\"https:\/\/www.radiopiu.net\/wordpress\/wp-content\/uploads\/2023\/05\/21aec439-c41c-42f0-bee4-286116396c6d-300x169-1.jpg\" data-dt-img-description=\"\" data-large_image_width=\"300\" data-large_image_height=\"169\"><img loading=\"lazy\" decoding=\"async\" class=\" wp-image-335174 alignleft\" src=\"https:\/\/www.radiopiu.net\/wordpress\/wp-content\/uploads\/2023\/05\/21aec439-c41c-42f0-bee4-286116396c6d-300x169-1.jpg\" alt=\"\" width=\"241\" height=\"136\" \/><\/a>Giulio Zallot e Ivan Zatta, i responsabili dell&#8217;associazione Feltre Eventi, hanno ottenuto un&#8217;altra grande vittoria grazie al concerto delle Orme, che ha esaurito tutti i posti disponibili con diversi giorni di anticipo rispetto alla data dell&#8217;evento. Dopo il successo dei\u00a0 New Trolls, la band storica italiana si esibir\u00e0 dal vivo nel capannone della sagra di San Vittore per celebrare i cinquant&#8217;anni dalla pubblicazione dell&#8217;album &#8220;Felona e sorona&#8221;, uno dei pi\u00f9 rappresentativi del gruppo. Ci saranno anche i due storici musicisti della formazione: il chitarrista Tolo Marton e il tastierista Tony Pagliuca. Nonostante il tutto esaurito, chi non ha ancora acquistato il biglietto pu\u00f2 tentare la fortuna e verificare se qualche posto prenotato e pagato non venga confermato per imprevisti dell&#8217;ultimo minuto<br \/>\n<strong>L&#8217;INTERVISTA<\/strong><\/p>\n<audio class=\"wp-audio-shortcode\" id=\"audio-335371-9\" preload=\"none\" style=\"width: 100%;\" controls=\"controls\"><source type=\"audio\/mpeg\" src=\"https:\/\/www.radiopiu.net\/wordpress\/wp-content\/uploads\/2023\/04\/CONCERTO-LE-ORME.mp3?_=9\" \/><a href=\"https:\/\/www.radiopiu.net\/wordpress\/wp-content\/uploads\/2023\/04\/CONCERTO-LE-ORME.mp3\">https:\/\/www.radiopiu.net\/wordpress\/wp-content\/uploads\/2023\/04\/CONCERTO-LE-ORME.mp3<\/a><\/audio>\n<p>&nbsp;<\/p>\n<p><strong>IL SALUTO DI TONY PAGLIUCA\u00a0<\/strong><\/p>\n<audio class=\"wp-audio-shortcode\" id=\"audio-335371-10\" preload=\"none\" style=\"width: 100%;\" controls=\"controls\"><source type=\"audio\/mpeg\" src=\"https:\/\/www.radiopiu.net\/wordpress\/wp-content\/uploads\/2023\/04\/pagliuca.mp3?_=10\" \/><a href=\"https:\/\/www.radiopiu.net\/wordpress\/wp-content\/uploads\/2023\/04\/pagliuca.mp3\">https:\/\/www.radiopiu.net\/wordpress\/wp-content\/uploads\/2023\/04\/pagliuca.mp3<\/a><\/audio>\n<p>&nbsp;<\/p>\n<p>&nbsp;<\/p>\n<hr \/>\n<p>&nbsp;<\/p>\n<h2><span style=\"color: #008000;\">DEDICHE E RICHIESTE<\/span><\/h2>\n<blockquote>\n<h3>MANUELA BULF E LA SUA ESPERIENZA NELLA MEZZA MARATONA DI BIBIONE<\/h3>\n<\/blockquote>\n<p><strong><a class=\"dt-pswp-item\" href=\"https:\/\/www.radiopiu.net\/wordpress\/wp-content\/uploads\/2023\/05\/MANUELA-BULF.jpeg\" data-dt-img-description=\"\" data-large_image_width=\"1120\" data-large_image_height=\"850\"><img loading=\"lazy\" decoding=\"async\" class=\" wp-image-334710 alignleft\" src=\"https:\/\/www.radiopiu.net\/wordpress\/wp-content\/uploads\/2023\/05\/MANUELA-BULF-300x228.jpeg\" alt=\"\" width=\"149\" height=\"113\" srcset=\"https:\/\/www.radiopiu.net\/wordpress\/wp-content\/uploads\/2023\/05\/MANUELA-BULF-300x228.jpeg 300w, https:\/\/www.radiopiu.net\/wordpress\/wp-content\/uploads\/2023\/05\/MANUELA-BULF-1024x777.jpeg 1024w, https:\/\/www.radiopiu.net\/wordpress\/wp-content\/uploads\/2023\/05\/MANUELA-BULF-768x583.jpeg 768w, https:\/\/www.radiopiu.net\/wordpress\/wp-content\/uploads\/2023\/05\/MANUELA-BULF.jpeg 1120w\" sizes=\"auto, (max-width: 149px) 100vw, 149px\" \/><\/a>REDAZIONE<\/strong> Continuano gli ottimi risultati di Manuel Bulf che, dopo essersi impadronita del titolo di Campionessa Italiana di corsa campestre CSI, sta facendo degli ottimi risultati anche nelle lunghe distanze. Ultima impresa la vittoria nella mezza maratona di Bibione. Manuela si fa in tre tra sport, lavoro e famiglia. Ogni giorno si allena e in base alle giornate corre per 10 o 20 km.<\/p>\n<p><strong>MANUELA BULF<\/strong><\/p>\n<audio class=\"wp-audio-shortcode\" id=\"audio-335371-11\" preload=\"none\" style=\"width: 100%;\" controls=\"controls\"><source type=\"audio\/mpeg\" src=\"https:\/\/www.radiopiu.net\/wordpress\/wp-content\/uploads\/2023\/05\/DEDICHE-MANUELA-BULF.mp3?_=11\" \/><a href=\"https:\/\/www.radiopiu.net\/wordpress\/wp-content\/uploads\/2023\/05\/DEDICHE-MANUELA-BULF.mp3\">https:\/\/www.radiopiu.net\/wordpress\/wp-content\/uploads\/2023\/05\/DEDICHE-MANUELA-BULF.mp3<\/a><\/audio>\n<p>&nbsp;<\/p>\n<blockquote>\n<h3>YURI PARISSENTI TRA AGORDINA E GS FRASSENE&#8217;<\/h3>\n<\/blockquote>\n<p><strong><a class=\"dt-pswp-item\" href=\"https:\/\/www.radiopiu.net\/wordpress\/wp-content\/uploads\/2019\/09\/AGORDINA-CALCIO.jpeg\" data-dt-img-description=\"\" data-large_image_width=\"225\" data-large_image_height=\"225\"><img loading=\"lazy\" decoding=\"async\" class=\" wp-image-97575 alignleft\" src=\"https:\/\/www.radiopiu.net\/wordpress\/wp-content\/uploads\/2019\/09\/AGORDINA-CALCIO.jpeg\" alt=\"\" width=\"104\" height=\"104\" srcset=\"https:\/\/www.radiopiu.net\/wordpress\/wp-content\/uploads\/2019\/09\/AGORDINA-CALCIO.jpeg 225w, https:\/\/www.radiopiu.net\/wordpress\/wp-content\/uploads\/2019\/09\/AGORDINA-CALCIO-150x150.jpeg 150w\" sizes=\"auto, (max-width: 104px) 100vw, 104px\" \/><\/a>REDAZIONE<\/strong> Tra gli ospiti dell&#8217;ultima puntata di Dediche e Richieste abbiamo avuto Yuri Parissenti. Yuri ha seguito per tutta la stagione l&#8217;Agordina Calcio raccontando all&#8217;interno di Domenica Pi\u00f9 Sport le imprese della squadra di Agordo. Un campionato che non \u00e8 andato nel migliore dei modi con gli agordini costretti a giocarsi i playout di Seconda Categoria contro il Gemelle ma che sono riusciti a superare con una grande impresa a Trichiana. Yuri \u00e8 anche presidente del GS Frassen\u00e8 che lo scorso anno ha compiuto 100 anni. I festeggiamenti continueranno anche quest&#8217;anno con alcuni eventi in programma.<\/p>\n<p><strong>YURI PARISSENTI<\/strong><\/p>\n<audio class=\"wp-audio-shortcode\" id=\"audio-335371-12\" preload=\"none\" style=\"width: 100%;\" controls=\"controls\"><source type=\"audio\/mpeg\" src=\"https:\/\/www.radiopiu.net\/wordpress\/wp-content\/uploads\/2023\/05\/DEDICHE-YURI-PARISSENTI.mp3?_=12\" \/><a href=\"https:\/\/www.radiopiu.net\/wordpress\/wp-content\/uploads\/2023\/05\/DEDICHE-YURI-PARISSENTI.mp3\">https:\/\/www.radiopiu.net\/wordpress\/wp-content\/uploads\/2023\/05\/DEDICHE-YURI-PARISSENTI.mp3<\/a><\/audio>\n<p>&nbsp;<\/p>\n<blockquote>\n<h3>STEFANIA E LA SUA PASSIONE PER BONO VOX<\/h3>\n<\/blockquote>\n<p><strong><a class=\"dt-pswp-item\" href=\"https:\/\/www.radiopiu.net\/wordpress\/wp-content\/uploads\/2022\/05\/b385cf17-8354-4498-a771-3d82c1fc9486.jpg\" data-dt-img-description=\"\" data-large_image_width=\"1600\" data-large_image_height=\"1200\"><img loading=\"lazy\" decoding=\"async\" class=\" wp-image-335231 alignleft\" src=\"https:\/\/www.radiopiu.net\/wordpress\/wp-content\/uploads\/2022\/05\/b385cf17-8354-4498-a771-3d82c1fc9486-300x225.jpg\" alt=\"\" width=\"133\" height=\"100\" srcset=\"https:\/\/www.radiopiu.net\/wordpress\/wp-content\/uploads\/2022\/05\/b385cf17-8354-4498-a771-3d82c1fc9486-300x225.jpg 300w, https:\/\/www.radiopiu.net\/wordpress\/wp-content\/uploads\/2022\/05\/b385cf17-8354-4498-a771-3d82c1fc9486-1024x768.jpg 1024w, https:\/\/www.radiopiu.net\/wordpress\/wp-content\/uploads\/2022\/05\/b385cf17-8354-4498-a771-3d82c1fc9486-768x576.jpg 768w, https:\/\/www.radiopiu.net\/wordpress\/wp-content\/uploads\/2022\/05\/b385cf17-8354-4498-a771-3d82c1fc9486-1536x1152.jpg 1536w, https:\/\/www.radiopiu.net\/wordpress\/wp-content\/uploads\/2022\/05\/b385cf17-8354-4498-a771-3d82c1fc9486.jpg 1600w\" sizes=\"auto, (max-width: 133px) 100vw, 133px\" \/><\/a>REDAZIONE <\/strong>Stefania \u00e8 una fan degli U2 e pi\u00f9 precisamente del frontman Bono Vox. Ogni 10 maggio si fa fare una torta dal suo pasticciere di fiducia, Cristiano Gaggion di Bastia D&#8217;Alpago,\u00a0 per festeggiare il suo idolo nel giorno del compleanno del cantante irlandese. Stefania ha mandato la foto della torta per informarci del compleanno di Bono e in automatico \u00e8 stata ospite di dediche e richieste dove ci ha fatto capire che \u00e8 una vera fan degli U2. Chiss\u00e0 che la notizia che abbiamo pubblicato non arrivi veramente a Bono e che un giorno non ci sia l&#8217;occasione per farli incontrare&#8230;.<strong><br \/>\n<\/strong><\/p>\n<p><strong>STEFANIA<\/strong><\/p>\n<audio class=\"wp-audio-shortcode\" id=\"audio-335371-13\" preload=\"none\" style=\"width: 100%;\" controls=\"controls\"><source type=\"audio\/mpeg\" src=\"https:\/\/www.radiopiu.net\/wordpress\/wp-content\/uploads\/2023\/05\/DEDICHE-STEFANIA.mp3?_=13\" \/><a href=\"https:\/\/www.radiopiu.net\/wordpress\/wp-content\/uploads\/2023\/05\/DEDICHE-STEFANIA.mp3\">https:\/\/www.radiopiu.net\/wordpress\/wp-content\/uploads\/2023\/05\/DEDICHE-STEFANIA.mp3<\/a><\/audio>\n<p>&nbsp;<\/p>\n<hr \/>\n<blockquote>\n<h3><\/h3>\n<h3 style=\"text-align: left;\">\u00a0DOMANI LA NOTTE EUROPEA DEI MUSEI, PROTAGONISTI LA GALLERIA RIZZARDA E IL MUSEO DIOCESANO D&#8217;ARTE SACRA<\/h3>\n<\/blockquote>\n<div class=\"flex-1 overflow-hidden\">\n<div class=\"react-scroll-to-bottom--css-igcgq-79elbk h-full dark:bg-gray-800\">\n<div class=\"react-scroll-to-bottom--css-igcgq-1n7m0yu\">\n<div class=\"flex flex-col items-center text-sm dark:bg-gray-800\">\n<div class=\"group w-full text-gray-800 dark:text-gray-100 border-b border-black\/10 dark:border-gray-900\/50 bg-gray-50 dark:bg-[#444654]\">\n<div class=\"flex p-4 gap-4 text-base md:gap-6 md:max-w-2xl lg:max-w-xl xl:max-w-3xl md:py-6 lg:px-0 m-auto\">\n<div class=\"relative flex flex-col w-[calc(100%-50px)] gap-1 md:gap-3 lg:w-[calc(100%-115px)]\">\n<div class=\"flex flex-grow flex-col gap-3\">\n<div class=\"min-h-[20px] flex flex-col items-start gap-4 whitespace-pre-wrap break-words\">\n<div class=\"result-streaming markdown prose w-full break-words dark:prose-invert light\">\n<h3 style=\"text-align: left;\"><a class=\"dt-pswp-item\" href=\"https:\/\/www.radiopiu.net\/wordpress\/wp-content\/uploads\/2023\/05\/th-12.jpg\" data-dt-img-description=\"\" data-large_image_width=\"278\" data-large_image_height=\"111\"><img loading=\"lazy\" decoding=\"async\" class=\"size-full wp-image-335436 alignleft\" src=\"https:\/\/www.radiopiu.net\/wordpress\/wp-content\/uploads\/2023\/05\/th-12.jpg\" alt=\"\" width=\"278\" height=\"111\" \/><\/a><\/h3>\n<p><strong>FELTRE<\/strong> La Notte europea dei musei sta tornando, offrendo un&#8217;opportunit\u00e0 imperdibile per ammirare il patrimonio artistico anche durante le ore notturne. Sabato 13 maggio, la Galleria d&#8217;Arte Moderna &#8220;Carlo Rizzarda&#8221; aprir\u00e0 straordinariamente le sue porte dalle 21 alle 23.30. Durante l&#8217;evento, sar\u00e0 possibile esplorare l&#8217;arte contemporanea e godere sia della bellezza visiva che di quella sonora grazie agli intermezzi musicali offerti dalla Scuola comunale di musica &#8220;F. Sandi&#8221;. La presenza del centro Europe Direct &#8220;Montagna Veneta&#8221; del GAL Prealpi e Dolomiti durante l&#8217;iniziativa fornir\u00e0 ulteriori spiegazioni sulle funzioni dello sportello. Per partecipare alle visite guidate presso la Galleria d&#8217;Arte Moderna, \u00e8 necessario prenotarsi contattando i numeri o inviando una mail entro domani\u00a0 alle 18. \u00a0il Museo Diocesano d&#8217;Arte Sacra rimarr\u00e0 aperto durante la Notte dei musei, offrendo visite guidate sul tema della montagna nell&#8217;arte sacra del museo. Info 0439 885234<\/p>\n<\/div>\n<\/div>\n<\/div>\n<div class=\"flex justify-between lg:block\">\n<div class=\"text-gray-400 flex self-end lg:self-center justify-center mt-2 gap-2 md:gap-3 lg:gap-1 lg:absolute lg:top-0 lg:translate-x-full lg:right-0 lg:mt-0 lg:pl-2 invisible\"><\/div>\n<\/div>\n<\/div>\n<\/div>\n<\/div>\n<\/div>\n<\/div>\n<\/div>\n<\/div>\n<p>&nbsp;<\/p>\n<hr \/>\n<p>&nbsp;<\/p>\n<p><strong><span style=\"color: #ff0000;\">GLI APPUNTAMENTI DELLA SETTIMANA<\/span><\/strong><\/p>\n<blockquote>\n<h3>OGGI IN SALA DON TAMIS LA PRESENTAZIONE DEL LIBRO DELLA FAGLIA EX EMIGRANTI<\/h3>\n<\/blockquote>\n<p><strong>DI GIANNI SANTOMASO<\/strong><\/p>\n<audio class=\"wp-audio-shortcode\" id=\"audio-335371-14\" preload=\"none\" style=\"width: 100%;\" controls=\"controls\"><source type=\"audio\/mpeg\" src=\"https:\/\/www.radiopiu.net\/wordpress\/wp-content\/uploads\/2023\/05\/GIANNI-MAGGIO-AGORDINO.mp3?_=14\" \/><a href=\"https:\/\/www.radiopiu.net\/wordpress\/wp-content\/uploads\/2023\/05\/GIANNI-MAGGIO-AGORDINO.mp3\">https:\/\/www.radiopiu.net\/wordpress\/wp-content\/uploads\/2023\/05\/GIANNI-MAGGIO-AGORDINO.mp3<\/a><\/audio>\n<p><strong>AGORDO<\/strong> Appuntamento con la storia dei periti minerari. Ad organizzarlo la Famiglia Ex emigranti dell\u2019Agordino, che presenter\u00e0 venerd\u00ec 12 maggio, alle ore 20.30 nella Sala \u201cDon Tamis\u201d di Agordo, il libro \u201cUn\u2019emigrazione speciale. Periti minerari dall\u2019Agordino al mondo\u201d pubblicato dall\u2019Apim &#8211; Associazione Periti Industriali Minerari. Ingresso gratuito<\/p>\n<p>&nbsp;<\/p>\n<p>&nbsp;<\/p>\n<hr \/>\n<p>&nbsp;<\/p>\n<blockquote>\n<h3>OGGI AL COMUNALE VIAGGIO MUSICALE<\/h3>\n<\/blockquote>\n<p><strong>BELLUNO<\/strong> Oggi alle 20.30 al Teatro Comunale si esibir\u00e0 Polina Pasztircs\u00e1k soprano\u00a0 con Jan Philip Schulze pianoforte. Da Parigi a Istanbul: viaggio musicale sull\u2019Orient Express. Organizza il Circolo Culturale Bellunese.<\/p>\n<p>&nbsp;<\/p>\n<hr \/>\n<h3><\/h3>\n<blockquote>\n<h3>OGGI LA PRESENTAZIONE DEL LIBRO DI SILVIO GUARNIERI A FELTRE<\/h3>\n<\/blockquote>\n<p><strong>FELTRE<\/strong> Oggi alle 20.30 la Galleria \u201cRizzarda\u201d di Feltre ospita la presentazione dell\u2019ultimo libro postumo di Silvio Guarnieri, pubblicato nello scorso autunno. \u201cCronache di guerra e di pace\u201d \u00e8 una raccolta di racconti, testimonianze e scritti tratti dal ricchissimo archivio dello scrittore e letterato feltrino che proprio alla Galleria Rizzarda viene in parte custodito nell\u2019omonimo Fondo.<\/p>\n<p>&nbsp;<\/p>\n<p>&nbsp;<\/p>\n<hr \/>\n<p>&nbsp;<\/p>\n<blockquote>\n<h3>LA PRESENTAZIONE DEL CAMPIONATO AGORDINO AD AGORDO<\/h3>\n<\/blockquote>\n<p><strong>AGORDO<\/strong> Domani alle 20:30 al Caff\u00e8 Miniere di Agordo verr\u00e0 presentato ufficialmente il Campionato Agordino di Calcio. Diretta su Radio Pi\u00f9<\/p>\n<p>&nbsp;<\/p>\n<p>&nbsp;<\/p>\n<hr \/>\n<p>&nbsp;<\/p>\n<blockquote>\n<h3>NEVEGAL 2026&#8230;QUALE INVERNO ATTENDE IL COLLE?<\/h3>\n<\/blockquote>\n<p><strong>BELLUNO<\/strong> Si svolger\u00e0<strong> domani<\/strong> alle 10:30 a Palazzo Bembo un incontro dal titolo &#8220;Nevegal 2026&#8230;quale inverno attende il Colle?&#8221;. Introdurranno l&#8217;argomento il sociologo Diego Cason e Michele Nardelli. Ci sar\u00e0 un confronto tra operatori del settore e le riflessioni conclusive di Franco Roccon, assessore comunale Progetto Nevegal. Moderatore Andrea De Bortoli<\/p>\n<p>&nbsp;<\/p>\n<p>&nbsp;<\/p>\n<hr \/>\n<p>&nbsp;<\/p>\n<blockquote>\n<h3>NEL FINE SETTIMANA I SAGGI DI ARTE NUOVA<\/h3>\n<\/blockquote>\n<p><strong>BORGO VALBELLUNA <\/strong>Sabato e domenica si svolgeranno i tradizionali saggi musicali a conclusione di un anno straordinario nell\u2019affluenza e nei risultati, 150 associati attivi nel campo musicale, riconoscimenti in importanti concorsi musicali, convenzioni attive con scuole ed enti pubblici. Appuntamento all\u2019Auditorium di Mel e il Teatro San Felice di Trichiana, ingresso libero.<\/p>\n<p>&nbsp;<\/p>\n<p>&nbsp;<\/p>\n<hr \/>\n<p>&nbsp;<\/p>\n<p>&nbsp;<\/p>\n<div dir=\"auto\">\n<blockquote>\n<h3><a class=\"dt-pswp-item\" href=\"https:\/\/www.radiopiu.net\/wordpress\/wp-content\/uploads\/2021\/07\/AGORDO-ARCOBALENO-BROI.jpg\" data-dt-img-description=\"\" data-large_image_width=\"2048\" data-large_image_height=\"1363\"><img loading=\"lazy\" decoding=\"async\" class=\" wp-image-224697 alignleft\" src=\"https:\/\/www.radiopiu.net\/wordpress\/wp-content\/uploads\/2021\/07\/AGORDO-ARCOBALENO-BROI-300x200.jpg\" alt=\"\" width=\"194\" height=\"129\" srcset=\"https:\/\/www.radiopiu.net\/wordpress\/wp-content\/uploads\/2021\/07\/AGORDO-ARCOBALENO-BROI-300x200.jpg 300w, https:\/\/www.radiopiu.net\/wordpress\/wp-content\/uploads\/2021\/07\/AGORDO-ARCOBALENO-BROI-1024x682.jpg 1024w, https:\/\/www.radiopiu.net\/wordpress\/wp-content\/uploads\/2021\/07\/AGORDO-ARCOBALENO-BROI-768x511.jpg 768w, https:\/\/www.radiopiu.net\/wordpress\/wp-content\/uploads\/2021\/07\/AGORDO-ARCOBALENO-BROI-1536x1022.jpg 1536w, https:\/\/www.radiopiu.net\/wordpress\/wp-content\/uploads\/2021\/07\/AGORDO-ARCOBALENO-BROI.jpg 2048w\" sizes=\"auto, (max-width: 194px) 100vw, 194px\" \/><\/a>IL TORNEO DELLE FRAZIONI SUL BROI DI AGORDO CAUSA LE PESSIME PREVISIONI METEOROLOGICHE E&#8217; STATO RINVIATO A DATA DA DESTINARSI<\/h3>\n<\/blockquote>\n<p><span style=\"color: #ff0000;\">IERI SERA DAL PROGRAMMA DEDICHE E RICHIESTE, MATTEO CHISSALE&#8217;\u00a0<\/span><\/p>\n<audio class=\"wp-audio-shortcode\" id=\"audio-335371-15\" preload=\"none\" style=\"width: 100%;\" controls=\"controls\"><source type=\"audio\/mpeg\" src=\"https:\/\/www.radiopiu.net\/wordpress\/wp-content\/uploads\/2023\/05\/MATTEO-CHISSA.mp3?_=15\" \/><a href=\"https:\/\/www.radiopiu.net\/wordpress\/wp-content\/uploads\/2023\/05\/MATTEO-CHISSA.mp3\">https:\/\/www.radiopiu.net\/wordpress\/wp-content\/uploads\/2023\/05\/MATTEO-CHISSA.mp3<\/a><\/audio>\n<p>&nbsp;<\/p>\n<hr \/>\n<p>&nbsp;<\/p>\n<blockquote>\n<h3>IL MERCATO DEI FIORI A FALCADE POSTICIPATO PER MALTEMPO<\/h3>\n<\/blockquote>\n<p>la &#8220;Mostra mercato dei Fiori&#8221; prevista per domenica 14 maggio presso il Piazzale dello Sport di Falcade \u00e8 stata rinviata alla domenica successiva, 21 maggio 2023, causa previsioni meteo di forte maltempo.<\/p>\n<p>&nbsp;<\/p>\n<p>&nbsp;<\/p>\n<hr \/>\n<p>&nbsp;<\/p>\n<blockquote>\n<h3>TORNANO LE VISITE GRATUITE AI TESORI D\u2019ARTE TRA LE CHIESE DI BELLUNO CON L\u2019ASSOCIAZIONE CAMPEDEL<\/h3>\n<\/blockquote>\n<p><strong>BELLUNO<\/strong> Dopo il successo dell\u2019edizione 2022, tornano a maggio le visite gratuite curate dai volontari della Campedel alla scoperta dei tesori d\u2019arte delle chiese del Bellunese. Si inizia domenica alle ore 15.00 con la visita alla chiesa di San Matteo di Sala, poco sopra Cusighe, ai piedi del monte Serva<\/p>\n<p>&nbsp;<\/p>\n<p>&nbsp;<\/p>\n<\/div>\n<hr \/>\n<p>&nbsp;<\/p>\n<h2><span style=\"color: #ff0000;\">PROSSIMAMENTE&#8230;.<\/span><\/h2>\n<blockquote>\n<h3>FOLKLOR JALPE&#8217; DE LA MARMOLEDA<\/h3>\n<\/blockquote>\n<p><strong>ROCCA PIETORE<\/strong> \u00c8 in programma per il 26, 27 e 28 maggio l&#8217;edizione 2023 di Folklor Jalp\u00e8 De La Marmoleda. Tre giorni di festa sotto al tendone riscaldato in localit\u00e0 Bosco Verde a Rocca Pietore tra cucina tipica e balli con le band tirolesi. Domenica 28, nel pomeriggio, la sfilata dei gruppi folk<\/p>\n<p>&nbsp;<\/p>\n<p>&nbsp;<\/p>\n<hr \/>\n<p>&nbsp;<\/p>\n<blockquote>\n<h3>SABATO 3 GIUGNO LA CENA DELLA CLASSE 1955-56<\/h3>\n<\/blockquote>\n<p><strong>AGORDO<\/strong> E&#8217; in programma per sabato 3 giugno al Ristorante &#8220;La Stanga&#8221; la cena delle classi 1955-1956. Ritrovo al ristorante alle 19, cena , musica e premi. Per informazioni ed iscrizioni Roberto Schenot al 348 8524340. Iscrizioni entro il 29 maggio.<\/p>\n<p>&nbsp;<\/p>\n<p>&nbsp;<\/p>\n<hr \/>\n<p>&nbsp;<\/p>\n<blockquote>\n<h3>DOMENICA 4 GIUGNO LA 4 PAS IN DOI<\/h3>\n<\/blockquote>\n<p><strong>AGORDO<\/strong> <strong>DOMENICA 4 GIUGNO<\/strong> AD AGORDO: &#8220;4 Pas in doi&#8221; TRAIL RUNNING A COPPIE. Due percorsi: 16 km con 900 metri di dislivello, o 5 km con 250 metri di dislivello. E per i pi\u00f9 golosi, la &#8220;4 Pas in doi Bocoi&#8221;: itinerario enogastronomico, 6 km, con 4 tappe da&#8230; gustare. Per informazioni ed iscrizioni: www.4pasindoi.it<\/p>\n<p>&nbsp;<\/p>\n<p>&nbsp;<\/p>\n<hr \/>\n<p>&nbsp;<\/p>\n<blockquote>\n<h3>LA PRIMA EDIZIONE DELLA DON &#8211; PIANLONCH<\/h3>\n<\/blockquote>\n<p><strong>GOSALDO<\/strong> E&#8217; in programma per <strong>domenica 28 maggio<\/strong> la prima edizione della gara di corsa Don &#8211; Pianlonch. Una passeggiata ludicomotoria di 5,6 km non competitiva. Iscrizione 6 euro prima della partenza, 10 euro con panino farcito e bottigllia d&#8217;acqua.<\/p>\n<p>&nbsp;<\/p>\n<p>&nbsp;<\/p>\n<hr \/>\n<p>&nbsp;<\/p>\n<blockquote>\n<h3>Il Gruppo Alpini organizza una gita indimenticabile alla Foiba di Basovizza con pranzo di pesce a Lignano<\/h3>\n<\/blockquote>\n<div class=\"group w-full text-gray-800 dark:text-gray-100 border-b border-black\/10 dark:border-gray-900\/50 bg-gray-50 dark:bg-[#444654]\">\n<div class=\"flex p-4 gap-4 text-base md:gap-6 md:max-w-2xl lg:max-w-xl xl:max-w-3xl md:py-6 lg:px-0 m-auto\">\n<div class=\"relative flex flex-col w-[calc(100%-50px)] gap-1 md:gap-3 lg:w-[calc(100%-115px)]\">\n<div class=\"flex flex-grow flex-col gap-3\">\n<div class=\"min-h-[20px] flex flex-col items-start gap-4 whitespace-pre-wrap break-words\">\n<div class=\"markdown prose w-full break-words dark:prose-invert light\">\n<p><strong><a class=\"dt-pswp-item\" href=\"https:\/\/www.radiopiu.net\/wordpress\/wp-content\/uploads\/2023\/05\/alpini-falcade.jpg\" data-dt-img-description=\"\" data-large_image_width=\"598\" data-large_image_height=\"424\"><img loading=\"lazy\" decoding=\"async\" class=\" wp-image-335362 alignleft\" src=\"https:\/\/www.radiopiu.net\/wordpress\/wp-content\/uploads\/2023\/05\/alpini-falcade-300x213.jpg\" alt=\"\" width=\"239\" height=\"170\" srcset=\"https:\/\/www.radiopiu.net\/wordpress\/wp-content\/uploads\/2023\/05\/alpini-falcade-300x213.jpg 300w, https:\/\/www.radiopiu.net\/wordpress\/wp-content\/uploads\/2023\/05\/alpini-falcade.jpg 598w\" sizes=\"auto, (max-width: 239px) 100vw, 239px\" \/><\/a>FALCADE &#8211;<\/strong> I Gruppi Alpini rappresentano un importante pilastro della comunit\u00e0 locale, promuovendo attivit\u00e0 che uniscono tradizione, avventura e scoperta del patrimonio culturale. Nel contesto di queste iniziative, il Gruppo Alpini di Falcade ha annunciato una gita straordinaria che si terr\u00e0 l&#8217;11 giugno, con destinazione la Foiba di Basovizza e una deliziosa pausa pranzo a Lignano.\u00a0 Remo Secchi, responsabile delle iscrizioni, sar\u00e0 il punto di riferimento per tutti coloro che desiderano partecipare. Per prenotare un posto e per ulteriori informazioni, \u00e8 possibile contattare\u00a0 il\u00a0 338 5628415.<\/p>\n<\/div>\n<\/div>\n<\/div>\n<\/div>\n<\/div>\n<\/div>\n<p>&nbsp;<\/p>\n<hr \/>\n<p>&nbsp;<\/p>\n<blockquote>\n<h3>LE FOTO STORICHE DEL TROFEO 16 COMUNI, CANALE D&#8217;AGORDO 1978<\/h3>\n<\/blockquote>\n<p><strong>di Marco Gaz<\/strong><\/p>\n<p><strong>REDAZIONE<\/strong> Mancano poco pi\u00f9 di 4 mesi alla prossima edizione del Trofeo 16 Comuni che quest&#8217;anno si svolger\u00e0 a Canale D&#8217;Agordo il 10 settembre. Intanto sulla pagina Facebook della manifestazione spuntano dei ricordi. Nella foto la partenza della gara che si \u00e8 tenuta il 2 luglio 1978 in piazza a Canale. Quell&#8217;anno i padroni di casa vinsero davanti al Taibon. Ringraziamo Mario De Marco per la segnalazione<\/p>\n<p><a class=\"dt-pswp-item\" href=\"https:\/\/www.radiopiu.net\/wordpress\/wp-content\/uploads\/2023\/05\/346284779_922959548979441_4806999893475511260_n.jpg\" data-dt-img-description=\"\" data-large_image_width=\"960\" data-large_image_height=\"643\"><img loading=\"lazy\" decoding=\"async\" class=\"alignnone wp-image-335382 size-full\" src=\"https:\/\/www.radiopiu.net\/wordpress\/wp-content\/uploads\/2023\/05\/346284779_922959548979441_4806999893475511260_n.jpg\" alt=\"\" width=\"960\" height=\"643\" srcset=\"https:\/\/www.radiopiu.net\/wordpress\/wp-content\/uploads\/2023\/05\/346284779_922959548979441_4806999893475511260_n.jpg 960w, https:\/\/www.radiopiu.net\/wordpress\/wp-content\/uploads\/2023\/05\/346284779_922959548979441_4806999893475511260_n-300x201.jpg 300w, https:\/\/www.radiopiu.net\/wordpress\/wp-content\/uploads\/2023\/05\/346284779_922959548979441_4806999893475511260_n-768x514.jpg 768w\" sizes=\"auto, (max-width: 960px) 100vw, 960px\" \/><\/a><\/p>\n<p>&nbsp;<\/p>\n<p>A proposito di Taibon, nella foto la squadra che arriv\u00f2 seconda quell&#8217;anno (da sinistra: Fernando Soccol, Marco Savio, Silvano Artico, Franco Benvegn\u00f9, Fulvio Del Din). Ringraziamo Fernando Soccol per la foto<\/p>\n<p><a class=\"dt-pswp-item\" href=\"https:\/\/www.radiopiu.net\/wordpress\/wp-content\/uploads\/2023\/05\/taibon-1978.jpg\" data-dt-img-description=\"\" data-large_image_width=\"1019\" data-large_image_height=\"705\"><img loading=\"lazy\" decoding=\"async\" class=\"alignnone wp-image-335385 size-full\" src=\"https:\/\/www.radiopiu.net\/wordpress\/wp-content\/uploads\/2023\/05\/taibon-1978.jpg\" alt=\"\" width=\"1019\" height=\"705\" srcset=\"https:\/\/www.radiopiu.net\/wordpress\/wp-content\/uploads\/2023\/05\/taibon-1978.jpg 1019w, https:\/\/www.radiopiu.net\/wordpress\/wp-content\/uploads\/2023\/05\/taibon-1978-300x208.jpg 300w, https:\/\/www.radiopiu.net\/wordpress\/wp-content\/uploads\/2023\/05\/taibon-1978-768x531.jpg 768w\" sizes=\"auto, (max-width: 1019px) 100vw, 1019px\" \/><\/a><\/p>\n<p>&nbsp;<\/p>\n<p>La staffetta giovanile sempre a Canale D&#8217;Agordo<\/p>\n<p><a class=\"dt-pswp-item\" href=\"https:\/\/www.radiopiu.net\/wordpress\/wp-content\/uploads\/2023\/05\/aa64b896-9cdf-4ca1-bf53-355bba55bf3b.jpg\" data-dt-img-description=\"\" data-large_image_width=\"770\" data-large_image_height=\"637\"><img loading=\"lazy\" decoding=\"async\" class=\"alignnone wp-image-335393 size-full\" src=\"https:\/\/www.radiopiu.net\/wordpress\/wp-content\/uploads\/2023\/05\/aa64b896-9cdf-4ca1-bf53-355bba55bf3b.jpg\" alt=\"\" width=\"770\" height=\"637\" srcset=\"https:\/\/www.radiopiu.net\/wordpress\/wp-content\/uploads\/2023\/05\/aa64b896-9cdf-4ca1-bf53-355bba55bf3b.jpg 770w, https:\/\/www.radiopiu.net\/wordpress\/wp-content\/uploads\/2023\/05\/aa64b896-9cdf-4ca1-bf53-355bba55bf3b-300x248.jpg 300w, https:\/\/www.radiopiu.net\/wordpress\/wp-content\/uploads\/2023\/05\/aa64b896-9cdf-4ca1-bf53-355bba55bf3b-768x635.jpg 768w\" sizes=\"auto, (max-width: 770px) 100vw, 770px\" \/><\/a><\/p>\n<p>&nbsp;<\/p>\n<hr \/>\n<p>&nbsp;<\/p>\n<div dir=\"auto\">\n<div class=\"message spoilers-container\" dir=\"auto\">\n<div>\n<div class=\"b654a4as d2edcug0\">\n<div class=\"rq0escxv hkbzh7o3 jwdofwj8 n8tt0mok r8blr3vg hyh9befq\">\n<p><a class=\"dt-pswp-item\" href=\"https:\/\/www.radiopiu.net\/wordpress\/wp-content\/uploads\/2020\/10\/pp.jpg\" data-dt-img-description=\"\" data-large_image_width=\"640\" data-large_image_height=\"640\"><img loading=\"lazy\" decoding=\"async\" class=\"wp-image-163678 alignleft\" src=\"https:\/\/www.radiopiu.net\/wordpress\/wp-content\/uploads\/2020\/10\/pp-300x300.jpg\" alt=\"\" width=\"106\" height=\"106\" srcset=\"https:\/\/www.radiopiu.net\/wordpress\/wp-content\/uploads\/2020\/10\/pp-300x300.jpg 300w, https:\/\/www.radiopiu.net\/wordpress\/wp-content\/uploads\/2020\/10\/pp-150x150.jpg 150w, https:\/\/www.radiopiu.net\/wordpress\/wp-content\/uploads\/2020\/10\/pp-125x125.jpg 125w, https:\/\/www.radiopiu.net\/wordpress\/wp-content\/uploads\/2020\/10\/pp-200x200.jpg 200w, https:\/\/www.radiopiu.net\/wordpress\/wp-content\/uploads\/2020\/10\/pp-80x80.jpg 80w, https:\/\/www.radiopiu.net\/wordpress\/wp-content\/uploads\/2020\/10\/pp-480x480.jpg 480w, https:\/\/www.radiopiu.net\/wordpress\/wp-content\/uploads\/2020\/10\/pp.jpg 640w\" sizes=\"auto, (max-width: 106px) 100vw, 106px\" \/><\/a><\/p>\n<\/div>\n<\/div>\n<\/div>\n<\/div>\n<div class=\"message spoilers-container\" dir=\"auto\">\n<div>\n<div class=\"page-title-head hgroup\">\n<div class=\"page-title-head hgroup\">\n<div class=\"b654a4as d2edcug0\">\n<div class=\"j83agx80 btwxx1t3 lhclo0ds hop8lmos nkwizq5d scwd0bx6 roh60bw9\">\n<div class=\"rq0escxv hkbzh7o3 jwdofwj8 n8tt0mok r8blr3vg hyh9befq\">\n<div class=\"do00u71z l9j0dhe7 k4urcfbm\" style=\"text-align: left;\">\n<h2><span style=\"color: #000080;\">DON CESARE, IL PENSIERO DEL GIORNO. ALLA RADIO ALLE 7 DEL MATTINO E ALLE 19.30 DELLA SERA<\/span><\/h2>\n<audio class=\"wp-audio-shortcode\" id=\"audio-335371-16\" preload=\"none\" style=\"width: 100%;\" controls=\"controls\"><source type=\"audio\/mpeg\" src=\"https:\/\/www.radiopiu.net\/wordpress\/wp-content\/uploads\/2023\/05\/CESARE-8.mp3?_=16\" \/><a href=\"https:\/\/www.radiopiu.net\/wordpress\/wp-content\/uploads\/2023\/05\/CESARE-8.mp3\">https:\/\/www.radiopiu.net\/wordpress\/wp-content\/uploads\/2023\/05\/CESARE-8.mp3<\/a><\/audio>\n<\/div>\n<p>&nbsp;<\/p>\n<div class=\"do00u71z l9j0dhe7 k4urcfbm\" style=\"text-align: left;\">\n<h2 style=\"text-align: left;\"><span style=\"color: #ff0000;\"><span style=\"vertical-align: inherit;\"><a class=\"dt-pswp-item\" href=\"https:\/\/www.radiopiu.net\/wordpress\/wp-content\/uploads\/2023\/04\/e0aad41d-951e-47b9-9fae-1a879a9bcb7e-1.jpg\" data-dt-img-description=\"\" data-large_image_width=\"1200\" data-large_image_height=\"1200\"><img loading=\"lazy\" decoding=\"async\" class=\"wp-image-333205 aligncenter\" src=\"https:\/\/www.radiopiu.net\/wordpress\/wp-content\/uploads\/2023\/04\/e0aad41d-951e-47b9-9fae-1a879a9bcb7e-1-300x300.jpg\" alt=\"\" width=\"227\" height=\"227\" srcset=\"https:\/\/www.radiopiu.net\/wordpress\/wp-content\/uploads\/2023\/04\/e0aad41d-951e-47b9-9fae-1a879a9bcb7e-1-300x300.jpg 300w, https:\/\/www.radiopiu.net\/wordpress\/wp-content\/uploads\/2023\/04\/e0aad41d-951e-47b9-9fae-1a879a9bcb7e-1-1024x1024.jpg 1024w, https:\/\/www.radiopiu.net\/wordpress\/wp-content\/uploads\/2023\/04\/e0aad41d-951e-47b9-9fae-1a879a9bcb7e-1-150x150.jpg 150w, https:\/\/www.radiopiu.net\/wordpress\/wp-content\/uploads\/2023\/04\/e0aad41d-951e-47b9-9fae-1a879a9bcb7e-1-768x768.jpg 768w, https:\/\/www.radiopiu.net\/wordpress\/wp-content\/uploads\/2023\/04\/e0aad41d-951e-47b9-9fae-1a879a9bcb7e-1.jpg 1200w\" sizes=\"auto, (max-width: 227px) 100vw, 227px\" \/><\/a><\/span><\/span><\/h2>\n<\/div>\n<\/div>\n<\/div>\n<\/div>\n<\/div>\n<\/div>\n<\/div>\n<\/div>\n<div class=\"message spoilers-container\" dir=\"auto\">\n<h2><span style=\"color: #ff00ff;\">IN VIVO VERSO\u00a0 \u00a0<\/span><\/h2>\n<blockquote>\n<h3>CLAUDIA CATTADORI LEGGE NATASCIA DE BERARDINO &#8220;ESISTE&#8221;<\/h3>\n<\/blockquote>\n<p><strong>AUDIO<\/strong><\/p>\n<audio class=\"wp-audio-shortcode\" id=\"audio-335371-17\" preload=\"none\" style=\"width: 100%;\" controls=\"controls\"><source type=\"audio\/mpeg\" src=\"https:\/\/www.radiopiu.net\/wordpress\/wp-content\/uploads\/2023\/05\/04-CLAUDIA-CATTADORI-ESISTE.mp3?_=17\" \/><a href=\"https:\/\/www.radiopiu.net\/wordpress\/wp-content\/uploads\/2023\/05\/04-CLAUDIA-CATTADORI-ESISTE.mp3\">https:\/\/www.radiopiu.net\/wordpress\/wp-content\/uploads\/2023\/05\/04-CLAUDIA-CATTADORI-ESISTE.mp3<\/a><\/audio>\n<p>&nbsp;<\/p>\n<p><strong><img decoding=\"async\" class=\"alignleft\" src=\"https:\/\/www.radiopiu.net\/wordpress\/wp-content\/uploads\/2023\/05\/CLAUDIA.jpg\" \/>Claudia Cattadori legge<\/strong><br \/>\n<strong>Natascja Di Berardino<\/strong><\/p>\n<p>ESISTE<\/p>\n<p>Esiste una stanchezza, quella dell\u2019anima, per la quale non basta il riposo fisico.<\/p>\n<p>Ha bisogno del mare,<br \/>\ndel silenzio,<br \/>\ndi poche parole,<br \/>\ndella pulizia dei comportamenti,<br \/>\ndi non ascoltare la stupidit\u00e0 della gente.<\/p>\n<p>Ha bisogno di respiri lunghi,<br \/>\nguardando il cielo,<br \/>\nleggendo un libro,<br \/>\nsorseggiando un caff\u00e8,<br \/>\nsorridendo ad un pensiero,<br \/>\npiangendo senza vergogna.<\/p>\n<p>Esiste una stanchezza, quella del cuore, che ha bisogno di abbracci che regalino la primavera, quando tarda ad arrivare.<\/p>\n<p>Un abbraccio che sia quel bacio sulla fronte,<br \/>\nmentre dormi.<br \/>\nMentre ad occhi chiusi combatti con le tue paure.<br \/>\nChe scacci gli incubi,<br \/>\nche combatta i mostri,<br \/>\nche ti regali l\u2019alba, anche quando il sole non c\u2019\u00e8.<\/p>\n<p>&nbsp;<\/p>\n<p><strong>LA RACCOLTA COMPLETA<\/strong><\/p>\n<\/div>\n<div class=\"message spoilers-container\" dir=\"auto\">\n<blockquote class=\"wp-embedded-content\" data-secret=\"WDkK5nmWev\"><p><a href=\"https:\/\/www.radiopiu.net\/wordpress\/in-vivo-verso\/\">In Vivo Verso<\/a><\/p><\/blockquote>\n<p><iframe loading=\"lazy\" class=\"wp-embedded-content\" sandbox=\"allow-scripts\" security=\"restricted\" style=\"position: absolute; clip: rect(1px, 1px, 1px, 1px);\" title=\"&#8220;In Vivo Verso&#8221; &#8212; Radio Pi\u00f9\" src=\"https:\/\/www.radiopiu.net\/wordpress\/in-vivo-verso\/embed\/#?secret=7DvovBqN22#?secret=WDkK5nmWev\" data-secret=\"WDkK5nmWev\" width=\"600\" height=\"338\" frameborder=\"0\" marginwidth=\"0\" marginheight=\"0\" scrolling=\"no\"><\/iframe><\/p>\n<\/div>\n<blockquote class=\"wp-embedded-content\" data-secret=\"X9RTE399CH\"><p><a href=\"https:\/\/www.radiopiu.net\/wordpress\/puntat41\/\">TRENTATRE&#8217; PER TRE il  programma alla radio, con ALDO BRIGADOI &#8220;L&#8217;ALDONE&#8221;<\/a><\/p><\/blockquote>\n<p><iframe loading=\"lazy\" class=\"wp-embedded-content\" sandbox=\"allow-scripts\" security=\"restricted\" style=\"position: absolute; clip: rect(1px, 1px, 1px, 1px);\" title=\"&#8220;TRENTATRE&#8217; PER TRE il  programma alla radio, con ALDO BRIGADOI &#8220;L&#8217;ALDONE&#8221;&#8221; &#8212; Radio Pi\u00f9\" src=\"https:\/\/www.radiopiu.net\/wordpress\/puntat41\/embed\/#?secret=tWwIz5cnUj#?secret=X9RTE399CH\" data-secret=\"X9RTE399CH\" width=\"600\" height=\"338\" frameborder=\"0\" marginwidth=\"0\" marginheight=\"0\" scrolling=\"no\"><\/iframe><\/p>\n<p>&nbsp;<\/p>\n<p>&nbsp;<\/p>\n<hr \/>\n<p>&nbsp;<\/p>\n<div class=\"message spoilers-container\" dir=\"auto\">\n<h2><span style=\"color: #008080;\">GOCCE DI FILOSOFIA\u00a0\u00a0<\/span><\/h2>\n<p><strong>PUNTATA 309 &#8211; CHIARA CAU &#8211; TERZA STAGIONE<\/strong><\/p>\n<audio class=\"wp-audio-shortcode\" id=\"audio-335371-18\" preload=\"none\" style=\"width: 100%;\" controls=\"controls\"><source type=\"audio\/mpeg\" src=\"https:\/\/www.radiopiu.net\/wordpress\/wp-content\/uploads\/2023\/05\/FI4-1.mp3?_=18\" \/><a href=\"https:\/\/www.radiopiu.net\/wordpress\/wp-content\/uploads\/2023\/05\/FI4-1.mp3\">https:\/\/www.radiopiu.net\/wordpress\/wp-content\/uploads\/2023\/05\/FI4-1.mp3<\/a><\/audio>\n<p>&nbsp;<\/p>\n<\/div>\n<blockquote>\n<div class=\"message spoilers-container\" dir=\"auto\">\n<p><strong>LA RACCOLTA COMPLETA<\/strong><\/p>\n<\/div>\n<\/blockquote>\n<div class=\"message spoilers-container\" dir=\"auto\">\n<blockquote class=\"wp-embedded-content\" data-secret=\"OMU5LMJ4Td\"><p><a href=\"https:\/\/www.radiopiu.net\/wordpress\/gocce-filosofia\/\">Gocce di filosofia,  LA TERZA STAGIONE&#8230; 2023<\/a><\/p><\/blockquote>\n<p><iframe loading=\"lazy\" class=\"wp-embedded-content\" sandbox=\"allow-scripts\" security=\"restricted\" style=\"position: absolute; clip: rect(1px, 1px, 1px, 1px);\" title=\"&#8220;Gocce di filosofia,  LA TERZA STAGIONE&#8230; 2023&#8221; &#8212; Radio Pi\u00f9\" src=\"https:\/\/www.radiopiu.net\/wordpress\/gocce-filosofia\/embed\/#?secret=m98z9AEEJl#?secret=OMU5LMJ4Td\" data-secret=\"OMU5LMJ4Td\" width=\"600\" height=\"338\" frameborder=\"0\" marginwidth=\"0\" marginheight=\"0\" scrolling=\"no\"><\/iframe><\/p>\n<\/div>\n<p>&nbsp;<\/p>\n<blockquote class=\"wp-embedded-content\" data-secret=\"gVfLOG2QS5\"><p><a href=\"https:\/\/www.radiopiu.net\/wordpress\/puntata-36\/\">IL RITORNO DEL COUNTRY ALLA RADIO&#8230; IL RITORNO DI ALEX NASCINBEN<\/a><\/p><\/blockquote>\n<p><iframe loading=\"lazy\" class=\"wp-embedded-content\" sandbox=\"allow-scripts\" security=\"restricted\" style=\"position: absolute; clip: rect(1px, 1px, 1px, 1px);\" title=\"&#8220;IL RITORNO DEL COUNTRY ALLA RADIO&#8230; IL RITORNO DI ALEX NASCINBEN&#8221; &#8212; Radio Pi\u00f9\" src=\"https:\/\/www.radiopiu.net\/wordpress\/puntata-36\/embed\/#?secret=Ol3voplorj#?secret=gVfLOG2QS5\" data-secret=\"gVfLOG2QS5\" width=\"600\" height=\"338\" frameborder=\"0\" marginwidth=\"0\" marginheight=\"0\" scrolling=\"no\"><\/iframe><\/p>\n<div class=\"message spoilers-container\" dir=\"auto\">\n<hr \/>\n<p>&nbsp;<\/p>\n<\/div>\n<div class=\"message spoilers-container\" dir=\"auto\">\n<div class=\"column\">\n<p><img loading=\"lazy\" decoding=\"async\" class=\"aligncenter wp-image-61954 size-full\" src=\"https:\/\/www.radiopiu.net\/wordpress\/wp-content\/uploads\/2018\/09\/viabilita.jpeg\" sizes=\"auto, (max-width: 800px) 100vw, 800px\" srcset=\"https:\/\/www.radiopiu.net\/wordpress\/wp-content\/uploads\/2018\/09\/viabilita.jpeg 800w, https:\/\/www.radiopiu.net\/wordpress\/wp-content\/uploads\/2018\/09\/viabilita-300x38.jpeg 300w, https:\/\/www.radiopiu.net\/wordpress\/wp-content\/uploads\/2018\/09\/viabilita-768x96.jpeg 768w\" alt=\"\" width=\"800\" height=\"100\" \/><\/p>\n<\/div>\n<\/div>\n<div class=\"message spoilers-container\" dir=\"auto\">\n<div class=\"column\">\n<p>&nbsp;<\/p>\n<\/div>\n<\/div>\n<div class=\"message spoilers-container\" dir=\"auto\">\n<div class=\"column\">\n<div dir=\"ltr\">\n<div class=\"gmail_quote\">\n<div dir=\"ltr\">\n<div class=\"gmail_quote\">\n<blockquote class=\"wp-embedded-content\" data-secret=\"k9Z41lLfxW\"><p><a href=\"https:\/\/www.radiopiu.net\/wordpress\/viabilita\/\">viabilita<\/a><\/p><\/blockquote>\n<p><iframe loading=\"lazy\" class=\"wp-embedded-content\" sandbox=\"allow-scripts\" security=\"restricted\" style=\"position: absolute; clip: rect(1px, 1px, 1px, 1px);\" title=\"&#8220;viabilita&#8221; &#8212; Radio Pi\u00f9\" src=\"https:\/\/www.radiopiu.net\/wordpress\/viabilita\/embed\/#?secret=czlk2lH6QN#?secret=k9Z41lLfxW\" data-secret=\"k9Z41lLfxW\" width=\"600\" height=\"338\" frameborder=\"0\" marginwidth=\"0\" marginheight=\"0\" scrolling=\"no\"><\/iframe><\/p>\n<\/div>\n<\/div>\n<\/div>\n<\/div>\n<\/div>\n<\/div>\n<div class=\"message spoilers-container\" dir=\"auto\">\n<div class=\"column\">\n<div>\n<div dir=\"ltr\">\n<div class=\"gmail_quote\">\n<div dir=\"ltr\">\n<div><\/div>\n<\/div>\n<\/div>\n<\/div>\n<\/div>\n<hr \/>\n<p>&nbsp;<\/p>\n<p><a class=\"dt-pswp-item\" href=\"https:\/\/www.radiopiu.net\/wordpress\/wp-content\/uploads\/2018\/09\/WhatsApp-Image-2018-09-20-at-16.04.06.jpeg\" data-dt-img-description=\"\" data-large_image_width=\"800\" data-large_image_height=\"100\"><img loading=\"lazy\" decoding=\"async\" class=\"wp-image-61378 size-full aligncenter\" src=\"https:\/\/www.radiopiu.net\/wordpress\/wp-content\/uploads\/2018\/09\/WhatsApp-Image-2018-09-20-at-16.04.06.jpeg\" alt=\"\" width=\"800\" height=\"100\" srcset=\"https:\/\/www.radiopiu.net\/wordpress\/wp-content\/uploads\/2018\/09\/WhatsApp-Image-2018-09-20-at-16.04.06.jpeg 800w, https:\/\/www.radiopiu.net\/wordpress\/wp-content\/uploads\/2018\/09\/WhatsApp-Image-2018-09-20-at-16.04.06-300x38.jpeg 300w, https:\/\/www.radiopiu.net\/wordpress\/wp-content\/uploads\/2018\/09\/WhatsApp-Image-2018-09-20-at-16.04.06-768x96.jpeg 768w\" sizes=\"auto, (max-width: 800px) 100vw, 800px\" \/><\/a><\/p>\n<\/div>\n<\/div>\n<div class=\"message spoilers-container\" dir=\"auto\"><center><strong>\u00a0<\/strong><\/center><center><\/center><center><\/center><\/div>\n<p><center><\/center><center><b>OGGI<\/b><\/center><b>Tempo atteso: <\/b>Al mattino cielo coperto ovunque e tempo gi\u00e0 instabile sulle Prealpi, instabilit\u00e0 che nel corso della mattinata si estender\u00e0 alle Dolomiti. Al pomeriggio attenuazione dell&#8217;instabilit\u00e0, dei fenomeni e della nuvolosit\u00e0, ma le chance di schiarite saranno molto limitate.<br \/>\n<b>Precipitazioni: <\/b>L&#8217;instabilit\u00e0 e il rischio di fenomeni saranno maggiori tra la notte e il mattino (70-90%) rispetto al pomeriggio (50-70%). Tale instabilit\u00e0 dar\u00e0 luogo a rovesci e magari a qualche occasionale temporale.<br \/>\n<b>Temperature: <\/b>Minime pressoch\u00e9 stazionarie nelle valli e in leggero aumento in quota, massime in lieve ripresa.<\/p>\n<hr \/>\n<p><center><b>DOMANI<\/b><\/center><b>Tempo atteso: <\/b>Variabilit\u00e0 iniziale con qualche chance di schiarite in pi\u00f9, specie sulle Dolomiti, e molti annuvolamenti sulle Prealpi. L&#8217;instabilit\u00e0 pomeridiana sar\u00e0 complessivamente minore rispetto a venerd\u00ec.<br \/>\n<b>Precipitazioni: <\/b>Al mattino generalmente assenti (0-10%) sulle Dolomiti, mentre locali rovesci o temporali potrebbero gi\u00e0 verificarsi sulla fascia prealpina (50-60%). Al pomeriggio nuovi fenomeni d&#8217;instabilit\u00e0 (60-70%), in estensione a tutta la montagna veneta.<br \/>\n<b>Temperature: <\/b>Minime in leggera flessione, massime in lieve ripresa nelle valli e pressoch\u00e9 stazionarie in quota.<\/p>\n<hr \/>\n<p><center><b>DOMENICA<\/b><\/center>Iniziale variabilit\u00e0 seguita da graduale peggioramento del tempo che risulter\u00e0 in parte perturbato\/instabile al pomeriggio\/sera. Le precipitazioni saranno a tratti diffuse, senza poter definire a oggi la loro entit\u00e0.\u00a0 Temperature in leggero aumento, eccetto flessione delle massime nelle valli.<\/p>\n<hr \/>\n<p><center><b>LUNEDI<\/b><\/center>Maggiore soleggiamento e attivit\u00e0 cumuliforme irregolare, moderata sulle Dolomiti, dove l&#8217;insidia convettiva sar\u00e0 contenuta, pi\u00f9 intensa sulle Prealpi, dove il rischio rovesci e temporali risulter\u00e0 pi\u00f9 alto. Temperature in generale rialzo, specie le massime, ad eccezione della diminuzione delle minime nelle valli.<\/p>\n<p>&nbsp;<\/p>\n<blockquote class=\"wp-embedded-content\" data-secret=\"RI4PYR0QGc\"><p><a href=\"https:\/\/www.radiopiu.net\/wordpress\/torna-la-neve-sulle-dolomiti-il-bollettino-neve-al-suolo-del-centro-valanghe-arpav-di-arabba\/\">TORNA LA NEVE SULLE DOLOMITI. IL BOLLETTINO NEVE AL SUOLO DEL CENTRO VALANGHE ARPAV DI ARABBA<\/a><\/p><\/blockquote>\n<p><iframe loading=\"lazy\" class=\"wp-embedded-content\" sandbox=\"allow-scripts\" security=\"restricted\" style=\"position: absolute; clip: rect(1px, 1px, 1px, 1px);\" title=\"&#8220;TORNA LA NEVE SULLE DOLOMITI. IL BOLLETTINO NEVE AL SUOLO DEL CENTRO VALANGHE ARPAV DI ARABBA&#8221; &#8212; Radio Pi\u00f9\" src=\"https:\/\/www.radiopiu.net\/wordpress\/torna-la-neve-sulle-dolomiti-il-bollettino-neve-al-suolo-del-centro-valanghe-arpav-di-arabba\/embed\/#?secret=ZzOVHhV4yE#?secret=RI4PYR0QGc\" data-secret=\"RI4PYR0QGc\" width=\"600\" height=\"338\" frameborder=\"0\" marginwidth=\"0\" marginheight=\"0\" scrolling=\"no\"><\/iframe><\/p>\n<p>&nbsp;<\/p>\n<\/div>\n<div class=\"message spoilers-container\" dir=\"auto\">\n<hr \/>\n<p>&nbsp;<\/p>\n<p><a class=\"dt-pswp-item\" href=\"https:\/\/www.radiopiu.net\/wordpress\/wp-content\/uploads\/2018\/09\/sport.jpg\" data-dt-img-description=\"\" data-large_image_width=\"800\" data-large_image_height=\"100\"><img loading=\"lazy\" decoding=\"async\" class=\"aligncenter wp-image-60761 size-full\" src=\"https:\/\/www.radiopiu.net\/wordpress\/wp-content\/uploads\/2018\/09\/sport.jpg\" alt=\"\" width=\"800\" height=\"100\" srcset=\"https:\/\/www.radiopiu.net\/wordpress\/wp-content\/uploads\/2018\/09\/sport.jpg 800w, https:\/\/www.radiopiu.net\/wordpress\/wp-content\/uploads\/2018\/09\/sport-300x38.jpg 300w, https:\/\/www.radiopiu.net\/wordpress\/wp-content\/uploads\/2018\/09\/sport-768x96.jpg 768w\" sizes=\"auto, (max-width: 800px) 100vw, 800px\" \/><\/a><\/p>\n<\/div>\n<div class=\"message spoilers-container\" dir=\"auto\">\n<p>&nbsp;<\/p>\n<p><span style=\"color: #0000ff;\"><strong>CALCIO<\/strong><\/span><\/p>\n<blockquote>\n<h3>IL SETTORE GIOVANILE DELL&#8217;AGORDINA ANCORA IN CAMPO<\/h3>\n<\/blockquote>\n<p><strong><a class=\"dt-pswp-item\" href=\"https:\/\/www.radiopiu.net\/wordpress\/wp-content\/uploads\/2022\/04\/CALCIO.jpg\" data-dt-img-description=\"\" data-large_image_width=\"1920\" data-large_image_height=\"1280\"><img loading=\"lazy\" decoding=\"async\" class=\" wp-image-270520 alignleft\" src=\"https:\/\/www.radiopiu.net\/wordpress\/wp-content\/uploads\/2022\/04\/CALCIO-300x200.jpg\" alt=\"\" width=\"176\" height=\"117\" srcset=\"https:\/\/www.radiopiu.net\/wordpress\/wp-content\/uploads\/2022\/04\/CALCIO-300x200.jpg 300w, https:\/\/www.radiopiu.net\/wordpress\/wp-content\/uploads\/2022\/04\/CALCIO-1024x683.jpg 1024w, https:\/\/www.radiopiu.net\/wordpress\/wp-content\/uploads\/2022\/04\/CALCIO-768x512.jpg 768w, https:\/\/www.radiopiu.net\/wordpress\/wp-content\/uploads\/2022\/04\/CALCIO-1536x1024.jpg 1536w, https:\/\/www.radiopiu.net\/wordpress\/wp-content\/uploads\/2022\/04\/CALCIO.jpg 1920w\" sizes=\"auto, (max-width: 176px) 100vw, 176px\" \/><\/a>di Marco Gaz<\/strong><\/p>\n<p><strong>REDAZIONE\u00a0<\/strong>Con la fine del campionato di Seconda Categoria per l&#8217;Agordina di Danilo Chenet e la salvezza arrivata in extremis, non \u00e8 terminata la stagione del settore giovanile della squadra di Agordo. In campo ancora i Giovanissimi e la Juniores. Domani pomeriggio i Giovanissimi allenati da De Bastiani si giocheranno una stagione nella sfida di ritorno valida per le semifinali di campionato. Dopo la sconfitta per 2 a 1 nel match di andata giocato ad Agordo, i giovani agordini scenderanno a Santa Giustina per sfidare la Plavis. Per passare il turno e strappare il pass per la finale l&#8217;Agordina deve vincere con almeno 2 gol di scarto. Tornano in campo anche i ragazzi della Juniores. Domani la squadra allenata da De Zaiacomo giocher\u00e0 all&#8217;Ivano Dorigo dove arriva la Juventina. Fase finale del campionato con il Memorial Calligaro che assegner\u00e0 il titolo provinciale fra qualche settimana.<\/p>\n<p>&nbsp;<\/p>\n<p><span style=\"color: #0000ff;\"><strong>SPORT PARALIMPICI<\/strong><\/span><\/p>\n<blockquote>\n<h3>MORENO PESCE LASCIA LE DOLOMITI PER SALIRE SULL&#8217;ETNA<\/h3>\n<\/blockquote>\n<p><strong><a class=\"dt-pswp-item\" href=\"https:\/\/www.radiopiu.net\/wordpress\/wp-content\/uploads\/2023\/05\/IMG_8191.jpeg\" data-dt-img-description=\"\" data-large_image_width=\"1280\" data-large_image_height=\"960\"><img loading=\"lazy\" decoding=\"async\" class=\" wp-image-335404 alignleft\" src=\"https:\/\/www.radiopiu.net\/wordpress\/wp-content\/uploads\/2023\/05\/IMG_8191-300x225.jpeg\" alt=\"\" width=\"175\" height=\"131\" srcset=\"https:\/\/www.radiopiu.net\/wordpress\/wp-content\/uploads\/2023\/05\/IMG_8191-300x225.jpeg 300w, https:\/\/www.radiopiu.net\/wordpress\/wp-content\/uploads\/2023\/05\/IMG_8191-1024x768.jpeg 1024w, https:\/\/www.radiopiu.net\/wordpress\/wp-content\/uploads\/2023\/05\/IMG_8191-768x576.jpeg 768w, https:\/\/www.radiopiu.net\/wordpress\/wp-content\/uploads\/2023\/05\/IMG_8191.jpeg 1280w\" sizes=\"auto, (max-width: 175px) 100vw, 175px\" \/><\/a>REDAZIONE <\/strong>Moreno Pesce, atleta paralimpico, al termine della recente salita alla Forcella Staunies sulle Dolomiti cortinesi, aveva dato appuntamento a tutti sull\u2019Etna. L\u00ec sar\u00e0 infatti tra pochi giorni. Mitologica montagna vulcano, ora Patrimonio Unesco, che svetta con i suoi 3.357m. sulla costa orientale della Sicilia. Moreno Pesce e compagni del Team3Gambe, arriveranno a Catania il 15 maggio prossimo e con il supporto logistico del CAI Sezione Catania faranno campobase al Rifugio Sapienza a Nicolosi \u2013 Etna Sud. Con loro le guide alpine Antonio Rizzo, Lio De Nes guida emerita, che ha seguito tutte le salite pi\u00f9 impegnative che Moreno Pesce ha sin qui affrontato e l\u2019accompagnatrice di territorio Enrica Messina. Il racconto per immagini della salita all\u2019Etna sar\u00e0 realizzato da Jacopo Bernard, video maker, esperto di montagna anche lui da sempre al fianco dell\u2019atleta veneto. Cinque gli atleti del Team3Gambe (Cesare Galli, Massimo Cavenago, Moreno Pesce, Salvatore Cutaia, Valeria Masala) e un gruppo di accompagnatori volontari. Moreno Pesce ha come desiderio quello di: \u201cToccare dove possibile la pietra lavica calda. L\u2019Etna \u00e8 una montagna esplosiva, viva, in tutti i sensi e lo sar\u00e0 certamente anche per tutti noi che ci confronteremo con il suo incredibile ambiente\u201d.<\/p>\n<\/div>\n","protected":false},"excerpt":{"rendered":"<p>ISCRIVITI AL NOSTRO CANALE\u00a0 YOUTUBE PER SEGUIRE IN DIRETTA I PRINCIPALI PROGRAMMI DI RADIO PIU&#8217; E LE FUTURE DIRETTE IN ESTERNA. PER ISCRIVERTI CLICCA QUI E PREMI\u00a0 &#8220;Iscriviti&#8221;\u00a0 \u00a0 \u00a0\u00a0 &nbsp; &nbsp; &nbsp; &nbsp; E anche STAMANE\u00a0 RADIOPIU si fa in QUATTRO\u00a0 per i suoi ascoltatori&#8230;. 1&#8230;. alle\u00a0 10.30 E 1900 COMITATO D&#8217;INTESA, LA STORIA&hellip;<\/p>\n","protected":false},"author":4,"featured_media":335488,"comment_status":"closed","ping_status":"closed","sticky":false,"template":"","format":"standard","meta":{"_monsterinsights_skip_tracking":false,"_monsterinsights_sitenote_active":false,"_monsterinsights_sitenote_note":"","_monsterinsights_sitenote_category":0,"footnotes":""},"categories":[51,86,49],"tags":[],"class_list":["post-335371","post","type-post","status-publish","format-standard","has-post-thumbnail","hentry","category-evidenza-top","category-gr","category-news-18","category-51","category-86","category-49","description-off"],"img_url":"https:\/\/www.radiopiu.net\/wordpress\/wp-content\/uploads\/2023\/05\/Senza-nome-41.jpg","_links":{"self":[{"href":"https:\/\/www.radiopiu.net\/wordpress\/wp-json\/wp\/v2\/posts\/335371","targetHints":{"allow":["GET"]}}],"collection":[{"href":"https:\/\/www.radiopiu.net\/wordpress\/wp-json\/wp\/v2\/posts"}],"about":[{"href":"https:\/\/www.radiopiu.net\/wordpress\/wp-json\/wp\/v2\/types\/post"}],"author":[{"embeddable":true,"href":"https:\/\/www.radiopiu.net\/wordpress\/wp-json\/wp\/v2\/users\/4"}],"replies":[{"embeddable":true,"href":"https:\/\/www.radiopiu.net\/wordpress\/wp-json\/wp\/v2\/comments?post=335371"}],"version-history":[{"count":0,"href":"https:\/\/www.radiopiu.net\/wordpress\/wp-json\/wp\/v2\/posts\/335371\/revisions"}],"wp:featuredmedia":[{"embeddable":true,"href":"https:\/\/www.radiopiu.net\/wordpress\/wp-json\/wp\/v2\/media\/335488"}],"wp:attachment":[{"href":"https:\/\/www.radiopiu.net\/wordpress\/wp-json\/wp\/v2\/media?parent=335371"}],"wp:term":[{"taxonomy":"category","embeddable":true,"href":"https:\/\/www.radiopiu.net\/wordpress\/wp-json\/wp\/v2\/categories?post=335371"},{"taxonomy":"post_tag","embeddable":true,"href":"https:\/\/www.radiopiu.net\/wordpress\/wp-json\/wp\/v2\/tags?post=335371"}],"curies":[{"name":"wp","href":"https:\/\/api.w.org\/{rel}","templated":true}]}}