{"id":335441,"date":"2023-05-13T04:00:31","date_gmt":"2023-05-13T02:00:31","guid":{"rendered":"https:\/\/www.radiopiu.net\/wordpress\/?p=335441"},"modified":"2023-05-13T07:30:01","modified_gmt":"2023-05-13T05:30:01","slug":"nevegal-offerta-accettata-un-altro-passo-avanti","status":"publish","type":"post","link":"https:\/\/www.radiopiu.net\/wordpress\/nevegal-offerta-accettata-un-altro-passo-avanti\/","title":{"rendered":"NEVEGAL: OFFERTA ACCETTATA, UN ALTRO PASSO AVANTI"},"content":{"rendered":"<div class=\"group w-full text-gray-800 dark:text-gray-100 border-b border-black\/10 dark:border-gray-900\/50 bg-gray-50 dark:bg-[#444654]\">\n<div class=\"flex p-4 gap-4 text-base md:gap-6 md:max-w-2xl lg:max-w-xl xl:max-w-3xl md:py-6 lg:px-0 m-auto\">\n<div class=\"relative flex flex-col w-[calc(100%-50px)] gap-1 md:gap-3 lg:w-[calc(100%-115px)]\">\n<div class=\"flex flex-grow flex-col gap-3\">\n<div class=\"min-h-[20px] flex flex-col items-start gap-4 whitespace-pre-wrap break-words\">\n<div class=\"markdown prose w-full break-words dark:prose-invert light\">\n<p>&nbsp;<\/p>\n<div class=\"markdown prose w-full break-words dark:prose-invert light\">\n<h3><strong><img loading=\"lazy\" decoding=\"async\" class=\"alignleft\" src=\"https:\/\/www.radiopiu.net\/wordpress\/wp-content\/uploads\/2019\/08\/alpe-del-nevegal-seggiovia-1600x625.jpg\" width=\"222\" height=\"87\" \/><\/strong><\/h3>\n<p><strong>BELLUNO<\/strong> Ammessa alla gara per la gestione degli impianti di risalita del Nevegal l&#8217;unica offerta presentata che \u2013 novit\u00e0 \u2013 non vede protagonista solo Nevegal 2021, che parteciper\u00e0 in partnership con Dolomiti Strade.<\/p>\n<\/div>\n<p>DI DANIELE DALVIT<\/p>\n<div class=\"markdown prose w-full break-words dark:prose-invert light\">\n<audio class=\"wp-audio-shortcode\" id=\"audio-335441-1\" preload=\"none\" style=\"width: 100%;\" controls=\"controls\"><source type=\"audio\/mpeg\" src=\"https:\/\/www.radiopiu.net\/wordpress\/wp-content\/uploads\/2023\/05\/Radio-Piu-Servizio-Accettazione-offerta-Nevegal.mp3?_=1\" \/><a href=\"https:\/\/www.radiopiu.net\/wordpress\/wp-content\/uploads\/2023\/05\/Radio-Piu-Servizio-Accettazione-offerta-Nevegal.mp3\">https:\/\/www.radiopiu.net\/wordpress\/wp-content\/uploads\/2023\/05\/Radio-Piu-Servizio-Accettazione-offerta-Nevegal.mp3<\/a><\/audio>\n<p>&nbsp;<\/p>\n<p>&nbsp;<\/p>\n<hr \/>\n<\/div>\n<p>&nbsp;<\/p>\n<p><span style=\"color: #ff0000;\"><strong>IERI ALLA RADIO<\/strong><\/span><\/p>\n<blockquote>\n<h3>NEVEGAL: C&#8217;E&#8217; L&#8217;OFFERTA MA PER LE CONFERME E&#8217; PRESTO<\/h3>\n<\/blockquote>\n<h3><strong>BELLUNO<\/strong> L&#8217;offerta per la gestione degli impianti di risalita a Nevegal \u00e8 stata presentata da Nevegal 2021, ma la decisione finale non \u00e8 ancora stata presa. La busta contenente l&#8217;offerta verr\u00e0 aperta venerd\u00ec alle 10 e successivamente saranno esaminati i requisiti e la documentazione prima di procedere con l&#8217;assegnazione. Nessuno degli interessati ha rilasciato commenti prima dell&#8217;apertura della busta, mantenendo una certa prudenza.<\/h3>\n<p><strong>DI DANIELE DALVIT<\/strong><\/p>\n<audio class=\"wp-audio-shortcode\" id=\"audio-335441-2\" preload=\"none\" style=\"width: 100%;\" controls=\"controls\"><source type=\"audio\/mpeg\" src=\"https:\/\/www.radiopiu.net\/wordpress\/wp-content\/uploads\/2023\/05\/Radio-Piu-Servizio-Offerta-bando-Nevegal-1.mp3?_=2\" \/><a href=\"https:\/\/www.radiopiu.net\/wordpress\/wp-content\/uploads\/2023\/05\/Radio-Piu-Servizio-Offerta-bando-Nevegal-1.mp3\">https:\/\/www.radiopiu.net\/wordpress\/wp-content\/uploads\/2023\/05\/Radio-Piu-Servizio-Offerta-bando-Nevegal-1.mp3<\/a><\/audio>\n<div class=\"markdown prose w-full break-words dark:prose-invert light\">\n<p>&nbsp;<\/p>\n<\/div>\n<hr \/>\n<\/div>\n<\/div>\n<\/div>\n<div class=\"flex justify-between lg:block\">\n<div class=\"text-gray-400 flex self-end lg:self-center justify-center mt-2 gap-2 md:gap-3 lg:gap-1 lg:absolute lg:top-0 lg:translate-x-full lg:right-0 lg:mt-0 lg:pl-2 visible\"><\/div>\n<\/div>\n<\/div>\n<\/div>\n<\/div>\n","protected":false},"excerpt":{"rendered":"<p>&nbsp; BELLUNO Ammessa alla gara per la gestione degli impianti di risalita del Nevegal l&#8217;unica offerta presentata che \u2013 novit\u00e0 \u2013 non vede protagonista solo Nevegal 2021, che parteciper\u00e0 in partnership con Dolomiti Strade. DI DANIELE DALVIT &nbsp; &nbsp; &nbsp; IERI ALLA RADIO NEVEGAL: C&#8217;E&#8217; L&#8217;OFFERTA MA PER LE CONFERME E&#8217; PRESTO BELLUNO L&#8217;offerta per&hellip;<\/p>\n","protected":false},"author":4,"featured_media":94965,"comment_status":"closed","ping_status":"closed","sticky":false,"template":"","format":"standard","meta":{"_monsterinsights_skip_tracking":false,"_monsterinsights_sitenote_active":false,"_monsterinsights_sitenote_note":"","_monsterinsights_sitenote_category":0,"footnotes":""},"categories":[104,49],"tags":[],"class_list":["post-335441","post","type-post","status-publish","format-standard","has-post-thumbnail","hentry","category-evidenza_3","category-news-18","category-104","category-49","description-off"],"img_url":"https:\/\/www.radiopiu.net\/wordpress\/wp-content\/uploads\/2019\/08\/alpe-del-nevegal-seggiovia-1600x625.jpg","_links":{"self":[{"href":"https:\/\/www.radiopiu.net\/wordpress\/wp-json\/wp\/v2\/posts\/335441","targetHints":{"allow":["GET"]}}],"collection":[{"href":"https:\/\/www.radiopiu.net\/wordpress\/wp-json\/wp\/v2\/posts"}],"about":[{"href":"https:\/\/www.radiopiu.net\/wordpress\/wp-json\/wp\/v2\/types\/post"}],"author":[{"embeddable":true,"href":"https:\/\/www.radiopiu.net\/wordpress\/wp-json\/wp\/v2\/users\/4"}],"replies":[{"embeddable":true,"href":"https:\/\/www.radiopiu.net\/wordpress\/wp-json\/wp\/v2\/comments?post=335441"}],"version-history":[{"count":0,"href":"https:\/\/www.radiopiu.net\/wordpress\/wp-json\/wp\/v2\/posts\/335441\/revisions"}],"wp:featuredmedia":[{"embeddable":true,"href":"https:\/\/www.radiopiu.net\/wordpress\/wp-json\/wp\/v2\/media\/94965"}],"wp:attachment":[{"href":"https:\/\/www.radiopiu.net\/wordpress\/wp-json\/wp\/v2\/media?parent=335441"}],"wp:term":[{"taxonomy":"category","embeddable":true,"href":"https:\/\/www.radiopiu.net\/wordpress\/wp-json\/wp\/v2\/categories?post=335441"},{"taxonomy":"post_tag","embeddable":true,"href":"https:\/\/www.radiopiu.net\/wordpress\/wp-json\/wp\/v2\/tags?post=335441"}],"curies":[{"name":"wp","href":"https:\/\/api.w.org\/{rel}","templated":true}]}}