{"id":335484,"date":"2023-05-12T05:32:50","date_gmt":"2023-05-12T03:32:50","guid":{"rendered":"https:\/\/www.radiopiu.net\/wordpress\/?p=335484"},"modified":"2023-05-12T08:48:37","modified_gmt":"2023-05-12T06:48:37","slug":"alice-canta-battiato-tutto-esaurito-al-tetro-comunale","status":"publish","type":"post","link":"https:\/\/www.radiopiu.net\/wordpress\/alice-canta-battiato-tutto-esaurito-al-tetro-comunale\/","title":{"rendered":"ALICE CANTA BATTIATO,\u00a0 TUTTO ESAURITO AL TEATRO COMUNALE."},"content":{"rendered":"<div class=\"flex-1 overflow-hidden\">\n<div class=\"react-scroll-to-bottom--css-thehu-79elbk h-full dark:bg-gray-800\">\n<div class=\"react-scroll-to-bottom--css-thehu-1n7m0yu\">\n<div class=\"flex flex-col items-center text-sm dark:bg-gray-800\">\n<div class=\"group w-full text-gray-800 dark:text-gray-100 border-b border-black\/10 dark:border-gray-900\/50 bg-gray-50 dark:bg-[#444654]\">\n<div class=\"flex p-4 gap-4 text-base md:gap-6 md:max-w-2xl lg:max-w-xl xl:max-w-3xl md:py-6 lg:px-0 m-auto\">\n<div class=\"relative flex flex-col w-[calc(100%-50px)] gap-1 md:gap-3 lg:w-[calc(100%-115px)]\">\n<div class=\"flex flex-grow flex-col gap-3\">\n<div class=\"min-h-[20px] flex flex-col items-start gap-4 whitespace-pre-wrap break-words\">\n<div class=\"markdown prose w-full break-words dark:prose-invert light\">\n<blockquote>\n<h3><em>Ieri sera applausi e tanti &#8220;brava&#8221;, a ripetizione con il pubblico in piedi nell&#8217;evento messo in scena da Scoppio Spettacoli<\/em><\/h3>\n<p>di mirko mezzacasa<\/p>\n<p>&nbsp;<\/p>\n<p><strong>\u201cERI CON ME A L I C E CANTA BATTIATO\u201d<\/strong>\u00a0\u00e8 il nuovo live tour 2023, che continua con nuovi brani in scaletta tratti dal recente album, come\u00a0<em>Da Oriente a Occidente e Sui giardini della preesistenza<\/em>, e altri che invece da molto tempo appartengono al repertorio live e discografico di Alice, come\u00a0<em>La cura<\/em>, canzoni dai diversi periodi compositivi di Battiato, e quelle nate dalle loro numerose collaborazioni a partire dal 1980 e che hanno scritto insieme come\u00a0<em>Per Elisa<\/em>, i loro duetti tra cui\u00a0<em>I treni di Tozeur<\/em>\u00a0e anche i brani che Battiato ha scritto pi\u00f9 recentemente per Alice come\u00a0<em>Veleni<\/em>\u00a0e\u00a0<em>Eri con me<\/em>, che d\u00e0 il titolo all\u2019album e al tour. <strong>Nella formazione in trio<\/strong>, al consolidato concerto, con\u00a0<strong>Alice<\/strong>\u00a0accompagnata da\u00a0<strong>Carlo Guaitoli<\/strong>\u00a0al pianoforte, si aggiunge il timbro caldo del violoncello di\u00a0<strong>Chiara Trentin<\/strong>.<\/p>\n<p>&nbsp;<\/p><\/blockquote>\n<div class=\"group w-full text-gray-800 dark:text-gray-100 border-b border-black\/10 dark:border-gray-900\/50 bg-gray-50 dark:bg-[#444654]\">\n<div class=\"flex p-4 gap-4 text-base md:gap-6 md:max-w-2xl lg:max-w-xl xl:max-w-3xl md:py-6 lg:px-0 m-auto\">\n<div class=\"relative flex flex-col w-[calc(100%-50px)] gap-1 md:gap-3 lg:w-[calc(100%-115px)]\">\n<div class=\"flex flex-grow flex-col gap-3\">\n<div class=\"min-h-[20px] flex flex-col items-start gap-4 whitespace-pre-wrap break-words\">\n<div class=\"markdown prose w-full break-words dark:prose-invert light\">\n<p><em>Alice \u00e8 il nome d&#8217;arte di Carla Bissi, una cantante italiana. &#8220;Per Elisa&#8221; \u00e8 una delle sue canzoni pi\u00f9 famose, pubblicata nel 1981, che ha contribuito a consolidare la sua carriera musicale. Alice \u00e8 nota per la sua voce particolare e per le sue interpretazioni intense e emozionali. Ha continuato a registrare e ad esibirsi per molti anni, realizzando numerosi successi nel panorama musicale italiano.<\/em><\/p>\n<blockquote><p>Alice, una delle voci pi\u00f9 riconoscibili e apprezzate della musica italiana, ha dedicato una parte significativa della sua carriera all&#8217;interpretazione delle canzoni di Franco Battiato. L&#8217;incontro tra Alice e Battiato \u00e8 stato un momento di fusione tra due grandi artisti, dando vita a una collaborazione musicale di successo e di grande intensit\u00e0 emotiva. Alice, il cui vero nome \u00e8 Carla Bissi, ha iniziato la sua carriera negli anni &#8217;70, distinguendosi per la sua voce unica e per la sua capacit\u00e0 di trasmettere emozioni profonde attraverso la musica. Nel corso degli anni, ha dimostrato una grande versatilit\u00e0 artistica, spaziando tra generi diversi, dalla musica leggera al pop, dal rock all&#8217;elettronica. Ma \u00e8 stato il suo incontro con Franco Battiato a segnare un punto di svolta nella sua carriera. Le canzoni di Battiato interpretate da Alice spaziano dalle atmosfere eteree e suggestive di brani come &#8220;E ti vengo a cercare&#8221; e &#8220;Chan-son Egocentrique&#8221; alle ballate intense e malinconiche come &#8220;Prospettiva Nevski&#8221;. Alice ha dimostrato una grande sensibilit\u00e0 nell&#8217;interpretare le parole e la musica di Battiato, dando vita a versioni che, seppur fedeli all&#8217;originale, portano la sua impronta unica.<\/p><\/blockquote>\n<\/div>\n<\/div>\n<\/div>\n<\/div>\n<\/div>\n<\/div>\n\n\t\t\t<style type='text\/css'>\n\t\t\t\t#gallery-1 {\n\t\t\t\t\tmargin: auto;\n\t\t\t\t}\n\t\t\t\t#gallery-1 .gallery-item {\n\t\t\t\t\tfloat: left;\n\t\t\t\t\tmargin-top: 10px;\n\t\t\t\t\ttext-align: center;\n\t\t\t\t\twidth: 50%;\n\t\t\t\t}\n\t\t\t\t#gallery-1 img {\n\t\t\t\t\tborder: 2px solid #cfcfcf;\n\t\t\t\t}\n\t\t\t\t#gallery-1 .gallery-caption {\n\t\t\t\t\tmargin-left: 0;\n\t\t\t\t}\n\t\t\t\t\/* see gallery_shortcode() in wp-includes\/media.php *\/\n\t\t\t<\/style>\n\t\t<div id='gallery-1' class='dt-gallery-container gallery galleryid-335484 gallery-columns-2 gallery-size-medium'><dl class='gallery-item'>\n\t\t\t\t<dt class='gallery-icon landscape'>\n\t\t\t\t\t<a class=\"rollover rollover-zoom dt-pswp-item\" title=\"c9cda1f9-65b1-4130-a82c-04b8143fd596\" data-dt-img-description=\"\" data-large_image_width=\"1600\" data-large_image_height=\"900\"href='https:\/\/www.radiopiu.net\/wordpress\/wp-content\/uploads\/2023\/05\/c9cda1f9-65b1-4130-a82c-04b8143fd596.jpg'><img loading=\"lazy\" decoding=\"async\" width=\"300\" height=\"169\" src=\"https:\/\/www.radiopiu.net\/wordpress\/wp-content\/uploads\/2023\/05\/c9cda1f9-65b1-4130-a82c-04b8143fd596-300x169.jpg\" class=\"attachment-medium size-medium\" alt=\"\" srcset=\"https:\/\/www.radiopiu.net\/wordpress\/wp-content\/uploads\/2023\/05\/c9cda1f9-65b1-4130-a82c-04b8143fd596-300x169.jpg 300w, https:\/\/www.radiopiu.net\/wordpress\/wp-content\/uploads\/2023\/05\/c9cda1f9-65b1-4130-a82c-04b8143fd596-1024x576.jpg 1024w, https:\/\/www.radiopiu.net\/wordpress\/wp-content\/uploads\/2023\/05\/c9cda1f9-65b1-4130-a82c-04b8143fd596-768x432.jpg 768w, https:\/\/www.radiopiu.net\/wordpress\/wp-content\/uploads\/2023\/05\/c9cda1f9-65b1-4130-a82c-04b8143fd596-1536x864.jpg 1536w, https:\/\/www.radiopiu.net\/wordpress\/wp-content\/uploads\/2023\/05\/c9cda1f9-65b1-4130-a82c-04b8143fd596.jpg 1600w\" sizes=\"auto, (max-width: 300px) 100vw, 300px\" \/><\/a>\n\t\t\t\t<\/dt><\/dl><dl class='gallery-item'>\n\t\t\t\t<dt class='gallery-icon landscape'>\n\t\t\t\t\t<a class=\"rollover rollover-zoom dt-pswp-item\" title=\"2a2740b6-ce14-44c7-96fd-c9ba6f9ff96c\" data-dt-img-description=\"\" data-large_image_width=\"1600\" data-large_image_height=\"900\"href='https:\/\/www.radiopiu.net\/wordpress\/wp-content\/uploads\/2023\/05\/2a2740b6-ce14-44c7-96fd-c9ba6f9ff96c.jpg'><img loading=\"lazy\" decoding=\"async\" width=\"300\" height=\"169\" src=\"https:\/\/www.radiopiu.net\/wordpress\/wp-content\/uploads\/2023\/05\/2a2740b6-ce14-44c7-96fd-c9ba6f9ff96c-300x169.jpg\" class=\"attachment-medium size-medium\" alt=\"\" srcset=\"https:\/\/www.radiopiu.net\/wordpress\/wp-content\/uploads\/2023\/05\/2a2740b6-ce14-44c7-96fd-c9ba6f9ff96c-300x169.jpg 300w, https:\/\/www.radiopiu.net\/wordpress\/wp-content\/uploads\/2023\/05\/2a2740b6-ce14-44c7-96fd-c9ba6f9ff96c-1024x576.jpg 1024w, https:\/\/www.radiopiu.net\/wordpress\/wp-content\/uploads\/2023\/05\/2a2740b6-ce14-44c7-96fd-c9ba6f9ff96c-768x432.jpg 768w, https:\/\/www.radiopiu.net\/wordpress\/wp-content\/uploads\/2023\/05\/2a2740b6-ce14-44c7-96fd-c9ba6f9ff96c-1536x864.jpg 1536w, https:\/\/www.radiopiu.net\/wordpress\/wp-content\/uploads\/2023\/05\/2a2740b6-ce14-44c7-96fd-c9ba6f9ff96c.jpg 1600w\" sizes=\"auto, (max-width: 300px) 100vw, 300px\" \/><\/a>\n\t\t\t\t<\/dt><\/dl><br style=\"clear: both\" \/>\n\t\t\t<\/div>\n\n<div class=\"flex-1 overflow-hidden\">\n<div class=\"react-scroll-to-bottom--css-thehu-79elbk h-full dark:bg-gray-800\">\n<div class=\"react-scroll-to-bottom--css-thehu-1n7m0yu\">\n<div class=\"flex flex-col items-center text-sm dark:bg-gray-800\">\n<div class=\"group w-full text-gray-800 dark:text-gray-100 border-b border-black\/10 dark:border-gray-900\/50 bg-gray-50 dark:bg-[#444654]\">\n<div class=\"flex p-4 gap-4 text-base md:gap-6 md:max-w-2xl lg:max-w-xl xl:max-w-3xl md:py-6 lg:px-0 m-auto\">\n<div class=\"relative flex flex-col w-[calc(100%-50px)] gap-1 md:gap-3 lg:w-[calc(100%-115px)]\">\n<div class=\"flex flex-grow flex-col gap-3\">\n<div class=\"min-h-[20px] flex flex-col items-start gap-4 whitespace-pre-wrap break-words\">\n<div class=\"markdown prose w-full break-words dark:prose-invert light\">\n<div class=\"flex-1 overflow-hidden\">\n<div class=\"react-scroll-to-bottom--css-thehu-79elbk h-full dark:bg-gray-800\">\n<div class=\"react-scroll-to-bottom--css-thehu-1n7m0yu\">\n<div class=\"flex flex-col items-center text-sm dark:bg-gray-800\">\n<div class=\"group w-full text-gray-800 dark:text-gray-100 border-b border-black\/10 dark:border-gray-900\/50 bg-gray-50 dark:bg-[#444654]\">\n<div class=\"flex p-4 gap-4 text-base md:gap-6 md:max-w-2xl lg:max-w-xl xl:max-w-3xl md:py-6 lg:px-0 m-auto\">\n<div class=\"relative flex flex-col w-[calc(100%-50px)] gap-1 md:gap-3 lg:w-[calc(100%-115px)]\">\n<div class=\"flex flex-grow flex-col gap-3\">\n<div class=\"min-h-[20px] flex flex-col items-start gap-4 whitespace-pre-wrap break-words\">\n<div class=\"markdown prose w-full break-words dark:prose-invert light\">\n<p>&nbsp;<\/p>\n<\/div>\n<\/div>\n<\/div>\n<div class=\"flex justify-between lg:block\"><\/div>\n<\/div>\n<\/div>\n<\/div>\n<\/div>\n<\/div>\n<\/div>\n<\/div>\n<div class=\"absolute bottom-0 left-0 w-full border-t md:border-t-0 dark:border-white\/20 md:border-transparent md:dark:border-transparent md:bg-vert-light-gradient bg-white dark:bg-gray-800 md:!bg-transparent dark:md:bg-vert-dark-gradient pt-2\">\n<form class=\"stretch mx-2 flex flex-row gap-3 last:mb-2 md:mx-4 md:last:mb-6 lg:mx-auto lg:max-w-2xl xl:max-w-3xl\">\n<div class=\"h-full flex ml-1 md:w-full md:m-auto md:mb-2 gap-0 md:gap-2 justify-center\"><\/div>\n<div><\/div>\n<div>\n<hr \/>\n<\/div>\n<\/form>\n<\/div>\n<\/div>\n<\/div>\n<\/div>\n<\/div>\n<\/div>\n<\/div>\n<\/div>\n<\/div>\n<\/div>\n<\/div>\n<\/div>\n<\/div>\n<\/div>\n<div class=\"flex justify-between lg:block\">\n<div class=\"text-xs flex items-center justify-center gap-1 self-center pt-2 !invisible\"><\/div>\n<div class=\"text-gray-400 flex self-end lg:self-center justify-center mt-2 gap-2 md:gap-3 lg:gap-1 lg:absolute lg:top-0 lg:translate-x-full lg:right-0 lg:mt-0 lg:pl-2 visible\">\n<p>&nbsp;<\/p>\n<div class=\"flex gap-1\"><\/div>\n<\/div>\n<\/div>\n<\/div>\n<\/div>\n<\/div>\n<div class=\"w-full h-32 md:h-48 flex-shrink-0\"><\/div>\n<\/div>\n<\/div>\n<\/div>\n<\/div>\n<div class=\"absolute bottom-0 left-0 w-full border-t md:border-t-0 dark:border-white\/20 md:border-transparent md:dark:border-transparent md:bg-vert-light-gradient bg-white dark:bg-gray-800 md:!bg-transparent dark:md:bg-vert-dark-gradient pt-2\">\n<form class=\"stretch mx-2 flex flex-row gap-3 last:mb-2 md:mx-4 md:last:mb-6 lg:mx-auto lg:max-w-2xl xl:max-w-3xl\">\n<div class=\"relative flex h-full flex-1 items-stretch md:flex-col\">\n<div class=\"\">\n<div class=\"h-full flex ml-1 md:w-full md:m-auto md:mb-2 gap-0 md:gap-2 justify-center\"><\/div>\n<\/div>\n<\/div>\n<\/form>\n<\/div>\n","protected":false},"excerpt":{"rendered":"<p>Ieri sera applausi e tanti &#8220;brava&#8221;, a ripetizione con il pubblico in piedi nell&#8217;evento messo in scena da Scoppio Spettacoli di mirko mezzacasa &nbsp; \u201cERI CON ME A L I C E CANTA BATTIATO\u201d\u00a0\u00e8 il nuovo live tour 2023, che continua con nuovi brani in scaletta tratti dal recente album, come\u00a0Da Oriente a Occidente e&hellip;<\/p>\n","protected":false},"author":4,"featured_media":335472,"comment_status":"closed","ping_status":"closed","sticky":false,"template":"","format":"standard","meta":{"_monsterinsights_skip_tracking":false,"_monsterinsights_sitenote_active":false,"_monsterinsights_sitenote_note":"","_monsterinsights_sitenote_category":0,"footnotes":""},"categories":[104,49],"tags":[],"class_list":["post-335484","post","type-post","status-publish","format-standard","has-post-thumbnail","hentry","category-evidenza_3","category-news-18","category-104","category-49","description-off"],"img_url":"https:\/\/www.radiopiu.net\/wordpress\/wp-content\/uploads\/2023\/05\/c9cda1f9-65b1-4130-a82c-04b8143fd596.jpg","_links":{"self":[{"href":"https:\/\/www.radiopiu.net\/wordpress\/wp-json\/wp\/v2\/posts\/335484","targetHints":{"allow":["GET"]}}],"collection":[{"href":"https:\/\/www.radiopiu.net\/wordpress\/wp-json\/wp\/v2\/posts"}],"about":[{"href":"https:\/\/www.radiopiu.net\/wordpress\/wp-json\/wp\/v2\/types\/post"}],"author":[{"embeddable":true,"href":"https:\/\/www.radiopiu.net\/wordpress\/wp-json\/wp\/v2\/users\/4"}],"replies":[{"embeddable":true,"href":"https:\/\/www.radiopiu.net\/wordpress\/wp-json\/wp\/v2\/comments?post=335484"}],"version-history":[{"count":0,"href":"https:\/\/www.radiopiu.net\/wordpress\/wp-json\/wp\/v2\/posts\/335484\/revisions"}],"wp:featuredmedia":[{"embeddable":true,"href":"https:\/\/www.radiopiu.net\/wordpress\/wp-json\/wp\/v2\/media\/335472"}],"wp:attachment":[{"href":"https:\/\/www.radiopiu.net\/wordpress\/wp-json\/wp\/v2\/media?parent=335484"}],"wp:term":[{"taxonomy":"category","embeddable":true,"href":"https:\/\/www.radiopiu.net\/wordpress\/wp-json\/wp\/v2\/categories?post=335484"},{"taxonomy":"post_tag","embeddable":true,"href":"https:\/\/www.radiopiu.net\/wordpress\/wp-json\/wp\/v2\/tags?post=335484"}],"curies":[{"name":"wp","href":"https:\/\/api.w.org\/{rel}","templated":true}]}}