{"id":335519,"date":"2023-05-13T06:04:26","date_gmt":"2023-05-13T04:04:26","guid":{"rendered":"https:\/\/www.radiopiu.net\/wordpress\/?p=335519"},"modified":"2023-05-13T12:37:24","modified_gmt":"2023-05-13T10:37:24","slug":"giornale-radiopiu-13-maggio-2023-direttore-mirko-mezzacasa-verso-i-40-anni-25-giugno-1983-25-giugno-2023","status":"publish","type":"post","link":"https:\/\/www.radiopiu.net\/wordpress\/giornale-radiopiu-13-maggio-2023-direttore-mirko-mezzacasa-verso-i-40-anni-25-giugno-1983-25-giugno-2023\/","title":{"rendered":"GIORNALE RADIOPIU 13 MAGGIO 2023 DIRETTORE MIRKO MEZZACASA&#8230;verso i 40 anni 25 giugno 1983-25 giugno 2023"},"content":{"rendered":"<h2 style=\"text-align: left;\"><span style=\"color: #ff0000;\"><span style=\"vertical-align: inherit;\"><a class=\"dt-pswp-item\" href=\"https:\/\/www.radiopiu.net\/wordpress\/wp-content\/uploads\/2023\/04\/e0aad41d-951e-47b9-9fae-1a879a9bcb7e-1.jpg\" data-dt-img-description=\"\" data-large_image_width=\"1200\" data-large_image_height=\"1200\"><img loading=\"lazy\" decoding=\"async\" class=\"wp-image-333205 alignleft\" src=\"https:\/\/www.radiopiu.net\/wordpress\/wp-content\/uploads\/2023\/04\/e0aad41d-951e-47b9-9fae-1a879a9bcb7e-1-300x300.jpg\" alt=\"\" width=\"110\" height=\"110\" srcset=\"https:\/\/www.radiopiu.net\/wordpress\/wp-content\/uploads\/2023\/04\/e0aad41d-951e-47b9-9fae-1a879a9bcb7e-1-300x300.jpg 300w, https:\/\/www.radiopiu.net\/wordpress\/wp-content\/uploads\/2023\/04\/e0aad41d-951e-47b9-9fae-1a879a9bcb7e-1-1024x1024.jpg 1024w, https:\/\/www.radiopiu.net\/wordpress\/wp-content\/uploads\/2023\/04\/e0aad41d-951e-47b9-9fae-1a879a9bcb7e-1-150x150.jpg 150w, https:\/\/www.radiopiu.net\/wordpress\/wp-content\/uploads\/2023\/04\/e0aad41d-951e-47b9-9fae-1a879a9bcb7e-1-768x768.jpg 768w, https:\/\/www.radiopiu.net\/wordpress\/wp-content\/uploads\/2023\/04\/e0aad41d-951e-47b9-9fae-1a879a9bcb7e-1.jpg 1200w\" sizes=\"auto, (max-width: 110px) 100vw, 110px\" \/><\/a><\/span><\/span><\/h2>\n<h2 style=\"text-align: left;\"><span style=\"color: #ff0000;\"><span style=\"vertical-align: inherit;\">ISCRIVITI AL NOSTRO CANALE\u00a0 <\/span><\/span><span style=\"vertical-align: inherit;\"> YOUTUBE PER SEGUIRE IN DIRETTA I PRINCIPALI PROGRAMMI DI RADIO PIU&#8217; E LE FUTURE DIRETTE IN ESTERNA. PER ISCRIVERTI <\/span><a style=\"color: #ff0000;\" href=\"https:\/\/youtube.com\/@radiopiu1527\"><span style=\"vertical-align: inherit;\">CLICCA QUI <\/span><\/a><span style=\"color: #ff0000; font-size: 14px; font-weight: normal;\"><span style=\"vertical-align: inherit;\">E PREMI\u00a0 &#8220;Iscriviti&#8221;\u00a0 \u00a0 \u00a0\u00a0<\/span><\/span><\/h2>\n<p>&nbsp;<\/p>\n<p>&nbsp;<\/p>\n<p style=\"text-align: center;\"><span style=\"color: #ff99cc;\"><strong>ASPETTANDO I GIORNI IN ROSA, ECCO L&#8217;AUTO BRANDIZZATA DOLOMITI BELLUNESI, SEGUIRA&#8217; LA CAROVANA GRAZIE ALLA SINERGIA PROVINCIA_CONSORZIO BIM PIAVE_DMO DOLOMITI BELLUNESI <\/strong><\/span><\/p>\n<p style=\"text-align: center;\"><strong><a class=\"dt-pswp-item\" href=\"https:\/\/www.radiopiu.net\/wordpress\/wp-content\/uploads\/2023\/05\/DB-CAROVANA.jpeg\" data-dt-img-description=\"\" data-large_image_width=\"1024\" data-large_image_height=\"851\"><img loading=\"lazy\" decoding=\"async\" class=\"alignnone wp-image-335583 \" src=\"https:\/\/www.radiopiu.net\/wordpress\/wp-content\/uploads\/2023\/05\/DB-CAROVANA.jpeg\" alt=\"\" width=\"440\" height=\"365\" srcset=\"https:\/\/www.radiopiu.net\/wordpress\/wp-content\/uploads\/2023\/05\/DB-CAROVANA.jpeg 1024w, https:\/\/www.radiopiu.net\/wordpress\/wp-content\/uploads\/2023\/05\/DB-CAROVANA-300x249.jpeg 300w, https:\/\/www.radiopiu.net\/wordpress\/wp-content\/uploads\/2023\/05\/DB-CAROVANA-768x638.jpeg 768w\" sizes=\"auto, (max-width: 440px) 100vw, 440px\" \/><\/a><\/strong><\/p>\n<p>&nbsp;<\/p>\n<p>A Longarone Fiere verranno organizzati laboratori per i pi\u00f9 piccoli, in un villaggio, a due passi dalla partenza del tappone delle Tre Cime, che metter\u00e0 insieme la passione per il ciclismo e la capacit\u00e0 degli artigiani. L\u2019obiettivo \u00e8 promuovere le bellezze paesaggistiche al grande pubblico che segue il Giro e contemporaneamente avvicinare i ragazzi ai mestieri tipici dell\u2019artigianato. Il progetto si chiama \u201cFai un Giro di maestria con l\u2019artigianato\u201d. Per informazioni e iscrizioni: segreteria@confartigianatobelluno.eu<\/p>\n<div class=\"flex-1 overflow-hidden\">\n<div class=\"react-scroll-to-bottom--css-thehu-79elbk h-full dark:bg-gray-800\">\n<div class=\"react-scroll-to-bottom--css-thehu-1n7m0yu\">\n<div class=\"flex flex-col items-center text-sm dark:bg-gray-800\">\n<div class=\"group w-full text-gray-800 dark:text-gray-100 border-b border-black\/10 dark:border-gray-900\/50 bg-gray-50 dark:bg-[#444654]\">\n<div class=\"flex p-4 gap-4 text-base md:gap-6 md:max-w-2xl lg:max-w-xl xl:max-w-3xl md:py-6 lg:px-0 m-auto\">\n<div class=\"relative flex flex-col w-[calc(100%-50px)] gap-1 md:gap-3 lg:w-[calc(100%-115px)]\">\n<div class=\"flex flex-grow flex-col gap-3\">\n<div class=\"min-h-[20px] flex flex-col items-start gap-4 whitespace-pre-wrap break-words\">\n<div class=\"markdown prose w-full break-words dark:prose-invert light\">\n<div class=\"flex-1 overflow-hidden\">\n<div class=\"react-scroll-to-bottom--css-thehu-79elbk h-full dark:bg-gray-800\">\n<div class=\"react-scroll-to-bottom--css-thehu-1n7m0yu\">\n<div class=\"flex flex-col items-center text-sm dark:bg-gray-800\">\n<div class=\"group w-full text-gray-800 dark:text-gray-100 border-b border-black\/10 dark:border-gray-900\/50 bg-gray-50 dark:bg-[#444654]\">\n<div class=\"flex p-4 gap-4 text-base md:gap-6 md:max-w-2xl lg:max-w-xl xl:max-w-3xl md:py-6 lg:px-0 m-auto\">\n<div class=\"relative flex flex-col w-[calc(100%-50px)] gap-1 md:gap-3 lg:w-[calc(100%-115px)]\">\n<div class=\"flex flex-grow flex-col gap-3\">\n<div class=\"min-h-[20px] flex flex-col items-start gap-4 whitespace-pre-wrap break-words\">\n<div class=\"markdown prose w-full break-words dark:prose-invert light\">\n<p>&nbsp;<\/p>\n<\/div>\n<\/div>\n<\/div>\n<\/div>\n<\/div>\n<\/div>\n<\/div>\n<\/div>\n<\/div>\n<\/div>\n<\/div>\n<\/div>\n<\/div>\n<\/div>\n<\/div>\n<\/div>\n<\/div>\n<\/div>\n<\/div>\n<\/div>\n<p>&nbsp;<\/p>\n<p>&nbsp;<\/p>\n<hr \/>\n<p>&nbsp;<\/p>\n<blockquote>\n<h2>IL FURTO DELLA MADONNINA DELLA OTA DEI FAGHER<\/h2>\n<\/blockquote>\n<p><img loading=\"lazy\" decoding=\"async\" class=\"alignleft\" src=\"https:\/\/www.radiopiu.net\/wordpress\/wp-content\/uploads\/2023\/05\/madonna.png\" width=\"319\" height=\"178\" \/><strong>FALCADE<\/strong> Nella tranquilla localit\u00e0 di Falcade Alto, la comunit\u00e0 \u00e8 stata scossa da un vile atto di furto che ha colpito uno dei suoi\u00a0 preziosi simboli religiosi. La Madonna posta nella suggestiva Ota dei Fagh\u00e8r \u00e8 stata rubata, lasciando dietro di s\u00e9 un sentimento diffuso di vergogna e disgusto. La Madonnina, collocata con cura dai Volontari del Gruppo Alpini di Falcade, rappresentava un importante punto di riferimento per la comunit\u00e0 locale e un simbolo di devozione e fede. La sua scomparsa improvvisa ha gettato un&#8217;ombra di tristezza e rabbia tra i residenti e i visitatori, che si chiedono quale possa essere il senso di un gesto cos\u00ec vile e privo di rispetto.\u00a0 Le reazioni da parte della popolazione non si sono fatte attendere dopo che Axel De Pellegrini (consigliere comunale) ne ha dato notizia. Numerosi abitanti di Falcade Alto hanno manifestato il loro sconcerto e la loro delusione per quanto accaduto. <em>&#8220;\u00c8 davvero triste vedere che qualcuno sia capace di commettere un gesto del genere. La Madonna era un simbolo di unit\u00e0 e speranza per tutti noi&#8221;<\/em>, ha dichiarato\u00a0 De Pellegrini. I Volontari del Gruppo Alpini di Falcade, che si erano adoperati con dedizione per posizionare la Madonnina nella sua collocazione originale, hanno espresso il loro sgomento e la loro profonda tristezza per il furto. <em>&#8220;Abbiamo lavorato sodo per rendere quel luogo speciale, un punto di rifugio e spiritualit\u00e0 per chiunque vi passasse. Questo gesto \u00e8 una mancanza di rispetto verso la nostra comunit\u00e0 e i nostri valori&#8221;<\/em>, hanno commentato. La speranza di tutti \u00e8 che questo atto ignobile possa essere risolto al pi\u00f9 presto, riportando la Madonnina nel suo luogo di origine e ripristinando la fiducia e il rispetto all&#8217;interno della comunit\u00e0. Nel frattempo, i residenti di Falcade Alto si stringono intorno a questa dolorosa vicenda, confidando nella prontezza delle forze dell&#8217;ordine nell&#8217;individuare il colpevole e riportare la pace e l&#8217;armonia in quella che era un luogo di devozione e contemplazione.<\/p>\n<div class=\"flex-1 overflow-hidden\">\n<div class=\"react-scroll-to-bottom--css-viucf-79elbk h-full dark:bg-gray-800\">\n<div class=\"react-scroll-to-bottom--css-viucf-1n7m0yu\">\n<div class=\"flex flex-col items-center text-sm dark:bg-gray-800\">\n<div class=\"group w-full text-gray-800 dark:text-gray-100 border-b border-black\/10 dark:border-gray-900\/50 bg-gray-50 dark:bg-[#444654]\">\n<div class=\"flex p-4 gap-4 text-base md:gap-6 md:max-w-2xl lg:max-w-xl xl:max-w-3xl md:py-6 lg:px-0 m-auto\">\n<div class=\"relative flex w-[calc(100%-50px)] flex-col gap-1 md:gap-3 lg:w-[calc(100%-115px)]\">\n<div class=\"flex justify-between lg:block\">\n<div class=\"text-xs flex items-center justify-center gap-1 self-center pt-2 !invisible\">\n<blockquote>\n<h3 class=\"text-xs flex items-center justify-center gap-1 self-center pt-2 !invisible\"><strong>DAL GRUPPO ALPINI DI FALCADE, REMO SECCHI\u00a0<\/strong><\/h3>\n<\/blockquote>\n<div class=\"text-gray-400 flex self-end lg:self-center justify-center mt-2 gap-2 md:gap-3 lg:gap-1 lg:absolute lg:top-0 lg:translate-x-full lg:right-0 lg:mt-0 lg:pl-2 visible\">\n<audio class=\"wp-audio-shortcode\" id=\"audio-335519-1\" preload=\"none\" style=\"width: 100%;\" controls=\"controls\"><source type=\"audio\/mpeg\" src=\"https:\/\/www.radiopiu.net\/wordpress\/wp-content\/uploads\/2023\/05\/REMO-SECCHI.mp3?_=1\" \/><a href=\"https:\/\/www.radiopiu.net\/wordpress\/wp-content\/uploads\/2023\/05\/REMO-SECCHI.mp3\">https:\/\/www.radiopiu.net\/wordpress\/wp-content\/uploads\/2023\/05\/REMO-SECCHI.mp3<\/a><\/audio>\n<div class=\"flex gap-1\"><\/div>\n<div><\/div>\n<\/div>\n<\/div>\n<div>\n<hr \/>\n<\/div>\n<div><\/div>\n<blockquote>\n<h3>AGGREDISCE I CARABINIERI, ARRESTATO PER RESISTENZA<\/h3>\n<\/blockquote>\n<div><strong>FELTRE<\/strong>\u00a0 Alle 5 del mattino ubriaco, alla guida della macchina incidentata e c&#8217;\u00e8 voluto lo spray al peperoncino per bloccarlo e portarlo in caserma.\u00a0 \u00a0La\u00a0 pattuglia del Radiomobile lo\u00a0 ha intercettato alla rotatoria delle Vignigole, dopo che si era schiantato contro il muro della Metallurgica. Essendosi accorti del fatto che non era sobrio, i due militari volevano identificarlo, ma il 41enne di Seren del Grappa non sarebbe stato collaborativo fin dal primo momento e li avrebbe pesantemente insultati. Quando gli \u00e8 stato chiesto se volesse sottoporsi o meno all&#8217;esame alcolemico, l&#8217;indagato avrebbe perso la testa, scagliandosi con violenza contro il vicebrigadiere. L&#8217;unico sistema per difendersi lo spray\u00a0 che ha fatto effetto sul presunto aggressore.<\/div>\n<div><\/div>\n<div><\/div>\n<div>\n<hr \/>\n<\/div>\n<blockquote>\n<h3>SFASCIA LA FINESTRA DEL BAR, RUBATI SOLDI E DOLCIUMI<\/h3>\n<\/blockquote>\n<div><strong>FELTRE<\/strong>\u00a0\u00a0Evaso dalla Dumia sfascia una finestra dell&#8217;Eni caf\u00e8 di via Belluno e ruba il fondo cassa, oltre a un krapfen e un cannolo. Poi cerca di colpire anche in un vicino panificio e un negozio di abbigliamento fino a farsi arrestare dai carabinieri in flagranza di reato. L&#8217;arresto del cittadino romeno Catalin Ionut Fava \u00e8 stato convalidato dal giudice per le indagini preliminari. Era ristretto, proprio in regime di arresti domiciliari nella cooperativa sociale di via Volturno, per altra causa<\/div>\n<div><\/div>\n<div><\/div>\n<div><\/div>\n<div>\n<hr \/>\n<\/div>\n<div><\/div>\n<blockquote>\n<h2>TRAGEDIA NELLA COMUNITA&#8217; ALLOGGIO, MUORE SOFFOCATO DALLA BRIOCHE<\/h2>\n<\/blockquote>\n<div><\/div>\n<div><strong><a class=\"dt-pswp-item\" href=\"https:\/\/www.radiopiu.net\/wordpress\/wp-content\/uploads\/2023\/05\/Senza-nome-42.jpg\" data-dt-img-description=\"\" data-large_image_width=\"298\" data-large_image_height=\"292\"><img loading=\"lazy\" decoding=\"async\" class=\"wp-image-335631 alignleft\" src=\"https:\/\/www.radiopiu.net\/wordpress\/wp-content\/uploads\/2023\/05\/Senza-nome-42.jpg\" alt=\"\" width=\"199\" height=\"195\" \/><\/a>PIEVE DI CADORE<\/strong> \u00c8 morto soffocato da un boccone della brioche che stava mangiando, nonostante i tentativi disperati di soccorso da parte degli operatori della comunit\u00e0 dove alloggiava e dei sanitari del Suem 118 di Pieve di Cadore. Dennj Saviane, 45 anni, di La Secca, \u00e8 deceduto a causa dell&#8217;incidente. L&#8217;uomo aveva una grande passione per il ciclismo e aveva praticato attivit\u00e0 su strada e in mountain bike con la societ\u00e0 Due Ruote Sport di Ponte nelle Alpi. Tuttavia, negli ultimi tempi aveva affrontato diverse difficolt\u00e0 di salute. Il tragico episodio \u00e8 avvenuto tre giorni fa nella comunit\u00e0 alloggio gestita dalla cooperativa Le Valli, ubicata nelle ex scuole elementari di Venas di Cadore. Saviane era tornato da poco alla comunit\u00e0 dopo un periodo di cura. La struttura pu\u00f2 ospitare fino a sedici adulti con disabilit\u00e0 o persone che temporaneamente non possono risiedere in famiglia. Mentre stava mangiando la brioche, un boccone si \u00e8 bloccato nella sua trachea, impedendogli di respirare. Il personale della comunit\u00e0 ha cercato immediatamente di soccorrerlo, mentre il servizio di emergenza medica (Suem 118) di Pieve di Cadore si \u00e8 precipitato sul posto con l&#8217;automedica. Purtroppo, non \u00e8 stato possibile salvarlo: il cuore di Saviane si era fermato. Ieri pomeriggio, nella chiesa parrocchiale di Cadola, familiari e amici hanno dato l&#8217;ultimo saluto a Dennj. Successivamente, la salma \u00e8 stata tumulata nel cimitero di Cornei, in Alpago. La madre Franca, la sorella Noelita e i parenti hanno espresso la loro gratitudine a tutto il personale della comunit\u00e0 di Venas per gli sforzi profusi in aiuto di Dennj.<\/div>\n<div><\/div>\n<div><\/div>\n<div><\/div>\n<div>\n<hr \/>\n<\/div>\n<div><\/div>\n<blockquote>\n<h3><strong><a class=\"dt-pswp-item\" href=\"https:\/\/www.radiopiu.net\/wordpress\/wp-content\/uploads\/2023\/05\/Senza-nome-43.jpg\" data-dt-img-description=\"\" data-large_image_width=\"388\" data-large_image_height=\"301\"><img loading=\"lazy\" decoding=\"async\" class=\" wp-image-335633 alignleft\" src=\"https:\/\/www.radiopiu.net\/wordpress\/wp-content\/uploads\/2023\/05\/Senza-nome-43-300x233.jpg\" alt=\"\" width=\"191\" height=\"148\" srcset=\"https:\/\/www.radiopiu.net\/wordpress\/wp-content\/uploads\/2023\/05\/Senza-nome-43-300x233.jpg 300w, https:\/\/www.radiopiu.net\/wordpress\/wp-content\/uploads\/2023\/05\/Senza-nome-43.jpg 388w\" sizes=\"auto, (max-width: 191px) 100vw, 191px\" \/><\/a>IL LUTTO\u00a0<\/strong><\/h3>\n<h3>E&#8217; MANCATO IL PROFESSOR ENRICO\u00a0 GASPERI<\/h3>\n<p><em>Addio al fondatore di Verba Volant\u00a0<\/em><\/p><\/blockquote>\n<div><strong>BELLUNO<\/strong>\u00a0 \u00c8 morto Enrico Gasperi, gi\u00e0 insegnante di Lettere nelle scuole superiori bellunesi. Nato a Piombino, aveva 66 anni e poco pi\u00f9 di un anno fa era stato colpito da ictus. Lascia la moglie e due figli.\u00a0 Aveva concluso la sua carriera ai Licei Renier. Enrico Gasperi \u00e8 stato anche autore teatrale e di testi per canzoni. Nel 2008, con Marco Valentino, Nicola Della Colletta e Francesco De Bon, aveva fondato la Compagnia Impronte sul vento, con la quale aveva prodotto spettacoli di poesia-musica-canzoni<\/div>\n<div><\/div>\n<div><\/div>\n<\/div>\n<\/div>\n<\/div>\n<\/div>\n<\/div>\n<\/div>\n<\/div>\n<\/div>\n<hr \/>\n<p>&nbsp;<\/p>\n<p>&nbsp;<\/p>\n<blockquote>\n<h3>GIUSEPPE DAL BEN IL NUOVO DG DELLA ULSS1<\/h3>\n<p><em>Giuseppe Dal Ben, attuale direttore generale dell&#8217;Azienda ospedaliera di Padova, guider\u00e0 l&#8217;Ulss 1 Dolomiti dopo il grande lavoro di Maria Grazia Carraro, morta lo scorso 19 aprile. L&#8217;orientamento del presidente della Regione del Veneto, Luca Zaia, sarebbe di non nominare, almeno fino a febbraio 2024, un nuovo direttore generale a Belluno<\/em><\/p><\/blockquote>\n<p><a class=\"dt-pswp-item\" href=\"https:\/\/www.radiopiu.net\/wordpress\/wp-content\/uploads\/2023\/05\/Senza-nome-1.png\" data-dt-img-description=\"\" data-large_image_width=\"145\" data-large_image_height=\"118\"><img loading=\"lazy\" decoding=\"async\" class=\" wp-image-335629 alignleft\" src=\"https:\/\/www.radiopiu.net\/wordpress\/wp-content\/uploads\/2023\/05\/Senza-nome-1.png\" alt=\"\" width=\"172\" height=\"140\" \/><\/a><strong>VENEZIA<\/strong> Il presidente della Regione Veneto, Luca Zaia, ha preso una decisione\u00a0 per il settore sanitario bellunese, nominando Giuseppe Dal Ben come direttore generale per due importanti aziende sanitarie. Dal Ben, attuale numero uno dell&#8217;Ospedale universitario di Padova, sar\u00e0 responsabile contemporaneamente della guida della sanit\u00e0 pubblica nella provincia di Belluno. Il dottor Giuseppe Dal Ben, originario di Oderzo e con 66 anni di et\u00e0, \u00e8 un medico esperto con una vasta esperienza manageriale nel settore sanitario veneto. Ha iniziato la sua carriera dirigendo alcuni distretti sociosanitari e successivamente ha ricoperto il ruolo di commissario per aziende che necessitavano di interventi urgenti. Due anni fa \u00e8 stato nominato direttore generale dell&#8217;Ulss di Chioggia e, successivamente, ha assunto l&#8217;incarico di direttore generale ell&#8217;Ospedale universitario di Padova. Il profilo di Giuseppe Dal Ben \u00e8 di primissimo piano nel campo medico e il suo rapporto con il presidente Zaia \u00e8 consolidato. Questa nomina dimostra la fiducia e la stima che Zaia ripone nel dottor Dal Ben, considerandolo la persona giusta per gestire contemporaneamente due aziende sanitarie di rilievo. La decisione di affidare la direzione generale di due aziende sanitarie a una singola persona pu\u00f2 sembrare insolita, ma sembra che Zaia abbia valutato attentamente le competenze e l&#8217;esperienza di Dal Ben, oltre alla sua capacit\u00e0 di gestire con successo sfide complesse. Questa scelta potrebbe portare a una maggiore efficienza e sinergia tra le due aziende sanitarie, con potenziali benefici per la salute pubblica nella provincia di Belluno. L&#8217;Ospedale universitario di Padova \u00e8 noto per la sua eccellenza e la sua reputazione, e ora Dal Ben avr\u00e0 l&#8217;opportunit\u00e0 di portare la sua leadership e la sua esperienza anche alla sanit\u00e0 pubblica bellunese. Sar\u00e0 interessante osservare come gestir\u00e0 questa doppia responsabilit\u00e0 e se sar\u00e0 in grado di portare risultati positivi per entrambe le aziende sanitarie. In conclusione, la nomina di Giuseppe Dal Ben come direttore generale per entrambe le aziende sanitarie rappresenta una decisione significativa da parte del presidente Luca Zaia. Questa scelta mette in luce la fiducia riposta in Dal Ben e il suo impegno nel migliorare la sanit\u00e0 pubblica nella provincia di Belluno. Ora spetta a Dal Ben dimostrare la sua abilit\u00e0 manageriale e la sua capacit\u00e0 di ottenere risultati positivi in entrambi i contesti.<\/p>\n<p>&nbsp;<\/p>\n<div class=\"flex-1 overflow-hidden\">\n<div class=\"react-scroll-to-bottom--css-mwlev-79elbk h-full dark:bg-gray-800\">\n<div class=\"react-scroll-to-bottom--css-mwlev-1n7m0yu\">\n<div class=\"flex flex-col items-center text-sm dark:bg-gray-800\">\n<div class=\"group w-full text-gray-800 dark:text-gray-100 border-b border-black\/10 dark:border-gray-900\/50 bg-gray-50 dark:bg-[#444654]\">\n<div class=\"flex p-4 gap-4 text-base md:gap-6 md:max-w-2xl lg:max-w-xl xl:max-w-3xl md:py-6 lg:px-0 m-auto\">\n<div class=\"relative flex w-[calc(100%-50px)] flex-col gap-1 md:gap-3 lg:w-[calc(100%-115px)]\">\n<div class=\"text-gray-400 flex self-end lg:self-center justify-center mt-2 gap-2 md:gap-3 lg:gap-1 lg:absolute lg:top-0 lg:translate-x-full lg:right-0 lg:mt-0 lg:pl-2 visible\"><strong>da FELTRE, Dario Bond<\/strong><audio class=\"wp-audio-shortcode\" id=\"audio-335519-2\" preload=\"none\" style=\"width: 100%;\" controls=\"controls\"><source type=\"audio\/mpeg\" src=\"https:\/\/www.radiopiu.net\/wordpress\/wp-content\/uploads\/2023\/05\/bond.mp3?_=2\" \/><a href=\"https:\/\/www.radiopiu.net\/wordpress\/wp-content\/uploads\/2023\/05\/bond.mp3\">https:\/\/www.radiopiu.net\/wordpress\/wp-content\/uploads\/2023\/05\/bond.mp3<\/a><\/audio>\n<\/div>\n<div class=\"flex justify-between lg:block\">\n<div><\/div>\n<div>\n<hr \/>\n<\/div>\n<div><\/div>\n<div><\/div>\n<div><\/div>\n<blockquote>\n<h3>DIECIMILA ELETTORI ALLE URNE, SI ELEGGONO ANCHE I PRIMI CITTADINI DI CENCENIGHE E CANALE D&#8217;AGORDO<\/h3>\n<\/blockquote>\n<div><a class=\"dt-pswp-item\" href=\"https:\/\/www.radiopiu.net\/wordpress\/wp-content\/uploads\/2019\/05\/ELEZIONI-COMUNALI.jpg\" data-dt-img-description=\"\" data-large_image_width=\"751\" data-large_image_height=\"488\"><img loading=\"lazy\" decoding=\"async\" class=\"size-medium wp-image-86550 alignleft\" src=\"https:\/\/www.radiopiu.net\/wordpress\/wp-content\/uploads\/2019\/05\/ELEZIONI-COMUNALI-300x195.jpg\" alt=\"\" width=\"300\" height=\"195\" srcset=\"https:\/\/www.radiopiu.net\/wordpress\/wp-content\/uploads\/2019\/05\/ELEZIONI-COMUNALI-300x195.jpg 300w, https:\/\/www.radiopiu.net\/wordpress\/wp-content\/uploads\/2019\/05\/ELEZIONI-COMUNALI.jpg 751w\" sizes=\"auto, (max-width: 300px) 100vw, 300px\" \/><\/a><strong>REDAZIONE<\/strong> \u00a0Sono 10mila gli elettori chiamati alle urne\u00a0 domani dalle 7 alle 23 e luned\u00ec dalle\u00a0 7 alle 15. I comuni interessati, tutti sotto i 15mila abitanti sono Pieve di Cadore, Sospirolo, Cencenighe Agordino e Canale d&#8217;Agordo. L&#8217;unico avversario da battere, per la corsa solitaria dell&#8217;unico candidato sindaco che c&#8217;\u00e8 per ciascun territorio, \u00e8 il quorum. Resta in vigore la norma di diritto transitorio che intende agevolare il raggiungimento del quorum di partecipazione al voto: \u00e8 la legge nata nell&#8217;emergenza covid, periodo di pandemia, che non consentiva ai bellunesi residenti all&#8217;estero di spostarsi.\u00a0 Per avere un sindaco eletto baster\u00e0 il numero dei votanti non sia inferiore al 40% degli elettori iscritti nelle liste elettorali del comune, scorporati dagli elettori NON VOTANTI\u00a0 iscritti all&#8217;Anagrafe degli italiani residenti all&#8217;estero (AIRE) .<\/div>\n<div><\/div>\n<div><strong>ARCHIVI RADIOPIU<\/strong><\/div>\n<div><\/div>\n<\/div>\n<\/div>\n<\/div>\n<\/div>\n<\/div>\n<\/div>\n<\/div>\n<\/div>\n<div class=\"absolute bottom-0 left-0 w-full border-t md:border-t-0 dark:border-white\/20 md:border-transparent md:dark:border-transparent md:bg-vert-light-gradient bg-white dark:bg-gray-800 md:!bg-transparent dark:md:bg-vert-dark-gradient pt-2\">\n<form class=\"stretch mx-2 flex flex-row gap-3 last:mb-2 md:mx-4 md:last:mb-6 lg:mx-auto lg:max-w-2xl xl:max-w-3xl\">\n<div class=\"relative flex h-full flex-1 items-stretch md:flex-col\">\n<div class=\"\">\n<div>\n<blockquote class=\"wp-embedded-content\" data-secret=\"WsbEL4gwfa\"><p><a href=\"https:\/\/www.radiopiu.net\/wordpress\/una-sola-lista-a-canale-dagordo-e-anche-a-cencenighe\/\">UNA SOLA LISTA A CANALE D&#8217;AGORDO E ANCHE A CENCENIGHE<\/a><\/p><\/blockquote>\n<p><iframe loading=\"lazy\" class=\"wp-embedded-content\" sandbox=\"allow-scripts\" security=\"restricted\" style=\"position: absolute; clip: rect(1px, 1px, 1px, 1px);\" title=\"&#8220;UNA SOLA LISTA A CANALE D&#8217;AGORDO E ANCHE A CENCENIGHE&#8221; &#8212; Radio Pi\u00f9\" src=\"https:\/\/www.radiopiu.net\/wordpress\/una-sola-lista-a-canale-dagordo-e-anche-a-cencenighe\/embed\/#?secret=L7y1PFYI0Z#?secret=WsbEL4gwfa\" data-secret=\"WsbEL4gwfa\" width=\"600\" height=\"338\" frameborder=\"0\" marginwidth=\"0\" marginheight=\"0\" scrolling=\"no\"><\/iframe><\/p>\n<p>&nbsp;<\/p>\n<blockquote class=\"wp-embedded-content\" data-secret=\"xB69WV0icJ\"><p><a href=\"https:\/\/www.radiopiu.net\/wordpress\/elezioni-mauro-soppelsa-in-corsa-per-un-nuovo-mandato\/\">ELEZIONI, MAURO SOPPELSA IN CORSA PER UN NUOVO MANDATO<\/a><\/p><\/blockquote>\n<p><iframe loading=\"lazy\" class=\"wp-embedded-content\" sandbox=\"allow-scripts\" security=\"restricted\" style=\"position: absolute; clip: rect(1px, 1px, 1px, 1px);\" title=\"&#8220;ELEZIONI, MAURO SOPPELSA IN CORSA PER UN NUOVO MANDATO&#8221; &#8212; Radio Pi\u00f9\" src=\"https:\/\/www.radiopiu.net\/wordpress\/elezioni-mauro-soppelsa-in-corsa-per-un-nuovo-mandato\/embed\/#?secret=ohW0K7h7MN#?secret=xB69WV0icJ\" data-secret=\"xB69WV0icJ\" width=\"600\" height=\"338\" frameborder=\"0\" marginwidth=\"0\" marginheight=\"0\" scrolling=\"no\"><\/iframe><\/p>\n<\/div>\n<\/div>\n<\/div>\n<\/form>\n<\/div>\n<p>&nbsp;<\/p>\n<p>&nbsp;<\/p>\n<hr \/>\n<p>&nbsp;<\/p>\n<blockquote>\n<h2>NEVEGAL: OFFERTA ACCETTATA, UN ALTRO PASSO AVANTI<\/h2>\n<\/blockquote>\n<div class=\"markdown prose w-full break-words dark:prose-invert light\">\n<p><strong>\u00a0<\/strong><\/p>\n<p><strong><img decoding=\"async\" src=\"https:\/\/www.radiopiu.net\/wordpress\/wp-content\/uploads\/2019\/08\/alpe-del-nevegal-seggiovia-1600x625.jpg\" \/>BELLUNO<\/strong> Ammessa alla gara per la gestione degli impianti di risalita del Nevegal l&#8217;unica offerta presentata che \u2013 novit\u00e0 \u2013 non vede protagonista solo Nevegal 2021, che parteciper\u00e0 in partnership con Dolomiti Strade.<\/p>\n<\/div>\n<p>DI DANIELE DALVIT<\/p>\n<div class=\"markdown prose w-full break-words dark:prose-invert light\">\n<audio class=\"wp-audio-shortcode\" id=\"audio-335519-3\" preload=\"none\" style=\"width: 100%;\" controls=\"controls\"><source type=\"audio\/mpeg\" src=\"https:\/\/www.radiopiu.net\/wordpress\/wp-content\/uploads\/2023\/05\/Radio-Piu-Servizio-Accettazione-offerta-Nevegal.mp3?_=3\" \/><a href=\"https:\/\/www.radiopiu.net\/wordpress\/wp-content\/uploads\/2023\/05\/Radio-Piu-Servizio-Accettazione-offerta-Nevegal.mp3\">https:\/\/www.radiopiu.net\/wordpress\/wp-content\/uploads\/2023\/05\/Radio-Piu-Servizio-Accettazione-offerta-Nevegal.mp3<\/a><\/audio>\n<p>&nbsp;<\/p>\n<p>&nbsp;<\/p>\n<hr \/>\n<\/div>\n<p><span style=\"color: #ff0000;\"><strong>IERI ALLA RADIO<\/strong><\/span><\/p>\n<blockquote>\n<h3>NEVEGAL: C&#8217;E&#8217; L&#8217;OFFERTA MA PER LE CONFERME E&#8217; PRESTO<\/h3>\n<\/blockquote>\n<h3><strong>BELLUNO<\/strong> L&#8217;offerta per la gestione degli impianti di risalita a Nevegal \u00e8 stata presentata da Nevegal 2021, ma la decisione finale non \u00e8 ancora stata presa. La busta contenente l&#8217;offerta verr\u00e0 aperta venerd\u00ec alle 10 e successivamente saranno esaminati i requisiti e la documentazione prima di procedere con l&#8217;assegnazione. Nessuno degli interessati ha rilasciato commenti prima dell&#8217;apertura della busta, mantenendo una certa prudenza.<\/h3>\n<p><strong>DI DANIELE DALVIT<\/strong><\/p>\n<audio class=\"wp-audio-shortcode\" id=\"audio-335519-4\" preload=\"none\" style=\"width: 100%;\" controls=\"controls\"><source type=\"audio\/mpeg\" src=\"https:\/\/www.radiopiu.net\/wordpress\/wp-content\/uploads\/2023\/05\/Radio-Piu-Servizio-Offerta-bando-Nevegal-1.mp3?_=4\" \/><a href=\"https:\/\/www.radiopiu.net\/wordpress\/wp-content\/uploads\/2023\/05\/Radio-Piu-Servizio-Offerta-bando-Nevegal-1.mp3\">https:\/\/www.radiopiu.net\/wordpress\/wp-content\/uploads\/2023\/05\/Radio-Piu-Servizio-Offerta-bando-Nevegal-1.mp3<\/a><\/audio>\n<div class=\"markdown prose w-full break-words dark:prose-invert light\">\n<p>&nbsp;<\/p>\n<\/div>\n<p>&nbsp;<\/p>\n<p>&nbsp;<\/p>\n<hr \/>\n<p>&nbsp;<\/p>\n<p>&nbsp;<\/p>\n<blockquote>\n<h2>IERI IL RICORDO DI SIMEONE MARIN AL CIPPO DI PASSO STAULANZA<\/h2>\n<\/blockquote>\n<p>&nbsp;<\/p>\n<p><strong>ALLEGHE<\/strong> Il partigiano Simeone Marin riposa nel cimitero di Alleghe, il\u00a0 suo sacrificio\u00a0 durante la Resistenza. Fu ucciso a forcella Staulanza\u00a0 il 6 aprile del 1945 a 25 anni. Ieri la commossa inaugurazione della rinnovata lapide <em>\u00abUn inno alla memoria\u00bb,<\/em> ha sottolineato Maria Rita Gentilin, segretaria generale di Spi Cgil Belluno che ha finanziato i lavori<\/p>\n<p>&nbsp;<\/p>\n<p><a class=\"dt-pswp-item\" href=\"https:\/\/www.radiopiu.net\/wordpress\/wp-content\/uploads\/2023\/05\/Senza-nome-44.jpg\" data-dt-img-description=\"\" data-large_image_width=\"1099\" data-large_image_height=\"336\"><img loading=\"lazy\" decoding=\"async\" class=\"alignnone wp-image-335635 size-full\" src=\"https:\/\/www.radiopiu.net\/wordpress\/wp-content\/uploads\/2023\/05\/Senza-nome-44.jpg\" alt=\"\" width=\"1099\" height=\"336\" srcset=\"https:\/\/www.radiopiu.net\/wordpress\/wp-content\/uploads\/2023\/05\/Senza-nome-44.jpg 1099w, https:\/\/www.radiopiu.net\/wordpress\/wp-content\/uploads\/2023\/05\/Senza-nome-44-300x92.jpg 300w, https:\/\/www.radiopiu.net\/wordpress\/wp-content\/uploads\/2023\/05\/Senza-nome-44-1024x313.jpg 1024w, https:\/\/www.radiopiu.net\/wordpress\/wp-content\/uploads\/2023\/05\/Senza-nome-44-768x235.jpg 768w\" sizes=\"auto, (max-width: 1099px) 100vw, 1099px\" \/><\/a><\/p>\n<p><strong>IERI\u00a0 ALLA\u00a0 RADIO\u00a0 ROBERTO BONA<\/strong><\/p>\n<audio class=\"wp-audio-shortcode\" id=\"audio-335519-5\" preload=\"none\" style=\"width: 100%;\" controls=\"controls\"><source type=\"audio\/mpeg\" src=\"https:\/\/www.radiopiu.net\/wordpress\/wp-content\/uploads\/2023\/05\/CommemorazioneMarin-1.mp3?_=5\" \/><a href=\"https:\/\/www.radiopiu.net\/wordpress\/wp-content\/uploads\/2023\/05\/CommemorazioneMarin-1.mp3\">https:\/\/www.radiopiu.net\/wordpress\/wp-content\/uploads\/2023\/05\/CommemorazioneMarin-1.mp3<\/a><\/audio>\n<p>&nbsp;<\/p>\n<p>&nbsp;<\/p>\n<hr \/>\n<blockquote>\n<h3><\/h3>\n<h3>FRANA CASSANI-PARADISI, PRONTO IL SECONDO STRALCIO: I LAVORI PARTIRANNO NEL MESE DI GIUGNO<\/h3>\n<\/blockquote>\n<p><strong>BELLUNO <\/strong>Proseguono gli interventi di sistemazione del dissesto in localit\u00e0 Paradisi (tra i Comuni di Alpago e Ponte nelle Alpi). Il primo stralcio si \u00e8 concluso poche settimane fa e adesso \u00e8 gi\u00e0 pronto il secondo. La Provincia aggiudicher\u00e0 i lavori nel giro di qualche settimana ed entro il mese di giugno partiranno i cantieri. Il dissesto infatti risale all\u2019aprile 2014 quando una prima frana di vaste dimensioni si stacc\u00f2 dal versante destro della valle di San Piero, sopra l\u2019abitato di Arsi\u00e8, interrompendo la strada che porta alla frazione di Paradisi e Borgata Cassani. La Provincia intervenne immediatamente con la realizzazione di una pista d\u2019accesso per togliere la vegetazione e tamponare il problema. Con il primo stralcio, del valore di 1,2 milioni di euro (finanziato da \u201cfondi Vaia\u201d), \u00e8 stata alleggerita la frana, e sono stati realizzati la riprofilatura del versante e il ripristino della rete idraulica del pendio.\u00a0 Il secondo stralcio, di prossima partenza, installer\u00e0 alcuni tiranti flottanti, ancorati a piastre di cemento per aumentare la resistenza del pendio. Il valore \u00e8 di 500mila euro, finanziati da Provincia e Regione. L\u2019intervento prevede una durata di circa 4 mesi di lavori, a cui seguir\u00e0 una fase di monitoraggio di un anno. Gi\u00e0 con il primo stralcio, infatti, sono stati installati alcuni sensori inclinometrici, per misurare eventuali spostamenti del pendio. Anche nel secondo stralcio continueranno i controlli e sar\u00e0 compito dei tecnici dell\u2019Universit\u00e0 di Padova ispezionare il comportamento dei tiranti.<\/p>\n\n\t\t\t<style type='text\/css'>\n\t\t\t\t#gallery-1 {\n\t\t\t\t\tmargin: auto;\n\t\t\t\t}\n\t\t\t\t#gallery-1 .gallery-item {\n\t\t\t\t\tfloat: left;\n\t\t\t\t\tmargin-top: 10px;\n\t\t\t\t\ttext-align: center;\n\t\t\t\t\twidth: 33%;\n\t\t\t\t}\n\t\t\t\t#gallery-1 img {\n\t\t\t\t\tborder: 2px solid #cfcfcf;\n\t\t\t\t}\n\t\t\t\t#gallery-1 .gallery-caption {\n\t\t\t\t\tmargin-left: 0;\n\t\t\t\t}\n\t\t\t\t\/* see gallery_shortcode() in wp-includes\/media.php *\/\n\t\t\t<\/style>\n\t\t<div id='gallery-1' class='dt-gallery-container gallery galleryid-335519 gallery-columns-3 gallery-size-thumbnail'><dl class='gallery-item'>\n\t\t\t\t<dt class='gallery-icon landscape'>\n\t\t\t\t\t<a class=\"rollover rollover-zoom dt-pswp-item\" title=\"default\" data-dt-img-description=\"\" data-large_image_width=\"1134\" data-large_image_height=\"850\"href='https:\/\/www.radiopiu.net\/wordpress\/wp-content\/uploads\/2023\/05\/paradisi-prima-dellintervento.jpg'><img loading=\"lazy\" decoding=\"async\" width=\"150\" height=\"150\" src=\"https:\/\/www.radiopiu.net\/wordpress\/wp-content\/uploads\/2023\/05\/paradisi-prima-dellintervento-150x150.jpg\" class=\"attachment-thumbnail size-thumbnail\" alt=\"\" \/><\/a>\n\t\t\t\t<\/dt><\/dl><dl class='gallery-item'>\n\t\t\t\t<dt class='gallery-icon landscape'>\n\t\t\t\t\t<a class=\"rollover rollover-zoom dt-pswp-item\" title=\"paradisi prima dell&#039;intervento 2\" data-dt-img-description=\"\" data-large_image_width=\"2560\" data-large_image_height=\"1155\"href='https:\/\/www.radiopiu.net\/wordpress\/wp-content\/uploads\/2023\/05\/paradisi-prima-dellintervento-2-scaled.jpg'><img loading=\"lazy\" decoding=\"async\" width=\"150\" height=\"150\" src=\"https:\/\/www.radiopiu.net\/wordpress\/wp-content\/uploads\/2023\/05\/paradisi-prima-dellintervento-2-150x150.jpg\" class=\"attachment-thumbnail size-thumbnail\" alt=\"\" \/><\/a>\n\t\t\t\t<\/dt><\/dl><dl class='gallery-item'>\n\t\t\t\t<dt class='gallery-icon portrait'>\n\t\t\t\t\t<a class=\"rollover rollover-zoom dt-pswp-item\" title=\"DCIM102MEDIADJI_0200.JPG\" data-dt-img-description=\"\" data-large_image_width=\"2403\" data-large_image_height=\"2560\"href='https:\/\/www.radiopiu.net\/wordpress\/wp-content\/uploads\/2023\/05\/Paradisi-vista-aerea-scaled.jpg'><img loading=\"lazy\" decoding=\"async\" width=\"150\" height=\"150\" src=\"https:\/\/www.radiopiu.net\/wordpress\/wp-content\/uploads\/2023\/05\/Paradisi-vista-aerea-150x150.jpg\" class=\"attachment-thumbnail size-thumbnail\" alt=\"\" \/><\/a>\n\t\t\t\t<\/dt><\/dl><br style=\"clear: both\" \/>\n\t\t\t<\/div>\n\n<p>&nbsp;<\/p>\n<p>&nbsp;<\/p>\n<hr \/>\n<p>&nbsp;<\/p>\n<blockquote>\n<h3>IL COMUNE DI LIVINALLONGO AZZERA L&#8217;ADDIZIONALE IRPEF PER REDDITI FINO A 10 MILA EURO<\/h3>\n<\/blockquote>\n<p><strong><a class=\"dt-pswp-item\" href=\"https:\/\/www.radiopiu.net\/wordpress\/wp-content\/uploads\/2021\/02\/View_from_Cimitre_Livinallongo_del_Col_di_Lana.jpg\" data-dt-img-description=\"\" data-large_image_width=\"2272\" data-large_image_height=\"1704\"><img loading=\"lazy\" decoding=\"async\" class=\" wp-image-193586 alignleft\" src=\"https:\/\/www.radiopiu.net\/wordpress\/wp-content\/uploads\/2021\/02\/View_from_Cimitre_Livinallongo_del_Col_di_Lana-300x225.jpg\" alt=\"\" width=\"136\" height=\"102\" srcset=\"https:\/\/www.radiopiu.net\/wordpress\/wp-content\/uploads\/2021\/02\/View_from_Cimitre_Livinallongo_del_Col_di_Lana-300x225.jpg 300w, https:\/\/www.radiopiu.net\/wordpress\/wp-content\/uploads\/2021\/02\/View_from_Cimitre_Livinallongo_del_Col_di_Lana-1024x768.jpg 1024w, https:\/\/www.radiopiu.net\/wordpress\/wp-content\/uploads\/2021\/02\/View_from_Cimitre_Livinallongo_del_Col_di_Lana-768x576.jpg 768w, https:\/\/www.radiopiu.net\/wordpress\/wp-content\/uploads\/2021\/02\/View_from_Cimitre_Livinallongo_del_Col_di_Lana-1536x1152.jpg 1536w, https:\/\/www.radiopiu.net\/wordpress\/wp-content\/uploads\/2021\/02\/View_from_Cimitre_Livinallongo_del_Col_di_Lana-2048x1536.jpg 2048w\" sizes=\"auto, (max-width: 136px) 100vw, 136px\" \/><\/a>LIVINALLONGO<\/strong><\/p>\n<p>di Lorenzo Soratroi<\/p>\n<audio class=\"wp-audio-shortcode\" id=\"audio-335519-6\" preload=\"none\" style=\"width: 100%;\" controls=\"controls\"><source type=\"audio\/mpeg\" src=\"https:\/\/www.radiopiu.net\/wordpress\/wp-content\/uploads\/2023\/05\/SORATROI-IRPEF-LIVINALLONGO.mp3?_=6\" \/><a href=\"https:\/\/www.radiopiu.net\/wordpress\/wp-content\/uploads\/2023\/05\/SORATROI-IRPEF-LIVINALLONGO.mp3\">https:\/\/www.radiopiu.net\/wordpress\/wp-content\/uploads\/2023\/05\/SORATROI-IRPEF-LIVINALLONGO.mp3<\/a><\/audio>\n<p>&nbsp;<\/p>\n<p>&nbsp;<\/p>\n<hr \/>\n<p>&nbsp;<\/p>\n<p>&nbsp;<\/p>\n<blockquote>\n<h2>&#8220;BELLUNO ALERT&#8221; IL CANALE TELEGRAM PER COMUNICARE IN CASO DI EMERGENZE E CALAMITA&#8217;<\/h2>\n<\/blockquote>\n<p><strong>BELLUNO\u00a0<\/strong> Il canale serve\u00a0 per comunicare in modo veloce con la popolazione. La scelta \u00e8 caduta su Telegram, rispetto ad altre applicazioni di messaggistica, per alcune caratteristiche tecniche di questo canale che d\u00e0 la possibilit\u00e0 di inoltrare ad un gran numero di utenti i messaggi senza necessit\u00e0 di registrare dati o richiedere generalit\u00e0, come numero telefonico o email dei partecipanti.<\/p>\n<p><strong>L&#8217;ASSESSORE LORENZA DE KUNOVICH<\/strong><\/p>\n<p><iframe loading=\"lazy\" title=\"IMG 4716\" width=\"1200\" height=\"675\" src=\"https:\/\/www.youtube.com\/embed\/6zEqh3_-STg?feature=oembed\" frameborder=\"0\" allow=\"accelerometer; autoplay; clipboard-write; encrypted-media; gyroscope; picture-in-picture; web-share\" allowfullscreen><\/iframe><\/p>\n<p>&nbsp;<\/p>\n<p>&nbsp;<\/p>\n<hr \/>\n<p>&nbsp;<\/p>\n<p>&nbsp;<\/p>\n<blockquote>\n<h2>Progetto &#8220;Io vivo qui&#8221;: Esplorare e Celebrare il Nostro Territorio<\/h2>\n<\/blockquote>\n<p><strong><img loading=\"lazy\" decoding=\"async\" class=\"alignleft\" src=\"https:\/\/www.radiopiu.net\/wordpress\/wp-content\/uploads\/2019\/09\/pradidali-dolomiti-unesco-ph.piersante-bolzon_22.jpg\" width=\"210\" height=\"140\" \/>BELLUNO<\/strong> La Fondazione Dolomiti Unesco ha coordinato il progetto &#8220;Io vivo qui&#8221;, che ha coinvolto oltre cento studenti provenienti da sei istituti scolastici. Gli studenti hanno avuto l&#8217;opportunit\u00e0 di esplorare e approfondire storie, tradizioni e caratteristiche del proprio territorio. Durante il progetto, sono stati riscoperti i vecchi forni per il pane, i sentieri della Grande Guerra e le discese dei torrenti dalla sorgente al Piave. Per illustrare il lavoro svolto nei mesi precedenti, tutti gli studenti sono saliti sul palco del Centro Culturale Parri di Longarone.<\/p>\n<p><strong>DI DANIELE DALVIT<\/strong><\/p>\n<audio class=\"wp-audio-shortcode\" id=\"audio-335519-7\" preload=\"none\" style=\"width: 100%;\" controls=\"controls\"><source type=\"audio\/mpeg\" src=\"https:\/\/www.radiopiu.net\/wordpress\/wp-content\/uploads\/2023\/05\/Radio-Piu-Servizio-Io-vivo-Qui.mp3?_=7\" \/><a href=\"https:\/\/www.radiopiu.net\/wordpress\/wp-content\/uploads\/2023\/05\/Radio-Piu-Servizio-Io-vivo-Qui.mp3\">https:\/\/www.radiopiu.net\/wordpress\/wp-content\/uploads\/2023\/05\/Radio-Piu-Servizio-Io-vivo-Qui.mp3<\/a><\/audio>\n<p>&nbsp;<\/p>\n<p>&nbsp;<\/p>\n<hr \/>\n<p>&nbsp;<\/p>\n<blockquote>\n<h3>E&#8217; UN CONTO ALLA ROVESCIA. SIAMO A 1000 GIORNI ALLA CERIMONIA DI APERTURA DELLE OLIMPIADI DI MILANO CORTINA<\/h3>\n<\/blockquote>\n<p><strong><a class=\"dt-pswp-item\" href=\"https:\/\/www.radiopiu.net\/wordpress\/wp-content\/uploads\/2022\/04\/coni-comitato-olimpico-nazionale-italiano-italian-national-olympic-committee-logo-vector.png\" data-dt-img-description=\"\" data-large_image_width=\"900\" data-large_image_height=\"500\"><img loading=\"lazy\" decoding=\"async\" class=\"wp-image-270028 alignleft\" src=\"https:\/\/www.radiopiu.net\/wordpress\/wp-content\/uploads\/2022\/04\/coni-comitato-olimpico-nazionale-italiano-italian-national-olympic-committee-logo-vector-300x167.png\" alt=\"\" width=\"212\" height=\"118\" \/><\/a>VENEZIA <\/strong>Da\u00a0 oggi, inizia il countdown ufficiale per l&#8217;inizio dei XXV Giochi Olimpici Invernali, che si terranno a Milano Cortina tra 1000 giorni. Questa sar\u00e0 un&#8217;edizione speciale, poich\u00e9 segner\u00e0 il debutto delle prime Olimpiadi italiane diffuse nelle Alpi e nelle Dolomiti. Il Presidente della Regione del Veneto ha sottolineato che in questo periodo i progetti continueranno ad accelerare, e si entrer\u00e0 sempre pi\u00f9 nell&#8217;operativit\u00e0 dell&#8217;organizzazione. Le istituzioni coinvolte si stanno muovendo con decisione verso la stessa direzione, lavorando in stretta collaborazione per realizzare un obiettivo comune. Nelle recenti cabine di regia sono state prese decisioni importanti riguardo alle infrastrutture e agli impianti sportivi, dimostrdo l&#8217;efficienza della macchina organizzativa. Si tratta di un vero e proprio lavoro di squadra che coinvolge non solo il mondo pubblico e privato, ma anche due Regioni e due Province Autonome. Le comunit\u00e0 locali sono sempre pi\u00f9 coinvolte e hanno abbracciato con entusiasmo e passione la creativit\u00e0 proposta dal Comitato Organizzatore.<\/p>\n<div class=\"flex-1 overflow-hidden\">\n<div class=\"react-scroll-to-bottom--css-nyeme-79elbk h-full dark:bg-gray-800\">\n<div class=\"react-scroll-to-bottom--css-nyeme-1n7m0yu\">\n<div class=\"flex flex-col items-center text-sm dark:bg-gray-800\">\n<div class=\"group w-full text-gray-800 dark:text-gray-100 border-b border-black\/10 dark:border-gray-900\/50 bg-gray-50 dark:bg-[#444654]\">\n<div class=\"flex p-4 gap-4 text-base md:gap-6 md:max-w-2xl lg:max-w-xl xl:max-w-3xl md:py-6 lg:px-0 m-auto\">\n<div class=\"relative flex w-[calc(100%-50px)] flex-col gap-1 md:gap-3 lg:w-[calc(100%-115px)]\">\n<div class=\"flex justify-between lg:block\"><\/div>\n<\/div>\n<\/div>\n<\/div>\n<\/div>\n<\/div>\n<\/div>\n<\/div>\n<div class=\"absolute bottom-0 left-0 w-full border-t md:border-t-0 dark:border-white\/20 md:border-transparent md:dark:border-transparent md:bg-vert-light-gradient bg-white dark:bg-gray-800 md:!bg-transparent dark:md:bg-vert-dark-gradient pt-2\">\n<form class=\"stretch mx-2 flex flex-row gap-3 last:mb-2 md:mx-4 md:last:mb-6 lg:mx-auto lg:max-w-2xl xl:max-w-3xl\">\n<div class=\"relative flex h-full flex-1 items-stretch md:flex-col\">\n<div class=\"\">\n<div class=\"h-full flex ml-1 md:w-full md:m-auto md:mb-2 gap-0 md:gap-2 justify-center\"><\/div>\n<\/div>\n<\/div>\n<\/form>\n<\/div>\n<p>&nbsp;<\/p>\n<hr \/>\n<p>&nbsp;<\/p>\n<blockquote>\n<h3>GLI ALUNNI DELLA SECONDA MEDIA DI SEDICO IN PIAZZA PER SOSTENERE L&#8217;AIRC<\/h3>\n<\/blockquote>\n<p><strong><a class=\"dt-pswp-item\" href=\"https:\/\/www.radiopiu.net\/wordpress\/wp-content\/uploads\/2023\/05\/AZZA-AIRC.jpg\" data-dt-img-description=\"\" data-large_image_width=\"1280\" data-large_image_height=\"1224\"><img loading=\"lazy\" decoding=\"async\" class=\" wp-image-335608 alignleft\" src=\"https:\/\/www.radiopiu.net\/wordpress\/wp-content\/uploads\/2023\/05\/AZZA-AIRC-300x287.jpg\" alt=\"\" width=\"125\" height=\"120\" srcset=\"https:\/\/www.radiopiu.net\/wordpress\/wp-content\/uploads\/2023\/05\/AZZA-AIRC-300x287.jpg 300w, https:\/\/www.radiopiu.net\/wordpress\/wp-content\/uploads\/2023\/05\/AZZA-AIRC-1024x979.jpg 1024w, https:\/\/www.radiopiu.net\/wordpress\/wp-content\/uploads\/2023\/05\/AZZA-AIRC-768x734.jpg 768w, https:\/\/www.radiopiu.net\/wordpress\/wp-content\/uploads\/2023\/05\/AZZA-AIRC.jpg 1280w\" sizes=\"auto, (max-width: 125px) 100vw, 125px\" \/><\/a>di Gianni Santomaso<\/strong><\/p>\n<p><strong>SEDICO<\/strong> Gli alunni delle classi seconde delle scuole medie di Sedico tornano in piazza per sostenere la lotta contro il cancro. Lo faranno oggi dalle 14.30 alle 18.30 al Kanguro e domani dalle 9 alle 12 sul sagrato della chiesa parrocchiale di Sedico. In entrambe le occasioni, unitamente a genitori e insegnanti, saranno impegnati nella vendita delle azalee che l\u2019Airc (Associazione italiana ricerca sul cancro) propone per la festa della mamma. I ragazzi della \u201cUgo Foscolo\u201d erano gi\u00e0 stati protagonisti di un evento di beneficenza l\u2019inverno scorso quando avevano accettato di spendersi in prima persona per la vendita delle arance della salute sempre in collaborazione con l\u2019Airc. Nella due giorni di gennaio, con i banchetti collocati sempre al Kanguro e sul sagrato, avevano venduto 178 retine di arance ricavando 2160 euro. Per stimolare i propri coetanei e le loro famiglie a venire a trovarli oggi e domani insieme al resto della cittadinanza, nei giorni scorsi hanno realizzato dei cartelloni composti da tanti disegni colorati con i quali hanno liberamente interpretato le parole azalea e mamma.<\/p>\n<p>&nbsp;<\/p>\n<p>&nbsp;<\/p>\n<hr \/>\n<p>&nbsp;<\/p>\n<blockquote>\n<h3><a class=\"dt-pswp-item\" href=\"https:\/\/www.radiopiu.net\/wordpress\/wp-content\/uploads\/2023\/05\/CDG_FONDAZIONE-TEATRI-DELLE-DOLOMITI-2023.jpg\" data-dt-img-description=\"\" data-large_image_width=\"1024\" data-large_image_height=\"768\"><img loading=\"lazy\" decoding=\"async\" class=\" wp-image-335561 alignleft\" src=\"https:\/\/www.radiopiu.net\/wordpress\/wp-content\/uploads\/2023\/05\/CDG_FONDAZIONE-TEATRI-DELLE-DOLOMITI-2023-300x225.jpg\" alt=\"\" width=\"189\" height=\"142\" srcset=\"https:\/\/www.radiopiu.net\/wordpress\/wp-content\/uploads\/2023\/05\/CDG_FONDAZIONE-TEATRI-DELLE-DOLOMITI-2023-300x225.jpg 300w, https:\/\/www.radiopiu.net\/wordpress\/wp-content\/uploads\/2023\/05\/CDG_FONDAZIONE-TEATRI-DELLE-DOLOMITI-2023-768x576.jpg 768w, https:\/\/www.radiopiu.net\/wordpress\/wp-content\/uploads\/2023\/05\/CDG_FONDAZIONE-TEATRI-DELLE-DOLOMITI-2023.jpg 1024w\" sizes=\"auto, (max-width: 189px) 100vw, 189px\" \/><\/a>ELETTO IL NUOVO CONSIGLIO DELLA FONDAZIONE TEATRI DELLE DOLOMITI<\/h3>\n<\/blockquote>\n<p><strong>BELLUNO<\/strong> Eletto il nuovo Consiglio di Gestione della Fondazione Teatri delle Dolomiti composto dal Presidente Massimo Ferigutti e dai membri Francesca Bortoluzzi e Monia Franzolin. Il nuovo Consiglio si impegna a ripianare il passivo di 55mila euro con diverse azioni tra cui la creazione di un nuovo tariffario per l&#8217;affitto del teatro, in fase di predisposizione. Una grande novita\u0300 e\u0300 la nomina di coordinatori per le diverse aree di competenza: Celeste Levis per la musica, Laura Portunato per il teatro, Elena Posocco per la danza, e Gianluca Tormen per le mostre e gli eventi.<\/p>\n<p>&nbsp;<\/p>\n<hr \/>\n<p>&nbsp;<\/p>\n<blockquote>\n<h3>IERI SERA A LENTIAI IL VIA ALLA MOSTRA DI PICCOLOTTO<\/h3>\n<\/blockquote>\n<p>&nbsp;<\/p>\n<p>&nbsp;<\/p>\n<p><strong>BORGO VALBELLUNA\u00a0<\/strong><\/p>\n<p><strong>DI ROBERTO BONA<\/strong><\/p>\n<audio class=\"wp-audio-shortcode\" id=\"audio-335519-8\" preload=\"none\" style=\"width: 100%;\" controls=\"controls\"><source type=\"audio\/mpeg\" src=\"https:\/\/www.radiopiu.net\/wordpress\/wp-content\/uploads\/2023\/05\/MostraPiccolottoLentiai.mp3?_=8\" \/><a href=\"https:\/\/www.radiopiu.net\/wordpress\/wp-content\/uploads\/2023\/05\/MostraPiccolottoLentiai.mp3\">https:\/\/www.radiopiu.net\/wordpress\/wp-content\/uploads\/2023\/05\/MostraPiccolottoLentiai.mp3<\/a><\/audio>\n<p>&nbsp;<\/p>\n\n\t\t\t<style type='text\/css'>\n\t\t\t\t#gallery-2 {\n\t\t\t\t\tmargin: auto;\n\t\t\t\t}\n\t\t\t\t#gallery-2 .gallery-item {\n\t\t\t\t\tfloat: left;\n\t\t\t\t\tmargin-top: 10px;\n\t\t\t\t\ttext-align: center;\n\t\t\t\t\twidth: 50%;\n\t\t\t\t}\n\t\t\t\t#gallery-2 img {\n\t\t\t\t\tborder: 2px solid #cfcfcf;\n\t\t\t\t}\n\t\t\t\t#gallery-2 .gallery-caption {\n\t\t\t\t\tmargin-left: 0;\n\t\t\t\t}\n\t\t\t\t\/* see gallery_shortcode() in wp-includes\/media.php *\/\n\t\t\t<\/style>\n\t\t<div id='gallery-2' class='dt-gallery-container gallery galleryid-335519 gallery-columns-2 gallery-size-medium'><dl class='gallery-item'>\n\t\t\t\t<dt class='gallery-icon landscape'>\n\t\t\t\t\t<a class=\"rollover rollover-zoom dt-pswp-item\" title=\"3b379eed-b9ec-4f46-8e32-8300c5340d51\" data-dt-img-description=\"\" data-large_image_width=\"1600\" data-large_image_height=\"1263\"href='https:\/\/www.radiopiu.net\/wordpress\/wp-content\/uploads\/2023\/05\/3b379eed-b9ec-4f46-8e32-8300c5340d51.jpg'><img loading=\"lazy\" decoding=\"async\" width=\"300\" height=\"237\" src=\"https:\/\/www.radiopiu.net\/wordpress\/wp-content\/uploads\/2023\/05\/3b379eed-b9ec-4f46-8e32-8300c5340d51-300x237.jpg\" class=\"attachment-medium size-medium\" alt=\"\" srcset=\"https:\/\/www.radiopiu.net\/wordpress\/wp-content\/uploads\/2023\/05\/3b379eed-b9ec-4f46-8e32-8300c5340d51-300x237.jpg 300w, https:\/\/www.radiopiu.net\/wordpress\/wp-content\/uploads\/2023\/05\/3b379eed-b9ec-4f46-8e32-8300c5340d51-1024x808.jpg 1024w, https:\/\/www.radiopiu.net\/wordpress\/wp-content\/uploads\/2023\/05\/3b379eed-b9ec-4f46-8e32-8300c5340d51-768x606.jpg 768w, https:\/\/www.radiopiu.net\/wordpress\/wp-content\/uploads\/2023\/05\/3b379eed-b9ec-4f46-8e32-8300c5340d51-1536x1212.jpg 1536w, https:\/\/www.radiopiu.net\/wordpress\/wp-content\/uploads\/2023\/05\/3b379eed-b9ec-4f46-8e32-8300c5340d51.jpg 1600w\" sizes=\"auto, (max-width: 300px) 100vw, 300px\" \/><\/a>\n\t\t\t\t<\/dt><\/dl><dl class='gallery-item'>\n\t\t\t\t<dt class='gallery-icon landscape'>\n\t\t\t\t\t<a class=\"rollover rollover-zoom dt-pswp-item\" title=\"f740cefd-b32b-4646-89b2-a3cd67e6b35c\" data-dt-img-description=\"\" data-large_image_width=\"1600\" data-large_image_height=\"1200\"href='https:\/\/www.radiopiu.net\/wordpress\/wp-content\/uploads\/2023\/05\/f740cefd-b32b-4646-89b2-a3cd67e6b35c.jpg'><img loading=\"lazy\" decoding=\"async\" width=\"300\" height=\"225\" src=\"https:\/\/www.radiopiu.net\/wordpress\/wp-content\/uploads\/2023\/05\/f740cefd-b32b-4646-89b2-a3cd67e6b35c-300x225.jpg\" class=\"attachment-medium size-medium\" alt=\"\" srcset=\"https:\/\/www.radiopiu.net\/wordpress\/wp-content\/uploads\/2023\/05\/f740cefd-b32b-4646-89b2-a3cd67e6b35c-300x225.jpg 300w, https:\/\/www.radiopiu.net\/wordpress\/wp-content\/uploads\/2023\/05\/f740cefd-b32b-4646-89b2-a3cd67e6b35c-1024x768.jpg 1024w, https:\/\/www.radiopiu.net\/wordpress\/wp-content\/uploads\/2023\/05\/f740cefd-b32b-4646-89b2-a3cd67e6b35c-768x576.jpg 768w, https:\/\/www.radiopiu.net\/wordpress\/wp-content\/uploads\/2023\/05\/f740cefd-b32b-4646-89b2-a3cd67e6b35c-1536x1152.jpg 1536w, https:\/\/www.radiopiu.net\/wordpress\/wp-content\/uploads\/2023\/05\/f740cefd-b32b-4646-89b2-a3cd67e6b35c.jpg 1600w\" sizes=\"auto, (max-width: 300px) 100vw, 300px\" \/><\/a>\n\t\t\t\t<\/dt><\/dl><br style=\"clear: both\" \/>\n\t\t\t<\/div>\n\n<p>&nbsp;<\/p>\n<p>&nbsp;<\/p>\n<hr \/>\n<p>&nbsp;<\/p>\n<p><strong>TORNA LA DOLOMITI SUMMER SCHOOL \u2013 UNA SETTIMANA UNIVERSITARIA A BELLUNO PER DECIDERE IL PROPRIO FUTURO<\/strong><\/p>\n<p><strong>\u00a0<\/strong><\/p>\n<p><strong>BELLUNO<\/strong> Torna per il secondo anno consecutivo la Dolomiti Summer School, la grande iniziativa di orientamento universitario &#8211; rivolta alle studentesse e agli studenti di quarto anno delle scuole superiori &#8211; che Confindustria Belluno Dolomiti promuove accanto ad alcuni tra i principali atenei italiani, Ca&#8217; Foscari di Venezia, Universit\u00e0 di Trento, Universit\u00e0 di Verona e Luiss Guido Carli. I posti per l&#8217;estate 2023 sono limitati. Il percorso durer\u00e0 una settimana e si terr\u00e0 dal 28 agosto all\u20191 settembre, con orario dalle 9.00 alle 17.00. Per info <a href=\"http:\/\/www.dolomitisummerschool.it\/\">www.dolomitisummerschool.it<\/a><\/p>\n<p>&nbsp;<\/p>\n<p>&nbsp;<\/p>\n<hr \/>\n<p>&nbsp;<\/p>\n<blockquote>\n<h3>Titolo: Inaugurata la ristrutturazione del distretto di Fonzaso: un successo di collaborazione tra Ulss e Comuni<\/h3>\n<\/blockquote>\n<blockquote><p><em>Investimento di 200 mila euro per migliorare l&#8217;accoglienza e l&#8217;efficienza dei servizi socio-sanitari<\/em><\/p><\/blockquote>\n<p><strong><a class=\"dt-pswp-item\" href=\"https:\/\/www.radiopiu.net\/wordpress\/wp-content\/uploads\/2023\/05\/20230512_121206.jpg\" data-dt-img-description=\"\" data-large_image_width=\"2448\" data-large_image_height=\"2448\"><img loading=\"lazy\" decoding=\"async\" class=\"wp-image-335588 alignleft\" src=\"https:\/\/www.radiopiu.net\/wordpress\/wp-content\/uploads\/2023\/05\/20230512_121206-300x300.jpg\" alt=\"\" width=\"218\" height=\"218\" srcset=\"https:\/\/www.radiopiu.net\/wordpress\/wp-content\/uploads\/2023\/05\/20230512_121206-300x300.jpg 300w, https:\/\/www.radiopiu.net\/wordpress\/wp-content\/uploads\/2023\/05\/20230512_121206-1024x1024.jpg 1024w, https:\/\/www.radiopiu.net\/wordpress\/wp-content\/uploads\/2023\/05\/20230512_121206-150x150.jpg 150w, https:\/\/www.radiopiu.net\/wordpress\/wp-content\/uploads\/2023\/05\/20230512_121206-768x768.jpg 768w, https:\/\/www.radiopiu.net\/wordpress\/wp-content\/uploads\/2023\/05\/20230512_121206-1536x1536.jpg 1536w, https:\/\/www.radiopiu.net\/wordpress\/wp-content\/uploads\/2023\/05\/20230512_121206-2048x2048.jpg 2048w\" sizes=\"auto, (max-width: 218px) 100vw, 218px\" \/><\/a>FONZASO<\/strong> La Direzione dell&#8217;Ulss Dolomiti ha festeggiato l&#8217;inaugurazione dei lavori di ammodernamento completati presso il distretto di Fonzaso, in presenza del direttore generale ff Rosanna Zatta, del Direttore dei Servizi Socio Sanitari Giampaolo Pecere, del sindaco di Fonzaso Christian Pasa, del sindaco di Arsi\u00e8 Luca Strappazzon e dei medici operanti nel distretto. L&#8217;intervento di ristrutturazione, del <a class=\"dt-pswp-item\" href=\"https:\/\/www.radiopiu.net\/wordpress\/wp-content\/uploads\/2023\/05\/20230512_121643.jpg\" data-dt-img-description=\"\" data-large_image_width=\"2448\" data-large_image_height=\"2448\"><img loading=\"lazy\" decoding=\"async\" class=\" wp-image-335589 alignright\" src=\"https:\/\/www.radiopiu.net\/wordpress\/wp-content\/uploads\/2023\/05\/20230512_121643-300x300.jpg\" alt=\"\" width=\"178\" height=\"178\" srcset=\"https:\/\/www.radiopiu.net\/wordpress\/wp-content\/uploads\/2023\/05\/20230512_121643-300x300.jpg 300w, https:\/\/www.radiopiu.net\/wordpress\/wp-content\/uploads\/2023\/05\/20230512_121643-1024x1024.jpg 1024w, https:\/\/www.radiopiu.net\/wordpress\/wp-content\/uploads\/2023\/05\/20230512_121643-150x150.jpg 150w, https:\/\/www.radiopiu.net\/wordpress\/wp-content\/uploads\/2023\/05\/20230512_121643-768x768.jpg 768w, https:\/\/www.radiopiu.net\/wordpress\/wp-content\/uploads\/2023\/05\/20230512_121643-1536x1536.jpg 1536w, https:\/\/www.radiopiu.net\/wordpress\/wp-content\/uploads\/2023\/05\/20230512_121643-2048x2048.jpg 2048w\" sizes=\"auto, (max-width: 178px) 100vw, 178px\" \/><\/a>valore complessivo di 200 mila euro, di cui 80 mila finanziati dal Comune di Fonzaso, 70 mila da Arsi\u00e8 e 50 mila dall&#8217;Ulss, ha permesso di rendere la struttura pi\u00f9 accogliente e funzionale, concentrandosi in particolare sul secondo piano del distretto. Tale intervento rappresenta un esempio di buona prassi per la realizzazione di servizi di prossimit\u00e0, particolarmente utili per la sanit\u00e0 di montagna e per la popolazione anziana. I sindaci di Fonzaso e Arsi\u00e8 hanno sottolineato l&#8217;importanza di questo intervento che mira ad agevolare i cittadini, fornendo servizi di qualit\u00e0 direttamente nel loro territorio. La collaborazione tra l&#8217;Ulss e i Comuni ha dimostrato come sia possibile realizzare progetti di successo nell&#8217;ambito della sanit\u00e0, lavorando insieme per il benessere della comunit\u00e0. La ristrutturazione ha coinvolto il secondo piano del distretto di Fonzaso, che ospita gli studi dei medici di medicina generale, il dottor Stellato e il dottor Mancini. La nuova struttura comprende tre ambulatori, una spaziosa sala d&#8217;attesa, un bagno attrezzato per disabili, un servizio dedic<\/p>\n<div class=\"flex-1 overflow-hidden\">\n<div class=\"react-scroll-to-bottom--css-nyeme-79elbk h-full dark:bg-gray-800\">\n<div class=\"react-scroll-to-bottom--css-nyeme-1n7m0yu\">\n<div class=\"flex flex-col items-center text-sm dark:bg-gray-800\">\n<div class=\"group w-full text-gray-800 dark:text-gray-100 border-b border-black\/10 dark:border-gray-900\/50 bg-gray-50 dark:bg-[#444654]\">\n<div class=\"flex p-4 gap-4 text-base md:gap-6 md:max-w-2xl lg:max-w-xl xl:max-w-3xl md:py-6 lg:px-0 m-auto\">\n<div class=\"relative flex w-[calc(100%-50px)] flex-col gap-1 md:gap-3 lg:w-[calc(100%-115px)]\">\n<div class=\"flex justify-between lg:block\">\n<div class=\"text-xs flex items-center justify-center gap-1 self-center pt-2 !invisible\"><\/div>\n<\/div>\n<\/div>\n<\/div>\n<\/div>\n<\/div>\n<\/div>\n<\/div>\n<\/div>\n<p>&nbsp;<\/p>\n<hr \/>\n<p>&nbsp;<\/p>\n<blockquote>\n<h3>Ristrutturazione dell&#8217;Ospedale di Lamon: Progressi senza intoppi per migliorare l&#8217;assistenza sanitaria locale<\/h3>\n<\/blockquote>\n<p><strong><img loading=\"lazy\" decoding=\"async\" class=\"alignleft\" src=\"https:\/\/www.radiopiu.net\/wordpress\/wp-content\/uploads\/2023\/05\/6d9430eb-a88a-4ab7-a1d0-6449781b8623-300x300.jpg\" width=\"172\" height=\"172\" \/>LAMON <\/strong>L&#8217;ospedale di Lamon sta procedendo senza intoppi nella sua ristrutturazione, rispettando il cronoprogramma stabilito. La struttura sta subendo modifiche mirate per migliorare l&#8217;efficienza e l&#8217;adeguatezza degli spazi, oltre a ricevere nuove attrezzature all&#8217;avanguardia. Il Sindaco e il Vicesindaco si sono dichiarati soddisfatti dell&#8217;avanzamento dei lavori e hanno espresso gratitudine al Direttore Generale e al personale coinvolto. Una volta completata la ristrutturazione, l&#8217;ospedale potr\u00e0 offrire servizi sanitari di qualit\u00e0 e accessibili alla comunit\u00e0 di Lamon e all&#8217;intera regione.<\/p>\n<p>&nbsp;<\/p>\n<p>&nbsp;<\/p>\n<p>&nbsp;<\/p>\n<hr \/>\n<p>&nbsp;<\/p>\n<blockquote>\n<h3>BLACKFIN PROTAGONISTA SU NETFLIX &#8220;FORMULA 1: DRIVE TO SURVIVE&#8221;<\/h3>\n<\/blockquote>\n<blockquote><p><em>Il team principal della Ferrari, Mattia Binotto, sfoggia gli occhiali Blackfin nella quinta stagione (2023) della serie, mettendo in evidenza l&#8217;eleganza e la precisione delle montature.<\/em><\/p><\/blockquote>\n<p><a class=\"dt-pswp-item\" href=\"https:\/\/www.radiopiu.net\/wordpress\/wp-content\/uploads\/2023\/05\/f1_1360_email_2.jpg\" data-dt-img-description=\"\" data-large_image_width=\"1360\" data-large_image_height=\"1574\"><img loading=\"lazy\" decoding=\"async\" class=\" wp-image-335569 alignleft\" src=\"https:\/\/www.radiopiu.net\/wordpress\/wp-content\/uploads\/2023\/05\/f1_1360_email_2-259x300.jpg\" alt=\"\" width=\"171\" height=\"198\" srcset=\"https:\/\/www.radiopiu.net\/wordpress\/wp-content\/uploads\/2023\/05\/f1_1360_email_2-259x300.jpg 259w, https:\/\/www.radiopiu.net\/wordpress\/wp-content\/uploads\/2023\/05\/f1_1360_email_2-885x1024.jpg 885w, https:\/\/www.radiopiu.net\/wordpress\/wp-content\/uploads\/2023\/05\/f1_1360_email_2-768x889.jpg 768w, https:\/\/www.radiopiu.net\/wordpress\/wp-content\/uploads\/2023\/05\/f1_1360_email_2-1327x1536.jpg 1327w, https:\/\/www.radiopiu.net\/wordpress\/wp-content\/uploads\/2023\/05\/f1_1360_email_2.jpg 1360w\" sizes=\"auto, (max-width: 171px) 100vw, 171px\" \/><\/a><strong>TAIBON<\/strong> Nella recente quinta stagione della popolare serie Netflix &#8220;Formula 1: Drive to Survive&#8221;, un marchio italiano ha catturato l&#8217;attenzione di milioni di spettatori in tutto il mondo. Blackfin, noto per la sua qualit\u00e0 senza compromessi e il design all&#8217;avanguardia, \u00e8 diventato un vero e proprio protagonista nel mondo delle corse automobilistiche. L&#8217;occhio esperto degli appassionati di Formula 1 avr\u00e0 sicuramente notato il team principal della Ferrari, Mattia Binotto, indossare con stile gli occhiali Blackfin nella serie speciale Black Edition. In particolare, Binotto ha scelto il modello VICKSBURG in titanio, una montatura che incarna l&#8217;eccellenza e l&#8217;innovazione che contraddistinguono il marchio. La quinta stagione di &#8220;Formula 1: Drive to Survive&#8221; offre un&#8217;ampia panoramica degli avvenimenti nel mondo delle corse di Formula 1, portando gli spettatori dietro le quinte e svelando i drammi e le emozioni che si celano dietro ogni gara. Durante i numerosi primi piani di Mattia Binotto, gli occhiali Blackfin si rivelano parte integrante del suo look impeccabile, mettendo in risalto l&#8217;attenzione per i dettagli e la passione per l&#8217;eccellenza che caratterizzano il team della Ferrari. L&#8217;inclusione dei prodotti Blackfin in &#8220;Formula 1: Drive to Survive&#8221; conferma la posizione di primo piano del marchio nel campo dell&#8217;eyewear di lusso. Mentre il mondo delle corse di Formula 1 accelera verso nuovi traguardi, Blackfin si \u00e8 imposto come un simbolo di innovazione e prestigio. Essere presenti in una serie cos\u00ec emozionante e ispiratrice rappresenta per il marchio un motivo di grande orgoglio.<\/p>\n<p>&nbsp;<\/p>\n<hr \/>\n<p>&nbsp;<\/p>\n<blockquote>\n<h3><em>&#8220;Polis &#8211; Casa dei Servizi Digital&#8221;: Progetto per migliorare l&#8217;accesso ai servizi della Pubblica Amministrazione<\/em><\/h3>\n<\/blockquote>\n<p><img loading=\"lazy\" decoding=\"async\" class=\"alignleft\" src=\"https:\/\/www.radiopiu.net\/wordpress\/wp-content\/uploads\/2020\/04\/POSTE.jpg\" width=\"223\" height=\"125\" \/><\/p>\n<p><strong>BELLUNO<\/strong> Gli uffici postali di Pieve di Livinallongo e Selva di Cadore saranno interessati da interventi di ammodernamento a partire da marted\u00ec. L&#8217;obiettivo di questi lavori \u00e8 migliorare la qualit\u00e0 dei servizi e dell&#8217;accoglienza offerti alle persone che usufruiscono degli uffici postali. Le due sedi fanno parte del progetto &#8220;Polis &#8211; Casa dei Servizi Digital&#8221; promosso da Poste Italiane Durante il periodo dei lavori di ammodernamento, Poste Italiane garantir\u00e0 ai cittadini di Livinallongo la continuit\u00e0 dei servizi nell&#8217;ufficio postale di Arabba. Questo ufficio sar\u00e0 aperto il luned\u00ec, il mercoled\u00ec e il venerd\u00ec dalle 8:20 alle 13:45. Gli abitanti di Selva, invece, potranno rivolgersi all&#8217;ufficio postale di Colle Santa Lucia, aperto il luned\u00ec, il marted\u00ec, il gioved\u00ec e il venerd\u00ec dalle 8:20 alle 13:45.<\/p>\n<p><strong>DI GIANNI SANTOMASO<\/strong><\/p>\n<audio class=\"wp-audio-shortcode\" id=\"audio-335519-9\" preload=\"none\" style=\"width: 100%;\" controls=\"controls\"><source type=\"audio\/mpeg\" src=\"https:\/\/www.radiopiu.net\/wordpress\/wp-content\/uploads\/2023\/05\/GIANNI-POSTE-PIEVE-LIVINALLONGO-E-SELVA.mp3?_=9\" \/><a href=\"https:\/\/www.radiopiu.net\/wordpress\/wp-content\/uploads\/2023\/05\/GIANNI-POSTE-PIEVE-LIVINALLONGO-E-SELVA.mp3\">https:\/\/www.radiopiu.net\/wordpress\/wp-content\/uploads\/2023\/05\/GIANNI-POSTE-PIEVE-LIVINALLONGO-E-SELVA.mp3<\/a><\/audio>\n<p>&nbsp;<\/p>\n<hr \/>\n<p>&nbsp;<\/p>\n<p><span style=\"color: #ff0000;\"><strong>SCEGLI\u00a0 E AIUTA I VOLONTARI DEL\u00a0 TUO TERRITORIO!\u00a0<\/strong><\/span><\/p>\n<p><strong>\u00a0DI GIANNI SANTOMASO\u00a0<\/strong><\/p>\n<audio class=\"wp-audio-shortcode\" id=\"audio-335519-10\" preload=\"none\" style=\"width: 100%;\" controls=\"controls\"><source type=\"audio\/mpeg\" src=\"https:\/\/www.radiopiu.net\/wordpress\/wp-content\/uploads\/2023\/05\/CROCE-VERDE.mp3?_=10\" \/><a href=\"https:\/\/www.radiopiu.net\/wordpress\/wp-content\/uploads\/2023\/05\/CROCE-VERDE.mp3\">https:\/\/www.radiopiu.net\/wordpress\/wp-content\/uploads\/2023\/05\/CROCE-VERDE.mp3<\/a><\/audio>\n\n\t\t\t<style type='text\/css'>\n\t\t\t\t#gallery-3 {\n\t\t\t\t\tmargin: auto;\n\t\t\t\t}\n\t\t\t\t#gallery-3 .gallery-item {\n\t\t\t\t\tfloat: left;\n\t\t\t\t\tmargin-top: 10px;\n\t\t\t\t\ttext-align: center;\n\t\t\t\t\twidth: 100%;\n\t\t\t\t}\n\t\t\t\t#gallery-3 img {\n\t\t\t\t\tborder: 2px solid #cfcfcf;\n\t\t\t\t}\n\t\t\t\t#gallery-3 .gallery-caption {\n\t\t\t\t\tmargin-left: 0;\n\t\t\t\t}\n\t\t\t\t\/* see gallery_shortcode() in wp-includes\/media.php *\/\n\t\t\t<\/style>\n\t\t<div id='gallery-3' class='dt-gallery-container gallery galleryid-335519 gallery-columns-1 gallery-size-medium'><dl class='gallery-item'>\n\t\t\t\t<dt class='gallery-icon portrait'>\n\t\t\t\t\t<a class=\"rollover rollover-zoom dt-pswp-item\" title=\"99993023-0a27-4b3d-9b23-3e74404ba1a3\" data-dt-img-description=\"\" data-large_image_width=\"715\" data-large_image_height=\"1024\"href='https:\/\/www.radiopiu.net\/wordpress\/wp-content\/uploads\/2023\/05\/99993023-0a27-4b3d-9b23-3e74404ba1a3.jpg'><img loading=\"lazy\" decoding=\"async\" width=\"209\" height=\"300\" src=\"https:\/\/www.radiopiu.net\/wordpress\/wp-content\/uploads\/2023\/05\/99993023-0a27-4b3d-9b23-3e74404ba1a3-209x300.jpg\" class=\"attachment-medium size-medium\" alt=\"\" srcset=\"https:\/\/www.radiopiu.net\/wordpress\/wp-content\/uploads\/2023\/05\/99993023-0a27-4b3d-9b23-3e74404ba1a3-209x300.jpg 209w, https:\/\/www.radiopiu.net\/wordpress\/wp-content\/uploads\/2023\/05\/99993023-0a27-4b3d-9b23-3e74404ba1a3.jpg 715w\" sizes=\"auto, (max-width: 209px) 100vw, 209px\" \/><\/a>\n\t\t\t\t<\/dt><\/dl><br style=\"clear: both\" \/>\n\t\t\t<\/div>\n\n<p>&nbsp;<\/p>\n<hr \/>\n<p>&nbsp;<\/p>\n<p>&nbsp;<\/p>\n<blockquote>\n<blockquote><p><strong>SIGNORE E SIGNORI: I RAGAZZI E LE RAGAZZE DEL FOLLADOR-DE ROSSI.<\/strong><\/p><\/blockquote>\n<audio class=\"wp-audio-shortcode\" id=\"audio-335519-11\" preload=\"none\" style=\"width: 100%;\" controls=\"controls\"><source type=\"audio\/mpeg\" src=\"https:\/\/www.radiopiu.net\/wordpress\/wp-content\/uploads\/2023\/05\/RAGAZZI-FOLLADOR.mp3?_=11\" \/><a href=\"https:\/\/www.radiopiu.net\/wordpress\/wp-content\/uploads\/2023\/05\/RAGAZZI-FOLLADOR.mp3\">https:\/\/www.radiopiu.net\/wordpress\/wp-content\/uploads\/2023\/05\/RAGAZZI-FOLLADOR.mp3<\/a><\/audio>\n<div class=\"flex-1 overflow-hidden\">\n<div class=\"react-scroll-to-bottom--css-thehu-79elbk h-full dark:bg-gray-800\">\n<div class=\"react-scroll-to-bottom--css-thehu-1n7m0yu\">\n<div class=\"flex flex-col items-center text-sm dark:bg-gray-800\">\n<div class=\"group w-full text-gray-800 dark:text-gray-100 border-b border-black\/10 dark:border-gray-900\/50 bg-gray-50 dark:bg-[#444654]\">\n<div class=\"flex p-4 gap-4 text-base md:gap-6 md:max-w-2xl lg:max-w-xl xl:max-w-3xl md:py-6 lg:px-0 m-auto\">\n<div class=\"relative flex flex-col w-[calc(100%-50px)] gap-1 md:gap-3 lg:w-[calc(100%-115px)]\">\n<div class=\"flex flex-grow flex-col gap-3\">\n<div class=\"min-h-[20px] flex flex-col items-start gap-4 whitespace-pre-wrap break-words\">\n<div class=\"markdown prose w-full break-words dark:prose-invert light\">\n<div class=\"flex-1 overflow-hidden\">\n<div class=\"react-scroll-to-bottom--css-thehu-79elbk h-full dark:bg-gray-800\">\n<div class=\"react-scroll-to-bottom--css-thehu-1n7m0yu\">\n<div class=\"flex flex-col items-center text-sm dark:bg-gray-800\">\n<div class=\"group w-full text-gray-800 dark:text-gray-100 border-b border-black\/10 dark:border-gray-900\/50 bg-gray-50 dark:bg-[#444654]\">\n<div class=\"flex p-4 gap-4 text-base md:gap-6 md:max-w-2xl lg:max-w-xl xl:max-w-3xl md:py-6 lg:px-0 m-auto\">\n<div class=\"relative flex flex-col w-[calc(100%-50px)] gap-1 md:gap-3 lg:w-[calc(100%-115px)]\">\n<div class=\"flex flex-grow flex-col gap-3\">\n<div class=\"min-h-[20px] flex flex-col items-start gap-4 whitespace-pre-wrap break-words\">\n<div class=\"markdown prose w-full break-words dark:prose-invert light\">\n<p><a class=\"dt-pswp-item\" href=\"https:\/\/www.radiopiu.net\/wordpress\/wp-content\/uploads\/2022\/03\/FOLLADOR-DE-ROSSI.jpg\" data-dt-img-description=\"\" data-large_image_width=\"950\" data-large_image_height=\"355\"><img loading=\"lazy\" decoding=\"async\" class=\"size-medium wp-image-263174 alignleft\" src=\"https:\/\/www.radiopiu.net\/wordpress\/wp-content\/uploads\/2022\/03\/FOLLADOR-DE-ROSSI-300x112.jpg\" alt=\"\" width=\"300\" height=\"112\" srcset=\"https:\/\/www.radiopiu.net\/wordpress\/wp-content\/uploads\/2022\/03\/FOLLADOR-DE-ROSSI-300x112.jpg 300w, https:\/\/www.radiopiu.net\/wordpress\/wp-content\/uploads\/2022\/03\/FOLLADOR-DE-ROSSI-768x287.jpg 768w, https:\/\/www.radiopiu.net\/wordpress\/wp-content\/uploads\/2022\/03\/FOLLADOR-DE-ROSSI.jpg 950w\" sizes=\"auto, (max-width: 300px) 100vw, 300px\" \/><\/a>COSA CHIEDE IL MONDO DEL LAVORO ALLA SCUOLA? CONOSCENZE E COMPETENZE RICHIESTE AI DIPLOMATI TECNICI DALLE IMPRESE\u00a0 PARLIAMONE.\u00a0 VENERDI 19 MAGGIO DALLE 8.30 ALL&#8217;ISTITUTO MINERARIO UMBERTO FOLLADOR DI AGORDO<br \/>\nINTERVERRANNO I REFERENTI DELLE AZIENDE TIMECO SRL, GHELLA SPA, TREVI GROUP, WEBUILD GROUP (pronuncia uibild), BUZZI UNICEM SPA,<b> IRE ISTITUTO <\/b><b>RICERCHE ESPLOSIVE<\/b>\u00a0 DI DANILO COPPE.\u00a0 A CURA DEL DIPARTIMENTO GEOTECNICO MINERARIO DEL FOLLADOR IN COLLABORAZIONE CON APIM E AMICI DEI MINERARI.\u00a0 DIRETTA SUI CANALI SOCIAL DI RADIO PIU<\/p>\n<\/div>\n<\/div>\n<\/div>\n<\/div>\n<\/div>\n<\/div>\n<\/div>\n<\/div>\n<\/div>\n<\/div>\n<\/div>\n<\/div>\n<\/div>\n<\/div>\n<\/div>\n<\/div>\n<\/div>\n<\/div>\n<\/div>\n<\/div>\n<\/blockquote>\n<p>&nbsp;<\/p>\n<p>&nbsp;<\/p>\n<hr \/>\n<p>&nbsp;<\/p>\n<blockquote>\n<h3><strong>ULSS1, CONCORSI E RICERCHE<\/strong><\/h3>\n<\/blockquote>\n<p><strong>BELLUNO<\/strong> Prosegue la ricerca di personale in Ulss Dolomiti per rafforzare il personale. Nello specifico: 1 posto per Logopedista 2 posti per dirigente medico nella disciplina di Neurologia 2 posti per dirigente medico nella disciplina di Psichiatria 4 posti per dirigente medico nella disciplina di Ortopedia e Traumatologia 5 posti per operatore tecnico specializzato \u2013 autista di ambulanza 1 posto per dirigente medico nella disciplina di Medicina del Lavoro e Sicurezza degli Ambienti di Lavoro 1 posto per dirigente medico nella disciplina di Patologia Clinica (Laboratorio di Analisi chimico-cliniche e microbiologia) 4 posti per operatore tecnico specializzato &#8211; magazziniere 1 posto per dirigente medico nella disciplina di Organizzazione dei Servizi Sanitari di Base. Per informazioni e per consultare i bandi di concorso <a href=\"http:\/\/www.aulss1.veneto.it\/\">www.aulss1.veneto.it<\/a><\/p>\n<p>&nbsp;<\/p>\n<p>&nbsp;<\/p>\n<hr \/>\n<p>&nbsp;<\/p>\n<h2><span style=\"color: #ff00ff;\">IERI ALLA RADIO<\/span><\/h2>\n<h2><span style=\"color: #008080;\">&#8220;DINTORN E FORA VIA&#8221;\u00a0<\/span><span style=\"color: #008080;\"> IL PROGRAMMA\u00a0 <\/span><span style=\"color: #008080;\">A CURA DEL MUSLA\u00a0\u00a0<\/span><\/h2>\n<p><strong><a class=\"dt-pswp-item\" href=\"https:\/\/www.radiopiu.net\/wordpress\/wp-content\/uploads\/2023\/05\/45c9e93f-4def-40e9-8304-d63f8374b423.jpg\" data-dt-img-description=\"\" data-large_image_width=\"1350\" data-large_image_height=\"556\"><img loading=\"lazy\" decoding=\"async\" class=\" wp-image-335437 alignleft\" src=\"https:\/\/www.radiopiu.net\/wordpress\/wp-content\/uploads\/2023\/05\/45c9e93f-4def-40e9-8304-d63f8374b423-300x124.jpg\" alt=\"\" width=\"177\" height=\"73\" srcset=\"https:\/\/www.radiopiu.net\/wordpress\/wp-content\/uploads\/2023\/05\/45c9e93f-4def-40e9-8304-d63f8374b423-300x124.jpg 300w, https:\/\/www.radiopiu.net\/wordpress\/wp-content\/uploads\/2023\/05\/45c9e93f-4def-40e9-8304-d63f8374b423-1024x422.jpg 1024w, https:\/\/www.radiopiu.net\/wordpress\/wp-content\/uploads\/2023\/05\/45c9e93f-4def-40e9-8304-d63f8374b423-768x316.jpg 768w, https:\/\/www.radiopiu.net\/wordpress\/wp-content\/uploads\/2023\/05\/45c9e93f-4def-40e9-8304-d63f8374b423.jpg 1350w\" sizes=\"auto, (max-width: 177px) 100vw, 177px\" \/><\/a>PUNTATA 12 MAGGIO<\/strong><\/p>\n<audio class=\"wp-audio-shortcode\" id=\"audio-335519-12\" preload=\"none\" style=\"width: 100%;\" controls=\"controls\"><source type=\"audio\/mpeg\" src=\"https:\/\/www.radiopiu.net\/wordpress\/wp-content\/uploads\/2023\/05\/MUSLA-2.mp3?_=12\" \/><a href=\"https:\/\/www.radiopiu.net\/wordpress\/wp-content\/uploads\/2023\/05\/MUSLA-2.mp3\">https:\/\/www.radiopiu.net\/wordpress\/wp-content\/uploads\/2023\/05\/MUSLA-2.mp3<\/a><\/audio>\n<p>&nbsp;<\/p>\n<p><strong>LA RACCOLTA COMPLETA<\/strong><\/p>\n<blockquote class=\"wp-embedded-content\" data-secret=\"rgskhgQsY4\"><p><a href=\"https:\/\/www.radiopiu.net\/wordpress\/musla\/\">MUSLA<\/a><\/p><\/blockquote>\n<p><iframe loading=\"lazy\" class=\"wp-embedded-content\" sandbox=\"allow-scripts\" security=\"restricted\" style=\"position: absolute; clip: rect(1px, 1px, 1px, 1px);\" title=\"&#8220;MUSLA&#8221; &#8212; Radio Pi\u00f9\" src=\"https:\/\/www.radiopiu.net\/wordpress\/musla\/embed\/#?secret=5AgNXDxszw#?secret=rgskhgQsY4\" data-secret=\"rgskhgQsY4\" width=\"600\" height=\"338\" frameborder=\"0\" marginwidth=\"0\" marginheight=\"0\" scrolling=\"no\"><\/iframe><\/p>\n<p>&nbsp;<\/p>\n<h2><span style=\"color: #3366ff;\">UNA FINESTRA SUL VOLONTARIATO DEL COMITATO D&#8217;INTESA<\/span><\/h2>\n<h2><span style=\"color: #339966;\"><a class=\"dt-pswp-item\" href=\"https:\/\/www.radiopiu.net\/wordpress\/wp-content\/uploads\/2023\/04\/e43e7d9d-7dbc-4ba9-b46e-7f6373a88505.jpg\" data-dt-img-description=\"\" data-large_image_width=\"2048\" data-large_image_height=\"1152\"><img loading=\"lazy\" decoding=\"async\" class=\"size-medium wp-image-335545 alignleft\" src=\"https:\/\/www.radiopiu.net\/wordpress\/wp-content\/uploads\/2023\/04\/e43e7d9d-7dbc-4ba9-b46e-7f6373a88505-300x169.jpg\" alt=\"\" width=\"300\" height=\"169\" srcset=\"https:\/\/www.radiopiu.net\/wordpress\/wp-content\/uploads\/2023\/04\/e43e7d9d-7dbc-4ba9-b46e-7f6373a88505-300x169.jpg 300w, https:\/\/www.radiopiu.net\/wordpress\/wp-content\/uploads\/2023\/04\/e43e7d9d-7dbc-4ba9-b46e-7f6373a88505-1024x576.jpg 1024w, https:\/\/www.radiopiu.net\/wordpress\/wp-content\/uploads\/2023\/04\/e43e7d9d-7dbc-4ba9-b46e-7f6373a88505-768x432.jpg 768w, https:\/\/www.radiopiu.net\/wordpress\/wp-content\/uploads\/2023\/04\/e43e7d9d-7dbc-4ba9-b46e-7f6373a88505-1536x864.jpg 1536w, https:\/\/www.radiopiu.net\/wordpress\/wp-content\/uploads\/2023\/04\/e43e7d9d-7dbc-4ba9-b46e-7f6373a88505.jpg 2048w\" sizes=\"auto, (max-width: 300px) 100vw, 300px\" \/><\/a>PUNTATA DEL 12 MAGGIO 2023\u00a0<\/span><\/h2>\n<p>Ospite Renzo Andrich<\/p>\n<audio class=\"wp-audio-shortcode\" id=\"audio-335519-13\" preload=\"none\" style=\"width: 100%;\" controls=\"controls\"><source type=\"audio\/mpeg\" src=\"https:\/\/www.radiopiu.net\/wordpress\/wp-content\/uploads\/2023\/04\/COMITATO-DINTESA-RENZO-E-SISTO.mp3?_=13\" \/><a href=\"https:\/\/www.radiopiu.net\/wordpress\/wp-content\/uploads\/2023\/04\/COMITATO-DINTESA-RENZO-E-SISTO.mp3\">https:\/\/www.radiopiu.net\/wordpress\/wp-content\/uploads\/2023\/04\/COMITATO-DINTESA-RENZO-E-SISTO.mp3<\/a><\/audio>\n<p>&nbsp;<\/p>\n<p><strong>LA RACCOLTA COMPLETA<\/strong><\/p>\n<blockquote class=\"wp-embedded-content\" data-secret=\"ej9IcZzQDS\"><p><a href=\"https:\/\/www.radiopiu.net\/wordpress\/puntata-11-maggio\/\">UNA FINESTRA SUL VOLONTARIATO DEL COMITATO D&#8217;INTESA<\/a><\/p><\/blockquote>\n<p><iframe loading=\"lazy\" class=\"wp-embedded-content\" sandbox=\"allow-scripts\" security=\"restricted\" style=\"position: absolute; clip: rect(1px, 1px, 1px, 1px);\" title=\"&#8220;UNA FINESTRA SUL VOLONTARIATO DEL COMITATO D&#8217;INTESA&#8221; &#8212; Radio Pi\u00f9\" src=\"https:\/\/www.radiopiu.net\/wordpress\/puntata-11-maggio\/embed\/#?secret=mEiiN9GCLV#?secret=ej9IcZzQDS\" data-secret=\"ej9IcZzQDS\" width=\"600\" height=\"338\" frameborder=\"0\" marginwidth=\"0\" marginheight=\"0\" scrolling=\"no\"><\/iframe><\/p>\n<p>&nbsp;<\/p>\n<p>&nbsp;<\/p>\n<hr \/>\n<p>&nbsp;<\/p>\n<blockquote>\n<h3>PERITI MINERARI AGORDINI NEL MONDO, LA PRESENTAZIONE DEL LIBRO<\/h3>\n<\/blockquote>\n<p><strong>AGORDO<\/strong> Appuntamento con la storia dei periti minerari. Ad organizzarlo la Famiglia Ex emigranti dell\u2019Agordino, che ha presentato nella Sala \u201cDon Tamis\u201d di Agordo, il libro \u201cUn\u2019emigrazione speciale. Periti minerari dall\u2019Agordino al mondo\u201d pubblicato dall\u2019Apim \u2013 Associazione Periti Industriali Minerari. Ingresso gratuito<\/p>\n<p><strong>LA DIRETTA RADIO PI\u00d9\u00a0<\/strong><\/p>\n<p><iframe loading=\"lazy\" title=\"Presentazione del  libro \u201cUn\u2019emigrazione speciale. Periti minerari dall\u2019Agordino al mondo\u201d\" width=\"1200\" height=\"675\" src=\"https:\/\/www.youtube.com\/embed\/MaWtBxdKynA?feature=oembed\" frameborder=\"0\" allow=\"accelerometer; autoplay; clipboard-write; encrypted-media; gyroscope; picture-in-picture; web-share\" allowfullscreen><\/iframe><\/p>\n<blockquote class=\"wp-embedded-content\" data-secret=\"ujT5OB5M9F\"><p><a href=\"https:\/\/www.radiopiu.net\/wordpress\/periti-minerari-dallagordino-al-mondo\/\">Periti minerari dall&#8217;agordino al mondo<\/a><\/p><\/blockquote>\n<p><iframe loading=\"lazy\" class=\"wp-embedded-content\" sandbox=\"allow-scripts\" security=\"restricted\" style=\"position: absolute; clip: rect(1px, 1px, 1px, 1px);\" title=\"&#8220;Periti minerari dall&#8217;agordino al mondo&#8221; &#8212; Radio Pi\u00f9\" src=\"https:\/\/www.radiopiu.net\/wordpress\/periti-minerari-dallagordino-al-mondo\/embed\/#?secret=3T6Cs3jl4F#?secret=ujT5OB5M9F\" data-secret=\"ujT5OB5M9F\" width=\"600\" height=\"338\" frameborder=\"0\" marginwidth=\"0\" marginheight=\"0\" scrolling=\"no\"><\/iframe><\/p>\n<hr \/>\n<p>&nbsp;<\/p>\n<blockquote>\n<h2>IL CONCERTO DELLE ORME ALLA SAGRA DI SAN VITTORE A FELTRE<\/h2>\n<\/blockquote>\n<p><strong>LA DIRETTA RADIO PIU&#8217;<\/strong><\/p>\n<p>https:\/\/www.facebook.com\/mirko.mezzacasa\/videos\/979327593200480<\/p>\n<p>&nbsp;<\/p>\n<p>&nbsp;<\/p>\n<hr \/>\n<p>&nbsp;<\/p>\n<div class=\"page-title-head hgroup\">\n<blockquote>\n<h3 class=\"entry-title\">LE APPARIZIONI DELLA MADONNA A OTTO PASTORELLI DI VOLTAGO<\/h3>\n<\/blockquote>\n<\/div>\n<div class=\"page-title-breadcrumbs\">\n<blockquote><p><em>\u00a0retrospettiva di una storia che nel 1937 appassion\u00f2 l&#8217;Italia.\u00a0<\/em><\/p>\n<p>&nbsp;<\/p>\n<div>\n<div class=\"xv55zj0 x1vvkbs x1rg5ohu xxymvpz\">\n<div class=\"x3nfvp2 x1n2onr6 xxymvpz xh8yej3\">\n<div class=\"xdl72j9 x1iyjqo2 xs83m0k xeuugli xh8yej3\">\n<div class=\"xmjcpbm x1tlxs6b x1g8br2z x1gn5b1j x230xth x9f619 xzsf02u x1rg5ohu xdj266r x11i5rnm xat24cr x1mh8g0r x193iq5w x1mzt3pk x1n2onr6 xeaf4i8 x13faqbe\">\n<div class=\"x1y1aw1k xn6708d xwib8y2 x1ye3gou\">\n<div class=\"x1lliihq xjkvuk6 x1iorvi4\">\n<div class=\"xdj266r x11i5rnm xat24cr x1mh8g0r x1vvkbs\">\n<div dir=\"auto\"><strong>REDAZIONE<\/strong> Ho trovato in archivio, su indicazione di <a class=\"x1i10hfl xjbqb8w x6umtig x1b1mbwd xaqea5y xav7gou x9f619 x1ypdohk xt0psk2 xe8uvvx xdj266r x11i5rnm xat24cr x1mh8g0r xexx8yu x4uap5 x18d9i69 xkhd6sd x16tdsg8 x1hl2dhg xggy1nq x1a2a7pz xt0b8zv xzsf02u x1s688f\" tabindex=\"0\" role=\"link\" href=\"https:\/\/www.facebook.com\/groups\/61488111720\/user\/1824423623\/?__cft__[0]=AZWf4jW7W8LTChQBKr9hk-7OP5OVHyRWkm8CCzuipVwuGLGwmYky1bK9LdLRH-ZOOxbxN3nRez98-zf0x_w34LkX8D0FckCBDwGhNPdDODVMLCEurvLV_KGPbBMdxleBxpqGAkLOLrJQADi3TTFyivVCbuFlRIy5vLpzOcs9yolivJ4roiyK4IkBd1IDMxdYVj4&amp;__tn__=R]-R\"><span class=\"xt0psk2\">Luisa Alchini<\/span><\/a> un&#8217;intervista realizzata per il programma El Darlin di nove anni fa. A casa Adele e Paolo, Luisa incontro&#8217; Ida, originaria di Frassene&#8217;. Tra i ricordi di quotidianit\u00e0 anche quelli della venerazione della &#8220;Madona de Oltach&#8221;.<\/div>\n<\/div>\n<\/div>\n<\/div>\n<\/div>\n<\/div>\n<\/div>\n<\/div>\n<\/div>\n<p>&nbsp;<\/p>\n<p><span style=\"color: #ff0000;\"><strong>DA EL DARLIN, ANNO 2013, IL PROGRAMMA DI LUISA ALCHINI (FOTO)<\/strong><\/span><\/p>\n<audio class=\"wp-audio-shortcode\" id=\"audio-335519-14\" preload=\"none\" style=\"width: 100%;\" controls=\"controls\"><source type=\"audio\/mpeg\" src=\"https:\/\/www.radiopiu.net\/wordpress\/wp-content\/uploads\/2023\/05\/LUISA-SPECIALE-2013.mp3?_=14\" \/><a href=\"https:\/\/www.radiopiu.net\/wordpress\/wp-content\/uploads\/2023\/05\/LUISA-SPECIALE-2013.mp3\">https:\/\/www.radiopiu.net\/wordpress\/wp-content\/uploads\/2023\/05\/LUISA-SPECIALE-2013.mp3<\/a><\/audio>\n<p>&nbsp;<\/p><\/blockquote>\n<div class=\"flex-1 overflow-hidden\">\n<div class=\"react-scroll-to-bottom--css-mybxg-79elbk h-full dark:bg-gray-800\">\n<div class=\"react-scroll-to-bottom--css-mybxg-1n7m0yu\">\n<div class=\"flex flex-col items-center text-sm dark:bg-gray-800\">\n<div class=\"group w-full text-gray-800 dark:text-gray-100 border-b border-black\/10 dark:border-gray-900\/50 bg-gray-50 dark:bg-[#444654]\">\n<div class=\"flex p-4 gap-4 text-base md:gap-6 md:max-w-2xl lg:max-w-xl xl:max-w-3xl md:py-6 lg:px-0 m-auto\">\n<div class=\"relative flex flex-col w-[calc(100%-50px)] gap-1 md:gap-3 lg:w-[calc(100%-115px)]\">\n<div class=\"flex flex-grow flex-col gap-3\">\n<div class=\"min-h-[20px] flex flex-col items-start gap-4 whitespace-pre-wrap break-words\">\n<div class=\"markdown prose w-full break-words dark:prose-invert light\">\n<p><a class=\"dt-pswp-item\" href=\"https:\/\/www.radiopiu.net\/wordpress\/wp-content\/uploads\/2023\/05\/6e131985-12b6-4618-96ee-514b18855511.jpg\" data-dt-img-description=\"\" data-large_image_width=\"1152\" data-large_image_height=\"2048\"><img loading=\"lazy\" decoding=\"async\" class=\"size-medium wp-image-335463 alignleft\" src=\"https:\/\/www.radiopiu.net\/wordpress\/wp-content\/uploads\/2023\/05\/6e131985-12b6-4618-96ee-514b18855511-169x300.jpg\" alt=\"\" width=\"169\" height=\"300\" srcset=\"https:\/\/www.radiopiu.net\/wordpress\/wp-content\/uploads\/2023\/05\/6e131985-12b6-4618-96ee-514b18855511-169x300.jpg 169w, https:\/\/www.radiopiu.net\/wordpress\/wp-content\/uploads\/2023\/05\/6e131985-12b6-4618-96ee-514b18855511-576x1024.jpg 576w, https:\/\/www.radiopiu.net\/wordpress\/wp-content\/uploads\/2023\/05\/6e131985-12b6-4618-96ee-514b18855511-768x1365.jpg 768w, https:\/\/www.radiopiu.net\/wordpress\/wp-content\/uploads\/2023\/05\/6e131985-12b6-4618-96ee-514b18855511-864x1536.jpg 864w, https:\/\/www.radiopiu.net\/wordpress\/wp-content\/uploads\/2023\/05\/6e131985-12b6-4618-96ee-514b18855511.jpg 1152w\" sizes=\"auto, (max-width: 169px) 100vw, 169px\" \/><\/a>Nel panorama culturale italiano del 1937, un evento straordinario scosse le menti e i cuori di molte persone: le apparizioni della Madonna a otto pastorelli di Voltago. Questa storia affascinante e misteriosa, che ha ispirato generazioni di credenti e scettici, \u00e8 stata recentemente raccontata dal giornalista e gi\u00e0 conduttore della rassegna stampa di RADIOPIU&#8217;, Mario Fornaro, nel suo libro &#8220;Le apparizioni della Madonna a otto pastorelli di Voltago&#8221;. In questa retrospettiva, Fornaro ci guida attraverso gli eventi di quel lontano anno, riportando testimonianze e analizzando l&#8217;impatto che questa vicenda ha avuto sull&#8217;Italia. La scoperta delle apparizioni: Tutto ebbe inizio nel 1937, in un tranquillo paese rurale, Voltago. Otto giovani pastorelli, conosciuti per la loro fede e devozione, affermarono di aver visto la Vergine Maria in diverse occasioni. Le notizie si diffusero rapidamente e il paese intero fu catturato da un&#8217;ondata di fervore religioso. I pastorelli raccontarono dettagliatamente le loro esperienze, descrivendo le apparizioni e i messaggi che la Madonna avrebbe loro trasmesso. L&#8217;impatto sul paese e sull&#8217;Italia: Le apparizioni della Madonna a Voltago ebbero un impatto straordinario sulla comunit\u00e0 locale e sull&#8217;intera nazione italiana. La notizia si diffuse rapidamente attraverso i media dell&#8217;epoca, suscitando un&#8217;ampia copertura giornalistica e attirando visitatori da ogni angolo del paese.<\/p>\n<\/div>\n<\/div>\n<\/div>\n<\/div>\n<\/div>\n<\/div>\n<\/div>\n<\/div>\n<\/div>\n<\/div>\n<\/div>\n<p>&nbsp;<\/p>\n<p>&nbsp;<\/p>\n<hr \/>\n<p>&nbsp;<\/p>\n<p>&nbsp;<\/p>\n<blockquote>\n<h2><a class=\"dt-pswp-item\" href=\"https:\/\/www.radiopiu.net\/wordpress\/wp-content\/uploads\/2023\/05\/9fef5d60-aa5d-479f-a0a9-a239f83108ef.jpg\" data-dt-img-description=\"\" data-large_image_width=\"1600\" data-large_image_height=\"1200\"><img loading=\"lazy\" decoding=\"async\" class=\"size-medium wp-image-335644 alignleft\" src=\"https:\/\/www.radiopiu.net\/wordpress\/wp-content\/uploads\/2023\/05\/9fef5d60-aa5d-479f-a0a9-a239f83108ef-300x225.jpg\" alt=\"\" width=\"300\" height=\"225\" srcset=\"https:\/\/www.radiopiu.net\/wordpress\/wp-content\/uploads\/2023\/05\/9fef5d60-aa5d-479f-a0a9-a239f83108ef-300x225.jpg 300w, https:\/\/www.radiopiu.net\/wordpress\/wp-content\/uploads\/2023\/05\/9fef5d60-aa5d-479f-a0a9-a239f83108ef-1024x768.jpg 1024w, https:\/\/www.radiopiu.net\/wordpress\/wp-content\/uploads\/2023\/05\/9fef5d60-aa5d-479f-a0a9-a239f83108ef-768x576.jpg 768w, https:\/\/www.radiopiu.net\/wordpress\/wp-content\/uploads\/2023\/05\/9fef5d60-aa5d-479f-a0a9-a239f83108ef-1536x1152.jpg 1536w, https:\/\/www.radiopiu.net\/wordpress\/wp-content\/uploads\/2023\/05\/9fef5d60-aa5d-479f-a0a9-a239f83108ef.jpg 1600w\" sizes=\"auto, (max-width: 300px) 100vw, 300px\" \/><\/a>VENERDI AD ALLEGHE LA PRESENTAZIONE DELLA NUOVA PROLOCO<\/h2>\n<\/blockquote>\n<p><strong>LO SPOT ALLA RADIO<\/strong><\/p>\n<audio class=\"wp-audio-shortcode\" id=\"audio-335519-15\" preload=\"none\" style=\"width: 100%;\" controls=\"controls\"><source type=\"audio\/mpeg\" src=\"https:\/\/www.radiopiu.net\/wordpress\/wp-content\/uploads\/2023\/05\/PROMO-PRO-LOCO-ALLEGHE-2023.mp3?_=15\" \/><a href=\"https:\/\/www.radiopiu.net\/wordpress\/wp-content\/uploads\/2023\/05\/PROMO-PRO-LOCO-ALLEGHE-2023.mp3\">https:\/\/www.radiopiu.net\/wordpress\/wp-content\/uploads\/2023\/05\/PROMO-PRO-LOCO-ALLEGHE-2023.mp3<\/a><\/audio>\n<p>&nbsp;<\/p>\n<p>&nbsp;<\/p>\n<hr \/>\n<p>&nbsp;<\/p>\n<p><strong>LA FOTO, SEGNALAZIONE DI ROBERT MOSCA\u00a0\u00a0<\/strong><\/p>\n<p><strong>Arcobaleno verso Saetta,\u00a0 sembra una lotta tra supereroi ed invece \u00e8 solo l&#8217;incredibile spettacolo della natura. \u00c8 proprio il caso di dirlo: cogliere l&#8217;attimo perfetto! <\/strong><br \/>\n<a class=\"dt-pswp-item\" href=\"https:\/\/www.radiopiu.net\/wordpress\/wp-content\/uploads\/2023\/05\/344917210_764189268683836_7784125464707008554_n.jpg\" data-dt-img-description=\"\" data-large_image_width=\"526\" data-large_image_height=\"702\"><img loading=\"lazy\" decoding=\"async\" class=\"alignnone size-medium wp-image-335627\" src=\"https:\/\/www.radiopiu.net\/wordpress\/wp-content\/uploads\/2023\/05\/344917210_764189268683836_7784125464707008554_n-225x300.jpg\" alt=\"\" width=\"225\" height=\"300\" srcset=\"https:\/\/www.radiopiu.net\/wordpress\/wp-content\/uploads\/2023\/05\/344917210_764189268683836_7784125464707008554_n-225x300.jpg 225w, https:\/\/www.radiopiu.net\/wordpress\/wp-content\/uploads\/2023\/05\/344917210_764189268683836_7784125464707008554_n.jpg 526w\" sizes=\"auto, (max-width: 225px) 100vw, 225px\" \/><\/a><\/p>\n<p>&nbsp;<\/p>\n<hr \/>\n<p>&nbsp;<\/p>\n<p><strong>EDITORIA, LOCALE<\/strong><\/p>\n<p><strong>CANALE D&#8217;AGORDO\u00a0\u00a0<\/strong><\/p>\n<a href=\"https:\/\/www.radiopiu.net\/wordpress\/wp-content\/uploads\/2023\/05\/Giornalino-fondazione-Papa-Luciani-2023-versione-FINALE_compressed-1.pdf\" class=\"pdfemb-viewer\" style=\"\" data-width=\"max\" data-height=\"max\" data-toolbar=\"top\" data-toolbar-fixed=\"on\">Giornalino-fondazione-Papa-Luciani-2023-versione-FINALE_compressed (1)<\/a>\n<p>&nbsp;<\/p>\n<p>&nbsp;<\/p>\n<hr \/>\n<p>&nbsp;<\/p>\n<p><strong><span style=\"color: #ff0000;\">GLI APPUNTAMENTI DEL FINE SETTIMANA<\/span><\/strong><\/p>\n<p>&nbsp;<\/p>\n<blockquote>\n<h3>LA PRESENTAZIONE DEL CAMPIONATO AGORDINO AD AGORDO<\/h3>\n<\/blockquote>\n<p><strong>AGORDO<\/strong> Oggi alle 20:30 al Caff\u00e8 Miniere di Agordo verr\u00e0 presentato ufficialmente il Campionato Agordino di Calcio. Diretta su Radio Pi\u00f9<\/p>\n<p>&nbsp;<\/p>\n<p>&nbsp;<\/p>\n<hr \/>\n<p>&nbsp;<\/p>\n<blockquote>\n<h3>NEVEGAL 2026&#8230;QUALE INVERNO ATTENDE IL COLLE?<\/h3>\n<\/blockquote>\n<p><strong>BELLUNO<\/strong> Si svolger\u00e0<strong> oggi<\/strong> alle 10:30 a Palazzo Bembo un incontro dal titolo &#8220;Nevegal 2026&#8230;quale inverno attende il Colle?&#8221;. Introdurranno l&#8217;argomento il sociologo Diego Cason e Michele Nardelli. Ci sar\u00e0 un confronto tra operatori del settore e le riflessioni conclusive di Franco Roccon, assessore comunale Progetto Nevegal. Moderatore Andrea De Bortoli<\/p>\n<p>&nbsp;<\/p>\n<p>&nbsp;<\/p>\n<hr \/>\n<p>&nbsp;<\/p>\n<blockquote>\n<h3>NEL FINE SETTIMANA I SAGGI DI ARTE NUOVA<\/h3>\n<\/blockquote>\n<p><strong>BORGO VALBELLUNA <\/strong>Oggi e domani si svolgeranno i tradizionali saggi musicali a conclusione di un anno straordinario nell\u2019affluenza e nei risultati, 150 associati attivi nel campo musicale, riconoscimenti in importanti concorsi musicali, convenzioni attive con scuole ed enti pubblici. Appuntamento all\u2019Auditorium di Mel e il Teatro San Felice di Trichiana, ingresso libero.<\/p>\n<p>&nbsp;<\/p>\n<p>&nbsp;<\/p>\n<hr \/>\n<p>&nbsp;<\/p>\n<blockquote>\n<h3 style=\"text-align: left;\">\u00a0OGGI LA NOTTE EUROPEA DEI MUSEI, PROTAGONISTI LA GALLERIA RIZZARDA E IL MUSEO DIOCESANO D&#8217;ARTE SACRA<\/h3>\n<\/blockquote>\n<div class=\"flex-1 overflow-hidden\">\n<div class=\"react-scroll-to-bottom--css-igcgq-79elbk h-full dark:bg-gray-800\">\n<div class=\"react-scroll-to-bottom--css-igcgq-1n7m0yu\">\n<div class=\"flex flex-col items-center text-sm dark:bg-gray-800\">\n<div class=\"group w-full text-gray-800 dark:text-gray-100 border-b border-black\/10 dark:border-gray-900\/50 bg-gray-50 dark:bg-[#444654]\">\n<div class=\"flex p-4 gap-4 text-base md:gap-6 md:max-w-2xl lg:max-w-xl xl:max-w-3xl md:py-6 lg:px-0 m-auto\">\n<div class=\"relative flex flex-col w-[calc(100%-50px)] gap-1 md:gap-3 lg:w-[calc(100%-115px)]\">\n<div class=\"flex flex-grow flex-col gap-3\">\n<div class=\"min-h-[20px] flex flex-col items-start gap-4 whitespace-pre-wrap break-words\">\n<div class=\"result-streaming markdown prose w-full break-words dark:prose-invert light\">\n<h3 style=\"text-align: left;\"><a class=\"dt-pswp-item\" href=\"https:\/\/www.radiopiu.net\/wordpress\/wp-content\/uploads\/2023\/05\/th-12.jpg\" data-dt-img-description=\"\" data-large_image_width=\"278\" data-large_image_height=\"111\"><img loading=\"lazy\" decoding=\"async\" class=\"size-full wp-image-335436 alignleft\" src=\"https:\/\/www.radiopiu.net\/wordpress\/wp-content\/uploads\/2023\/05\/th-12.jpg\" alt=\"\" width=\"278\" height=\"111\" \/><\/a><\/h3>\n<p><strong>FELTRE<\/strong> La Notte europea dei musei sta tornando, offrendo un&#8217;opportunit\u00e0 imperdibile per ammirare il patrimonio artistico anche durante le ore notturne. Oggi, la Galleria d&#8217;Arte Moderna &#8220;Carlo Rizzarda&#8221; aprir\u00e0 straordinariamente le sue porte dalle 21 alle 23.30. Durante l&#8217;evento, sar\u00e0 possibile esplorare l&#8217;arte contemporanea e godere sia della bellezza visiva che di quella sonora grazie agli intermezzi musicali offerti dalla Scuola comunale di musica &#8220;F. Sandi&#8221;. La presenza del centro Europe Direct &#8220;Montagna Veneta&#8221; del GAL Prealpi e Dolomiti durante l&#8217;iniziativa fornir\u00e0 ulteriori spiegazioni sulle funzioni dello sportello. Per partecipare alle visite guidate presso la Galleria d&#8217;Arte Moderna, \u00e8 necessario prenotarsi contattando i numeri o inviando una mail entro domani\u00a0 alle 18. \u00a0il Museo Diocesano d&#8217;Arte Sacra rimarr\u00e0 aperto durante la Notte dei musei, offrendo visite guidate sul tema della montagna nell&#8217;arte sacra del museo. Info 0439 885234<\/p>\n<p>&nbsp;<\/p>\n<p>&nbsp;<\/p>\n<hr \/>\n<p>&nbsp;<\/p>\n<\/div>\n<\/div>\n<\/div>\n<\/div>\n<\/div>\n<\/div>\n<\/div>\n<\/div>\n<\/div>\n<\/div>\n<div dir=\"auto\">\n<blockquote>\n<h3><a class=\"dt-pswp-item\" href=\"https:\/\/www.radiopiu.net\/wordpress\/wp-content\/uploads\/2021\/07\/AGORDO-ARCOBALENO-BROI.jpg\" data-dt-img-description=\"\" data-large_image_width=\"2048\" data-large_image_height=\"1363\"><img loading=\"lazy\" decoding=\"async\" class=\" wp-image-224697 alignleft\" src=\"https:\/\/www.radiopiu.net\/wordpress\/wp-content\/uploads\/2021\/07\/AGORDO-ARCOBALENO-BROI-300x200.jpg\" alt=\"\" width=\"194\" height=\"129\" srcset=\"https:\/\/www.radiopiu.net\/wordpress\/wp-content\/uploads\/2021\/07\/AGORDO-ARCOBALENO-BROI-300x200.jpg 300w, https:\/\/www.radiopiu.net\/wordpress\/wp-content\/uploads\/2021\/07\/AGORDO-ARCOBALENO-BROI-1024x682.jpg 1024w, https:\/\/www.radiopiu.net\/wordpress\/wp-content\/uploads\/2021\/07\/AGORDO-ARCOBALENO-BROI-768x511.jpg 768w, https:\/\/www.radiopiu.net\/wordpress\/wp-content\/uploads\/2021\/07\/AGORDO-ARCOBALENO-BROI-1536x1022.jpg 1536w, https:\/\/www.radiopiu.net\/wordpress\/wp-content\/uploads\/2021\/07\/AGORDO-ARCOBALENO-BROI.jpg 2048w\" sizes=\"auto, (max-width: 194px) 100vw, 194px\" \/><\/a>IL TORNEO DELLE FRAZIONI SUL BROI DI AGORDO CAUSA LE PESSIME PREVISIONI METEOROLOGICHE E&#8217; STATO RINVIATO A DATA DA DESTINARSI<\/h3>\n<\/blockquote>\n<p><span style=\"color: #ff0000;\">IERI SERA DAL PROGRAMMA DEDICHE E RICHIESTE, MATTEO CHISSALE&#8217;\u00a0<\/span><\/p>\n<audio class=\"wp-audio-shortcode\" id=\"audio-335519-16\" preload=\"none\" style=\"width: 100%;\" controls=\"controls\"><source type=\"audio\/mpeg\" src=\"https:\/\/www.radiopiu.net\/wordpress\/wp-content\/uploads\/2023\/05\/MATTEO-CHISSA.mp3?_=16\" \/><a href=\"https:\/\/www.radiopiu.net\/wordpress\/wp-content\/uploads\/2023\/05\/MATTEO-CHISSA.mp3\">https:\/\/www.radiopiu.net\/wordpress\/wp-content\/uploads\/2023\/05\/MATTEO-CHISSA.mp3<\/a><\/audio>\n<p>&nbsp;<\/p>\n<hr \/>\n<p>&nbsp;<\/p>\n<blockquote>\n<h3>IL MERCATO DEI FIORI A FALCADE POSTICIPATO PER MALTEMPO<\/h3>\n<\/blockquote>\n<p>la &#8220;Mostra mercato dei Fiori&#8221; prevista per domenica 14 maggio presso il Piazzale dello Sport di Falcade \u00e8 stata rinviata alla domenica successiva, 21 maggio 2023, causa previsioni meteo di forte maltempo.<\/p>\n<p>&nbsp;<\/p>\n<p>&nbsp;<\/p>\n<hr \/>\n<p>&nbsp;<\/p>\n<blockquote>\n<h3>TORNANO LE VISITE GRATUITE AI TESORI D\u2019ARTE TRA LE CHIESE DI BELLUNO CON L\u2019ASSOCIAZIONE CAMPEDEL<\/h3>\n<\/blockquote>\n<p><strong>BELLUNO<\/strong> Dopo il successo dell\u2019edizione 2022, tornano a maggio le visite gratuite curate dai volontari della Campedel alla scoperta dei tesori d\u2019arte delle chiese del Bellunese. Si inizia domenica alle ore 15.00 con la visita alla chiesa di San Matteo di Sala, poco sopra Cusighe, ai piedi del monte Serva<\/p>\n<p>&nbsp;<\/p>\n<p>&nbsp;<\/p>\n<\/div>\n<hr \/>\n<p>&nbsp;<\/p>\n<h2><span style=\"color: #ff0000;\">PROSSIMAMENTE&#8230;.<\/span><\/h2>\n<p>&nbsp;<\/p>\n<p><a class=\"dt-pswp-item\" href=\"https:\/\/www.radiopiu.net\/wordpress\/wp-content\/uploads\/2023\/05\/3ab7ba25-2ff8-4314-8f48-f20c60ae9487.jpg\" data-dt-img-description=\"\" data-large_image_width=\"1131\" data-large_image_height=\"1600\"><img loading=\"lazy\" decoding=\"async\" class=\"size-medium wp-image-335641 aligncenter\" src=\"https:\/\/www.radiopiu.net\/wordpress\/wp-content\/uploads\/2023\/05\/3ab7ba25-2ff8-4314-8f48-f20c60ae9487-212x300.jpg\" alt=\"\" width=\"212\" height=\"300\" srcset=\"https:\/\/www.radiopiu.net\/wordpress\/wp-content\/uploads\/2023\/05\/3ab7ba25-2ff8-4314-8f48-f20c60ae9487-212x300.jpg 212w, https:\/\/www.radiopiu.net\/wordpress\/wp-content\/uploads\/2023\/05\/3ab7ba25-2ff8-4314-8f48-f20c60ae9487-724x1024.jpg 724w, https:\/\/www.radiopiu.net\/wordpress\/wp-content\/uploads\/2023\/05\/3ab7ba25-2ff8-4314-8f48-f20c60ae9487-768x1086.jpg 768w, https:\/\/www.radiopiu.net\/wordpress\/wp-content\/uploads\/2023\/05\/3ab7ba25-2ff8-4314-8f48-f20c60ae9487-1086x1536.jpg 1086w, https:\/\/www.radiopiu.net\/wordpress\/wp-content\/uploads\/2023\/05\/3ab7ba25-2ff8-4314-8f48-f20c60ae9487.jpg 1131w\" sizes=\"auto, (max-width: 212px) 100vw, 212px\" \/><\/a><\/p>\n<p>&nbsp;<\/p>\n<blockquote>\n<h3>DUE APPUNTAMENTI CON IL GRUPPO NATURA<\/h3>\n<\/blockquote>\n<p><strong>LENTIAI<\/strong>\u00a0 Venerdi 19 maggio alle 20.30 presso la societ\u00e0 operaia serata\u00a0 dedicata alla minaccia di estinzione delle api,\u00a0 prevede la presentazione di una serie di articoli sull&#8217;argomento a cura del giornalista Cosentino Domenico e la testimonianza di un apiculture locale, Claudio Mioranza, tecnico apistico che ci presenter\u00e0 la sua esperienza con un video. Secondo appuntamento sabato 27\/05\u00a0 dalle\u00a0 14 con i volontari all&#8217;estirpazione del veratro, pianta infestante, competitrice del narciso<\/p>\n<p>&nbsp;<\/p>\n<p>&nbsp;<\/p>\n<hr \/>\n<p>&nbsp;<\/p>\n<blockquote>\n<h3>LIMANA AI TEMPI DELLA GRANDE GUERRA<\/h3>\n<\/blockquote>\n<p><strong>LIMANA<\/strong> Comune di Limana e Associazione Bersaglieri Belluno organizzano un fine settimana dedicato alla Prima guerra Mondiale. Venerd\u00ec 19 maggio alle 20:30 una conferenza &#8220;<em style=\"box-sizing: border-box;\">1918: il Battaglione dei Volontari del Col Visentin<\/em>&#8221; a cura del giornalista Roberto De Nart. Sabato 20 maggio una giornata di festa con la fanfara dei Bersaglieri, la rievocazione storica del giuramento del &#8220;<em style=\"box-sizing: border-box;\">Battaglione Volontari Col Visentin 1918<\/em>&#8221; per terminare con il pranzo alla Baita degli Alpini.<\/p>\n<p>&nbsp;<\/p>\n<p>&nbsp;<\/p>\n<hr \/>\n<p>&nbsp;<\/p>\n<blockquote>\n<h3>FOLKLOR JALPE&#8217; DE LA MARMOLEDA<\/h3>\n<\/blockquote>\n<p><strong>ROCCA PIETORE<\/strong> \u00c8 in programma per il 26, 27 e 28 maggio l&#8217;edizione 2023 di Folklor Jalp\u00e8 De La Marmoleda. Tre giorni di festa sotto al tendone riscaldato in localit\u00e0 Bosco Verde a Rocca Pietore tra cucina tipica e balli con le band tirolesi. Domenica 28, nel pomeriggio, la sfilata dei gruppi folk<\/p>\n<p>&nbsp;<\/p>\n<p>&nbsp;<\/p>\n<hr \/>\n<p>&nbsp;<\/p>\n<blockquote>\n<h3>I 75 ANNI DELLA COMUNITA&#8217; DI VILLA SAN FRANCESCO<\/h3>\n<\/blockquote>\n<p><strong>PEDAVENA <\/strong>Nel fine settimana del 27 e 28 maggio \u00e8 in programma una due giorni dedicata ai 75 anni della comunit\u00e0 di Villa San Francesco dove ci saranno dei convegni dedicati ai giovani in occasione della 26\u00aa edizione della Festa del Volontariato Sociale.<\/p>\n<p>&nbsp;<\/p>\n<p>&nbsp;<\/p>\n<hr \/>\n<p>&nbsp;<\/p>\n<blockquote>\n<h3>SABATO 3 GIUGNO LA CENA DELLA CLASSE 1955-56<\/h3>\n<\/blockquote>\n<p><strong>AGORDO<\/strong> E&#8217; in programma per sabato 3 giugno al Ristorante &#8220;La Stanga&#8221; la cena delle classi 1955-1956. Ritrovo al ristorante alle 19, cena , musica e premi. Per informazioni ed iscrizioni Roberto Schenot al 348 8524340. Iscrizioni entro il 29 maggio.<\/p>\n<p>&nbsp;<\/p>\n<p>&nbsp;<\/p>\n<hr \/>\n<p>&nbsp;<\/p>\n<blockquote>\n<h3>DOMENICA 4 GIUGNO LA 4 PAS IN DOI<\/h3>\n<\/blockquote>\n<p><strong>AGORDO<\/strong> <strong>DOMENICA 4 GIUGNO<\/strong> AD AGORDO: &#8220;4 Pas in doi&#8221; TRAIL RUNNING A COPPIE. Due percorsi: 16 km con 900 metri di dislivello, o 5 km con 250 metri di dislivello. E per i pi\u00f9 golosi, la &#8220;4 Pas in doi Bocoi&#8221;: itinerario enogastronomico, 6 km, con 4 tappe da&#8230; gustare. Per informazioni ed iscrizioni: www.4pasindoi.it<\/p>\n<p>&nbsp;<\/p>\n<p>&nbsp;<\/p>\n<hr \/>\n<p>&nbsp;<\/p>\n<blockquote>\n<h3>LA PRIMA EDIZIONE DELLA DON &#8211; PIANLONCH<\/h3>\n<\/blockquote>\n<p><strong>GOSALDO<\/strong> E&#8217; in programma per <strong>domenica 28 maggio<\/strong> la prima edizione della gara di corsa Don &#8211; Pianlonch. Una passeggiata ludicomotoria di 5,6 km non competitiva. Iscrizione 6 euro prima della partenza, 10 euro con panino farcito e bottigllia d&#8217;acqua.<\/p>\n<p>&nbsp;<\/p>\n<p>&nbsp;<\/p>\n<hr \/>\n<p>&nbsp;<\/p>\n<blockquote>\n<h3>Il Gruppo Alpini organizza una gita indimenticabile alla Foiba di Basovizza con pranzo di pesce a Lignano<\/h3>\n<\/blockquote>\n<div class=\"group w-full text-gray-800 dark:text-gray-100 border-b border-black\/10 dark:border-gray-900\/50 bg-gray-50 dark:bg-[#444654]\">\n<div class=\"flex p-4 gap-4 text-base md:gap-6 md:max-w-2xl lg:max-w-xl xl:max-w-3xl md:py-6 lg:px-0 m-auto\">\n<div class=\"relative flex flex-col w-[calc(100%-50px)] gap-1 md:gap-3 lg:w-[calc(100%-115px)]\">\n<div class=\"flex flex-grow flex-col gap-3\">\n<div class=\"min-h-[20px] flex flex-col items-start gap-4 whitespace-pre-wrap break-words\">\n<div class=\"markdown prose w-full break-words dark:prose-invert light\">\n<p><strong><a class=\"dt-pswp-item\" href=\"https:\/\/www.radiopiu.net\/wordpress\/wp-content\/uploads\/2023\/05\/alpini-falcade.jpg\" data-dt-img-description=\"\" data-large_image_width=\"598\" data-large_image_height=\"424\"><img loading=\"lazy\" decoding=\"async\" class=\" wp-image-335362 alignleft\" src=\"https:\/\/www.radiopiu.net\/wordpress\/wp-content\/uploads\/2023\/05\/alpini-falcade-300x213.jpg\" alt=\"\" width=\"127\" height=\"90\" srcset=\"https:\/\/www.radiopiu.net\/wordpress\/wp-content\/uploads\/2023\/05\/alpini-falcade-300x213.jpg 300w, https:\/\/www.radiopiu.net\/wordpress\/wp-content\/uploads\/2023\/05\/alpini-falcade.jpg 598w\" sizes=\"auto, (max-width: 127px) 100vw, 127px\" \/><\/a>FALCADE &#8211;<\/strong> I Gruppi Alpini rappresentano un importante pilastro della comunit\u00e0 locale, promuovendo attivit\u00e0 che uniscono tradizione, avventura e scoperta del patrimonio culturale. Nel contesto di queste iniziative, il Gruppo Alpini di Falcade ha annunciato una gita straordinaria che si terr\u00e0 l&#8217;11 giugno, con destinazione la Foiba di Basovizza e una deliziosa pausa pranzo a Lignano.\u00a0 Remo Secchi, responsabile delle iscrizioni, sar\u00e0 il punto di riferimento per tutti coloro che desiderano partecipare. Per prenotare un posto e per ulteriori informazioni, \u00e8 possibile contattare\u00a0 il\u00a0 338 5628415.<\/p>\n<p>&nbsp;<\/p>\n<p>&nbsp;<\/p>\n<hr \/>\n<p>&nbsp;<\/p>\n<blockquote>\n<h3>EVA OLIVIER E FIGLIO OSPITI DI STORYTIME SU RADIO CANALE ITALIA<\/h3>\n<\/blockquote>\n<p><strong><a class=\"dt-pswp-item\" href=\"https:\/\/www.radiopiu.net\/wordpress\/wp-content\/uploads\/2023\/05\/346625054_624930006167661_6439057031111449451_n.jpg\" data-dt-img-description=\"\" data-large_image_width=\"960\" data-large_image_height=\"652\"><img loading=\"lazy\" decoding=\"async\" class=\" wp-image-335558 alignleft\" src=\"https:\/\/www.radiopiu.net\/wordpress\/wp-content\/uploads\/2023\/05\/346625054_624930006167661_6439057031111449451_n-300x204.jpg\" alt=\"\" width=\"160\" height=\"109\" srcset=\"https:\/\/www.radiopiu.net\/wordpress\/wp-content\/uploads\/2023\/05\/346625054_624930006167661_6439057031111449451_n-300x204.jpg 300w, https:\/\/www.radiopiu.net\/wordpress\/wp-content\/uploads\/2023\/05\/346625054_624930006167661_6439057031111449451_n-768x522.jpg 768w, https:\/\/www.radiopiu.net\/wordpress\/wp-content\/uploads\/2023\/05\/346625054_624930006167661_6439057031111449451_n.jpg 960w\" sizes=\"auto, (max-width: 160px) 100vw, 160px\" \/><\/a>REDAZIONE<\/strong> Sono stati ospiti di Radio Canale Italia nel programma StoryTime. Stiamo parlando di Eva Olivier e il figlio Fausto che hanno avuto la possibilit\u00e0 di cimentarsi davanti ai microfoni per parlare anche del Ristorante Da Carla a Rif di Agordo. Su Facebook Eva ha pubblicato la sua soddisfazione. &#8220;Esperienza super, mi sono resa conto di quanto mio figlio tenga al nostro ristorante. Faremo tante cose assieme. Il bello \u00e8 che alla domanda se avevo mai auto un&#8217;esperienza in radio ho nominato Radio Pi\u00f9 e anche loro conoscono Mirko di Radio Pi\u00f9&#8221;<\/p>\n<p>&nbsp;<\/p>\n<p>&nbsp;<\/p>\n<hr \/>\n<p>&nbsp;<\/p>\n<div dir=\"auto\">\n<div class=\"message spoilers-container\" dir=\"auto\">\n<div>\n<div class=\"b654a4as d2edcug0\">\n<div class=\"rq0escxv hkbzh7o3 jwdofwj8 n8tt0mok r8blr3vg hyh9befq\">\n<p><a class=\"dt-pswp-item\" href=\"https:\/\/www.radiopiu.net\/wordpress\/wp-content\/uploads\/2020\/10\/pp.jpg\" data-dt-img-description=\"\" data-large_image_width=\"640\" data-large_image_height=\"640\"><img loading=\"lazy\" decoding=\"async\" class=\"wp-image-163678 alignleft\" src=\"https:\/\/www.radiopiu.net\/wordpress\/wp-content\/uploads\/2020\/10\/pp-300x300.jpg\" alt=\"\" width=\"106\" height=\"106\" srcset=\"https:\/\/www.radiopiu.net\/wordpress\/wp-content\/uploads\/2020\/10\/pp-300x300.jpg 300w, https:\/\/www.radiopiu.net\/wordpress\/wp-content\/uploads\/2020\/10\/pp-150x150.jpg 150w, https:\/\/www.radiopiu.net\/wordpress\/wp-content\/uploads\/2020\/10\/pp-125x125.jpg 125w, https:\/\/www.radiopiu.net\/wordpress\/wp-content\/uploads\/2020\/10\/pp-200x200.jpg 200w, https:\/\/www.radiopiu.net\/wordpress\/wp-content\/uploads\/2020\/10\/pp-80x80.jpg 80w, https:\/\/www.radiopiu.net\/wordpress\/wp-content\/uploads\/2020\/10\/pp-480x480.jpg 480w, https:\/\/www.radiopiu.net\/wordpress\/wp-content\/uploads\/2020\/10\/pp.jpg 640w\" sizes=\"auto, (max-width: 106px) 100vw, 106px\" \/><\/a><\/p>\n<\/div>\n<\/div>\n<\/div>\n<\/div>\n<div class=\"message spoilers-container\" dir=\"auto\">\n<div>\n<div class=\"page-title-head hgroup\">\n<div class=\"page-title-head hgroup\">\n<div class=\"b654a4as d2edcug0\">\n<div class=\"j83agx80 btwxx1t3 lhclo0ds hop8lmos nkwizq5d scwd0bx6 roh60bw9\">\n<div class=\"rq0escxv hkbzh7o3 jwdofwj8 n8tt0mok r8blr3vg hyh9befq\">\n<div class=\"do00u71z l9j0dhe7 k4urcfbm\" style=\"text-align: left;\">\n<h2><span style=\"color: #000080;\">DON CESARE, IL PENSIERO DEL GIORNO. ALLA RADIO ALLE 7 DEL MATTINO E ALLE 19.30 DELLA SERA<\/span><\/h2>\n<p>&nbsp;<\/p>\n<p>&nbsp;<\/p>\n<\/div>\n<p>&nbsp;<\/p>\n<div class=\"do00u71z l9j0dhe7 k4urcfbm\" style=\"text-align: left;\">\n<h2 style=\"text-align: left;\"><span style=\"color: #ff0000;\"><span style=\"vertical-align: inherit;\"><a class=\"dt-pswp-item\" href=\"https:\/\/www.radiopiu.net\/wordpress\/wp-content\/uploads\/2023\/04\/e0aad41d-951e-47b9-9fae-1a879a9bcb7e-1.jpg\" data-dt-img-description=\"\" data-large_image_width=\"1200\" data-large_image_height=\"1200\"><img loading=\"lazy\" decoding=\"async\" class=\"wp-image-333205 aligncenter\" src=\"https:\/\/www.radiopiu.net\/wordpress\/wp-content\/uploads\/2023\/04\/e0aad41d-951e-47b9-9fae-1a879a9bcb7e-1-300x300.jpg\" alt=\"\" width=\"227\" height=\"227\" srcset=\"https:\/\/www.radiopiu.net\/wordpress\/wp-content\/uploads\/2023\/04\/e0aad41d-951e-47b9-9fae-1a879a9bcb7e-1-300x300.jpg 300w, https:\/\/www.radiopiu.net\/wordpress\/wp-content\/uploads\/2023\/04\/e0aad41d-951e-47b9-9fae-1a879a9bcb7e-1-1024x1024.jpg 1024w, https:\/\/www.radiopiu.net\/wordpress\/wp-content\/uploads\/2023\/04\/e0aad41d-951e-47b9-9fae-1a879a9bcb7e-1-150x150.jpg 150w, https:\/\/www.radiopiu.net\/wordpress\/wp-content\/uploads\/2023\/04\/e0aad41d-951e-47b9-9fae-1a879a9bcb7e-1-768x768.jpg 768w, https:\/\/www.radiopiu.net\/wordpress\/wp-content\/uploads\/2023\/04\/e0aad41d-951e-47b9-9fae-1a879a9bcb7e-1.jpg 1200w\" sizes=\"auto, (max-width: 227px) 100vw, 227px\" \/><\/a><\/span><\/span><\/h2>\n<\/div>\n<\/div>\n<\/div>\n<\/div>\n<\/div>\n<\/div>\n<\/div>\n<\/div>\n<div class=\"message spoilers-container\" dir=\"auto\">\n<h2><span style=\"color: #ff00ff;\">IN VIVO VERSO\u00a0 \u00a0<\/span><\/h2>\n<blockquote>\n<h3>SUSSURRA IL PASSO di ROSA DI MARTINO<\/h3>\n<\/blockquote>\n<p>AUDIO<\/p>\n<audio class=\"wp-audio-shortcode\" id=\"audio-335519-17\" preload=\"none\" style=\"width: 100%;\" controls=\"controls\"><source type=\"audio\/mpeg\" src=\"https:\/\/www.radiopiu.net\/wordpress\/wp-content\/uploads\/2023\/05\/05-ROSA-DI-MARTINO-SUSSURRA-IL-PASSO.mp3?_=17\" \/><a href=\"https:\/\/www.radiopiu.net\/wordpress\/wp-content\/uploads\/2023\/05\/05-ROSA-DI-MARTINO-SUSSURRA-IL-PASSO.mp3\">https:\/\/www.radiopiu.net\/wordpress\/wp-content\/uploads\/2023\/05\/05-ROSA-DI-MARTINO-SUSSURRA-IL-PASSO.mp3<\/a><\/audio>\n<p>&nbsp;<\/p>\n<p><img loading=\"lazy\" decoding=\"async\" class=\"alignleft\" src=\"https:\/\/www.radiopiu.net\/wordpress\/wp-content\/uploads\/2023\/05\/ROSA-DI-MARTINO-FOTO.jpg\" width=\"235\" height=\"176\" \/><strong>Rosa Di Martino<\/strong><br \/>\n<strong>SUSSURRA IL PASSO<\/strong><\/p>\n<p>Sussurra il passo<br \/>\nNel primo mattino<br \/>\nsussurra<br \/>\ntra le verdi foglie<br \/>\nindiamantate di rugiada<br \/>\nil passo di una voce<br \/>\nche invita<br \/>\nsciacquata ogni parola,<br \/>\na ricomporre il fiato<br \/>\ne a riedificare il canto,<br \/>\nzittito ogni acidulo tormento.<br \/>\nGuardo<br \/>\nnegli occhi che mi stanno accanto<br \/>\nun frammento della luce<br \/>\nche sorregge il giorno<br \/>\ngi\u00e0 poggiato all&#8217;orizzonte.<br \/>\nSboccia il suo grazie<br \/>\nla goccia<br \/>\nscesa a benedire il ramo<br \/>\ntra le nostre mani<br \/>\nstrette<br \/>\nnell&#8217;urgenza dell&#8217;amore<br \/>\ne del perdono.<\/p>\n<p>&nbsp;<\/p>\n<p><strong>LA RACCOLTA COMPLETA<\/strong><\/p>\n<\/div>\n<div class=\"message spoilers-container\" dir=\"auto\">\n<blockquote class=\"wp-embedded-content\" data-secret=\"oXdDXL7IX3\"><p><a href=\"https:\/\/www.radiopiu.net\/wordpress\/in-vivo-verso\/\">In Vivo Verso<\/a><\/p><\/blockquote>\n<p><iframe loading=\"lazy\" class=\"wp-embedded-content\" sandbox=\"allow-scripts\" security=\"restricted\" style=\"position: absolute; clip: rect(1px, 1px, 1px, 1px);\" title=\"&#8220;In Vivo Verso&#8221; &#8212; Radio Pi\u00f9\" src=\"https:\/\/www.radiopiu.net\/wordpress\/in-vivo-verso\/embed\/#?secret=mNxs5XxtfN#?secret=oXdDXL7IX3\" data-secret=\"oXdDXL7IX3\" width=\"600\" height=\"338\" frameborder=\"0\" marginwidth=\"0\" marginheight=\"0\" scrolling=\"no\"><\/iframe><\/p>\n<\/div>\n<blockquote class=\"wp-embedded-content\" data-secret=\"oeuNbyK6j5\"><p><a href=\"https:\/\/www.radiopiu.net\/wordpress\/puntat41\/\">TRENTATRE&#8217; PER TRE il  programma alla radio, con ALDO BRIGADOI &#8220;L&#8217;ALDONE&#8221;<\/a><\/p><\/blockquote>\n<p><iframe loading=\"lazy\" class=\"wp-embedded-content\" sandbox=\"allow-scripts\" security=\"restricted\" style=\"position: absolute; clip: rect(1px, 1px, 1px, 1px);\" title=\"&#8220;TRENTATRE&#8217; PER TRE il  programma alla radio, con ALDO BRIGADOI &#8220;L&#8217;ALDONE&#8221;&#8221; &#8212; Radio Pi\u00f9\" src=\"https:\/\/www.radiopiu.net\/wordpress\/puntat41\/embed\/#?secret=X8p6YLjGSb#?secret=oeuNbyK6j5\" data-secret=\"oeuNbyK6j5\" width=\"600\" height=\"338\" frameborder=\"0\" marginwidth=\"0\" marginheight=\"0\" scrolling=\"no\"><\/iframe><\/p>\n<p>&nbsp;<\/p>\n<p>&nbsp;<\/p>\n<hr \/>\n<p>&nbsp;<\/p>\n<div class=\"message spoilers-container\" dir=\"auto\">\n<h2><span style=\"color: #008080;\">GOCCE DI FILOSOFIA\u00a0\u00a0<\/span><\/h2>\n<p><strong>PUNTATA 310 &#8211; CHIARA CAU &#8211; TERZA STAGIONE<\/strong><\/p>\n<audio class=\"wp-audio-shortcode\" id=\"audio-335519-18\" preload=\"none\" style=\"width: 100%;\" controls=\"controls\"><source type=\"audio\/mpeg\" src=\"https:\/\/www.radiopiu.net\/wordpress\/wp-content\/uploads\/2023\/05\/FI5-1.mp3?_=18\" \/><a href=\"https:\/\/www.radiopiu.net\/wordpress\/wp-content\/uploads\/2023\/05\/FI5-1.mp3\">https:\/\/www.radiopiu.net\/wordpress\/wp-content\/uploads\/2023\/05\/FI5-1.mp3<\/a><\/audio>\n<p>&nbsp;<\/p>\n<\/div>\n<blockquote>\n<div class=\"message spoilers-container\" dir=\"auto\">\n<p><strong>LA RACCOLTA COMPLETA<\/strong><\/p>\n<\/div>\n<\/blockquote>\n<div class=\"message spoilers-container\" dir=\"auto\">\n<blockquote class=\"wp-embedded-content\" data-secret=\"yGcc30DJL4\"><p><a href=\"https:\/\/www.radiopiu.net\/wordpress\/gocce-filosofia\/\">Gocce di filosofia,  LA TERZA STAGIONE&#8230; 2023<\/a><\/p><\/blockquote>\n<p><iframe loading=\"lazy\" class=\"wp-embedded-content\" sandbox=\"allow-scripts\" security=\"restricted\" style=\"position: absolute; clip: rect(1px, 1px, 1px, 1px);\" title=\"&#8220;Gocce di filosofia,  LA TERZA STAGIONE&#8230; 2023&#8221; &#8212; Radio Pi\u00f9\" src=\"https:\/\/www.radiopiu.net\/wordpress\/gocce-filosofia\/embed\/#?secret=JcF7R7eL3A#?secret=yGcc30DJL4\" data-secret=\"yGcc30DJL4\" width=\"600\" height=\"338\" frameborder=\"0\" marginwidth=\"0\" marginheight=\"0\" scrolling=\"no\"><\/iframe><\/p>\n<\/div>\n<p>&nbsp;<\/p>\n<blockquote class=\"wp-embedded-content\" data-secret=\"tFU0UWjB7Q\"><p><a href=\"https:\/\/www.radiopiu.net\/wordpress\/puntata-36\/\">IL RITORNO DEL COUNTRY ALLA RADIO&#8230; IL RITORNO DI ALEX NASCINBEN<\/a><\/p><\/blockquote>\n<p><iframe loading=\"lazy\" class=\"wp-embedded-content\" sandbox=\"allow-scripts\" security=\"restricted\" style=\"position: absolute; clip: rect(1px, 1px, 1px, 1px);\" title=\"&#8220;IL RITORNO DEL COUNTRY ALLA RADIO&#8230; IL RITORNO DI ALEX NASCINBEN&#8221; &#8212; Radio Pi\u00f9\" src=\"https:\/\/www.radiopiu.net\/wordpress\/puntata-36\/embed\/#?secret=CfNlmcz0WQ#?secret=tFU0UWjB7Q\" data-secret=\"tFU0UWjB7Q\" width=\"600\" height=\"338\" frameborder=\"0\" marginwidth=\"0\" marginheight=\"0\" scrolling=\"no\"><\/iframe><\/p>\n<div class=\"message spoilers-container\" dir=\"auto\">\n<hr \/>\n<p>&nbsp;<\/p>\n<\/div>\n<div class=\"message spoilers-container\" dir=\"auto\">\n<div class=\"column\">\n<p><img loading=\"lazy\" decoding=\"async\" class=\"aligncenter wp-image-61954 size-full\" src=\"https:\/\/www.radiopiu.net\/wordpress\/wp-content\/uploads\/2018\/09\/viabilita.jpeg\" sizes=\"auto, (max-width: 800px) 100vw, 800px\" srcset=\"https:\/\/www.radiopiu.net\/wordpress\/wp-content\/uploads\/2018\/09\/viabilita.jpeg 800w, https:\/\/www.radiopiu.net\/wordpress\/wp-content\/uploads\/2018\/09\/viabilita-300x38.jpeg 300w, https:\/\/www.radiopiu.net\/wordpress\/wp-content\/uploads\/2018\/09\/viabilita-768x96.jpeg 768w\" alt=\"\" width=\"800\" height=\"100\" \/><\/p>\n<\/div>\n<\/div>\n<div class=\"message spoilers-container\" dir=\"auto\">\n<div class=\"column\">\n<p>&nbsp;<\/p>\n<\/div>\n<\/div>\n<div class=\"message spoilers-container\" dir=\"auto\">\n<div class=\"column\">\n<div dir=\"ltr\">\n<div class=\"gmail_quote\">\n<div dir=\"ltr\">\n<div class=\"gmail_quote\">\n<blockquote class=\"wp-embedded-content\" data-secret=\"0M9dv6oDMI\"><p><a href=\"https:\/\/www.radiopiu.net\/wordpress\/viabilita\/\">viabilita<\/a><\/p><\/blockquote>\n<p><iframe loading=\"lazy\" class=\"wp-embedded-content\" sandbox=\"allow-scripts\" security=\"restricted\" style=\"position: absolute; clip: rect(1px, 1px, 1px, 1px);\" title=\"&#8220;viabilita&#8221; &#8212; Radio Pi\u00f9\" src=\"https:\/\/www.radiopiu.net\/wordpress\/viabilita\/embed\/#?secret=w4uCfjtcV8#?secret=0M9dv6oDMI\" data-secret=\"0M9dv6oDMI\" width=\"600\" height=\"338\" frameborder=\"0\" marginwidth=\"0\" marginheight=\"0\" scrolling=\"no\"><\/iframe><\/p>\n<\/div>\n<\/div>\n<\/div>\n<\/div>\n<\/div>\n<\/div>\n<div class=\"message spoilers-container\" dir=\"auto\">\n<div class=\"column\">\n<div>\n<div dir=\"ltr\">\n<div class=\"gmail_quote\">\n<div dir=\"ltr\">\n<div><\/div>\n<\/div>\n<\/div>\n<\/div>\n<\/div>\n<hr \/>\n<p>&nbsp;<\/p>\n<p><a class=\"dt-pswp-item\" href=\"https:\/\/www.radiopiu.net\/wordpress\/wp-content\/uploads\/2018\/09\/WhatsApp-Image-2018-09-20-at-16.04.06.jpeg\" data-dt-img-description=\"\" data-large_image_width=\"800\" data-large_image_height=\"100\"><img loading=\"lazy\" decoding=\"async\" class=\"wp-image-61378 size-full aligncenter\" src=\"https:\/\/www.radiopiu.net\/wordpress\/wp-content\/uploads\/2018\/09\/WhatsApp-Image-2018-09-20-at-16.04.06.jpeg\" alt=\"\" width=\"800\" height=\"100\" srcset=\"https:\/\/www.radiopiu.net\/wordpress\/wp-content\/uploads\/2018\/09\/WhatsApp-Image-2018-09-20-at-16.04.06.jpeg 800w, https:\/\/www.radiopiu.net\/wordpress\/wp-content\/uploads\/2018\/09\/WhatsApp-Image-2018-09-20-at-16.04.06-300x38.jpeg 300w, https:\/\/www.radiopiu.net\/wordpress\/wp-content\/uploads\/2018\/09\/WhatsApp-Image-2018-09-20-at-16.04.06-768x96.jpeg 768w\" sizes=\"auto, (max-width: 800px) 100vw, 800px\" \/><\/a><\/p>\n<\/div>\n<\/div>\n<div class=\"message spoilers-container\" dir=\"auto\"><center><strong>\u00a0<\/strong><\/center><center><\/center><center><\/center><\/div>\n<p><center><\/center><center><b>OGGI<\/b><\/center><b>Tempo atteso: <\/b>Cielo irregolarmente nuvoloso con qualche parziale schiarita, specie al mattino e sulle Dolomiti, molti annuvolamenti sulle Prealpi, soprattutto nelle valli dove saranno possibili nubi basse nelle ore fredde. Parziali schiarite verso sera. Ambiente ancora assai umido e fresco a tutte le quote per il periodo.<br \/>\n<b>Precipitazioni: <\/b>Al mattino probabilit\u00e0 medio-bassa (25-40%), dalle ore centrali medio-alta (60\/70%) di modeste precipitazioni sparse, con locali rovesci o temporali che potrebbero interessare soprattutto la fascia prealpina nel pomeriggio; generalmente assenti verso sera.<br \/>\n<b>Temperature: <\/b>Minime in leggera flessione, massime senza variazioni di rilievo o in lieve aumento, con escursione termica giornaliera ancora modesta.<\/p>\n<hr \/>\n<p><center><b>DOMANI<\/b><\/center><b>Tempo atteso: <\/b>Al mattino iniziale variabilit\u00e0 con alternanza di nubi e di parziali tratti soleggiati e con possibili nubi basse nelle ore fredde nelle valli. Nel corso della mattinata, ma soprattutto dalle ore centrali crescente nuvolosit\u00e0 per una moderata attivit\u00e0 cumuliforme associata a possibili fenomeni da locali a sparsi Parziali schiarite verso sera.<br \/>\n<b>Precipitazioni: <\/b>Al mattino fenomeni pressoch\u00e8 assenti, al pi\u00f9 qualche locale piovasco (10%). Nel corso della mattinata, ma soprattutto dalle ore centrali crescente nuvolosit\u00e0 e della probabilit\u00e0 di precipitazioni per una moderata attivit\u00e0 cumuliforme, con possibili brevi precipitazioni (40-50%) da locali a sparse anche a carattere di rovescio o di temporale<br \/>\n<b>Temperature: <\/b>In leggera o contenuta diminuzione le minime, in aumento le massime, su valori prossimi o di qualche grado inferiori alla norma, con aumento dell&#8217;escursione termica giornaliera rispetto a sabato.<\/p>\n<hr \/>\n<p><center><b>LUNEDI<\/b><\/center>Al mattino tempo da soleggiato a parzialmente soleggiato ovunque, con possibili nubi basse in alcune valle associate eventualmente anche a foschie, specie nelle valli prealpine. Nel corso della giornata attivit\u00e0 cumuliforme irregolare, con possibili precipitazioni sparse anche a carattere di rovescio o temporale nella seconda parte della giornata; schiarite alla sera. Temperature in generale rialzo, specie le massime.<\/p>\n<hr \/>\n<p><center><b>MARTEDI<\/b><\/center>Ancora una giornata variabile, ma pi\u00f9 nuvolosa rispetto a luned\u00ec anche alla sera, con maggior rischio di fenomeni perlopi\u00f9 sparsi anche con qualche rovescio o temporale. Temperature minime in ulteriore aumento, massime in diminuzione<\/p>\n<p>&nbsp;<\/p>\n<blockquote class=\"wp-embedded-content\" data-secret=\"YEXLSJabOn\"><p><a href=\"https:\/\/www.radiopiu.net\/wordpress\/bollettino-neve-al-suolo-registrati-tra-i-5-e-i-15-cm-di-neve-fresca-sulle-cime-dolomitiche\/\">BOLLETTINO NEVE AL SUOLO. REGISTRATI TRA I 5 E I 15 CM DI NEVE FRESCA SULLE CIME DOLOMITICHE<\/a><\/p><\/blockquote>\n<p><iframe loading=\"lazy\" class=\"wp-embedded-content\" sandbox=\"allow-scripts\" security=\"restricted\" style=\"position: absolute; clip: rect(1px, 1px, 1px, 1px);\" title=\"&#8220;BOLLETTINO NEVE AL SUOLO. REGISTRATI TRA I 5 E I 15 CM DI NEVE FRESCA SULLE CIME DOLOMITICHE&#8221; &#8212; Radio Pi\u00f9\" src=\"https:\/\/www.radiopiu.net\/wordpress\/bollettino-neve-al-suolo-registrati-tra-i-5-e-i-15-cm-di-neve-fresca-sulle-cime-dolomitiche\/embed\/#?secret=tiV1uqoYTt#?secret=YEXLSJabOn\" data-secret=\"YEXLSJabOn\" width=\"600\" height=\"338\" frameborder=\"0\" marginwidth=\"0\" marginheight=\"0\" scrolling=\"no\"><\/iframe><\/p>\n<p>&nbsp;<\/p>\n<\/div>\n<div class=\"message spoilers-container\" dir=\"auto\">\n<hr \/>\n<p>&nbsp;<\/p>\n<p><a class=\"dt-pswp-item\" href=\"https:\/\/www.radiopiu.net\/wordpress\/wp-content\/uploads\/2018\/09\/sport.jpg\" data-dt-img-description=\"\" data-large_image_width=\"800\" data-large_image_height=\"100\"><img loading=\"lazy\" decoding=\"async\" class=\"aligncenter wp-image-60761 size-full\" src=\"https:\/\/www.radiopiu.net\/wordpress\/wp-content\/uploads\/2018\/09\/sport.jpg\" alt=\"\" width=\"800\" height=\"100\" srcset=\"https:\/\/www.radiopiu.net\/wordpress\/wp-content\/uploads\/2018\/09\/sport.jpg 800w, https:\/\/www.radiopiu.net\/wordpress\/wp-content\/uploads\/2018\/09\/sport-300x38.jpg 300w, https:\/\/www.radiopiu.net\/wordpress\/wp-content\/uploads\/2018\/09\/sport-768x96.jpg 768w\" sizes=\"auto, (max-width: 800px) 100vw, 800px\" \/><\/a><\/p>\n<\/div>\n<div class=\"message spoilers-container\" dir=\"auto\">\n<p>&nbsp;<\/p>\n<p><span style=\"color: #0000ff;\"><strong>CALCIO<\/strong><\/span><\/p>\n<blockquote>\n<h3>STASERA LA PRESENTAZIONE DEL CALENDARIO UFFICALE DEL CAMPIONATO AGORDINO 2023<\/h3>\n<\/blockquote>\n<p><strong><a class=\"dt-pswp-item\" href=\"https:\/\/www.radiopiu.net\/wordpress\/wp-content\/uploads\/2022\/11\/CALCIO-2022.jpg\" data-dt-img-description=\"\" data-large_image_width=\"1920\" data-large_image_height=\"1280\"><img loading=\"lazy\" decoding=\"async\" class=\" wp-image-305390 alignleft\" src=\"https:\/\/www.radiopiu.net\/wordpress\/wp-content\/uploads\/2022\/11\/CALCIO-2022-300x200.jpg\" alt=\"\" width=\"161\" height=\"107\" srcset=\"https:\/\/www.radiopiu.net\/wordpress\/wp-content\/uploads\/2022\/11\/CALCIO-2022-300x200.jpg 300w, https:\/\/www.radiopiu.net\/wordpress\/wp-content\/uploads\/2022\/11\/CALCIO-2022-1024x683.jpg 1024w, https:\/\/www.radiopiu.net\/wordpress\/wp-content\/uploads\/2022\/11\/CALCIO-2022-768x512.jpg 768w, https:\/\/www.radiopiu.net\/wordpress\/wp-content\/uploads\/2022\/11\/CALCIO-2022-1536x1024.jpg 1536w, https:\/\/www.radiopiu.net\/wordpress\/wp-content\/uploads\/2022\/11\/CALCIO-2022.jpg 1920w\" sizes=\"auto, (max-width: 161px) 100vw, 161px\" \/><\/a>di Marco Gaz<\/strong><\/p>\n<p><strong>AGORDO<\/strong> Tutto pronto al Caff\u00e8 Miniere di Agordo per la presentazione del calendario del Campionato Agordino di Calcio 2023. Il Memorial Attilio Moretti inizier\u00e0 il 4 giugno con le prime partite della stagione regolare. Dopo la presentazione e l&#8217;estrazione dei gironi sotto al tendone della Sagra de Pasca, ora tocca all&#8217;ultimo tassello prima del fischio d&#8217;inizio della manifestazione. In Piazza Libert\u00e0 ad Agordo saranno presenti tutte le squadre iscritte al torneo che scopriranno quali sono le varie partite in cui si cimenteranno sui campi della vallata. Nell&#8217;occasione verr\u00e0 presentato il manifesto ufficiale, il calendario tascabile e la mascotte del Campionato Agordino il cui compito delle squadre sar\u00e0 quello di darle un nome ufficiale. La serata sar\u00e0 curata da Marco Gaz e Andrea Baldassi e trasmessa in diretta su Radio Pi\u00f9, radio ufficiale del Campionato Agordino, a partire dalle 20:30.<\/p>\n<p><strong>ANDREA BALDASSI, COMITATO CALCIO AGORDINO<\/strong><\/p>\n<audio class=\"wp-audio-shortcode\" id=\"audio-335519-19\" preload=\"none\" style=\"width: 100%;\" controls=\"controls\"><source type=\"audio\/mpeg\" src=\"https:\/\/www.radiopiu.net\/wordpress\/wp-content\/uploads\/2023\/05\/BALDASSI-MINIERE.mp3?_=19\" \/><a href=\"https:\/\/www.radiopiu.net\/wordpress\/wp-content\/uploads\/2023\/05\/BALDASSI-MINIERE.mp3\">https:\/\/www.radiopiu.net\/wordpress\/wp-content\/uploads\/2023\/05\/BALDASSI-MINIERE.mp3<\/a><\/audio>\n<p>&nbsp;<\/p>\n<blockquote>\n<h3>L&#8217;AGORDINA RICORDA ENRICO PIZZONI E ATTILIO MORETTI CON DUE TORNEI DEDICATI AI GIOVANI<\/h3>\n<\/blockquote>\n<p><strong><a class=\"dt-pswp-item\" href=\"https:\/\/www.radiopiu.net\/wordpress\/wp-content\/uploads\/2019\/09\/AGORDINA-CALCIO.jpeg\" data-dt-img-description=\"\" data-large_image_width=\"225\" data-large_image_height=\"225\"><img loading=\"lazy\" decoding=\"async\" class=\" wp-image-97575 alignleft\" src=\"https:\/\/www.radiopiu.net\/wordpress\/wp-content\/uploads\/2019\/09\/AGORDINA-CALCIO.jpeg\" alt=\"\" width=\"153\" height=\"153\" srcset=\"https:\/\/www.radiopiu.net\/wordpress\/wp-content\/uploads\/2019\/09\/AGORDINA-CALCIO.jpeg 225w, https:\/\/www.radiopiu.net\/wordpress\/wp-content\/uploads\/2019\/09\/AGORDINA-CALCIO-150x150.jpeg 150w\" sizes=\"auto, (max-width: 153px) 100vw, 153px\" \/><\/a>di Marco Gaz<\/strong><\/p>\n<p><strong>AGORDO<\/strong> Sar\u00e0 un fine settimana impegnativo quello del 20 e 21 maggio per l&#8217;Agordina Calcio. La societ\u00e0 capitanata da Cosmo Forcella ha organizzato due tornei dedicati al calcio giovanile. Si inizia sabato 20 maggio con il Memorial Enrico Pizzoni, un torneo di calcio dedicato alla categoria Esordienti Misti nati tra il 2010 e il 2011. Il giorno dopo, domenica 21 maggio, sar\u00e0 la volta del Memorial Attilio Moretti, dove si dar\u00e0 spazio ai giocatori pi\u00f9 giovani. Infatti si cimenteranno all&#8217;Ivano Dorigo i Pulcini Misti nati tra il 2012 e il 2013. Due giornate di sport per ricordare due figure che hanno dato molto all&#8217;Agordina Calcio.<\/p>\n<p>&nbsp;<\/p>\n<p>&nbsp;<\/p>\n<hr \/>\n<p>&nbsp;<\/p>\n<h2><span style=\"color: #008000;\">DEDICHE E RICHIESTE<\/span><\/h2>\n<blockquote>\n<h3>MANUELA BULF E LA SUA ESPERIENZA NELLA MEZZA MARATONA DI BIBIONE<\/h3>\n<\/blockquote>\n<p><strong><a class=\"dt-pswp-item\" href=\"https:\/\/www.radiopiu.net\/wordpress\/wp-content\/uploads\/2023\/05\/MANUELA-BULF.jpeg\" data-dt-img-description=\"\" data-large_image_width=\"1120\" data-large_image_height=\"850\"><img loading=\"lazy\" decoding=\"async\" class=\" wp-image-334710 alignleft\" src=\"https:\/\/www.radiopiu.net\/wordpress\/wp-content\/uploads\/2023\/05\/MANUELA-BULF-300x228.jpeg\" alt=\"\" width=\"149\" height=\"113\" srcset=\"https:\/\/www.radiopiu.net\/wordpress\/wp-content\/uploads\/2023\/05\/MANUELA-BULF-300x228.jpeg 300w, https:\/\/www.radiopiu.net\/wordpress\/wp-content\/uploads\/2023\/05\/MANUELA-BULF-1024x777.jpeg 1024w, https:\/\/www.radiopiu.net\/wordpress\/wp-content\/uploads\/2023\/05\/MANUELA-BULF-768x583.jpeg 768w, https:\/\/www.radiopiu.net\/wordpress\/wp-content\/uploads\/2023\/05\/MANUELA-BULF.jpeg 1120w\" sizes=\"auto, (max-width: 149px) 100vw, 149px\" \/><\/a>REDAZIONE<\/strong> Continuano gli ottimi risultati di Manuel Bulf che, dopo essersi impadronita del titolo di Campionessa Italiana di corsa campestre CSI, sta facendo degli ottimi risultati anche nelle lunghe distanze. Ultima impresa la vittoria nella mezza maratona di Bibione. Manuela si fa in tre tra sport, lavoro e famiglia. Ogni giorno si allena e in base alle giornate corre per 10 o 20 km.<\/p>\n<p><strong>MANUELA BULF<\/strong><\/p>\n<audio class=\"wp-audio-shortcode\" id=\"audio-335519-20\" preload=\"none\" style=\"width: 100%;\" controls=\"controls\"><source type=\"audio\/mpeg\" src=\"https:\/\/www.radiopiu.net\/wordpress\/wp-content\/uploads\/2023\/05\/DEDICHE-MANUELA-BULF.mp3?_=20\" \/><a href=\"https:\/\/www.radiopiu.net\/wordpress\/wp-content\/uploads\/2023\/05\/DEDICHE-MANUELA-BULF.mp3\">https:\/\/www.radiopiu.net\/wordpress\/wp-content\/uploads\/2023\/05\/DEDICHE-MANUELA-BULF.mp3<\/a><\/audio>\n<p>&nbsp;<\/p>\n<blockquote>\n<h3>YURI PARISSENTI TRA AGORDINA E GS FRASSENE&#8217;<\/h3>\n<\/blockquote>\n<p><strong><a class=\"dt-pswp-item\" href=\"https:\/\/www.radiopiu.net\/wordpress\/wp-content\/uploads\/2019\/09\/AGORDINA-CALCIO.jpeg\" data-dt-img-description=\"\" data-large_image_width=\"225\" data-large_image_height=\"225\"><img loading=\"lazy\" decoding=\"async\" class=\" wp-image-97575 alignleft\" src=\"https:\/\/www.radiopiu.net\/wordpress\/wp-content\/uploads\/2019\/09\/AGORDINA-CALCIO.jpeg\" alt=\"\" width=\"104\" height=\"104\" srcset=\"https:\/\/www.radiopiu.net\/wordpress\/wp-content\/uploads\/2019\/09\/AGORDINA-CALCIO.jpeg 225w, https:\/\/www.radiopiu.net\/wordpress\/wp-content\/uploads\/2019\/09\/AGORDINA-CALCIO-150x150.jpeg 150w\" sizes=\"auto, (max-width: 104px) 100vw, 104px\" \/><\/a>REDAZIONE<\/strong> Tra gli ospiti dell&#8217;ultima puntata di Dediche e Richieste abbiamo avuto Yuri Parissenti. Yuri ha seguito per tutta la stagione l&#8217;Agordina Calcio raccontando all&#8217;interno di Domenica Pi\u00f9 Sport le imprese della squadra di Agordo. Un campionato che non \u00e8 andato nel migliore dei modi con gli agordini costretti a giocarsi i playout di Seconda Categoria contro il Gemelle ma che sono riusciti a superare con una grande impresa a Trichiana. Yuri \u00e8 anche presidente del GS Frassen\u00e8 che lo scorso anno ha compiuto 100 anni. I festeggiamenti continueranno anche quest&#8217;anno con alcuni eventi in programma.<\/p>\n<p><strong>YURI PARISSENTI<\/strong><\/p>\n<audio class=\"wp-audio-shortcode\" id=\"audio-335519-21\" preload=\"none\" style=\"width: 100%;\" controls=\"controls\"><source type=\"audio\/mpeg\" src=\"https:\/\/www.radiopiu.net\/wordpress\/wp-content\/uploads\/2023\/05\/DEDICHE-YURI-PARISSENTI.mp3?_=21\" \/><a href=\"https:\/\/www.radiopiu.net\/wordpress\/wp-content\/uploads\/2023\/05\/DEDICHE-YURI-PARISSENTI.mp3\">https:\/\/www.radiopiu.net\/wordpress\/wp-content\/uploads\/2023\/05\/DEDICHE-YURI-PARISSENTI.mp3<\/a><\/audio>\n<p>&nbsp;<\/p>\n<blockquote>\n<h3>STEFANIA E LA SUA PASSIONE PER BONO VOX<\/h3>\n<\/blockquote>\n<p><strong><a class=\"dt-pswp-item\" href=\"https:\/\/www.radiopiu.net\/wordpress\/wp-content\/uploads\/2022\/05\/b385cf17-8354-4498-a771-3d82c1fc9486.jpg\" data-dt-img-description=\"\" data-large_image_width=\"1600\" data-large_image_height=\"1200\"><img loading=\"lazy\" decoding=\"async\" class=\" wp-image-335231 alignleft\" src=\"https:\/\/www.radiopiu.net\/wordpress\/wp-content\/uploads\/2022\/05\/b385cf17-8354-4498-a771-3d82c1fc9486-300x225.jpg\" alt=\"\" width=\"133\" height=\"100\" srcset=\"https:\/\/www.radiopiu.net\/wordpress\/wp-content\/uploads\/2022\/05\/b385cf17-8354-4498-a771-3d82c1fc9486-300x225.jpg 300w, https:\/\/www.radiopiu.net\/wordpress\/wp-content\/uploads\/2022\/05\/b385cf17-8354-4498-a771-3d82c1fc9486-1024x768.jpg 1024w, https:\/\/www.radiopiu.net\/wordpress\/wp-content\/uploads\/2022\/05\/b385cf17-8354-4498-a771-3d82c1fc9486-768x576.jpg 768w, https:\/\/www.radiopiu.net\/wordpress\/wp-content\/uploads\/2022\/05\/b385cf17-8354-4498-a771-3d82c1fc9486-1536x1152.jpg 1536w, https:\/\/www.radiopiu.net\/wordpress\/wp-content\/uploads\/2022\/05\/b385cf17-8354-4498-a771-3d82c1fc9486.jpg 1600w\" sizes=\"auto, (max-width: 133px) 100vw, 133px\" \/><\/a>REDAZIONE <\/strong>Stefania \u00e8 una fan degli U2 e pi\u00f9 precisamente del frontman Bono Vox. Ogni 10 maggio si fa fare una torta dal suo pasticciere di fiducia, Cristiano Gaggion di Bastia D&#8217;Alpago,\u00a0 per festeggiare il suo idolo nel giorno del compleanno del cantante irlandese. Stefania ha mandato la foto della torta per informarci del compleanno di Bono e in automatico \u00e8 stata ospite di dediche e richieste dove ci ha fatto capire che \u00e8 una vera fan degli U2. Chiss\u00e0 che la notizia che abbiamo pubblicato non arrivi veramente a Bono e che un giorno non ci sia l&#8217;occasione per farli incontrare&#8230;.<strong><br \/>\n<\/strong><\/p>\n<p><strong>STEFANIA<\/strong><\/p>\n<audio class=\"wp-audio-shortcode\" id=\"audio-335519-22\" preload=\"none\" style=\"width: 100%;\" controls=\"controls\"><source type=\"audio\/mpeg\" src=\"https:\/\/www.radiopiu.net\/wordpress\/wp-content\/uploads\/2023\/05\/DEDICHE-STEFANIA.mp3?_=22\" \/><a href=\"https:\/\/www.radiopiu.net\/wordpress\/wp-content\/uploads\/2023\/05\/DEDICHE-STEFANIA.mp3\">https:\/\/www.radiopiu.net\/wordpress\/wp-content\/uploads\/2023\/05\/DEDICHE-STEFANIA.mp3<\/a><\/audio>\n<p>&nbsp;<\/p>\n<\/div>\n<\/div>\n<\/div>\n<\/div>\n<\/div>\n<\/div>\n<\/div>\n","protected":false},"excerpt":{"rendered":"<p>ISCRIVITI AL NOSTRO CANALE\u00a0 YOUTUBE PER SEGUIRE IN DIRETTA I PRINCIPALI PROGRAMMI DI RADIO PIU&#8217; E LE FUTURE DIRETTE IN ESTERNA. PER ISCRIVERTI CLICCA QUI E PREMI\u00a0 &#8220;Iscriviti&#8221;\u00a0 \u00a0 \u00a0\u00a0 &nbsp; &nbsp; ASPETTANDO I GIORNI IN ROSA, ECCO L&#8217;AUTO BRANDIZZATA DOLOMITI BELLUNESI, SEGUIRA&#8217; LA CAROVANA GRAZIE ALLA SINERGIA PROVINCIA_CONSORZIO BIM PIAVE_DMO DOLOMITI BELLUNESI &nbsp; A&hellip;<\/p>\n","protected":false},"author":4,"featured_media":335584,"comment_status":"closed","ping_status":"closed","sticky":false,"template":"","format":"standard","meta":{"_monsterinsights_skip_tracking":false,"_monsterinsights_sitenote_active":false,"_monsterinsights_sitenote_note":"","_monsterinsights_sitenote_category":0,"footnotes":""},"categories":[51,86,49],"tags":[],"class_list":["post-335519","post","type-post","status-publish","format-standard","has-post-thumbnail","hentry","category-evidenza-top","category-gr","category-news-18","category-51","category-86","category-49","description-off"],"img_url":"https:\/\/www.radiopiu.net\/wordpress\/wp-content\/uploads\/2023\/05\/db-carovana-3.jpeg","_links":{"self":[{"href":"https:\/\/www.radiopiu.net\/wordpress\/wp-json\/wp\/v2\/posts\/335519","targetHints":{"allow":["GET"]}}],"collection":[{"href":"https:\/\/www.radiopiu.net\/wordpress\/wp-json\/wp\/v2\/posts"}],"about":[{"href":"https:\/\/www.radiopiu.net\/wordpress\/wp-json\/wp\/v2\/types\/post"}],"author":[{"embeddable":true,"href":"https:\/\/www.radiopiu.net\/wordpress\/wp-json\/wp\/v2\/users\/4"}],"replies":[{"embeddable":true,"href":"https:\/\/www.radiopiu.net\/wordpress\/wp-json\/wp\/v2\/comments?post=335519"}],"version-history":[{"count":0,"href":"https:\/\/www.radiopiu.net\/wordpress\/wp-json\/wp\/v2\/posts\/335519\/revisions"}],"wp:featuredmedia":[{"embeddable":true,"href":"https:\/\/www.radiopiu.net\/wordpress\/wp-json\/wp\/v2\/media\/335584"}],"wp:attachment":[{"href":"https:\/\/www.radiopiu.net\/wordpress\/wp-json\/wp\/v2\/media?parent=335519"}],"wp:term":[{"taxonomy":"category","embeddable":true,"href":"https:\/\/www.radiopiu.net\/wordpress\/wp-json\/wp\/v2\/categories?post=335519"},{"taxonomy":"post_tag","embeddable":true,"href":"https:\/\/www.radiopiu.net\/wordpress\/wp-json\/wp\/v2\/tags?post=335519"}],"curies":[{"name":"wp","href":"https:\/\/api.w.org\/{rel}","templated":true}]}}