{"id":335533,"date":"2023-05-12T23:59:01","date_gmt":"2023-05-12T21:59:01","guid":{"rendered":"https:\/\/www.radiopiu.net\/wordpress\/?p=335533"},"modified":"2023-05-13T06:50:16","modified_gmt":"2023-05-13T04:50:16","slug":"stasera-la-presentazione-del-calendario-ufficale-del-campionato-agordino-2023","status":"publish","type":"post","link":"https:\/\/www.radiopiu.net\/wordpress\/stasera-la-presentazione-del-calendario-ufficale-del-campionato-agordino-2023\/","title":{"rendered":"STASERA LA PRESENTAZIONE DEL CALENDARIO UFFICALE DEL CAMPIONATO AGORDINO 2023"},"content":{"rendered":"<p><strong><a class=\"dt-pswp-item\" href=\"https:\/\/www.radiopiu.net\/wordpress\/wp-content\/uploads\/2022\/11\/CALCIO-2022.jpg\" data-dt-img-description=\"\" data-large_image_width=\"1920\" data-large_image_height=\"1280\"><img loading=\"lazy\" decoding=\"async\" class=\" wp-image-305390 alignleft\" src=\"https:\/\/www.radiopiu.net\/wordpress\/wp-content\/uploads\/2022\/11\/CALCIO-2022-300x200.jpg\" alt=\"\" width=\"161\" height=\"107\" srcset=\"https:\/\/www.radiopiu.net\/wordpress\/wp-content\/uploads\/2022\/11\/CALCIO-2022-300x200.jpg 300w, https:\/\/www.radiopiu.net\/wordpress\/wp-content\/uploads\/2022\/11\/CALCIO-2022-1024x683.jpg 1024w, https:\/\/www.radiopiu.net\/wordpress\/wp-content\/uploads\/2022\/11\/CALCIO-2022-768x512.jpg 768w, https:\/\/www.radiopiu.net\/wordpress\/wp-content\/uploads\/2022\/11\/CALCIO-2022-1536x1024.jpg 1536w, https:\/\/www.radiopiu.net\/wordpress\/wp-content\/uploads\/2022\/11\/CALCIO-2022.jpg 1920w\" sizes=\"auto, (max-width: 161px) 100vw, 161px\" \/><\/a>di Marco Gaz<\/strong><\/p>\n<p><strong>AGORDO<\/strong> Tutto pronto al Caff\u00e8 Miniere di Agordo per la presentazione del calendario del Campionato Agordino di Calcio 2023. Il Memorial Attilio Moretti inizier\u00e0 il 4 giugno con le prime partite della stagione regolare. Dopo la presentazione e l&#8217;estrazione dei gironi sotto al tendone della Sagra de Pasca, ora tocca all&#8217;ultimo tassello prima del fischio d&#8217;inizio della manifestazione. In Piazza Libert\u00e0 ad Agordo saranno presenti tutte le squadre iscritte al torneo che scopriranno quali sono le varie partite in cui si cimenteranno sui campi della vallata. Nell&#8217;occasione verr\u00e0 presentato il manifesto ufficiale, il calendario tascabile e la mascotte del Campionato Agordino il cui compito delle squadre sar\u00e0 quello di darle un nome ufficiale. La serata sar\u00e0 curata da Marco Gaz e Andrea Baldassi e trasmessa in diretta su Radio Pi\u00f9, radio ufficiale del Campionato Agordino, a partire dalle 20:30.<\/p>\n<p><strong>ANDREA BALDASSI, COMITATO CALCIO AGORDINO<\/strong><\/p>\n<audio class=\"wp-audio-shortcode\" id=\"audio-335533-1\" preload=\"none\" style=\"width: 100%;\" controls=\"controls\"><source type=\"audio\/mpeg\" src=\"https:\/\/www.radiopiu.net\/wordpress\/wp-content\/uploads\/2023\/05\/BALDASSI-MINIERE.mp3?_=1\" \/><a href=\"https:\/\/www.radiopiu.net\/wordpress\/wp-content\/uploads\/2023\/05\/BALDASSI-MINIERE.mp3\">https:\/\/www.radiopiu.net\/wordpress\/wp-content\/uploads\/2023\/05\/BALDASSI-MINIERE.mp3<\/a><\/audio>\n<p>&nbsp;<\/p>\n<p>&nbsp;<\/p>\n<p>*****<\/p>\n","protected":false},"excerpt":{"rendered":"<p>di Marco Gaz AGORDO Tutto pronto al Caff\u00e8 Miniere di Agordo per la presentazione del calendario del Campionato Agordino di Calcio 2023. Il Memorial Attilio Moretti inizier\u00e0 il 4 giugno con le prime partite della stagione regolare. Dopo la presentazione e l&#8217;estrazione dei gironi sotto al tendone della Sagra de Pasca, ora tocca all&#8217;ultimo tassello&hellip;<\/p>\n","protected":false},"author":4,"featured_media":265514,"comment_status":"closed","ping_status":"closed","sticky":false,"template":"","format":"standard","meta":{"_monsterinsights_skip_tracking":false,"_monsterinsights_sitenote_active":false,"_monsterinsights_sitenote_note":"","_monsterinsights_sitenote_category":0,"footnotes":""},"categories":[51,49],"tags":[],"class_list":["post-335533","post","type-post","status-publish","format-standard","has-post-thumbnail","hentry","category-evidenza-top","category-news-18","category-51","category-49","description-off"],"img_url":"https:\/\/www.radiopiu.net\/wordpress\/wp-content\/uploads\/2022\/03\/CALCIO-2022.jpg","_links":{"self":[{"href":"https:\/\/www.radiopiu.net\/wordpress\/wp-json\/wp\/v2\/posts\/335533","targetHints":{"allow":["GET"]}}],"collection":[{"href":"https:\/\/www.radiopiu.net\/wordpress\/wp-json\/wp\/v2\/posts"}],"about":[{"href":"https:\/\/www.radiopiu.net\/wordpress\/wp-json\/wp\/v2\/types\/post"}],"author":[{"embeddable":true,"href":"https:\/\/www.radiopiu.net\/wordpress\/wp-json\/wp\/v2\/users\/4"}],"replies":[{"embeddable":true,"href":"https:\/\/www.radiopiu.net\/wordpress\/wp-json\/wp\/v2\/comments?post=335533"}],"version-history":[{"count":0,"href":"https:\/\/www.radiopiu.net\/wordpress\/wp-json\/wp\/v2\/posts\/335533\/revisions"}],"wp:featuredmedia":[{"embeddable":true,"href":"https:\/\/www.radiopiu.net\/wordpress\/wp-json\/wp\/v2\/media\/265514"}],"wp:attachment":[{"href":"https:\/\/www.radiopiu.net\/wordpress\/wp-json\/wp\/v2\/media?parent=335533"}],"wp:term":[{"taxonomy":"category","embeddable":true,"href":"https:\/\/www.radiopiu.net\/wordpress\/wp-json\/wp\/v2\/categories?post=335533"},{"taxonomy":"post_tag","embeddable":true,"href":"https:\/\/www.radiopiu.net\/wordpress\/wp-json\/wp\/v2\/tags?post=335533"}],"curies":[{"name":"wp","href":"https:\/\/api.w.org\/{rel}","templated":true}]}}