{"id":335537,"date":"2023-05-12T10:28:26","date_gmt":"2023-05-12T08:28:26","guid":{"rendered":"https:\/\/www.radiopiu.net\/wordpress\/?p=335537"},"modified":"2023-05-13T06:51:02","modified_gmt":"2023-05-13T04:51:02","slug":"lagordina-ricorda-enrico-pizzoni-e-attilio-moretti-con-due-tornei-dedicati-ai-giovani","status":"publish","type":"post","link":"https:\/\/www.radiopiu.net\/wordpress\/lagordina-ricorda-enrico-pizzoni-e-attilio-moretti-con-due-tornei-dedicati-ai-giovani\/","title":{"rendered":"L&#8217;AGORDINA RICORDA ENRICO PIZZONI E ATTILIO MORETTI CON DUE TORNEI DEDICATI AI GIOVANI"},"content":{"rendered":"<p><strong><a class=\"dt-pswp-item\" href=\"https:\/\/www.radiopiu.net\/wordpress\/wp-content\/uploads\/2019\/09\/AGORDINA-CALCIO.jpeg\" data-dt-img-description=\"\" data-large_image_width=\"225\" data-large_image_height=\"225\"><img loading=\"lazy\" decoding=\"async\" class=\" wp-image-97575 alignleft\" src=\"https:\/\/www.radiopiu.net\/wordpress\/wp-content\/uploads\/2019\/09\/AGORDINA-CALCIO.jpeg\" alt=\"\" width=\"153\" height=\"153\" srcset=\"https:\/\/www.radiopiu.net\/wordpress\/wp-content\/uploads\/2019\/09\/AGORDINA-CALCIO.jpeg 225w, https:\/\/www.radiopiu.net\/wordpress\/wp-content\/uploads\/2019\/09\/AGORDINA-CALCIO-150x150.jpeg 150w\" sizes=\"auto, (max-width: 153px) 100vw, 153px\" \/><\/a>di Marco Gaz<\/strong><\/p>\n<p><strong>AGORDO<\/strong> Sar\u00e0 un fine settimana impegnativo quello del 20 e 21 maggio per l&#8217;Agordina Calcio. La societ\u00e0 capitanata da Cosmo Forcella ha organizzato due tornei dedicati al calcio giovanile. Si inizia sabato 20 maggio con il Memorial Enrico Pizzoni, un torneo di calcio dedicato alla categoria Esordienti Misti nati tra il 2010 e il 2011. Il giorno dopo, domenica 21 maggio, sar\u00e0 la volta del Memorial Attilio Moretti, dove si dar\u00e0 spazio ai giocatori pi\u00f9 giovani. Infatti si cimenteranno all&#8217;Ivano Dorigo i Pulcini Misti nati tra il 2012 e il 2013. Due giornate di sport per ricordare due figure che hanno dato molto all&#8217;Agordina Calcio.<\/p>\n<p>&nbsp;<\/p>\n<p>&nbsp;<\/p>\n<p>******<\/p>\n","protected":false},"excerpt":{"rendered":"<p>di Marco Gaz AGORDO Sar\u00e0 un fine settimana impegnativo quello del 20 e 21 maggio per l&#8217;Agordina Calcio. La societ\u00e0 capitanata da Cosmo Forcella ha organizzato due tornei dedicati al calcio giovanile. Si inizia sabato 20 maggio con il Memorial Enrico Pizzoni, un torneo di calcio dedicato alla categoria Esordienti Misti nati tra il 2010&hellip;<\/p>\n","protected":false},"author":4,"featured_media":97575,"comment_status":"closed","ping_status":"closed","sticky":false,"template":"","format":"standard","meta":{"_monsterinsights_skip_tracking":false,"_monsterinsights_sitenote_active":false,"_monsterinsights_sitenote_note":"","_monsterinsights_sitenote_category":0,"footnotes":""},"categories":[104,49],"tags":[],"class_list":["post-335537","post","type-post","status-publish","format-standard","has-post-thumbnail","hentry","category-evidenza_3","category-news-18","category-104","category-49","description-off"],"img_url":"https:\/\/www.radiopiu.net\/wordpress\/wp-content\/uploads\/2019\/09\/AGORDINA-CALCIO.jpeg","_links":{"self":[{"href":"https:\/\/www.radiopiu.net\/wordpress\/wp-json\/wp\/v2\/posts\/335537","targetHints":{"allow":["GET"]}}],"collection":[{"href":"https:\/\/www.radiopiu.net\/wordpress\/wp-json\/wp\/v2\/posts"}],"about":[{"href":"https:\/\/www.radiopiu.net\/wordpress\/wp-json\/wp\/v2\/types\/post"}],"author":[{"embeddable":true,"href":"https:\/\/www.radiopiu.net\/wordpress\/wp-json\/wp\/v2\/users\/4"}],"replies":[{"embeddable":true,"href":"https:\/\/www.radiopiu.net\/wordpress\/wp-json\/wp\/v2\/comments?post=335537"}],"version-history":[{"count":0,"href":"https:\/\/www.radiopiu.net\/wordpress\/wp-json\/wp\/v2\/posts\/335537\/revisions"}],"wp:featuredmedia":[{"embeddable":true,"href":"https:\/\/www.radiopiu.net\/wordpress\/wp-json\/wp\/v2\/media\/97575"}],"wp:attachment":[{"href":"https:\/\/www.radiopiu.net\/wordpress\/wp-json\/wp\/v2\/media?parent=335537"}],"wp:term":[{"taxonomy":"category","embeddable":true,"href":"https:\/\/www.radiopiu.net\/wordpress\/wp-json\/wp\/v2\/categories?post=335537"},{"taxonomy":"post_tag","embeddable":true,"href":"https:\/\/www.radiopiu.net\/wordpress\/wp-json\/wp\/v2\/tags?post=335537"}],"curies":[{"name":"wp","href":"https:\/\/api.w.org\/{rel}","templated":true}]}}