{"id":335557,"date":"2023-05-12T12:38:59","date_gmt":"2023-05-12T10:38:59","guid":{"rendered":"https:\/\/www.radiopiu.net\/wordpress\/?p=335557"},"modified":"2023-05-13T06:50:55","modified_gmt":"2023-05-13T04:50:55","slug":"eva-olivier-e-figlio-ospiti-di-storytime-su-radio-canale-italia","status":"publish","type":"post","link":"https:\/\/www.radiopiu.net\/wordpress\/eva-olivier-e-figlio-ospiti-di-storytime-su-radio-canale-italia\/","title":{"rendered":"EVA OLIVIER E FIGLIO OSPITI DI STORYTIME SU RADIO CANALE ITALIA"},"content":{"rendered":"<p><strong><a class=\"dt-pswp-item\" href=\"https:\/\/www.radiopiu.net\/wordpress\/wp-content\/uploads\/2023\/05\/346625054_624930006167661_6439057031111449451_n.jpg\" data-dt-img-description=\"\" data-large_image_width=\"960\" data-large_image_height=\"652\"><img loading=\"lazy\" decoding=\"async\" class=\" wp-image-335558 alignleft\" src=\"https:\/\/www.radiopiu.net\/wordpress\/wp-content\/uploads\/2023\/05\/346625054_624930006167661_6439057031111449451_n-300x204.jpg\" alt=\"\" width=\"160\" height=\"109\" srcset=\"https:\/\/www.radiopiu.net\/wordpress\/wp-content\/uploads\/2023\/05\/346625054_624930006167661_6439057031111449451_n-300x204.jpg 300w, https:\/\/www.radiopiu.net\/wordpress\/wp-content\/uploads\/2023\/05\/346625054_624930006167661_6439057031111449451_n-768x522.jpg 768w, https:\/\/www.radiopiu.net\/wordpress\/wp-content\/uploads\/2023\/05\/346625054_624930006167661_6439057031111449451_n.jpg 960w\" sizes=\"auto, (max-width: 160px) 100vw, 160px\" \/><\/a>REDAZIONE<\/strong> Sono stati ospiti di Radio Canale Italia nel programma StoryTime. Stiamo parlando di Eva Olivier e il figlio Fausto che hanno avuto la possibilit\u00e0 di cimentarsi davanti ai microfoni per parlare anche del Ristorante Da Carla a Rif di Agordo. Su Facebook Eva ha pubblicato la sua soddisfazione. &#8220;Esperienza super, mi sono resa conto di quanto mio figlio tenga al nostro ristorante. Faremo tante cose assieme. Il bello \u00e8 che alla domanda se avevo mai auto un&#8217;esperienza in radio ho nominato Radio Pi\u00f9 e anche loro conoscono Mirko di Radio Pi\u00f9&#8221;<\/p>\n<p>&nbsp;<\/p>\n<p>&nbsp;<\/p>\n<p>*******<\/p>\n","protected":false},"excerpt":{"rendered":"<p>REDAZIONE Sono stati ospiti di Radio Canale Italia nel programma StoryTime. Stiamo parlando di Eva Olivier e il figlio Fausto che hanno avuto la possibilit\u00e0 di cimentarsi davanti ai microfoni per parlare anche del Ristorante Da Carla a Rif di Agordo. Su Facebook Eva ha pubblicato la sua soddisfazione. &#8220;Esperienza super, mi sono resa conto&hellip;<\/p>\n","protected":false},"author":4,"featured_media":335558,"comment_status":"closed","ping_status":"closed","sticky":false,"template":"","format":"standard","meta":{"_monsterinsights_skip_tracking":false,"_monsterinsights_sitenote_active":false,"_monsterinsights_sitenote_note":"","_monsterinsights_sitenote_category":0,"footnotes":""},"categories":[104,49],"tags":[],"class_list":["post-335557","post","type-post","status-publish","format-standard","has-post-thumbnail","hentry","category-evidenza_3","category-news-18","category-104","category-49","description-off"],"img_url":"https:\/\/www.radiopiu.net\/wordpress\/wp-content\/uploads\/2023\/05\/346625054_624930006167661_6439057031111449451_n.jpg","_links":{"self":[{"href":"https:\/\/www.radiopiu.net\/wordpress\/wp-json\/wp\/v2\/posts\/335557","targetHints":{"allow":["GET"]}}],"collection":[{"href":"https:\/\/www.radiopiu.net\/wordpress\/wp-json\/wp\/v2\/posts"}],"about":[{"href":"https:\/\/www.radiopiu.net\/wordpress\/wp-json\/wp\/v2\/types\/post"}],"author":[{"embeddable":true,"href":"https:\/\/www.radiopiu.net\/wordpress\/wp-json\/wp\/v2\/users\/4"}],"replies":[{"embeddable":true,"href":"https:\/\/www.radiopiu.net\/wordpress\/wp-json\/wp\/v2\/comments?post=335557"}],"version-history":[{"count":0,"href":"https:\/\/www.radiopiu.net\/wordpress\/wp-json\/wp\/v2\/posts\/335557\/revisions"}],"wp:featuredmedia":[{"embeddable":true,"href":"https:\/\/www.radiopiu.net\/wordpress\/wp-json\/wp\/v2\/media\/335558"}],"wp:attachment":[{"href":"https:\/\/www.radiopiu.net\/wordpress\/wp-json\/wp\/v2\/media?parent=335557"}],"wp:term":[{"taxonomy":"category","embeddable":true,"href":"https:\/\/www.radiopiu.net\/wordpress\/wp-json\/wp\/v2\/categories?post=335557"},{"taxonomy":"post_tag","embeddable":true,"href":"https:\/\/www.radiopiu.net\/wordpress\/wp-json\/wp\/v2\/tags?post=335557"}],"curies":[{"name":"wp","href":"https:\/\/api.w.org\/{rel}","templated":true}]}}