{"id":335594,"date":"2023-05-12T17:00:03","date_gmt":"2023-05-12T15:00:03","guid":{"rendered":"https:\/\/www.radiopiu.net\/wordpress\/?p=335594"},"modified":"2023-05-13T06:50:25","modified_gmt":"2023-05-13T04:50:25","slug":"335594-2","status":"publish","type":"post","link":"https:\/\/www.radiopiu.net\/wordpress\/335594-2\/","title":{"rendered":"Ristrutturazione dell&#8217;Ospedale di Lamon: Progressi senza intoppi per migliorare l&#8217;assistenza sanitaria locale"},"content":{"rendered":"<p><strong><img loading=\"lazy\" decoding=\"async\" class=\"alignleft\" src=\"https:\/\/www.radiopiu.net\/wordpress\/wp-content\/uploads\/2023\/05\/6d9430eb-a88a-4ab7-a1d0-6449781b8623-300x300.jpg\" width=\"172\" height=\"172\" \/>LAMON<\/strong>L&#8217;ospedale di Lamon sta procedendo senza intoppi nella sua ristrutturazione, rispettando il cronoprogramma stabilito. La struttura sta subendo modifiche mirate per migliorare l&#8217;efficienza e l&#8217;adeguatezza degli spazi, oltre a ricevere nuove attrezzature all&#8217;avanguardia. Il Sindaco e il Vicesindaco si sono dichiarati soddisfatti dell&#8217;avanzamento dei lavori e hanno espresso gratitudine al Direttore Generale e al personale coinvolto. Una volta completata la ristrutturazione, l&#8217;ospedale potr\u00e0 offrire servizi sanitari di qualit\u00e0 e accessibili alla comunit\u00e0 di Lamon e all&#8217;intera regione.<\/p>\n<p>&nbsp;<\/p>\n<p>&nbsp;<\/p>\n<p>&nbsp;<\/p>\n<p>&nbsp;<\/p>\n<hr \/>\n<div class=\"flex-1 overflow-hidden\">\n<div class=\"react-scroll-to-bottom--css-nyeme-79elbk h-full dark:bg-gray-800\">\n<div class=\"react-scroll-to-bottom--css-nyeme-1n7m0yu\">\n<div class=\"flex flex-col items-center text-sm dark:bg-gray-800\">\n<div class=\"group w-full text-gray-800 dark:text-gray-100 border-b border-black\/10 dark:border-gray-900\/50 bg-gray-50 dark:bg-[#444654]\">\n<div class=\"flex p-4 gap-4 text-base md:gap-6 md:max-w-2xl lg:max-w-xl xl:max-w-3xl md:py-6 lg:px-0 m-auto\">\n<div class=\"relative flex w-[calc(100%-50px)] flex-col gap-1 md:gap-3 lg:w-[calc(100%-115px)]\">\n<div class=\"flex justify-between lg:block\"><\/div>\n<\/div>\n<\/div>\n<\/div>\n<\/div>\n<\/div>\n<\/div>\n<\/div>\n<div class=\"absolute bottom-0 left-0 w-full border-t md:border-t-0 dark:border-white\/20 md:border-transparent md:dark:border-transparent md:bg-vert-light-gradient bg-white dark:bg-gray-800 md:!bg-transparent dark:md:bg-vert-dark-gradient pt-2\">\n<form class=\"stretch mx-2 flex flex-row gap-3 last:mb-2 md:mx-4 md:last:mb-6 lg:mx-auto lg:max-w-2xl xl:max-w-3xl\">\n<div class=\"relative flex h-full flex-1 items-stretch md:flex-col\">\n<div class=\"\">\n<div class=\"h-full flex ml-1 md:w-full md:m-auto md:mb-2 gap-0 md:gap-2 justify-center\">\n<div class=\"flex w-full gap-2 items-center justify-center\"><\/div>\n<\/div>\n<\/div>\n<\/div>\n<\/form>\n<\/div>\n","protected":false},"excerpt":{"rendered":"<p>LAMONL&#8217;ospedale di Lamon sta procedendo senza intoppi nella sua ristrutturazione, rispettando il cronoprogramma stabilito. La struttura sta subendo modifiche mirate per migliorare l&#8217;efficienza e l&#8217;adeguatezza degli spazi, oltre a ricevere nuove attrezzature all&#8217;avanguardia. Il Sindaco e il Vicesindaco si sono dichiarati soddisfatti dell&#8217;avanzamento dei lavori e hanno espresso gratitudine al Direttore Generale e al personale&hellip;<\/p>\n","protected":false},"author":4,"featured_media":335595,"comment_status":"closed","ping_status":"closed","sticky":false,"template":"","format":"standard","meta":{"_monsterinsights_skip_tracking":false,"_monsterinsights_sitenote_active":false,"_monsterinsights_sitenote_note":"","_monsterinsights_sitenote_category":0,"footnotes":""},"categories":[51,49],"tags":[],"class_list":["post-335594","post","type-post","status-publish","format-standard","has-post-thumbnail","hentry","category-evidenza-top","category-news-18","category-51","category-49","description-off"],"img_url":"https:\/\/www.radiopiu.net\/wordpress\/wp-content\/uploads\/2023\/05\/6d9430eb-a88a-4ab7-a1d0-6449781b8623.jpg","_links":{"self":[{"href":"https:\/\/www.radiopiu.net\/wordpress\/wp-json\/wp\/v2\/posts\/335594","targetHints":{"allow":["GET"]}}],"collection":[{"href":"https:\/\/www.radiopiu.net\/wordpress\/wp-json\/wp\/v2\/posts"}],"about":[{"href":"https:\/\/www.radiopiu.net\/wordpress\/wp-json\/wp\/v2\/types\/post"}],"author":[{"embeddable":true,"href":"https:\/\/www.radiopiu.net\/wordpress\/wp-json\/wp\/v2\/users\/4"}],"replies":[{"embeddable":true,"href":"https:\/\/www.radiopiu.net\/wordpress\/wp-json\/wp\/v2\/comments?post=335594"}],"version-history":[{"count":0,"href":"https:\/\/www.radiopiu.net\/wordpress\/wp-json\/wp\/v2\/posts\/335594\/revisions"}],"wp:featuredmedia":[{"embeddable":true,"href":"https:\/\/www.radiopiu.net\/wordpress\/wp-json\/wp\/v2\/media\/335595"}],"wp:attachment":[{"href":"https:\/\/www.radiopiu.net\/wordpress\/wp-json\/wp\/v2\/media?parent=335594"}],"wp:term":[{"taxonomy":"category","embeddable":true,"href":"https:\/\/www.radiopiu.net\/wordpress\/wp-json\/wp\/v2\/categories?post=335594"},{"taxonomy":"post_tag","embeddable":true,"href":"https:\/\/www.radiopiu.net\/wordpress\/wp-json\/wp\/v2\/tags?post=335594"}],"curies":[{"name":"wp","href":"https:\/\/api.w.org\/{rel}","templated":true}]}}