{"id":335620,"date":"2023-05-13T10:25:14","date_gmt":"2023-05-13T08:25:14","guid":{"rendered":"https:\/\/www.radiopiu.net\/wordpress\/?p=335620"},"modified":"2023-05-13T10:27:11","modified_gmt":"2023-05-13T08:27:11","slug":"gli-alpini-provvedono-ecco-la-statua-del-parroco","status":"publish","type":"post","link":"https:\/\/www.radiopiu.net\/wordpress\/gli-alpini-provvedono-ecco-la-statua-del-parroco\/","title":{"rendered":"GLI ALPINI PROVVEDONO, ECCO LA STATUA DELLA MADONNA DONATA DAL PARROCO"},"content":{"rendered":"<p><img decoding=\"async\" class=\"aligncenter\" src=\"https:\/\/www.radiopiu.net\/wordpress\/wp-content\/uploads\/2023\/05\/Senza-nome-46.jpg\" \/><\/p>\n<p>&nbsp;<\/p>\n<p>&nbsp;<\/p>\n<p><strong>FALCADE<\/strong> Dopo il sacrilego furto, stamane gli alpini di Falcade non hanno perso tempo, in canonica dal parroco Don Andrea Piccolin\u00a0 hanno ricevuto un&#8217;altra statuetta della Madonna che hanno provveduto a rimettere nel capitello. Un impegno in pi\u00f9 in questo sabato pre-adunata, infatti gli uomini dalla penna nera stanno anche lavorando all&#8217;asilo per montare il gazebo e i giochi per i bambini.<\/p>\n<p>&nbsp;<\/p>\n<p>&nbsp;<\/p>\n<h2>DAL GIORNALE RADIOPIU&#8217; DELLE SEI DEL MATTINO<\/h2>\n<p>&nbsp;<\/p>\n<p>&nbsp;<\/p>\n<p>&nbsp;<\/p>\n<blockquote>\n<h3>IL FURTO DELLA MADONNINA DELLA OTA DEI FAGHER<\/h3>\n<\/blockquote>\n<p><strong><img loading=\"lazy\" decoding=\"async\" class=\"alignleft\" src=\"https:\/\/www.radiopiu.net\/wordpress\/wp-content\/uploads\/2023\/05\/madonna.png\" width=\"319\" height=\"178\" \/>FALCADE<\/strong> Nella tranquilla localit\u00e0 di Falcade Alto, la comunit\u00e0 \u00e8 stata scossa da un vile atto di furto che ha colpito uno dei suoi\u00a0 preziosi simboli religiosi. La Madonna posta nella suggestiva Ota dei Fagh\u00e8r \u00e8 stata rubata, lasciando dietro di s\u00e9 un sentimento diffuso di vergogna e disgusto. La Madonnina, collocata con cura dai Volontari del Gruppo Alpini di Falcade, rappresentava un importante punto di riferimento per la comunit\u00e0 locale e un simbolo di devozione e fede. La sua scomparsa improvvisa ha gettato un&#8217;ombra di tristezza e rabbia tra i residenti e i visitatori, che si chiedono quale possa essere il senso di un gesto cos\u00ec vile e privo di rispetto.\u00a0 Le reazioni da parte della popolazione non si sono fatte attendere dopo che Axel De Pellegrini (consigliere comunale) ne ha dato notizia. Numerosi abitanti di Falcade Alto hanno manifestato il loro sconcerto e la loro delusione per quanto accaduto. <em>&#8220;\u00c8 davvero triste vedere che qualcuno sia capace di commettere un gesto del genere. La Madonna era un simbolo di unit\u00e0 e speranza per tutti noi&#8221;<\/em>, ha dichiarato\u00a0 De Pellegrini. I Volontari del Gruppo Alpini di Falcade, che si erano adoperati con dedizione per posizionare la Madonnina nella sua collocazione originale, hanno espresso il loro sgomento e la loro profonda tristezza per il furto. <em>&#8220;Abbiamo lavorato sodo per rendere quel luogo speciale, un punto di rifugio e spiritualit\u00e0 per chiunque vi passasse. Questo gesto \u00e8 una mancanza di rispetto verso la nostra comunit\u00e0 e i nostri valori&#8221;<\/em>, hanno commentato. La speranza di tutti \u00e8 che questo atto ignobile possa essere risolto al pi\u00f9 presto, riportando la Madonnina nel suo luogo di origine e ripristinando la fiducia e il rispetto all&#8217;interno della comunit\u00e0. Nel frattempo, i residenti di Falcade Alto si stringono intorno a questa dolorosa vicenda, confidando nella prontezza delle forze dell&#8217;ordine nell&#8217;individuare il colpevole e riportare la pace e l&#8217;armonia in quella che era un luogo di devozione e contemplazione.<\/p>\n<div class=\"flex-1 overflow-hidden\">\n<div class=\"react-scroll-to-bottom--css-viucf-79elbk h-full dark:bg-gray-800\">\n<div class=\"react-scroll-to-bottom--css-viucf-1n7m0yu\">\n<div class=\"flex flex-col items-center text-sm dark:bg-gray-800\">\n<div class=\"group w-full text-gray-800 dark:text-gray-100 border-b border-black\/10 dark:border-gray-900\/50 bg-gray-50 dark:bg-[#444654]\">\n<div class=\"flex p-4 gap-4 text-base md:gap-6 md:max-w-2xl lg:max-w-xl xl:max-w-3xl md:py-6 lg:px-0 m-auto\">\n<div class=\"relative flex w-[calc(100%-50px)] flex-col gap-1 md:gap-3 lg:w-[calc(100%-115px)]\">\n<div class=\"flex justify-between lg:block\">\n<blockquote>\n<h3 class=\"text-xs flex items-center justify-center gap-1 self-center pt-2 !invisible\"><strong>DAL GRUPPO ALPINI DI FALCADE, REMO SECCHI\u00a0<\/strong><\/h3>\n<\/blockquote>\n<div class=\"text-gray-400 flex self-end lg:self-center justify-center mt-2 gap-2 md:gap-3 lg:gap-1 lg:absolute lg:top-0 lg:translate-x-full lg:right-0 lg:mt-0 lg:pl-2 visible\">\n<audio class=\"wp-audio-shortcode\" id=\"audio-335620-1\" preload=\"none\" style=\"width: 100%;\" controls=\"controls\"><source type=\"audio\/mpeg\" src=\"https:\/\/www.radiopiu.net\/wordpress\/wp-content\/uploads\/2023\/05\/REMO-SECCHI.mp3?_=1\" \/><a href=\"https:\/\/www.radiopiu.net\/wordpress\/wp-content\/uploads\/2023\/05\/REMO-SECCHI.mp3\">https:\/\/www.radiopiu.net\/wordpress\/wp-content\/uploads\/2023\/05\/REMO-SECCHI.mp3<\/a><\/audio>\n<div class=\"flex gap-1\"><\/div>\n<\/div>\n<\/div>\n<\/div>\n<\/div>\n<\/div>\n<div class=\"w-full h-32 md:h-48 flex-shrink-0\"><\/div>\n<\/div>\n<\/div>\n<\/div>\n<\/div>\n<div class=\"absolute bottom-0 left-0 w-full border-t md:border-t-0 dark:border-white\/20 md:border-transparent md:dark:border-transparent md:bg-vert-light-gradient bg-white dark:bg-gray-800 md:!bg-transparent dark:md:bg-vert-dark-gradient pt-2\">\n<form class=\"stretch mx-2 flex flex-row gap-3 last:mb-2 md:mx-4 md:last:mb-6 lg:mx-auto lg:max-w-2xl xl:max-w-3xl\">\n<div class=\"relative flex h-full flex-1 items-stretch md:flex-col\">\n<div class=\"\">\n<div class=\"h-full flex ml-1 md:w-full md:m-auto md:mb-2 gap-0 md:gap-2 justify-center\">\n<div class=\"flex w-full gap-2 items-center justify-center\">\n<hr \/>\n<\/div>\n<\/div>\n<\/div>\n<\/div>\n<\/form>\n<\/div>\n","protected":false},"excerpt":{"rendered":"<p>&nbsp; &nbsp; FALCADE Dopo il sacrilego furto, stamane gli alpini di Falcade non hanno perso tempo, in canonica dal parroco Don Andrea Piccolin\u00a0 hanno ricevuto un&#8217;altra statuetta della Madonna che hanno provveduto a rimettere nel capitello. Un impegno in pi\u00f9 in questo sabato pre-adunata, infatti gli uomini dalla penna nera stanno anche lavorando all&#8217;asilo per&hellip;<\/p>\n","protected":false},"author":4,"featured_media":335688,"comment_status":"closed","ping_status":"closed","sticky":false,"template":"","format":"standard","meta":{"_monsterinsights_skip_tracking":false,"_monsterinsights_sitenote_active":false,"_monsterinsights_sitenote_note":"","_monsterinsights_sitenote_category":0,"footnotes":""},"categories":[51,49],"tags":[],"class_list":["post-335620","post","type-post","status-publish","format-standard","has-post-thumbnail","hentry","category-evidenza-top","category-news-18","category-51","category-49","description-off"],"img_url":"https:\/\/www.radiopiu.net\/wordpress\/wp-content\/uploads\/2023\/05\/Senza-nome-46.jpg","_links":{"self":[{"href":"https:\/\/www.radiopiu.net\/wordpress\/wp-json\/wp\/v2\/posts\/335620","targetHints":{"allow":["GET"]}}],"collection":[{"href":"https:\/\/www.radiopiu.net\/wordpress\/wp-json\/wp\/v2\/posts"}],"about":[{"href":"https:\/\/www.radiopiu.net\/wordpress\/wp-json\/wp\/v2\/types\/post"}],"author":[{"embeddable":true,"href":"https:\/\/www.radiopiu.net\/wordpress\/wp-json\/wp\/v2\/users\/4"}],"replies":[{"embeddable":true,"href":"https:\/\/www.radiopiu.net\/wordpress\/wp-json\/wp\/v2\/comments?post=335620"}],"version-history":[{"count":0,"href":"https:\/\/www.radiopiu.net\/wordpress\/wp-json\/wp\/v2\/posts\/335620\/revisions"}],"wp:featuredmedia":[{"embeddable":true,"href":"https:\/\/www.radiopiu.net\/wordpress\/wp-json\/wp\/v2\/media\/335688"}],"wp:attachment":[{"href":"https:\/\/www.radiopiu.net\/wordpress\/wp-json\/wp\/v2\/media?parent=335620"}],"wp:term":[{"taxonomy":"category","embeddable":true,"href":"https:\/\/www.radiopiu.net\/wordpress\/wp-json\/wp\/v2\/categories?post=335620"},{"taxonomy":"post_tag","embeddable":true,"href":"https:\/\/www.radiopiu.net\/wordpress\/wp-json\/wp\/v2\/tags?post=335620"}],"curies":[{"name":"wp","href":"https:\/\/api.w.org\/{rel}","templated":true}]}}