{"id":335630,"date":"2023-05-13T05:32:37","date_gmt":"2023-05-13T03:32:37","guid":{"rendered":"https:\/\/www.radiopiu.net\/wordpress\/?p=335630"},"modified":"2023-05-13T06:49:41","modified_gmt":"2023-05-13T04:49:41","slug":"tragedia-nella-comunita-alloggio-muore-soffocato-dalla-brioche","status":"publish","type":"post","link":"https:\/\/www.radiopiu.net\/wordpress\/tragedia-nella-comunita-alloggio-muore-soffocato-dalla-brioche\/","title":{"rendered":"TRAGEDIA NELLA COMUNITA&#8217; ALLOGGIO, MUORE SOFFOCATO DALLA BRIOCHE"},"content":{"rendered":"<div class=\"flex-1 overflow-hidden\">\n<div class=\"react-scroll-to-bottom--css-daqcs-79elbk h-full dark:bg-gray-800\">\n<div class=\"react-scroll-to-bottom--css-daqcs-1n7m0yu\">\n<div class=\"flex flex-col items-center text-sm dark:bg-gray-800\">\n<div class=\"group w-full text-gray-800 dark:text-gray-100 border-b border-black\/10 dark:border-gray-900\/50 bg-gray-50 dark:bg-[#444654]\">\n<div class=\"flex p-4 gap-4 text-base md:gap-6 md:max-w-2xl lg:max-w-xl xl:max-w-3xl md:py-6 lg:px-0 m-auto\">\n<div class=\"relative flex w-[calc(100%-50px)] flex-col gap-1 md:gap-3 lg:w-[calc(100%-115px)]\">\n<div class=\"flex flex-grow flex-col gap-3\">\n<div class=\"min-h-[20px] flex flex-col items-start gap-4 whitespace-pre-wrap break-words\">\n<div class=\"markdown prose w-full break-words dark:prose-invert light\">\n<p><strong><a class=\"dt-pswp-item\" href=\"https:\/\/www.radiopiu.net\/wordpress\/wp-content\/uploads\/2023\/05\/Senza-nome-42.jpg\" data-dt-img-description=\"\" data-large_image_width=\"298\" data-large_image_height=\"292\"><img loading=\"lazy\" decoding=\"async\" class=\"wp-image-335631 alignleft\" src=\"https:\/\/www.radiopiu.net\/wordpress\/wp-content\/uploads\/2023\/05\/Senza-nome-42.jpg\" alt=\"\" width=\"199\" height=\"195\" \/><\/a>PIEVE DI CADORE<\/strong> \u00c8 morto soffocato da un boccone della brioche che stava mangiando, nonostante i tentativi disperati di soccorso da parte degli operatori della comunit\u00e0 dove alloggiava e dei sanitari del Suem 118 di Pieve di Cadore. Dennj Saviane, 45 anni, di La Secca, \u00e8 deceduto a causa dell&#8217;incidente. L&#8217;uomo aveva una grande passione per il ciclismo e aveva praticato attivit\u00e0 su strada e in mountain bike con la societ\u00e0 Due Ruote Sport di Ponte nelle Alpi. Tuttavia, negli ultimi tempi aveva affrontato diverse difficolt\u00e0 di salute. Il tragico episodio \u00e8 avvenuto tre giorni fa nella comunit\u00e0 alloggio gestita dalla cooperativa Le Valli, ubicata nelle ex scuole elementari di Venas di Cadore. Saviane era tornato da poco alla comunit\u00e0 dopo un periodo di cura. La struttura pu\u00f2 ospitare fino a sedici adulti con disabilit\u00e0 o persone che temporaneamente non possono risiedere in famiglia. Mentre stava mangiando la brioche, un boccone si \u00e8 bloccato nella sua trachea, impedendogli di respirare. Il personale della comunit\u00e0 ha cercato immediatamente di soccorrerlo, mentre il servizio di emergenza medica (Suem 118) di Pieve di Cadore si \u00e8 precipitato sul posto con l&#8217;automedica. Purtroppo, non \u00e8 stato possibile salvarlo: il cuore di Saviane si era fermato. Ieri pomeriggio, nella chiesa parrocchiale di Cadola, familiari e amici hanno dato l&#8217;ultimo saluto a Dennj. Successivamente, la salma \u00e8 stata tumulata nel cimitero di Cornei, in Alpago. La madre Franca, la sorella Noelita e i parenti hanno espresso la loro gratitudine a tutto il personale della comunit\u00e0 di Venas per gli sforzi profusi in aiuto di Dennj.<\/p>\n<\/div>\n<\/div>\n<\/div>\n<div class=\"flex justify-between lg:block\">\n<div class=\"text-xs flex items-center justify-center gap-1 self-center pt-2 !invisible\"><\/div>\n<\/div>\n<\/div>\n<\/div>\n<\/div>\n<\/div>\n<\/div>\n<\/div>\n<\/div>\n<div class=\"absolute bottom-0 left-0 w-full border-t md:border-t-0 dark:border-white\/20 md:border-transparent md:dark:border-transparent md:bg-vert-light-gradient bg-white dark:bg-gray-800 md:!bg-transparent dark:md:bg-vert-dark-gradient pt-2\">\n<form class=\"stretch mx-2 flex flex-row gap-3 last:mb-2 md:mx-4 md:last:mb-6 lg:mx-auto lg:max-w-2xl xl:max-w-3xl\">\n<div class=\"relative flex h-full flex-1 items-stretch md:flex-col\">\n<div class=\"\">\n<div class=\"h-full flex ml-1 md:w-full md:m-auto md:mb-2 gap-0 md:gap-2 justify-center\">\n<div class=\"flex w-full gap-2 items-center justify-center\">\n<hr \/>\n<\/div>\n<\/div>\n<\/div>\n<\/div>\n<\/form>\n<\/div>\n","protected":false},"excerpt":{"rendered":"<p>PIEVE DI CADORE \u00c8 morto soffocato da un boccone della brioche che stava mangiando, nonostante i tentativi disperati di soccorso da parte degli operatori della comunit\u00e0 dove alloggiava e dei sanitari del Suem 118 di Pieve di Cadore. Dennj Saviane, 45 anni, di La Secca, \u00e8 deceduto a causa dell&#8217;incidente. L&#8217;uomo aveva una grande passione&hellip;<\/p>\n","protected":false},"author":4,"featured_media":335631,"comment_status":"closed","ping_status":"closed","sticky":false,"template":"","format":"standard","meta":{"_monsterinsights_skip_tracking":false,"_monsterinsights_sitenote_active":false,"_monsterinsights_sitenote_note":"","_monsterinsights_sitenote_category":0,"footnotes":""},"categories":[51,49],"tags":[],"class_list":["post-335630","post","type-post","status-publish","format-standard","has-post-thumbnail","hentry","category-evidenza-top","category-news-18","category-51","category-49","description-off"],"img_url":"https:\/\/www.radiopiu.net\/wordpress\/wp-content\/uploads\/2023\/05\/Senza-nome-42.jpg","_links":{"self":[{"href":"https:\/\/www.radiopiu.net\/wordpress\/wp-json\/wp\/v2\/posts\/335630","targetHints":{"allow":["GET"]}}],"collection":[{"href":"https:\/\/www.radiopiu.net\/wordpress\/wp-json\/wp\/v2\/posts"}],"about":[{"href":"https:\/\/www.radiopiu.net\/wordpress\/wp-json\/wp\/v2\/types\/post"}],"author":[{"embeddable":true,"href":"https:\/\/www.radiopiu.net\/wordpress\/wp-json\/wp\/v2\/users\/4"}],"replies":[{"embeddable":true,"href":"https:\/\/www.radiopiu.net\/wordpress\/wp-json\/wp\/v2\/comments?post=335630"}],"version-history":[{"count":0,"href":"https:\/\/www.radiopiu.net\/wordpress\/wp-json\/wp\/v2\/posts\/335630\/revisions"}],"wp:featuredmedia":[{"embeddable":true,"href":"https:\/\/www.radiopiu.net\/wordpress\/wp-json\/wp\/v2\/media\/335631"}],"wp:attachment":[{"href":"https:\/\/www.radiopiu.net\/wordpress\/wp-json\/wp\/v2\/media?parent=335630"}],"wp:term":[{"taxonomy":"category","embeddable":true,"href":"https:\/\/www.radiopiu.net\/wordpress\/wp-json\/wp\/v2\/categories?post=335630"},{"taxonomy":"post_tag","embeddable":true,"href":"https:\/\/www.radiopiu.net\/wordpress\/wp-json\/wp\/v2\/tags?post=335630"}],"curies":[{"name":"wp","href":"https:\/\/api.w.org\/{rel}","templated":true}]}}