{"id":335661,"date":"2023-05-13T07:48:47","date_gmt":"2023-05-13T05:48:47","guid":{"rendered":"https:\/\/www.radiopiu.net\/wordpress\/?p=335661"},"modified":"2023-05-13T07:55:55","modified_gmt":"2023-05-13T05:55:55","slug":"la-rassegna-stampa-locale-con-radio-piu-dal-1983-la-radio-del-territorio-e-per-il-territorio","status":"publish","type":"post","link":"https:\/\/www.radiopiu.net\/wordpress\/la-rassegna-stampa-locale-con-radio-piu-dal-1983-la-radio-del-territorio-e-per-il-territorio\/","title":{"rendered":"la rassegna stampa locale CON RADIO PIU&#8217; DAL 1983&#8230;LA RADIO DEL TERRITORIO E PER IL TERRITORIO"},"content":{"rendered":"<p>FALCADE Nella tranquilla localit\u00e0 di Falcade Alto, la comunit\u00e0 \u00e8 stata scossa da un vile atto di furto che ha colpito uno dei suoi\u00a0 preziosi simboli religiosi. La Madonna posta nella suggestiva Ota dei Fagh\u00e8r \u00e8 stata rubata, lasciando dietro di s\u00e9 un sentimento diffuso di vergogna e disgusto<br \/>\nFELTRE\u00a0 Alle 5 del mattino ubriaco, alla guida della macchina incidentata e c&#8217;\u00e8 voluto lo spray al peperoncino per bloccarlo e portarlo in caserma.\u00a0 \u00a0La\u00a0 pattuglia del Radiomobile lo\u00a0 ha intercettato alla rotatoria delle Vignigole, dopo che si era schiantato contro il muro della Metallurgica.<br \/>\nFELTRE\u00a0\u00a0Evaso dalla Dumia sfascia una finestra dell&#8217;Eni caf\u00e8 di via Belluno e ruba il fondo cassa, oltre a un krapfen e un cannolo. Poi cerca di colpire anche in un vicino panificio e un negozio di abbigliamento fino a farsi arrestare dai carabinieri in flagranza di reato. L&#8217;arresto del cittadino romeno Catalin Ionut Fava \u00e8 stato convalidato dal giudice per le indagini preliminari<br \/>\nPIEVE DI CADORE \u00c8 morto soffocato da un boccone della brioche che stava mangiando, nonostante i tentativi disperati di soccorso da parte degli operatori della comunit\u00e0 dove alloggiava e dei sanitari del Suem 118 di Pieve di Cadore. Dennj Saviane, 45 anni, di La Secca, \u00e8 deceduto a causa dell&#8217;incidente. L&#8217;uomo aveva una grande passione per il ciclismo e aveva praticato attivit\u00e0 su strada e in mountain bike con la societ\u00e0 Due Ruote Sport di Ponte nelle Alpi.<br \/>\nBELLUNO\u00a0 \u00c8 morto Enrico Gasperi, gi\u00e0 insegnante di Lettere nelle scuole superiori bellunesi. Nato a Piombino, aveva 66 anni e poco pi\u00f9 di un anno fa era stato colpito da ictus. Lascia la moglie e due figli.\u00a0 Aveva concluso la sua carriera ai Licei Renier.<br \/>\nVENEZIA Il presidente della Regione Veneto, Luca Zaia, ha preso una decisione\u00a0 per il settore sanitario bellunese, nominando Giuseppe Dal Ben come direttore generale per due importanti aziende sanitarie. Dal Ben, attuale numero uno dell&#8217;Ospedale universitario di Padova, sar\u00e0 responsabile contemporaneamente della guida della sanit\u00e0 pubblica nella provincia di Belluno.<br \/>\nREDAZIONE \u00a0Sono 10mila gli elettori chiamati alle urne\u00a0 domani dalle 7 alle 23 e luned\u00ec dalle\u00a0 7 alle 15. I comuni interessati, tutti sotto i 15mila abitanti sono Pieve di Cadore, Sospirolo, Cencenighe Agordino e Canale d&#8217;Agordo. L&#8217;unico avversario da battere, per la corsa solitaria dell&#8217;unico candidato sindaco che c&#8217;\u00e8 per ciascun territorio, \u00e8 il quorum.<br \/>\nBELLUNO Ammessa alla gara per la gestione degli impianti di risalita del Nevegal l&#8217;unica offerta presentata che \u2013 novit\u00e0 \u2013 non vede protagonista solo Nevegal 2021, che parteciper\u00e0 in partnership con Dolomiti Strade.<br \/>\nALLEGHE Il partigiano Simeone Marin riposa nel cimitero di Alleghe, il\u00a0 suo sacrificio\u00a0 durante la Resistenza. Fu ucciso a forcella Staulanza\u00a0 il 6 aprile del 1945 a 25 anni. Ieri la commossa inaugurazione della rinnovata lapide \u00abUn inno alla memoria\u00bb, ha sottolineato Maria Rita Gentilin, segretaria generale di Spi Cgil Belluno che ha finanziato i lavori<br \/>\nIL COMUNE DI LIVINALLONGO AZZERA L&#8217;ADDIZIONALE IRPEF PER REDDITI FINO A 10 MILA EURO oggi nei notiziari di radiopiu DA LIVINALLONGO<br \/>\nLorenzo Soratroi<br \/>\nBELLUNO\u00a0 Il canale serve\u00a0 per comunicare in modo veloce con la popolazione. La scelta \u00e8 caduta su Telegram, rispetto ad altre applicazioni di messaggistica, per alcune caratteristiche tecniche di questo canale che d\u00e0 la possibilit\u00e0 di inoltrare ad un gran numero di utenti i messaggi senza necessit\u00e0 di registrare dati o richiedere generalit\u00e0, come numero telefonico o email dei partecipanti.<br \/>\nIERI SERA A LENTIAI IL VIA ALLA MOSTRA DI PICCOLOTTO oggi alla radio da BORGO VALBELLUNA\u00a0 ROBERTO BONA<br \/>\nLA PRESENTAZIONE DEL CAMPIONATO AGORDINO AD AGORDO Oggi alle 20:30 al Caff\u00e8 Miniere di Agordo verr\u00e0 presentato ufficialmente il Campionato Agordino di Calcio. Diretta su Radio Pi\u00f9<br \/>\nBELLUNO Si svolger\u00e0 oggi alle 10:30 a Palazzo Bembo un incontro dal titolo &#8220;Nevegal 2026&#8230;quale inverno attende il Colle?&#8221;<br \/>\nBORGO VALBELLUNA Oggi e domani si svolgeranno i tradizionali saggi musicali<br \/>\nFELTRE Oggi, la Galleria d&#8217;Arte Moderna &#8220;Carlo Rizzarda&#8221; aprir\u00e0 straordinariamente le sue porte dalle 21 alle 23.30<br \/>\nIL MERCATO DEI FIORI A FALCADE POSTICIPATO PER MALTEMPO la &#8220;Mostra mercato dei Fiori&#8221; prevista per domenica 14 maggio presso il Piazzale dello Sport di Falcade \u00e8 stata rinviata alla domenica successiva, 21 maggio 2023, causa previsioni meteo di forte maltempo.<br \/>\nIL TORNEO DELLE FRAZIONI SUL BROI DI AGORDO CAUSA LE PESSIME PREVISIONI METEOROLOGICHE E&#8217; STATO RINVIATO A DATA DA DESTINARSI<br \/>\nL&#8217;AGORDINA RICORDA ENRICO PIZZONI E ATTILIO MORETTI CON DUE TORNEI DEDICATI AI GIOVANI<\/p>\n<p>AGORDO Sar\u00e0 un fine settimana impegnativo quello del 20 e 21 maggio per l&#8217;Agordina Calcio. La societ\u00e0 capitanata da Cosmo Forcella ha organizzato due tornei dedicati al calcio giovanile. Si inizia sabato 20 maggio con il Memorial Enrico Pizzoni, un torneo di calcio dedicato alla categoria Esordienti Misti nati tra il 2010 e il 2011. Il giorno dopo, domenica 21 maggio, sar\u00e0 la volta del Memorial Attilio Moretti, dove si dar\u00e0 spazio ai giocatori pi\u00f9 giovani. Infatti si cimenteranno all&#8217;Ivano Dorigo i Pulcini Misti nati tra il 2012 e il 2013. Due giornate di sport per ricordare due figure che hanno dato molto all&#8217;Agordina Calcio.<\/p>\n<p>&nbsp;<\/p>\n<p><iframe loading=\"lazy\" title=\"RASSEGNA STAMPA LOCALE\" width=\"1200\" height=\"675\" src=\"https:\/\/www.youtube.com\/embed\/hjGk40W_seA?feature=oembed\" frameborder=\"0\" allow=\"accelerometer; autoplay; clipboard-write; encrypted-media; gyroscope; picture-in-picture; web-share\" allowfullscreen><\/iframe><\/p>\n","protected":false},"excerpt":{"rendered":"<p>FALCADE Nella tranquilla localit\u00e0 di Falcade Alto, la comunit\u00e0 \u00e8 stata scossa da un vile atto di furto che ha colpito uno dei suoi\u00a0 preziosi simboli religiosi. La Madonna posta nella suggestiva Ota dei Fagh\u00e8r \u00e8 stata rubata, lasciando dietro di s\u00e9 un sentimento diffuso di vergogna e disgusto FELTRE\u00a0 Alle 5 del mattino ubriaco,&hellip;<\/p>\n","protected":false},"author":4,"featured_media":335662,"comment_status":"closed","ping_status":"closed","sticky":false,"template":"","format":"standard","meta":{"_monsterinsights_skip_tracking":false,"_monsterinsights_sitenote_active":false,"_monsterinsights_sitenote_note":"","_monsterinsights_sitenote_category":0,"footnotes":""},"categories":[51,49,142],"tags":[],"class_list":["post-335661","post","type-post","status-publish","format-standard","has-post-thumbnail","hentry","category-evidenza-top","category-news-18","category-rassegna-stampa","category-51","category-49","category-142","description-off"],"img_url":"https:\/\/www.radiopiu.net\/wordpress\/wp-content\/uploads\/2023\/05\/Senza-nome-45.jpg","_links":{"self":[{"href":"https:\/\/www.radiopiu.net\/wordpress\/wp-json\/wp\/v2\/posts\/335661","targetHints":{"allow":["GET"]}}],"collection":[{"href":"https:\/\/www.radiopiu.net\/wordpress\/wp-json\/wp\/v2\/posts"}],"about":[{"href":"https:\/\/www.radiopiu.net\/wordpress\/wp-json\/wp\/v2\/types\/post"}],"author":[{"embeddable":true,"href":"https:\/\/www.radiopiu.net\/wordpress\/wp-json\/wp\/v2\/users\/4"}],"replies":[{"embeddable":true,"href":"https:\/\/www.radiopiu.net\/wordpress\/wp-json\/wp\/v2\/comments?post=335661"}],"version-history":[{"count":0,"href":"https:\/\/www.radiopiu.net\/wordpress\/wp-json\/wp\/v2\/posts\/335661\/revisions"}],"wp:featuredmedia":[{"embeddable":true,"href":"https:\/\/www.radiopiu.net\/wordpress\/wp-json\/wp\/v2\/media\/335662"}],"wp:attachment":[{"href":"https:\/\/www.radiopiu.net\/wordpress\/wp-json\/wp\/v2\/media?parent=335661"}],"wp:term":[{"taxonomy":"category","embeddable":true,"href":"https:\/\/www.radiopiu.net\/wordpress\/wp-json\/wp\/v2\/categories?post=335661"},{"taxonomy":"post_tag","embeddable":true,"href":"https:\/\/www.radiopiu.net\/wordpress\/wp-json\/wp\/v2\/tags?post=335661"}],"curies":[{"name":"wp","href":"https:\/\/api.w.org\/{rel}","templated":true}]}}