{"id":335672,"date":"2023-05-13T09:58:15","date_gmt":"2023-05-13T07:58:15","guid":{"rendered":"https:\/\/www.radiopiu.net\/wordpress\/?p=335672"},"modified":"2023-05-13T09:58:15","modified_gmt":"2023-05-13T07:58:15","slug":"i-paperoni-veneti-abitano-a-cortina-i-piu-poveri-a-zoppe-di-cadore","status":"publish","type":"post","link":"https:\/\/www.radiopiu.net\/wordpress\/i-paperoni-veneti-abitano-a-cortina-i-piu-poveri-a-zoppe-di-cadore\/","title":{"rendered":"I PAPERONI VENETI ABITANO A CORTINA, I PIU\u2019 POVERI A ZOPPE\u2019 DI CADORE"},"content":{"rendered":"<p>Distano solo 30 chilometri, ma la differenza del reddito complessivo medio Irpef dei contribuenti residenti in questi due comuni bellunesi \u00e8 \u201csiderale\u201d: a Cortina d\u2019Ampezzo, il comune pi\u00f9 ricco tra i 563 presenti in Veneto, ciascun contribuente residente nella perla delle Dolomiti dichiara 30.999 euro, in quello pi\u00f9 \u201cpovero\u201d della nostra regione, ovvero Zopp\u00e8 di Cadore, solo 12.422 euro. L\u2019elaborazione \u00e8 stata realizzata dall\u2019Ufficio studi della CGIA che ha preso in esame le dichiarazioni dei redditi 2021 in possesso del Ministero dell\u2019Economia e delle Finanze. Tra i 7.904 comuni presenti in Italia, va altres\u00ec segnalato che nella graduatoria nazionale Cortina si colloca al 50\u00b0 posto, mentre Zopp\u00e8 di Cadore occupa il 7.662esimo.<\/p>\n<p>Nelle ultime 10 posizioni della nostra regione troviamo il Comune di Selva di Progno (VR) con 16.935 euro, Lastebasse (VI) con 16.826 euro, Papozze (RO) con 16.689 euro, Piacenza d\u2019Adige (PD) con 16.591 euro, San Mauro di Saline (VR) con 16.233 euro, Castelbaldo (PD) con 16.005 euro, Porto Tolle (RO) con 15.774 euro, Velo Veronese (VR) con 15.638 euro, Villanova Marchesana (RO) con 15.618 euro e, infine, come detto pi\u00f9 sopra, Zopp\u00e8 di Cadore (BL) con 12.422 euro.<\/p>\n<p>Questi dati, cos\u00ec come quelli di grandissima parte delle regioni del Centronord, vedono le piccolissime realt\u00e0 di montagna in grande difficolt\u00e0, anche perch\u00e8 negli ultimi 30-40 anni hanno subito un progressivo spopolamento e un forte invecchiamento della popolazione rimasta.<\/p>\n<p>E visti i limiti del centralismo che hanno sicuramente contribuito a \u201cdividere\u201d il Paese, non \u00e8 da escludere che con una decisa accelerazione verso l\u2019autonomia differenziata, in tempi ragionevolmente brevi si potranno accorciare le distanze economiche\/sociali tra il Nord e il Sud, ma anche tra i territori di una stessa regione.<\/p>\n<p>Dalla CGIA ricordano che va comunque sottolineato che questi dati non includono i redditi dei soggetti a imposta sostitutiva o esenti da tassazione diretta (come gli interessi sui redditi di capitale e i redditi realizzati applicando il regime fiscale forfettario) e da eventuali integrazioni (reddito di cittadinanza, assegno unico, pensioni di invalidit\u00e0, etc.).<\/p>\n<p><strong>I Comuni pi\u00f9 ricchi<\/strong><br \/>\nDopo Cortina d\u2019Ampezzo, i \u201cpaperoni\u201d del Veneto abitano nel comune di Monteviale (VI) con un redito di 30.067 euro, Treviso con 29.435 euro, Padova con 29.405 euro e Noventa Padovana (PD) con 29.033 euro. Gli altri comuni capoluogo di provincia seguono pi\u00f9 sotto. Verona \u00e8 all\u201911\u00b0 posto della graduatoria regionale con un reddito medio Irpef di 26.916 euro, Vicenza \u00e8 al 23\u00b0 con 26.443 euro, Belluno al 25\u00b0 con 26.366 euro, Rovigo all\u201982\u00b0 con 24.172 euro e Venezia all\u201989\u00b0 con 24.058 euro. Il comune lagunare \u00e8 tra le amministrazioni dei capoluoghi di regione del Centronord d\u2019Italia che presenta il livello di reddito pi\u00f9 basso.<br \/>\nIn linea generale, affermano dalla CGIA, possiamo affermare con una elevata dose di certezza che i contribuenti pi\u00f9 abbienti abitano nelle medie\/grandi citt\u00e0 o nei comuni contermini a queste ultime.<\/p>\n<p>&nbsp;<\/p>\n<p><a href=\"https:\/\/www.radiopiu.net\/wordpress\/wp-content\/uploads\/2023\/05\/Veneto-Ricchezza-Comuni-13-5.pdf\" target=\"_blank\" rel=\"noopener\">CLICCA QUI PER VEDERE TUTTI I COMUNI<\/a><\/p>\n","protected":false},"excerpt":{"rendered":"<p>Distano solo 30 chilometri, ma la differenza del reddito complessivo medio Irpef dei contribuenti residenti in questi due comuni bellunesi \u00e8 \u201csiderale\u201d: a Cortina d\u2019Ampezzo, il comune pi\u00f9 ricco tra i 563 presenti in Veneto, ciascun contribuente residente nella perla delle Dolomiti dichiara 30.999 euro, in quello pi\u00f9 \u201cpovero\u201d della nostra regione, ovvero Zopp\u00e8 di&hellip;<\/p>\n","protected":false},"author":2,"featured_media":335676,"comment_status":"closed","ping_status":"closed","sticky":false,"template":"","format":"standard","meta":{"_monsterinsights_skip_tracking":false,"_monsterinsights_sitenote_active":false,"_monsterinsights_sitenote_note":"","_monsterinsights_sitenote_category":0,"footnotes":""},"categories":[49],"tags":[],"class_list":["post-335672","post","type-post","status-publish","format-standard","has-post-thumbnail","hentry","category-news-18","category-49","description-off"],"img_url":"https:\/\/www.radiopiu.net\/wordpress\/wp-content\/uploads\/2023\/05\/donna-ricca-di-vista-frontale-che-posa-con-i-soldi.jpg","_links":{"self":[{"href":"https:\/\/www.radiopiu.net\/wordpress\/wp-json\/wp\/v2\/posts\/335672","targetHints":{"allow":["GET"]}}],"collection":[{"href":"https:\/\/www.radiopiu.net\/wordpress\/wp-json\/wp\/v2\/posts"}],"about":[{"href":"https:\/\/www.radiopiu.net\/wordpress\/wp-json\/wp\/v2\/types\/post"}],"author":[{"embeddable":true,"href":"https:\/\/www.radiopiu.net\/wordpress\/wp-json\/wp\/v2\/users\/2"}],"replies":[{"embeddable":true,"href":"https:\/\/www.radiopiu.net\/wordpress\/wp-json\/wp\/v2\/comments?post=335672"}],"version-history":[{"count":0,"href":"https:\/\/www.radiopiu.net\/wordpress\/wp-json\/wp\/v2\/posts\/335672\/revisions"}],"wp:featuredmedia":[{"embeddable":true,"href":"https:\/\/www.radiopiu.net\/wordpress\/wp-json\/wp\/v2\/media\/335676"}],"wp:attachment":[{"href":"https:\/\/www.radiopiu.net\/wordpress\/wp-json\/wp\/v2\/media?parent=335672"}],"wp:term":[{"taxonomy":"category","embeddable":true,"href":"https:\/\/www.radiopiu.net\/wordpress\/wp-json\/wp\/v2\/categories?post=335672"},{"taxonomy":"post_tag","embeddable":true,"href":"https:\/\/www.radiopiu.net\/wordpress\/wp-json\/wp\/v2\/tags?post=335672"}],"curies":[{"name":"wp","href":"https:\/\/api.w.org\/{rel}","templated":true}]}}