{"id":335675,"date":"2023-05-15T05:20:30","date_gmt":"2023-05-15T03:20:30","guid":{"rendered":"https:\/\/www.radiopiu.net\/wordpress\/?p=335675"},"modified":"2023-05-15T08:56:50","modified_gmt":"2023-05-15T06:56:50","slug":"giornale-radiopiu-15-maggio-2023-direttore-mirko-mezzacasa-verso-i-40-anni-25-giugno-1983-25-giugno-2023","status":"publish","type":"post","link":"https:\/\/www.radiopiu.net\/wordpress\/giornale-radiopiu-15-maggio-2023-direttore-mirko-mezzacasa-verso-i-40-anni-25-giugno-1983-25-giugno-2023\/","title":{"rendered":"GIORNALE RADIOPIU 15 MAGGIO 2023 DIRETTORE MIRKO MEZZACASA&#8230;verso i 40 anni 25 giugno 1983-25 giugno 2023"},"content":{"rendered":"<h2 style=\"text-align: left;\"><span style=\"color: #ff0000;\"><span style=\"vertical-align: inherit;\"><a class=\"dt-pswp-item\" href=\"https:\/\/www.radiopiu.net\/wordpress\/wp-content\/uploads\/2023\/04\/e0aad41d-951e-47b9-9fae-1a879a9bcb7e-1.jpg\" data-dt-img-description=\"\" data-large_image_width=\"1200\" data-large_image_height=\"1200\"><img loading=\"lazy\" decoding=\"async\" class=\"wp-image-333205 alignleft\" src=\"https:\/\/www.radiopiu.net\/wordpress\/wp-content\/uploads\/2023\/04\/e0aad41d-951e-47b9-9fae-1a879a9bcb7e-1-300x300.jpg\" alt=\"\" width=\"110\" height=\"110\" srcset=\"https:\/\/www.radiopiu.net\/wordpress\/wp-content\/uploads\/2023\/04\/e0aad41d-951e-47b9-9fae-1a879a9bcb7e-1-300x300.jpg 300w, https:\/\/www.radiopiu.net\/wordpress\/wp-content\/uploads\/2023\/04\/e0aad41d-951e-47b9-9fae-1a879a9bcb7e-1-1024x1024.jpg 1024w, https:\/\/www.radiopiu.net\/wordpress\/wp-content\/uploads\/2023\/04\/e0aad41d-951e-47b9-9fae-1a879a9bcb7e-1-150x150.jpg 150w, https:\/\/www.radiopiu.net\/wordpress\/wp-content\/uploads\/2023\/04\/e0aad41d-951e-47b9-9fae-1a879a9bcb7e-1-768x768.jpg 768w, https:\/\/www.radiopiu.net\/wordpress\/wp-content\/uploads\/2023\/04\/e0aad41d-951e-47b9-9fae-1a879a9bcb7e-1.jpg 1200w\" sizes=\"auto, (max-width: 110px) 100vw, 110px\" \/><\/a><\/span><\/span><\/h2>\n<h2 style=\"text-align: left;\"><span style=\"color: #ff0000;\"><span style=\"vertical-align: inherit;\">ISCRIVITI AL NOSTRO CANALE\u00a0 <\/span><\/span><span style=\"vertical-align: inherit;\"> YOUTUBE PER SEGUIRE IN DIRETTA I PRINCIPALI PROGRAMMI DI RADIO PIU&#8217; E LE FUTURE DIRETTE IN ESTERNA. PER ISCRIVERTI <\/span><a style=\"color: #ff0000;\" href=\"https:\/\/youtube.com\/@radiopiu1527\"><span style=\"vertical-align: inherit;\">CLICCA QUI <\/span><\/a><span style=\"color: #ff0000; font-size: 14px; font-weight: normal;\"><span style=\"vertical-align: inherit;\">E PREMI\u00a0 &#8220;Iscriviti&#8221;\u00a0 \u00a0 \u00a0\u00a0<\/span><\/span><\/h2>\n<p>&nbsp;<\/p>\n<h3>DA OGGI ALLA RADIO, OGNI LUNEDI ALLE 10.30 E ALLE 19&#8230; IL PROGRAMMA!<br \/>\nQUESTA SERA DALLE 20.30 LO SPECIALE ALLA RADIO: PRESENTAZIONE DEL LIBRO DALLA SALA DON TAMIS.<\/h3>\n<blockquote class=\"wp-embedded-content\" data-secret=\"tBqJcBpOi8\"><p><a href=\"https:\/\/www.radiopiu.net\/wordpress\/periti-minerari-agordini-nel-mondo-la-presentazione-del-libro-la-diretta\/\">PERITI MINERARI AGORDINI NEL MONDO, LA PRESENTAZIONE DEL LIBRO &#8211; LA DIRETTA<\/a><\/p><\/blockquote>\n<p><iframe loading=\"lazy\" class=\"wp-embedded-content\" sandbox=\"allow-scripts\" security=\"restricted\" style=\"position: absolute; clip: rect(1px, 1px, 1px, 1px);\" title=\"&#8220;PERITI MINERARI AGORDINI NEL MONDO, LA PRESENTAZIONE DEL LIBRO &#8211; LA DIRETTA&#8221; &#8212; Radio Pi\u00f9\" src=\"https:\/\/www.radiopiu.net\/wordpress\/periti-minerari-agordini-nel-mondo-la-presentazione-del-libro-la-diretta\/embed\/#?secret=NAlJLFTldZ#?secret=tBqJcBpOi8\" data-secret=\"tBqJcBpOi8\" width=\"600\" height=\"338\" frameborder=\"0\" marginwidth=\"0\" marginheight=\"0\" scrolling=\"no\"><\/iframe><\/p>\n<p>&nbsp;<\/p>\n<p>&nbsp;<\/p>\n<hr \/>\n<p>&nbsp;<\/p>\n<blockquote>\n<h3>CHIUSO IL SENTIERO CAI 551 A LA VALLE<\/h3>\n<\/blockquote>\n<p><strong><a class=\"dt-pswp-item\" href=\"https:\/\/www.radiopiu.net\/wordpress\/wp-content\/uploads\/2023\/05\/644e3b3b-5591-4a84-8d12-07cde4dcd16f.jpg\" data-dt-img-description=\"\" data-large_image_width=\"1600\" data-large_image_height=\"1200\"><img loading=\"lazy\" decoding=\"async\" class=\"size-medium wp-image-335891 aligncenter\" src=\"https:\/\/www.radiopiu.net\/wordpress\/wp-content\/uploads\/2023\/05\/644e3b3b-5591-4a84-8d12-07cde4dcd16f-300x225.jpg\" alt=\"\" width=\"300\" height=\"225\" srcset=\"https:\/\/www.radiopiu.net\/wordpress\/wp-content\/uploads\/2023\/05\/644e3b3b-5591-4a84-8d12-07cde4dcd16f-300x225.jpg 300w, https:\/\/www.radiopiu.net\/wordpress\/wp-content\/uploads\/2023\/05\/644e3b3b-5591-4a84-8d12-07cde4dcd16f-1024x768.jpg 1024w, https:\/\/www.radiopiu.net\/wordpress\/wp-content\/uploads\/2023\/05\/644e3b3b-5591-4a84-8d12-07cde4dcd16f-768x576.jpg 768w, https:\/\/www.radiopiu.net\/wordpress\/wp-content\/uploads\/2023\/05\/644e3b3b-5591-4a84-8d12-07cde4dcd16f-1536x1152.jpg 1536w, https:\/\/www.radiopiu.net\/wordpress\/wp-content\/uploads\/2023\/05\/644e3b3b-5591-4a84-8d12-07cde4dcd16f.jpg 1600w\" sizes=\"auto, (max-width: 300px) 100vw, 300px\" \/> <\/a><\/strong><\/p>\n<p><strong>LA VALLE AGORDINA<\/strong> Il sentiero CAI 551 \u00e8 stato chiuso tra le localit\u00e0 Forca e Capitel Di Fries per cantiere boschivo. Il tratto rimarr\u00e0 chiuso fino al 01 giugno. Il transito a piedi o con bicicletta \u00e8 consentito solo fino al bivio in localit\u00e0 Forca.<\/p>\n<p>&nbsp;<\/p>\n<p>&nbsp;<\/p>\n<hr \/>\n<p>&nbsp;<\/p>\n<blockquote><p><em>Si vota anche oggi, dalle 7 alle 15. A Sospirolo, Canale d&#8217;Agordo e Cencenighe c&#8217;\u00e8 gi\u00e0 il sindaco, il quorum \u00e8 stato superato. Non a Pieve di Cadore, ieri l&#8217;affluenza \u00e8 stata pari a poco meno del 37 per cento.<\/em><\/p><\/blockquote>\n<p>IERI SERA A CANALE D&#8217;AGORDO Alle\u00a0 23 quorum\u00a0 <strong>52,48%<\/strong><\/p>\n<blockquote>\n<h3><\/h3>\n<h3>SUPERATO IL QUORUM A CANALE D&#8217;AGORDO E CENCENIGHE. ORA SI ATTENDE LO SPOGLIO<\/h3>\n<\/blockquote>\n<p><strong>CANALE D&#8217;AGORDO\/CENCENIGHE<\/strong><\/p>\n<p>di Gianni Santomaso<\/p>\n<audio class=\"wp-audio-shortcode\" id=\"audio-335675-1\" preload=\"none\" style=\"width: 100%;\" controls=\"controls\"><source type=\"audio\/mpeg\" src=\"https:\/\/www.radiopiu.net\/wordpress\/wp-content\/uploads\/2023\/05\/GIANNI-SUPERATO-IL-QUORUM.mp3?_=1\" \/><a href=\"https:\/\/www.radiopiu.net\/wordpress\/wp-content\/uploads\/2023\/05\/GIANNI-SUPERATO-IL-QUORUM.mp3\">https:\/\/www.radiopiu.net\/wordpress\/wp-content\/uploads\/2023\/05\/GIANNI-SUPERATO-IL-QUORUM.mp3<\/a><\/audio>\n<p>&nbsp;<\/p>\n\n\t\t\t<style type='text\/css'>\n\t\t\t\t#gallery-1 {\n\t\t\t\t\tmargin: auto;\n\t\t\t\t}\n\t\t\t\t#gallery-1 .gallery-item {\n\t\t\t\t\tfloat: left;\n\t\t\t\t\tmargin-top: 10px;\n\t\t\t\t\ttext-align: center;\n\t\t\t\t\twidth: 50%;\n\t\t\t\t}\n\t\t\t\t#gallery-1 img {\n\t\t\t\t\tborder: 2px solid #cfcfcf;\n\t\t\t\t}\n\t\t\t\t#gallery-1 .gallery-caption {\n\t\t\t\t\tmargin-left: 0;\n\t\t\t\t}\n\t\t\t\t\/* see gallery_shortcode() in wp-includes\/media.php *\/\n\t\t\t<\/style>\n\t\t<div id='gallery-1' class='dt-gallery-container gallery galleryid-335675 gallery-columns-2 gallery-size-medium'><dl class='gallery-item'>\n\t\t\t\t<dt class='gallery-icon landscape'>\n\t\t\t\t\t<a class=\"rollover rollover-zoom dt-pswp-item\" title=\"SCR-20230514-sdbq\" data-dt-img-description=\"\" data-large_image_width=\"1290\" data-large_image_height=\"856\"href='https:\/\/www.radiopiu.net\/wordpress\/wp-content\/uploads\/2023\/05\/SCR-20230514-sdbq.jpeg'><img loading=\"lazy\" decoding=\"async\" width=\"300\" height=\"199\" src=\"https:\/\/www.radiopiu.net\/wordpress\/wp-content\/uploads\/2023\/05\/SCR-20230514-sdbq-300x199.jpeg\" class=\"attachment-medium size-medium\" alt=\"\" aria-describedby=\"gallery-1-335884\" srcset=\"https:\/\/www.radiopiu.net\/wordpress\/wp-content\/uploads\/2023\/05\/SCR-20230514-sdbq-300x199.jpeg 300w, https:\/\/www.radiopiu.net\/wordpress\/wp-content\/uploads\/2023\/05\/SCR-20230514-sdbq-1024x679.jpeg 1024w, https:\/\/www.radiopiu.net\/wordpress\/wp-content\/uploads\/2023\/05\/SCR-20230514-sdbq-768x510.jpeg 768w, https:\/\/www.radiopiu.net\/wordpress\/wp-content\/uploads\/2023\/05\/SCR-20230514-sdbq.jpeg 1290w\" sizes=\"auto, (max-width: 300px) 100vw, 300px\" \/><\/a>\n\t\t\t\t<\/dt>\n\t\t\t\t\t<dd class='wp-caption-text gallery-caption' id='gallery-1-335884'>\n\t\t\t\t\tMASSIMO MURER\n\t\t\t\t\t<\/dd><\/dl><dl class='gallery-item'>\n\t\t\t\t<dt class='gallery-icon landscape'>\n\t\t\t\t\t<a class=\"rollover rollover-zoom dt-pswp-item\" title=\"8ff89d07-08df-4326-b29a-0c8970ba96ed-1\" data-dt-img-description=\"\" data-large_image_width=\"1599\" data-large_image_height=\"777\"href='https:\/\/www.radiopiu.net\/wordpress\/wp-content\/uploads\/2023\/05\/8ff89d07-08df-4326-b29a-0c8970ba96ed-1.jpg'><img loading=\"lazy\" decoding=\"async\" width=\"300\" height=\"146\" src=\"https:\/\/www.radiopiu.net\/wordpress\/wp-content\/uploads\/2023\/05\/8ff89d07-08df-4326-b29a-0c8970ba96ed-1-300x146.jpg\" class=\"attachment-medium size-medium\" alt=\"\" aria-describedby=\"gallery-1-335885\" srcset=\"https:\/\/www.radiopiu.net\/wordpress\/wp-content\/uploads\/2023\/05\/8ff89d07-08df-4326-b29a-0c8970ba96ed-1-300x146.jpg 300w, https:\/\/www.radiopiu.net\/wordpress\/wp-content\/uploads\/2023\/05\/8ff89d07-08df-4326-b29a-0c8970ba96ed-1-1024x498.jpg 1024w, https:\/\/www.radiopiu.net\/wordpress\/wp-content\/uploads\/2023\/05\/8ff89d07-08df-4326-b29a-0c8970ba96ed-1-768x373.jpg 768w, https:\/\/www.radiopiu.net\/wordpress\/wp-content\/uploads\/2023\/05\/8ff89d07-08df-4326-b29a-0c8970ba96ed-1-1536x746.jpg 1536w, https:\/\/www.radiopiu.net\/wordpress\/wp-content\/uploads\/2023\/05\/8ff89d07-08df-4326-b29a-0c8970ba96ed-1.jpg 1599w\" sizes=\"auto, (max-width: 300px) 100vw, 300px\" \/><\/a>\n\t\t\t\t<\/dt>\n\t\t\t\t\t<dd class='wp-caption-text gallery-caption' id='gallery-1-335885'>\n\t\t\t\t\tMAURO SOPPELSA\n\t\t\t\t\t<\/dd><\/dl><br style=\"clear: both\" \/>\n\t\t\t<\/div>\n\n<hr \/>\n<p>&nbsp;<\/p>\n<p>&nbsp;<\/p>\n<blockquote>\n<h3>LA SENTENZA: PORSCHE DISTRUTTA NELL&#8217;IMPATTO CON IL CERVO, PAGA LA REGIONE<\/h3>\n<\/blockquote>\n<div class=\"group w-full text-gray-800 dark:text-gray-100 border-b border-black\/10 dark:border-gray-900\/50 bg-gray-50 dark:bg-[#444654]\">\n<div class=\"flex p-4 gap-4 text-base md:gap-6 md:max-w-2xl lg:max-w-xl xl:max-w-3xl md:py-6 lg:px-0 m-auto\">\n<div class=\"relative flex w-[calc(100%-50px)] flex-col gap-1 md:gap-3 lg:w-[calc(100%-115px)]\">\n<div class=\"flex flex-grow flex-col gap-3\">\n<div class=\"min-h-[20px] flex flex-col items-start gap-4 whitespace-pre-wrap break-words\">\n<div class=\"markdown prose w-full break-words dark:prose-invert light\">\n<p><strong>LENTIAI<\/strong> La Regione \u00e8 stata condannata a risarcire quasi 40 mila euro di danni e quasi diecimila euro di spese legali per non aver protetto adeguatamente un sentiero che finiva sulla Strada provinciale 1. Un cervo \u00e8 stato centrato da una Porsche Macan, che \u00e8 stata distrutta nell&#8217;incidente. La decisione \u00e8 stata presa dal Tribunale di Belluno, che ha stabilito che bastava una recinzione per chiudere il sentiero e evitare l&#8217;incidente. La Regione \u00e8 stata ritenuta responsabile in base alle sue competenze sulla tutela e gestione della fauna selvatica. La sentenza fa riferimento a una precedente decisione della Cassazione civile del 2022.<\/p>\n<\/div>\n<\/div>\n<\/div>\n<div class=\"flex justify-between lg:block\">\n<div class=\"text-gray-400 flex self-end lg:self-center justify-center mt-2 gap-2 md:gap-3 lg:gap-1 lg:absolute lg:top-0 lg:translate-x-full lg:right-0 lg:mt-0 lg:pl-2 visible\"><\/div>\n<div><\/div>\n<div>\n<hr \/>\n<\/div>\n<div><\/div>\n<blockquote>\n<h3>ANZIANA SOCCORSA IN CASA<\/h3>\n<\/blockquote>\n<div>\n<div class=\"group w-full text-gray-800 dark:text-gray-100 border-b border-black\/10 dark:border-gray-900\/50 bg-gray-50 dark:bg-[#444654]\">\n<div class=\"flex p-4 gap-4 text-base md:gap-6 md:max-w-2xl lg:max-w-xl xl:max-w-3xl md:py-6 lg:px-0 m-auto\">\n<div class=\"relative flex w-[calc(100%-50px)] flex-col gap-1 md:gap-3 lg:w-[calc(100%-115px)]\">\n<div class=\"flex flex-grow flex-col gap-3\">\n<div class=\"min-h-[20px] flex flex-col items-start gap-4 whitespace-pre-wrap break-words\">\n<div class=\"markdown prose w-full break-words dark:prose-invert light\">\n<p><strong>FELTRE<\/strong> I soccorritori sono stati chiamati a Celarda per aiutare un&#8217;anziana che si era sentita male in casa. Non rispondendo n\u00e9 aprendo la porta, \u00e8 stato necessario rompere un vetro per entrare. L&#8217;anziana \u00e8 stata trovata cosciente ma prostrata a causa della febbre ed \u00e8 stata portata in ospedale per accertamenti.<\/p>\n<\/div>\n<\/div>\n<\/div>\n<div class=\"flex justify-between lg:block\"><\/div>\n<\/div>\n<\/div>\n<\/div>\n<\/div>\n<\/div>\n<\/div>\n<\/div>\n<\/div>\n<p>&nbsp;<\/p>\n<hr \/>\n<p>&nbsp;<\/p>\n<blockquote>\n<h3 class=\"entry-title\">I PAPERONI VENETI ABITANO A CORTINA, I PIU\u2019 POVERI A ZOPPE\u2019 DI CADORE<\/h3>\n<\/blockquote>\n<p>Distano solo 30 chilometri, ma la differenza del reddito complessivo medio Irpef dei contribuenti residenti in questi due comuni bellunesi \u00e8 \u201csiderale\u201d: a Cortina d\u2019Ampezzo, il comune pi\u00f9 ricco tra i 563 presenti in Veneto, ciascun contribuente residente nella perla delle Dolomiti dichiara 30.999 euro, in quello pi\u00f9 \u201cpovero\u201d della nostra regione, ovvero Zopp\u00e8 di Cadore, solo 12.422 euro. L\u2019elaborazione \u00e8 stata realizzata dall\u2019Ufficio studi della CGIA che ha preso in esame le dichiarazioni dei redditi 2021 in possesso del Ministero dell\u2019Economia e delle Finanze. Tra i 7.904 comuni presenti in Italia, va altres\u00ec segnalato che nella graduatoria nazionale Cortina si colloca al 50\u00b0 posto, mentre Zopp\u00e8 di Cadore occupa il 7.662esimo.<\/p>\n<p>Nelle ultime 10 posizioni della nostra regione troviamo il Comune di Selva di Progno (VR) con 16.935 euro, Lastebasse (VI) con 16.826 euro, Papozze (RO) con 16.689 euro, Piacenza d\u2019Adige (PD) con 16.591 euro, San Mauro di Saline (VR) con 16.233 euro, Castelbaldo (PD) con 16.005 euro, Porto Tolle (RO) con 15.774 euro, Velo Veronese (VR) con 15.638 euro, Villanova Marchesana (RO) con 15.618 euro e, infine, come detto pi\u00f9 sopra, Zopp\u00e8 di Cadore (BL) con 12.422 euro.<\/p>\n<p>Questi dati, cos\u00ec come quelli di grandissima parte delle regioni del Centronord, vedono le piccolissime realt\u00e0 di montagna in grande difficolt\u00e0, anche perch\u00e8 negli ultimi 30-40 anni hanno subito un progressivo spopolamento e un forte invecchiamento della popolazione rimasta.<\/p>\n<p>E visti i limiti del centralismo che hanno sicuramente contribuito a \u201cdividere\u201d il Paese, non \u00e8 da escludere che con una decisa accelerazione verso l\u2019autonomia differenziata, in tempi ragionevolmente brevi si potranno accorciare le distanze economiche\/sociali tra il Nord e il Sud, ma anche tra i territori di una stessa regione.<\/p>\n<p>Dalla CGIA ricordano che va comunque sottolineato che questi dati non includono i redditi dei soggetti a imposta sostitutiva o esenti da tassazione diretta (come gli interessi sui redditi di capitale e i redditi realizzati applicando il regime fiscale forfettario) e da eventuali integrazioni (reddito di cittadinanza, assegno unico, pensioni di invalidit\u00e0, etc.).<\/p>\n<p><strong>I Comuni pi\u00f9 ricchi<\/strong><br \/>\nDopo Cortina d\u2019Ampezzo, i \u201cpaperoni\u201d del Veneto abitano nel comune di Monteviale (VI) con un redito di 30.067 euro, Treviso con 29.435 euro, Padova con 29.405 euro e Noventa Padovana (PD) con 29.033 euro. Gli altri comuni capoluogo di provincia seguono pi\u00f9 sotto. Verona \u00e8 all\u201911\u00b0 posto della graduatoria regionale con un reddito medio Irpef di 26.916 euro, Vicenza \u00e8 al 23\u00b0 con 26.443 euro, Belluno al 25\u00b0 con 26.366 euro, Rovigo all\u201982\u00b0 con 24.172 euro e Venezia all\u201989\u00b0 con 24.058 euro. Il comune lagunare \u00e8 tra le amministrazioni dei capoluoghi di regione del Centronord d\u2019Italia che presenta il livello di reddito pi\u00f9 basso.<br \/>\nIn linea generale, affermano dalla CGIA, possiamo affermare con una elevata dose di certezza che i contribuenti pi\u00f9 abbienti abitano nelle medie\/grandi citt\u00e0 o nei comuni contermini a queste ultime.<\/p>\n<p>&nbsp;<\/p>\n<p><a href=\"https:\/\/www.radiopiu.net\/wordpress\/wp-content\/uploads\/2023\/05\/Veneto-Ricchezza-Comuni-13-5.pdf\" target=\"_blank\" rel=\"noopener\">CLICCA QUI PER VEDERE TUTTI I COMUNI<\/a><\/p>\n<p>&nbsp;<\/p>\n<p>&nbsp;<\/p>\n<p>&nbsp;<\/p>\n<hr \/>\n<blockquote>\n<h3><\/h3>\n<h3>NUOVO DG ULSS 1, IL PRESIDENTE DELLA PROVINCIA AUGURA BUON LAVORO A DAL BEN<\/h3>\n<\/blockquote>\n<p><strong><a class=\"dt-pswp-item\" href=\"https:\/\/www.radiopiu.net\/wordpress\/wp-content\/uploads\/2023\/04\/PADRIN.jpeg\" data-dt-img-description=\"\" data-large_image_width=\"1110\" data-large_image_height=\"648\"><img loading=\"lazy\" decoding=\"async\" class=\" wp-image-330720 alignleft\" src=\"https:\/\/www.radiopiu.net\/wordpress\/wp-content\/uploads\/2023\/04\/PADRIN-300x175.jpeg\" alt=\"\" width=\"202\" height=\"118\" srcset=\"https:\/\/www.radiopiu.net\/wordpress\/wp-content\/uploads\/2023\/04\/PADRIN-300x175.jpeg 300w, https:\/\/www.radiopiu.net\/wordpress\/wp-content\/uploads\/2023\/04\/PADRIN-1024x598.jpeg 1024w, https:\/\/www.radiopiu.net\/wordpress\/wp-content\/uploads\/2023\/04\/PADRIN-768x448.jpeg 768w, https:\/\/www.radiopiu.net\/wordpress\/wp-content\/uploads\/2023\/04\/PADRIN.jpeg 1110w\" sizes=\"auto, (max-width: 202px) 100vw, 202px\" \/><\/a>BELLUNO <\/strong>\u00abAuguri di buon lavoro al dottor Dal Ben. La sua esperienza sia al servizio della montagna bellunese e delle comunit\u00e0 locali, soprattutto per risolvere quei problemi della sanit\u00e0 che nelle terre alte rischiano di essere pi\u00f9 pressanti e dalle conseguenze pi\u00f9 pericolose, rispetto alla pianura\u00bb. Lo scrive in una nota il presidente della Provincia di Belluno, per la nomina a direttore generale dell\u2019Ulss 1 Dolomiti di Giuseppe Dal Ben, che dirige anche l\u2019ospedale universitario di Padova. Nomina che dovrebbe essere ufficializzata con un decreto a inizio settimana. \u00abMi auguro che la grande esperienza maturata negli anni possa essere messa a beneficio della nostra sanit\u00e0 e voglio pensare che il doppio incarico &#8211; a Belluno e a Padova &#8211; possa servire a far capire le nostre esigenze e metterle sullo stesso livello di quelle di una realt\u00e0 di pianura e di area metropolitana, e non diventi invece un alibi per dimenticare e di fatto ridurre al minimo l\u2019impegno per la montagna, che ha numeri pi\u00f9 piccoli \u00e8 vero, ma distanze da colmare ben pi\u00f9 consistenti. La permanenza dei servizi, su tutti i presidi sanitari, \u00e8 la base imprescindibile su cui costruire la lotta allo spopolamento. Ma sono certo che il dottor Dal Ben e il suo staff sapranno lavorare in questo senso\u00bb.<\/p>\n<p>&nbsp;<\/p>\n<p>&nbsp;<\/p>\n<hr \/>\n<p>&nbsp;<\/p>\n<blockquote>\n<h3>PER ALESSANDRO DEL BIANCO, SEGRETARIO PROVINCIALE PD, LA NOMINA DEL NUOVO DIRETTORE IN ULSS 1 DOLOMITI HA IL SAPORE DI COMMISSARIAMENTO<\/h3>\n<\/blockquote>\n<p><strong>BELLUNO<\/strong> La nomina del dott. Dal Ben come direttore generale a scavalco dell&#8217;Ulss 1 Dolomiti mantenendo contestualmente l&#8217;incarico a Padova ha tutto il sapore di un commissariamento per il Partito Democratico di Belluno. &#8220;Il profilo professionale del dott. Dal Ben e\u0300 sicuramente rilevante, questo e\u0300 fuori discussione, ma il fatto che all&#8217;Ulss 1 non sia concesso nemmeno di avere un direttore generale in piena autonomia e\u0300 davvero preoccupante e la dice lunga sulla prospettiva che ci attende&#8221; dicono dalla sede del partito.<\/p>\n<p><strong>ALESSANDRO DEL BIANCO, SEGRETARIO PROVINCIALE PD<\/strong><\/p>\n<p><iframe loading=\"lazy\" title=\"DEL BIANCO ULSS 1 DOLOMITI\" width=\"1200\" height=\"675\" src=\"https:\/\/www.youtube.com\/embed\/11lnxcWyCoI?feature=oembed\" frameborder=\"0\" allow=\"accelerometer; autoplay; clipboard-write; encrypted-media; gyroscope; picture-in-picture; web-share\" allowfullscreen><\/iframe><\/p>\n<p>&nbsp;<\/p>\n<p>&nbsp;<\/p>\n<hr \/>\n<p>&nbsp;<\/p>\n<p>&nbsp;<\/p>\n<blockquote class=\"wp-embedded-content\" data-secret=\"1a8dsYU3hE\"><p><a href=\"https:\/\/www.radiopiu.net\/wordpress\/la-cota-il-19-maggio-laccensione-della-calchera-de-le-torte-in-valle-di-san-lucano\/\">&#8220;LA COTA&#8221;: IL 19 MAGGIO L&#8217;ACCENSIONE DELLA CALCHERA DE LE TORTE IN VALLE DI SAN LUCANO<\/a><\/p><\/blockquote>\n<p><iframe loading=\"lazy\" class=\"wp-embedded-content\" sandbox=\"allow-scripts\" security=\"restricted\" style=\"position: absolute; clip: rect(1px, 1px, 1px, 1px);\" title=\"&#8220;&#8220;LA COTA&#8221;: IL 19 MAGGIO L&#8217;ACCENSIONE DELLA CALCHERA DE LE TORTE IN VALLE DI SAN LUCANO&#8221; &#8212; Radio Pi\u00f9\" src=\"https:\/\/www.radiopiu.net\/wordpress\/la-cota-il-19-maggio-laccensione-della-calchera-de-le-torte-in-valle-di-san-lucano\/embed\/#?secret=Bptx76EHHs#?secret=1a8dsYU3hE\" data-secret=\"1a8dsYU3hE\" width=\"600\" height=\"338\" frameborder=\"0\" marginwidth=\"0\" marginheight=\"0\" scrolling=\"no\"><\/iframe><\/p>\n<p>&nbsp;<\/p>\n<p>&nbsp;<\/p>\n<p>&nbsp;<\/p>\n<hr \/>\n<p>&nbsp;<\/p>\n<h3><span style=\"color: #ff9900;\">L&#8217;OPINIONE&#8230;DI FRANCO PIACENTINI<\/span><\/h3>\n<p>Nella scelta della Giunta Regionale per l\u2019incarico a nuovo Direttore Generale della Azienda ULSS n. 1, dal sottoscritto, nessun rilievo sulla professionalit\u00e0 del dott. Giuseppe Dal Ben. Quello che non trova consenso, presumo da parte di molti bellunesi, \u00e8 il doppio suo incarico: manterr\u00e0 anche la responsabilit\u00e0 della Azienda Ospedaliera Universitaria di Padova. Le Terre Alte Dolomitiche, soprattutto sul versante sociosanitario, hanno pieno diritto ad avere specifiche e proprie responsabilit\u00e0 di programmazione, di direzione e di attuazione dei servizi e delle prestazioni sanitarie territoriali, ambulatoriali ed ospedalieri, governate da una direzione generale a tempo pieno, aperta e disponibile al confronto, alla concertazione, \u00a0con: le organizzazioni sindacali, il terzo settore e il volontariato, per garantire quotidianamente la salute dei cittadini. Le Terre Alte Bellunesi non possono essere considerate un territorio per doppi incarichi o accorpamenti, come avvenuto con l\u2019opinabile unificazione del CSV Treviso Belluno. E\u2019 auspicabile che il doppio incarico del dott. Giuseppe Dal Ben sia effettivamente solo per qualche mese, per dare la possibilit\u00e0 alla Giunta del Veneto ad una appropriata, specifica, unica, nomina del nuovo Direttore Generale A. ULSS Bellunese, ricordando e ringraziando la\u00a0 dott.ssa Maria Grazia Carraro, prematuramente mancata.<\/p>\n<p><strong>Franco Piacentini<\/strong><\/p>\n<p>&nbsp;<\/p>\n<p>&nbsp;<\/p>\n<hr \/>\n<p>&nbsp;<\/p>\n<blockquote>\n<h3 class=\"entry-title\">LA MADONNINA DI FALCADE ALTO TORNA AL SUO POSTO GRAZIE AGLI ALPINI<\/h3>\n<\/blockquote>\n<p><strong><a class=\"dt-pswp-item\" href=\"https:\/\/www.radiopiu.net\/wordpress\/wp-content\/uploads\/2023\/05\/Senza-nome-46.jpg\" data-dt-img-description=\"\" data-large_image_width=\"617\" data-large_image_height=\"433\"><img loading=\"lazy\" decoding=\"async\" class=\" wp-image-335688 alignleft\" src=\"https:\/\/www.radiopiu.net\/wordpress\/wp-content\/uploads\/2023\/05\/Senza-nome-46-300x211.jpg\" alt=\"\" width=\"182\" height=\"128\" srcset=\"https:\/\/www.radiopiu.net\/wordpress\/wp-content\/uploads\/2023\/05\/Senza-nome-46-300x211.jpg 300w, https:\/\/www.radiopiu.net\/wordpress\/wp-content\/uploads\/2023\/05\/Senza-nome-46.jpg 617w\" sizes=\"auto, (max-width: 182px) 100vw, 182px\" \/><\/a>FALCADE<\/strong><\/p>\n<p>di Gianni Santomaso<\/p>\n<audio class=\"wp-audio-shortcode\" id=\"audio-335675-2\" preload=\"none\" style=\"width: 100%;\" controls=\"controls\"><source type=\"audio\/mpeg\" src=\"https:\/\/www.radiopiu.net\/wordpress\/wp-content\/uploads\/2023\/05\/GIANNI-MADONNA-FALCADE-ALTO.mp3?_=2\" \/><a href=\"https:\/\/www.radiopiu.net\/wordpress\/wp-content\/uploads\/2023\/05\/GIANNI-MADONNA-FALCADE-ALTO.mp3\">https:\/\/www.radiopiu.net\/wordpress\/wp-content\/uploads\/2023\/05\/GIANNI-MADONNA-FALCADE-ALTO.mp3<\/a><\/audio>\n<p>&nbsp;<\/p>\n<p>&nbsp;<\/p>\n<hr \/>\n<p>&nbsp;<\/p>\n<blockquote>\n<h3>GLI ALPINI DI ALLEGHE SU &#8220;IL PICCOLO&#8221;. A GORIZIA PER VISTARE IL CASTELLO MA ERA CHIUSO<\/h3>\n<\/blockquote>\n<p><strong><a class=\"dt-pswp-item\" href=\"https:\/\/www.radiopiu.net\/wordpress\/wp-content\/uploads\/2023\/05\/SCR-20230514-ntpu.jpeg\" data-dt-img-description=\"\" data-large_image_width=\"1120\" data-large_image_height=\"626\"><img loading=\"lazy\" decoding=\"async\" class=\" wp-image-335813 alignleft\" src=\"https:\/\/www.radiopiu.net\/wordpress\/wp-content\/uploads\/2023\/05\/SCR-20230514-ntpu-300x168.jpeg\" alt=\"\" width=\"173\" height=\"97\" srcset=\"https:\/\/www.radiopiu.net\/wordpress\/wp-content\/uploads\/2023\/05\/SCR-20230514-ntpu-300x168.jpeg 300w, https:\/\/www.radiopiu.net\/wordpress\/wp-content\/uploads\/2023\/05\/SCR-20230514-ntpu-1024x572.jpeg 1024w, https:\/\/www.radiopiu.net\/wordpress\/wp-content\/uploads\/2023\/05\/SCR-20230514-ntpu-768x429.jpeg 768w, https:\/\/www.radiopiu.net\/wordpress\/wp-content\/uploads\/2023\/05\/SCR-20230514-ntpu.jpeg 1120w\" sizes=\"auto, (max-width: 173px) 100vw, 173px\" \/><\/a>REDAZIONE<\/strong> Trasferta in Friuli Venezia Giulia per gli Alpini impegnati con l&#8217;adunata ad Udine. Nel viaggio di andata gli Alpini di Alleghe ne hanno approfittato anche per fare i turisti con una tappa al castello di Gorizia che per\u00f2 risulta chiuso. Il giornale &#8220;Il Piccolo&#8221; ha dedicato un articolo alla chiusura del castello pubblicando come foto proprio gli Alpini di Alleghe che hanno fatto merenda proprio davanti al castello chiuso per lavori di adeguamento. (FOTO: Il Piccolo)<strong>\u00a0<\/strong><\/p>\n<p><strong>L&#8217;ARTICOLO DA IL PICCOLO<\/strong><\/p>\n<p><a class=\"dt-pswp-item\" href=\"https:\/\/www.radiopiu.net\/wordpress\/wp-content\/uploads\/2023\/05\/7adf8a6b-5a13-48df-be3a-54df43b910de-rotated.jpg\" data-dt-img-description=\"\" data-large_image_width=\"1920\" data-large_image_height=\"1080\"><img loading=\"lazy\" decoding=\"async\" class=\"wp-image-335812 aligncenter\" src=\"https:\/\/www.radiopiu.net\/wordpress\/wp-content\/uploads\/2023\/05\/7adf8a6b-5a13-48df-be3a-54df43b910de-1024x576.jpg\" alt=\"\" width=\"427\" height=\"240\" srcset=\"https:\/\/www.radiopiu.net\/wordpress\/wp-content\/uploads\/2023\/05\/7adf8a6b-5a13-48df-be3a-54df43b910de-1024x576.jpg 1024w, https:\/\/www.radiopiu.net\/wordpress\/wp-content\/uploads\/2023\/05\/7adf8a6b-5a13-48df-be3a-54df43b910de-300x169.jpg 300w, https:\/\/www.radiopiu.net\/wordpress\/wp-content\/uploads\/2023\/05\/7adf8a6b-5a13-48df-be3a-54df43b910de-768x432.jpg 768w, https:\/\/www.radiopiu.net\/wordpress\/wp-content\/uploads\/2023\/05\/7adf8a6b-5a13-48df-be3a-54df43b910de-1536x864.jpg 1536w, https:\/\/www.radiopiu.net\/wordpress\/wp-content\/uploads\/2023\/05\/7adf8a6b-5a13-48df-be3a-54df43b910de-rotated.jpg 1920w\" sizes=\"auto, (max-width: 427px) 100vw, 427px\" \/><\/a><\/p>\n<p>&nbsp;<\/p>\n<hr \/>\n<p>&nbsp;<\/p>\n<blockquote>\n<h3>I RAGAZZI DELLE SCUOLE MEDIE DI CAPRILE E LIVINALLONGO A LEZIONE CON I VIGILI DEL FUOCO<\/h3>\n<\/blockquote>\n<p><strong>ALLEGHE <\/strong>Le scuole medie di Caprile e Livinallongo hanno concluso un importante percorso di sensibilizzazione alla sicurezza e alla prevenzione degli incidenti, grazie all&#8217;organizzazione di una simulazione di incendio e di incidente stradale con i Volontari dei Vigili del Fuoco. L&#8217;iniziativa ha permesso agli alunni di acquisire una maggiore coscienza delle proprie potenzialit\u00e0, rendendo possibile il loro coinvolgimento in azioni concrete di solidariet\u00e0. Inoltre, il programma globale di educazione alla sicurezza e alla prevenzione promosso dall&#8217;Istituto Comprensivo ha coinvolto tutti i plessi, sensibilizzando gli alunni attraverso la presenza dei rappresentanti dei Volontari dei Vigili del Fuoco. I rappresentanti locali dell&#8217;Associazione &#8220;Sostegno Coordinamento Vigili del Fuoco&#8221;. Capo Distaccamento &#8211; Caprile &#8211; Alleghe &#8211; Rocca Pietore Massimo Masarei e il Vicecapo Distaccamento Giancarlo Darman Capo dei Volontari dei Vigili del Fuoco di Caprile, Andrea Palla, rappresentante di Arabba, Fabiano Pezzei, rappresentante di Colle Santa Lucia, Igor Callegari, rappresentante di Selva di Cadore e i Volontari della Croce Verde di Alleghe hanno partecipato con grande disponibilit\u00e0 e impegno, dimostrando l&#8217;importanza di queste iniziative per la comunit\u00e0 locale.<\/p>\n<p><strong>IL VIDEO\u00a0<\/strong><\/p>\n<p><iframe loading=\"lazy\" title=\"SIMULAZIONE VIGILI FUOCO CAPRILE\" width=\"1200\" height=\"900\" src=\"https:\/\/www.youtube.com\/embed\/m4p1D1ERIAA?feature=oembed\" frameborder=\"0\" allow=\"accelerometer; autoplay; clipboard-write; encrypted-media; gyroscope; picture-in-picture; web-share\" allowfullscreen><\/iframe><\/p>\n<p>&nbsp;<\/p>\n<hr \/>\n<p>&nbsp;<\/p>\n<blockquote>\n<h3>IL SINDACO DI SELVA DI CADORE RICORDA CHE CI SI PUO&#8217; SPOSARE CIVILMENTE IN VARIE LOCATION DEL COMUNE<\/h3>\n<\/blockquote>\n<p><a class=\"dt-pswp-item\" href=\"https:\/\/www.radiopiu.net\/wordpress\/wp-content\/uploads\/2021\/09\/Luca-Lorenzini-1.jpg\" data-dt-img-description=\"LUCA LORENZINI CANDIDATO SINDACO\" data-large_image_width=\"1200\" data-large_image_height=\"1295\"><img loading=\"lazy\" decoding=\"async\" class=\"alignleft wp-image-233913 \" src=\"https:\/\/www.radiopiu.net\/wordpress\/wp-content\/uploads\/2021\/09\/Luca-Lorenzini-1-278x300.jpg\" alt=\"\" width=\"164\" height=\"177\" srcset=\"https:\/\/www.radiopiu.net\/wordpress\/wp-content\/uploads\/2021\/09\/Luca-Lorenzini-1-278x300.jpg 278w, https:\/\/www.radiopiu.net\/wordpress\/wp-content\/uploads\/2021\/09\/Luca-Lorenzini-1-949x1024.jpg 949w, https:\/\/www.radiopiu.net\/wordpress\/wp-content\/uploads\/2021\/09\/Luca-Lorenzini-1-768x829.jpg 768w, https:\/\/www.radiopiu.net\/wordpress\/wp-content\/uploads\/2021\/09\/Luca-Lorenzini-1.jpg 1200w\" sizes=\"auto, (max-width: 164px) 100vw, 164px\" \/><\/a><strong>SELVA DI CADORE<\/strong><\/p>\n<p>di Gianni Santomaso<\/p>\n<audio class=\"wp-audio-shortcode\" id=\"audio-335675-3\" preload=\"none\" style=\"width: 100%;\" controls=\"controls\"><source type=\"audio\/mpeg\" src=\"https:\/\/www.radiopiu.net\/wordpress\/wp-content\/uploads\/2023\/05\/GIANNI-NOZZE-SELVA-DI-CADORE.mp3?_=3\" \/><a href=\"https:\/\/www.radiopiu.net\/wordpress\/wp-content\/uploads\/2023\/05\/GIANNI-NOZZE-SELVA-DI-CADORE.mp3\">https:\/\/www.radiopiu.net\/wordpress\/wp-content\/uploads\/2023\/05\/GIANNI-NOZZE-SELVA-DI-CADORE.mp3<\/a><\/audio>\n<p>&nbsp;<\/p>\n<hr \/>\n<p>&nbsp;<\/p>\n<h2><span style=\"color: #0000ff;\"><a class=\"dt-pswp-item\" href=\"https:\/\/www.radiopiu.net\/wordpress\/wp-content\/uploads\/2023\/05\/0.png\" data-dt-img-description=\"\" data-large_image_width=\"1616\" data-large_image_height=\"1812\"><img loading=\"lazy\" decoding=\"async\" class=\" wp-image-335848 alignleft\" src=\"https:\/\/www.radiopiu.net\/wordpress\/wp-content\/uploads\/2023\/05\/0-268x300.png\" alt=\"\" width=\"141\" height=\"158\" srcset=\"https:\/\/www.radiopiu.net\/wordpress\/wp-content\/uploads\/2023\/05\/0-268x300.png 268w, https:\/\/www.radiopiu.net\/wordpress\/wp-content\/uploads\/2023\/05\/0-913x1024.png 913w, https:\/\/www.radiopiu.net\/wordpress\/wp-content\/uploads\/2023\/05\/0-768x861.png 768w, https:\/\/www.radiopiu.net\/wordpress\/wp-content\/uploads\/2023\/05\/0-1370x1536.png 1370w, https:\/\/www.radiopiu.net\/wordpress\/wp-content\/uploads\/2023\/05\/0.png 1616w\" sizes=\"auto, (max-width: 141px) 100vw, 141px\" \/><\/a>DAL CORRIERE DELLE ALPI<\/span><\/h2>\n<h2><span style=\"color: #ff0000;\">VIVERE L&#8217;AGORDINO<\/span><\/h2>\n<h3>PATRIZIA REZZONICO: STREGATA DALL&#8217;AGORDINO NEL 1985 OGGI CHIEDE ALLA VALLATA UN PASSO IN PIU&#8217;<\/h3>\n<p>di Gianni Santomaso<\/p>\n<p>&nbsp;<\/p>\n<p>&nbsp;<\/p>\n<hr \/>\n<p>&nbsp;<\/p>\n<blockquote>\n<h3>IMMIGRAZIONE E SPOPOLAMENTO: DUE FACCE DI UN\u2019UNICA MEDAGLIA<\/h3>\n<\/blockquote>\n<p><strong><a class=\"dt-pswp-item\" href=\"https:\/\/www.radiopiu.net\/wordpress\/wp-content\/uploads\/2022\/03\/LIBERA-MAFIE.png\" data-dt-img-description=\"\" data-large_image_width=\"860\" data-large_image_height=\"756\"><img loading=\"lazy\" decoding=\"async\" class=\" wp-image-267115 alignleft\" src=\"https:\/\/www.radiopiu.net\/wordpress\/wp-content\/uploads\/2022\/03\/LIBERA-MAFIE-300x264.png\" alt=\"\" width=\"182\" height=\"160\" \/><\/a>AGORDO <\/strong>\u201cDobbiamo pensare nuovi modelli di accoglienza e integrazione che neutralizzino l\u2019idea aberrante che ci siano culture che si possono integrare e culture che non lo possono fare perch\u00e9 ontologicamente diverse e non cristiane\u201d.\u00a0 \u00c8 l\u2019invito che il Presidio agordino di Libera, intitolato alla memoria di Lucia Precenzano e Salvatore Aversa, rivolge agli amministratori della vallata e alla cittadinanza offrendo \u201cun\u2019altra prospettiva di analisi, che permetta a tutti di inquadrare la questione dell\u2019immigrazione in modo pi\u00f9 corretto dal punto di vista dei dati, ma, soprattutto, da quello umano\u201d. La riflessione \u00e8 contenuta in uno studio che i componenti del presidio hanno effettuato alla luce delle nuove discussioni e polemiche legate all\u2019arrivo dei migranti, alla richiesta inoltrata agli amministratori locali di farsi carico dell\u2019accoglienza e alle modalit\u00e0 con cui questi ultimi si sono posti di fronte al tema. Uno studio corposo, quello del presidio agordino, che si propone di portare all\u2019attenzione una lettura complessa (e non semplicistica) di un fenomeno altrettanto complesso. Lo studio \u00e8 stato inviato nei giorni scorsi a tutti i sindaci della vallata ed \u00e8 pubblicato integralmente sul sito di Radio Pi\u00f9 (<a href=\"http:\/\/www.radiopiu.net\/\">www.radiopiu.net<\/a>). Verr\u00e0 condiviso anche sui canali Instagram e Facebook del presidio. <strong>I DATI<\/strong> Nella prima parte dello studio, dopo aver riflettuto sulle cause che spingono le persone a lasciare il proprio paese (\u201cChi si muove lo fa spesso perch\u00e9 non ha altra scelta\u201d), il presidio si concentra sui dati dell\u2019immigrazione evidenziando come da questi si evinca che \u201cl\u2019invasione\u201d spesso descritta da politici e media non c\u2019\u00e8. \u201cUn dato che dovrebbe farci riflettere \u2013 dicono &#8211; \u00e8 che i migranti presenti nei centri di accoglienza al 31 dicembre 2020 rappresentano lo 0,13% della popolazione italiana, percentuale che sale allo 0,21% se consideriamo solo gli abitanti dei comuni di insediamento\u201d. Discorso simile vale per la provincia di Belluno dove, dal 2018 al 2020, le presenze totali registrate nei centri di accoglienza sono diminuite di oltre il 94%, facendo di Belluno la prima provincia per riduzione delle presenze.\u00a0<strong>L\u2019ACCOGLIENZA<\/strong> Per il presidio \u201cl\u2019accoglienza di richiedenti asilo politico e rifugiati \u00e8 un dovere sancito dalla Costituzione e da trattati internazionali\u201d. Un punto sul quale non si transige. \u201cI Comuni \u2013 aggiunge per\u00f2 Libera Agordino &#8211; devono essere messi nella condizione di poter operare in modo dignitoso e funzionale per supportare chi arriva e non pu\u00f2 tornare al proprio paese di origine e non pu\u00f2 altres\u00ec proseguire in direzione di altri paesi dell\u2019Ue, aiutandolo a ricostruirsi qui una vita\u201d. <strong>IMMIGRAZIONE E SPOPOLAMENTO<\/strong> Nelle scorse settimane sulla stampa si \u00e8 discusso sul ruolo che l\u2019immigrazione potrebbe avere per far fronte allo spopolamento della montagna. Il pensiero del presidio agordino al riguardo \u00e8 chiaro. \u201cNon \u00e8 possibile trovare una facile e immediata soluzione al problema dello spopolamento nell\u2019immigrazione \u2013 dice &#8211; quando invece si dovrebbe cercare di risolverlo con serie e lungimiranti politiche migratorie da un lato e politiche di sostegno alla montagna dall\u2019altro (oggi assenti). Inoltre collegare l&#8217;accoglienza di richiedenti asilo e rifugiati al possibile ritorno in termini di utilit\u00e0 \u00e8 altrettanto sbagliato perch\u00e9 si tratta di un dovere, sancito peraltro dalla Costituzione e dai trattati internazionali\u201d. <strong>PSICOLOGIA E LINGUAGGIO<\/strong> Interessante \u00e8 poi lo spazio che Libera Agordino dedica\u00a0 da un lato ai meccanismi psicologici che si creano di fronte ai fenomeni migratori, dall\u2019altro al linguaggio usato da alcuni media per descriverli. Nel primo caso vengono citati gli studi di Luciano Arcuri, esperto di psicologia sociale, che mostrano come certe reazioni della popolazione di fronte all\u2019arrivo dei migranti nella comunit\u00e0 siano \u201cl\u2019esito di processi erronei di pensiero che tendono a semplificare la realt\u00e0, ricorrendo a scorciatoie di giudizio che alimentano pregiudizi e stereotipi\u201d. Nel secondo si sottolinea come il linguaggio con cui ci si riferisce ad una categoria di persone pu\u00f2 condannare o rafforzare il pregiudizio. <strong>DUE ESPERIENZE<\/strong> Lo studio si conclude con due testimonianze dirette. Una di Riccardo Trulla, consulente ministeriale su progetti legati a immigrazione e asilo; l\u2019altra dell\u2019ex sindaco di Agordo, Sisto Da Roit, che ha gestito l\u2019accoglienza di migranti nel 2012 e nel 2017.<\/p>\n<p><strong>AUDIO<\/strong><\/p>\n<audio class=\"wp-audio-shortcode\" id=\"audio-335675-4\" preload=\"none\" style=\"width: 100%;\" controls=\"controls\"><source type=\"audio\/mpeg\" src=\"https:\/\/www.radiopiu.net\/wordpress\/wp-content\/uploads\/2023\/05\/LIBERA-IMMIGRAZIONE-LILIANA-CAVALLET.mp3?_=4\" \/><a href=\"https:\/\/www.radiopiu.net\/wordpress\/wp-content\/uploads\/2023\/05\/LIBERA-IMMIGRAZIONE-LILIANA-CAVALLET.mp3\">https:\/\/www.radiopiu.net\/wordpress\/wp-content\/uploads\/2023\/05\/LIBERA-IMMIGRAZIONE-LILIANA-CAVALLET.mp3<\/a><\/audio>\n<p>&nbsp;<\/p>\n<p><strong>IL DOCUMENTO DI LIBERA (17 PAGINE)<\/strong><\/p>\n<a href=\"https:\/\/www.radiopiu.net\/wordpress\/wp-content\/uploads\/2023\/05\/APPROFONDIMENTO_-IMMIGRAZIONE.pdf\" class=\"pdfemb-viewer\" style=\"\" data-width=\"max\" data-height=\"max\" data-toolbar=\"top\" data-toolbar-fixed=\"on\">APPROFONDIMENTO_ IMMIGRAZIONE<\/a>\n<p>&nbsp;<\/p>\n<hr \/>\n<p>&nbsp;<\/p>\n<blockquote>\n<h3>A PONTE NELLE ALPI INSTALLATE DUE COLONNINE PER LA RICARICA DELLE BICICLETTE<\/h3>\n<\/blockquote>\n<p><strong>PONTE NELLE ALPI <\/strong>Ponte nelle Alpi investe e scommette sulla mobilit\u00e0 sostenibile e sulle ciclabili. In questo senso, sono state posizionate due nuove colonnine per la riparazione e la ricarica delle biciclette.<span class=\"gmail-Apple-converted-space\"> \u00a0<\/span>Si tratta di colonnine attrezzate che prevedono la possibilit\u00e0 di effettuare piccole riparazioni alla bici, con pompe per il gonfiaggio degli pneumatici e prese elettriche per le e-bike. nello specifico, la bicicletta pu\u00f2 essere rialzata da terra e posizionata su un supporto gommato. In tutte le situazioni d\u2019imprevisto, questi strumenti aiutano ad evitare inconvenienti che possono rovinare l\u2019uscita sui pedali. In pi\u00f9, sar\u00e0 possibile utilizzare i vari utensili disponibili all\u2019interno del corpo centrale della colonnina: il kit \u00e8 composto da cacciaviti, chiavi e leve per lo smontaggio del copertone.<span class=\"gmail-Apple-converted-space\"> \u00a0<\/span>L\u2019amministrazione comunale di Ponte nelle Alpi ha voluto installare le colonnine, pensate per durare nel tempo, in due zone strategiche per la mobilit\u00e0 sostenibile e le ciclabili. Vicino al Teatro Pierobon di Paiane, dove si intersecano le ciclabili per Ponte, Polpet, Belluno, Cadola, Soccher, Soverzene, Alpago e la provinciale della Val Cantuna, che tocca le storiche frazioni dell\u2019Oltrerai. E in piazza della Poesia, di fronte alla biblioteca civica, nella zona della stazione ferroviaria, in cui sorge la nuova fermata dei bus-bike e dei treni.<span class=\"gmail-Apple-converted-space\">\u00a0<\/span><\/p>\n\n\t\t\t<style type='text\/css'>\n\t\t\t\t#gallery-2 {\n\t\t\t\t\tmargin: auto;\n\t\t\t\t}\n\t\t\t\t#gallery-2 .gallery-item {\n\t\t\t\t\tfloat: left;\n\t\t\t\t\tmargin-top: 10px;\n\t\t\t\t\ttext-align: center;\n\t\t\t\t\twidth: 50%;\n\t\t\t\t}\n\t\t\t\t#gallery-2 img {\n\t\t\t\t\tborder: 2px solid #cfcfcf;\n\t\t\t\t}\n\t\t\t\t#gallery-2 .gallery-caption {\n\t\t\t\t\tmargin-left: 0;\n\t\t\t\t}\n\t\t\t\t\/* see gallery_shortcode() in wp-includes\/media.php *\/\n\t\t\t<\/style>\n\t\t<div id='gallery-2' class='dt-gallery-container gallery galleryid-335675 gallery-columns-2 gallery-size-medium'><dl class='gallery-item'>\n\t\t\t\t<dt class='gallery-icon portrait'>\n\t\t\t\t\t<a class=\"rollover rollover-zoom dt-pswp-item\" title=\"Colonnine_1\" data-dt-img-description=\"\" data-large_image_width=\"768\" data-large_image_height=\"1024\"href='https:\/\/www.radiopiu.net\/wordpress\/wp-content\/uploads\/2023\/05\/Colonnine_1.jpg'><img loading=\"lazy\" decoding=\"async\" width=\"225\" height=\"300\" src=\"https:\/\/www.radiopiu.net\/wordpress\/wp-content\/uploads\/2023\/05\/Colonnine_1-225x300.jpg\" class=\"attachment-medium size-medium\" alt=\"\" srcset=\"https:\/\/www.radiopiu.net\/wordpress\/wp-content\/uploads\/2023\/05\/Colonnine_1-225x300.jpg 225w, https:\/\/www.radiopiu.net\/wordpress\/wp-content\/uploads\/2023\/05\/Colonnine_1.jpg 768w\" sizes=\"auto, (max-width: 225px) 100vw, 225px\" \/><\/a>\n\t\t\t\t<\/dt><\/dl><dl class='gallery-item'>\n\t\t\t\t<dt class='gallery-icon portrait'>\n\t\t\t\t\t<a class=\"rollover rollover-zoom dt-pswp-item\" title=\"Colonnine_2\" data-dt-img-description=\"\" data-large_image_width=\"768\" data-large_image_height=\"1024\"href='https:\/\/www.radiopiu.net\/wordpress\/wp-content\/uploads\/2023\/05\/Colonnine_2.jpg'><img loading=\"lazy\" decoding=\"async\" width=\"225\" height=\"300\" src=\"https:\/\/www.radiopiu.net\/wordpress\/wp-content\/uploads\/2023\/05\/Colonnine_2-225x300.jpg\" class=\"attachment-medium size-medium\" alt=\"\" srcset=\"https:\/\/www.radiopiu.net\/wordpress\/wp-content\/uploads\/2023\/05\/Colonnine_2-225x300.jpg 225w, https:\/\/www.radiopiu.net\/wordpress\/wp-content\/uploads\/2023\/05\/Colonnine_2.jpg 768w\" sizes=\"auto, (max-width: 225px) 100vw, 225px\" \/><\/a>\n\t\t\t\t<\/dt><\/dl><br style=\"clear: both\" \/>\n\t\t\t<\/div>\n\n<p>&nbsp;<\/p>\n<hr \/>\n<p>&nbsp;<\/p>\n<blockquote>\n<h3>MAGGIO, MESE DELLE ROSE. AL VIA LA RASSEGNA DEDICATA AL MUSEO ETNOGRAFICO DOLOMITI<\/h3>\n<\/blockquote>\n<p><strong>BELLUNO <\/strong>Il giardino del Museo etnografico Dolomiti (a Cesiomaggiore) sta rifiorendo. La magia della primavera, che ogni anno si ripete facendo sbocciare centinaia di rose di variet\u00e0 diverse e antiche, sar\u00e0 accompagnata da attivit\u00e0, visite guidate e laboratori. Tre settimane piene di appuntamenti, come ormai da tradizione, a cura del Museo e dell\u2019associazione Isoipse. Diverse le occasioni di visita al roseto, che conserva rose raccolte nel territorio che narrano storie legate alle vicende umane, diventando parte integrante dell\u2019offerta museale. Nelle giornate del 14, 21, 27 maggio e 4 giugno ci sar\u00e0 la guida ad accompagnare i visitatori, con spiegazioni sulla storia delle rose e molto altro. Per i gruppi precostituiti, possibilit\u00e0 di visite tutti i giorni dal 14 maggio al 4 giugno, previa prenotazione.<\/p>\n\n\t\t\t<style type='text\/css'>\n\t\t\t\t#gallery-3 {\n\t\t\t\t\tmargin: auto;\n\t\t\t\t}\n\t\t\t\t#gallery-3 .gallery-item {\n\t\t\t\t\tfloat: left;\n\t\t\t\t\tmargin-top: 10px;\n\t\t\t\t\ttext-align: center;\n\t\t\t\t\twidth: 25%;\n\t\t\t\t}\n\t\t\t\t#gallery-3 img {\n\t\t\t\t\tborder: 2px solid #cfcfcf;\n\t\t\t\t}\n\t\t\t\t#gallery-3 .gallery-caption {\n\t\t\t\t\tmargin-left: 0;\n\t\t\t\t}\n\t\t\t\t\/* see gallery_shortcode() in wp-includes\/media.php *\/\n\t\t\t<\/style>\n\t\t<div id='gallery-3' class='dt-gallery-container gallery galleryid-335675 gallery-columns-4 gallery-size-medium'><dl class='gallery-item'>\n\t\t\t\t<dt class='gallery-icon portrait'>\n\t\t\t\t\t<a class=\"rollover rollover-zoom dt-pswp-item\" title=\"40102695-7305-4288-841D-E230D01A5206\" data-dt-img-description=\"\" data-large_image_width=\"1125\" data-large_image_height=\"1500\"href='https:\/\/www.radiopiu.net\/wordpress\/wp-content\/uploads\/2023\/05\/40102695-7305-4288-841D-E230D01A5206.jpeg'><img loading=\"lazy\" decoding=\"async\" width=\"225\" height=\"300\" src=\"https:\/\/www.radiopiu.net\/wordpress\/wp-content\/uploads\/2023\/05\/40102695-7305-4288-841D-E230D01A5206-225x300.jpeg\" class=\"attachment-medium size-medium\" alt=\"\" srcset=\"https:\/\/www.radiopiu.net\/wordpress\/wp-content\/uploads\/2023\/05\/40102695-7305-4288-841D-E230D01A5206-225x300.jpeg 225w, https:\/\/www.radiopiu.net\/wordpress\/wp-content\/uploads\/2023\/05\/40102695-7305-4288-841D-E230D01A5206-768x1024.jpeg 768w, https:\/\/www.radiopiu.net\/wordpress\/wp-content\/uploads\/2023\/05\/40102695-7305-4288-841D-E230D01A5206.jpeg 1125w\" sizes=\"auto, (max-width: 225px) 100vw, 225px\" \/><\/a>\n\t\t\t\t<\/dt><\/dl><dl class='gallery-item'>\n\t\t\t\t<dt class='gallery-icon landscape'>\n\t\t\t\t\t<a class=\"rollover rollover-zoom dt-pswp-item\" title=\"ECB9F43F-E433-4EF6-829E-83E2DD7634A3\" data-dt-img-description=\"\" data-large_image_width=\"1280\" data-large_image_height=\"1280\"href='https:\/\/www.radiopiu.net\/wordpress\/wp-content\/uploads\/2023\/05\/ECB9F43F-E433-4EF6-829E-83E2DD7634A3.jpeg'><img loading=\"lazy\" decoding=\"async\" width=\"300\" height=\"300\" src=\"https:\/\/www.radiopiu.net\/wordpress\/wp-content\/uploads\/2023\/05\/ECB9F43F-E433-4EF6-829E-83E2DD7634A3-300x300.jpeg\" class=\"attachment-medium size-medium\" alt=\"\" srcset=\"https:\/\/www.radiopiu.net\/wordpress\/wp-content\/uploads\/2023\/05\/ECB9F43F-E433-4EF6-829E-83E2DD7634A3-300x300.jpeg 300w, https:\/\/www.radiopiu.net\/wordpress\/wp-content\/uploads\/2023\/05\/ECB9F43F-E433-4EF6-829E-83E2DD7634A3-1024x1024.jpeg 1024w, https:\/\/www.radiopiu.net\/wordpress\/wp-content\/uploads\/2023\/05\/ECB9F43F-E433-4EF6-829E-83E2DD7634A3-150x150.jpeg 150w, https:\/\/www.radiopiu.net\/wordpress\/wp-content\/uploads\/2023\/05\/ECB9F43F-E433-4EF6-829E-83E2DD7634A3-768x768.jpeg 768w, https:\/\/www.radiopiu.net\/wordpress\/wp-content\/uploads\/2023\/05\/ECB9F43F-E433-4EF6-829E-83E2DD7634A3.jpeg 1280w\" sizes=\"auto, (max-width: 300px) 100vw, 300px\" \/><\/a>\n\t\t\t\t<\/dt><\/dl><dl class='gallery-item'>\n\t\t\t\t<dt class='gallery-icon portrait'>\n\t\t\t\t\t<a class=\"rollover rollover-zoom dt-pswp-item\" title=\"46739A57-9C5E-4BD2-9925-C5750FCCFE44\" data-dt-img-description=\"\" data-large_image_width=\"1356\" data-large_image_height=\"2048\"href='https:\/\/www.radiopiu.net\/wordpress\/wp-content\/uploads\/2023\/05\/46739A57-9C5E-4BD2-9925-C5750FCCFE44.jpeg'><img loading=\"lazy\" decoding=\"async\" width=\"199\" height=\"300\" src=\"https:\/\/www.radiopiu.net\/wordpress\/wp-content\/uploads\/2023\/05\/46739A57-9C5E-4BD2-9925-C5750FCCFE44-199x300.jpeg\" class=\"attachment-medium size-medium\" alt=\"\" srcset=\"https:\/\/www.radiopiu.net\/wordpress\/wp-content\/uploads\/2023\/05\/46739A57-9C5E-4BD2-9925-C5750FCCFE44-199x300.jpeg 199w, https:\/\/www.radiopiu.net\/wordpress\/wp-content\/uploads\/2023\/05\/46739A57-9C5E-4BD2-9925-C5750FCCFE44-678x1024.jpeg 678w, https:\/\/www.radiopiu.net\/wordpress\/wp-content\/uploads\/2023\/05\/46739A57-9C5E-4BD2-9925-C5750FCCFE44-768x1160.jpeg 768w, https:\/\/www.radiopiu.net\/wordpress\/wp-content\/uploads\/2023\/05\/46739A57-9C5E-4BD2-9925-C5750FCCFE44-1017x1536.jpeg 1017w, https:\/\/www.radiopiu.net\/wordpress\/wp-content\/uploads\/2023\/05\/46739A57-9C5E-4BD2-9925-C5750FCCFE44.jpeg 1356w\" sizes=\"auto, (max-width: 199px) 100vw, 199px\" \/><\/a>\n\t\t\t\t<\/dt><\/dl><dl class='gallery-item'>\n\t\t\t\t<dt class='gallery-icon portrait'>\n\t\t\t\t\t<a class=\"rollover rollover-zoom dt-pswp-item\" title=\"7F5DEE27-072D-4F9A-B391-CFE90DDED34E\" data-dt-img-description=\"\" data-large_image_width=\"1125\" data-large_image_height=\"1500\"href='https:\/\/www.radiopiu.net\/wordpress\/wp-content\/uploads\/2023\/05\/7F5DEE27-072D-4F9A-B391-CFE90DDED34E.jpeg'><img loading=\"lazy\" decoding=\"async\" width=\"225\" height=\"300\" src=\"https:\/\/www.radiopiu.net\/wordpress\/wp-content\/uploads\/2023\/05\/7F5DEE27-072D-4F9A-B391-CFE90DDED34E-225x300.jpeg\" class=\"attachment-medium size-medium\" alt=\"\" srcset=\"https:\/\/www.radiopiu.net\/wordpress\/wp-content\/uploads\/2023\/05\/7F5DEE27-072D-4F9A-B391-CFE90DDED34E-225x300.jpeg 225w, https:\/\/www.radiopiu.net\/wordpress\/wp-content\/uploads\/2023\/05\/7F5DEE27-072D-4F9A-B391-CFE90DDED34E-768x1024.jpeg 768w, https:\/\/www.radiopiu.net\/wordpress\/wp-content\/uploads\/2023\/05\/7F5DEE27-072D-4F9A-B391-CFE90DDED34E.jpeg 1125w\" sizes=\"auto, (max-width: 225px) 100vw, 225px\" \/><\/a>\n\t\t\t\t<\/dt><\/dl><br style=\"clear: both\" \/>\n\t\t\t<\/div>\n\n<p>&nbsp;<\/p>\n<p>&nbsp;<\/p>\n<hr \/>\n<p>&nbsp;<\/p>\n<blockquote>\n<h3>CONCORSO \u201cSULLE TRACCE DI DINO BUZZATI\u201d: PREMIATI GLI STUDENTI UNIVERSITARI<\/h3>\n<\/blockquote>\n<p><strong>BELLUNO <\/strong>Premiati i tre studenti vincitori del concorso letterario \u201cSulle tracce di Dino Buzzati\u201d, organizzato e promosso dal Csv Belluno Treviso. La cerimonia-evento si \u00e8 svolta a Belluno nella Sala \u201cMuccin\u201d del Centro diocesano \u201cGiovanni XXIII\u201d. Al primo posto assoluto si \u00e8 classificato Nicola Vavassori di Suisio, in provincia di Bergamo, studente di Italianistica all\u2019Universit\u00e0 di Bologna, al primo anno di magistrale, con il saggio dal titolo \u201cIl Giasone in Buzzati. L\u2019origine classica del rapporto tra uomo e montagna\u201d. Secondo posto per Benedetta Marconato di Zero Branco (Treviso), studentessa di Lettere &#8211; Scienze del testo letterario e della comunicazione all\u2019Universit\u00e0 Ca&#8217; Foscari di Venezia con \u201cIl deserto e le Pale, o del perch\u00e9 ogni geografia \u00e8 inventata\u201d. Terzo posto per Martina Da Pian di Belluno, studentessa di Filosofia, Scuola Normale Superiore di Pisa con l\u2019opera \u201cUn paese saggio tutela il paesaggio\u201d.<\/p>\n\n\t\t\t<style type='text\/css'>\n\t\t\t\t#gallery-4 {\n\t\t\t\t\tmargin: auto;\n\t\t\t\t}\n\t\t\t\t#gallery-4 .gallery-item {\n\t\t\t\t\tfloat: left;\n\t\t\t\t\tmargin-top: 10px;\n\t\t\t\t\ttext-align: center;\n\t\t\t\t\twidth: 50%;\n\t\t\t\t}\n\t\t\t\t#gallery-4 img {\n\t\t\t\t\tborder: 2px solid #cfcfcf;\n\t\t\t\t}\n\t\t\t\t#gallery-4 .gallery-caption {\n\t\t\t\t\tmargin-left: 0;\n\t\t\t\t}\n\t\t\t\t\/* see gallery_shortcode() in wp-includes\/media.php *\/\n\t\t\t<\/style>\n\t\t<div id='gallery-4' class='dt-gallery-container gallery galleryid-335675 gallery-columns-2 gallery-size-medium'><dl class='gallery-item'>\n\t\t\t\t<dt class='gallery-icon landscape'>\n\t\t\t\t\t<a class=\"rollover rollover-zoom dt-pswp-item\" title=\"primi tre classificati-min\" data-dt-img-description=\"\" data-large_image_width=\"2560\" data-large_image_height=\"1708\"href='https:\/\/www.radiopiu.net\/wordpress\/wp-content\/uploads\/2023\/05\/primi-tre-classificati-min-scaled.jpeg'><img loading=\"lazy\" decoding=\"async\" width=\"300\" height=\"200\" src=\"https:\/\/www.radiopiu.net\/wordpress\/wp-content\/uploads\/2023\/05\/primi-tre-classificati-min-300x200.jpeg\" class=\"attachment-medium size-medium\" alt=\"\" srcset=\"https:\/\/www.radiopiu.net\/wordpress\/wp-content\/uploads\/2023\/05\/primi-tre-classificati-min-300x200.jpeg 300w, https:\/\/www.radiopiu.net\/wordpress\/wp-content\/uploads\/2023\/05\/primi-tre-classificati-min-1024x683.jpeg 1024w, https:\/\/www.radiopiu.net\/wordpress\/wp-content\/uploads\/2023\/05\/primi-tre-classificati-min-768x513.jpeg 768w, https:\/\/www.radiopiu.net\/wordpress\/wp-content\/uploads\/2023\/05\/primi-tre-classificati-min-1536x1025.jpeg 1536w, https:\/\/www.radiopiu.net\/wordpress\/wp-content\/uploads\/2023\/05\/primi-tre-classificati-min-2048x1367.jpeg 2048w\" sizes=\"auto, (max-width: 300px) 100vw, 300px\" \/><\/a>\n\t\t\t\t<\/dt><\/dl><dl class='gallery-item'>\n\t\t\t\t<dt class='gallery-icon landscape'>\n\t\t\t\t\t<a class=\"rollover rollover-zoom dt-pswp-item\" title=\"vincitori e organizzatori-min\" data-dt-img-description=\"\" data-large_image_width=\"2560\" data-large_image_height=\"1707\"href='https:\/\/www.radiopiu.net\/wordpress\/wp-content\/uploads\/2023\/05\/vincitori-e-organizzatori-min-scaled.jpeg'><img loading=\"lazy\" decoding=\"async\" width=\"300\" height=\"200\" src=\"https:\/\/www.radiopiu.net\/wordpress\/wp-content\/uploads\/2023\/05\/vincitori-e-organizzatori-min-300x200.jpeg\" class=\"attachment-medium size-medium\" alt=\"\" srcset=\"https:\/\/www.radiopiu.net\/wordpress\/wp-content\/uploads\/2023\/05\/vincitori-e-organizzatori-min-300x200.jpeg 300w, https:\/\/www.radiopiu.net\/wordpress\/wp-content\/uploads\/2023\/05\/vincitori-e-organizzatori-min-1024x683.jpeg 1024w, https:\/\/www.radiopiu.net\/wordpress\/wp-content\/uploads\/2023\/05\/vincitori-e-organizzatori-min-768x512.jpeg 768w, https:\/\/www.radiopiu.net\/wordpress\/wp-content\/uploads\/2023\/05\/vincitori-e-organizzatori-min-1536x1024.jpeg 1536w, https:\/\/www.radiopiu.net\/wordpress\/wp-content\/uploads\/2023\/05\/vincitori-e-organizzatori-min-2048x1365.jpeg 2048w\" sizes=\"auto, (max-width: 300px) 100vw, 300px\" \/><\/a>\n\t\t\t\t<\/dt><\/dl><br style=\"clear: both\" \/>\n\t\t\t<\/div>\n\n<p>&nbsp;<\/p>\n<p><iframe loading=\"lazy\" title=\"CSV BLTV Concorso Dino Buzzati 130523\" width=\"1200\" height=\"675\" src=\"https:\/\/www.youtube.com\/embed\/KE3FmWQu0mI?feature=oembed\" frameborder=\"0\" allow=\"accelerometer; autoplay; clipboard-write; encrypted-media; gyroscope; picture-in-picture; web-share\" allowfullscreen><\/iframe><\/p>\n<p>&nbsp;<\/p>\n<p>&nbsp;<\/p>\n<hr \/>\n<p>&nbsp;<\/p>\n<p>&nbsp;<\/p>\n<div class=\"page-title-head hgroup\">\n<blockquote>\n<h3 class=\"entry-title\">QUALCHE SCATTO DAL COMUNALE, DALLA VETRINA PER I GIOVANI MUSICISTI<\/h3>\n<\/blockquote>\n<\/div>\n<p>&nbsp;<\/p>\n<p><strong>FOTO<\/strong><\/p>\n\n\t\t\t<style type='text\/css'>\n\t\t\t\t#gallery-5 {\n\t\t\t\t\tmargin: auto;\n\t\t\t\t}\n\t\t\t\t#gallery-5 .gallery-item {\n\t\t\t\t\tfloat: left;\n\t\t\t\t\tmargin-top: 10px;\n\t\t\t\t\ttext-align: center;\n\t\t\t\t\twidth: 25%;\n\t\t\t\t}\n\t\t\t\t#gallery-5 img {\n\t\t\t\t\tborder: 2px solid #cfcfcf;\n\t\t\t\t}\n\t\t\t\t#gallery-5 .gallery-caption {\n\t\t\t\t\tmargin-left: 0;\n\t\t\t\t}\n\t\t\t\t\/* see gallery_shortcode() in wp-includes\/media.php *\/\n\t\t\t<\/style>\n\t\t<div id='gallery-5' class='dt-gallery-container gallery galleryid-335675 gallery-columns-4 gallery-size-thumbnail'><dl class='gallery-item'>\n\t\t\t\t<dt class='gallery-icon portrait'>\n\t\t\t\t\t<a class=\"rollover rollover-zoom dt-pswp-item\" title=\"87ef9518-9b4c-4888-9102-a5d2ea2cfb41\" data-dt-img-description=\"\" data-large_image_width=\"473\" data-large_image_height=\"1024\"href='https:\/\/www.radiopiu.net\/wordpress\/wp-content\/uploads\/2023\/05\/87ef9518-9b4c-4888-9102-a5d2ea2cfb41.jpg'><img loading=\"lazy\" decoding=\"async\" width=\"150\" height=\"150\" src=\"https:\/\/www.radiopiu.net\/wordpress\/wp-content\/uploads\/2023\/05\/87ef9518-9b4c-4888-9102-a5d2ea2cfb41-150x150.jpg\" class=\"attachment-thumbnail size-thumbnail\" alt=\"\" \/><\/a>\n\t\t\t\t<\/dt><\/dl><dl class='gallery-item'>\n\t\t\t\t<dt class='gallery-icon landscape'>\n\t\t\t\t\t<a class=\"rollover rollover-zoom dt-pswp-item\" title=\"7c6f8117-aef3-4d4a-a97c-507f3f0315a8\" data-dt-img-description=\"\" data-large_image_width=\"1024\" data-large_image_height=\"768\"href='https:\/\/www.radiopiu.net\/wordpress\/wp-content\/uploads\/2023\/05\/7c6f8117-aef3-4d4a-a97c-507f3f0315a8.jpg'><img loading=\"lazy\" decoding=\"async\" width=\"150\" height=\"150\" src=\"https:\/\/www.radiopiu.net\/wordpress\/wp-content\/uploads\/2023\/05\/7c6f8117-aef3-4d4a-a97c-507f3f0315a8-150x150.jpg\" class=\"attachment-thumbnail size-thumbnail\" alt=\"\" \/><\/a>\n\t\t\t\t<\/dt><\/dl><dl class='gallery-item'>\n\t\t\t\t<dt class='gallery-icon landscape'>\n\t\t\t\t\t<a class=\"rollover rollover-zoom dt-pswp-item\" title=\"9d368888-ef5d-479f-84a1-2233aaeb269c\" data-dt-img-description=\"\" data-large_image_width=\"1024\" data-large_image_height=\"768\"href='https:\/\/www.radiopiu.net\/wordpress\/wp-content\/uploads\/2023\/05\/9d368888-ef5d-479f-84a1-2233aaeb269c.jpg'><img loading=\"lazy\" decoding=\"async\" width=\"150\" height=\"150\" src=\"https:\/\/www.radiopiu.net\/wordpress\/wp-content\/uploads\/2023\/05\/9d368888-ef5d-479f-84a1-2233aaeb269c-150x150.jpg\" class=\"attachment-thumbnail size-thumbnail\" alt=\"\" \/><\/a>\n\t\t\t\t<\/dt><\/dl><dl class='gallery-item'>\n\t\t\t\t<dt class='gallery-icon landscape'>\n\t\t\t\t\t<a class=\"rollover rollover-zoom dt-pswp-item\" title=\"ac1875f9-91c6-4a73-b4dd-0ed3345e4510\" data-dt-img-description=\"\" data-large_image_width=\"1024\" data-large_image_height=\"768\"href='https:\/\/www.radiopiu.net\/wordpress\/wp-content\/uploads\/2023\/05\/ac1875f9-91c6-4a73-b4dd-0ed3345e4510.jpg'><img loading=\"lazy\" decoding=\"async\" width=\"150\" height=\"150\" src=\"https:\/\/www.radiopiu.net\/wordpress\/wp-content\/uploads\/2023\/05\/ac1875f9-91c6-4a73-b4dd-0ed3345e4510-150x150.jpg\" class=\"attachment-thumbnail size-thumbnail\" alt=\"\" \/><\/a>\n\t\t\t\t<\/dt><\/dl><br style=\"clear: both\" \/>\n\t\t\t<\/div>\n\n<p>&nbsp;<\/p>\n<p>GIORNALE RADIO PIU DEL 10 MAGGIO 2023<\/p>\n<p><strong>DI DANIELE DALVIT<\/strong><\/p>\n<audio class=\"wp-audio-shortcode\" id=\"audio-335675-5\" preload=\"none\" style=\"width: 100%;\" controls=\"controls\"><source type=\"audio\/mpeg\" src=\"https:\/\/www.radiopiu.net\/wordpress\/wp-content\/uploads\/2023\/05\/Radio-Piu-Servizio-Concorso-musicale-Belluno.mp3?_=5\" \/><a href=\"https:\/\/www.radiopiu.net\/wordpress\/wp-content\/uploads\/2023\/05\/Radio-Piu-Servizio-Concorso-musicale-Belluno.mp3\">https:\/\/www.radiopiu.net\/wordpress\/wp-content\/uploads\/2023\/05\/Radio-Piu-Servizio-Concorso-musicale-Belluno.mp3<\/a><\/audio>\n<p>&nbsp;<\/p>\n<p>&nbsp;<\/p>\n<hr \/>\n<p>&nbsp;<\/p>\n<p>&nbsp;<\/p>\n<blockquote class=\"wp-embedded-content\" data-secret=\"hdb8R9dOwu\"><p><a href=\"https:\/\/www.radiopiu.net\/wordpress\/feltre-eventi-i-ragazzi-del-sold-out\/\">FELTRE EVENTI&#8230;. I RAGAZZI DEL SOLD OUT<\/a><\/p><\/blockquote>\n<p><iframe loading=\"lazy\" class=\"wp-embedded-content\" sandbox=\"allow-scripts\" security=\"restricted\" style=\"position: absolute; clip: rect(1px, 1px, 1px, 1px);\" title=\"&#8220;FELTRE EVENTI&#8230;. I RAGAZZI DEL SOLD OUT&#8221; &#8212; Radio Pi\u00f9\" src=\"https:\/\/www.radiopiu.net\/wordpress\/feltre-eventi-i-ragazzi-del-sold-out\/embed\/#?secret=jZZ4S7ANh8#?secret=hdb8R9dOwu\" data-secret=\"hdb8R9dOwu\" width=\"600\" height=\"338\" frameborder=\"0\" marginwidth=\"0\" marginheight=\"0\" scrolling=\"no\"><\/iframe><\/p>\n<p>&nbsp;<\/p>\n<p>&nbsp;<\/p>\n<hr \/>\n<p>&nbsp;<\/p>\n<blockquote>\n<h3>CONCLUSO IL CONCORSO DAFNE<\/h3>\n<\/blockquote>\n<p><strong>BELLUNO <\/strong>Il 12 maggio si \u00e8 concluso il concorso &#8220;OTUIA\/AIUTO&#8221;, rivolto agli studenti delle Scuole Secondarie della provincia. La Giuria, composta dall&#8217;avv. Elisa Collostide, il Commissario Capo dott.ssa Valentina Benvegn\u00f9, il Ten. Col. Nicola Darida, la Prof.ssa Antonella Gris e Paolo Capraro, ha selezionato i vincitori. Al primo posto si sono classificati gli studenti della classe V &#8211; &#8220;A un battito da te&#8221; dell&#8217;Istituto Leonardo Da Vinci, sotto la guida della prof.ssa Marta Mellere. Al secondo posto pari merito si sono classificati gli studenti della classe III-IV &#8211; &#8220;La violenza ha tante forme&#8221; e &#8220;Dietro le nuvole c&#8217;\u00e8 un sole bellissimo&#8221;, sempre dell&#8217;Istituto Leonardo Da Vinci e guidati dalla stessa prof.ssa Mellere. Infine, al terzo posto si sono classificati gli studenti della classe IDL &#8211; &#8220;112 113, puoi chiamare, credici!&#8221; dell&#8217;Istituto Liceo Renier, sotto la guida della prof.ssa Marta Piazza. Il concorso ha visto la partecipazione di molte scuole della provincia, e la giuria ha premiato le opere degli studenti che hanno saputo esprimere al meglio i temi proposti. Un&#8217;ottima iniziativa che valorizza la creativit\u00e0 e l&#8217;impegno dei giovani, e che contribuisce a sensibilizzare su temi importanti come la violenza, l&#8217;emergenza sanitaria e l&#8217;importanza di chiamare i numeri di emergenza.<\/p>\n<p>&nbsp;<\/p>\n<p>&nbsp;<\/p>\n<hr \/>\n<p>&nbsp;<\/p>\n<blockquote>\n<h3>LA GIORNATA NAZIONALE PER LA BIODIVERSITA\u2019 ALL\u2019AGRARIO DEI FELTRE<\/h3>\n<\/blockquote>\n<p><strong>FELTRE <\/strong>In occasione delle iniziative a livello nazionali e mondiali di sensibilizzazione al tema della biodiversit\u00e0,\u00a0 sabato 20 maggio 2023 dalle ore 9.00 alle ore 12.30, l\u2019Istituto Agrario \u201cA. Della Lucia\u201d di Feltre apre al pubblico le porte della propria Azienda Agraria e gli stessi allievi della Scuola accompagneranno tutti gli interessati alla scoperta dei progetti e delle attivit\u00e0 in campo, svolte a favore della conservazione dell\u2019agro-biodiversit\u00e0 di interesse agrario e alimentare a rischio di estinzione o di erosione genetica e dell\u2019agricoltura biologica.<\/p>\n<p>&nbsp;<\/p>\n<p>&nbsp;<\/p>\n<hr \/>\n<p>&nbsp;<\/p>\n<p><span style=\"color: #ff0000;\"><strong>SCEGLI\u00a0 E AIUTA I VOLONTARI DEL\u00a0 TUO TERRITORIO!\u00a0<\/strong><\/span><\/p>\n<p><strong>\u00a0DI GIANNI SANTOMASO\u00a0<\/strong><\/p>\n<audio class=\"wp-audio-shortcode\" id=\"audio-335675-6\" preload=\"none\" style=\"width: 100%;\" controls=\"controls\"><source type=\"audio\/mpeg\" src=\"https:\/\/www.radiopiu.net\/wordpress\/wp-content\/uploads\/2023\/05\/CROCE-VERDE.mp3?_=6\" \/><a href=\"https:\/\/www.radiopiu.net\/wordpress\/wp-content\/uploads\/2023\/05\/CROCE-VERDE.mp3\">https:\/\/www.radiopiu.net\/wordpress\/wp-content\/uploads\/2023\/05\/CROCE-VERDE.mp3<\/a><\/audio>\n\n\t\t\t<style type='text\/css'>\n\t\t\t\t#gallery-6 {\n\t\t\t\t\tmargin: auto;\n\t\t\t\t}\n\t\t\t\t#gallery-6 .gallery-item {\n\t\t\t\t\tfloat: left;\n\t\t\t\t\tmargin-top: 10px;\n\t\t\t\t\ttext-align: center;\n\t\t\t\t\twidth: 100%;\n\t\t\t\t}\n\t\t\t\t#gallery-6 img {\n\t\t\t\t\tborder: 2px solid #cfcfcf;\n\t\t\t\t}\n\t\t\t\t#gallery-6 .gallery-caption {\n\t\t\t\t\tmargin-left: 0;\n\t\t\t\t}\n\t\t\t\t\/* see gallery_shortcode() in wp-includes\/media.php *\/\n\t\t\t<\/style>\n\t\t<div id='gallery-6' class='dt-gallery-container gallery galleryid-335675 gallery-columns-1 gallery-size-medium'><dl class='gallery-item'>\n\t\t\t\t<dt class='gallery-icon portrait'>\n\t\t\t\t\t<a class=\"rollover rollover-zoom dt-pswp-item\" title=\"99993023-0a27-4b3d-9b23-3e74404ba1a3\" data-dt-img-description=\"\" data-large_image_width=\"715\" data-large_image_height=\"1024\"href='https:\/\/www.radiopiu.net\/wordpress\/wp-content\/uploads\/2023\/05\/99993023-0a27-4b3d-9b23-3e74404ba1a3.jpg'><img loading=\"lazy\" decoding=\"async\" width=\"209\" height=\"300\" src=\"https:\/\/www.radiopiu.net\/wordpress\/wp-content\/uploads\/2023\/05\/99993023-0a27-4b3d-9b23-3e74404ba1a3-209x300.jpg\" class=\"attachment-medium size-medium\" alt=\"\" srcset=\"https:\/\/www.radiopiu.net\/wordpress\/wp-content\/uploads\/2023\/05\/99993023-0a27-4b3d-9b23-3e74404ba1a3-209x300.jpg 209w, https:\/\/www.radiopiu.net\/wordpress\/wp-content\/uploads\/2023\/05\/99993023-0a27-4b3d-9b23-3e74404ba1a3.jpg 715w\" sizes=\"auto, (max-width: 209px) 100vw, 209px\" \/><\/a>\n\t\t\t\t<\/dt><\/dl><br style=\"clear: both\" \/>\n\t\t\t<\/div>\n\n<p>&nbsp;<\/p>\n<hr \/>\n<p>&nbsp;<\/p>\n<blockquote>\n<h3><strong>ULSS1, CONCORSI E RICERCHE<\/strong><\/h3>\n<\/blockquote>\n<p><strong>BELLUNO<\/strong> Prosegue la ricerca di personale in Ulss Dolomiti per rafforzare il personale. Nello specifico: 1 posto per Logopedista 2 posti per dirigente medico nella disciplina di Neurologia 2 posti per dirigente medico nella disciplina di Psichiatria 4 posti per dirigente medico nella disciplina di Ortopedia e Traumatologia 5 posti per operatore tecnico specializzato \u2013 autista di ambulanza 1 posto per dirigente medico nella disciplina di Medicina del Lavoro e Sicurezza degli Ambienti di Lavoro 1 posto per dirigente medico nella disciplina di Patologia Clinica (Laboratorio di Analisi chimico-cliniche e microbiologia) 4 posti per operatore tecnico specializzato &#8211; magazziniere 1 posto per dirigente medico nella disciplina di Organizzazione dei Servizi Sanitari di Base. Per informazioni e per consultare i bandi di concorso <a href=\"http:\/\/www.aulss1.veneto.it\/\">www.aulss1.veneto.it<\/a><\/p>\n<p>&nbsp;<\/p>\n<hr \/>\n<p>&nbsp;<\/p>\n<p>&nbsp;<\/p>\n<blockquote>\n<h2><a class=\"dt-pswp-item\" href=\"https:\/\/www.radiopiu.net\/wordpress\/wp-content\/uploads\/2023\/05\/9fef5d60-aa5d-479f-a0a9-a239f83108ef.jpg\" data-dt-img-description=\"\" data-large_image_width=\"1600\" data-large_image_height=\"1200\"><img loading=\"lazy\" decoding=\"async\" class=\"size-medium wp-image-335644 alignleft\" src=\"https:\/\/www.radiopiu.net\/wordpress\/wp-content\/uploads\/2023\/05\/9fef5d60-aa5d-479f-a0a9-a239f83108ef-300x225.jpg\" alt=\"\" width=\"300\" height=\"225\" srcset=\"https:\/\/www.radiopiu.net\/wordpress\/wp-content\/uploads\/2023\/05\/9fef5d60-aa5d-479f-a0a9-a239f83108ef-300x225.jpg 300w, https:\/\/www.radiopiu.net\/wordpress\/wp-content\/uploads\/2023\/05\/9fef5d60-aa5d-479f-a0a9-a239f83108ef-1024x768.jpg 1024w, https:\/\/www.radiopiu.net\/wordpress\/wp-content\/uploads\/2023\/05\/9fef5d60-aa5d-479f-a0a9-a239f83108ef-768x576.jpg 768w, https:\/\/www.radiopiu.net\/wordpress\/wp-content\/uploads\/2023\/05\/9fef5d60-aa5d-479f-a0a9-a239f83108ef-1536x1152.jpg 1536w, https:\/\/www.radiopiu.net\/wordpress\/wp-content\/uploads\/2023\/05\/9fef5d60-aa5d-479f-a0a9-a239f83108ef.jpg 1600w\" sizes=\"auto, (max-width: 300px) 100vw, 300px\" \/><\/a>VENERDI AD ALLEGHE LA PRESENTAZIONE DELLA NUOVA PROLOCO<\/h2>\n<\/blockquote>\n<p><strong>LO SPOT ALLA RADIO<\/strong><\/p>\n<audio class=\"wp-audio-shortcode\" id=\"audio-335675-7\" preload=\"none\" style=\"width: 100%;\" controls=\"controls\"><source type=\"audio\/mpeg\" src=\"https:\/\/www.radiopiu.net\/wordpress\/wp-content\/uploads\/2023\/05\/PROMO-PRO-LOCO-ALLEGHE-2023.mp3?_=7\" \/><a href=\"https:\/\/www.radiopiu.net\/wordpress\/wp-content\/uploads\/2023\/05\/PROMO-PRO-LOCO-ALLEGHE-2023.mp3\">https:\/\/www.radiopiu.net\/wordpress\/wp-content\/uploads\/2023\/05\/PROMO-PRO-LOCO-ALLEGHE-2023.mp3<\/a><\/audio>\n<p>&nbsp;<\/p>\n<hr \/>\n<p>&nbsp;<\/p>\n<p>&nbsp;<\/p>\n<blockquote>\n<h3>VENERDI AD AGORDO&#8230; DALLE 9 IN DIRETTA SU TUTTI I CANALI SOCIAL DI RADIO PIU<\/h3>\n<\/blockquote>\n<blockquote class=\"wp-embedded-content\" data-secret=\"iOs6617HpK\"><p><a href=\"https:\/\/www.radiopiu.net\/wordpress\/cosa-chiede-il-mondo-del-lavoro-alla-scuola-lincontro-al-follador-il-19-maggio\/\">COSA CHIEDE IL MONDO DEL LAVORO ALLA SCUOLA? L&#8217;INCONTRO AL FOLLADOR IL 19 MAGGIO<\/a><\/p><\/blockquote>\n<p><iframe loading=\"lazy\" class=\"wp-embedded-content\" sandbox=\"allow-scripts\" security=\"restricted\" style=\"position: absolute; clip: rect(1px, 1px, 1px, 1px);\" title=\"&#8220;COSA CHIEDE IL MONDO DEL LAVORO ALLA SCUOLA? L&#8217;INCONTRO AL FOLLADOR IL 19 MAGGIO&#8221; &#8212; Radio Pi\u00f9\" src=\"https:\/\/www.radiopiu.net\/wordpress\/cosa-chiede-il-mondo-del-lavoro-alla-scuola-lincontro-al-follador-il-19-maggio\/embed\/#?secret=xsifseIUMi#?secret=iOs6617HpK\" data-secret=\"iOs6617HpK\" width=\"600\" height=\"338\" frameborder=\"0\" marginwidth=\"0\" marginheight=\"0\" scrolling=\"no\"><\/iframe><\/p>\n<p>&nbsp;<\/p>\n<p>&nbsp;<\/p>\n<p>&nbsp;<\/p>\n<hr \/>\n<p>&nbsp;<\/p>\n<h2><span style=\"color: #ff0000;\">GLI APPUNTAMENTI DELLA SETTIMANA<\/span><\/h2>\n<p><a class=\"dt-pswp-item\" href=\"https:\/\/www.radiopiu.net\/wordpress\/wp-content\/uploads\/2023\/05\/3ab7ba25-2ff8-4314-8f48-f20c60ae9487.jpg\" data-dt-img-description=\"\" data-large_image_width=\"1131\" data-large_image_height=\"1600\"><img loading=\"lazy\" decoding=\"async\" class=\"size-medium wp-image-335641 aligncenter\" src=\"https:\/\/www.radiopiu.net\/wordpress\/wp-content\/uploads\/2023\/05\/3ab7ba25-2ff8-4314-8f48-f20c60ae9487-212x300.jpg\" alt=\"\" width=\"212\" height=\"300\" srcset=\"https:\/\/www.radiopiu.net\/wordpress\/wp-content\/uploads\/2023\/05\/3ab7ba25-2ff8-4314-8f48-f20c60ae9487-212x300.jpg 212w, https:\/\/www.radiopiu.net\/wordpress\/wp-content\/uploads\/2023\/05\/3ab7ba25-2ff8-4314-8f48-f20c60ae9487-724x1024.jpg 724w, https:\/\/www.radiopiu.net\/wordpress\/wp-content\/uploads\/2023\/05\/3ab7ba25-2ff8-4314-8f48-f20c60ae9487-768x1086.jpg 768w, https:\/\/www.radiopiu.net\/wordpress\/wp-content\/uploads\/2023\/05\/3ab7ba25-2ff8-4314-8f48-f20c60ae9487-1086x1536.jpg 1086w, https:\/\/www.radiopiu.net\/wordpress\/wp-content\/uploads\/2023\/05\/3ab7ba25-2ff8-4314-8f48-f20c60ae9487.jpg 1131w\" sizes=\"auto, (max-width: 212px) 100vw, 212px\" \/><\/a><\/p>\n<p>&nbsp;<\/p>\n<blockquote>\n<h3>DUE APPUNTAMENTI CON IL GRUPPO NATURA<\/h3>\n<\/blockquote>\n<p><strong>LENTIAI<\/strong>\u00a0 Venerdi 19 maggio alle 20.30 presso la societ\u00e0 operaia serata\u00a0 dedicata alla minaccia di estinzione delle api,\u00a0 prevede la presentazione di una serie di articoli sull&#8217;argomento a cura del giornalista Cosentino Domenico e la testimonianza di un apiculture locale, Claudio Mioranza, tecnico apistico che ci presenter\u00e0 la sua esperienza con un video. Secondo appuntamento sabato 27\/05\u00a0 dalle\u00a0 14 con i volontari all&#8217;estirpazione del veratro, pianta infestante, competitrice del narciso<\/p>\n<p>&nbsp;<\/p>\n<p>&nbsp;<\/p>\n<hr \/>\n<p>&nbsp;<\/p>\n<blockquote>\n<h3>LIMANA AI TEMPI DELLA GRANDE GUERRA<\/h3>\n<\/blockquote>\n<p><strong>LIMANA<\/strong> Comune di Limana e Associazione Bersaglieri Belluno organizzano un fine settimana dedicato alla Prima guerra Mondiale. Venerd\u00ec 19 maggio alle 20:30 una conferenza &#8220;<em style=\"box-sizing: border-box;\">1918: il Battaglione dei Volontari del Col Visentin<\/em>&#8221; a cura del giornalista Roberto De Nart. Sabato 20 maggio una giornata di festa con la fanfara dei Bersaglieri, la rievocazione storica del giuramento del &#8220;<em style=\"box-sizing: border-box;\">Battaglione Volontari Col Visentin 1918<\/em>&#8221; per terminare con il pranzo alla Baita degli Alpini.<\/p>\n<p>&nbsp;<\/p>\n<p>&nbsp;<\/p>\n<hr \/>\n<p>&nbsp;<\/p>\n<blockquote>\n<h3>MARTEDIACOLOR<\/h3>\n<\/blockquote>\n<p><strong>BELLUNO <\/strong>Con la Primavera tornano a Belluno i Martediacolor, una tradizionale manifestazione che trova sempre l\u2019interesse di un numeroso pubblico. Organizzate dal C.T.G. gruppo Belluno, in collaborazione con i Circoli Fotografici di Belluno ed Agordo, sono piacevoli serate con racconti fotografici realizzati in multivisione, dedicate agli amanti dei viaggi, della natura e dell&#8217;arte. Il programma si articola in tre appuntamenti presso la sala Parrocchiale di Cavarzano alle ore 20.45, con ingresso libero, nelle giornate di marted\u00ec 16-23 e 30 maggio.<\/p>\n<p>&nbsp;<\/p>\n<p>&nbsp;<\/p>\n<hr \/>\n<p>&nbsp;<\/p>\n<h2><span style=\"color: #ff0000;\">PROSSIMAMENTE&#8230;<\/span><\/h2>\n<blockquote>\n<h3>FOLKLOR JALPE&#8217; DE LA MARMOLEDA<\/h3>\n<\/blockquote>\n<p><strong>ROCCA PIETORE<\/strong> \u00c8 in programma per il 26, 27 e 28 maggio l&#8217;edizione 2023 di Folklor Jalp\u00e8 De La Marmoleda. Tre giorni di festa sotto al tendone riscaldato in localit\u00e0 Bosco Verde a Rocca Pietore tra cucina tipica e balli con le band tirolesi. Domenica 28, nel pomeriggio, la sfilata dei gruppi folk<\/p>\n<p>&nbsp;<\/p>\n<p>&nbsp;<\/p>\n<hr \/>\n<p>&nbsp;<\/p>\n<blockquote>\n<h3>I 75 ANNI DELLA COMUNITA&#8217; DI VILLA SAN FRANCESCO<\/h3>\n<\/blockquote>\n<p><strong>PEDAVENA <\/strong>Nel fine settimana del 27 e 28 maggio \u00e8 in programma una due giorni dedicata ai 75 anni della comunit\u00e0 di Villa San Francesco dove ci saranno dei convegni dedicati ai giovani in occasione della 26\u00aa edizione della Festa del Volontariato Sociale.<\/p>\n<p>&nbsp;<\/p>\n<p>&nbsp;<\/p>\n<hr \/>\n<p>&nbsp;<\/p>\n<blockquote>\n<h3>LA PRIMA EDIZIONE DELLA DON &#8211; PIANLONCH<\/h3>\n<\/blockquote>\n<p><strong>GOSALDO<\/strong> E&#8217; in programma per <strong>domenica 28 maggio<\/strong> la prima edizione della gara di corsa Don &#8211; Pianlonch. Una passeggiata ludicomotoria di 5,6 km non competitiva. Iscrizione 6 euro prima della partenza, 10 euro con panino farcito e bottigllia d&#8217;acqua.<\/p>\n<p>&nbsp;<\/p>\n<p>&nbsp;<\/p>\n<hr \/>\n<p>&nbsp;<\/p>\n<blockquote>\n<h3>SABATO 3 GIUGNO LA CENA DELLA CLASSE 1955-56<\/h3>\n<\/blockquote>\n<p><strong>AGORDO<\/strong> E&#8217; in programma per sabato 3 giugno al Ristorante &#8220;La Stanga&#8221; la cena delle classi 1955-1956. Ritrovo al ristorante alle 19, cena , musica e premi. Per informazioni ed iscrizioni Roberto Schenot al 348 8524340. Iscrizioni entro il 29 maggio.<\/p>\n<p>&nbsp;<\/p>\n<p>&nbsp;<\/p>\n<hr \/>\n<p>&nbsp;<\/p>\n<blockquote>\n<h3>DOMENICA 4 GIUGNO LA 4 PAS IN DOI<\/h3>\n<\/blockquote>\n<p><strong>AGORDO<\/strong> <strong>DOMENICA 4 GIUGNO<\/strong> AD AGORDO: &#8220;4 Pas in doi&#8221; TRAIL RUNNING A COPPIE. Due percorsi: 16 km con 900 metri di dislivello, o 5 km con 250 metri di dislivello. E per i pi\u00f9 golosi, la &#8220;4 Pas in doi Bocoi&#8221;: itinerario enogastronomico, 6 km, con 4 tappe da&#8230; gustare. Per informazioni ed iscrizioni: www.4pasindoi.it<\/p>\n<p>&nbsp;<\/p>\n<p>&nbsp;<\/p>\n<hr \/>\n<p>&nbsp;<\/p>\n<blockquote>\n<h3>Il Gruppo Alpini organizza una gita indimenticabile alla Foiba di Basovizza con pranzo di pesce a Lignano<\/h3>\n<\/blockquote>\n<p><strong>FALCADE <\/strong>\u00a0I Gruppi Alpini rappresentano un importante pilastro della comunit\u00e0 locale, promuovendo attivit\u00e0 che uniscono tradizione, avventura e scoperta del patrimonio culturale. Nel contesto di queste iniziative, il Gruppo Alpini di Falcade ha annunciato una gita straordinaria che si terr\u00e0 l&#8217;11 giugno, con destinazione la Foiba di Basovizza e una deliziosa pausa pranzo a Lignano.\u00a0 Remo Secchi, responsabile delle iscrizioni, sar\u00e0 il punto di riferimento per tutti coloro che desiderano partecipare. Per prenotare un posto e per ulteriori informazioni, \u00e8 possibile contattare\u00a0 il\u00a0 338 5628415.<\/p>\n<p>&nbsp;<\/p>\n<p>&nbsp;<\/p>\n<hr \/>\n<p>&nbsp;<\/p>\n<h2><strong><a class=\"dt-pswp-item\" href=\"https:\/\/www.radiopiu.net\/wordpress\/wp-content\/uploads\/2020\/12\/DON-GIORGIO-LISE.jpg\" data-dt-img-description=\"\" data-large_image_width=\"1600\" data-large_image_height=\"901\"><img loading=\"lazy\" decoding=\"async\" class=\" wp-image-177420 alignleft\" src=\"https:\/\/www.radiopiu.net\/wordpress\/wp-content\/uploads\/2020\/12\/DON-GIORGIO-LISE-300x169.jpg\" alt=\"\" width=\"178\" height=\"100\" srcset=\"https:\/\/www.radiopiu.net\/wordpress\/wp-content\/uploads\/2020\/12\/DON-GIORGIO-LISE-300x169.jpg 300w, https:\/\/www.radiopiu.net\/wordpress\/wp-content\/uploads\/2020\/12\/DON-GIORGIO-LISE-1024x577.jpg 1024w, https:\/\/www.radiopiu.net\/wordpress\/wp-content\/uploads\/2020\/12\/DON-GIORGIO-LISE-768x432.jpg 768w, https:\/\/www.radiopiu.net\/wordpress\/wp-content\/uploads\/2020\/12\/DON-GIORGIO-LISE-1536x865.jpg 1536w, https:\/\/www.radiopiu.net\/wordpress\/wp-content\/uploads\/2020\/12\/DON-GIORGIO-LISE.jpg 1600w\" sizes=\"auto, (max-width: 178px) 100vw, 178px\" \/><\/a><\/strong><span style=\"color: #800080;\">DUE MINUTI PER TE<\/span><\/h2>\n<p><strong>APPUNTAMENTO DELLA DOMENICA CON IL PENSIERO DI MONSIGNOR GIORGIO LISE<\/strong><\/p>\n<audio class=\"wp-audio-shortcode\" id=\"audio-335675-8\" preload=\"none\" style=\"width: 100%;\" controls=\"controls\"><source type=\"audio\/mpeg\" src=\"https:\/\/www.radiopiu.net\/wordpress\/wp-content\/uploads\/2023\/05\/DON-GIORGIO-1.mp3?_=8\" \/><a href=\"https:\/\/www.radiopiu.net\/wordpress\/wp-content\/uploads\/2023\/05\/DON-GIORGIO-1.mp3\">https:\/\/www.radiopiu.net\/wordpress\/wp-content\/uploads\/2023\/05\/DON-GIORGIO-1.mp3<\/a><\/audio>\n<p>&nbsp;<\/p>\n<hr \/>\n<p>&nbsp;<\/p>\n<div dir=\"auto\">\n<div class=\"message spoilers-container\" dir=\"auto\">\n<div>\n<div class=\"b654a4as d2edcug0\">\n<div class=\"rq0escxv hkbzh7o3 jwdofwj8 n8tt0mok r8blr3vg hyh9befq\">\n<p><a class=\"dt-pswp-item\" href=\"https:\/\/www.radiopiu.net\/wordpress\/wp-content\/uploads\/2020\/10\/pp.jpg\" data-dt-img-description=\"\" data-large_image_width=\"640\" data-large_image_height=\"640\"><img loading=\"lazy\" decoding=\"async\" class=\"wp-image-163678 alignleft\" src=\"https:\/\/www.radiopiu.net\/wordpress\/wp-content\/uploads\/2020\/10\/pp-300x300.jpg\" alt=\"\" width=\"106\" height=\"106\" srcset=\"https:\/\/www.radiopiu.net\/wordpress\/wp-content\/uploads\/2020\/10\/pp-300x300.jpg 300w, https:\/\/www.radiopiu.net\/wordpress\/wp-content\/uploads\/2020\/10\/pp-150x150.jpg 150w, https:\/\/www.radiopiu.net\/wordpress\/wp-content\/uploads\/2020\/10\/pp-125x125.jpg 125w, https:\/\/www.radiopiu.net\/wordpress\/wp-content\/uploads\/2020\/10\/pp-200x200.jpg 200w, https:\/\/www.radiopiu.net\/wordpress\/wp-content\/uploads\/2020\/10\/pp-80x80.jpg 80w, https:\/\/www.radiopiu.net\/wordpress\/wp-content\/uploads\/2020\/10\/pp-480x480.jpg 480w, https:\/\/www.radiopiu.net\/wordpress\/wp-content\/uploads\/2020\/10\/pp.jpg 640w\" sizes=\"auto, (max-width: 106px) 100vw, 106px\" \/><\/a><\/p>\n<\/div>\n<\/div>\n<\/div>\n<\/div>\n<div class=\"message spoilers-container\" dir=\"auto\">\n<div>\n<div class=\"page-title-head hgroup\">\n<div class=\"page-title-head hgroup\">\n<div class=\"b654a4as d2edcug0\">\n<div class=\"j83agx80 btwxx1t3 lhclo0ds hop8lmos nkwizq5d scwd0bx6 roh60bw9\">\n<div class=\"rq0escxv hkbzh7o3 jwdofwj8 n8tt0mok r8blr3vg hyh9befq\">\n<div class=\"do00u71z l9j0dhe7 k4urcfbm\" style=\"text-align: left;\">\n<h2><span style=\"color: #000080;\">DON CESARE, IL PENSIERO DEL GIORNO. ALLA RADIO ALLE 7 DEL MATTINO E ALLE 19.30 DELLA SERA<\/span><\/h2>\n<p>&nbsp;<\/p>\n<\/div>\n<audio class=\"wp-audio-shortcode\" id=\"audio-335675-9\" preload=\"none\" style=\"width: 100%;\" controls=\"controls\"><source type=\"audio\/mpeg\" src=\"https:\/\/www.radiopiu.net\/wordpress\/wp-content\/uploads\/2023\/05\/CESARE-11.mp3?_=9\" \/><a href=\"https:\/\/www.radiopiu.net\/wordpress\/wp-content\/uploads\/2023\/05\/CESARE-11.mp3\">https:\/\/www.radiopiu.net\/wordpress\/wp-content\/uploads\/2023\/05\/CESARE-11.mp3<\/a><\/audio>\n<div class=\"do00u71z l9j0dhe7 k4urcfbm\" style=\"text-align: left;\">\n<h2 style=\"text-align: left;\"><span style=\"color: #ff0000;\"><span style=\"vertical-align: inherit;\"><a class=\"dt-pswp-item\" href=\"https:\/\/www.radiopiu.net\/wordpress\/wp-content\/uploads\/2023\/04\/e0aad41d-951e-47b9-9fae-1a879a9bcb7e-1.jpg\" data-dt-img-description=\"\" data-large_image_width=\"1200\" data-large_image_height=\"1200\"><img loading=\"lazy\" decoding=\"async\" class=\"wp-image-333205 aligncenter\" src=\"https:\/\/www.radiopiu.net\/wordpress\/wp-content\/uploads\/2023\/04\/e0aad41d-951e-47b9-9fae-1a879a9bcb7e-1-300x300.jpg\" alt=\"\" width=\"227\" height=\"227\" srcset=\"https:\/\/www.radiopiu.net\/wordpress\/wp-content\/uploads\/2023\/04\/e0aad41d-951e-47b9-9fae-1a879a9bcb7e-1-300x300.jpg 300w, https:\/\/www.radiopiu.net\/wordpress\/wp-content\/uploads\/2023\/04\/e0aad41d-951e-47b9-9fae-1a879a9bcb7e-1-1024x1024.jpg 1024w, https:\/\/www.radiopiu.net\/wordpress\/wp-content\/uploads\/2023\/04\/e0aad41d-951e-47b9-9fae-1a879a9bcb7e-1-150x150.jpg 150w, https:\/\/www.radiopiu.net\/wordpress\/wp-content\/uploads\/2023\/04\/e0aad41d-951e-47b9-9fae-1a879a9bcb7e-1-768x768.jpg 768w, https:\/\/www.radiopiu.net\/wordpress\/wp-content\/uploads\/2023\/04\/e0aad41d-951e-47b9-9fae-1a879a9bcb7e-1.jpg 1200w\" sizes=\"auto, (max-width: 227px) 100vw, 227px\" \/><\/a><\/span><\/span><\/h2>\n<\/div>\n<\/div>\n<\/div>\n<\/div>\n<\/div>\n<\/div>\n<\/div>\n<\/div>\n<div class=\"message spoilers-container\" dir=\"auto\">\n<h2><span style=\"color: #ff00ff;\">IN VIVO VERSO\u00a0 \u00a0<\/span><\/h2>\n<p><strong>LA RACCOLTA COMPLETA<\/strong><\/p>\n<\/div>\n<div class=\"message spoilers-container\" dir=\"auto\">\n<blockquote class=\"wp-embedded-content\" data-secret=\"fPKlwF4oJJ\"><p><a href=\"https:\/\/www.radiopiu.net\/wordpress\/in-vivo-verso\/\">In Vivo Verso<\/a><\/p><\/blockquote>\n<p><iframe loading=\"lazy\" class=\"wp-embedded-content\" sandbox=\"allow-scripts\" security=\"restricted\" style=\"position: absolute; clip: rect(1px, 1px, 1px, 1px);\" title=\"&#8220;In Vivo Verso&#8221; &#8212; Radio Pi\u00f9\" src=\"https:\/\/www.radiopiu.net\/wordpress\/in-vivo-verso\/embed\/#?secret=Cbdqmm9kW4#?secret=fPKlwF4oJJ\" data-secret=\"fPKlwF4oJJ\" width=\"600\" height=\"338\" frameborder=\"0\" marginwidth=\"0\" marginheight=\"0\" scrolling=\"no\"><\/iframe><\/p>\n<\/div>\n<p>&nbsp;<\/p>\n<p>&nbsp;<\/p>\n<hr \/>\n<p>&nbsp;<\/p>\n<div class=\"message spoilers-container\" dir=\"auto\">\n<h2><span style=\"color: #008080;\">GOCCE DI FILOSOFIA\u00a0\u00a0<\/span><\/h2>\n<\/div>\n<blockquote>\n<div class=\"message spoilers-container\" dir=\"auto\">\n<p><strong>LA RACCOLTA COMPLETA<\/strong><\/p>\n<\/div>\n<\/blockquote>\n<div class=\"message spoilers-container\" dir=\"auto\">\n<blockquote class=\"wp-embedded-content\" data-secret=\"y0nGpa6uGI\"><p><a href=\"https:\/\/www.radiopiu.net\/wordpress\/gocce-filosofia\/\">Gocce di filosofia,  LA TERZA STAGIONE&#8230; 2023<\/a><\/p><\/blockquote>\n<p><iframe loading=\"lazy\" class=\"wp-embedded-content\" sandbox=\"allow-scripts\" security=\"restricted\" style=\"position: absolute; clip: rect(1px, 1px, 1px, 1px);\" title=\"&#8220;Gocce di filosofia,  LA TERZA STAGIONE&#8230; 2023&#8221; &#8212; Radio Pi\u00f9\" src=\"https:\/\/www.radiopiu.net\/wordpress\/gocce-filosofia\/embed\/#?secret=zAl3LibKzt#?secret=y0nGpa6uGI\" data-secret=\"y0nGpa6uGI\" width=\"600\" height=\"338\" frameborder=\"0\" marginwidth=\"0\" marginheight=\"0\" scrolling=\"no\"><\/iframe><\/p>\n<\/div>\n<p>&nbsp;<\/p>\n<div class=\"message spoilers-container\" dir=\"auto\">\n<hr \/>\n<p>&nbsp;<\/p>\n<\/div>\n<div class=\"message spoilers-container\" dir=\"auto\">\n<div class=\"column\">\n<p><img loading=\"lazy\" decoding=\"async\" class=\"aligncenter wp-image-61954 size-full\" src=\"https:\/\/www.radiopiu.net\/wordpress\/wp-content\/uploads\/2018\/09\/viabilita.jpeg\" sizes=\"auto, (max-width: 800px) 100vw, 800px\" srcset=\"https:\/\/www.radiopiu.net\/wordpress\/wp-content\/uploads\/2018\/09\/viabilita.jpeg 800w, https:\/\/www.radiopiu.net\/wordpress\/wp-content\/uploads\/2018\/09\/viabilita-300x38.jpeg 300w, https:\/\/www.radiopiu.net\/wordpress\/wp-content\/uploads\/2018\/09\/viabilita-768x96.jpeg 768w\" alt=\"\" width=\"800\" height=\"100\" \/><\/p>\n<\/div>\n<\/div>\n<div class=\"message spoilers-container\" dir=\"auto\">\n<div class=\"column\">\n<p>&nbsp;<\/p>\n<\/div>\n<\/div>\n<div class=\"message spoilers-container\" dir=\"auto\">\n<div class=\"column\">\n<div dir=\"ltr\">\n<div class=\"gmail_quote\">\n<div dir=\"ltr\">\n<div class=\"gmail_quote\">\n<blockquote class=\"wp-embedded-content\" data-secret=\"QCMm8IdGbm\"><p><a href=\"https:\/\/www.radiopiu.net\/wordpress\/viabilita\/\">viabilita<\/a><\/p><\/blockquote>\n<p><iframe loading=\"lazy\" class=\"wp-embedded-content\" sandbox=\"allow-scripts\" security=\"restricted\" style=\"position: absolute; clip: rect(1px, 1px, 1px, 1px);\" title=\"&#8220;viabilita&#8221; &#8212; Radio Pi\u00f9\" src=\"https:\/\/www.radiopiu.net\/wordpress\/viabilita\/embed\/#?secret=jRXVXSpzuD#?secret=QCMm8IdGbm\" data-secret=\"QCMm8IdGbm\" width=\"600\" height=\"338\" frameborder=\"0\" marginwidth=\"0\" marginheight=\"0\" scrolling=\"no\"><\/iframe><\/p>\n<\/div>\n<\/div>\n<\/div>\n<\/div>\n<\/div>\n<\/div>\n<div class=\"message spoilers-container\" dir=\"auto\">\n<div class=\"column\">\n<div>\n<div dir=\"ltr\">\n<div class=\"gmail_quote\">\n<div dir=\"ltr\">\n<div><\/div>\n<\/div>\n<\/div>\n<\/div>\n<\/div>\n<hr \/>\n<p>&nbsp;<\/p>\n<p><a class=\"dt-pswp-item\" href=\"https:\/\/www.radiopiu.net\/wordpress\/wp-content\/uploads\/2018\/09\/WhatsApp-Image-2018-09-20-at-16.04.06.jpeg\" data-dt-img-description=\"\" data-large_image_width=\"800\" data-large_image_height=\"100\"><img loading=\"lazy\" decoding=\"async\" class=\"wp-image-61378 size-full aligncenter\" src=\"https:\/\/www.radiopiu.net\/wordpress\/wp-content\/uploads\/2018\/09\/WhatsApp-Image-2018-09-20-at-16.04.06.jpeg\" alt=\"\" width=\"800\" height=\"100\" srcset=\"https:\/\/www.radiopiu.net\/wordpress\/wp-content\/uploads\/2018\/09\/WhatsApp-Image-2018-09-20-at-16.04.06.jpeg 800w, https:\/\/www.radiopiu.net\/wordpress\/wp-content\/uploads\/2018\/09\/WhatsApp-Image-2018-09-20-at-16.04.06-300x38.jpeg 300w, https:\/\/www.radiopiu.net\/wordpress\/wp-content\/uploads\/2018\/09\/WhatsApp-Image-2018-09-20-at-16.04.06-768x96.jpeg 768w\" sizes=\"auto, (max-width: 800px) 100vw, 800px\" \/><\/a><\/p>\n<\/div>\n<\/div>\n<div class=\"message spoilers-container\" dir=\"auto\"><center><strong>\u00a0<\/strong><\/center><center><\/center><center><\/center><\/div>\n<p><center><\/center><center><b>OGGI<\/b><\/center><b>Tempo atteso: <\/b>Giornata nuvolosa a tratti molto nuvolosa anche se saranno possibili tratti soleggiati specie in mattinata; nubi basse in alcune valli nottetempo fino all&#8217;alba associate eventualmente anche a foschie, specie nelle valli prealpine in rapido dissolvimento. Nel corso della giornata attivit\u00e0 cumuliforme irregolare con possibili modesti fenomeni sparsi e intermittenti. Parziali schiarite alla sera con nuova intensificazione della nuvolosit\u00e0 nella notte.<br \/>\n<b>Precipitazioni: <\/b>Possibili (30-40%) modeste precipitazioni intermittenti nel corso della giornata ma soprattutto nelle ore centrali quando la probabilit\u00e0 sar\u00e0 in lieve aumento fino a medio-bassa (40-50%) per possibili precipitazioni sparse anche a carattere di rovescio o di temporale<br \/>\n<b>Temperature: <\/b>In generale lieve calo le minime, specie nelle valli, salvo risultare in prevalenza stazionarie in alta montagna; in temporaneo aumento anche sensibile le massime, di qualche grado inferiori alla norma, con escursione termica giornaliera pi\u00f9 significativa e clima pi\u00f9 mite rispetto a sabato e domenica.<\/p>\n<hr \/>\n<p><center><b>DOMANI<\/b><\/center><b>Tempo atteso: <\/b>Cielo molto nuvoloso o coperto con modesti fenomeni sparsi e intermittenti al mattino, diffusi e pi\u00f9 continui dalle ore centrali; parziali e temporanee schiarite specie verso sera\/notte.<br \/>\n<b>Precipitazioni: <\/b>Probabilit\u00e0 alta di precipitazioni (75-100%) da sparse a diffuse specie dalle ore centrali quando potranno essere anche continue fino a tarda sera, di debole e localmente di moderata intensit\u00e0. Temporanea attenuazione dei fenomeni verso la fine della giornata<br \/>\n<b>Temperature: <\/b>Minime in ulteriore aumento, massime in diminuzione anche sensibile e ben inferiori alla norma con modesta escursione termica giornaliera.<\/p>\n<hr \/>\n<p><center><b>MERCOLEDI<\/b><\/center>Giornata all&#8217;insegna della variabilit\u00e0, caratterizzata da parziali schiarite e annuvolamenti irregolari a tratti consistenti, associati a modesti fenomeni sparsi e intermittenti. Temperature senza notevoli variazioni, salvo un lieve aumento delle massime.<\/p>\n<hr \/>\n<p><center><b>GIOVEDI<\/b><\/center>Tempo ancora variabile, leggermente pi\u00f9 soleggiato rispetto a mercoled\u00ec specie al mattino con moderata attivit\u00e0 cumuliforme nelle ore calde associata a qualche breve fenomeno da locale a sparso. Temperature senza notevoli variazioni, salvo un ulteriore lieve aumento delle massime.<\/p>\n<p>&nbsp;<\/p>\n<p>&nbsp;<\/p>\n<\/div>\n<div class=\"message spoilers-container\" dir=\"auto\">\n<hr \/>\n<p>&nbsp;<\/p>\n<p><a class=\"dt-pswp-item\" href=\"https:\/\/www.radiopiu.net\/wordpress\/wp-content\/uploads\/2018\/09\/sport.jpg\" data-dt-img-description=\"\" data-large_image_width=\"800\" data-large_image_height=\"100\"><img loading=\"lazy\" decoding=\"async\" class=\"aligncenter wp-image-60761 size-full\" src=\"https:\/\/www.radiopiu.net\/wordpress\/wp-content\/uploads\/2018\/09\/sport.jpg\" alt=\"\" width=\"800\" height=\"100\" srcset=\"https:\/\/www.radiopiu.net\/wordpress\/wp-content\/uploads\/2018\/09\/sport.jpg 800w, https:\/\/www.radiopiu.net\/wordpress\/wp-content\/uploads\/2018\/09\/sport-300x38.jpg 300w, https:\/\/www.radiopiu.net\/wordpress\/wp-content\/uploads\/2018\/09\/sport-768x96.jpg 768w\" sizes=\"auto, (max-width: 800px) 100vw, 800px\" \/><\/a><\/p>\n<\/div>\n<div class=\"message spoilers-container\" dir=\"auto\">\n<p>&nbsp;<\/p>\n<p><span style=\"color: #0000ff;\"><strong>CALCIO<\/strong><\/span><\/p>\n<blockquote>\n<h3>IL FINE SETTIMANA DEL SETTORE GIOVANILE DELL&#8217;AGORDINA CALCIO<\/h3>\n<\/blockquote>\n<p><strong><a class=\"dt-pswp-item\" href=\"https:\/\/www.radiopiu.net\/wordpress\/wp-content\/uploads\/2023\/04\/calcio-rigore-2023.png\" data-dt-img-description=\"\" data-large_image_width=\"623\" data-large_image_height=\"402\"><img loading=\"lazy\" decoding=\"async\" class=\" wp-image-331419 alignleft\" src=\"https:\/\/www.radiopiu.net\/wordpress\/wp-content\/uploads\/2023\/04\/calcio-rigore-2023-300x194.png\" alt=\"\" width=\"190\" height=\"123\" srcset=\"https:\/\/www.radiopiu.net\/wordpress\/wp-content\/uploads\/2023\/04\/calcio-rigore-2023-300x194.png 300w, https:\/\/www.radiopiu.net\/wordpress\/wp-content\/uploads\/2023\/04\/calcio-rigore-2023.png 623w\" sizes=\"auto, (max-width: 190px) 100vw, 190px\" \/><\/a>Di Marco Gaz<\/strong><\/p>\n<p><strong>GIOVANISSIMI PROVINCIALI \/ SEMIFINALI DI CAMPIONATO \/ PLAVIS \u2013 AGORDINA 1-0<\/strong><\/p>\n<p>L\u2019Agordina di De Bastiani si arrende in semifinale. La Plavis strappa il pass per la finalissima del campionato Giovanissimi provinciali dopo aver vinto di misura entrambe le gare contro i giovani agordini. Nella sfida di sabato pomeriggio \u00e8 mancato il gol e la squadra di Santa Giustina l\u2019ha spuntata a 5\u2019 dal termine dopo una sfida equilibrata. Resta comunque un gran campionato giocato dall\u2019Agordina Giovanissimi che si \u00e8 fatta valere per tutta la stagione dimostrando impegno, costanza e unit\u00e0 d\u2019intenti. Domenica prossima ultima partita della stagione con la squadra di De Bastiani impegnata nella finale terzo \u2013 quarto posto del torneo provinciale.<\/p>\n<p><strong>JUNIORES PROVINCIALI \/ COPPA VALBELLUNA MEMORIAL CALLIGARO \/ AGORDINA \u2013 JUVENTINA 0-0<\/strong><\/p>\n<p>Reti inviolate nella sfida dell\u2019Ivano Dorigo di Agordo che ha visto di fronte Agordina e Juventina nella partita che doveva decidere quali delle due squadre andava a giocare la finalissima del campionato juniores. Le occasioni non sono mancate da entrambe le parti ma il pallone non ha mai varcato la linea di porta. La prossima settimana sar\u00e0 in programma la finalissima del torneo dove la Dynamo si \u00e8 gi\u00e0 classificata. Rimane da capire chi tra Agordina e Juventina sar\u00e0 la seconda finalista. Infatti la classifica non premia nessuna delle due compagini che sono seconde a pari merito. Nemmeno la classifica avulsa premia una squadra quindi per decidere chi accede alla finalissima ci sar\u00e0 un sorteggio nella sede LND di Belluno.<\/p>\n<p>&nbsp;<\/p>\n<blockquote>\n<h3>GRAZIE AL PAREGGIO CON IL SEDICO, IL LE VILLE SI SALVA E SARA&#8217; NEL GIRONE A1 CSI ANCHE LA PROSSIMA STAGIONE<\/h3>\n<\/blockquote>\n<p><strong><a class=\"dt-pswp-item\" href=\"https:\/\/www.radiopiu.net\/wordpress\/wp-content\/uploads\/2020\/09\/US-LE-VILLE.jpg\" data-dt-img-description=\"\" data-large_image_width=\"585\" data-large_image_height=\"576\"><img loading=\"lazy\" decoding=\"async\" class=\" wp-image-163077 alignleft\" src=\"https:\/\/www.radiopiu.net\/wordpress\/wp-content\/uploads\/2020\/09\/US-LE-VILLE-300x295.jpg\" alt=\"\" width=\"144\" height=\"142\" srcset=\"https:\/\/www.radiopiu.net\/wordpress\/wp-content\/uploads\/2020\/09\/US-LE-VILLE-300x295.jpg 300w, https:\/\/www.radiopiu.net\/wordpress\/wp-content\/uploads\/2020\/09\/US-LE-VILLE-80x80.jpg 80w, https:\/\/www.radiopiu.net\/wordpress\/wp-content\/uploads\/2020\/09\/US-LE-VILLE-488x480.jpg 488w, https:\/\/www.radiopiu.net\/wordpress\/wp-content\/uploads\/2020\/09\/US-LE-VILLE.jpg 585w\" sizes=\"auto, (max-width: 144px) 100vw, 144px\" \/><\/a>di Marco Gaz<\/strong><\/p>\n<p><strong>AGORDO<\/strong> Con l&#8217;ultima partita di campionato giocata, il Le Ville Bar Carlin MC pu\u00f2 considerarsi salvo e la prossima stagione potr\u00e0 giocare ancora nel girone A1 del torneo CSI provinciale. Nella partita contro il Sedico, la squadra allenata da Romano Costantini ha strappato un pareggio e il punto conquistato \u00e8 bastato per salvare la squadra di Agordo. Una partita combattuta dall&#8217;inizio alla fine con il Le Ville che pareggia i conti a 5&#8242; dal termine con Massimiliano Dalla Cort dopo che i sedicensi erano passati in vantaggio ad inizio ripresa. Un pari pi\u00f9 che meritato per gli agordini che, dopo qualche difficolt\u00e0 ad inizio secondo tempo, ha saputo spingere e chiudere in difesa il Sedico fino a trovare la rete che regala agli uomini di Costantini la salvezza nel girone A1.<\/p>\n<p>&nbsp;<\/p>\n<blockquote>\n<h3>PRESENTATO IL CALENDARIO DEL CAMPIONATO AGORDINO. PRIMA GIORNATA NEL PRIMO FINE SETTIMANA DI GIUGNO<\/h3>\n<\/blockquote>\n<p><strong>di Marco Gaz<\/strong><\/p>\n<p><strong>AGORDO <\/strong>Sotto ai portici del Caff\u00e8 Miniere di Agordo \u00e8 andata in scena la presentazione del calendario ufficiale del Campionato Agordino di Calcio 2023. La manifestazione organizzata dal Comitato Calcio Agordino, CSI e Radio Pi\u00f9 \u00e8 arrivata alla 48\u00aa edizione e a partire da quest&#8217;anno il Memorial sar\u00e0 dedicato ad Attilio Moretti, un uomo che ha dato tanto per rendere il torneo un appuntamento fisso dell&#8217;estate agordina. Dodici le squadre partecipanti al Campionato Agordino 2023, 5 le giornate di stagione regolare e poi spazio alla fase finale. Il 3 giugno \u00e8 la data da segnare sul calendario con i primi due anticipi. Alle 18 si giocher\u00e0 a Taibon la sfida che vede di fronte Le Ville e i taiboner. Alle 18:30 esordiranno i campioni in carica del Voltago in casa contro il Cencenighe. Domenica 4 giugno le altre partite della prima giornata. Stagione regolare che terminer\u00e0 il 2 luglio con l&#8217;ultima giornata dei due gironi poi si inizier\u00e0 a fare sul serio. I miniottavi di finale si giocheranno a Taibon e Vallada, quarti di finale a Gosaldo e Voltago, semifinali a La Valle e finalissima a Boscoverde di Rocca Pietore con l&#8217;organizzazione dell&#8217;Alleghe Calcio. Al Caff\u00e8 Miniere di Agordo \u00e8 stata presentata anche la mascotte del Campionato Agordino: un pallone con cappellino, occhiali da sole, scarpe da calcio e un boccale di birra in mano. Ai presenti \u00e8 stato chiesto di votare il nome della mascotte tra i quattro scelti: Vez, Vezinho, Balordino e Puina. La votazione continuer\u00e0 anche sui social, Instagram e Facebook, anche nei prossimi giorni. Tutto pronto dunque per l&#8217;inizio del Memorial Attilio Moretti che Radio Pi\u00f9 seguir\u00e0 con i classici appuntamenti: 80\u00b0 minuti la diretta la domenica pomeriggio, 80\u00b0 minuto la sintesi alla domenica sera e Campionato Agordino Show il luned\u00ec alle 20:30.<\/p>\n\n\t\t\t<style type='text\/css'>\n\t\t\t\t#gallery-7 {\n\t\t\t\t\tmargin: auto;\n\t\t\t\t}\n\t\t\t\t#gallery-7 .gallery-item {\n\t\t\t\t\tfloat: left;\n\t\t\t\t\tmargin-top: 10px;\n\t\t\t\t\ttext-align: center;\n\t\t\t\t\twidth: 20%;\n\t\t\t\t}\n\t\t\t\t#gallery-7 img {\n\t\t\t\t\tborder: 2px solid #cfcfcf;\n\t\t\t\t}\n\t\t\t\t#gallery-7 .gallery-caption {\n\t\t\t\t\tmargin-left: 0;\n\t\t\t\t}\n\t\t\t\t\/* see gallery_shortcode() in wp-includes\/media.php *\/\n\t\t\t<\/style>\n\t\t<div id='gallery-7' class='dt-gallery-container gallery galleryid-335675 gallery-columns-5 gallery-size-thumbnail'><dl class='gallery-item'>\n\t\t\t\t<dt class='gallery-icon portrait'>\n\t\t\t\t\t<a class=\"rollover rollover-zoom dt-pswp-item\" title=\"21f92f91-028a-4661-b308-9b37293b2105\" data-dt-img-description=\"\" data-large_image_width=\"750\" data-large_image_height=\"1333\"href='https:\/\/www.radiopiu.net\/wordpress\/wp-content\/uploads\/2023\/05\/21f92f91-028a-4661-b308-9b37293b2105.jpg'><img loading=\"lazy\" decoding=\"async\" width=\"150\" height=\"150\" src=\"https:\/\/www.radiopiu.net\/wordpress\/wp-content\/uploads\/2023\/05\/21f92f91-028a-4661-b308-9b37293b2105-150x150.jpg\" class=\"attachment-thumbnail size-thumbnail\" alt=\"\" \/><\/a>\n\t\t\t\t<\/dt><\/dl><dl class='gallery-item'>\n\t\t\t\t<dt class='gallery-icon portrait'>\n\t\t\t\t\t<a class=\"rollover rollover-zoom dt-pswp-item\" title=\"e457b6cf-32a6-4b82-a0ed-0c2e96a7e211\" data-dt-img-description=\"\" data-large_image_width=\"750\" data-large_image_height=\"1333\"href='https:\/\/www.radiopiu.net\/wordpress\/wp-content\/uploads\/2023\/05\/e457b6cf-32a6-4b82-a0ed-0c2e96a7e211.jpg'><img loading=\"lazy\" decoding=\"async\" width=\"150\" height=\"150\" src=\"https:\/\/www.radiopiu.net\/wordpress\/wp-content\/uploads\/2023\/05\/e457b6cf-32a6-4b82-a0ed-0c2e96a7e211-150x150.jpg\" class=\"attachment-thumbnail size-thumbnail\" alt=\"\" \/><\/a>\n\t\t\t\t<\/dt><\/dl><dl class='gallery-item'>\n\t\t\t\t<dt class='gallery-icon landscape'>\n\t\t\t\t\t<a class=\"rollover rollover-zoom dt-pswp-item\" title=\"4a85a7bd-daa4-488a-a7ce-9fa8e08aff6a\" data-dt-img-description=\"\" data-large_image_width=\"2048\" data-large_image_height=\"1536\"href='https:\/\/www.radiopiu.net\/wordpress\/wp-content\/uploads\/2023\/05\/4a85a7bd-daa4-488a-a7ce-9fa8e08aff6a.jpg'><img loading=\"lazy\" decoding=\"async\" width=\"150\" height=\"150\" src=\"https:\/\/www.radiopiu.net\/wordpress\/wp-content\/uploads\/2023\/05\/4a85a7bd-daa4-488a-a7ce-9fa8e08aff6a-150x150.jpg\" class=\"attachment-thumbnail size-thumbnail\" alt=\"\" \/><\/a>\n\t\t\t\t<\/dt><\/dl><dl class='gallery-item'>\n\t\t\t\t<dt class='gallery-icon landscape'>\n\t\t\t\t\t<a class=\"rollover rollover-zoom dt-pswp-item\" title=\"48aca0c0-4606-498d-a489-8b1ba4ca6cf8\" data-dt-img-description=\"\" data-large_image_width=\"2048\" data-large_image_height=\"1536\"href='https:\/\/www.radiopiu.net\/wordpress\/wp-content\/uploads\/2023\/05\/48aca0c0-4606-498d-a489-8b1ba4ca6cf8.jpg'><img loading=\"lazy\" decoding=\"async\" width=\"150\" height=\"150\" src=\"https:\/\/www.radiopiu.net\/wordpress\/wp-content\/uploads\/2023\/05\/48aca0c0-4606-498d-a489-8b1ba4ca6cf8-150x150.jpg\" class=\"attachment-thumbnail size-thumbnail\" alt=\"\" \/><\/a>\n\t\t\t\t<\/dt><\/dl><dl class='gallery-item'>\n\t\t\t\t<dt class='gallery-icon landscape'>\n\t\t\t\t\t<a class=\"rollover rollover-zoom dt-pswp-item\" title=\"a7664663-fbc3-4e85-87aa-137c3614d0ed\" data-dt-img-description=\"\" data-large_image_width=\"1333\" data-large_image_height=\"750\"href='https:\/\/www.radiopiu.net\/wordpress\/wp-content\/uploads\/2023\/05\/a7664663-fbc3-4e85-87aa-137c3614d0ed-rotated.jpg'><img loading=\"lazy\" decoding=\"async\" width=\"150\" height=\"150\" src=\"https:\/\/www.radiopiu.net\/wordpress\/wp-content\/uploads\/2023\/05\/a7664663-fbc3-4e85-87aa-137c3614d0ed-150x150.jpg\" class=\"attachment-thumbnail size-thumbnail\" alt=\"\" \/><\/a>\n\t\t\t\t<\/dt><\/dl><br style=\"clear: both\" \/>\n\t\t\t<\/div>\n\n<p>&nbsp;<\/p>\n<p><strong>IL MANIFESTO DEL CAMPIONATO AGORDINO 2023<span style=\"color: #ff0000;\"> (<a href=\"https:\/\/www.radiopiu.net\/wordpress\/wp-content\/uploads\/2023\/05\/manifesto-CAMP-AGO-2023.pdf\">CLICCA QUI<\/a> PER SCARICARLO IN PDF)<\/span><\/strong><\/p>\n<p><a class=\"dt-pswp-item\" href=\"https:\/\/www.radiopiu.net\/wordpress\/wp-content\/uploads\/2023\/05\/manifesto-CAMP-AGO-2023.jpg\" data-dt-img-description=\"\" data-large_image_width=\"1239\" data-large_image_height=\"1754\"><img loading=\"lazy\" decoding=\"async\" class=\"wp-image-335773 aligncenter\" src=\"https:\/\/www.radiopiu.net\/wordpress\/wp-content\/uploads\/2023\/05\/manifesto-CAMP-AGO-2023-723x1024.jpg\" alt=\"\" width=\"379\" height=\"537\" srcset=\"https:\/\/www.radiopiu.net\/wordpress\/wp-content\/uploads\/2023\/05\/manifesto-CAMP-AGO-2023-723x1024.jpg 723w, https:\/\/www.radiopiu.net\/wordpress\/wp-content\/uploads\/2023\/05\/manifesto-CAMP-AGO-2023-212x300.jpg 212w, https:\/\/www.radiopiu.net\/wordpress\/wp-content\/uploads\/2023\/05\/manifesto-CAMP-AGO-2023-768x1087.jpg 768w, https:\/\/www.radiopiu.net\/wordpress\/wp-content\/uploads\/2023\/05\/manifesto-CAMP-AGO-2023-1085x1536.jpg 1085w, https:\/\/www.radiopiu.net\/wordpress\/wp-content\/uploads\/2023\/05\/manifesto-CAMP-AGO-2023.jpg 1239w\" sizes=\"auto, (max-width: 379px) 100vw, 379px\" \/><\/a><\/p>\n<p>&nbsp;<\/p>\n<blockquote>\n<h3>IL FIORI BARP FESTEGGIA I 60 ANNI DI ATTIVITA&#8217;<\/h3>\n<\/blockquote>\n<p><strong><a class=\"dt-pswp-item\" href=\"https:\/\/www.radiopiu.net\/wordpress\/wp-content\/uploads\/2020\/10\/fiori-barp.png\" data-dt-img-description=\"\" data-large_image_width=\"334\" data-large_image_height=\"475\"><img loading=\"lazy\" decoding=\"async\" class=\" wp-image-164208 alignleft\" src=\"https:\/\/www.radiopiu.net\/wordpress\/wp-content\/uploads\/2020\/10\/fiori-barp-211x300.png\" alt=\"\" width=\"120\" height=\"171\" srcset=\"https:\/\/www.radiopiu.net\/wordpress\/wp-content\/uploads\/2020\/10\/fiori-barp-211x300.png 211w, https:\/\/www.radiopiu.net\/wordpress\/wp-content\/uploads\/2020\/10\/fiori-barp.png 334w\" sizes=\"auto, (max-width: 120px) 100vw, 120px\" \/><\/a>SEDICO<\/strong><\/p>\n<p>di Roberto Bona<\/p>\n<audio class=\"wp-audio-shortcode\" id=\"audio-335675-10\" preload=\"none\" style=\"width: 100%;\" controls=\"controls\"><source type=\"audio\/mpeg\" src=\"https:\/\/www.radiopiu.net\/wordpress\/wp-content\/uploads\/2023\/05\/Festa60FioriBarp.mp3?_=10\" \/><a href=\"https:\/\/www.radiopiu.net\/wordpress\/wp-content\/uploads\/2023\/05\/Festa60FioriBarp.mp3\">https:\/\/www.radiopiu.net\/wordpress\/wp-content\/uploads\/2023\/05\/Festa60FioriBarp.mp3<\/a><\/audio>\n<p>&nbsp;<\/p>\n<p><span style=\"color: #0000ff;\"><strong>CALCIO A 5<\/strong><\/span><\/p>\n<blockquote>\n<h3>I PLAYOFF DELLA CANOTTIERI BELLUNO INIZIANO CON IL PIEDE GIUSTO<\/h3>\n<\/blockquote>\n<p><span style=\"color: #ff0000;\"><strong><a class=\"dt-pswp-item\" href=\"https:\/\/www.radiopiu.net\/wordpress\/wp-content\/uploads\/2023\/05\/346615507_914473953144011_3577548643609897390_n.jpg\" data-dt-img-description=\"\" data-large_image_width=\"1080\" data-large_image_height=\"805\"><img loading=\"lazy\" decoding=\"async\" class=\" wp-image-335790 alignleft\" src=\"https:\/\/www.radiopiu.net\/wordpress\/wp-content\/uploads\/2023\/05\/346615507_914473953144011_3577548643609897390_n-300x224.jpg\" alt=\"\" width=\"158\" height=\"118\" srcset=\"https:\/\/www.radiopiu.net\/wordpress\/wp-content\/uploads\/2023\/05\/346615507_914473953144011_3577548643609897390_n-300x224.jpg 300w, https:\/\/www.radiopiu.net\/wordpress\/wp-content\/uploads\/2023\/05\/346615507_914473953144011_3577548643609897390_n-1024x763.jpg 1024w, https:\/\/www.radiopiu.net\/wordpress\/wp-content\/uploads\/2023\/05\/346615507_914473953144011_3577548643609897390_n-768x572.jpg 768w, https:\/\/www.radiopiu.net\/wordpress\/wp-content\/uploads\/2023\/05\/346615507_914473953144011_3577548643609897390_n.jpg 1080w\" sizes=\"auto, (max-width: 158px) 100vw, 158px\" \/><\/a>SERIE B &#8211; PLAYOFF<\/strong><\/span><\/p>\n<p><strong>ACIREALE &#8211; CANOTTIERI BELLUNO 1-5<\/strong><\/p>\n<p>Al PalaVolcan c&#8217;\u00e8 un bel match, e una bellissima Canottieri: Reolon, Dall&#8217;\u00d2, Gheno e Kevin Dal Farra nel primo tempo, nella ripresa Musumeci suona la carica, ma risponde subito, e di nuovo, il Capitano: Canottieri batte Acireale 5 a 1. Tra una settimana, tutti alla Spes. (foto: Longo)<\/p>\n<p><strong>IL SERVIZIO DI ANTONIO FIABANE, PORTAVOCE DELLA CANOTTIERI BELLUNO<\/strong><\/p>\n<audio class=\"wp-audio-shortcode\" id=\"audio-335675-11\" preload=\"none\" style=\"width: 100%;\" controls=\"controls\"><source type=\"audio\/mpeg\" src=\"https:\/\/www.radiopiu.net\/wordpress\/wp-content\/uploads\/2023\/05\/CANOTTIERI-SITO.mp3?_=11\" \/><a href=\"https:\/\/www.radiopiu.net\/wordpress\/wp-content\/uploads\/2023\/05\/CANOTTIERI-SITO.mp3\">https:\/\/www.radiopiu.net\/wordpress\/wp-content\/uploads\/2023\/05\/CANOTTIERI-SITO.mp3<\/a><\/audio>\n<p>&nbsp;<\/p>\n<p><span style=\"color: #0000ff;\"><strong>MOUNTAIN BIKE<\/strong><\/span><\/p>\n<blockquote>\n<h3>ASTRID MIOLA CHIUDE AL SECONDO POSTO ASSOLUTO A VALDOBBIADENE<\/h3>\n<\/blockquote>\n<p><strong><a class=\"dt-pswp-item\" href=\"https:\/\/www.radiopiu.net\/wordpress\/wp-content\/uploads\/2023\/05\/78b2cd07-e90c-437f-b18b-21da4e191f9b.jpg\" data-dt-img-description=\"\" data-large_image_width=\"1350\" data-large_image_height=\"900\"><img loading=\"lazy\" decoding=\"async\" class=\" wp-image-335872 alignleft\" src=\"https:\/\/www.radiopiu.net\/wordpress\/wp-content\/uploads\/2023\/05\/78b2cd07-e90c-437f-b18b-21da4e191f9b-300x200.jpg\" alt=\"\" width=\"179\" height=\"119\" srcset=\"https:\/\/www.radiopiu.net\/wordpress\/wp-content\/uploads\/2023\/05\/78b2cd07-e90c-437f-b18b-21da4e191f9b-300x200.jpg 300w, https:\/\/www.radiopiu.net\/wordpress\/wp-content\/uploads\/2023\/05\/78b2cd07-e90c-437f-b18b-21da4e191f9b-1024x683.jpg 1024w, https:\/\/www.radiopiu.net\/wordpress\/wp-content\/uploads\/2023\/05\/78b2cd07-e90c-437f-b18b-21da4e191f9b-768x512.jpg 768w, https:\/\/www.radiopiu.net\/wordpress\/wp-content\/uploads\/2023\/05\/78b2cd07-e90c-437f-b18b-21da4e191f9b.jpg 1350w\" sizes=\"auto, (max-width: 179px) 100vw, 179px\" \/><\/a>di Marco Gaz<\/strong><\/p>\n<p><strong>REDAZIONE<\/strong> \u00c8 andata in scena a Valdobbiadene la 24\u00aa Mionetto Trophy, gara di mountain bike valevole come Campionato Regionale e sesta prova della veneto Cup. Ai blocchi di partenza anche Astrid Miola che arrivava da cinque vittorie consecutive. La ragazza di Agordo non \u00e8 riuscita a vincere la sesta gara consecutiva. Non \u00e8 stata una giornata brillante per la biker agordina che ha sbagliato percorso di gara ed \u00e8 dovuta ripartire dalle retrovie con 5 minuti di ritardo. \u00c8 stata comunque una grande gara per Astrid che \u00e8 riuscita a recuperare posizione su posizione fino a chiudere al secondo posto assoluto. A vincere la gara una under 23 e quindi Astrid ha conquistato la maglia di Campionessa Veneta Elite. Astrid Miola torner\u00e0 a correre il 27 maggio in occasione della gara internazionale in programma a Courmayeur.<\/p>\n<p>&nbsp;<\/p>\n<p><span style=\"color: #0000ff;\"><strong>CORSA CAMPESTRE<\/strong><\/span><\/p>\n<blockquote>\n<h3>ATLETICA AGORDINA PRIMA CON ALYSSA FRIZ AL CRITERIUM CADORINO DI AURONZO<\/h3>\n<\/blockquote>\n<p><strong><a class=\"dt-pswp-item\" href=\"https:\/\/www.radiopiu.net\/wordpress\/wp-content\/uploads\/2023\/05\/92b45ec8-12b0-4980-bcca-ab2dd6277312.jpg\" data-dt-img-description=\"\" data-large_image_width=\"1024\" data-large_image_height=\"642\"><img loading=\"lazy\" decoding=\"async\" class=\" wp-image-335808 alignleft\" src=\"https:\/\/www.radiopiu.net\/wordpress\/wp-content\/uploads\/2023\/05\/92b45ec8-12b0-4980-bcca-ab2dd6277312-300x188.jpg\" alt=\"\" width=\"204\" height=\"128\" srcset=\"https:\/\/www.radiopiu.net\/wordpress\/wp-content\/uploads\/2023\/05\/92b45ec8-12b0-4980-bcca-ab2dd6277312-300x188.jpg 300w, https:\/\/www.radiopiu.net\/wordpress\/wp-content\/uploads\/2023\/05\/92b45ec8-12b0-4980-bcca-ab2dd6277312-768x482.jpg 768w, https:\/\/www.radiopiu.net\/wordpress\/wp-content\/uploads\/2023\/05\/92b45ec8-12b0-4980-bcca-ab2dd6277312.jpg 1024w\" sizes=\"auto, (max-width: 204px) 100vw, 204px\" \/><\/a>di Marco Gaz<\/strong><\/p>\n<p><strong>REDAZIONE<\/strong> Dopo il terzo posto di sette giorni fa in Val di Zoldo, Alyssa Friz conquista la prima posizione nella categoria Ragazze della tappa di Auronzo nel Criterium Cadorino. Ottima prova della giovane in forza all&#8217;Atletica Agordina che sta facendo vedere di che pasta \u00e8 fatta. 251 gli atleti al via della prova di Auronzo. Per l&#8217;Atletica Agordina, sempre nella categoria Ragazze, da segnalare il quinto posto di Laila Sopplesa. Alyssa ha vinto con il tempo di 4&#8217;02&#8221; staccando di 4&#8243; Agnese Petris. (foto: Alyssa Friz in azione ad Auronzo)<\/p>\n<p>&nbsp;<\/p>\n<p><span style=\"color: #0000ff;\"><strong>DANZA<\/strong><\/span><\/p>\n<blockquote>\n<h3>L&#8217;ADA CONQUISTA IL SECONDO POSTO AL CONCORSO DI DANZA A SACILE<\/h3>\n<\/blockquote>\n<p><strong>REDAZIONE<\/strong> Con la coreografia &#8220;Torna il sole, non il tempo&#8221; di Fabiola Prompicai , il gruppo hiphop 2 dell&#8217;Associazione Danza Agordina si \u00e8 piazzato secondo al concorso di danza &#8221; La vita in un sorriso&#8221; a Sacile. Le ragazze, emozionate in uno splendido teatro, sostenute dai genitori che le hanno accompagnate (e han fatto il tifo per loro) si sono anche aggiudicate tre borse di studio per stage di hiphop. Una soddisfazione maggiore visto che i gruppi con cui si sono confrontate erano maggiori per et\u00e0.<\/p>\n\n\t\t\t<style type='text\/css'>\n\t\t\t\t#gallery-8 {\n\t\t\t\t\tmargin: auto;\n\t\t\t\t}\n\t\t\t\t#gallery-8 .gallery-item {\n\t\t\t\t\tfloat: left;\n\t\t\t\t\tmargin-top: 10px;\n\t\t\t\t\ttext-align: center;\n\t\t\t\t\twidth: 50%;\n\t\t\t\t}\n\t\t\t\t#gallery-8 img {\n\t\t\t\t\tborder: 2px solid #cfcfcf;\n\t\t\t\t}\n\t\t\t\t#gallery-8 .gallery-caption {\n\t\t\t\t\tmargin-left: 0;\n\t\t\t\t}\n\t\t\t\t\/* see gallery_shortcode() in wp-includes\/media.php *\/\n\t\t\t<\/style>\n\t\t<div id='gallery-8' class='dt-gallery-container gallery galleryid-335675 gallery-columns-2 gallery-size-medium'><dl class='gallery-item'>\n\t\t\t\t<dt class='gallery-icon landscape'>\n\t\t\t\t\t<a class=\"rollover rollover-zoom dt-pswp-item\" title=\"97dc636e-54b4-4e8c-8d71-070c4c941f40\" data-dt-img-description=\"\" data-large_image_width=\"1564\" data-large_image_height=\"879\"href='https:\/\/www.radiopiu.net\/wordpress\/wp-content\/uploads\/2023\/05\/97dc636e-54b4-4e8c-8d71-070c4c941f40.jpg'><img loading=\"lazy\" decoding=\"async\" width=\"300\" height=\"169\" src=\"https:\/\/www.radiopiu.net\/wordpress\/wp-content\/uploads\/2023\/05\/97dc636e-54b4-4e8c-8d71-070c4c941f40-300x169.jpg\" class=\"attachment-medium size-medium\" alt=\"\" srcset=\"https:\/\/www.radiopiu.net\/wordpress\/wp-content\/uploads\/2023\/05\/97dc636e-54b4-4e8c-8d71-070c4c941f40-300x169.jpg 300w, https:\/\/www.radiopiu.net\/wordpress\/wp-content\/uploads\/2023\/05\/97dc636e-54b4-4e8c-8d71-070c4c941f40-1024x576.jpg 1024w, https:\/\/www.radiopiu.net\/wordpress\/wp-content\/uploads\/2023\/05\/97dc636e-54b4-4e8c-8d71-070c4c941f40-768x432.jpg 768w, https:\/\/www.radiopiu.net\/wordpress\/wp-content\/uploads\/2023\/05\/97dc636e-54b4-4e8c-8d71-070c4c941f40-1536x863.jpg 1536w, https:\/\/www.radiopiu.net\/wordpress\/wp-content\/uploads\/2023\/05\/97dc636e-54b4-4e8c-8d71-070c4c941f40.jpg 1564w\" sizes=\"auto, (max-width: 300px) 100vw, 300px\" \/><\/a>\n\t\t\t\t<\/dt><\/dl><dl class='gallery-item'>\n\t\t\t\t<dt class='gallery-icon landscape'>\n\t\t\t\t\t<a class=\"rollover rollover-zoom dt-pswp-item\" title=\"SCR-20230514-pybb\" data-dt-img-description=\"\" data-large_image_width=\"1026\" data-large_image_height=\"802\"href='https:\/\/www.radiopiu.net\/wordpress\/wp-content\/uploads\/2023\/05\/SCR-20230514-pybb.jpeg'><img loading=\"lazy\" decoding=\"async\" width=\"300\" height=\"235\" src=\"https:\/\/www.radiopiu.net\/wordpress\/wp-content\/uploads\/2023\/05\/SCR-20230514-pybb-300x235.jpeg\" class=\"attachment-medium size-medium\" alt=\"\" srcset=\"https:\/\/www.radiopiu.net\/wordpress\/wp-content\/uploads\/2023\/05\/SCR-20230514-pybb-300x235.jpeg 300w, https:\/\/www.radiopiu.net\/wordpress\/wp-content\/uploads\/2023\/05\/SCR-20230514-pybb-1024x800.jpeg 1024w, https:\/\/www.radiopiu.net\/wordpress\/wp-content\/uploads\/2023\/05\/SCR-20230514-pybb-768x600.jpeg 768w, https:\/\/www.radiopiu.net\/wordpress\/wp-content\/uploads\/2023\/05\/SCR-20230514-pybb.jpeg 1026w\" sizes=\"auto, (max-width: 300px) 100vw, 300px\" \/><\/a>\n\t\t\t\t<\/dt><\/dl><br style=\"clear: both\" \/>\n\t\t\t<\/div>\n\n<p>&nbsp;<\/p>\n<p>&nbsp;<\/p>\n<\/div>\n","protected":false},"excerpt":{"rendered":"<p>ISCRIVITI AL NOSTRO CANALE\u00a0 YOUTUBE PER SEGUIRE IN DIRETTA I PRINCIPALI PROGRAMMI DI RADIO PIU&#8217; E LE FUTURE DIRETTE IN ESTERNA. PER ISCRIVERTI CLICCA QUI E PREMI\u00a0 &#8220;Iscriviti&#8221;\u00a0 \u00a0 \u00a0\u00a0 &nbsp; DA OGGI ALLA RADIO, OGNI LUNEDI ALLE 10.30 E ALLE 19&#8230; IL PROGRAMMA! QUESTA SERA DALLE 20.30 LO SPECIALE ALLA RADIO: PRESENTAZIONE DEL LIBRO&hellip;<\/p>\n","protected":false},"author":4,"featured_media":335891,"comment_status":"closed","ping_status":"closed","sticky":false,"template":"","format":"standard","meta":{"_monsterinsights_skip_tracking":false,"_monsterinsights_sitenote_active":false,"_monsterinsights_sitenote_note":"","_monsterinsights_sitenote_category":0,"footnotes":""},"categories":[51,86,49],"tags":[],"class_list":["post-335675","post","type-post","status-publish","format-standard","has-post-thumbnail","hentry","category-evidenza-top","category-gr","category-news-18","category-51","category-86","category-49","description-off"],"img_url":"https:\/\/www.radiopiu.net\/wordpress\/wp-content\/uploads\/2023\/05\/644e3b3b-5591-4a84-8d12-07cde4dcd16f.jpg","_links":{"self":[{"href":"https:\/\/www.radiopiu.net\/wordpress\/wp-json\/wp\/v2\/posts\/335675","targetHints":{"allow":["GET"]}}],"collection":[{"href":"https:\/\/www.radiopiu.net\/wordpress\/wp-json\/wp\/v2\/posts"}],"about":[{"href":"https:\/\/www.radiopiu.net\/wordpress\/wp-json\/wp\/v2\/types\/post"}],"author":[{"embeddable":true,"href":"https:\/\/www.radiopiu.net\/wordpress\/wp-json\/wp\/v2\/users\/4"}],"replies":[{"embeddable":true,"href":"https:\/\/www.radiopiu.net\/wordpress\/wp-json\/wp\/v2\/comments?post=335675"}],"version-history":[{"count":0,"href":"https:\/\/www.radiopiu.net\/wordpress\/wp-json\/wp\/v2\/posts\/335675\/revisions"}],"wp:featuredmedia":[{"embeddable":true,"href":"https:\/\/www.radiopiu.net\/wordpress\/wp-json\/wp\/v2\/media\/335891"}],"wp:attachment":[{"href":"https:\/\/www.radiopiu.net\/wordpress\/wp-json\/wp\/v2\/media?parent=335675"}],"wp:term":[{"taxonomy":"category","embeddable":true,"href":"https:\/\/www.radiopiu.net\/wordpress\/wp-json\/wp\/v2\/categories?post=335675"},{"taxonomy":"post_tag","embeddable":true,"href":"https:\/\/www.radiopiu.net\/wordpress\/wp-json\/wp\/v2\/tags?post=335675"}],"curies":[{"name":"wp","href":"https:\/\/api.w.org\/{rel}","templated":true}]}}