{"id":335759,"date":"2023-05-13T17:16:37","date_gmt":"2023-05-13T15:16:37","guid":{"rendered":"https:\/\/www.radiopiu.net\/wordpress\/?p=335759"},"modified":"2023-05-15T05:24:38","modified_gmt":"2023-05-15T03:24:38","slug":"nuovo-dg-ulss-1-il-presidente-della-provincia-augura-buon-lavoro-a-dal-ben","status":"publish","type":"post","link":"https:\/\/www.radiopiu.net\/wordpress\/nuovo-dg-ulss-1-il-presidente-della-provincia-augura-buon-lavoro-a-dal-ben\/","title":{"rendered":"NUOVO DG ULSS 1, IL PRESIDENTE DELLA PROVINCIA AUGURA BUON LAVORO A DAL BEN"},"content":{"rendered":"<p><strong><a class=\"dt-pswp-item\" href=\"https:\/\/www.radiopiu.net\/wordpress\/wp-content\/uploads\/2023\/04\/PADRIN.jpeg\" data-dt-img-description=\"\" data-large_image_width=\"1110\" data-large_image_height=\"648\"><img loading=\"lazy\" decoding=\"async\" class=\" wp-image-330720 alignleft\" src=\"https:\/\/www.radiopiu.net\/wordpress\/wp-content\/uploads\/2023\/04\/PADRIN-300x175.jpeg\" alt=\"\" width=\"202\" height=\"118\" srcset=\"https:\/\/www.radiopiu.net\/wordpress\/wp-content\/uploads\/2023\/04\/PADRIN-300x175.jpeg 300w, https:\/\/www.radiopiu.net\/wordpress\/wp-content\/uploads\/2023\/04\/PADRIN-1024x598.jpeg 1024w, https:\/\/www.radiopiu.net\/wordpress\/wp-content\/uploads\/2023\/04\/PADRIN-768x448.jpeg 768w, https:\/\/www.radiopiu.net\/wordpress\/wp-content\/uploads\/2023\/04\/PADRIN.jpeg 1110w\" sizes=\"auto, (max-width: 202px) 100vw, 202px\" \/><\/a>BELLUNO <\/strong>\u00abAuguri di buon lavoro al dottor Dal Ben. La sua esperienza sia al servizio della montagna bellunese e delle comunit\u00e0 locali, soprattutto per risolvere quei problemi della sanit\u00e0 che nelle terre alte rischiano di essere pi\u00f9 pressanti e dalle conseguenze pi\u00f9 pericolose, rispetto alla pianura\u00bb. Lo scrive in una nota il presidente della Provincia di Belluno, per la nomina a direttore generale dell\u2019Ulss 1 Dolomiti di Giuseppe Dal Ben, che dirige anche l\u2019ospedale universitario di Padova. Nomina che dovrebbe essere ufficializzata con un decreto a inizio settimana. \u00abMi auguro che la grande esperienza maturata negli anni possa essere messa a beneficio della nostra sanit\u00e0 e voglio pensare che il doppio incarico &#8211; a Belluno e a Padova &#8211; possa servire a far capire le nostre esigenze e metterle sullo stesso livello di quelle di una realt\u00e0 di pianura e di area metropolitana, e non diventi invece un alibi per dimenticare e di fatto ridurre al minimo l\u2019impegno per la montagna, che ha numeri pi\u00f9 piccoli \u00e8 vero, ma distanze da colmare ben pi\u00f9 consistenti. La permanenza dei servizi, su tutti i presidi sanitari, \u00e8 la base imprescindibile su cui costruire la lotta allo spopolamento. Ma sono certo che il dottor Dal Ben e il suo staff sapranno lavorare in questo senso\u00bb.<\/p>\n<p>&nbsp;<\/p>\n<p>&nbsp;<\/p>\n<p>*******<\/p>\n","protected":false},"excerpt":{"rendered":"<p>BELLUNO \u00abAuguri di buon lavoro al dottor Dal Ben. La sua esperienza sia al servizio della montagna bellunese e delle comunit\u00e0 locali, soprattutto per risolvere quei problemi della sanit\u00e0 che nelle terre alte rischiano di essere pi\u00f9 pressanti e dalle conseguenze pi\u00f9 pericolose, rispetto alla pianura\u00bb. Lo scrive in una nota il presidente della Provincia&hellip;<\/p>\n","protected":false},"author":4,"featured_media":330720,"comment_status":"closed","ping_status":"closed","sticky":false,"template":"","format":"standard","meta":{"_monsterinsights_skip_tracking":false,"_monsterinsights_sitenote_active":false,"_monsterinsights_sitenote_note":"","_monsterinsights_sitenote_category":0,"footnotes":""},"categories":[51,49],"tags":[],"class_list":["post-335759","post","type-post","status-publish","format-standard","has-post-thumbnail","hentry","category-evidenza-top","category-news-18","category-51","category-49","description-off"],"img_url":"https:\/\/www.radiopiu.net\/wordpress\/wp-content\/uploads\/2023\/04\/PADRIN.jpeg","_links":{"self":[{"href":"https:\/\/www.radiopiu.net\/wordpress\/wp-json\/wp\/v2\/posts\/335759","targetHints":{"allow":["GET"]}}],"collection":[{"href":"https:\/\/www.radiopiu.net\/wordpress\/wp-json\/wp\/v2\/posts"}],"about":[{"href":"https:\/\/www.radiopiu.net\/wordpress\/wp-json\/wp\/v2\/types\/post"}],"author":[{"embeddable":true,"href":"https:\/\/www.radiopiu.net\/wordpress\/wp-json\/wp\/v2\/users\/4"}],"replies":[{"embeddable":true,"href":"https:\/\/www.radiopiu.net\/wordpress\/wp-json\/wp\/v2\/comments?post=335759"}],"version-history":[{"count":0,"href":"https:\/\/www.radiopiu.net\/wordpress\/wp-json\/wp\/v2\/posts\/335759\/revisions"}],"wp:featuredmedia":[{"embeddable":true,"href":"https:\/\/www.radiopiu.net\/wordpress\/wp-json\/wp\/v2\/media\/330720"}],"wp:attachment":[{"href":"https:\/\/www.radiopiu.net\/wordpress\/wp-json\/wp\/v2\/media?parent=335759"}],"wp:term":[{"taxonomy":"category","embeddable":true,"href":"https:\/\/www.radiopiu.net\/wordpress\/wp-json\/wp\/v2\/categories?post=335759"},{"taxonomy":"post_tag","embeddable":true,"href":"https:\/\/www.radiopiu.net\/wordpress\/wp-json\/wp\/v2\/tags?post=335759"}],"curies":[{"name":"wp","href":"https:\/\/api.w.org\/{rel}","templated":true}]}}