{"id":335793,"date":"2023-05-14T23:59:43","date_gmt":"2023-05-14T21:59:43","guid":{"rendered":"https:\/\/www.radiopiu.net\/wordpress\/?p=335793"},"modified":"2023-05-15T05:22:45","modified_gmt":"2023-05-15T03:22:45","slug":"il-fine-settimana-del-settore-giovanile-dellagordina-calcio","status":"publish","type":"post","link":"https:\/\/www.radiopiu.net\/wordpress\/il-fine-settimana-del-settore-giovanile-dellagordina-calcio\/","title":{"rendered":"IL FINE SETTIMANA DEL SETTORE GIOVANILE DELL&#8217;AGORDINA CALCIO"},"content":{"rendered":"<p><strong><a class=\"dt-pswp-item\" href=\"https:\/\/www.radiopiu.net\/wordpress\/wp-content\/uploads\/2023\/04\/calcio-rigore-2023.png\" data-dt-img-description=\"\" data-large_image_width=\"623\" data-large_image_height=\"402\"><img loading=\"lazy\" decoding=\"async\" class=\" wp-image-331419 alignleft\" src=\"https:\/\/www.radiopiu.net\/wordpress\/wp-content\/uploads\/2023\/04\/calcio-rigore-2023-300x194.png\" alt=\"\" width=\"190\" height=\"123\" srcset=\"https:\/\/www.radiopiu.net\/wordpress\/wp-content\/uploads\/2023\/04\/calcio-rigore-2023-300x194.png 300w, https:\/\/www.radiopiu.net\/wordpress\/wp-content\/uploads\/2023\/04\/calcio-rigore-2023.png 623w\" sizes=\"auto, (max-width: 190px) 100vw, 190px\" \/><\/a>Di Marco Gaz<\/strong><\/p>\n<p><strong>GIOVANISSIMI PROVINCIALI \/ SEMIFINALI DI CAMPIONATO \/ PLAVIS \u2013 AGORDINA 1-0<\/strong><\/p>\n<p>L\u2019Agordina di De Bastiani si arrende in semifinale. La Plavis strappa il pass per la finalissima del campionato Giovanissimi provinciali dopo aver vinto di misura entrambe le gare contro i giovani agordini. Nella sfida di sabato pomeriggio \u00e8 mancato il gol e la squadra di Santa Giustina l\u2019ha spuntata a 5\u2019 dal termine dopo una sfida equilibrata. Resta comunque un gran campionato giocato dall\u2019Agordina Giovanissimi che si \u00e8 fatta valere per tutta la stagione dimostrando impegno, costanza e unit\u00e0 d\u2019intenti. Domenica prossima ultima partita della stagione con la squadra di De Bastiani impegnata nella finale terzo \u2013 quarto posto del torneo provinciale.<\/p>\n<p><strong>JUNIORES PROVINCIALI \/ COPPA VALBELLUNA MEMORIAL CALLIGARO \/ AGORDINA \u2013 JUVENTINA 0-0<\/strong><\/p>\n<p>Reti inviolate nella sfida dell\u2019Ivano Dorigo di Agordo che ha visto di fronte Agordina e Juventina nella partita che doveva decidere quali delle due squadre andava a giocare la finalissima del campionato juniores. Le occasioni non sono mancate da entrambe le parti ma il pallone non ha mai varcato la linea di porta. La prossima settimana sar\u00e0 in programma la finalissima del torneo dove la Dynamo si \u00e8 gi\u00e0 classificata. Rimane da capire chi tra Agordina e Juventina sar\u00e0 la seconda finalista. Infatti la classifica non premia nessuna delle due compagini che sono seconde a pari merito. Nemmeno la classifica avulsa premia una squadra quindi per decidere chi accede alla finalissima ci sar\u00e0 un sorteggio nella sede LND di Belluno.<\/p>\n<p>&nbsp;<\/p>\n<p>&nbsp;<\/p>\n<p>********<\/p>\n","protected":false},"excerpt":{"rendered":"<p>Di Marco Gaz GIOVANISSIMI PROVINCIALI \/ SEMIFINALI DI CAMPIONATO \/ PLAVIS \u2013 AGORDINA 1-0 L\u2019Agordina di De Bastiani si arrende in semifinale. La Plavis strappa il pass per la finalissima del campionato Giovanissimi provinciali dopo aver vinto di misura entrambe le gare contro i giovani agordini. Nella sfida di sabato pomeriggio \u00e8 mancato il gol&hellip;<\/p>\n","protected":false},"author":4,"featured_media":331419,"comment_status":"closed","ping_status":"closed","sticky":false,"template":"","format":"standard","meta":{"_monsterinsights_skip_tracking":false,"_monsterinsights_sitenote_active":false,"_monsterinsights_sitenote_note":"","_monsterinsights_sitenote_category":0,"footnotes":""},"categories":[104,49],"tags":[],"class_list":["post-335793","post","type-post","status-publish","format-standard","has-post-thumbnail","hentry","category-evidenza_3","category-news-18","category-104","category-49","description-off"],"img_url":"https:\/\/www.radiopiu.net\/wordpress\/wp-content\/uploads\/2023\/04\/calcio-rigore-2023.png","_links":{"self":[{"href":"https:\/\/www.radiopiu.net\/wordpress\/wp-json\/wp\/v2\/posts\/335793","targetHints":{"allow":["GET"]}}],"collection":[{"href":"https:\/\/www.radiopiu.net\/wordpress\/wp-json\/wp\/v2\/posts"}],"about":[{"href":"https:\/\/www.radiopiu.net\/wordpress\/wp-json\/wp\/v2\/types\/post"}],"author":[{"embeddable":true,"href":"https:\/\/www.radiopiu.net\/wordpress\/wp-json\/wp\/v2\/users\/4"}],"replies":[{"embeddable":true,"href":"https:\/\/www.radiopiu.net\/wordpress\/wp-json\/wp\/v2\/comments?post=335793"}],"version-history":[{"count":0,"href":"https:\/\/www.radiopiu.net\/wordpress\/wp-json\/wp\/v2\/posts\/335793\/revisions"}],"wp:featuredmedia":[{"embeddable":true,"href":"https:\/\/www.radiopiu.net\/wordpress\/wp-json\/wp\/v2\/media\/331419"}],"wp:attachment":[{"href":"https:\/\/www.radiopiu.net\/wordpress\/wp-json\/wp\/v2\/media?parent=335793"}],"wp:term":[{"taxonomy":"category","embeddable":true,"href":"https:\/\/www.radiopiu.net\/wordpress\/wp-json\/wp\/v2\/categories?post=335793"},{"taxonomy":"post_tag","embeddable":true,"href":"https:\/\/www.radiopiu.net\/wordpress\/wp-json\/wp\/v2\/tags?post=335793"}],"curies":[{"name":"wp","href":"https:\/\/api.w.org\/{rel}","templated":true}]}}