{"id":335807,"date":"2023-05-14T19:52:27","date_gmt":"2023-05-14T17:52:27","guid":{"rendered":"https:\/\/www.radiopiu.net\/wordpress\/?p=335807"},"modified":"2023-05-14T21:05:03","modified_gmt":"2023-05-14T19:05:03","slug":"elezioni-comunali-laffluenza-19-canale-cence","status":"publish","type":"post","link":"https:\/\/www.radiopiu.net\/wordpress\/elezioni-comunali-laffluenza-19-canale-cence\/","title":{"rendered":"ELEZIONI COMUNALI: L&#8217;AFFLUENZA ALLE 19. CANALE D&#8217;AGORDO E CENCENIGHE RAGGIUNGONO IL QUORUM"},"content":{"rendered":"<p><strong><a class=\"dt-pswp-item\" href=\"https:\/\/www.radiopiu.net\/wordpress\/wp-content\/uploads\/2019\/05\/ELEZIONI-COMUNALI.jpg\" data-dt-img-description=\"\" data-large_image_width=\"751\" data-large_image_height=\"488\"><img loading=\"lazy\" decoding=\"async\" class=\" wp-image-86550 alignleft\" src=\"https:\/\/www.radiopiu.net\/wordpress\/wp-content\/uploads\/2019\/05\/ELEZIONI-COMUNALI-300x195.jpg\" alt=\"\" width=\"234\" height=\"152\" srcset=\"https:\/\/www.radiopiu.net\/wordpress\/wp-content\/uploads\/2019\/05\/ELEZIONI-COMUNALI-300x195.jpg 300w, https:\/\/www.radiopiu.net\/wordpress\/wp-content\/uploads\/2019\/05\/ELEZIONI-COMUNALI.jpg 751w\" sizes=\"auto, (max-width: 234px) 100vw, 234px\" \/><\/a>REDAZIONE<\/strong> Si vota a Canale D&#8217;Agordo e Cencenighe per l&#8217;elezione del sindaco. In entrambi i comuni la corsa \u00e8 contro il quorum. A Canale D&#8217;Agordo il candidato sindaco \u00e8 Massimo Murer mentre a Cencenighe \u00e8 Mauro Soppelsa. A Canale D&#8217;Agordo Massimo Murer pu\u00f2 gi\u00e0 festeggiare l&#8217;obbiettivo raggiunto. A Cencenighe Mauro Soppelsa pu\u00f2 fare altrettanto avendo gi\u00e0 superato di poco il 40% dei votanti<\/p>\n<p><span style=\"color: #ff0000;\"><strong>AFFLUENZA ALLE URNE ALLE 19<\/strong><\/span><\/p>\n<p><em><strong>CANALE D&#8217;AGORDO 44,76%<\/strong><\/em><\/p>\n<p><em><strong>CENCENIGHE 40,1 %<\/strong><\/em><\/p>\n<p>&nbsp;<\/p>\n<p>&nbsp;<\/p>\n<p>******<\/p>\n","protected":false},"excerpt":{"rendered":"<p>REDAZIONE Si vota a Canale D&#8217;Agordo e Cencenighe per l&#8217;elezione del sindaco. In entrambi i comuni la corsa \u00e8 contro il quorum. A Canale D&#8217;Agordo il candidato sindaco \u00e8 Massimo Murer mentre a Cencenighe \u00e8 Mauro Soppelsa. A Canale D&#8217;Agordo Massimo Murer pu\u00f2 gi\u00e0 festeggiare l&#8217;obbiettivo raggiunto. A Cencenighe Mauro Soppelsa pu\u00f2 fare altrettanto avendo&hellip;<\/p>\n","protected":false},"author":4,"featured_media":235320,"comment_status":"closed","ping_status":"closed","sticky":false,"template":"","format":"standard","meta":{"_monsterinsights_skip_tracking":false,"_monsterinsights_sitenote_active":false,"_monsterinsights_sitenote_note":"","_monsterinsights_sitenote_category":0,"footnotes":""},"categories":[51,49],"tags":[],"class_list":["post-335807","post","type-post","status-publish","format-standard","has-post-thumbnail","hentry","category-evidenza-top","category-news-18","category-51","category-49","description-off"],"img_url":"https:\/\/www.radiopiu.net\/wordpress\/wp-content\/uploads\/2021\/10\/risultati-elezioni-comunali-2021-amministrative-oggi-today-2.jpg","_links":{"self":[{"href":"https:\/\/www.radiopiu.net\/wordpress\/wp-json\/wp\/v2\/posts\/335807","targetHints":{"allow":["GET"]}}],"collection":[{"href":"https:\/\/www.radiopiu.net\/wordpress\/wp-json\/wp\/v2\/posts"}],"about":[{"href":"https:\/\/www.radiopiu.net\/wordpress\/wp-json\/wp\/v2\/types\/post"}],"author":[{"embeddable":true,"href":"https:\/\/www.radiopiu.net\/wordpress\/wp-json\/wp\/v2\/users\/4"}],"replies":[{"embeddable":true,"href":"https:\/\/www.radiopiu.net\/wordpress\/wp-json\/wp\/v2\/comments?post=335807"}],"version-history":[{"count":0,"href":"https:\/\/www.radiopiu.net\/wordpress\/wp-json\/wp\/v2\/posts\/335807\/revisions"}],"wp:featuredmedia":[{"embeddable":true,"href":"https:\/\/www.radiopiu.net\/wordpress\/wp-json\/wp\/v2\/media\/235320"}],"wp:attachment":[{"href":"https:\/\/www.radiopiu.net\/wordpress\/wp-json\/wp\/v2\/media?parent=335807"}],"wp:term":[{"taxonomy":"category","embeddable":true,"href":"https:\/\/www.radiopiu.net\/wordpress\/wp-json\/wp\/v2\/categories?post=335807"},{"taxonomy":"post_tag","embeddable":true,"href":"https:\/\/www.radiopiu.net\/wordpress\/wp-json\/wp\/v2\/tags?post=335807"}],"curies":[{"name":"wp","href":"https:\/\/api.w.org\/{rel}","templated":true}]}}