{"id":335821,"date":"2023-05-15T13:30:22","date_gmt":"2023-05-15T11:30:22","guid":{"rendered":"https:\/\/www.radiopiu.net\/wordpress\/?p=335821"},"modified":"2023-05-14T16:13:30","modified_gmt":"2023-05-14T14:13:30","slug":"i-racconti-di-paolo-soppelsa-puntata-176","status":"publish","type":"post","link":"https:\/\/www.radiopiu.net\/wordpress\/i-racconti-di-paolo-soppelsa-puntata-176\/","title":{"rendered":"I RACCONTI DI PAOLO SOPPELSA &#8211; PUNTATA 176"},"content":{"rendered":"<p><strong>PRIMO MAGGIO<\/strong><\/p>\n<p><strong>AUDIO<\/strong><\/p>\n<audio class=\"wp-audio-shortcode\" id=\"audio-335821-1\" preload=\"none\" style=\"width: 100%;\" controls=\"controls\"><source type=\"audio\/mpeg\" src=\"https:\/\/www.radiopiu.net\/wordpress\/wp-content\/uploads\/2023\/05\/PAOLO-SOPPELSA-PRIMO-MAGGIO.mp3?_=1\" \/><a href=\"https:\/\/www.radiopiu.net\/wordpress\/wp-content\/uploads\/2023\/05\/PAOLO-SOPPELSA-PRIMO-MAGGIO.mp3\">https:\/\/www.radiopiu.net\/wordpress\/wp-content\/uploads\/2023\/05\/PAOLO-SOPPELSA-PRIMO-MAGGIO.mp3<\/a><\/audio>\n<p>&nbsp;<\/p>\n<p><a class=\"dt-pswp-item\" href=\"https:\/\/www.radiopiu.net\/wordpress\/wp-content\/uploads\/2023\/05\/e3ce0fba-e87a-4379-a98e-e45ce2bed055.jpg\" data-dt-img-description=\"\" data-large_image_width=\"1600\" data-large_image_height=\"1200\"><img loading=\"lazy\" decoding=\"async\" class=\" wp-image-335823 alignleft\" src=\"https:\/\/www.radiopiu.net\/wordpress\/wp-content\/uploads\/2023\/05\/e3ce0fba-e87a-4379-a98e-e45ce2bed055-300x225.jpg\" alt=\"\" width=\"187\" height=\"140\" srcset=\"https:\/\/www.radiopiu.net\/wordpress\/wp-content\/uploads\/2023\/05\/e3ce0fba-e87a-4379-a98e-e45ce2bed055-300x225.jpg 300w, https:\/\/www.radiopiu.net\/wordpress\/wp-content\/uploads\/2023\/05\/e3ce0fba-e87a-4379-a98e-e45ce2bed055-1024x768.jpg 1024w, https:\/\/www.radiopiu.net\/wordpress\/wp-content\/uploads\/2023\/05\/e3ce0fba-e87a-4379-a98e-e45ce2bed055-768x576.jpg 768w, https:\/\/www.radiopiu.net\/wordpress\/wp-content\/uploads\/2023\/05\/e3ce0fba-e87a-4379-a98e-e45ce2bed055-1536x1152.jpg 1536w, https:\/\/www.radiopiu.net\/wordpress\/wp-content\/uploads\/2023\/05\/e3ce0fba-e87a-4379-a98e-e45ce2bed055.jpg 1600w\" sizes=\"auto, (max-width: 187px) 100vw, 187px\" \/><\/a>Primo maggio, un luned\u00ec che sembra domenica di tempo incerto e nuvole che abbracciano le cime. Dopo cena la consueta camminata intorno al lago del Ghirlo di Cencenighe e poi la solita routine; bagagli in macchina e chiusura casa prima di fare rotta verso la piccola citt\u00e0. Metto in moto venti minuti prima che la campana grande annunci la sera e poi parto con molta flemma; mi tiro in gi\u00f9 con calma, mi dico, non ho alcun motivo di avere fretta. La vettura scorre tranquilla lungo la Strada Madre deserta mentre Dalla e De Gregori cantano Anna e Marco; Taibon, Agordo e poi una pioggia sottile appena superata la galleria dei Castei. A Candaten trovo l&#8217;imbrunire e il verde primaverile dei prati; una ventina di minuti e sar\u00f2 arrivato a casa, chiss\u00e0 se a Belluno piove, penso mentre De Gregori canta &#8220;Non dirle che non \u00e8 cos\u00ec&#8221;. Tre rettilinei ed ecco il curvone a sinistra di Case Viezzer, la porta della Valbelluna; non si vedono le prealpi all&#8217;orizzonte ma si inizia come sempre a percepire quell&#8217;aria diversa da quella agordina. Ora non piove e sono sui settanta all&#8217;ora quando imbocco la prima delle due semicurve che precedono l&#8217;abitato di Peron; mentre la canzone inizia a sfumare ecco che a sinistra appare una sagoma che si fionda in strada a grandi balzi. D&#8217;istinto inchiodo, entra l&#8217;ABS e il pedale del freno vibra deciso, la cintura si blocca e un secondo pi\u00f9 tardi sento quel rumore sordo che purtroppo gi\u00e0 conosco. Ora sono fermo, tiro il freno a mano e accendo le quattro frecce mentre tre o quattro metri pi\u00f9 avanti l&#8217;animale steso sull&#8217;asfalto \u00e8 in preda alle convulsioni. La scena \u00e8 simile a quella vissuta due anni prima, pure allora era di maggio ma era una domenica mattina in cui viaggiavo in direzione Cencenighe; l&#8217;altra volta un capriolo era saltato da un muro e nemmeno avevo potuto vederlo, in questa occasione, invece, un altro selvatico mi ha lasciato forse due secondi scarsi per tentare una manovra d&#8217;emergenza. Afferro lo smartphone e chiamo immediatamente il 113, questa volta, rispetto a due anni fa, sono molto pi\u00f9 freddo nel gestire le operazioni e dialogo senza impaccio con l&#8217;operatore di Polizia; chilometro 8 della S.R. 203 Agordina in prossimit\u00e0 dell&#8217;abitato di Peron. Slaccio la cintura e scendo dalla vettura, l&#8217;animale \u00e8 un bell&#8217;esemplare di capriolo maschio a cui stanno crescendo le nuove corna. Ora respira affannosamente e nel frattempo mi raggiungono due automobilisti che si sono fermati poco pi\u00f9 avanti; ringrazio del pensiero e poi sposto con delicatezza l&#8217;animale adagiandolo sull&#8217;erba a bordo strada. Un paio di minuti pi\u00f9 tardi smette di respirare mentre le due persone mi rivolgono domande a cui non ho granch\u00e9 voglia di rispondere. Parcheggio la macchina in una piazzola e mentre la pioggia si infittisce preparo i documenti da esibire alle Forze dell&#8217;Ordine. Rifletto sul come a volte bastano appena due secondi per cambiare il corso di una vita; era una sera tranquilla come tante, e poi un attimo dopo era gi\u00e0 tutto cambiato; un capriolo appena morto a bordo strada e pensieri insistenti che trattavano il tema del &#8220;&#8230;se potevo fare qualcosa di pi\u00f9 per evitare l&#8217;incidente\u2026&#8221;. Lampeggianti blu all&#8217;orizzonte mi fanno riemergere da questi pensieri; l&#8217;auto dei Carabinieri va a parcheggiarsi in una piazzola e subito dopo i militari mi raggiungono accompagnati dall&#8217;addetto al recupero dell&#8217;animale. Due parole, poi l&#8217;uomo carica il capriolo nel bagagliaio e se ne va; rimango solo con i Carabinieri che sono molto cordiali e disponibili come lo furono due anni fa i colleghi della caserma di Agordo. Non ho nemmeno controllato i danni subiti dall&#8217;Alfa, tanto so gi\u00e0 cosa trover\u00f2; l&#8217;importante \u00e8 non essermi fatto male, anche se mi dispiace per il capriolo. Poi, dopo la rapida stesura del verbale per l&#8217;assicurazione, mi rimetto al volante e un quarto d&#8217;ora pi\u00f9 tardi parcheggio sotto casa; \u00e8 terminato un altro primo maggio.<\/p>\n<p>&nbsp;<\/p>\n<p>&nbsp;<\/p>\n<p>*********<\/p>\n","protected":false},"excerpt":{"rendered":"<p>PRIMO MAGGIO AUDIO &nbsp; Primo maggio, un luned\u00ec che sembra domenica di tempo incerto e nuvole che abbracciano le cime. Dopo cena la consueta camminata intorno al lago del Ghirlo di Cencenighe e poi la solita routine; bagagli in macchina e chiusura casa prima di fare rotta verso la piccola citt\u00e0. Metto in moto venti&hellip;<\/p>\n","protected":false},"author":4,"featured_media":335823,"comment_status":"closed","ping_status":"closed","sticky":false,"template":"","format":"standard","meta":{"_monsterinsights_skip_tracking":false,"_monsterinsights_sitenote_active":false,"_monsterinsights_sitenote_note":"","_monsterinsights_sitenote_category":0,"footnotes":""},"categories":[49,112],"tags":[],"class_list":["post-335821","post","type-post","status-publish","format-standard","has-post-thumbnail","hentry","category-news-18","category-racconti-soppelsa","category-49","category-112","description-off"],"img_url":"https:\/\/www.radiopiu.net\/wordpress\/wp-content\/uploads\/2023\/05\/e3ce0fba-e87a-4379-a98e-e45ce2bed055.jpg","_links":{"self":[{"href":"https:\/\/www.radiopiu.net\/wordpress\/wp-json\/wp\/v2\/posts\/335821","targetHints":{"allow":["GET"]}}],"collection":[{"href":"https:\/\/www.radiopiu.net\/wordpress\/wp-json\/wp\/v2\/posts"}],"about":[{"href":"https:\/\/www.radiopiu.net\/wordpress\/wp-json\/wp\/v2\/types\/post"}],"author":[{"embeddable":true,"href":"https:\/\/www.radiopiu.net\/wordpress\/wp-json\/wp\/v2\/users\/4"}],"replies":[{"embeddable":true,"href":"https:\/\/www.radiopiu.net\/wordpress\/wp-json\/wp\/v2\/comments?post=335821"}],"version-history":[{"count":0,"href":"https:\/\/www.radiopiu.net\/wordpress\/wp-json\/wp\/v2\/posts\/335821\/revisions"}],"wp:featuredmedia":[{"embeddable":true,"href":"https:\/\/www.radiopiu.net\/wordpress\/wp-json\/wp\/v2\/media\/335823"}],"wp:attachment":[{"href":"https:\/\/www.radiopiu.net\/wordpress\/wp-json\/wp\/v2\/media?parent=335821"}],"wp:term":[{"taxonomy":"category","embeddable":true,"href":"https:\/\/www.radiopiu.net\/wordpress\/wp-json\/wp\/v2\/categories?post=335821"},{"taxonomy":"post_tag","embeddable":true,"href":"https:\/\/www.radiopiu.net\/wordpress\/wp-json\/wp\/v2\/tags?post=335821"}],"curies":[{"name":"wp","href":"https:\/\/api.w.org\/{rel}","templated":true}]}}