{"id":335845,"date":"2023-05-14T23:59:43","date_gmt":"2023-05-14T21:59:43","guid":{"rendered":"https:\/\/www.radiopiu.net\/wordpress\/?p=335845"},"modified":"2023-05-15T05:22:57","modified_gmt":"2023-05-15T03:22:57","slug":"immigrazione-e-spopolamento-due-facce-di-ununica-medaglia","status":"publish","type":"post","link":"https:\/\/www.radiopiu.net\/wordpress\/immigrazione-e-spopolamento-due-facce-di-ununica-medaglia\/","title":{"rendered":"IMMIGRAZIONE E SPOPOLAMENTO: DUE FACCE DI UN\u2019UNICA MEDAGLIA"},"content":{"rendered":"<p><strong><a class=\"dt-pswp-item\" href=\"https:\/\/www.radiopiu.net\/wordpress\/wp-content\/uploads\/2022\/03\/LIBERA-MAFIE.png\" data-dt-img-description=\"\" data-large_image_width=\"860\" data-large_image_height=\"756\"><img loading=\"lazy\" decoding=\"async\" class=\" wp-image-267115 alignleft\" src=\"https:\/\/www.radiopiu.net\/wordpress\/wp-content\/uploads\/2022\/03\/LIBERA-MAFIE-300x264.png\" alt=\"\" width=\"182\" height=\"160\" \/><\/a>AGORDO <\/strong>\u201cDobbiamo pensare nuovi modelli di accoglienza e integrazione che neutralizzino l\u2019idea aberrante che ci siano culture che si possono integrare e culture che non lo possono fare perch\u00e9 ontologicamente diverse e non cristiane\u201d.\u00a0 \u00c8 l\u2019invito che il Presidio agordino di Libera, intitolato alla memoria di Lucia Precenzano e Salvatore Aversa, rivolge agli amministratori della vallata e alla cittadinanza offrendo \u201cun\u2019altra prospettiva di analisi, che permetta a tutti di inquadrare la questione dell\u2019immigrazione in modo pi\u00f9 corretto dal punto di vista dei dati, ma, soprattutto, da quello umano\u201d. La riflessione \u00e8 contenuta in uno studio che i componenti del presidio hanno effettuato alla luce delle nuove discussioni e polemiche legate all\u2019arrivo dei migranti, alla richiesta inoltrata agli amministratori locali di farsi carico dell\u2019accoglienza e alle modalit\u00e0 con cui questi ultimi si sono posti di fronte al tema. Uno studio corposo, quello del presidio agordino, che si propone di portare all\u2019attenzione una lettura complessa (e non semplicistica) di un fenomeno altrettanto complesso. Lo studio \u00e8 stato inviato nei giorni scorsi a tutti i sindaci della vallata ed \u00e8 pubblicato integralmente sul sito di Radio Pi\u00f9 (<a href=\"http:\/\/www.radiopiu.net\/\">www.radiopiu.net<\/a>). Verr\u00e0 condiviso anche sui canali Instagram e Facebook del presidio. <strong>I DATI<\/strong> Nella prima parte dello studio, dopo aver riflettuto sulle cause che spingono le persone a lasciare il proprio paese (\u201cChi si muove lo fa spesso perch\u00e9 non ha altra scelta\u201d), il presidio si concentra sui dati dell\u2019immigrazione evidenziando come da questi si evinca che \u201cl\u2019invasione\u201d spesso descritta da politici e media non c\u2019\u00e8. \u201cUn dato che dovrebbe farci riflettere \u2013 dicono &#8211; \u00e8 che i migranti presenti nei centri di accoglienza al 31 dicembre 2020 rappresentano lo 0,13% della popolazione italiana, percentuale che sale allo 0,21% se consideriamo solo gli abitanti dei comuni di insediamento\u201d. Discorso simile vale per la provincia di Belluno dove, dal 2018 al 2020, le presenze totali registrate nei centri di accoglienza sono diminuite di oltre il 94%, facendo di Belluno la prima provincia per riduzione delle presenze.\u00a0<strong>L\u2019ACCOGLIENZA<\/strong> Per il presidio \u201cl\u2019accoglienza di richiedenti asilo politico e rifugiati \u00e8 un dovere sancito dalla Costituzione e da trattati internazionali\u201d. Un punto sul quale non si transige. \u201cI Comuni \u2013 aggiunge per\u00f2 Libera Agordino &#8211; devono essere messi nella condizione di poter operare in modo dignitoso e funzionale per supportare chi arriva e non pu\u00f2 tornare al proprio paese di origine e non pu\u00f2 altres\u00ec proseguire in direzione di altri paesi dell\u2019Ue, aiutandolo a ricostruirsi qui una vita\u201d. <strong>IMMIGRAZIONE E SPOPOLAMENTO<\/strong> Nelle scorse settimane sulla stampa si \u00e8 discusso sul ruolo che l\u2019immigrazione potrebbe avere per far fronte allo spopolamento della montagna. Il pensiero del presidio agordino al riguardo \u00e8 chiaro. \u201cNon \u00e8 possibile trovare una facile e immediata soluzione al problema dello spopolamento nell\u2019immigrazione \u2013 dice &#8211; quando invece si dovrebbe cercare di risolverlo con serie e lungimiranti politiche migratorie da un lato e politiche di sostegno alla montagna dall\u2019altro (oggi assenti). Inoltre collegare l&#8217;accoglienza di richiedenti asilo e rifugiati al possibile ritorno in termini di utilit\u00e0 \u00e8 altrettanto sbagliato perch\u00e9 si tratta di un dovere, sancito peraltro dalla Costituzione e dai trattati internazionali\u201d. <strong>PSICOLOGIA E LINGUAGGIO<\/strong> Interessante \u00e8 poi lo spazio che Libera Agordino dedica\u00a0 da un lato ai meccanismi psicologici che si creano di fronte ai fenomeni migratori, dall\u2019altro al linguaggio usato da alcuni media per descriverli. Nel primo caso vengono citati gli studi di Luciano Arcuri, esperto di psicologia sociale, che mostrano come certe reazioni della popolazione di fronte all\u2019arrivo dei migranti nella comunit\u00e0 siano \u201cl\u2019esito di processi erronei di pensiero che tendono a semplificare la realt\u00e0, ricorrendo a scorciatoie di giudizio che alimentano pregiudizi e stereotipi\u201d. Nel secondo si sottolinea come il linguaggio con cui ci si riferisce ad una categoria di persone pu\u00f2 condannare o rafforzare il pregiudizio. <strong>DUE ESPERIENZE<\/strong> Lo studio si conclude con due testimonianze dirette. Una di Riccardo Trulla, consulente ministeriale su progetti legati a immigrazione e asilo; l\u2019altra dell\u2019ex sindaco di Agordo, Sisto Da Roit, che ha gestito l\u2019accoglienza di migranti nel 2012 e nel 2017.<\/p>\n<p><strong>AUDIO<\/strong><\/p>\n<audio class=\"wp-audio-shortcode\" id=\"audio-335845-1\" preload=\"none\" style=\"width: 100%;\" controls=\"controls\"><source type=\"audio\/mpeg\" src=\"https:\/\/www.radiopiu.net\/wordpress\/wp-content\/uploads\/2023\/05\/LIBERA-IMMIGRAZIONE-LILIANA-CAVALLET.mp3?_=1\" \/><a href=\"https:\/\/www.radiopiu.net\/wordpress\/wp-content\/uploads\/2023\/05\/LIBERA-IMMIGRAZIONE-LILIANA-CAVALLET.mp3\">https:\/\/www.radiopiu.net\/wordpress\/wp-content\/uploads\/2023\/05\/LIBERA-IMMIGRAZIONE-LILIANA-CAVALLET.mp3<\/a><\/audio>\n<p>&nbsp;<\/p>\n<p><strong>IL DOCUMENTO DI LIBERA (17 PAGINE)<\/strong><\/p>\n<a href=\"https:\/\/www.radiopiu.net\/wordpress\/wp-content\/uploads\/2023\/05\/APPROFONDIMENTO_-IMMIGRAZIONE.pdf\" class=\"pdfemb-viewer\" style=\"\" data-width=\"max\" data-height=\"max\" data-toolbar=\"top\" data-toolbar-fixed=\"on\">APPROFONDIMENTO_ IMMIGRAZIONE<\/a>\n<p>&nbsp;<\/p>\n<p>&nbsp;<\/p>\n<p>*******<\/p>\n","protected":false},"excerpt":{"rendered":"<p>AGORDO \u201cDobbiamo pensare nuovi modelli di accoglienza e integrazione che neutralizzino l\u2019idea aberrante che ci siano culture che si possono integrare e culture che non lo possono fare perch\u00e9 ontologicamente diverse e non cristiane\u201d.\u00a0 \u00c8 l\u2019invito che il Presidio agordino di Libera, intitolato alla memoria di Lucia Precenzano e Salvatore Aversa, rivolge agli amministratori della&hellip;<\/p>\n","protected":false},"author":4,"featured_media":0,"comment_status":"closed","ping_status":"closed","sticky":false,"template":"","format":"standard","meta":{"_monsterinsights_skip_tracking":false,"_monsterinsights_sitenote_active":false,"_monsterinsights_sitenote_note":"","_monsterinsights_sitenote_category":0,"footnotes":""},"categories":[51,49],"tags":[],"class_list":["post-335845","post","type-post","status-publish","format-standard","hentry","category-evidenza-top","category-news-18","category-51","category-49","description-off"],"img_url":false,"_links":{"self":[{"href":"https:\/\/www.radiopiu.net\/wordpress\/wp-json\/wp\/v2\/posts\/335845","targetHints":{"allow":["GET"]}}],"collection":[{"href":"https:\/\/www.radiopiu.net\/wordpress\/wp-json\/wp\/v2\/posts"}],"about":[{"href":"https:\/\/www.radiopiu.net\/wordpress\/wp-json\/wp\/v2\/types\/post"}],"author":[{"embeddable":true,"href":"https:\/\/www.radiopiu.net\/wordpress\/wp-json\/wp\/v2\/users\/4"}],"replies":[{"embeddable":true,"href":"https:\/\/www.radiopiu.net\/wordpress\/wp-json\/wp\/v2\/comments?post=335845"}],"version-history":[{"count":0,"href":"https:\/\/www.radiopiu.net\/wordpress\/wp-json\/wp\/v2\/posts\/335845\/revisions"}],"wp:attachment":[{"href":"https:\/\/www.radiopiu.net\/wordpress\/wp-json\/wp\/v2\/media?parent=335845"}],"wp:term":[{"taxonomy":"category","embeddable":true,"href":"https:\/\/www.radiopiu.net\/wordpress\/wp-json\/wp\/v2\/categories?post=335845"},{"taxonomy":"post_tag","embeddable":true,"href":"https:\/\/www.radiopiu.net\/wordpress\/wp-json\/wp\/v2\/tags?post=335845"}],"curies":[{"name":"wp","href":"https:\/\/api.w.org\/{rel}","templated":true}]}}