{"id":335871,"date":"2023-05-14T20:26:04","date_gmt":"2023-05-14T18:26:04","guid":{"rendered":"https:\/\/www.radiopiu.net\/wordpress\/?p=335871"},"modified":"2023-05-15T05:23:17","modified_gmt":"2023-05-15T03:23:17","slug":"astrid-miola-chiude-al-secondo-posto-assoluto-a-valdobbiadene","status":"publish","type":"post","link":"https:\/\/www.radiopiu.net\/wordpress\/astrid-miola-chiude-al-secondo-posto-assoluto-a-valdobbiadene\/","title":{"rendered":"ASTRID MIOLA CHIUDE AL SECONDO POSTO ASSOLUTO A VALDOBBIADENE"},"content":{"rendered":"<p><strong><a class=\"dt-pswp-item\" href=\"https:\/\/www.radiopiu.net\/wordpress\/wp-content\/uploads\/2023\/05\/78b2cd07-e90c-437f-b18b-21da4e191f9b.jpg\" data-dt-img-description=\"\" data-large_image_width=\"1350\" data-large_image_height=\"900\"><img loading=\"lazy\" decoding=\"async\" class=\" wp-image-335872 alignleft\" src=\"https:\/\/www.radiopiu.net\/wordpress\/wp-content\/uploads\/2023\/05\/78b2cd07-e90c-437f-b18b-21da4e191f9b-300x200.jpg\" alt=\"\" width=\"179\" height=\"119\" srcset=\"https:\/\/www.radiopiu.net\/wordpress\/wp-content\/uploads\/2023\/05\/78b2cd07-e90c-437f-b18b-21da4e191f9b-300x200.jpg 300w, https:\/\/www.radiopiu.net\/wordpress\/wp-content\/uploads\/2023\/05\/78b2cd07-e90c-437f-b18b-21da4e191f9b-1024x683.jpg 1024w, https:\/\/www.radiopiu.net\/wordpress\/wp-content\/uploads\/2023\/05\/78b2cd07-e90c-437f-b18b-21da4e191f9b-768x512.jpg 768w, https:\/\/www.radiopiu.net\/wordpress\/wp-content\/uploads\/2023\/05\/78b2cd07-e90c-437f-b18b-21da4e191f9b.jpg 1350w\" sizes=\"auto, (max-width: 179px) 100vw, 179px\" \/><\/a>di Marco Gaz<\/strong><\/p>\n<p><strong>REDAZIONE<\/strong> \u00c8 andata in scena a Valdobbiadene la 24\u00aa Mionetto Trophy, gara di mountain bike valevole come Campionato Regionale e sesta prova della veneto Cup. Ai blocchi di partenza anche Astrid Miola che arrivava da cinque vittorie consecutive. La ragazza di Agordo non \u00e8 riuscita a vincere la sesta gara consecutiva. Non \u00e8 stata una giornata brillante per la biker agordina che ha sbagliato percorso di gara ed \u00e8 dovuta ripartire dalle retrovie con 5 minuti di ritardo. \u00c8 stata comunque una grande gara per Astrid che \u00e8 riuscita a recuperare posizione su posizione fino a chiudere al secondo posto assoluto. A vincere la gara una under 23 e quindi Astrid ha conquistato la maglia di Campionessa Veneta Elite. Astrid Miola torner\u00e0 a correre il 27 maggio in occasione della gara internazionale in programma a Courmayeur.<\/p>\n<p>&nbsp;<\/p>\n<p>&nbsp;<\/p>\n<p>******<\/p>\n","protected":false},"excerpt":{"rendered":"<p>di Marco Gaz REDAZIONE \u00c8 andata in scena a Valdobbiadene la 24\u00aa Mionetto Trophy, gara di mountain bike valevole come Campionato Regionale e sesta prova della veneto Cup. Ai blocchi di partenza anche Astrid Miola che arrivava da cinque vittorie consecutive. La ragazza di Agordo non \u00e8 riuscita a vincere la sesta gara consecutiva. Non&hellip;<\/p>\n","protected":false},"author":4,"featured_media":335872,"comment_status":"closed","ping_status":"closed","sticky":false,"template":"","format":"standard","meta":{"_monsterinsights_skip_tracking":false,"_monsterinsights_sitenote_active":false,"_monsterinsights_sitenote_note":"","_monsterinsights_sitenote_category":0,"footnotes":""},"categories":[104,49],"tags":[],"class_list":["post-335871","post","type-post","status-publish","format-standard","has-post-thumbnail","hentry","category-evidenza_3","category-news-18","category-104","category-49","description-off"],"img_url":"https:\/\/www.radiopiu.net\/wordpress\/wp-content\/uploads\/2023\/05\/78b2cd07-e90c-437f-b18b-21da4e191f9b.jpg","_links":{"self":[{"href":"https:\/\/www.radiopiu.net\/wordpress\/wp-json\/wp\/v2\/posts\/335871","targetHints":{"allow":["GET"]}}],"collection":[{"href":"https:\/\/www.radiopiu.net\/wordpress\/wp-json\/wp\/v2\/posts"}],"about":[{"href":"https:\/\/www.radiopiu.net\/wordpress\/wp-json\/wp\/v2\/types\/post"}],"author":[{"embeddable":true,"href":"https:\/\/www.radiopiu.net\/wordpress\/wp-json\/wp\/v2\/users\/4"}],"replies":[{"embeddable":true,"href":"https:\/\/www.radiopiu.net\/wordpress\/wp-json\/wp\/v2\/comments?post=335871"}],"version-history":[{"count":0,"href":"https:\/\/www.radiopiu.net\/wordpress\/wp-json\/wp\/v2\/posts\/335871\/revisions"}],"wp:featuredmedia":[{"embeddable":true,"href":"https:\/\/www.radiopiu.net\/wordpress\/wp-json\/wp\/v2\/media\/335872"}],"wp:attachment":[{"href":"https:\/\/www.radiopiu.net\/wordpress\/wp-json\/wp\/v2\/media?parent=335871"}],"wp:term":[{"taxonomy":"category","embeddable":true,"href":"https:\/\/www.radiopiu.net\/wordpress\/wp-json\/wp\/v2\/categories?post=335871"},{"taxonomy":"post_tag","embeddable":true,"href":"https:\/\/www.radiopiu.net\/wordpress\/wp-json\/wp\/v2\/tags?post=335871"}],"curies":[{"name":"wp","href":"https:\/\/api.w.org\/{rel}","templated":true}]}}