{"id":335901,"date":"2023-05-15T07:55:38","date_gmt":"2023-05-15T05:55:38","guid":{"rendered":"https:\/\/www.radiopiu.net\/wordpress\/?p=335901"},"modified":"2023-05-15T07:59:37","modified_gmt":"2023-05-15T05:59:37","slug":"dal-1983-tutti-i-giorni-alle-otto-del-mattino-la-rassegna-stampa-di-mirko-mezzacasa","status":"publish","type":"post","link":"https:\/\/www.radiopiu.net\/wordpress\/dal-1983-tutti-i-giorni-alle-otto-del-mattino-la-rassegna-stampa-di-mirko-mezzacasa\/","title":{"rendered":"DAL 1983 TUTTI I GIORNI ALLE OTTO DEL MATTINO, la rassegna stampa di mirko mezzacasa"},"content":{"rendered":"<p><strong>PERITI MINERARI<\/strong> da oggi alla radio ogni lunedi alle 10.30 e 1900 le storie dei periti minerari.<br \/>\n<strong>LADINO<\/strong> Il nuovo programma alla radio con L&#8217;istitut ladin Cesa de Jan, alle 8.35 la seconda puntata.<\/p>\n<p><strong>ELEZIONI<\/strong> Quorum raggiunto a Canale d&#8217;Agordo, Cencenighe e Sospirolo. Salvo sorprese quasi impossibili ecco i tre sindaci: Mauro Soppelsa e Mario De Bon riconfermati a Cencenighe e Sospirolo, eletto Massimo Murer, il vice dell&#8217;ex sindaco Flavio Colcernagn a Canale d&#8217;Agordo.<br \/>\n<strong>FELTRE<\/strong> I soccorritori sono stati chiamati a Celarda per aiutare un\u2019anziana che si era sentita male in casa. Non rispondendo n\u00e9 aprendo la porta, \u00e8 stato necessario rompere un vetro per entrare. L\u2019anziana \u00e8 stata trovata cosciente ma prostrata a causa della febbre ed \u00e8 stata portata in ospedale per accertamenti.<br \/>\n<strong>UDINE<\/strong> Migliaia di bellunesi ieri in Friuli per l&#8217;adunata nazionale degli alpini. Il gruppo di Alleghe si fa notare dal &#8220;Piccolo&#8221; al castello di Gorizia dove protestano perch\u00e9 chiuso.<br \/>\n<strong>BELLUNO<\/strong> Un cervo sbuca dal buio e si schianta contro la Porsche, la Regione chiamata a risarcire con 40mila euro.<br \/>\n<strong>LA VALLE AGORDINA<\/strong> Il sentiero CAI 551 \u00e8 stato chiuso tra le localit\u00e0 Forca e Capitel Di Fries per cantiere boschivo. Il tratto rimarr\u00e0 chiuso fino al 01 giugno. Il transito a piedi o con bicicletta \u00e8 consentito solo fino al bivio in localit\u00e0 Forca.<br \/>\n<strong>PER ALESSANDRO DEL BIANCO<\/strong>, SEGRETARIO PROVINCIALE PD, LA NOMINA DEL NUOVO DIRETTORE IN ULSS 1 DOLOMITI HA IL SAPORE DI COMMISSARIAMENTO<br \/>\n<strong>BELLUNO<\/strong> La nomina del dott. Dal Ben come direttore generale a scavalco dell\u2019Ulss 1 Dolomiti mantenendo contestualmente l\u2019incarico a Padova ha tutto il sapore di un commissariamento per il Partito Democratico di Belluno.<br \/>\n<strong>ALLEGHE<\/strong> Le scuole medie di Caprile e Livinallongo hanno concluso un importante percorso di sensibilizzazione alla sicurezza e alla prevenzione degli incidenti, grazie all\u2019organizzazione di una simulazione di incendio e di incidente stradale con i Volontari dei Vigili del Fuoco. L\u2019iniziativa ha permesso agli alunni di acquisire una maggiore coscienza delle proprie potenzialit\u00e0, rendendo possibile il loro coinvolgimento in azioni concrete di solidariet\u00e0<br \/>\n<strong>PONTE NELLE ALPI<\/strong> Ponte nelle Alpi investe e scommette sulla mobilit\u00e0 sostenibile e sulle ciclabili. In questo senso, sono state posizionate due nuove colonnine per la riparazione e la ricarica delle biciclette.<br \/>\n<strong>BELLUNO<\/strong> Il 12 maggio si \u00e8 concluso il concorso \u201cOTUIA\/AIUTO\u201d, rivolto agli studenti delle Scuole Secondarie della provincia. La Giuria, composta dall\u2019avv. Elisa Collostide, il Commissario Capo dott.ssa Valentina Benvegn\u00f9, il Ten. Col. Nicola Darida, la Prof.ssa Antonella Gris e Paolo Capraro, ha selezionato i vincitori. Al primo posto si sono classificati gli studenti della classe V \u2013 \u201cA un battito da te\u201d dell\u2019Istituto Leonardo Da Vinci, sotto la guida della prof.ssa Marta Mellere<br \/>\n<strong>VENERDI AD ALLEGHE<\/strong> LA PRESENTAZIONE DELLA NUOVA PROLOCO<br \/>\n<strong>COSA CHIEDE IL MONDO DEL LAVORO A<\/strong>LLA SCUOLA? L\u2019INCONTRO AL FOLLADOR IL 19 MAGGIO venerdi mattina diretta su tutti i canali social di RADIOPIU<br \/>\n<strong>DANZA<\/strong> L\u2019ADA CONQUISTA IL SECONDO POSTO AL CONCORSO DI DANZA A SACILE<br \/>\n<strong>CORSA CAMPESTRE<\/strong> ATLETICA AGORDINA PRIMA CON ALYSSA FRIZ AL CRITERIUM CADORINO DI AURONZO<br \/>\n<strong>MOUNTAIN BIKE<\/strong> ASTRID MIOLA CHIUDE AL SECONDO POSTO ASSOLUTO A VALDOBBIADENE<br \/>\n<strong>CALCIO A<\/strong> 5 I PLAYOFF DELLA CANOTTIERI BELLUNO INIZIANO CON IL PIEDE GIUSTO<br \/>\nIL FIORI BARP FESTEGGIA I 60 ANNI DI ATTIVITA\u2019<\/p>\n<p>&nbsp;<\/p>\n<p>&nbsp;<\/p>\n<p>&nbsp;<\/p>\n<p><iframe loading=\"lazy\" title=\"RASSEGNA STAMPA LOCALE\" width=\"1200\" height=\"675\" src=\"https:\/\/www.youtube.com\/embed\/V5oFXK4dRA0?feature=oembed\" frameborder=\"0\" allow=\"accelerometer; autoplay; clipboard-write; encrypted-media; gyroscope; picture-in-picture; web-share\" allowfullscreen><\/iframe><\/p>\n<p>&nbsp;<\/p>\n<p>&nbsp;<\/p>\n<hr \/>\n<p>&nbsp;<\/p>\n","protected":false},"excerpt":{"rendered":"<p>PERITI MINERARI da oggi alla radio ogni lunedi alle 10.30 e 1900 le storie dei periti minerari. LADINO Il nuovo programma alla radio con L&#8217;istitut ladin Cesa de Jan, alle 8.35 la seconda puntata. ELEZIONI Quorum raggiunto a Canale d&#8217;Agordo, Cencenighe e Sospirolo. Salvo sorprese quasi impossibili ecco i tre sindaci: Mauro Soppelsa e Mario&hellip;<\/p>\n","protected":false},"author":4,"featured_media":335902,"comment_status":"closed","ping_status":"closed","sticky":false,"template":"","format":"standard","meta":{"_monsterinsights_skip_tracking":false,"_monsterinsights_sitenote_active":false,"_monsterinsights_sitenote_note":"","_monsterinsights_sitenote_category":0,"footnotes":""},"categories":[104,49,142],"tags":[],"class_list":["post-335901","post","type-post","status-publish","format-standard","has-post-thumbnail","hentry","category-evidenza_3","category-news-18","category-rassegna-stampa","category-104","category-49","category-142","description-off"],"img_url":"https:\/\/www.radiopiu.net\/wordpress\/wp-content\/uploads\/2023\/05\/coper-1.jpg","_links":{"self":[{"href":"https:\/\/www.radiopiu.net\/wordpress\/wp-json\/wp\/v2\/posts\/335901","targetHints":{"allow":["GET"]}}],"collection":[{"href":"https:\/\/www.radiopiu.net\/wordpress\/wp-json\/wp\/v2\/posts"}],"about":[{"href":"https:\/\/www.radiopiu.net\/wordpress\/wp-json\/wp\/v2\/types\/post"}],"author":[{"embeddable":true,"href":"https:\/\/www.radiopiu.net\/wordpress\/wp-json\/wp\/v2\/users\/4"}],"replies":[{"embeddable":true,"href":"https:\/\/www.radiopiu.net\/wordpress\/wp-json\/wp\/v2\/comments?post=335901"}],"version-history":[{"count":0,"href":"https:\/\/www.radiopiu.net\/wordpress\/wp-json\/wp\/v2\/posts\/335901\/revisions"}],"wp:featuredmedia":[{"embeddable":true,"href":"https:\/\/www.radiopiu.net\/wordpress\/wp-json\/wp\/v2\/media\/335902"}],"wp:attachment":[{"href":"https:\/\/www.radiopiu.net\/wordpress\/wp-json\/wp\/v2\/media?parent=335901"}],"wp:term":[{"taxonomy":"category","embeddable":true,"href":"https:\/\/www.radiopiu.net\/wordpress\/wp-json\/wp\/v2\/categories?post=335901"},{"taxonomy":"post_tag","embeddable":true,"href":"https:\/\/www.radiopiu.net\/wordpress\/wp-json\/wp\/v2\/tags?post=335901"}],"curies":[{"name":"wp","href":"https:\/\/api.w.org\/{rel}","templated":true}]}}