{"id":335971,"date":"2023-05-15T15:37:43","date_gmt":"2023-05-15T13:37:43","guid":{"rendered":"https:\/\/www.radiopiu.net\/wordpress\/?p=335971"},"modified":"2023-05-16T05:30:06","modified_gmt":"2023-05-16T03:30:06","slug":"pubblicato-il-nuovo-calendario-scolastico-approvato-dalla-giunta-regionale-la-scuola-inizia-il-13-settembre","status":"publish","type":"post","link":"https:\/\/www.radiopiu.net\/wordpress\/pubblicato-il-nuovo-calendario-scolastico-approvato-dalla-giunta-regionale-la-scuola-inizia-il-13-settembre\/","title":{"rendered":"PUBBLICATO IL NUOVO CALENDARIO SCOLASTICO APPROVATO DALLA GIUNTA REGIONALE. LA SCUOLA INIZIA IL 13 SETTEMBRE"},"content":{"rendered":"<p><strong><a class=\"dt-pswp-item\" href=\"https:\/\/www.radiopiu.net\/wordpress\/wp-content\/uploads\/2020\/06\/primo-piano-gli-studenti-che-scrivono-e-leggono-gli-fogli-di-risposta-degli-esami-di-esercitazione-in-aula-della-scuola-con-lo-stress_73622-858.jpg\" data-dt-img-description=\"\" data-large_image_width=\"626\" data-large_image_height=\"417\"><img loading=\"lazy\" decoding=\"async\" class=\" wp-image-143128 alignleft\" src=\"https:\/\/www.radiopiu.net\/wordpress\/wp-content\/uploads\/2020\/06\/primo-piano-gli-studenti-che-scrivono-e-leggono-gli-fogli-di-risposta-degli-esami-di-esercitazione-in-aula-della-scuola-con-lo-stress_73622-858-300x200.jpg\" alt=\"\" width=\"155\" height=\"103\" srcset=\"https:\/\/www.radiopiu.net\/wordpress\/wp-content\/uploads\/2020\/06\/primo-piano-gli-studenti-che-scrivono-e-leggono-gli-fogli-di-risposta-degli-esami-di-esercitazione-in-aula-della-scuola-con-lo-stress_73622-858-300x200.jpg 300w, https:\/\/www.radiopiu.net\/wordpress\/wp-content\/uploads\/2020\/06\/primo-piano-gli-studenti-che-scrivono-e-leggono-gli-fogli-di-risposta-degli-esami-di-esercitazione-in-aula-della-scuola-con-lo-stress_73622-858.jpg 626w\" sizes=\"auto, (max-width: 155px) 100vw, 155px\" \/><\/a>VENEZIA <\/strong>\u00c8 stata approvata dalla Giunta regionale e pubblicata sul BUR la delibera che fissa le date del nuovo calendario scolastico valido per l\u2019Anno Scolastico 2023-24 nelle scuole della Regione del Veneto. L\u2019inizio dell\u2019attivit\u00e0 per le scuole di primo e secondo ciclo di istruzione \u00e8 prevista per mercoled\u00ec 13 settembre 2023. Per quanto riguarda le festivit\u00e0, le scuole saranno chiuse il 1 novembre (in occasione del ponte per solennit\u00e0 di tutti i Santi), l\u20198 e il 9 dicembre 2023 (ponte dell\u2019Immacolata) dal 23 dicembre 2023 al 6 gennaio 2024 per le vacanze natalizie, dal 12 febbraio al 14 febbraio 2024 (carnevale e Mercoled\u00ec delle Ceneri), dal 28 marzo al 2 aprile per le vacanze pasquali e dal 25 al 27 aprile (ponte anniversario della Liberazione). Inoltre le scuole saranno chiuse nel giorno del patrono. La conclusione dell\u2019attivit\u00e0 scolastica \u00e8 in programma per sabato 8 giugno 2024. Per quanto concerne le scuole dell\u2019infanzia resta valido il calendario, che prevede l\u2019inizio dell\u2019attivit\u00e0 didattica mercoled\u00ec 13 settembre e la sospensione nelle stesse date previste per le scuole degli altri gradi, mentre la conclusione dell\u2019attivit\u00e0 \u00e8 fissata per il 29 giugno 2024.<\/p>\n<p>&nbsp;<\/p>\n<p>&nbsp;<\/p>\n<p>*******<\/p>\n","protected":false},"excerpt":{"rendered":"<p>VENEZIA \u00c8 stata approvata dalla Giunta regionale e pubblicata sul BUR la delibera che fissa le date del nuovo calendario scolastico valido per l\u2019Anno Scolastico 2023-24 nelle scuole della Regione del Veneto. L\u2019inizio dell\u2019attivit\u00e0 per le scuole di primo e secondo ciclo di istruzione \u00e8 prevista per mercoled\u00ec 13 settembre 2023. Per quanto riguarda le&hellip;<\/p>\n","protected":false},"author":4,"featured_media":143128,"comment_status":"closed","ping_status":"closed","sticky":false,"template":"","format":"standard","meta":{"_monsterinsights_skip_tracking":false,"_monsterinsights_sitenote_active":false,"_monsterinsights_sitenote_note":"","_monsterinsights_sitenote_category":0,"footnotes":""},"categories":[51,49],"tags":[],"class_list":["post-335971","post","type-post","status-publish","format-standard","has-post-thumbnail","hentry","category-evidenza-top","category-news-18","category-51","category-49","description-off"],"img_url":"https:\/\/www.radiopiu.net\/wordpress\/wp-content\/uploads\/2020\/06\/primo-piano-gli-studenti-che-scrivono-e-leggono-gli-fogli-di-risposta-degli-esami-di-esercitazione-in-aula-della-scuola-con-lo-stress_73622-858.jpg","_links":{"self":[{"href":"https:\/\/www.radiopiu.net\/wordpress\/wp-json\/wp\/v2\/posts\/335971","targetHints":{"allow":["GET"]}}],"collection":[{"href":"https:\/\/www.radiopiu.net\/wordpress\/wp-json\/wp\/v2\/posts"}],"about":[{"href":"https:\/\/www.radiopiu.net\/wordpress\/wp-json\/wp\/v2\/types\/post"}],"author":[{"embeddable":true,"href":"https:\/\/www.radiopiu.net\/wordpress\/wp-json\/wp\/v2\/users\/4"}],"replies":[{"embeddable":true,"href":"https:\/\/www.radiopiu.net\/wordpress\/wp-json\/wp\/v2\/comments?post=335971"}],"version-history":[{"count":0,"href":"https:\/\/www.radiopiu.net\/wordpress\/wp-json\/wp\/v2\/posts\/335971\/revisions"}],"wp:featuredmedia":[{"embeddable":true,"href":"https:\/\/www.radiopiu.net\/wordpress\/wp-json\/wp\/v2\/media\/143128"}],"wp:attachment":[{"href":"https:\/\/www.radiopiu.net\/wordpress\/wp-json\/wp\/v2\/media?parent=335971"}],"wp:term":[{"taxonomy":"category","embeddable":true,"href":"https:\/\/www.radiopiu.net\/wordpress\/wp-json\/wp\/v2\/categories?post=335971"},{"taxonomy":"post_tag","embeddable":true,"href":"https:\/\/www.radiopiu.net\/wordpress\/wp-json\/wp\/v2\/tags?post=335971"}],"curies":[{"name":"wp","href":"https:\/\/api.w.org\/{rel}","templated":true}]}}