{"id":335976,"date":"2023-05-15T16:12:21","date_gmt":"2023-05-15T14:12:21","guid":{"rendered":"https:\/\/www.radiopiu.net\/wordpress\/?p=335976"},"modified":"2023-05-16T05:32:09","modified_gmt":"2023-05-16T03:32:09","slug":"quorum-superato-a-canale-dagordo-le-prime-parole-del-sindaco-massimo-murer","status":"publish","type":"post","link":"https:\/\/www.radiopiu.net\/wordpress\/quorum-superato-a-canale-dagordo-le-prime-parole-del-sindaco-massimo-murer\/","title":{"rendered":"QUORUM SUPERATO A CANALE D&#8217;AGORDO, LE PRIME PAROLE DEL SINDACO MASSIMO MURER"},"content":{"rendered":"<p><a class=\"dt-pswp-item\" href=\"https:\/\/www.radiopiu.net\/wordpress\/wp-content\/uploads\/2023\/05\/SCR-20230514-sdbq.jpeg\" data-dt-img-description=\"MASSIMO MURER\" data-large_image_width=\"1290\" data-large_image_height=\"856\"><img loading=\"lazy\" decoding=\"async\" class=\"wp-image-335884 alignleft\" src=\"https:\/\/www.radiopiu.net\/wordpress\/wp-content\/uploads\/2023\/05\/SCR-20230514-sdbq-300x199.jpeg\" alt=\"\" width=\"211\" height=\"140\" srcset=\"https:\/\/www.radiopiu.net\/wordpress\/wp-content\/uploads\/2023\/05\/SCR-20230514-sdbq-300x199.jpeg 300w, https:\/\/www.radiopiu.net\/wordpress\/wp-content\/uploads\/2023\/05\/SCR-20230514-sdbq-1024x679.jpeg 1024w, https:\/\/www.radiopiu.net\/wordpress\/wp-content\/uploads\/2023\/05\/SCR-20230514-sdbq-768x510.jpeg 768w, https:\/\/www.radiopiu.net\/wordpress\/wp-content\/uploads\/2023\/05\/SCR-20230514-sdbq.jpeg 1290w\" sizes=\"auto, (max-width: 211px) 100vw, 211px\" \/><\/a><strong>CANALE D&#8217;AGORDO <\/strong>Quorum raggiunto gi\u00e0 nella giornata di domenica e risultato ufficializzato nel pomeriggio di oggi: Massimo Murer \u00e8 il nuovo sindaco di Canale d&#8217;Agordo. Lo abbiamo intervistato pochi minuti dopo la chiusura delle urne per raccogliere la sua soddisfazione e i primi obbiettivi.<\/p>\n<p><strong>LE PREFERENZE:<\/strong> Nicol\u00f2 Bogo 54, Giorgio De Pra 44, Maria Elisabetta Lucchetta 31. Emil Tancon 30, Maurizio Scardanzan 29 Bruna Cagnati 29, Daniele Rosson 22, Manfredi De Bernardo 14, Paolo De Rocco 11,<\/p>\n<p><strong>di Daniele Dalvit<\/strong><\/p>\n<p><iframe loading=\"lazy\" title=\"Massimo Murer nuovo sindaco di Canale d&#039;Agordo\" width=\"1200\" height=\"675\" src=\"https:\/\/www.youtube.com\/embed\/_6qm8Kpf2Hc?feature=oembed\" frameborder=\"0\" allow=\"accelerometer; autoplay; clipboard-write; encrypted-media; gyroscope; picture-in-picture; web-share\" allowfullscreen><\/iframe><\/p>\n<p>\u00c8 ufficiale: Sospirolo, Pieve di Cadore, Canale d\u2019Agordo e Cencenighe Agordino hanno quattro nuovi sindaci. I seggi si sono chiusi alle 15 di oggi, luned\u00ec 15 maggio, e i risultati sono gi\u00e0 disponibili. La sfida era quella del quorum (il 40% almeno dei votanti per validare una tornata elettorale senza sfidanti), dal momento che tutti e quattro i Comuni si erano presentati al voto con una sola lista. Uno scoglio che \u00e8 stato superato. La buona notizia era arrivata gi\u00e0 ieri sera per Sospirolo, Canale e Cencenighe. Per Pieve, nella tarda mattinata di oggi, \u00e8 stato annunciato il risultato definitivo. Sindi Manushi, con il 48,31% di affluenza, da oggi \u00e8 sindaca di Pieve.<\/p>\n<p><strong>IL PRESIDENTE DELLA PROVINCIA ROBERTO PADRIN\u00a0<\/strong><\/p>\n<div style=\"width: 848px;\" class=\"wp-video\"><video class=\"wp-video-shortcode\" id=\"video-335976-1\" width=\"848\" height=\"480\" preload=\"metadata\" controls=\"controls\"><source type=\"video\/mp4\" src=\"https:\/\/www.radiopiu.net\/wordpress\/wp-content\/uploads\/2023\/05\/WhatsApp-Video-2023-05-15-at-17.10.20.mp4?_=1\" \/><a href=\"https:\/\/www.radiopiu.net\/wordpress\/wp-content\/uploads\/2023\/05\/WhatsApp-Video-2023-05-15-at-17.10.20.mp4\">https:\/\/www.radiopiu.net\/wordpress\/wp-content\/uploads\/2023\/05\/WhatsApp-Video-2023-05-15-at-17.10.20.mp4<\/a><\/video><\/div>\n<p>&nbsp;<\/p>\n<p>******<\/p>\n","protected":false},"excerpt":{"rendered":"<p>CANALE D&#8217;AGORDO Quorum raggiunto gi\u00e0 nella giornata di domenica e risultato ufficializzato nel pomeriggio di oggi: Massimo Murer \u00e8 il nuovo sindaco di Canale d&#8217;Agordo. Lo abbiamo intervistato pochi minuti dopo la chiusura delle urne per raccogliere la sua soddisfazione e i primi obbiettivi. LE PREFERENZE: Nicol\u00f2 Bogo 54, Giorgio De Pra 44, Maria Elisabetta&hellip;<\/p>\n","protected":false},"author":4,"featured_media":335884,"comment_status":"closed","ping_status":"closed","sticky":false,"template":"","format":"standard","meta":{"_monsterinsights_skip_tracking":false,"_monsterinsights_sitenote_active":false,"_monsterinsights_sitenote_note":"","_monsterinsights_sitenote_category":0,"footnotes":""},"categories":[51,49],"tags":[],"class_list":["post-335976","post","type-post","status-publish","format-standard","has-post-thumbnail","hentry","category-evidenza-top","category-news-18","category-51","category-49","description-off"],"img_url":"https:\/\/www.radiopiu.net\/wordpress\/wp-content\/uploads\/2023\/05\/SCR-20230514-sdbq.jpeg","_links":{"self":[{"href":"https:\/\/www.radiopiu.net\/wordpress\/wp-json\/wp\/v2\/posts\/335976","targetHints":{"allow":["GET"]}}],"collection":[{"href":"https:\/\/www.radiopiu.net\/wordpress\/wp-json\/wp\/v2\/posts"}],"about":[{"href":"https:\/\/www.radiopiu.net\/wordpress\/wp-json\/wp\/v2\/types\/post"}],"author":[{"embeddable":true,"href":"https:\/\/www.radiopiu.net\/wordpress\/wp-json\/wp\/v2\/users\/4"}],"replies":[{"embeddable":true,"href":"https:\/\/www.radiopiu.net\/wordpress\/wp-json\/wp\/v2\/comments?post=335976"}],"version-history":[{"count":0,"href":"https:\/\/www.radiopiu.net\/wordpress\/wp-json\/wp\/v2\/posts\/335976\/revisions"}],"wp:featuredmedia":[{"embeddable":true,"href":"https:\/\/www.radiopiu.net\/wordpress\/wp-json\/wp\/v2\/media\/335884"}],"wp:attachment":[{"href":"https:\/\/www.radiopiu.net\/wordpress\/wp-json\/wp\/v2\/media?parent=335976"}],"wp:term":[{"taxonomy":"category","embeddable":true,"href":"https:\/\/www.radiopiu.net\/wordpress\/wp-json\/wp\/v2\/categories?post=335976"},{"taxonomy":"post_tag","embeddable":true,"href":"https:\/\/www.radiopiu.net\/wordpress\/wp-json\/wp\/v2\/tags?post=335976"}],"curies":[{"name":"wp","href":"https:\/\/api.w.org\/{rel}","templated":true}]}}