{"id":336064,"date":"2023-05-16T05:16:43","date_gmt":"2023-05-16T03:16:43","guid":{"rendered":"https:\/\/www.radiopiu.net\/wordpress\/?p=336064"},"modified":"2023-05-16T05:16:43","modified_gmt":"2023-05-16T03:16:43","slug":"ex-acc-chiusa-per-tre-venerdi-di-fila","status":"publish","type":"post","link":"https:\/\/www.radiopiu.net\/wordpress\/ex-acc-chiusa-per-tre-venerdi-di-fila\/","title":{"rendered":"\u00a0EX ACC CHIUSA PER TRE VENERDI DI FILA\u00a0"},"content":{"rendered":"<blockquote>\n<h2><\/h2>\n<\/blockquote>\n<div><strong><a class=\"dt-pswp-item\" href=\"https:\/\/www.radiopiu.net\/wordpress\/wp-content\/uploads\/2023\/05\/Senza-nome-48.jpg\" data-dt-img-description=\"\" data-large_image_width=\"337\" data-large_image_height=\"231\"><img loading=\"lazy\" decoding=\"async\" class=\"size-medium wp-image-336063 alignleft\" src=\"https:\/\/www.radiopiu.net\/wordpress\/wp-content\/uploads\/2023\/05\/Senza-nome-48-300x206.jpg\" alt=\"\" width=\"300\" height=\"206\" srcset=\"https:\/\/www.radiopiu.net\/wordpress\/wp-content\/uploads\/2023\/05\/Senza-nome-48-300x206.jpg 300w, https:\/\/www.radiopiu.net\/wordpress\/wp-content\/uploads\/2023\/05\/Senza-nome-48.jpg 337w\" sizes=\"auto, (max-width: 300px) 100vw, 300px\" \/><\/a>BORGO VALBELLUNA\u00a0<\/strong> La fabbrica della Sest di Mel, precedentemente nota come ex Acc, rimarr\u00e0 chiusa per i tre venerd\u00ec del mese di maggio. \u00c8 stato siglato un accordo ieri mattina con i rappresentanti dei sindacati. L&#8217;accordo riguarda la cassa integrazione nello stabilimento di Borgo Valbelluna.\u00a0 Il gruppo Lu.Ve aveva richiesto un incontro nei giorni scorsi a causa della diminuzione degli ordini, anche nel settore delle pompe di calore. La cassa integrazione ordinaria, della durata di 13 settimane, \u00e8 iniziata ieri nello stabilimento di Mel e dovrebbe terminare entro il 28 luglio. \u00c8 gi\u00e0 attiva anche nello stabilimento di Limana. La sospensione della produzione per tre venerd\u00ec consecutivi, i tre del mese di maggio, comporter\u00e0 l&#8217;attivazione dell&#8217;ammortizzatore sociale. Successivamente, la propriet\u00e0 valuter\u00e0 settimanalmente la situazione per decidere le azioni da intraprendere.<\/div>\n<blockquote>\n<div><em>In conclusione, la fabbrica della Sest di Mel affronta una chiusura temporanea per tre venerd\u00ec di maggio a causa della cassa integrazione. I sindacati si preoccupano per le assunzioni dei lavoratori e la propriet\u00e0 valuter\u00e0 la situazione settimanalmente per determinare le azioni future. Nonostante ci\u00f2, l&#8217;accordo prevede che i dipendenti ricevano compensazioni economiche per i giorni di inattivit\u00e0, dimostrando una certa attenzione da parte dell&#8217;azienda.\u00a0<\/em><\/div>\n<\/blockquote>\n<div><\/div>\n<div><\/div>\n<div>\n<hr \/>\n<\/div>\n","protected":false},"excerpt":{"rendered":"<p>BORGO VALBELLUNA\u00a0 La fabbrica della Sest di Mel, precedentemente nota come ex Acc, rimarr\u00e0 chiusa per i tre venerd\u00ec del mese di maggio. \u00c8 stato siglato un accordo ieri mattina con i rappresentanti dei sindacati. L&#8217;accordo riguarda la cassa integrazione nello stabilimento di Borgo Valbelluna.\u00a0 Il gruppo Lu.Ve aveva richiesto un incontro nei giorni scorsi&hellip;<\/p>\n","protected":false},"author":4,"featured_media":336063,"comment_status":"closed","ping_status":"closed","sticky":false,"template":"","format":"standard","meta":{"_monsterinsights_skip_tracking":false,"_monsterinsights_sitenote_active":false,"_monsterinsights_sitenote_note":"","_monsterinsights_sitenote_category":0,"footnotes":""},"categories":[51,49],"tags":[],"class_list":["post-336064","post","type-post","status-publish","format-standard","has-post-thumbnail","hentry","category-evidenza-top","category-news-18","category-51","category-49","description-off"],"img_url":"https:\/\/www.radiopiu.net\/wordpress\/wp-content\/uploads\/2023\/05\/Senza-nome-48.jpg","_links":{"self":[{"href":"https:\/\/www.radiopiu.net\/wordpress\/wp-json\/wp\/v2\/posts\/336064","targetHints":{"allow":["GET"]}}],"collection":[{"href":"https:\/\/www.radiopiu.net\/wordpress\/wp-json\/wp\/v2\/posts"}],"about":[{"href":"https:\/\/www.radiopiu.net\/wordpress\/wp-json\/wp\/v2\/types\/post"}],"author":[{"embeddable":true,"href":"https:\/\/www.radiopiu.net\/wordpress\/wp-json\/wp\/v2\/users\/4"}],"replies":[{"embeddable":true,"href":"https:\/\/www.radiopiu.net\/wordpress\/wp-json\/wp\/v2\/comments?post=336064"}],"version-history":[{"count":0,"href":"https:\/\/www.radiopiu.net\/wordpress\/wp-json\/wp\/v2\/posts\/336064\/revisions"}],"wp:featuredmedia":[{"embeddable":true,"href":"https:\/\/www.radiopiu.net\/wordpress\/wp-json\/wp\/v2\/media\/336063"}],"wp:attachment":[{"href":"https:\/\/www.radiopiu.net\/wordpress\/wp-json\/wp\/v2\/media?parent=336064"}],"wp:term":[{"taxonomy":"category","embeddable":true,"href":"https:\/\/www.radiopiu.net\/wordpress\/wp-json\/wp\/v2\/categories?post=336064"},{"taxonomy":"post_tag","embeddable":true,"href":"https:\/\/www.radiopiu.net\/wordpress\/wp-json\/wp\/v2\/tags?post=336064"}],"curies":[{"name":"wp","href":"https:\/\/api.w.org\/{rel}","templated":true}]}}