{"id":336090,"date":"2023-05-16T09:49:22","date_gmt":"2023-05-16T07:49:22","guid":{"rendered":"https:\/\/www.radiopiu.net\/wordpress\/?p=336090"},"modified":"2023-05-16T09:49:22","modified_gmt":"2023-05-16T07:49:22","slug":"unaltra-stagione-di-in-vivo-verso-in-archivio","status":"publish","type":"post","link":"https:\/\/www.radiopiu.net\/wordpress\/unaltra-stagione-di-in-vivo-verso-in-archivio\/","title":{"rendered":"UN&#8217;ALTRA STAGIONE DI &#8220;IN VIVO VERSO&#8221; IN ARCHIVIO."},"content":{"rendered":"<div class=\"flex-1 overflow-hidden\">\n<div class=\"react-scroll-to-bottom--css-kwbhb-79elbk h-full dark:bg-gray-800\">\n<div class=\"react-scroll-to-bottom--css-kwbhb-1n7m0yu\">\n<div class=\"flex flex-col items-center text-sm dark:bg-gray-800\">\n<div class=\"group w-full text-gray-800 dark:text-gray-100 border-b border-black\/10 dark:border-gray-900\/50 bg-gray-50 dark:bg-[#444654]\">\n<div class=\"flex p-4 gap-4 text-base md:gap-6 md:max-w-2xl lg:max-w-xl xl:max-w-3xl md:py-6 lg:px-0 m-auto\">\n<div class=\"relative flex w-[calc(100%-50px)] flex-col gap-1 md:gap-3 lg:w-[calc(100%-115px)]\">\n<div class=\"flex flex-grow flex-col gap-3\">\n<div class=\"min-h-[20px] flex flex-col items-start gap-4 whitespace-pre-wrap break-words\">\n<div class=\"markdown prose w-full break-words dark:prose-invert light\">\n<p><strong><img decoding=\"async\" class=\"alignleft\" src=\"https:\/\/www.radiopiu.net\/wordpress\/wp-content\/uploads\/2023\/05\/Senza-nome-50.jpg\" \/>REDAZIONE<\/strong> La\u00a0 quarantenne emittente radiofonica Agordina, Radio Pi\u00f9, ha appena concluso un&#8217;altra stagione del suo amato programma &#8220;In Vivo Verso&#8221;. Questo programma, che ha debuttato nel febbraio 2015, ha continuato ad affascinare gli ascoltatori con la sua eccezionale conduzione e la partecipazione di numerosi poeti talentuosi. Un ringraziamento speciale va a Brunella Moro, la conduttrice sempre splendida e preparata che ha portato avanti il programma con grande maestria. La sua presenza carismatica e la sua conoscenza del mondo della poesia hanno contribuito a rendere ogni edizione di &#8220;In Vivo Verso&#8221; un&#8217;esperienza indimenticabile per gli ascoltatori. Ogni stagione di questo programma ha dato spazio a poeti provenienti da diverse esperienze e sensibilit\u00e0, offrendo al pubblico una variet\u00e0 di stili e tematiche. Grazie alla partecipazione dei poeti, il programma \u00e8 riuscito a creare un legame profondo con gli ascoltatori, che hanno potuto apprezzare e immergersi nella bellezza delle parole e delle emozioni espresse attraverso la poesia. &#8220;In Vivo Verso&#8221; ha dimostrato che la poesia \u00e8 ancora viva e vitale nel panorama culturale contemporaneo, e ha offerto una piattaforma importante per poeti emergenti e affermati per condividere le loro opere con un vasto pubblico. Con la conclusione di un&#8217;altra stagione di successo, l&#8217;emittente Radio Pi\u00f9 ha ribadito il suo impegno nel promuovere l&#8217;arte e la cultura, offrendo agli ascoltatori un programma unico che celebra la bellezza della parola e dell&#8217;espressione poetica. In attesa della prossima edizione di &#8220;In Vivo Verso&#8221;, gli appassionati di poesia e gli ascoltatori di Radio Pi\u00f9 non vedono l&#8217;ora di immergersi nuovamente in un viaggio emozionante attraverso le parole e le visioni dei talentuosi poeti che popolano questo straordinario programma.<\/p>\n<p>&nbsp;<\/p>\n<\/div>\n<\/div>\n<\/div>\n<div class=\"flex justify-between lg:block\">\n<div class=\"text-xs flex items-center justify-center gap-1 self-center pt-2 !invisible\"><\/div>\n<\/div>\n<\/div>\n<\/div>\n<\/div>\n<\/div>\n<\/div>\n<\/div>\n<\/div>\n<div class=\"absolute bottom-0 left-0 w-full border-t md:border-t-0 dark:border-white\/20 md:border-transparent md:dark:border-transparent md:bg-vert-light-gradient bg-white dark:bg-gray-800 md:!bg-transparent dark:md:bg-vert-dark-gradient pt-2\">\n<form class=\"stretch mx-2 flex flex-row gap-3 last:mb-2 md:mx-4 md:last:mb-6 lg:mx-auto lg:max-w-2xl xl:max-w-3xl\">\n<div class=\"relative flex h-full flex-1 items-stretch md:flex-col\">\n<div class=\"\">\n<div class=\"h-full flex ml-1 md:w-full md:m-auto md:mb-2 gap-0 md:gap-2 justify-center\">\n<hr \/>\n<\/div>\n<\/div>\n<\/div>\n<\/form>\n<\/div>\n","protected":false},"excerpt":{"rendered":"<p>REDAZIONE La\u00a0 quarantenne emittente radiofonica Agordina, Radio Pi\u00f9, ha appena concluso un&#8217;altra stagione del suo amato programma &#8220;In Vivo Verso&#8221;. Questo programma, che ha debuttato nel febbraio 2015, ha continuato ad affascinare gli ascoltatori con la sua eccezionale conduzione e la partecipazione di numerosi poeti talentuosi. Un ringraziamento speciale va a Brunella Moro, la conduttrice&hellip;<\/p>\n","protected":false},"author":4,"featured_media":336091,"comment_status":"closed","ping_status":"closed","sticky":false,"template":"","format":"standard","meta":{"_monsterinsights_skip_tracking":false,"_monsterinsights_sitenote_active":false,"_monsterinsights_sitenote_note":"","_monsterinsights_sitenote_category":0,"footnotes":""},"categories":[51,49],"tags":[],"class_list":["post-336090","post","type-post","status-publish","format-standard","has-post-thumbnail","hentry","category-evidenza-top","category-news-18","category-51","category-49","description-off"],"img_url":"https:\/\/www.radiopiu.net\/wordpress\/wp-content\/uploads\/2023\/05\/Senza-nome-50.jpg","_links":{"self":[{"href":"https:\/\/www.radiopiu.net\/wordpress\/wp-json\/wp\/v2\/posts\/336090","targetHints":{"allow":["GET"]}}],"collection":[{"href":"https:\/\/www.radiopiu.net\/wordpress\/wp-json\/wp\/v2\/posts"}],"about":[{"href":"https:\/\/www.radiopiu.net\/wordpress\/wp-json\/wp\/v2\/types\/post"}],"author":[{"embeddable":true,"href":"https:\/\/www.radiopiu.net\/wordpress\/wp-json\/wp\/v2\/users\/4"}],"replies":[{"embeddable":true,"href":"https:\/\/www.radiopiu.net\/wordpress\/wp-json\/wp\/v2\/comments?post=336090"}],"version-history":[{"count":0,"href":"https:\/\/www.radiopiu.net\/wordpress\/wp-json\/wp\/v2\/posts\/336090\/revisions"}],"wp:featuredmedia":[{"embeddable":true,"href":"https:\/\/www.radiopiu.net\/wordpress\/wp-json\/wp\/v2\/media\/336091"}],"wp:attachment":[{"href":"https:\/\/www.radiopiu.net\/wordpress\/wp-json\/wp\/v2\/media?parent=336090"}],"wp:term":[{"taxonomy":"category","embeddable":true,"href":"https:\/\/www.radiopiu.net\/wordpress\/wp-json\/wp\/v2\/categories?post=336090"},{"taxonomy":"post_tag","embeddable":true,"href":"https:\/\/www.radiopiu.net\/wordpress\/wp-json\/wp\/v2\/tags?post=336090"}],"curies":[{"name":"wp","href":"https:\/\/api.w.org\/{rel}","templated":true}]}}