{"id":336093,"date":"2023-05-16T09:54:54","date_gmt":"2023-05-16T07:54:54","guid":{"rendered":"https:\/\/www.radiopiu.net\/wordpress\/?p=336093"},"modified":"2023-05-16T12:39:00","modified_gmt":"2023-05-16T10:39:00","slug":"30-years-of-history-da-oggi-alla-radio-piu","status":"publish","type":"post","link":"https:\/\/www.radiopiu.net\/wordpress\/30-years-of-history-da-oggi-alla-radio-piu\/","title":{"rendered":"30 YEARS OF HISTORY, DA OGGI ALLA RADIO PIU&#8217;"},"content":{"rendered":"<p><strong><img loading=\"lazy\" decoding=\"async\" class=\"alignleft\" src=\"https:\/\/www.radiopiu.net\/wordpress\/wp-content\/uploads\/2022\/09\/athos.jpg\" width=\"238\" height=\"177\" \/>REDAZIONE<\/strong>\u00a0 Un nuovo capitolo si apre oggi per Radio Pi\u00f9 e l&#8217;emittente Agordina con l&#8217;inizio del programma &#8220;DJ Athos&#8221; di David Ben. Questa trasmissione segna un importante passo avanti nella lunga storia di Radio Pi\u00f9, che ha visto la sua nascita nel lontano 1983. DJ Athos, conosciuto per la sua lunga e apprezzata carriera come Dj, sar\u00e0 al timone del programma che andr\u00e0 in onda tutti i giorni alle 14.40. Questa nuova avventura radiofonica \u00e8 realizzata in collaborazione con Marco Edelvais, che contribuir\u00e0 a rendere lo show ancora pi\u00f9 speciale. Athos, da sempre protagonista dei compleanni della radio, sia negli studi che sul palco, continua a dimostrare la sua passione per la musica e il suo attaccamento a Radio Pi\u00f9. L&#8217;emittente ha avuto il privilegio di festeggiare ogni anno con lui, aggiungendo un tocco di magia a ogni celebrazione. Con la sua vasta esperienza nel settore musicale, DJ Athos promette di offrire un programma coinvolgente e vario, con una selezione musicale di alta qualit\u00e0 che accontenter\u00e0 i gusti di tutti gli ascoltatori. La sua conduzione esperta e appassionata render\u00e0 ogni trasmissione un&#8217;esperienza unica e indimenticabile. Radio Pi\u00f9 \u00e8 entusiasta di questa nuova collaborazione e ringrazia Athos per il suo impegno costante nel portare avanti la missione della stazione radiofonica. Nonostante i cambiamenti nel panorama mediatico, Radio Pi\u00f9 continua a essere un punto di riferimento per gli amanti della musica e dell&#8217;informazione. Con l&#8217;inizio di &#8220;DJ Athos&#8221; e l&#8217;entusiasmo che circonda questa nuova avventura, Radio Pi\u00f9 e l&#8217;emittente Agordina si preparano a regalare ai loro ascoltatori un&#8217;altra stagione di intrattenimento di alta qualit\u00e0 e momenti indimenticabili. Lasciatevi coinvolgere dalle note e dai suoni che riempiranno le vostre giornate grazie a &#8220;DJ Athos&#8221; su Radio Pi\u00f9, l&#8217;emittente che da oltre 40 anni \u00e8 al servizio della musica e dei sui ascoltatori<\/p>\n<p>&nbsp;<\/p>\n<p>__<\/p>\n<div class=\"absolute bottom-0 left-0 w-full border-t md:border-t-0 dark:border-white\/20 md:border-transparent md:dark:border-transparent md:bg-vert-light-gradient bg-white dark:bg-gray-800 md:!bg-transparent dark:md:bg-vert-dark-gradient pt-2\">\n<form class=\"stretch mx-2 flex flex-row gap-3 last:mb-2 md:mx-4 md:last:mb-6 lg:mx-auto lg:max-w-2xl xl:max-w-3xl\">\n<div class=\"relative flex h-full flex-1 items-stretch md:flex-col\">\n<div class=\"\">\n<div class=\"h-full flex ml-1 md:w-full md:m-auto md:mb-2 gap-0 md:gap-2 justify-center\"><\/div>\n<\/div>\n<\/div>\n<\/form>\n<\/div>\n","protected":false},"excerpt":{"rendered":"<p>REDAZIONE\u00a0 Un nuovo capitolo si apre oggi per Radio Pi\u00f9 e l&#8217;emittente Agordina con l&#8217;inizio del programma &#8220;DJ Athos&#8221; di David Ben. Questa trasmissione segna un importante passo avanti nella lunga storia di Radio Pi\u00f9, che ha visto la sua nascita nel lontano 1983. DJ Athos, conosciuto per la sua lunga e apprezzata carriera come&hellip;<\/p>\n","protected":false},"author":4,"featured_media":299092,"comment_status":"closed","ping_status":"closed","sticky":false,"template":"","format":"standard","meta":{"_monsterinsights_skip_tracking":false,"_monsterinsights_sitenote_active":false,"_monsterinsights_sitenote_note":"","_monsterinsights_sitenote_category":0,"footnotes":""},"categories":[51,49],"tags":[],"class_list":["post-336093","post","type-post","status-publish","format-standard","has-post-thumbnail","hentry","category-evidenza-top","category-news-18","category-51","category-49","description-off"],"img_url":"https:\/\/www.radiopiu.net\/wordpress\/wp-content\/uploads\/2022\/09\/athos.jpg","_links":{"self":[{"href":"https:\/\/www.radiopiu.net\/wordpress\/wp-json\/wp\/v2\/posts\/336093","targetHints":{"allow":["GET"]}}],"collection":[{"href":"https:\/\/www.radiopiu.net\/wordpress\/wp-json\/wp\/v2\/posts"}],"about":[{"href":"https:\/\/www.radiopiu.net\/wordpress\/wp-json\/wp\/v2\/types\/post"}],"author":[{"embeddable":true,"href":"https:\/\/www.radiopiu.net\/wordpress\/wp-json\/wp\/v2\/users\/4"}],"replies":[{"embeddable":true,"href":"https:\/\/www.radiopiu.net\/wordpress\/wp-json\/wp\/v2\/comments?post=336093"}],"version-history":[{"count":0,"href":"https:\/\/www.radiopiu.net\/wordpress\/wp-json\/wp\/v2\/posts\/336093\/revisions"}],"wp:featuredmedia":[{"embeddable":true,"href":"https:\/\/www.radiopiu.net\/wordpress\/wp-json\/wp\/v2\/media\/299092"}],"wp:attachment":[{"href":"https:\/\/www.radiopiu.net\/wordpress\/wp-json\/wp\/v2\/media?parent=336093"}],"wp:term":[{"taxonomy":"category","embeddable":true,"href":"https:\/\/www.radiopiu.net\/wordpress\/wp-json\/wp\/v2\/categories?post=336093"},{"taxonomy":"post_tag","embeddable":true,"href":"https:\/\/www.radiopiu.net\/wordpress\/wp-json\/wp\/v2\/tags?post=336093"}],"curies":[{"name":"wp","href":"https:\/\/api.w.org\/{rel}","templated":true}]}}