{"id":336116,"date":"2023-05-16T11:37:26","date_gmt":"2023-05-16T09:37:26","guid":{"rendered":"https:\/\/www.radiopiu.net\/wordpress\/?p=336116"},"modified":"2023-05-16T11:38:38","modified_gmt":"2023-05-16T09:38:38","slug":"concorso-libera-la-bellezza-dellimpegno","status":"publish","type":"post","link":"https:\/\/www.radiopiu.net\/wordpress\/concorso-libera-la-bellezza-dellimpegno\/","title":{"rendered":"CONCORSO LIBERA &#8220;LA BELLEZZA DELL&#8217;IMPEGNO&#8221;"},"content":{"rendered":"<blockquote><p><em>Alunni provenienti da tutta la provincia partecipano al concorso che celebra l&#8217;importanza dello sport e dei valori che trasmette. La cerimonia di premiazione sabato 27 maggio alle 20 in Sala Don Tamis ad Agordo.<\/em><\/p><\/blockquote>\n<p><a class=\"dt-pswp-item\" href=\"https:\/\/www.radiopiu.net\/wordpress\/wp-content\/uploads\/2023\/05\/Senza-nome-51.jpg\" data-dt-img-description=\"\" data-large_image_width=\"643\" data-large_image_height=\"435\"><img loading=\"lazy\" decoding=\"async\" class=\"size-medium wp-image-336117 alignleft\" src=\"https:\/\/www.radiopiu.net\/wordpress\/wp-content\/uploads\/2023\/05\/Senza-nome-51-300x203.jpg\" alt=\"\" width=\"300\" height=\"203\" srcset=\"https:\/\/www.radiopiu.net\/wordpress\/wp-content\/uploads\/2023\/05\/Senza-nome-51-300x203.jpg 300w, https:\/\/www.radiopiu.net\/wordpress\/wp-content\/uploads\/2023\/05\/Senza-nome-51.jpg 643w\" sizes=\"auto, (max-width: 300px) 100vw, 300px\" \/><\/a><strong>AGORDO\u00a0<\/strong> Si \u00e8 conclusa con grande successo la sesta edizione del concorso &#8220;La bellezza dell&#8217;impegno&#8221;, organizzato dal presidio agordino di Libera &#8220;Lucia Precenzano e Salvatore Aversa&#8221;. Quest&#8217;anno, ben 284 alunni provenienti da varie scuole della provincia hanno partecipato a questa iniziativa che celebra l&#8217;importanza dello sport e dei valori che esso trasmette. Il tema di quest&#8217;anno, &#8220;La bellezza dell&#8217;impegno: nello sport vince chi lo fa col cuore&#8221;, ha ispirato le classi coinvolte a creare un giornalino scolastico che riflettesse sulle parole di don Luigi Ciotti: &#8220;Lo sport non \u00e8 solo una &#8216;metafora della vita&#8217;, ma una pratica di vita che della vita fa emergere gli aspetti pi\u00f9 belli: l&#8217;empatia e l&#8217;amicizia, il riconoscimento reciproco e l&#8217;incontro, nella comune consapevolezza di essere segnati da limiti e fragilit\u00e0. Cos\u00ec concepito, lo sport \u00e8 antidoto formidabile alla violenza.&#8221; Tutte le classi partecipanti saranno premiate con prodotti di Libera, come riconoscimento per il loro impegno. Tuttavia, solo i primi classificati di ciascuna categoria (prima media, seconda media e terza media) riceveranno la stampa di 100 copie del giornalino prodotto. I giudici del concorso sono stati il\u00a0 giornalista Marco D&#8217;Inc\u00e0 e Lucilla Andreucci, responsabile per lo sport di Libera Nazionale ed ex maratoneta. Nell&#8217;ambito della cerimonia di premiazione, sar\u00e0 presente Oscar De Pellegrin, atleta di grande successo che condivider\u00e0 la sua esperienza sportiva e di vita con i partecipanti. La sua presenza rappresenta un&#8217;opportunit\u00e0 unica per i giovani di trarre ispirazione da una figura che ha dimostrato come l&#8217;impegno e la determinazione possano condurre al successo.<\/p>\n<p>&nbsp;<\/p>\n<p>:___<\/p>\n","protected":false},"excerpt":{"rendered":"<p>Alunni provenienti da tutta la provincia partecipano al concorso che celebra l&#8217;importanza dello sport e dei valori che trasmette. La cerimonia di premiazione sabato 27 maggio alle 20 in Sala Don Tamis ad Agordo. AGORDO\u00a0 Si \u00e8 conclusa con grande successo la sesta edizione del concorso &#8220;La bellezza dell&#8217;impegno&#8221;, organizzato dal presidio agordino di Libera&hellip;<\/p>\n","protected":false},"author":4,"featured_media":336117,"comment_status":"closed","ping_status":"closed","sticky":false,"template":"","format":"standard","meta":{"_monsterinsights_skip_tracking":false,"_monsterinsights_sitenote_active":false,"_monsterinsights_sitenote_note":"","_monsterinsights_sitenote_category":0,"footnotes":""},"categories":[104,49],"tags":[],"class_list":["post-336116","post","type-post","status-publish","format-standard","has-post-thumbnail","hentry","category-evidenza_3","category-news-18","category-104","category-49","description-off"],"img_url":"https:\/\/www.radiopiu.net\/wordpress\/wp-content\/uploads\/2023\/05\/Senza-nome-51.jpg","_links":{"self":[{"href":"https:\/\/www.radiopiu.net\/wordpress\/wp-json\/wp\/v2\/posts\/336116","targetHints":{"allow":["GET"]}}],"collection":[{"href":"https:\/\/www.radiopiu.net\/wordpress\/wp-json\/wp\/v2\/posts"}],"about":[{"href":"https:\/\/www.radiopiu.net\/wordpress\/wp-json\/wp\/v2\/types\/post"}],"author":[{"embeddable":true,"href":"https:\/\/www.radiopiu.net\/wordpress\/wp-json\/wp\/v2\/users\/4"}],"replies":[{"embeddable":true,"href":"https:\/\/www.radiopiu.net\/wordpress\/wp-json\/wp\/v2\/comments?post=336116"}],"version-history":[{"count":0,"href":"https:\/\/www.radiopiu.net\/wordpress\/wp-json\/wp\/v2\/posts\/336116\/revisions"}],"wp:featuredmedia":[{"embeddable":true,"href":"https:\/\/www.radiopiu.net\/wordpress\/wp-json\/wp\/v2\/media\/336117"}],"wp:attachment":[{"href":"https:\/\/www.radiopiu.net\/wordpress\/wp-json\/wp\/v2\/media?parent=336116"}],"wp:term":[{"taxonomy":"category","embeddable":true,"href":"https:\/\/www.radiopiu.net\/wordpress\/wp-json\/wp\/v2\/categories?post=336116"},{"taxonomy":"post_tag","embeddable":true,"href":"https:\/\/www.radiopiu.net\/wordpress\/wp-json\/wp\/v2\/tags?post=336116"}],"curies":[{"name":"wp","href":"https:\/\/api.w.org\/{rel}","templated":true}]}}