{"id":336144,"date":"2023-05-16T14:27:16","date_gmt":"2023-05-16T12:27:16","guid":{"rendered":"https:\/\/www.radiopiu.net\/wordpress\/?p=336144"},"modified":"2023-05-16T14:27:16","modified_gmt":"2023-05-16T12:27:16","slug":"700-bambini-a-scuola-dai-pompieri","status":"publish","type":"post","link":"https:\/\/www.radiopiu.net\/wordpress\/700-bambini-a-scuola-dai-pompieri\/","title":{"rendered":"700 BAMBINI A SCUOLA DAI POMPIERI"},"content":{"rendered":"<div class=\"group w-full text-gray-800 dark:text-gray-100 border-b border-black\/10 dark:border-gray-900\/50 bg-gray-50 dark:bg-[#444654]\">\n<div class=\"flex p-4 gap-4 text-base md:gap-6 md:max-w-2xl lg:max-w-xl xl:max-w-3xl md:py-6 lg:px-0 m-auto\">\n<div class=\"relative flex w-[calc(100%-50px)] flex-col gap-1 md:gap-3 lg:w-[calc(100%-115px)]\">\n<blockquote>\n<h3><\/h3>\n<\/blockquote>\n<div><strong><a class=\"dt-pswp-item\" href=\"https:\/\/www.radiopiu.net\/wordpress\/wp-content\/uploads\/2022\/09\/VIGILI-DEL-FUOCO-8-1.jpg\" data-dt-img-description=\"\" data-large_image_width=\"1599\" data-large_image_height=\"899\"><img loading=\"lazy\" decoding=\"async\" class=\"size-medium wp-image-299555 alignleft\" src=\"https:\/\/www.radiopiu.net\/wordpress\/wp-content\/uploads\/2022\/09\/VIGILI-DEL-FUOCO-8-1-300x169.jpg\" alt=\"\" width=\"300\" height=\"169\" srcset=\"https:\/\/www.radiopiu.net\/wordpress\/wp-content\/uploads\/2022\/09\/VIGILI-DEL-FUOCO-8-1-300x169.jpg 300w, https:\/\/www.radiopiu.net\/wordpress\/wp-content\/uploads\/2022\/09\/VIGILI-DEL-FUOCO-8-1-1024x576.jpg 1024w, https:\/\/www.radiopiu.net\/wordpress\/wp-content\/uploads\/2022\/09\/VIGILI-DEL-FUOCO-8-1-768x432.jpg 768w, https:\/\/www.radiopiu.net\/wordpress\/wp-content\/uploads\/2022\/09\/VIGILI-DEL-FUOCO-8-1-1536x864.jpg 1536w, https:\/\/www.radiopiu.net\/wordpress\/wp-content\/uploads\/2022\/09\/VIGILI-DEL-FUOCO-8-1.jpg 1599w\" sizes=\"auto, (max-width: 300px) 100vw, 300px\" \/><\/a>BELLUNO<\/strong> Giovedi dalle 9.30 al Comando provinciale dei Vigili del fuoco di Belluno, si terr\u00e0 una straordinaria manifestazione rivolta agli alunni delle scuole primarie e secondarie di primo grado. L&#8217;evento coinvolger\u00e0 circa 700 bambini provenienti da diverse scuole della provincia, offrendo loro l&#8217;opportunit\u00e0 di esplorare da vicino i mezzi e le attrezzature utilizzate dai Vigili del fuoco e di assistere a una simulazione di soccorso. L&#8217;iniziativa, organizzata con l&#8217;obiettivo di educare i giovani sul ruolo e l&#8217;importanza dei Vigili del fuoco nella comunit\u00e0, promette di essere un&#8217;esperienza emozionante e informativa. I partecipanti avranno la possibilit\u00e0 di esaminare da vicino i veicoli specializzati, come i camion antincendio e le autogru, nonch\u00e9 di toccare con mano le attrezzature utilizzate in situazioni di emergenza. Successivamente, i bambini assisteranno a una simulazione di alcuni dei principali scenari di soccorso che i Vigili del fuoco affrontano nella loro professione. Questa dimostrazione pratica permetter\u00e0 loro di comprendere meglio il lavoro svolto dai Vigili del fuoco e l&#8217;importanza di seguire le misure di sicurezza. La manifestazione rappresenta un&#8217;opportunit\u00e0 unica per i giovani di interagire con i professionisti che si occupano di salvare vite e proteggere la comunit\u00e0. I Vigili del fuoco, oltre a mostrare le loro competenze e le loro attrezzature specializzate, avranno anche l&#8217;occasione di condividere con i bambini importanti consigli sulla sicurezza e l&#8217;emergenza. L&#8217;iniziativa dimostra l&#8217;impegno dei Vigili del fuoco di Belluno nell&#8217;educare le giovani generazioni sulla sicurezza e sull&#8217;importanza del lavoro di squadra in situazioni di emergenza. Esperienza\u00a0 che potr\u00e0 ispirare i pi\u00f9 giovani a sviluppare una maggiore consapevolezza e un senso di responsabilit\u00e0 verso la propria sicurezza e quella degli altri.<\/div>\n<\/div>\n<\/div>\n<\/div>\n<div class=\"flex-1 overflow-hidden\">\n<div class=\"react-scroll-to-bottom--css-kwbhb-79elbk h-full dark:bg-gray-800\">\n<div class=\"react-scroll-to-bottom--css-kwbhb-1n7m0yu\">\n<div class=\"flex flex-col items-center text-sm dark:bg-gray-800\">\n<div class=\"group w-full text-gray-800 dark:text-gray-100 border-b border-black\/10 dark:border-gray-900\/50 bg-gray-50 dark:bg-[#444654]\">\n<div class=\"flex p-4 gap-4 text-base md:gap-6 md:max-w-2xl lg:max-w-xl xl:max-w-3xl md:py-6 lg:px-0 m-auto\">\n<div class=\"relative flex w-[calc(100%-50px)] flex-col gap-1 md:gap-3 lg:w-[calc(100%-115px)]\">\n<div class=\"flex justify-between lg:block\">\n<div class=\"text-xs flex items-center justify-center gap-1 self-center pt-2 !invisible\"><\/div>\n<\/div>\n<\/div>\n<\/div>\n<\/div>\n<\/div>\n<\/div>\n<\/div>\n<\/div>\n","protected":false},"excerpt":{"rendered":"<p>BELLUNO Giovedi dalle 9.30 al Comando provinciale dei Vigili del fuoco di Belluno, si terr\u00e0 una straordinaria manifestazione rivolta agli alunni delle scuole primarie e secondarie di primo grado. L&#8217;evento coinvolger\u00e0 circa 700 bambini provenienti da diverse scuole della provincia, offrendo loro l&#8217;opportunit\u00e0 di esplorare da vicino i mezzi e le attrezzature utilizzate dai Vigili&hellip;<\/p>\n","protected":false},"author":4,"featured_media":299550,"comment_status":"closed","ping_status":"closed","sticky":false,"template":"","format":"standard","meta":{"_monsterinsights_skip_tracking":false,"_monsterinsights_sitenote_active":false,"_monsterinsights_sitenote_note":"","_monsterinsights_sitenote_category":0,"footnotes":""},"categories":[51,49],"tags":[],"class_list":["post-336144","post","type-post","status-publish","format-standard","has-post-thumbnail","hentry","category-evidenza-top","category-news-18","category-51","category-49","description-off"],"img_url":"https:\/\/www.radiopiu.net\/wordpress\/wp-content\/uploads\/2022\/09\/VIGILI-DEL-FUOCO-3-1.jpg","_links":{"self":[{"href":"https:\/\/www.radiopiu.net\/wordpress\/wp-json\/wp\/v2\/posts\/336144","targetHints":{"allow":["GET"]}}],"collection":[{"href":"https:\/\/www.radiopiu.net\/wordpress\/wp-json\/wp\/v2\/posts"}],"about":[{"href":"https:\/\/www.radiopiu.net\/wordpress\/wp-json\/wp\/v2\/types\/post"}],"author":[{"embeddable":true,"href":"https:\/\/www.radiopiu.net\/wordpress\/wp-json\/wp\/v2\/users\/4"}],"replies":[{"embeddable":true,"href":"https:\/\/www.radiopiu.net\/wordpress\/wp-json\/wp\/v2\/comments?post=336144"}],"version-history":[{"count":0,"href":"https:\/\/www.radiopiu.net\/wordpress\/wp-json\/wp\/v2\/posts\/336144\/revisions"}],"wp:featuredmedia":[{"embeddable":true,"href":"https:\/\/www.radiopiu.net\/wordpress\/wp-json\/wp\/v2\/media\/299550"}],"wp:attachment":[{"href":"https:\/\/www.radiopiu.net\/wordpress\/wp-json\/wp\/v2\/media?parent=336144"}],"wp:term":[{"taxonomy":"category","embeddable":true,"href":"https:\/\/www.radiopiu.net\/wordpress\/wp-json\/wp\/v2\/categories?post=336144"},{"taxonomy":"post_tag","embeddable":true,"href":"https:\/\/www.radiopiu.net\/wordpress\/wp-json\/wp\/v2\/tags?post=336144"}],"curies":[{"name":"wp","href":"https:\/\/api.w.org\/{rel}","templated":true}]}}