{"id":336162,"date":"2023-05-16T23:59:06","date_gmt":"2023-05-16T21:59:06","guid":{"rendered":"https:\/\/www.radiopiu.net\/wordpress\/?p=336162"},"modified":"2023-05-16T16:58:21","modified_gmt":"2023-05-16T14:58:21","slug":"il-campionato-agordino-di-calcio-inizia-a-scaldare-i-motori","status":"publish","type":"post","link":"https:\/\/www.radiopiu.net\/wordpress\/il-campionato-agordino-di-calcio-inizia-a-scaldare-i-motori\/","title":{"rendered":"IL CAMPIONATO AGORDINO DI CALCIO INIZIA A SCALDARE I MOTORI"},"content":{"rendered":"<p><strong><a class=\"dt-pswp-item\" href=\"https:\/\/www.radiopiu.net\/wordpress\/wp-content\/uploads\/2023\/03\/CAMPIONATO-AGORDINO-2023.png\" data-dt-img-description=\"\" data-large_image_width=\"1434\" data-large_image_height=\"938\"><img loading=\"lazy\" decoding=\"async\" class=\" wp-image-327073 alignleft\" src=\"https:\/\/www.radiopiu.net\/wordpress\/wp-content\/uploads\/2023\/03\/CAMPIONATO-AGORDINO-2023-300x196.png\" alt=\"\" width=\"165\" height=\"108\" srcset=\"https:\/\/www.radiopiu.net\/wordpress\/wp-content\/uploads\/2023\/03\/CAMPIONATO-AGORDINO-2023-300x196.png 300w, https:\/\/www.radiopiu.net\/wordpress\/wp-content\/uploads\/2023\/03\/CAMPIONATO-AGORDINO-2023-1024x670.png 1024w, https:\/\/www.radiopiu.net\/wordpress\/wp-content\/uploads\/2023\/03\/CAMPIONATO-AGORDINO-2023-768x502.png 768w, https:\/\/www.radiopiu.net\/wordpress\/wp-content\/uploads\/2023\/03\/CAMPIONATO-AGORDINO-2023.png 1434w\" sizes=\"auto, (max-width: 165px) 100vw, 165px\" \/><\/a>di Marco Gaz<\/strong><\/p>\n<p><strong>REDAZIONE<\/strong> Il 3 giugno prossimo inizier\u00e0 il Campionato Agordino di calcio e le 12 squadre iscritte al torneo iniziano a scaldare i motori. Nella serata di sabato sera al Caff\u00e8 Miniere di Agordo, in occasione della presentazione ufficiale del calendario, protagoniste sono state alcune squadre che hanno svelato qualche novit\u00e0. La prima riguarda il Rivamonte che a partire da quest&#8217;anno torner\u00e0 a giocare sul campo di casa. Erano 15 anni che la squadra del Poi non giocava al campo sportivo di paese e finalmente torna disponibile il green rivamontino con degli spogliatoi tutti nuovi. Altra novit\u00e0 in casa del Rivamonte \u00e8 l&#8217;allenatore: a guidare la squadra del presidente Alex Piaia sar\u00e0 Gianni &#8220;Fischio&#8221; Farenzena. Il preparatore dei portieri dell&#8217;Agordina Calcio \u00e8 all&#8217;esordio come allenatore e sembra che abbia preso molto sul serio il nuovo ruolo con la voglia di fare bella figura. Altra novit\u00e0 sulle panchine riguarda il Le Ville che quest&#8217;anno ha deciso di affidare la squadra a Danilo Chenet, allenatore della prima squadra dell&#8217;Agordina. Intanto luned\u00ec sera il La Valle ha giocato un&#8217;amichevole contro il Caprile. I lavallesi hanno perso di misura 4 a 3.<\/p>\n<p>&nbsp;<\/p>\n<p>&nbsp;<\/p>\n<p>*******<\/p>\n","protected":false},"excerpt":{"rendered":"<p>di Marco Gaz REDAZIONE Il 3 giugno prossimo inizier\u00e0 il Campionato Agordino di calcio e le 12 squadre iscritte al torneo iniziano a scaldare i motori. Nella serata di sabato sera al Caff\u00e8 Miniere di Agordo, in occasione della presentazione ufficiale del calendario, protagoniste sono state alcune squadre che hanno svelato qualche novit\u00e0. La prima&hellip;<\/p>\n","protected":false},"author":4,"featured_media":327073,"comment_status":"closed","ping_status":"closed","sticky":false,"template":"","format":"standard","meta":{"_monsterinsights_skip_tracking":false,"_monsterinsights_sitenote_active":false,"_monsterinsights_sitenote_note":"","_monsterinsights_sitenote_category":0,"footnotes":""},"categories":[49],"tags":[],"class_list":["post-336162","post","type-post","status-publish","format-standard","has-post-thumbnail","hentry","category-news-18","category-49","description-off"],"img_url":"https:\/\/www.radiopiu.net\/wordpress\/wp-content\/uploads\/2023\/03\/CAMPIONATO-AGORDINO-2023.png","_links":{"self":[{"href":"https:\/\/www.radiopiu.net\/wordpress\/wp-json\/wp\/v2\/posts\/336162","targetHints":{"allow":["GET"]}}],"collection":[{"href":"https:\/\/www.radiopiu.net\/wordpress\/wp-json\/wp\/v2\/posts"}],"about":[{"href":"https:\/\/www.radiopiu.net\/wordpress\/wp-json\/wp\/v2\/types\/post"}],"author":[{"embeddable":true,"href":"https:\/\/www.radiopiu.net\/wordpress\/wp-json\/wp\/v2\/users\/4"}],"replies":[{"embeddable":true,"href":"https:\/\/www.radiopiu.net\/wordpress\/wp-json\/wp\/v2\/comments?post=336162"}],"version-history":[{"count":0,"href":"https:\/\/www.radiopiu.net\/wordpress\/wp-json\/wp\/v2\/posts\/336162\/revisions"}],"wp:featuredmedia":[{"embeddable":true,"href":"https:\/\/www.radiopiu.net\/wordpress\/wp-json\/wp\/v2\/media\/327073"}],"wp:attachment":[{"href":"https:\/\/www.radiopiu.net\/wordpress\/wp-json\/wp\/v2\/media?parent=336162"}],"wp:term":[{"taxonomy":"category","embeddable":true,"href":"https:\/\/www.radiopiu.net\/wordpress\/wp-json\/wp\/v2\/categories?post=336162"},{"taxonomy":"post_tag","embeddable":true,"href":"https:\/\/www.radiopiu.net\/wordpress\/wp-json\/wp\/v2\/tags?post=336162"}],"curies":[{"name":"wp","href":"https:\/\/api.w.org\/{rel}","templated":true}]}}