{"id":336193,"date":"2023-05-18T07:26:52","date_gmt":"2023-05-18T05:26:52","guid":{"rendered":"https:\/\/www.radiopiu.net\/wordpress\/?p=336193"},"modified":"2023-05-18T08:10:40","modified_gmt":"2023-05-18T06:10:40","slug":"giornale-radiopiu-18-maggio-2023-direttore-mirko-mezzacasa-verso-i-40-anni-25-giugno-1983-25-giugno-2023","status":"publish","type":"post","link":"https:\/\/www.radiopiu.net\/wordpress\/giornale-radiopiu-18-maggio-2023-direttore-mirko-mezzacasa-verso-i-40-anni-25-giugno-1983-25-giugno-2023\/","title":{"rendered":"GIORNALE RADIOPIU 18 MAGGIO 2023 DIRETTORE MIRKO MEZZACASA&#8230;verso i 40 anni 25 giugno 1983-25 giugno 2023"},"content":{"rendered":"<h2 style=\"text-align: left;\"><span style=\"color: #ff0000;\"><span style=\"vertical-align: inherit;\"><a class=\"dt-pswp-item\" href=\"https:\/\/www.radiopiu.net\/wordpress\/wp-content\/uploads\/2023\/04\/e0aad41d-951e-47b9-9fae-1a879a9bcb7e-1.jpg\" data-dt-img-description=\"\" data-large_image_width=\"1200\" data-large_image_height=\"1200\"><img loading=\"lazy\" decoding=\"async\" class=\"wp-image-333205 alignleft\" src=\"https:\/\/www.radiopiu.net\/wordpress\/wp-content\/uploads\/2023\/04\/e0aad41d-951e-47b9-9fae-1a879a9bcb7e-1-300x300.jpg\" alt=\"\" width=\"110\" height=\"110\" srcset=\"https:\/\/www.radiopiu.net\/wordpress\/wp-content\/uploads\/2023\/04\/e0aad41d-951e-47b9-9fae-1a879a9bcb7e-1-300x300.jpg 300w, https:\/\/www.radiopiu.net\/wordpress\/wp-content\/uploads\/2023\/04\/e0aad41d-951e-47b9-9fae-1a879a9bcb7e-1-1024x1024.jpg 1024w, https:\/\/www.radiopiu.net\/wordpress\/wp-content\/uploads\/2023\/04\/e0aad41d-951e-47b9-9fae-1a879a9bcb7e-1-150x150.jpg 150w, https:\/\/www.radiopiu.net\/wordpress\/wp-content\/uploads\/2023\/04\/e0aad41d-951e-47b9-9fae-1a879a9bcb7e-1-768x768.jpg 768w, https:\/\/www.radiopiu.net\/wordpress\/wp-content\/uploads\/2023\/04\/e0aad41d-951e-47b9-9fae-1a879a9bcb7e-1.jpg 1200w\" sizes=\"auto, (max-width: 110px) 100vw, 110px\" \/><\/a><\/span><\/span><\/h2>\n<p>&nbsp;<\/p>\n<p>&nbsp;<\/p>\n<p>&nbsp;<\/p>\n<p><strong>IERI LUNGO LA 203 AGORDINA&#8230; I 3 SEMAFORI TRA CENCENIGHE ED AVOSCAN NON FERMANO&#8230; LE PECORE<\/strong><\/p>\n<div style=\"width: 640px;\" class=\"wp-video\"><video class=\"wp-video-shortcode\" id=\"video-336193-1\" width=\"640\" height=\"352\" preload=\"metadata\" controls=\"controls\"><source type=\"video\/mp4\" src=\"https:\/\/www.radiopiu.net\/wordpress\/wp-content\/uploads\/2023\/05\/WhatsApp-Video-2023-05-17-at-13.49.36.mp4?_=1\" \/><a href=\"https:\/\/www.radiopiu.net\/wordpress\/wp-content\/uploads\/2023\/05\/WhatsApp-Video-2023-05-17-at-13.49.36.mp4\">https:\/\/www.radiopiu.net\/wordpress\/wp-content\/uploads\/2023\/05\/WhatsApp-Video-2023-05-17-at-13.49.36.mp4<\/a><\/video><\/div>\n<h2 style=\"text-align: left;\"><\/h2>\n<h2 style=\"text-align: left;\"><span style=\"color: #ff0000;\"><span style=\"vertical-align: inherit;\">\u00a0<\/span><\/span><\/h2>\n<h2 style=\"text-align: left;\"><span style=\"color: #ff0000;\"><span style=\"vertical-align: inherit;\">\u00a0ISCRIVITI AL NOSTRO CANALE\u00a0 <\/span><\/span><span style=\"vertical-align: inherit;\"> YOUTUBE PER SEGUIRE IN DIRETTA I PRINCIPALI PROGRAMMI DI RADIO PIU&#8217; E LE FUTURE DIRETTE IN ESTERNA. PER ISCRIVERTI <\/span><a style=\"color: #ff0000;\" href=\"https:\/\/youtube.com\/@radiopiu1527\"><span style=\"vertical-align: inherit;\">CLICCA QUI <\/span><\/a><span style=\"color: #ff0000; font-size: 14px; font-weight: normal;\"><span style=\"vertical-align: inherit;\">E PREMI\u00a0 &#8220;Iscriviti&#8221;\u00a0 \u00a0 \u00a0 \u00a0<\/span><\/span><\/h2>\n<p><strong>IERI SERA ALLA RADIO, COME 40 ANNI FA CON: Simonetta, Brunella, Marco, Moreno e Mirko.<\/strong><br \/>\n<strong>OSPITI: GIANFELICE FACCHETTI, FLAVIO COLCERGNAN, PAOLO SIBILLON, GIACOMO BRESSAN, CLAUDIO PAGANIN<\/strong><\/p>\n<p><iframe loading=\"lazy\" title=\"DEDICHE E RICHIESTE 17 MAGGIO 2023\" width=\"1200\" height=\"675\" src=\"https:\/\/www.youtube.com\/embed\/Xw4H2VWCxxQ?feature=oembed\" frameborder=\"0\" allow=\"accelerometer; autoplay; clipboard-write; encrypted-media; gyroscope; picture-in-picture; web-share\" allowfullscreen><\/iframe><\/p>\n<div dir=\"auto\"><strong>\u00a0<\/strong><\/div>\n<div dir=\"auto\"><strong><a class=\"dt-pswp-item\" href=\"https:\/\/www.radiopiu.net\/wordpress\/wp-content\/uploads\/2023\/05\/34f4cfc6-e863-46e9-9695-8df44be63421-1.jpg\" data-dt-img-description=\"\" data-large_image_width=\"1200\" data-large_image_height=\"1200\"><img loading=\"lazy\" decoding=\"async\" class=\"wp-image-336325 alignleft\" src=\"https:\/\/www.radiopiu.net\/wordpress\/wp-content\/uploads\/2023\/05\/34f4cfc6-e863-46e9-9695-8df44be63421-1-300x300.jpg\" alt=\"\" width=\"86\" height=\"86\" srcset=\"https:\/\/www.radiopiu.net\/wordpress\/wp-content\/uploads\/2023\/05\/34f4cfc6-e863-46e9-9695-8df44be63421-1-300x300.jpg 300w, https:\/\/www.radiopiu.net\/wordpress\/wp-content\/uploads\/2023\/05\/34f4cfc6-e863-46e9-9695-8df44be63421-1-1024x1024.jpg 1024w, https:\/\/www.radiopiu.net\/wordpress\/wp-content\/uploads\/2023\/05\/34f4cfc6-e863-46e9-9695-8df44be63421-1-150x150.jpg 150w, https:\/\/www.radiopiu.net\/wordpress\/wp-content\/uploads\/2023\/05\/34f4cfc6-e863-46e9-9695-8df44be63421-1-768x768.jpg 768w, https:\/\/www.radiopiu.net\/wordpress\/wp-content\/uploads\/2023\/05\/34f4cfc6-e863-46e9-9695-8df44be63421-1.jpg 1200w\" sizes=\"auto, (max-width: 86px) 100vw, 86px\" \/><\/a>OGGI ALLA RADIO&#8230;. I PROGRAMMI DEL GIOVEDI<\/strong><\/div>\n<div dir=\"auto\">INFORMAZIONE 8 RASSEGNA STAMPA, 9.30 GR MATTINA, 10.30 SPI CGIL BELLUNO,QUINDICINALE APPUNTAMENTO CON LA PROF. MARIA ROSA SALMAZO 12.30 GIORNALE RADIO PRINCIPALE 13.10 ALLEGHE UNDER 15<\/div>\n<p>&nbsp;<\/p>\n<p>&nbsp;<\/p>\n<hr \/>\n<p><a class=\"dt-pswp-item\" href=\"https:\/\/www.radiopiu.net\/wordpress\/wp-content\/uploads\/2023\/05\/42738661-3114-473b-9a96-a9bee5763ee6-169x300-1.jpg\" data-dt-img-description=\"\" data-large_image_width=\"169\" data-large_image_height=\"300\"><img loading=\"lazy\" decoding=\"async\" class=\"wp-image-336121 alignleft\" src=\"https:\/\/www.radiopiu.net\/wordpress\/wp-content\/uploads\/2023\/05\/42738661-3114-473b-9a96-a9bee5763ee6-169x300-1.jpg\" alt=\"\" width=\"82\" height=\"146\" \/><\/a><\/p>\n<div class=\"page-title-head hgroup\">\n<blockquote>\n<h3 class=\"entry-title\">DOMANI A GONA CHIUDE LA STRADA PER RIVAMONTE<\/h3>\n<\/blockquote>\n<\/div>\n<div class=\"page-title-breadcrumbs\">\n<p><strong>VENETO STRADE<\/strong> Informa\u00a0 che domani dalle 8 alle 17 in localit\u00e0 Gona, la strada sar\u00e0 preclusa anche ai pedoni. Interdizione totale per permetterei il proseguo del lavori di consolidamento.<\/p>\n<p>&nbsp;<\/p>\n<\/div>\n<p>&nbsp;<\/p>\n<hr \/>\n<p>&nbsp;<\/p>\n<blockquote>\n<h3>ANCHE IL SOCCORSO ALPINO E SPELEOLOGICO VENETO IN EMILIA ROMAGNA IN AIUTO DELLA POPOLAZIONE<\/h3>\n<\/blockquote>\n<p><strong>REDAZIONE <\/strong>Ininterrotti gli interventi dei tecnici del Soccorso Alpino e Speleologico Emilia-Romagna che, dalla notte di marted\u00ec, si stanno svolgendo nelle zone maggiormente colpite dal maltempo. Le zone interessate riguardano sia quelle montane dell\u2019Appennino sia zone di pianura dove i disagi e danni sono ingenti. A Castel Bolognese (provincia Ravenna) sta intervenendo una squadra proveniente dal Veneto composta da 5 tecnici specializzati in forre e due tecnici del Soccorso alpino.\u00a0 Le squadre presenti si coordinano con il Dipartimento di Protezione Civile, la Protezione Civile regionale, il 118 e i Vigili del Fuoco.<\/p>\n\n\t\t\t<style type='text\/css'>\n\t\t\t\t#gallery-1 {\n\t\t\t\t\tmargin: auto;\n\t\t\t\t}\n\t\t\t\t#gallery-1 .gallery-item {\n\t\t\t\t\tfloat: left;\n\t\t\t\t\tmargin-top: 10px;\n\t\t\t\t\ttext-align: center;\n\t\t\t\t\twidth: 33%;\n\t\t\t\t}\n\t\t\t\t#gallery-1 img {\n\t\t\t\t\tborder: 2px solid #cfcfcf;\n\t\t\t\t}\n\t\t\t\t#gallery-1 .gallery-caption {\n\t\t\t\t\tmargin-left: 0;\n\t\t\t\t}\n\t\t\t\t\/* see gallery_shortcode() in wp-includes\/media.php *\/\n\t\t\t<\/style>\n\t\t<div id='gallery-1' class='dt-gallery-container gallery galleryid-336193 gallery-columns-3 gallery-size-medium'><dl class='gallery-item'>\n\t\t\t\t<dt class='gallery-icon portrait'>\n\t\t\t\t\t<a class=\"rollover rollover-zoom dt-pswp-item\" title=\"Point Blur_May172023_160731\" data-dt-img-description=\"\" data-large_image_width=\"1773\" data-large_image_height=\"2364\"href='https:\/\/www.radiopiu.net\/wordpress\/wp-content\/uploads\/2023\/05\/Point-Blur_May172023_160731.jpg'><img loading=\"lazy\" decoding=\"async\" width=\"225\" height=\"300\" src=\"https:\/\/www.radiopiu.net\/wordpress\/wp-content\/uploads\/2023\/05\/Point-Blur_May172023_160731-225x300.jpg\" class=\"attachment-medium size-medium\" alt=\"\" srcset=\"https:\/\/www.radiopiu.net\/wordpress\/wp-content\/uploads\/2023\/05\/Point-Blur_May172023_160731-225x300.jpg 225w, https:\/\/www.radiopiu.net\/wordpress\/wp-content\/uploads\/2023\/05\/Point-Blur_May172023_160731-768x1024.jpg 768w, https:\/\/www.radiopiu.net\/wordpress\/wp-content\/uploads\/2023\/05\/Point-Blur_May172023_160731-1152x1536.jpg 1152w, https:\/\/www.radiopiu.net\/wordpress\/wp-content\/uploads\/2023\/05\/Point-Blur_May172023_160731-1536x2048.jpg 1536w, https:\/\/www.radiopiu.net\/wordpress\/wp-content\/uploads\/2023\/05\/Point-Blur_May172023_160731.jpg 1773w\" sizes=\"auto, (max-width: 225px) 100vw, 225px\" \/><\/a>\n\t\t\t\t<\/dt><\/dl><dl class='gallery-item'>\n\t\t\t\t<dt class='gallery-icon landscape'>\n\t\t\t\t\t<a class=\"rollover rollover-zoom dt-pswp-item\" title=\"Point Blur_May172023_160804\" data-dt-img-description=\"\" data-large_image_width=\"2364\" data-large_image_height=\"1773\"href='https:\/\/www.radiopiu.net\/wordpress\/wp-content\/uploads\/2023\/05\/Point-Blur_May172023_160804.jpg'><img loading=\"lazy\" decoding=\"async\" width=\"300\" height=\"225\" src=\"https:\/\/www.radiopiu.net\/wordpress\/wp-content\/uploads\/2023\/05\/Point-Blur_May172023_160804-300x225.jpg\" class=\"attachment-medium size-medium\" alt=\"\" srcset=\"https:\/\/www.radiopiu.net\/wordpress\/wp-content\/uploads\/2023\/05\/Point-Blur_May172023_160804-300x225.jpg 300w, https:\/\/www.radiopiu.net\/wordpress\/wp-content\/uploads\/2023\/05\/Point-Blur_May172023_160804-1024x768.jpg 1024w, https:\/\/www.radiopiu.net\/wordpress\/wp-content\/uploads\/2023\/05\/Point-Blur_May172023_160804-768x576.jpg 768w, https:\/\/www.radiopiu.net\/wordpress\/wp-content\/uploads\/2023\/05\/Point-Blur_May172023_160804-1536x1152.jpg 1536w, https:\/\/www.radiopiu.net\/wordpress\/wp-content\/uploads\/2023\/05\/Point-Blur_May172023_160804-2048x1536.jpg 2048w\" sizes=\"auto, (max-width: 300px) 100vw, 300px\" \/><\/a>\n\t\t\t\t<\/dt><\/dl><dl class='gallery-item'>\n\t\t\t\t<dt class='gallery-icon portrait'>\n\t\t\t\t\t<a class=\"rollover rollover-zoom dt-pswp-item\" title=\"Watermark_20230517_155934_904\" data-dt-img-description=\"\" data-large_image_width=\"1773\" data-large_image_height=\"2364\"href='https:\/\/www.radiopiu.net\/wordpress\/wp-content\/uploads\/2023\/05\/Watermark_20230517_155934_904.jpg'><img loading=\"lazy\" decoding=\"async\" width=\"225\" height=\"300\" src=\"https:\/\/www.radiopiu.net\/wordpress\/wp-content\/uploads\/2023\/05\/Watermark_20230517_155934_904-225x300.jpg\" class=\"attachment-medium size-medium\" alt=\"\" srcset=\"https:\/\/www.radiopiu.net\/wordpress\/wp-content\/uploads\/2023\/05\/Watermark_20230517_155934_904-225x300.jpg 225w, https:\/\/www.radiopiu.net\/wordpress\/wp-content\/uploads\/2023\/05\/Watermark_20230517_155934_904-768x1024.jpg 768w, https:\/\/www.radiopiu.net\/wordpress\/wp-content\/uploads\/2023\/05\/Watermark_20230517_155934_904-1152x1536.jpg 1152w, https:\/\/www.radiopiu.net\/wordpress\/wp-content\/uploads\/2023\/05\/Watermark_20230517_155934_904-1536x2048.jpg 1536w, https:\/\/www.radiopiu.net\/wordpress\/wp-content\/uploads\/2023\/05\/Watermark_20230517_155934_904.jpg 1773w\" sizes=\"auto, (max-width: 225px) 100vw, 225px\" \/><\/a>\n\t\t\t\t<\/dt><\/dl><br style=\"clear: both\" \/>\n\t\t\t<\/div>\n\n<blockquote>\n<h3>MALTEMPO IN VENETO. PRESIDENTE REGIONE FIRMA DECRETO DI STATO DI EMERGENZA<\/h3>\n<\/blockquote>\n<p><strong>COLPITI IN PARTICOLARE LA PROVINCIA DI ROVIGO E LA PROVINCIA DI VENEZIA\u00a0 <\/strong><\/p>\n<p><em>\u00a0<\/em>.<\/p>\n<p><strong><img loading=\"lazy\" decoding=\"async\" class=\"alignleft\" src=\"https:\/\/www.radiopiu.net\/wordpress\/wp-content\/uploads\/2023\/05\/piogge-e-temporali-e1470404212667.jpg\" width=\"226\" height=\"140\" \/>VENEZIA<\/strong> Il Presidente della Regione del Veneto ha dichiarato lo stato di emergenza a seguito delle avverse condizioni atmosferiche verificatesi il 16 e il 17 maggio. Le precipitazioni intense hanno causato danni principalmente alle zone costiere, ma non sono state segnalate criticit\u00e0 che abbiano coinvolto direttamente la sicurezza dei cittadini. Le aree pi\u00f9 colpite sono state il litorale centro-meridionale, il Delta del Po e la pianura tra il Basso Veneziano e il Basso Polesine, insieme a Bibione e le spiagge circostanti. Le forti piogge e i venti hanno portato all&#8217;asporto di sabbia e all&#8217;accumulo di rifiuti, soprattutto legname, sulle spiagge. Le autorit\u00e0 locali, tra cui i Vigili del Fuoco e la Protezione Civile, hanno effettuato numerosi interventi per gestire la situazione. Nonostante i danni, la comunit\u00e0 veneta si sta gi\u00e0 attivando per ripulire le spiagge e prepararsi per la stagione estiva.<\/p>\n<p>FOTO www.lavocedivenezia.it<\/p>\n<p>&nbsp;<\/p>\n<p>&nbsp;<\/p>\n<p>&nbsp;<\/p>\n<hr \/>\n<p>&nbsp;<\/p>\n<blockquote>\n<h3>\u00a0ADDIO A SANTE IRAL<\/h3>\n<\/blockquote>\n<p><strong><a class=\"dt-pswp-item\" href=\"https:\/\/www.radiopiu.net\/wordpress\/wp-content\/uploads\/2023\/05\/SANTE.png\" data-dt-img-description=\"\" data-large_image_width=\"268\" data-large_image_height=\"277\"><img loading=\"lazy\" decoding=\"async\" class=\" wp-image-336317 alignleft\" src=\"https:\/\/www.radiopiu.net\/wordpress\/wp-content\/uploads\/2023\/05\/SANTE.png\" alt=\"\" width=\"174\" height=\"180\" \/><\/a>VAL DI ZOLDO<\/strong> Sante Iral, ex sindaco e amministratore di Zoldo Alto, \u00e8 deceduto all&#8217;et\u00e0 di 76 anni dopo una lunga malattia. Era un uomo di cultura e la memoria storica di Zoldo Alto.\u00a0 Sante Iral \u00e8 stato attivo nella vita sociale di Zoldo, svolgendo ruoli di consigliere, assessore e sindaco negli anni Settanta, Ottanta e Novanta. Ha anche avuto un impegno significativo nella Regola Grande di Coi. Iral ha dedicato tempo alla ricerca storica sulla chiesa di San Nicol\u00f2, esaminando documenti parrocchiali e bollettini per ricostruirne la storia e descrivere le opere d&#8217;arte presenti. Il suo lavoro \u00e8 stato pubblicato in un libretto, ora disponibile per offerte libere a sostegno della parrocchia. Il funerale di Sante Iral si terr\u00e0 domani nella chiesa di San Nicol\u00f2 a Fusine, dove ha svolto la sua ricerca storica, e la comunit\u00e0 di Zoldo dar\u00e0 l&#8217;ultimo saluto all&#8217;ex sindaco.<\/p>\n<p>&nbsp;<\/p>\n<hr \/>\n<p>&nbsp;<\/p>\n<blockquote>\n<h3>SCARPE LUNGO L&#8217;ALEMAGNA, SCATTANO I SOCCORSI MA ERA UN FALSO ALLARME<\/h3>\n<\/blockquote>\n<p><strong>PIEVE DI CADORE<\/strong> Una persona segnala di aver visto un individuo scalzo camminare sull&#8217;Alemagna, ma alla fine non si riscontra nessuna persona scomparsa. Vengono organizzate ricerche con vigili del fuoco, carabinieri e polizia locale, ma non ci sono denunce di scomparsa e l&#8217;allarme si placa. Le scarpe vengono raccolte dai pompieri e conservate in attesa del proprietario. Nonostante l&#8217;iniziale preoccupazione, non si verificano eventi gravi. Le telecamere di videosorveglianza potrebbero fornire ulteriori dettagli.<\/p>\n<p>&nbsp;<\/p>\n<p>&nbsp;<\/p>\n<hr \/>\n<p>&nbsp;<\/p>\n<blockquote>\n<h3>I LAVORI DI ASFALTATURA SONO UN PROBLEMA PER IL COMUNE DI FALCADE. ANCORA TROPPI LAVORI IN PREVISIONE<\/h3>\n<\/blockquote>\n<p><strong><a class=\"dt-pswp-item\" href=\"https:\/\/www.radiopiu.net\/wordpress\/wp-content\/uploads\/2022\/12\/MUNICIPIO-FALCADE.png\" data-dt-img-description=\"\" data-large_image_width=\"941\" data-large_image_height=\"655\"><img loading=\"lazy\" decoding=\"async\" class=\" wp-image-314065 alignleft\" src=\"https:\/\/www.radiopiu.net\/wordpress\/wp-content\/uploads\/2022\/12\/MUNICIPIO-FALCADE-300x209.png\" alt=\"\" width=\"161\" height=\"112\" srcset=\"https:\/\/www.radiopiu.net\/wordpress\/wp-content\/uploads\/2022\/12\/MUNICIPIO-FALCADE-300x209.png 300w, https:\/\/www.radiopiu.net\/wordpress\/wp-content\/uploads\/2022\/12\/MUNICIPIO-FALCADE-768x535.png 768w, https:\/\/www.radiopiu.net\/wordpress\/wp-content\/uploads\/2022\/12\/MUNICIPIO-FALCADE.png 941w\" sizes=\"auto, (max-width: 161px) 100vw, 161px\" \/><\/a>FALCADE<\/strong><\/p>\n<p>di Gianni Santomaso<\/p>\n<audio class=\"wp-audio-shortcode\" id=\"audio-336193-1\" preload=\"none\" style=\"width: 100%;\" controls=\"controls\"><source type=\"audio\/mpeg\" src=\"https:\/\/www.radiopiu.net\/wordpress\/wp-content\/uploads\/2023\/05\/GIANNI-LASFALTATURA-E-UN-PROBLEMA-A-FALCADE.mp3?_=1\" \/><a href=\"https:\/\/www.radiopiu.net\/wordpress\/wp-content\/uploads\/2023\/05\/GIANNI-LASFALTATURA-E-UN-PROBLEMA-A-FALCADE.mp3\">https:\/\/www.radiopiu.net\/wordpress\/wp-content\/uploads\/2023\/05\/GIANNI-LASFALTATURA-E-UN-PROBLEMA-A-FALCADE.mp3<\/a><\/audio>\n<p>&nbsp;<\/p>\n<hr \/>\n<p>&nbsp;<\/p>\n<blockquote>\n<h3>ACCOGLIENZA IMMIGRATI: BANDO DESERTO<\/h3>\n<\/blockquote>\n<p><strong>BELLUNO\u00a0<\/strong> \u00c8 andato deserto l&#8217;avviso pubblico del comune di Belluno per trovare nuovi alloggi per i rifugiati. Si trattava di un avviso per portare gli attuali 18 posti letto gestiti dalla cooperativa &#8220;Una Casa per l&#8217;Uomo scs&#8221; di Montebelluna a 28 tramite la messa a disposizione di alloggi offerti da privati cittadini sia del capoluogo che della provincia.\u00a0 All&#8217;avviso pi\u00f9 recente, con scadenza 15 maggio, non sono pervenute offerte, bench\u00e9 sia stato ripubblicato a distanza di due settimane dalla prima uscita<\/p>\n<p>&nbsp;<\/p>\n<hr \/>\n<p>&nbsp;<\/p>\n<blockquote>\n<h3>CONFCOMMERCIO DAL PREFETTO: LA PROTESTA<\/h3>\n<p><em>Il prefetto Savastano ha segnalato la necessit\u00e0 di rivedere le quote previste. Conferma che i 260 migranti previsti nel Bellunese dopo gli sbarchi recenti sono stati distribuiti in tutta la provincia e che sono in corso accordi con i sindaci riguardo a questa situazione.<\/em><\/p><\/blockquote>\n<p><strong><a class=\"dt-pswp-item\" href=\"https:\/\/www.radiopiu.net\/wordpress\/wp-content\/uploads\/2021\/06\/aed9c4a8-8b3f-4eb2-9a01-c51ac5001291.jpg\" data-dt-img-description=\"\" data-large_image_width=\"1920\" data-large_image_height=\"1080\"><img loading=\"lazy\" decoding=\"async\" class=\" wp-image-213617 alignleft\" src=\"https:\/\/www.radiopiu.net\/wordpress\/wp-content\/uploads\/2021\/06\/aed9c4a8-8b3f-4eb2-9a01-c51ac5001291-300x169.jpg\" alt=\"\" width=\"264\" height=\"149\" srcset=\"https:\/\/www.radiopiu.net\/wordpress\/wp-content\/uploads\/2021\/06\/aed9c4a8-8b3f-4eb2-9a01-c51ac5001291-300x169.jpg 300w, https:\/\/www.radiopiu.net\/wordpress\/wp-content\/uploads\/2021\/06\/aed9c4a8-8b3f-4eb2-9a01-c51ac5001291-1024x576.jpg 1024w, https:\/\/www.radiopiu.net\/wordpress\/wp-content\/uploads\/2021\/06\/aed9c4a8-8b3f-4eb2-9a01-c51ac5001291-768x432.jpg 768w, https:\/\/www.radiopiu.net\/wordpress\/wp-content\/uploads\/2021\/06\/aed9c4a8-8b3f-4eb2-9a01-c51ac5001291-1536x864.jpg 1536w, https:\/\/www.radiopiu.net\/wordpress\/wp-content\/uploads\/2021\/06\/aed9c4a8-8b3f-4eb2-9a01-c51ac5001291.jpg 1920w\" sizes=\"auto, (max-width: 264px) 100vw, 264px\" \/><\/a>BELLUNO<\/strong> Turismo in crisi per la mancanza di lavoratori stagionali: il nuovo &#8220;decreto flussi&#8221; non soddisfa i commercianti, secondo il presidente di Confcommercio Belluno, Paolo Doglioni. Solo 15 lavoratori extracomunitari sono stati assegnati alla provincia, mentre le necessit\u00e0 sarebbero di 200-300 lavoratori, soprattutto nel settore turistico. Il prefetto Mariano Savastano \u00e8 stato collaborativo, ma se non cambia nulla la situazione potrebbe peggiorare. \u00c8 necessario attrarre nuovi residenti nella regione e offrire supporto a settori in difficolt\u00e0. Per l&#8217;anno in corso, sono previsti in Italia 82.705 ingressi di cittadini stranieri, di cui 44.000 riservati ai lavoratori stagionali.\u00a0 Walter De Cassan, presidente di Federalberghi Belluno, afferma che la situazione \u00e8 leggermente meno problematica rispetto all&#8217;anno scorso<\/p>\n<p>&nbsp;<\/p>\n<p>&nbsp;<\/p>\n<p>&nbsp;<\/p>\n<hr \/>\n<p>&nbsp;<\/p>\n<blockquote>\n<h3>PERSONALE INFERMIERISTICO E MEDICO, POTENZIAMENTO DELLA MOBILITA&#8217;, SERVIZI PER ANZIANI, DISABILI E INFANZIA: QUESTE LE PRIORITA&#8217; DA METTERE AL CENTRO DELLA SANITA&#8217; PUBBLICA BELLUNESE<\/h3>\n<\/blockquote>\n<p><strong><a class=\"dt-pswp-item\" href=\"https:\/\/www.radiopiu.net\/wordpress\/wp-content\/uploads\/2022\/02\/Paglini-relazione.jpeg\" data-dt-img-description=\"\" data-large_image_width=\"1368\" data-large_image_height=\"912\"><img loading=\"lazy\" decoding=\"async\" class=\" wp-image-258793 alignleft\" src=\"https:\/\/www.radiopiu.net\/wordpress\/wp-content\/uploads\/2022\/02\/Paglini-relazione-300x200.jpeg\" alt=\"\" width=\"179\" height=\"119\" srcset=\"https:\/\/www.radiopiu.net\/wordpress\/wp-content\/uploads\/2022\/02\/Paglini-relazione-300x200.jpeg 300w, https:\/\/www.radiopiu.net\/wordpress\/wp-content\/uploads\/2022\/02\/Paglini-relazione-1024x683.jpeg 1024w, https:\/\/www.radiopiu.net\/wordpress\/wp-content\/uploads\/2022\/02\/Paglini-relazione-768x512.jpeg 768w, https:\/\/www.radiopiu.net\/wordpress\/wp-content\/uploads\/2022\/02\/Paglini-relazione.jpeg 1368w\" sizes=\"auto, (max-width: 179px) 100vw, 179px\" \/><\/a>BELLUNO <\/strong>\u201cSOS sanit\u00e0 in montagna, il titolo della campagna che la Cisl ha avviato per difendere il servizio socio-sanitario bellunese, non \u00e8 uno slogan, ma indica la necessit\u00e0 di istituire un Tavolo unico permanente che coordini e programmi gli interventi sul territorio, partendo dall\u2019urgenza di trovare e assumere personale infermieristico e medico, ma che provveda anche e soprattutto a progettare infrastrutture, servizi all\u2019infanzia, servizi per gli anziani e disabili, compreso il potenziamento della mobilit\u00e0 interna che rende sempre pi\u00f9 emarginate molte persone che vivono in zone periferiche e distanti dalle principali strutture sanitarie\u201d. Queste sono le questioni che il segretario generale della Cisl Belluno Treviso Massimiliano Paglini ritiene fondamentale che vengano poste dal nuovo Direttore Generale della Ulss 1 Dolomiti come prioritarie per il futuro della sanit\u00e0 bellunese, oltre alla garanzia che egli dedichi alla provincia di Belluno tutto il tempo necessario a gestire e superare la grave emergenza in cui versa il sistema sanitario.<\/p>\n<p><strong>IL SEGRETARIO GENERALE DELLA CISL BELLUNO TREVISO MASSIMILIANO PAGLINI<\/strong><\/p>\n<audio class=\"wp-audio-shortcode\" id=\"audio-336193-2\" preload=\"none\" style=\"width: 100%;\" controls=\"controls\"><source type=\"audio\/mpeg\" src=\"https:\/\/www.radiopiu.net\/wordpress\/wp-content\/uploads\/2023\/05\/PAGLINI-SANITA.mp3?_=2\" \/><a href=\"https:\/\/www.radiopiu.net\/wordpress\/wp-content\/uploads\/2023\/05\/PAGLINI-SANITA.mp3\">https:\/\/www.radiopiu.net\/wordpress\/wp-content\/uploads\/2023\/05\/PAGLINI-SANITA.mp3<\/a><\/audio>\n<p>&nbsp;<\/p>\n<hr \/>\n<p>&nbsp;<\/p>\n<blockquote>\n<h3>CISL E FEMCA CISL LA VOCE PER I LAVORATORI<\/h3>\n<\/blockquote>\n<p>17 maggio 2023<\/p>\n<p><strong><a class=\"dt-pswp-item\" href=\"https:\/\/www.radiopiu.net\/wordpress\/wp-content\/uploads\/2022\/01\/th-7.jpg\" data-dt-img-description=\"\" data-large_image_width=\"202\" data-large_image_height=\"202\"><img loading=\"lazy\" decoding=\"async\" class=\" wp-image-253706 alignleft\" src=\"https:\/\/www.radiopiu.net\/wordpress\/wp-content\/uploads\/2022\/01\/th-7.jpg\" alt=\"\" width=\"113\" height=\"113\" srcset=\"https:\/\/www.radiopiu.net\/wordpress\/wp-content\/uploads\/2022\/01\/th-7.jpg 202w, https:\/\/www.radiopiu.net\/wordpress\/wp-content\/uploads\/2022\/01\/th-7-150x150.jpg 150w\" sizes=\"auto, (max-width: 113px) 100vw, 113px\" \/><\/a>PUNTATA 21, ANNA PAOLA D&#8217;AGOSTINI<\/strong><\/p>\n<audio class=\"wp-audio-shortcode\" id=\"audio-336193-3\" preload=\"none\" style=\"width: 100%;\" controls=\"controls\"><source type=\"audio\/mpeg\" src=\"https:\/\/www.radiopiu.net\/wordpress\/wp-content\/uploads\/2023\/05\/FEMCA-CISL-3.mp3?_=3\" \/><a href=\"https:\/\/www.radiopiu.net\/wordpress\/wp-content\/uploads\/2023\/05\/FEMCA-CISL-3.mp3\">https:\/\/www.radiopiu.net\/wordpress\/wp-content\/uploads\/2023\/05\/FEMCA-CISL-3.mp3<\/a><\/audio>\n<p>&nbsp;<\/p>\n<p>LA RACCOLTA COMPLETA<\/p>\n<blockquote class=\"wp-embedded-content\" data-secret=\"EoJzTXYuE8\"><p><a href=\"https:\/\/www.radiopiu.net\/wordpress\/cisl-e-femca-cisl-la-voce\/\">CISL E FEMCA CISL  LA VOCE PER I LAVORATORI<\/a><\/p><\/blockquote>\n<p><iframe loading=\"lazy\" class=\"wp-embedded-content\" sandbox=\"allow-scripts\" security=\"restricted\" style=\"position: absolute; clip: rect(1px, 1px, 1px, 1px);\" title=\"&#8220;CISL E FEMCA CISL  LA VOCE PER I LAVORATORI&#8221; &#8212; Radio Pi\u00f9\" src=\"https:\/\/www.radiopiu.net\/wordpress\/cisl-e-femca-cisl-la-voce\/embed\/#?secret=MyAiFZxZT6#?secret=EoJzTXYuE8\" data-secret=\"EoJzTXYuE8\" width=\"600\" height=\"338\" frameborder=\"0\" marginwidth=\"0\" marginheight=\"0\" scrolling=\"no\"><\/iframe><\/p>\n<p>&nbsp;<\/p>\n<p>&nbsp;<\/p>\n<hr \/>\n<p>&nbsp;<\/p>\n<blockquote>\n<h3>ASSEMBLEA ANNUALE DEGLI AZIONISTI ESSILORLUXOTTICA. APPROVATE TUTTE LE 19 DELIBERE<\/h3>\n<\/blockquote>\n<p><strong><a class=\"dt-pswp-item\" href=\"https:\/\/www.radiopiu.net\/wordpress\/wp-content\/uploads\/2020\/01\/NUOVA-INSEGNA-LUXOTTICA-scaled.jpg\" data-dt-img-description=\"\" data-large_image_width=\"2560\" data-large_image_height=\"1920\"><img loading=\"lazy\" decoding=\"async\" class=\" wp-image-113444 alignleft\" src=\"https:\/\/www.radiopiu.net\/wordpress\/wp-content\/uploads\/2020\/01\/NUOVA-INSEGNA-LUXOTTICA-300x225.jpg\" alt=\"\" width=\"155\" height=\"116\" srcset=\"https:\/\/www.radiopiu.net\/wordpress\/wp-content\/uploads\/2020\/01\/NUOVA-INSEGNA-LUXOTTICA-300x225.jpg 300w, https:\/\/www.radiopiu.net\/wordpress\/wp-content\/uploads\/2020\/01\/NUOVA-INSEGNA-LUXOTTICA-1024x768.jpg 1024w, https:\/\/www.radiopiu.net\/wordpress\/wp-content\/uploads\/2020\/01\/NUOVA-INSEGNA-LUXOTTICA-768x576.jpg 768w, https:\/\/www.radiopiu.net\/wordpress\/wp-content\/uploads\/2020\/01\/NUOVA-INSEGNA-LUXOTTICA-1536x1152.jpg 1536w, https:\/\/www.radiopiu.net\/wordpress\/wp-content\/uploads\/2020\/01\/NUOVA-INSEGNA-LUXOTTICA-2048x1536.jpg 2048w\" sizes=\"auto, (max-width: 155px) 100vw, 155px\" \/><\/a>CHARENTON-LE-PONT (FRANCIA)<\/strong> Si \u00e8 tenuta ieri l&#8217;Assemblea Annuale degli Azionisti di EssilorLuxottica al 3 Mazarium a Parigi. Gli azionisti di EssilorLuxottica hanno approvato tutte le 19 delibere presentate dal Consiglio di Amministrazione all&#8217;Assemblea Generale Ordinaria e Straordinaria, compresa quella relativa alla politica di remunerazione applicabile agli Amministratori Esecutivi della Societ\u00e0. \u201cA cinque anni dalla sua nascita nel 2018, EssilorLuxottica \u00e8 oggi il campione globale che avevamo immaginato\u201d, hanno commentato Francesco Milleri, Presidente e Amministratore Delegato, e Paul du Saillant, Vice Amministratore Delegato di EssilorLuxottica dopo l\u2019Assemblea. \u201cAbbiamo realizzato la nostra visione di un&#8217;azienda a rete aperta e omnicanale. I nostri punti di forza distintivi come il portafoglio di marchi e prodotti, la capacit\u00e0 distributiva e di innovazione, la supply chain e la professionalit\u00e0 delle nostre persone, ci permettono di crescere con l\u2019intero mercato dell\u2019eyecare e dell\u2019eyewear in modo sostenibile, realizzando la mission aziendale di aiutare le persone a \u2018vedere meglio e vivere meglio\u2019. Vogliamo continuare a innovare con l\u2019obiettivo di migliorare l&#8217;esperienza dei consumatori e i nostri servizi ai professionisti del settore, e di accrescere gli standard del mercato. Felici dei traguardi raggiunti, ringraziamo i nostri azionisti della fiducia e del sostegno nel raggiungimento dei nostri obiettivi, anche in anni di incertezza\u201d. \u00c8 stata approvata la delibera che attribuisce agli azionisti la facolt\u00e0 di percepire in azioni il dividendo finale da corrispondere per l\u2019esercizio chiuso al 31 dicembre 2022. Come debitamente riconosciuto dal Consiglio di Amministrazione, il prezzo delle azioni di nuova emissione per il pagamento del dividendo \u00e8 stato fissato a Euro 160,91 per azione. Il dividendo \u00e8 pari a 3,23 euro per azione. Il pagamento del dividendo o la consegna delle nuove azioni a seguito dell&#8217;esercizio dell&#8217;opzione avverr\u00e0 a partire dal 13 giugno 2023.<\/p>\n<p>&nbsp;<\/p>\n<hr \/>\n<p>&nbsp;<\/p>\n<blockquote>\n<h3>LA DE RIGO RESTA ALLA FAMIGLIA: MOGLIE E MARITO<\/h3>\n<p><em> <strong><a class=\"dt-pswp-item\" href=\"https:\/\/www.radiopiu.net\/wordpress\/wp-content\/uploads\/2023\/05\/Senza-nome-2.png\" data-dt-img-description=\"\" data-large_image_width=\"398\" data-large_image_height=\"229\"><img loading=\"lazy\" decoding=\"async\" class=\" wp-image-336320 alignleft\" src=\"https:\/\/www.radiopiu.net\/wordpress\/wp-content\/uploads\/2023\/05\/Senza-nome-2-300x173.png\" alt=\"\" width=\"245\" height=\"141\" srcset=\"https:\/\/www.radiopiu.net\/wordpress\/wp-content\/uploads\/2023\/05\/Senza-nome-2-300x173.png 300w, https:\/\/www.radiopiu.net\/wordpress\/wp-content\/uploads\/2023\/05\/Senza-nome-2.png 398w\" sizes=\"auto, (max-width: 245px) 100vw, 245px\" \/><\/a><\/strong>Ennio De Rigo \u00e8 grato di poter continuare a guidare il Gruppo come azionisti unici e desidera proseguire nello sviluppo delle diverse aree di business delle loro aziende.<\/em><\/p><\/blockquote>\n<p><strong>LONGARONE<\/strong> Ennio De Rigo e sua moglie Emiliana De Meio sono diventati gli unici azionisti e guideranno la De Rigo Holding, uno dei maggiori gruppi del Bellunese attivo a livello globale nell&#8217;occhialeria, nella refrigerazione commerciale e nell&#8217;immobiliare.\u00a0 Roberto e Giorgio De Rigo hanno ceduto le proprie azioni alla Holding, consentendo ad Ennio De Rigo e a sua moglie di diventare gli unici azionisti. L&#8217;operazione \u00e8 stata finanziata in parte con risorse della Holding e in parte con i dividendi della societ\u00e0 per azioni (Spa) del settore degli occhiali.<\/p>\n<p>&nbsp;<\/p>\n<hr \/>\n<p>&nbsp;<\/p>\n<blockquote>\n<h3>SEST:\u00a0 CASSA INTEGRAZIONE FINO AL 28 LUGLIO<\/h3>\n<\/blockquote>\n<p><strong><a class=\"dt-pswp-item\" href=\"https:\/\/www.radiopiu.net\/wordpress\/wp-content\/uploads\/2023\/05\/Senza-nome-48.jpg\" data-dt-img-description=\"\" data-large_image_width=\"337\" data-large_image_height=\"231\"><img loading=\"lazy\" decoding=\"async\" class=\"wp-image-336063 alignleft\" src=\"https:\/\/www.radiopiu.net\/wordpress\/wp-content\/uploads\/2023\/05\/Senza-nome-48-300x206.jpg\" alt=\"\" width=\"200\" height=\"137\" srcset=\"https:\/\/www.radiopiu.net\/wordpress\/wp-content\/uploads\/2023\/05\/Senza-nome-48-300x206.jpg 300w, https:\/\/www.radiopiu.net\/wordpress\/wp-content\/uploads\/2023\/05\/Senza-nome-48.jpg 337w\" sizes=\"auto, (max-width: 200px) 100vw, 200px\" \/><\/a>BORGO VALBELLUNA<\/strong> La cassa integrazione nello stabilimento di Limana coinvolge circa 20 lavoratori a settimana. Il settore della refrigerazione commerciale, di cui si occupa l&#8217;impianto di Limana, sta risentendo dell&#8217;interruzione delle catene di fornitura di elettronica e dell&#8217;aumento dei costi. Non si sa quanto durer\u00e0 questa situazione n\u00e9 quanta cassa integrazione sar\u00e0 utilizzata.\u00a0 I sindacati hanno richiesto un incontro con i rappresentanti della Regione, della societ\u00e0 &#8220;Sest&#8221; e del commissario straordinario per la fase liquidatoria dell&#8217;Acc, Maurizio Castro, ma al momento non \u00e8 stata ancora fissata alcuna convocazione.<\/p>\n<p>&nbsp;<\/p>\n<p>&nbsp;<\/p>\n<hr \/>\n<p>&nbsp;<\/p>\n<blockquote>\n<h3>AD APRILE CONTINUA LA CRESCITA OCCUPAZIONE IN VENETO<\/h3>\n<\/blockquote>\n<p><strong><a class=\"dt-pswp-item\" href=\"https:\/\/www.radiopiu.net\/wordpress\/wp-content\/uploads\/2022\/11\/ZAIA.jpg\" data-dt-img-description=\"\" data-large_image_width=\"1024\" data-large_image_height=\"761\"><img loading=\"lazy\" decoding=\"async\" class=\" wp-image-306973 alignleft\" src=\"https:\/\/www.radiopiu.net\/wordpress\/wp-content\/uploads\/2022\/11\/ZAIA-300x223.jpg\" alt=\"\" width=\"174\" height=\"129\" srcset=\"https:\/\/www.radiopiu.net\/wordpress\/wp-content\/uploads\/2022\/11\/ZAIA-300x223.jpg 300w, https:\/\/www.radiopiu.net\/wordpress\/wp-content\/uploads\/2022\/11\/ZAIA-768x571.jpg 768w, https:\/\/www.radiopiu.net\/wordpress\/wp-content\/uploads\/2022\/11\/ZAIA.jpg 1024w\" sizes=\"auto, (max-width: 174px) 100vw, 174px\" \/><\/a>VENEZIA <\/strong>\u201cIl saldo positivo di 15.000 posti di lavoro nel solo mese di aprile, 43.900 da inizio anno, in Veneto \u00e8 un segnale davvero positivo di quanto il nostro sistema economico stia crescendo e si stia rafforzando in un contesto che va oltre i confini regionali. Siamo una regione che cresce, produce lavoro e benessere. Lo confermano i numeri. Siamo tornati ai livelli del 2019, anno di riferimento per l\u2019occupazione in cui si \u00e8 registrato un record di assunzioni. E ora non possiamo che puntare a migliorare\u201d. Lo dice il Presidente della Regione del Veneto riferendosi ai dati pubblicati oggi da Veneto Lavoro rispetto ai numeri sull\u2019occupazione nella nostra regione riferiti al mese di aprile.\u00a0 \u201cVoglio sottolineare che dei 15.000 posti in pi\u00f9 di aprile ben 8.500 sono occupati da donne \u2013 evidenzia il Governatore -. \u00c8 un segnale positivo. Dobbiamo mettere in atto tutte le strategie per far s\u00ec che aumenti in maniera sempre pi\u00f9 significativa l\u2019occupazione femminile, leva strategica per il nostro sviluppo.&#8221;<\/p>\n<p>&nbsp;<\/p>\n<p>&nbsp;<\/p>\n<hr \/>\n<p>&nbsp;<\/p>\n<blockquote>\n<h3>INTERVENTI FORESTALI A LIMANA. QUASI 500 MILA EURO DI CONTRIBUTI REGIONALI<\/h3>\n<\/blockquote>\n<p><strong><a class=\"dt-pswp-item\" href=\"https:\/\/www.radiopiu.net\/wordpress\/wp-content\/uploads\/2023\/01\/MUNICIPIO-LIMANA.png\" data-dt-img-description=\"\" data-large_image_width=\"1940\" data-large_image_height=\"1032\"><img loading=\"lazy\" decoding=\"async\" class=\" wp-image-318876 alignleft\" src=\"https:\/\/www.radiopiu.net\/wordpress\/wp-content\/uploads\/2023\/01\/MUNICIPIO-LIMANA-300x160.png\" alt=\"\" width=\"158\" height=\"84\" srcset=\"https:\/\/www.radiopiu.net\/wordpress\/wp-content\/uploads\/2023\/01\/MUNICIPIO-LIMANA-300x160.png 300w, https:\/\/www.radiopiu.net\/wordpress\/wp-content\/uploads\/2023\/01\/MUNICIPIO-LIMANA-1024x545.png 1024w, https:\/\/www.radiopiu.net\/wordpress\/wp-content\/uploads\/2023\/01\/MUNICIPIO-LIMANA-768x409.png 768w, https:\/\/www.radiopiu.net\/wordpress\/wp-content\/uploads\/2023\/01\/MUNICIPIO-LIMANA-1536x817.png 1536w, https:\/\/www.radiopiu.net\/wordpress\/wp-content\/uploads\/2023\/01\/MUNICIPIO-LIMANA.png 1940w\" sizes=\"auto, (max-width: 158px) 100vw, 158px\" \/><\/a>LIMANA<\/strong> Quasi 500mila euro di contributi a fronte di oltre 700mila euro investiti: a tanto ammontano i fondi arrivati dalla Regione Veneto al Comune di Limana per interventi in ambito forestale e ambientale, l&#8217;ultimo dei quali incassato proprio in questi giorni.<\/p>\n<p><strong>di Daniele Dalvit<\/strong><\/p>\n<audio class=\"wp-audio-shortcode\" id=\"audio-336193-4\" preload=\"none\" style=\"width: 100%;\" controls=\"controls\"><source type=\"audio\/mpeg\" src=\"https:\/\/www.radiopiu.net\/wordpress\/wp-content\/uploads\/2023\/05\/Radio-Piu-Servizio-Contributi-Regione-ambiente-Limana.mp3?_=4\" \/><a href=\"https:\/\/www.radiopiu.net\/wordpress\/wp-content\/uploads\/2023\/05\/Radio-Piu-Servizio-Contributi-Regione-ambiente-Limana.mp3\">https:\/\/www.radiopiu.net\/wordpress\/wp-content\/uploads\/2023\/05\/Radio-Piu-Servizio-Contributi-Regione-ambiente-Limana.mp3<\/a><\/audio>\n<p>&nbsp;<\/p>\n<hr \/>\n<p>&nbsp;<\/p>\n<blockquote>\n<h3>AUTOVELOX SULLE STRADE DEL FELTRINO, RITORNANO I CONTROLLI<\/h3>\n<\/blockquote>\n<p><strong>FELTRE<\/strong> A breve verr\u00e0 installato un nuovo autovelox che riprender\u00e0 i controlli sulla velocit\u00e0 dopo oltre un anno e mezzo di verifiche esclusive sull&#8217;assicurazione e la revisione dei veicoli. Si prevede che a partire da giugno l&#8217;apparecchio mobile sar\u00e0 operativo lungo le strade di Feltre. L&#8217;autovelox, noleggiato per trentasei mesi con possibilit\u00e0 di riscatto finale, sar\u00e0 posizionato in piazzole appositamente segnalate lungo le strade, in punti critici del traffico noti alla Polizia locale e all&#8217;amministrazione. L&#8217;obiettivo \u00e8 scoraggiare gli automobilisti che superano i limiti di velocit\u00e0 consentiti.<\/p>\n<p>&nbsp;<\/p>\n<hr \/>\n<p>&nbsp;<\/p>\n<blockquote>\n<h3 class=\"_title post-title entry-title\">PIEVE DI CADORE | MANUSHI: \u00abIMPEGNATI A FARE AL MEGLIO IL NOSTRO DOVERE PER LA COMUNITA\u2019\u00bb<\/h3>\n<\/blockquote>\n<p>IERI SERA, DAL TG DI ANTENNA 3, CANALE 10 DIGITALE TERRESTRE, DI TIZIANA BOLOGNANI. Ogni sera dal lunedi al sabato alle 19 le anticipazioni alla&#8230; RADIOPIU<br \/>\nIntervista A SINDI MANUSHI (SINDACA DI PIEVE DI CADORE)<\/p>\n<p><iframe loading=\"lazy\" title=\"MANUSHI: \u00abIMPEGNATI A FARE AL MEGLIO IL NOSTRO DOVERE PER LA COMUNITA&#039;\u00bb | 17\/05\/2023\" width=\"1200\" height=\"675\" src=\"https:\/\/www.youtube.com\/embed\/O-LEy9ggiis?start=1&#038;feature=oembed\" frameborder=\"0\" allow=\"accelerometer; autoplay; clipboard-write; encrypted-media; gyroscope; picture-in-picture; web-share\" allowfullscreen><\/iframe><\/p>\n<p>&nbsp;<\/p>\n<p>&nbsp;<\/p>\n<p>&nbsp;<\/p>\n<hr \/>\n<p>&nbsp;<\/p>\n<blockquote>\n<h3>LAVORI IN CORSO AL PARCHEGGIO DI VIA SAN BIAGIO A BELLUNO<\/h3>\n<\/blockquote>\n<p><strong>BELLUNO <\/strong>Restying in corso al parcheggio di via San Biagio: il piazzale sar\u00e0 impermeabilizzato lungo il perimetro, con la sostituzione di guaine e grondaie. L\u2019intervento, atteso da tempo, risponde alla necessit\u00e0 di rendere impermeabile la pavimentazione del parcheggio ed evitare, cos\u00ec, infiltrazioni d\u2019acqua ai garage sotterranei. I lavori, affidati alla ditta D\u2019Ambros Srl di Sedico per un importo di 22.871,60 euro + iva, hanno preso il via il 18 aprile e stanno procedendo a singhiozzo a causa del maltempo.<\/p>\n<p><strong>L\u2019ASSESSORE AI LAVORI PUBBLICI FRANCO ROCCON<\/strong><\/p>\n<p><iframe loading=\"lazy\" title=\"ROCCON CANTIERE SAN BIAGIO\" width=\"1200\" height=\"675\" src=\"https:\/\/www.youtube.com\/embed\/TsJ2K8UBYmo?feature=oembed\" frameborder=\"0\" allow=\"accelerometer; autoplay; clipboard-write; encrypted-media; gyroscope; picture-in-picture; web-share\" allowfullscreen><\/iframe><\/p>\n<p>&nbsp;<\/p>\n<hr \/>\n<p>&nbsp;<\/p>\n<blockquote>\n<h3>BELLUNO ALPINA: \u201cTUTTI UNITI PER IL NEVEGAL, MA NON DIMENTICHIAMO IL COMPRENSORIO\u201d<\/h3>\n<\/blockquote>\n<p><strong><a class=\"dt-pswp-item\" href=\"https:\/\/www.radiopiu.net\/wordpress\/wp-content\/uploads\/2021\/01\/BELLUNO-ALPINA.jpg\" data-dt-img-description=\"\" data-large_image_width=\"588\" data-large_image_height=\"537\"><img loading=\"lazy\" decoding=\"async\" class=\" wp-image-185689 alignleft\" src=\"https:\/\/www.radiopiu.net\/wordpress\/wp-content\/uploads\/2021\/01\/BELLUNO-ALPINA-300x274.jpg\" alt=\"\" width=\"131\" height=\"120\" srcset=\"https:\/\/www.radiopiu.net\/wordpress\/wp-content\/uploads\/2021\/01\/BELLUNO-ALPINA-300x274.jpg 300w, https:\/\/www.radiopiu.net\/wordpress\/wp-content\/uploads\/2021\/01\/BELLUNO-ALPINA.jpg 588w\" sizes=\"auto, (max-width: 131px) 100vw, 131px\" \/><\/a>BELLUNO <\/strong>\u201cBene che finalmente si parli di unione per il Nevegal, ma non dimentichiamo di ragionare in termini di comprensorio, valorizzando le ricchezze che ci giungono dall&#8217;ambiente, a partire dal nostro oro che \u00e8 il legno. \u00c8 dalle Universiadi del 1985 che quando si parla di Nevegal si parla solo di piazzale e delle sue vicinanze; dobbiamo allargare lo sguardo e pensare a tutta l&#8217;area come un unico corpo da valorizzare turisticamente ed economicamente\u201d: l&#8217;associazione Belluno Alpina commenta cos\u00ec l&#8217;incontro avuto da alcune associazioni del Nevegal con l&#8217;amministrazione comunale di Belluno. \u201cC&#8217;\u00e8 un&#8217;ampia zona oltre Can Canil, il Visentin, Valbruna, Sambuga con migliaia di ettari di bosco; siamo al confine con Valmorel, area ricca di eccellenze alimentari e terra che ospita importanti rassegne sportive; ci affacciamo sul Trevigiano; possiamo collegarci con l&#8217;Alpago, Col Indes, Pian Cavallo, il Cansiglio, il Lago di Santa Croce\u201d, ricorda il presidente Gimmy Dal Farra. \u201cNonostante questo, continuiamo a ragionare per comparti stagni: l&#8217;incontro di una decina di giorni fa a Ronce aveva proprio questo obbiettivo, quello di rompere questa tradizione, abbattere i campanili e cominciare finalmente a ragionare come comprensorio. Un esempio \u00e8 il progetto del laghetto, per il quale come Belluno Alpina abbiamo fortemente lavorato proprio per dargli un valore turistico e naturalistico di richiamo per l&#8217;intero comprensorio, con sentieri che collegano Valmorel e da l\u00ec Borgo Valbelluna e il Trevigiano\u201d.<\/p>\n<p>&nbsp;<\/p>\n<p>&nbsp;<\/p>\n<hr \/>\n<p>&nbsp;<\/p>\n<blockquote>\n<h3>LA MULTINAZIONALE FRANKLIN ACQUISTA HYDROPOMPE DI PONTE NELLE ALPI<\/h3>\n<\/blockquote>\n<p><strong><a class=\"dt-pswp-item\" href=\"https:\/\/www.radiopiu.net\/wordpress\/wp-content\/uploads\/2023\/05\/Sede_Hydropompe.jpg\" data-dt-img-description=\"\" data-large_image_width=\"1591\" data-large_image_height=\"1193\"><img loading=\"lazy\" decoding=\"async\" class=\" wp-image-336262 alignleft\" src=\"https:\/\/www.radiopiu.net\/wordpress\/wp-content\/uploads\/2023\/05\/Sede_Hydropompe-300x225.jpg\" alt=\"\" width=\"124\" height=\"93\" srcset=\"https:\/\/www.radiopiu.net\/wordpress\/wp-content\/uploads\/2023\/05\/Sede_Hydropompe-300x225.jpg 300w, https:\/\/www.radiopiu.net\/wordpress\/wp-content\/uploads\/2023\/05\/Sede_Hydropompe-1024x768.jpg 1024w, https:\/\/www.radiopiu.net\/wordpress\/wp-content\/uploads\/2023\/05\/Sede_Hydropompe-768x576.jpg 768w, https:\/\/www.radiopiu.net\/wordpress\/wp-content\/uploads\/2023\/05\/Sede_Hydropompe-1536x1152.jpg 1536w, https:\/\/www.radiopiu.net\/wordpress\/wp-content\/uploads\/2023\/05\/Sede_Hydropompe.jpg 1591w\" sizes=\"auto, (max-width: 124px) 100vw, 124px\" \/><\/a>PONTE NELLE ALPI <\/strong>La multinazionale americana Franklin investe nel Bellunese. E acquisisce la Hydropompe: azienda con sede a Cima i Pra di Ponte nelle Alpi, nata nel 1968 grazie all\u2019intuito e all\u2019impegno dei fratelli Rino, Flavio ed Eros Collazuol. La ricerca costante per la progettazione e la realizzazione di elettropompe. adatte a lavorare nelle condizioni pi\u00f9 gravose, ha permesso di perfezionare le competenze nella costruzione di prodotti per il drenaggio e il trattamento di acque nere e bianche: sia per impieghi civili, sia industriali.<span class=\"gmail-Apple-converted-space\"> \u00a0<\/span>I tre fratelli sono riusciti a promuovere il made in Italy artigianale con supporti tecnologici aggiornati e a raggiungere ottimi livelli commerciali: tanto in Italia, quanto all\u2019estero. Dopo oltre 55 anni di lavoro, e raggiunta la meritata pensione, ha preso forma la scelta di mantenere la produzione nel territorio e di cedere l\u2019azienda di famiglia alla Franklin Electric.<span class=\"gmail-Apple-converted-space\">\u00a0<\/span><\/p>\n<p>&nbsp;<\/p>\n<p>&nbsp;<\/p>\n<hr \/>\n<p>&nbsp;<\/p>\n<blockquote>\n<h3>A SELVA DI CADORE PROVE DI FILATURA DELLA DORELLA<\/h3>\n<\/blockquote>\n<p><strong><a class=\"dt-pswp-item\" href=\"https:\/\/www.radiopiu.net\/wordpress\/wp-content\/uploads\/2022\/03\/254026600_962124181039693_1306450083412456774_n.png\" data-dt-img-description=\"\" data-large_image_width=\"390\" data-large_image_height=\"300\"><img loading=\"lazy\" decoding=\"async\" class=\" wp-image-267555 alignleft\" src=\"https:\/\/www.radiopiu.net\/wordpress\/wp-content\/uploads\/2022\/03\/254026600_962124181039693_1306450083412456774_n-300x231.png\" alt=\"\" width=\"158\" height=\"122\" srcset=\"https:\/\/www.radiopiu.net\/wordpress\/wp-content\/uploads\/2022\/03\/254026600_962124181039693_1306450083412456774_n-300x231.png 300w, https:\/\/www.radiopiu.net\/wordpress\/wp-content\/uploads\/2022\/03\/254026600_962124181039693_1306450083412456774_n.png 390w\" sizes=\"auto, (max-width: 158px) 100vw, 158px\" \/><\/a>SELVA DI CADORE<\/strong><\/p>\n<p>di Gianni Santomaso<\/p>\n<audio class=\"wp-audio-shortcode\" id=\"audio-336193-5\" preload=\"none\" style=\"width: 100%;\" controls=\"controls\"><source type=\"audio\/mpeg\" src=\"https:\/\/www.radiopiu.net\/wordpress\/wp-content\/uploads\/2023\/05\/GIANNI-PROVE-DI-FILATURA-DELLA-DORELLA-A-SELVA-DI-CADORE.mp3?_=5\" \/><a href=\"https:\/\/www.radiopiu.net\/wordpress\/wp-content\/uploads\/2023\/05\/GIANNI-PROVE-DI-FILATURA-DELLA-DORELLA-A-SELVA-DI-CADORE.mp3\">https:\/\/www.radiopiu.net\/wordpress\/wp-content\/uploads\/2023\/05\/GIANNI-PROVE-DI-FILATURA-DELLA-DORELLA-A-SELVA-DI-CADORE.mp3<\/a><\/audio>\n<p>&nbsp;<\/p>\n<hr \/>\n<p>&nbsp;<\/p>\n<blockquote>\n<h3>L&#8217;OSPEDALE SANTA MARIA DEL PRATO DI FELTRE CONFERMATO OSPEDALE AMICO DEL BAMBINO UNICEF<\/h3>\n<\/blockquote>\n<p><strong><a class=\"dt-pswp-item\" href=\"https:\/\/www.radiopiu.net\/wordpress\/wp-content\/uploads\/2023\/05\/ospedale-di-feltre.jpeg\" data-dt-img-description=\"\" data-large_image_width=\"650\" data-large_image_height=\"463\"><img loading=\"lazy\" decoding=\"async\" class=\" wp-image-336242 alignleft\" src=\"https:\/\/www.radiopiu.net\/wordpress\/wp-content\/uploads\/2023\/05\/ospedale-di-feltre-300x214.jpeg\" alt=\"\" width=\"172\" height=\"123\" srcset=\"https:\/\/www.radiopiu.net\/wordpress\/wp-content\/uploads\/2023\/05\/ospedale-di-feltre-300x214.jpeg 300w, https:\/\/www.radiopiu.net\/wordpress\/wp-content\/uploads\/2023\/05\/ospedale-di-feltre.jpeg 650w\" sizes=\"auto, (max-width: 172px) 100vw, 172px\" \/><\/a>FELTRE <\/strong>L\u2019Ospedale Santa Maria del Prato di Feltre \u00e8 stato confermato \u201cAmico delle bambine e dei bambini\u201d dall\u2019Unicef che venerd\u00ec 19 maggio conferir\u00e0 ufficialmente il riconoscimento alla struttura. L\u2019ospedale di Feltre ha ottenuto il primo riconoscimento nel 2015, da allora \u00e8 stato consolidato un percorso che mira a fornire il massimo benessere per il nascituro e per la donna che ha partorito, fornendo loro i pi\u00f9 alti standard assistenziali, in primis favorendo l&#8217;allattamento (ma anche il sostegno alle mamme che non allattano), il contatto prolungato mamma-beb\u00e8 incentivando il \u201cpelle a pelle\u201d anche dopo il parto cesareo, ma anche ogni tipo di assistenza pre e post parto, con una presa in carico anticipata. L\u2019obiettivo \u00e8 creare un ambiente in cui un numero sempre maggiore di donne scelga di allattare i propri bambini esclusivamente al seno per i primi sei mesi di vita, come raccomandato da OMS, UNICEF e dalle maggiori Societ\u00e0 Scientifiche nazionali ed internazionali, rimuovere ogni ostacolo alla pratica ed al successo dell&#8217;allattamento materno; favorire l&#8217;integrazione fra tutti gli operatori, per assicurare coerenza di informazioni e continuit\u00e0 nelle cure erogate, insieme allo sviluppo di una cultura dell&#8217;allattamento al seno nella comunit\u00e0 locale. L\u2019Ulss Dolomiti si \u00e8 dotata di una politica per l\u2019allattamento al seno che \u00e8 stata redatta da un gruppo di lavoro multiprofessionale, costituito da rappresentanti degli operatori sanitari ospedalieri e del territorio dei 2 Distretti dell\u2019ULSS (Belluno e Feltre), che rivestono un ruolo di primo piano nella promozione e sostegno dell\u2019allattamento al seno: puericultrici, infermiere, ostetriche, ginecologi, pediatri ospedalieri e di libera scelta, anestesisti, operatori socio-sanitari, Direzione Medica di Ospedale, Farmacisti e da una rappresentanza di mamme.<\/p>\n<p>&nbsp;<\/p>\n<p>&nbsp;<\/p>\n<hr \/>\n<p>&nbsp;<\/p>\n<blockquote>\n<h3>IERI LA GIORNATA MONDIALE DELL&#8217;IPERTENSIONE<\/h3>\n<\/blockquote>\n<p><strong>BELLUNO <\/strong>Ieri la giornata mondiale dell\u2019ipertensione. L\u2019Ipertensione arteriosa costituisce uno dei principali fattori di rischio di importanti malattie cardio-cerebrovascolari e presenta, in provincia di Belluno, una casistica stimata di oltre 35 mila persone, con gradiente crescente dettato dall\u2019et\u00e0. L\u2019individuazione dei soggetti ipertesi ed il conseguente trattamento afferiscono ad un\u2019ampia rete assistenziale che coinvolge i medici di medicina generale, le strutture specialistiche ospedaliere, le farmacie, etc. I soggetti ipertesi oltre al trattamento della malattia (farmacologico e non farmacologico) traggono grande beneficio da stili di vita salutari che riducono essi stessi il rilievo dell\u2019ipertensione e il suo impatto sul rischio cardio-cerebrovascolare.<\/p>\n<p>&nbsp;<\/p>\n<p>&nbsp;<\/p>\n<hr \/>\n<p>&nbsp;<\/p>\n<blockquote>\n<h3>BOLLINI ROSA: L\u2019ULSS DOLOMITI RINNOVA L\u2019ACCREDITAMENTO<\/h3>\n<\/blockquote>\n<p><strong><a class=\"dt-pswp-item\" href=\"https:\/\/www.radiopiu.net\/wordpress\/wp-content\/uploads\/2021\/03\/ULSS-1.jpg\" data-dt-img-description=\"\" data-large_image_width=\"776\" data-large_image_height=\"408\"><img loading=\"lazy\" decoding=\"async\" class=\" wp-image-198838 alignleft\" src=\"https:\/\/www.radiopiu.net\/wordpress\/wp-content\/uploads\/2021\/03\/ULSS-1-300x158.jpg\" alt=\"\" width=\"142\" height=\"75\" srcset=\"https:\/\/www.radiopiu.net\/wordpress\/wp-content\/uploads\/2021\/03\/ULSS-1-300x158.jpg 300w, https:\/\/www.radiopiu.net\/wordpress\/wp-content\/uploads\/2021\/03\/ULSS-1-768x404.jpg 768w, https:\/\/www.radiopiu.net\/wordpress\/wp-content\/uploads\/2021\/03\/ULSS-1.jpg 776w\" sizes=\"auto, (max-width: 142px) 100vw, 142px\" \/><\/a>BELLUNO <\/strong>Gli ospedali di Belluno e di Feltre hanno intrapreso il percorso di rinnovo dell\u2019accreditamento \u201cBollini rosa\u201d anche per il biennio 2023-25. I Bollini rosa sono assegnati dalla Fondazione Onda agli ospedali impegnati nella promozione della medicina di genere che si distinguono per l\u2019offerta di servizi dedicati alla prevenzione, diagnosi e cura delle principali patologie non solo femminili. Il percorso \u201cbollini rosa\u201d offre l\u2019occasione per promuovere un approccio a misura di donna, mettendo in luce percorsi e offrendo servizi pensati per la salute femminile. La rete ONDA, inoltre, consente uno scambio con altre strutture ospedaliere con l\u2019obbiettivo di sensibilizzare e avvicinare a diagnosi e cure appropriate.<\/p>\n<p>&nbsp;<\/p>\n<p>&nbsp;<\/p>\n<hr \/>\n<p>&nbsp;<\/p>\n<blockquote>\n<h3>I LABORATORI ESTIVI GRATUITI PER RAGAZZE E RAGAZZI DAI 14 AI 25 ANNI SULLA COMUNICAZIONE DIGITALE<\/h3>\n<\/blockquote>\n<p><strong><a class=\"dt-pswp-item\" href=\"https:\/\/www.radiopiu.net\/wordpress\/wp-content\/uploads\/2020\/04\/computer.jpg\" data-dt-img-description=\"\" data-large_image_width=\"1920\" data-large_image_height=\"1255\"><img loading=\"lazy\" decoding=\"async\" class=\" wp-image-126976 alignleft\" src=\"https:\/\/www.radiopiu.net\/wordpress\/wp-content\/uploads\/2020\/04\/computer-300x196.jpg\" alt=\"\" width=\"135\" height=\"88\" srcset=\"https:\/\/www.radiopiu.net\/wordpress\/wp-content\/uploads\/2020\/04\/computer-300x196.jpg 300w, https:\/\/www.radiopiu.net\/wordpress\/wp-content\/uploads\/2020\/04\/computer-1024x669.jpg 1024w, https:\/\/www.radiopiu.net\/wordpress\/wp-content\/uploads\/2020\/04\/computer-768x502.jpg 768w, https:\/\/www.radiopiu.net\/wordpress\/wp-content\/uploads\/2020\/04\/computer-1536x1004.jpg 1536w, https:\/\/www.radiopiu.net\/wordpress\/wp-content\/uploads\/2020\/04\/computer.jpg 1920w\" sizes=\"auto, (max-width: 135px) 100vw, 135px\" \/><\/a>FELTRE <\/strong>E\u2019 ai nastri di partenza una uova iniziativa del progetto &#8220;Facciamo centro!&#8221;, che rientra nei Piani dei Intervento in materia di Politiche giovanili \u201cGiovani in Loco \u2013 Gil\u201d. Diversi gli obiettivi di DIGITAL WEEK, i laboratori estivi, a partecipazione gratuita, pensati per ragazze e ragazzi dai 14 ai 25 anni sulla comunicazione digitale: far acquisire ai partecipanti maggior consapevolezza dei rischi e delle potenzialit\u00e0 dei Social con concetti base di <em>brand identity<\/em> e comunicazione online; fornire le basi della grafica: uso del colore, tipi di grafica (vettoriale vs raster), punti e pixel, formati immagine; tipografia (tipologie ed utilizzo dei font);\u00a0fornire la capacit\u00e0 di utilizzo di un semplice tool di grafica online: Canva; dare ai ragazzi la capacit\u00e0 di gestione del proprio profilo Instagram e di costruzione di testi per post di Instagram. Una delle finalit\u00e0 del percorso sar\u00e0 quindi quella di educare all\u2019uso sano, sicuro, legale e consapevole dei social, focalizzandosi in particolare su uno dei pi\u00f9 utilizzati dai giovani ovvero appunto Instagram, impostando gi\u00e0 da subito correttamente la propria identit\u00e0 digitale.<\/p>\n<p>&nbsp;<\/p>\n<p>&nbsp;<\/p>\n<hr \/>\n<p>&nbsp;<\/p>\n<blockquote>\n<h3>OBBLIGO DI RINNOVO PATENTINI F-GAS<\/h3>\n<\/blockquote>\n<p><strong><a class=\"dt-pswp-item\" href=\"https:\/\/www.radiopiu.net\/wordpress\/wp-content\/uploads\/2023\/05\/Marta-Poletti.jpg\" data-dt-img-description=\"\" data-large_image_width=\"1080\" data-large_image_height=\"2340\"><img loading=\"lazy\" decoding=\"async\" class=\"wp-image-336238 alignleft\" src=\"https:\/\/www.radiopiu.net\/wordpress\/wp-content\/uploads\/2023\/05\/Marta-Poletti-138x300.jpg\" alt=\"\" width=\"66\" height=\"143\" srcset=\"https:\/\/www.radiopiu.net\/wordpress\/wp-content\/uploads\/2023\/05\/Marta-Poletti-138x300.jpg 138w, https:\/\/www.radiopiu.net\/wordpress\/wp-content\/uploads\/2023\/05\/Marta-Poletti-473x1024.jpg 473w, https:\/\/www.radiopiu.net\/wordpress\/wp-content\/uploads\/2023\/05\/Marta-Poletti-768x1664.jpg 768w, https:\/\/www.radiopiu.net\/wordpress\/wp-content\/uploads\/2023\/05\/Marta-Poletti-709x1536.jpg 709w, https:\/\/www.radiopiu.net\/wordpress\/wp-content\/uploads\/2023\/05\/Marta-Poletti-945x2048.jpg 945w, https:\/\/www.radiopiu.net\/wordpress\/wp-content\/uploads\/2023\/05\/Marta-Poletti.jpg 1080w\" sizes=\"auto, (max-width: 66px) 100vw, 66px\" \/><\/a>BELLUNO <\/strong>Aggiornamento obbligatorio per imprese e liberi professionisti che vengono a contatto con gas fluorurati: \u00e8 Appia Cna Belluno a ricordare l&#8217;importante scadenza della certificazione F-Gas nel 2023, fattore che interessa in particolare installatori e manutentori di impianti di refrigerazione, condizionamento e pompe di calore, ma anche di apparecchiature di protezione antincendio (estintori o impianti fissi): un bacino bellunese di oltre 172 soggetti (sono 27 mila sul territorio nazionale), di cui una settantina con scadenza nel 2023 (dati da Registro F-gas). Si dovr\u00e0 dunque adempiere a questo obbligo di certificazione previsto per legge, che interessa quanti esercitano un effettivo controllo sul funzionamento tecnico dei prodotti e delle apparecchiature contenenti gas fluorurati ad effetto serra, siano essi dipendenti di azienda o professionisti.<\/p>\n<p>&nbsp;<\/p>\n<p>&nbsp;<\/p>\n<hr \/>\n<p>&nbsp;<\/p>\n<blockquote>\n<h3>A MIG 2023 UNA OFFERTA COMPLETA PER LA MODERNA GELATERIA<\/h3>\n<\/blockquote>\n<p><strong><a class=\"dt-pswp-item\" href=\"https:\/\/www.radiopiu.net\/wordpress\/wp-content\/uploads\/2023\/05\/Immagini-da-MIG2022.jpg\" data-dt-img-description=\"\" data-large_image_width=\"2500\" data-large_image_height=\"1576\"><img loading=\"lazy\" decoding=\"async\" class=\" wp-image-336260 alignleft\" src=\"https:\/\/www.radiopiu.net\/wordpress\/wp-content\/uploads\/2023\/05\/Immagini-da-MIG2022-300x189.jpg\" alt=\"\" width=\"138\" height=\"87\" srcset=\"https:\/\/www.radiopiu.net\/wordpress\/wp-content\/uploads\/2023\/05\/Immagini-da-MIG2022-300x189.jpg 300w, https:\/\/www.radiopiu.net\/wordpress\/wp-content\/uploads\/2023\/05\/Immagini-da-MIG2022-1024x646.jpg 1024w, https:\/\/www.radiopiu.net\/wordpress\/wp-content\/uploads\/2023\/05\/Immagini-da-MIG2022-768x484.jpg 768w, https:\/\/www.radiopiu.net\/wordpress\/wp-content\/uploads\/2023\/05\/Immagini-da-MIG2022-1536x968.jpg 1536w, https:\/\/www.radiopiu.net\/wordpress\/wp-content\/uploads\/2023\/05\/Immagini-da-MIG2022-2048x1291.jpg 2048w\" sizes=\"auto, (max-width: 138px) 100vw, 138px\" \/><\/a>LONGARONE <\/strong>A Longarone Fiere Dolomiti fervono le attivit\u00e0 finalizzate ad organizzare nel migliore dei modi la prossima 63esima MIG \u2013 Mostra Internazionale del Gelato Artigianale, in programma dal 26 al 29 novembre 2023. \u00c8 in pieno svolgimento la raccolta delle adesioni delle aziende espositrici; si pu\u00f2 gi\u00e0 affermare che la prossima edizione della storica rassegna offrir\u00e0 ai visitatori un panorama esauriente e completo in quanto a prodotti, macchine, attrezzature, arredi, accessori e servizi per la gelateria. A proposito di visitatori, il presidente della fiera, Michele Dal Farra, conferma che a MIG 2023 saranno ammessi soltanto agli operatori di settore. \u201c<em>La decisione di non consentire l\u2019ingresso, come in passato, al pubblico generico <\/em>\u2013 sottolinea il presidente \u2013 <em>sta incontrando il pieno favore delle aziende che apprezzano lo sforzo della Fiera per rendere l\u2019evento altamente professionale e produttivo<\/em>\u201d.<\/p>\n<p>&nbsp;<\/p>\n<p>&nbsp;<\/p>\n<hr \/>\n<p>&nbsp;<\/p>\n<blockquote>\n<h3>OLTRE UN CENTINAIO I PARTECIPANTI AL CONCORSO \u201c\u00c8 TUTTA UNA MONTATURA!\u201d<\/h3>\n<\/blockquote>\n<p><strong>BELLUNO <\/strong>Un concorso per far crescere insieme mondo della scuola e occhiale: \u00e8 giunto alla sua seconda edizione \u201c\u00c8 tutta una montatura!\u201d, iniziativa voluta da Sipao, la sezione di Confindustria Belluno Dolomiti che riunisce le occhialerie, e dal Gruppo Giovani Imprenditori. Oltre un centinaio i partecipanti, tutti studenti e studentesse provenienti dal secondo anno della scuola secondaria di primo grado: le premiazioni si sono tenute nei giorni scorsi con Lara Franzoia, presidente Sipao, Marco Da Rin Zanco, presidente Gruppo Giovani, Laura Trevisson, vice presidente Gruppo Giovani e Luca Anselmi, consigliere Gruppo Giovani, che hanno voluto toccare con mano la bont\u00e0 degli elaborati e incontrare i ragazzi. La Commissione valutatrice, tra tutti i lavori pervenuti ha selezionato i 3 pi\u00f9 meritevoli: i \u201cI magnifici 6\u201d della 2B dell&#8217;Istituto Comprensivo di Feltre, il \u201cGruppo 3\u201d della 2B dell&#8217;Istituto Comprensivo di Belluno e i \u201cThe Wolf\u201d dell&#8217;Istituto Comprensivo Tina Merlin. Le tre classi vincitrici hanno ricevuto un premio di 500 euro da usare per sostenere le spese del viaggio di istruzione o, in alternativa, per l\u2019acquisto di fornitura di materiali per la didattica, lo sport, la cultura.<\/p>\n<p><strong>I VINCITORI<\/strong><\/p>\n\n\t\t\t<style type='text\/css'>\n\t\t\t\t#gallery-2 {\n\t\t\t\t\tmargin: auto;\n\t\t\t\t}\n\t\t\t\t#gallery-2 .gallery-item {\n\t\t\t\t\tfloat: left;\n\t\t\t\t\tmargin-top: 10px;\n\t\t\t\t\ttext-align: center;\n\t\t\t\t\twidth: 33%;\n\t\t\t\t}\n\t\t\t\t#gallery-2 img {\n\t\t\t\t\tborder: 2px solid #cfcfcf;\n\t\t\t\t}\n\t\t\t\t#gallery-2 .gallery-caption {\n\t\t\t\t\tmargin-left: 0;\n\t\t\t\t}\n\t\t\t\t\/* see gallery_shortcode() in wp-includes\/media.php *\/\n\t\t\t<\/style>\n\t\t<div id='gallery-2' class='dt-gallery-container gallery galleryid-336193 gallery-columns-3 gallery-size-medium'><dl class='gallery-item'>\n\t\t\t\t<dt class='gallery-icon landscape'>\n\t\t\t\t\t<a class=\"rollover rollover-zoom dt-pswp-item\" title=\"Gruppo 3-IC1 Belluno\" data-dt-img-description=\"\" data-large_image_width=\"2064\" data-large_image_height=\"978\"href='https:\/\/www.radiopiu.net\/wordpress\/wp-content\/uploads\/2023\/05\/Gruppo-3-IC1-Belluno.jpg'><img loading=\"lazy\" decoding=\"async\" width=\"300\" height=\"142\" src=\"https:\/\/www.radiopiu.net\/wordpress\/wp-content\/uploads\/2023\/05\/Gruppo-3-IC1-Belluno-300x142.jpg\" class=\"attachment-medium size-medium\" alt=\"\" srcset=\"https:\/\/www.radiopiu.net\/wordpress\/wp-content\/uploads\/2023\/05\/Gruppo-3-IC1-Belluno-300x142.jpg 300w, https:\/\/www.radiopiu.net\/wordpress\/wp-content\/uploads\/2023\/05\/Gruppo-3-IC1-Belluno-1024x485.jpg 1024w, https:\/\/www.radiopiu.net\/wordpress\/wp-content\/uploads\/2023\/05\/Gruppo-3-IC1-Belluno-768x364.jpg 768w, https:\/\/www.radiopiu.net\/wordpress\/wp-content\/uploads\/2023\/05\/Gruppo-3-IC1-Belluno-1536x728.jpg 1536w, https:\/\/www.radiopiu.net\/wordpress\/wp-content\/uploads\/2023\/05\/Gruppo-3-IC1-Belluno-2048x970.jpg 2048w\" sizes=\"auto, (max-width: 300px) 100vw, 300px\" \/><\/a>\n\t\t\t\t<\/dt><\/dl><dl class='gallery-item'>\n\t\t\t\t<dt class='gallery-icon portrait'>\n\t\t\t\t\t<a class=\"rollover rollover-zoom dt-pswp-item\" title=\"I Magnifici 6 - IC Feltre\" data-dt-img-description=\"\" data-large_image_width=\"1920\" data-large_image_height=\"2560\"href='https:\/\/www.radiopiu.net\/wordpress\/wp-content\/uploads\/2023\/05\/I-Magnifici-6-IC-Feltre-scaled.jpg'><img loading=\"lazy\" decoding=\"async\" width=\"225\" height=\"300\" src=\"https:\/\/www.radiopiu.net\/wordpress\/wp-content\/uploads\/2023\/05\/I-Magnifici-6-IC-Feltre-225x300.jpg\" class=\"attachment-medium size-medium\" alt=\"\" srcset=\"https:\/\/www.radiopiu.net\/wordpress\/wp-content\/uploads\/2023\/05\/I-Magnifici-6-IC-Feltre-225x300.jpg 225w, https:\/\/www.radiopiu.net\/wordpress\/wp-content\/uploads\/2023\/05\/I-Magnifici-6-IC-Feltre-768x1024.jpg 768w, https:\/\/www.radiopiu.net\/wordpress\/wp-content\/uploads\/2023\/05\/I-Magnifici-6-IC-Feltre-1152x1536.jpg 1152w, https:\/\/www.radiopiu.net\/wordpress\/wp-content\/uploads\/2023\/05\/I-Magnifici-6-IC-Feltre-1536x2048.jpg 1536w, https:\/\/www.radiopiu.net\/wordpress\/wp-content\/uploads\/2023\/05\/I-Magnifici-6-IC-Feltre-scaled.jpg 1920w\" sizes=\"auto, (max-width: 225px) 100vw, 225px\" \/><\/a>\n\t\t\t\t<\/dt><\/dl><dl class='gallery-item'>\n\t\t\t\t<dt class='gallery-icon landscape'>\n\t\t\t\t\t<a class=\"rollover rollover-zoom dt-pswp-item\" title=\"The Wolf - IC Tina Merlin\" data-dt-img-description=\"\" data-large_image_width=\"2064\" data-large_image_height=\"978\"href='https:\/\/www.radiopiu.net\/wordpress\/wp-content\/uploads\/2023\/05\/The-Wolf-IC-Tina-Merlin.jpg'><img loading=\"lazy\" decoding=\"async\" width=\"300\" height=\"142\" src=\"https:\/\/www.radiopiu.net\/wordpress\/wp-content\/uploads\/2023\/05\/The-Wolf-IC-Tina-Merlin-300x142.jpg\" class=\"attachment-medium size-medium\" alt=\"\" srcset=\"https:\/\/www.radiopiu.net\/wordpress\/wp-content\/uploads\/2023\/05\/The-Wolf-IC-Tina-Merlin-300x142.jpg 300w, https:\/\/www.radiopiu.net\/wordpress\/wp-content\/uploads\/2023\/05\/The-Wolf-IC-Tina-Merlin-1024x485.jpg 1024w, https:\/\/www.radiopiu.net\/wordpress\/wp-content\/uploads\/2023\/05\/The-Wolf-IC-Tina-Merlin-768x364.jpg 768w, https:\/\/www.radiopiu.net\/wordpress\/wp-content\/uploads\/2023\/05\/The-Wolf-IC-Tina-Merlin-1536x728.jpg 1536w, https:\/\/www.radiopiu.net\/wordpress\/wp-content\/uploads\/2023\/05\/The-Wolf-IC-Tina-Merlin-2048x970.jpg 2048w\" sizes=\"auto, (max-width: 300px) 100vw, 300px\" \/><\/a>\n\t\t\t\t<\/dt><\/dl><br style=\"clear: both\" \/>\n\t\t\t<\/div>\n\n<p>&nbsp;<\/p>\n<hr \/>\n<p>&nbsp;<\/p>\n<blockquote>\n<h3>CHIUSO IL SENTIERO CAI 551 A LA VALLE<\/h3>\n<\/blockquote>\n<p><strong>LA VALLE AGORDINA<\/strong> Il sentiero CAI 551 \u00e8 stato chiuso tra le localit\u00e0 Forca e Capitel Di Fries per cantiere boschivo. Il tratto rimarr\u00e0 chiuso fino al 01 giugno. Il transito a piedi o con bicicletta \u00e8 consentito solo fino al bivio in localit\u00e0 Forca.<\/p>\n<p>&nbsp;<\/p>\n<p>&nbsp;<\/p>\n<hr \/>\n<p>&nbsp;<\/p>\n<p><span style=\"color: #ff0000;\"><strong>SCEGLI\u00a0 E AIUTA I VOLONTARI DEL\u00a0 TUO TERRITORIO!\u00a0<\/strong><\/span><\/p>\n<p><strong>\u00a0DI GIANNI SANTOMASO\u00a0<\/strong><\/p>\n<audio class=\"wp-audio-shortcode\" id=\"audio-336193-6\" preload=\"none\" style=\"width: 100%;\" controls=\"controls\"><source type=\"audio\/mpeg\" src=\"https:\/\/www.radiopiu.net\/wordpress\/wp-content\/uploads\/2023\/05\/CROCE-VERDE.mp3?_=6\" \/><a href=\"https:\/\/www.radiopiu.net\/wordpress\/wp-content\/uploads\/2023\/05\/CROCE-VERDE.mp3\">https:\/\/www.radiopiu.net\/wordpress\/wp-content\/uploads\/2023\/05\/CROCE-VERDE.mp3<\/a><\/audio>\n\n\t\t\t<style type='text\/css'>\n\t\t\t\t#gallery-3 {\n\t\t\t\t\tmargin: auto;\n\t\t\t\t}\n\t\t\t\t#gallery-3 .gallery-item {\n\t\t\t\t\tfloat: left;\n\t\t\t\t\tmargin-top: 10px;\n\t\t\t\t\ttext-align: center;\n\t\t\t\t\twidth: 100%;\n\t\t\t\t}\n\t\t\t\t#gallery-3 img {\n\t\t\t\t\tborder: 2px solid #cfcfcf;\n\t\t\t\t}\n\t\t\t\t#gallery-3 .gallery-caption {\n\t\t\t\t\tmargin-left: 0;\n\t\t\t\t}\n\t\t\t\t\/* see gallery_shortcode() in wp-includes\/media.php *\/\n\t\t\t<\/style>\n\t\t<div id='gallery-3' class='dt-gallery-container gallery galleryid-336193 gallery-columns-1 gallery-size-medium'><dl class='gallery-item'>\n\t\t\t\t<dt class='gallery-icon portrait'>\n\t\t\t\t\t<a class=\"rollover rollover-zoom dt-pswp-item\" title=\"99993023-0a27-4b3d-9b23-3e74404ba1a3\" data-dt-img-description=\"\" data-large_image_width=\"715\" data-large_image_height=\"1024\"href='https:\/\/www.radiopiu.net\/wordpress\/wp-content\/uploads\/2023\/05\/99993023-0a27-4b3d-9b23-3e74404ba1a3.jpg'><img loading=\"lazy\" decoding=\"async\" width=\"209\" height=\"300\" src=\"https:\/\/www.radiopiu.net\/wordpress\/wp-content\/uploads\/2023\/05\/99993023-0a27-4b3d-9b23-3e74404ba1a3-209x300.jpg\" class=\"attachment-medium size-medium\" alt=\"\" srcset=\"https:\/\/www.radiopiu.net\/wordpress\/wp-content\/uploads\/2023\/05\/99993023-0a27-4b3d-9b23-3e74404ba1a3-209x300.jpg 209w, https:\/\/www.radiopiu.net\/wordpress\/wp-content\/uploads\/2023\/05\/99993023-0a27-4b3d-9b23-3e74404ba1a3.jpg 715w\" sizes=\"auto, (max-width: 209px) 100vw, 209px\" \/><\/a>\n\t\t\t\t<\/dt><\/dl><br style=\"clear: both\" \/>\n\t\t\t<\/div>\n\n<p>&nbsp;<\/p>\n<hr \/>\n<p>&nbsp;<\/p>\n<blockquote>\n<h3>OTTO PUNTI DA DISCUTERE NEL CONSIGLIO COMUNALE DI VOLTAGO<\/h3>\n<\/blockquote>\n<p><strong>VOLTAGO <\/strong>Il sindaco di Voltago Giuseppe Schena ha convocato il consiglio comunale per luned\u00ec alle 18. Saranno otto i punti da trattare con i consiglieri comunali. Tra questi l&#8217;approvazione del rendiconto della gestione di esercizio 2022, una variazione a bilancio, la concessione a titolo gratuito di immobili comunali destinati ad ecocentro, il recesso del comune di Voltago come socio della Casa di Soggiorno di Taibon e la fusione tra Bim GSP e Bim Infrastrutture.<\/p>\n<p>&nbsp;<\/p>\n<p>&nbsp;<\/p>\n<hr \/>\n<p>&nbsp;<\/p>\n<blockquote>\n<h3><a class=\"dt-pswp-item\" href=\"https:\/\/www.radiopiu.net\/wordpress\/wp-content\/uploads\/2022\/11\/CENCENIGHE-NOF-FILO.png\" data-dt-img-description=\"\" data-large_image_width=\"1494\" data-large_image_height=\"962\"><img loading=\"lazy\" decoding=\"async\" class=\"wp-image-308445 alignleft\" src=\"https:\/\/www.radiopiu.net\/wordpress\/wp-content\/uploads\/2022\/11\/CENCENIGHE-NOF-FILO-300x193.png\" alt=\"\" width=\"180\" height=\"116\" srcset=\"https:\/\/www.radiopiu.net\/wordpress\/wp-content\/uploads\/2022\/11\/CENCENIGHE-NOF-FILO-300x193.png 300w, https:\/\/www.radiopiu.net\/wordpress\/wp-content\/uploads\/2022\/11\/CENCENIGHE-NOF-FILO-1024x659.png 1024w, https:\/\/www.radiopiu.net\/wordpress\/wp-content\/uploads\/2022\/11\/CENCENIGHE-NOF-FILO-768x495.png 768w, https:\/\/www.radiopiu.net\/wordpress\/wp-content\/uploads\/2022\/11\/CENCENIGHE-NOF-FILO.png 1494w\" sizes=\"auto, (max-width: 180px) 100vw, 180px\" \/><\/a>IL GIURAMENTO DEL SINDACO<\/h3>\n<\/blockquote>\n<p><strong>CENCENIGHE<\/strong> Non ha perso tempo il sindaco uscente Mauro Soppelsa, ha gi\u00e0 scelto la data e convocato i consiglieri per il primo consiglio di legislatura. E&#8217; in programma per martedi 23 maggio in Municipio. Oltre al giuramento del sindaco, presentazione delle linee programmatiche e nomina delle commissioni i consiglieri daranno seguito ai lavori gi\u00e0 avviati\u00a0 come il\u00a0 recesso del Comune dalla Casa di Soggiorno di Taibon.<\/p>\n<p>&nbsp;<\/p>\n<p>&nbsp;<\/p>\n<hr \/>\n<p>&nbsp;<\/p>\n<blockquote>\n<h3>ASPETTANDO IL GIRO D&#8217;ITALIA CON L&#8217;ULSS 1 DOLOMITI E STEFANO GASPERIN, DIRETTORE DEL PRONTO SOCCORSO DI AGORDO<\/h3>\n<\/blockquote>\n<p><strong>BELLUNO <\/strong>Ecco il benvenuto al <span class=\"xt0psk2\">Giro d&#8217;Italia<\/span> del direttore del Pronto Soccorso di Agordo Stefano Gasperin, qui in veste di ciclista.<\/p>\n<div style=\"width: 848px;\" class=\"wp-video\"><video class=\"wp-video-shortcode\" id=\"video-336193-2\" width=\"848\" height=\"480\" preload=\"metadata\" controls=\"controls\"><source type=\"video\/mp4\" src=\"https:\/\/www.radiopiu.net\/wordpress\/wp-content\/uploads\/2023\/05\/WhatsApp-Video-2023-05-15-at-17.08.25.mp4?_=2\" \/><a href=\"https:\/\/www.radiopiu.net\/wordpress\/wp-content\/uploads\/2023\/05\/WhatsApp-Video-2023-05-15-at-17.08.25.mp4\">https:\/\/www.radiopiu.net\/wordpress\/wp-content\/uploads\/2023\/05\/WhatsApp-Video-2023-05-15-at-17.08.25.mp4<\/a><\/video><\/div>\n<p>&nbsp;<\/p>\n<p>&nbsp;<\/p>\n<hr \/>\n<blockquote>\n<h2><\/h2>\n<h2>SICUREZZA IN BICICLETTA CON BRUSEGHIN<\/h2>\n<\/blockquote>\n<p><strong>BELLUNO\u00a0 <\/strong>Il Giro d&#8217;Italia non \u00e8 solo un evento sportivo, ma anche un&#8217;opportunit\u00e0 per promuovere la sicurezza stradale e l&#8217;impegno sociale per i ciclisti. In vista della tappa Longarone-Tre Cime di Lavaredo, il comitato organizzatore ha organizzato una serie di incontri nelle scuole per sensibilizzare gli studenti sugli accorgimenti da adottare durante gli spostamenti in bicicletta. Gli incontri sono stati condotti dalla Polizia stradale e dal ciclista Marzio Bruseghin, noto campione italiano. Gli studenti sono stati entusiasti di confrontarsi con un grande campione e di apprendere l&#8217;importanza della sicurezza stradale in bicicletta. Successivamente, \u00e8 previsto un pomeriggio di dimostrazioni di sicurezza presso il Villaggio in rosa di Longarone Fiere Dolomiti, in collaborazione con la polizia locale. Sar\u00e0 organizzato un percorso di abilit\u00e0 per i pi\u00f9 giovani e alla fine della giornata verr\u00e0 consegnato loro un speciale patentino. Durante i due giorni del Giro, saranno anche organizzati laboratori creativi per i pi\u00f9 piccoli, proposti da Confartigianato Belluno, che offrir\u00e0 esperienze di lavoro con l&#8217;argilla, il legno, la pasticceria e il cucito.<\/p>\n<div class=\"flex-1 overflow-hidden\">\n<div class=\"react-scroll-to-bottom--css-kwbhb-79elbk h-full dark:bg-gray-800\">\n<div class=\"react-scroll-to-bottom--css-kwbhb-1n7m0yu\">\n<div class=\"flex flex-col items-center text-sm dark:bg-gray-800\">\n<div class=\"group w-full text-gray-800 dark:text-gray-100 border-b border-black\/10 dark:border-gray-900\/50 bg-gray-50 dark:bg-[#444654]\">\n<div class=\"flex p-4 gap-4 text-base md:gap-6 md:max-w-2xl lg:max-w-xl xl:max-w-3xl md:py-6 lg:px-0 m-auto\">\n<div class=\"relative flex w-[calc(100%-50px)] flex-col gap-1 md:gap-3 lg:w-[calc(100%-115px)]\">\n<div class=\"flex justify-between lg:block\">\n<div class=\"text-xs flex items-center justify-center gap-1 self-center pt-2 !invisible\"><\/div>\n<\/div>\n<\/div>\n<\/div>\n<\/div>\n<\/div>\n<\/div>\n<\/div>\n<\/div>\n<div class=\"absolute bottom-0 left-0 w-full border-t md:border-t-0 dark:border-white\/20 md:border-transparent md:dark:border-transparent md:bg-vert-light-gradient bg-white dark:bg-gray-800 md:!bg-transparent dark:md:bg-vert-dark-gradient pt-2\">\n<form class=\"stretch mx-2 flex flex-row gap-3 last:mb-2 md:mx-4 md:last:mb-6 lg:mx-auto lg:max-w-2xl xl:max-w-3xl\">\n<div class=\"relative flex h-full flex-1 items-stretch md:flex-col\">\n<div class=\"\">\n<div class=\"h-full flex ml-1 md:w-full md:m-auto md:mb-2 gap-0 md:gap-2 justify-center\">\n\n\t\t\t<style type='text\/css'>\n\t\t\t\t#gallery-4 {\n\t\t\t\t\tmargin: auto;\n\t\t\t\t}\n\t\t\t\t#gallery-4 .gallery-item {\n\t\t\t\t\tfloat: left;\n\t\t\t\t\tmargin-top: 10px;\n\t\t\t\t\ttext-align: center;\n\t\t\t\t\twidth: 50%;\n\t\t\t\t}\n\t\t\t\t#gallery-4 img {\n\t\t\t\t\tborder: 2px solid #cfcfcf;\n\t\t\t\t}\n\t\t\t\t#gallery-4 .gallery-caption {\n\t\t\t\t\tmargin-left: 0;\n\t\t\t\t}\n\t\t\t\t\/* see gallery_shortcode() in wp-includes\/media.php *\/\n\t\t\t<\/style>\n\t\t<div id='gallery-4' class='dt-gallery-container gallery galleryid-336193 gallery-columns-2 gallery-size-medium'><dl class='gallery-item'>\n\t\t\t\t<dt class='gallery-icon landscape'>\n\t\t\t\t\t<a class=\"rollover rollover-zoom dt-pswp-item\" title=\"Educazione stradale alle scuole di Ponte nelle Alpi\" data-dt-img-description=\"\" data-large_image_width=\"1531\" data-large_image_height=\"1078\"href='https:\/\/www.radiopiu.net\/wordpress\/wp-content\/uploads\/2023\/05\/Educazione-stradale-alle-scuole-di-Ponte-nelle-Alpi.jpg'><img loading=\"lazy\" decoding=\"async\" width=\"300\" height=\"211\" src=\"https:\/\/www.radiopiu.net\/wordpress\/wp-content\/uploads\/2023\/05\/Educazione-stradale-alle-scuole-di-Ponte-nelle-Alpi-300x211.jpg\" class=\"attachment-medium size-medium\" alt=\"\" srcset=\"https:\/\/www.radiopiu.net\/wordpress\/wp-content\/uploads\/2023\/05\/Educazione-stradale-alle-scuole-di-Ponte-nelle-Alpi-300x211.jpg 300w, https:\/\/www.radiopiu.net\/wordpress\/wp-content\/uploads\/2023\/05\/Educazione-stradale-alle-scuole-di-Ponte-nelle-Alpi-1024x721.jpg 1024w, https:\/\/www.radiopiu.net\/wordpress\/wp-content\/uploads\/2023\/05\/Educazione-stradale-alle-scuole-di-Ponte-nelle-Alpi-768x541.jpg 768w, https:\/\/www.radiopiu.net\/wordpress\/wp-content\/uploads\/2023\/05\/Educazione-stradale-alle-scuole-di-Ponte-nelle-Alpi.jpg 1531w\" sizes=\"auto, (max-width: 300px) 100vw, 300px\" \/><\/a>\n\t\t\t\t<\/dt><\/dl><dl class='gallery-item'>\n\t\t\t\t<dt class='gallery-icon landscape'>\n\t\t\t\t\t<a class=\"rollover rollover-zoom dt-pswp-item\" title=\"In bici in sicurezza con la Polizia stradale e Bruseghin\" data-dt-img-description=\"\" data-large_image_width=\"1351\" data-large_image_height=\"858\"href='https:\/\/www.radiopiu.net\/wordpress\/wp-content\/uploads\/2023\/05\/In-bici-in-sicurezza-con-la-Polizia-stradale-e-Bruseghin.jpg'><img loading=\"lazy\" decoding=\"async\" width=\"300\" height=\"191\" src=\"https:\/\/www.radiopiu.net\/wordpress\/wp-content\/uploads\/2023\/05\/In-bici-in-sicurezza-con-la-Polizia-stradale-e-Bruseghin-300x191.jpg\" class=\"attachment-medium size-medium\" alt=\"\" srcset=\"https:\/\/www.radiopiu.net\/wordpress\/wp-content\/uploads\/2023\/05\/In-bici-in-sicurezza-con-la-Polizia-stradale-e-Bruseghin-300x191.jpg 300w, https:\/\/www.radiopiu.net\/wordpress\/wp-content\/uploads\/2023\/05\/In-bici-in-sicurezza-con-la-Polizia-stradale-e-Bruseghin-1024x650.jpg 1024w, https:\/\/www.radiopiu.net\/wordpress\/wp-content\/uploads\/2023\/05\/In-bici-in-sicurezza-con-la-Polizia-stradale-e-Bruseghin-768x488.jpg 768w, https:\/\/www.radiopiu.net\/wordpress\/wp-content\/uploads\/2023\/05\/In-bici-in-sicurezza-con-la-Polizia-stradale-e-Bruseghin.jpg 1351w\" sizes=\"auto, (max-width: 300px) 100vw, 300px\" \/><\/a>\n\t\t\t\t<\/dt><\/dl><br style=\"clear: both\" \/>\n\t\t\t<\/div>\n\n<p>&nbsp;<\/p>\n<\/div>\n<\/div>\n<\/div>\n<\/form>\n<\/div>\n<hr \/>\n<p>&nbsp;<\/p>\n<h2 align=\"CENTER\"><span style=\"font-size: large;\"><b><a class=\"dt-pswp-item\" href=\"https:\/\/www.radiopiu.net\/wordpress\/wp-content\/uploads\/2023\/05\/corso-affido_maggio-2023.jpg\" data-dt-img-description=\"\" data-large_image_width=\"1240\" data-large_image_height=\"1753\"><img loading=\"lazy\" decoding=\"async\" class=\"size-medium wp-image-335963 alignleft\" src=\"https:\/\/www.radiopiu.net\/wordpress\/wp-content\/uploads\/2023\/05\/corso-affido_maggio-2023-212x300.jpg\" alt=\"\" width=\"212\" height=\"300\" srcset=\"https:\/\/www.radiopiu.net\/wordpress\/wp-content\/uploads\/2023\/05\/corso-affido_maggio-2023-212x300.jpg 212w, https:\/\/www.radiopiu.net\/wordpress\/wp-content\/uploads\/2023\/05\/corso-affido_maggio-2023-724x1024.jpg 724w, https:\/\/www.radiopiu.net\/wordpress\/wp-content\/uploads\/2023\/05\/corso-affido_maggio-2023-768x1086.jpg 768w, https:\/\/www.radiopiu.net\/wordpress\/wp-content\/uploads\/2023\/05\/corso-affido_maggio-2023-1087x1536.jpg 1087w, https:\/\/www.radiopiu.net\/wordpress\/wp-content\/uploads\/2023\/05\/corso-affido_maggio-2023.jpg 1240w\" sizes=\"auto, (max-width: 212px) 100vw, 212px\" \/><\/a>In partenza un corso sull\u2019affido familiare<\/b><\/span><\/h2>\n<p><span style=\"font-size: medium;\"><strong>BELLUNO\u00a0<\/strong>\u00a0<\/span><span style=\"font-size: medium;\">I Centri per l&#8217;Affido e la Solidariet\u00e0 Familiare (CASF) dell&#8217;ULSS 1 Dolomiti \u2013 equipe di Belluno e <\/span><span style=\"font-size: medium;\">Feltre \u2013 organizzano un corso informativo e formativo dedicato all\u2019affido familiare a partire dal 23 maggio a Feltre, rivolto a famiglie, coppie e persone single interessati al tema. <\/span><span style=\"font-size: medium;\">Il corso si terr\u00e0 presso la sede del Consultorio Familiare di Feltre <\/span><b style=\"font-size: medium;\">Nel 2022 sono stati 60 i bambini\/adolescenti accolti in affido familiare nella nostra provincia, in linea con il 2021, di cui 45 in modalit\u00e0 residenziale e 15 in affido diurno. Gli affidi eterofamiliari sono stati 45 e 15 quelli intrafamiliari. <\/b><span style=\"font-size: medium;\">La partecipazione agli incontri \u00e8 gratuita. Per informazioni e <\/span><span style=\"font-size: medium;\"><b>iscrizioni entro il 19 maggio 2023<\/b><\/span><span style=\"font-size: medium;\"> \u00e8 possibile contattare: <\/span><span style=\"font-size: medium;\">CASF DI BELLUNO: 0437 514975 o <\/span><span style=\"font-size: medium;\">\u00a0FELTRE: 0439 883170 <\/span><\/p>\n<p>&nbsp;<\/p>\n<p>&nbsp;<\/p>\n<p>&nbsp;<\/p>\n<p>&nbsp;<\/p>\n<p>&nbsp;<\/p>\n<hr \/>\n<p>&nbsp;<\/p>\n<blockquote>\n<h2><a class=\"dt-pswp-item\" href=\"https:\/\/www.radiopiu.net\/wordpress\/wp-content\/uploads\/2023\/05\/9fef5d60-aa5d-479f-a0a9-a239f83108ef.jpg\" data-dt-img-description=\"\" data-large_image_width=\"1600\" data-large_image_height=\"1200\"><img loading=\"lazy\" decoding=\"async\" class=\"size-medium wp-image-335644 alignleft\" src=\"https:\/\/www.radiopiu.net\/wordpress\/wp-content\/uploads\/2023\/05\/9fef5d60-aa5d-479f-a0a9-a239f83108ef-300x225.jpg\" alt=\"\" width=\"300\" height=\"225\" srcset=\"https:\/\/www.radiopiu.net\/wordpress\/wp-content\/uploads\/2023\/05\/9fef5d60-aa5d-479f-a0a9-a239f83108ef-300x225.jpg 300w, https:\/\/www.radiopiu.net\/wordpress\/wp-content\/uploads\/2023\/05\/9fef5d60-aa5d-479f-a0a9-a239f83108ef-1024x768.jpg 1024w, https:\/\/www.radiopiu.net\/wordpress\/wp-content\/uploads\/2023\/05\/9fef5d60-aa5d-479f-a0a9-a239f83108ef-768x576.jpg 768w, https:\/\/www.radiopiu.net\/wordpress\/wp-content\/uploads\/2023\/05\/9fef5d60-aa5d-479f-a0a9-a239f83108ef-1536x1152.jpg 1536w, https:\/\/www.radiopiu.net\/wordpress\/wp-content\/uploads\/2023\/05\/9fef5d60-aa5d-479f-a0a9-a239f83108ef.jpg 1600w\" sizes=\"auto, (max-width: 300px) 100vw, 300px\" \/><\/a>VENERDI AD ALLEGHE LA PRESENTAZIONE DELLA NUOVA PROLOCO<\/h2>\n<\/blockquote>\n<p><strong>LO SPOT ALLA RADIO<\/strong><\/p>\n<audio class=\"wp-audio-shortcode\" id=\"audio-336193-7\" preload=\"none\" style=\"width: 100%;\" controls=\"controls\"><source type=\"audio\/mpeg\" src=\"https:\/\/www.radiopiu.net\/wordpress\/wp-content\/uploads\/2023\/05\/PROMO-PRO-LOCO-ALLEGHE-2023.mp3?_=7\" \/><a href=\"https:\/\/www.radiopiu.net\/wordpress\/wp-content\/uploads\/2023\/05\/PROMO-PRO-LOCO-ALLEGHE-2023.mp3\">https:\/\/www.radiopiu.net\/wordpress\/wp-content\/uploads\/2023\/05\/PROMO-PRO-LOCO-ALLEGHE-2023.mp3<\/a><\/audio>\n<p>&nbsp;<\/p>\n<hr \/>\n<p>&nbsp;<\/p>\n<h2><span style=\"color: #008080;\">IERI ALLA RADIO<\/span><\/h2>\n<h2><span style=\"color: #00ccff;\">DOLOMITI SUPERSKI, ANZI DOLOMITI SUPERSUMMER: CHE L&#8217;ESTATE ABBIA INIZIO<\/span><\/h2>\n<blockquote><p><em><a class=\"dt-pswp-item\" href=\"https:\/\/www.radiopiu.net\/wordpress\/wp-content\/uploads\/2023\/05\/\u00a9wisthaler.com_22_10_dolomitisuperski_portrait__HW92171.jpg\" data-dt-img-description=\"\" data-large_image_width=\"1400\" data-large_image_height=\"2100\"><img loading=\"lazy\" decoding=\"async\" class=\" wp-image-336233 alignleft\" src=\"https:\/\/www.radiopiu.net\/wordpress\/wp-content\/uploads\/2023\/05\/\u00a9wisthaler.com_22_10_dolomitisuperski_portrait__HW92171-200x300.jpg\" alt=\"\" width=\"119\" height=\"179\" srcset=\"https:\/\/www.radiopiu.net\/wordpress\/wp-content\/uploads\/2023\/05\/\u00a9wisthaler.com_22_10_dolomitisuperski_portrait__HW92171-200x300.jpg 200w, https:\/\/www.radiopiu.net\/wordpress\/wp-content\/uploads\/2023\/05\/\u00a9wisthaler.com_22_10_dolomitisuperski_portrait__HW92171-683x1024.jpg 683w, https:\/\/www.radiopiu.net\/wordpress\/wp-content\/uploads\/2023\/05\/\u00a9wisthaler.com_22_10_dolomitisuperski_portrait__HW92171-768x1152.jpg 768w, https:\/\/www.radiopiu.net\/wordpress\/wp-content\/uploads\/2023\/05\/\u00a9wisthaler.com_22_10_dolomitisuperski_portrait__HW92171-1024x1536.jpg 1024w, https:\/\/www.radiopiu.net\/wordpress\/wp-content\/uploads\/2023\/05\/\u00a9wisthaler.com_22_10_dolomitisuperski_portrait__HW92171-1365x2048.jpg 1365w, https:\/\/www.radiopiu.net\/wordpress\/wp-content\/uploads\/2023\/05\/\u00a9wisthaler.com_22_10_dolomitisuperski_portrait__HW92171.jpg 1400w\" sizes=\"auto, (max-width: 119px) 100vw, 119px\" \/><\/a>Dopo un breve periodo di pausa, oltre 120 impianti di risalita tornano a girare per la stagione di Dolomiti Supersummer, il prodotto estivo di Dolomiti Superski, con i suoi due format \u201eDolomiti Bike Galaxy&#8221; e \u201eDolomiti Hike Galaxy&#8221;. I primi impianti di risalita sono entrati in funzione lo scorso fine settimana, mentre saranno a disposizione nella loro totalit\u00e0 nei mesi centrali della stagione estiva. Le ultime chiusure sono previste per il 5 di novembre. Si ritorner\u00e0 in pista con gli sci da sabato 25 novembre 2023.<\/em><\/p><\/blockquote>\n<p>di mirko mezzacasa<\/p>\n<p><strong>L&#8217;intervista al Direttore Marketing, Marco Pappalardo<\/strong><\/p>\n<audio class=\"wp-audio-shortcode\" id=\"audio-336193-8\" preload=\"none\" style=\"width: 100%;\" controls=\"controls\"><source type=\"audio\/mpeg\" src=\"https:\/\/www.radiopiu.net\/wordpress\/wp-content\/uploads\/2023\/05\/MARCO-PAPPALARDO.mp3?_=8\" \/><a href=\"https:\/\/www.radiopiu.net\/wordpress\/wp-content\/uploads\/2023\/05\/MARCO-PAPPALARDO.mp3\">https:\/\/www.radiopiu.net\/wordpress\/wp-content\/uploads\/2023\/05\/MARCO-PAPPALARDO.mp3<\/a><\/audio>\n<p>&nbsp;<\/p>\n<h2><a class=\"dt-pswp-item\" href=\"https:\/\/www.radiopiu.net\/wordpress\/wp-content\/uploads\/2022\/11\/scuola-zaino.jpeg\" data-dt-img-description=\"\" data-large_image_width=\"626\" data-large_image_height=\"417\"><img loading=\"lazy\" decoding=\"async\" class=\" wp-image-306830 alignleft\" src=\"https:\/\/www.radiopiu.net\/wordpress\/wp-content\/uploads\/2022\/11\/scuola-zaino-300x200.jpeg\" alt=\"\" width=\"162\" height=\"108\" srcset=\"https:\/\/www.radiopiu.net\/wordpress\/wp-content\/uploads\/2022\/11\/scuola-zaino-300x200.jpeg 300w, https:\/\/www.radiopiu.net\/wordpress\/wp-content\/uploads\/2022\/11\/scuola-zaino.jpeg 626w\" sizes=\"auto, (max-width: 162px) 100vw, 162px\" \/><\/a><span style=\"color: #ff00ff;\">SE NON LA SMETTI TI MANDO DAL PRESIDE<\/span><\/h2>\n<p><strong>di Mirko Mezzacasa<\/strong><\/p>\n<p>con Maria Rosa Salmazo<\/p>\n<audio class=\"wp-audio-shortcode\" id=\"audio-336193-9\" preload=\"none\" style=\"width: 100%;\" controls=\"controls\"><source type=\"audio\/mpeg\" src=\"https:\/\/www.radiopiu.net\/wordpress\/wp-content\/uploads\/2023\/05\/SE-NON-LE-SMETTI-NUMERO-29-PRIMO-DEI-DUE.mp3?_=9\" \/><a href=\"https:\/\/www.radiopiu.net\/wordpress\/wp-content\/uploads\/2023\/05\/SE-NON-LE-SMETTI-NUMERO-29-PRIMO-DEI-DUE.mp3\">https:\/\/www.radiopiu.net\/wordpress\/wp-content\/uploads\/2023\/05\/SE-NON-LE-SMETTI-NUMERO-29-PRIMO-DEI-DUE.mp3<\/a><\/audio>\n<p>&nbsp;<\/p>\n<p>&nbsp;<\/p>\n<hr \/>\n<p>&nbsp;<\/p>\n<h2><span style=\"color: #ff0000;\">GLI APPUNTAMENTI DELLA SETTIMANA<\/span><\/h2>\n<p><strong>BELLUNO<\/strong> Stasera alle 20:30 alla Terrazza panoramica del Bar Cooperativa di Cirvoi a Belluno, si terr\u00e0 la presentazione del volume &#8220;Scaie de Cor, pensieri e parole in dialetto belumat&#8221;.<\/p>\n<p><strong>BELLUNO<\/strong> P<span dir=\"ltr\" role=\"presentation\">resentazione <\/span><span dir=\"ltr\" role=\"presentation\">del libro, scritto da Guglielmo Bongiovanni: \u201cLa trattativa segreta di <\/span><span dir=\"ltr\" role=\"presentation\">Paolo VI &#8211; Aldo Moro non doveva morire. Gli inganni e le bugie della <\/span><span dir=\"ltr\" role=\"presentation\">Gran Loggia del Vaticano\u201d. <\/span><span dir=\"ltr\" role=\"presentation\">L\u2019appuntamento, promosso dalla Fondazione Teatri delle Dolomiti e dal<\/span><br role=\"presentation\" \/><span dir=\"ltr\" role=\"presentation\">Comune di Belluno, \u00e8 per oggi alle 17 in sala Bianchi. A dialogare con l\u2019autore sar\u00e0 il giornalista Marco D\u2019Inc\u00e0: interverr\u00e0 anche il presidente della Fondazione, Massimo Ferigutti.<\/span><\/p>\n<p><strong>LENTIAI<\/strong> Secondo appuntamento di Camminando che si terr\u00e0 questa volta al Centro Polivalente di Lentiai oggi alle 20:45. Il tema sar\u00e0 il Cammino delle Dolomiti, la sua rinascita anche come offerta turistica. Ne parler\u00e0\u00a0 Stefano Perale<\/p>\n<p>&nbsp;<\/p>\n<blockquote class=\"wp-embedded-content\" data-secret=\"WRuHzb7KND\"><p><a href=\"https:\/\/www.radiopiu.net\/wordpress\/la-cota-il-19-maggio-laccensione-della-calchera-de-le-torte-in-valle-di-san-lucano\/\">&#8220;LA COTA&#8221;: IL 19 MAGGIO L&#8217;ACCENSIONE DELLA CALCHERA DE LE TORTE IN VALLE DI SAN LUCANO<\/a><\/p><\/blockquote>\n<p><iframe loading=\"lazy\" class=\"wp-embedded-content\" sandbox=\"allow-scripts\" security=\"restricted\" style=\"position: absolute; clip: rect(1px, 1px, 1px, 1px);\" title=\"&#8220;&#8220;LA COTA&#8221;: IL 19 MAGGIO L&#8217;ACCENSIONE DELLA CALCHERA DE LE TORTE IN VALLE DI SAN LUCANO&#8221; &#8212; Radio Pi\u00f9\" src=\"https:\/\/www.radiopiu.net\/wordpress\/la-cota-il-19-maggio-laccensione-della-calchera-de-le-torte-in-valle-di-san-lucano\/embed\/#?secret=qgUpYERDns#?secret=WRuHzb7KND\" data-secret=\"WRuHzb7KND\" width=\"600\" height=\"338\" frameborder=\"0\" marginwidth=\"0\" marginheight=\"0\" scrolling=\"no\"><\/iframe><\/p>\n<blockquote>\n<h3><\/h3>\n<h3>DUE APPUNTAMENTI CON IL GRUPPO NATURA<\/h3>\n<\/blockquote>\n<p><strong>LENTIAI<\/strong> Domani alle 20.30 presso la societ\u00e0 operaia serata\u00a0 dedicata alla minaccia di estinzione delle api,\u00a0 prevede la presentazione di una serie di articoli sull&#8217;argomento a cura del giornalista Cosentino Domenico e la testimonianza di un apiculture locale, Claudio Mioranza, tecnico apistico che ci presenter\u00e0 la sua esperienza con un video. Secondo appuntamento sabato 27\/05\u00a0 dalle\u00a0 14 con i volontari all&#8217;estirpazione del veratro, pianta infestante, competitrice del narciso<\/p>\n<p>&nbsp;<\/p>\n<p>&nbsp;<\/p>\n<hr \/>\n<p>&nbsp;<\/p>\n<blockquote>\n<h3>DA TERRA DI PARTENZE A TERRA DI APPRODI<\/h3>\n<\/blockquote>\n<p><strong>BELLUNO<\/strong> \u201cDa terra di partenze a terra di approdi\u201d \u00e8 il titolo del secondo appuntamento organizzato dall\u2019Associazione Bellunesi nel Mondo per celebrare il 10\u00b0 anniversario del MiM Belluno &#8211; Museo interattivo delle Migrazioni. Appuntamento direttamente al MIM (c\/o Associazione Bellunesi nel Mondo, via Cavour 3 Belluno) domani alle 18<\/p>\n<p>&nbsp;<\/p>\n<p>&nbsp;<\/p>\n<hr \/>\n<p>&nbsp;<\/p>\n<blockquote>\n<h3>LIMANA AI TEMPI DELLA GRANDE GUERRA<\/h3>\n<\/blockquote>\n<p><strong>LIMANA<\/strong> Comune di Limana e Associazione Bersaglieri Belluno organizzano un fine settimana dedicato alla Prima guerra Mondiale. Domani alle 20:30 una conferenza &#8220;<em style=\"box-sizing: border-box;\">1918: il Battaglione dei Volontari del Col Visentin<\/em>&#8221; a cura del giornalista Roberto De Nart. Sabato una giornata di festa con la fanfara dei Bersaglieri, la rievocazione storica del giuramento del &#8220;<em style=\"box-sizing: border-box;\">Battaglione Volontari Col Visentin 1918<\/em>&#8221; per terminare con il pranzo alla Baita degli Alpini.<\/p>\n<p>&nbsp;<\/p>\n<hr \/>\n<p>&nbsp;<\/p>\n<blockquote>\n<h3>BENVENUTI A CHECCIAVAU, SABATO AL &#8220;SAN FELICE&#8221;<\/h3>\n<h3><a class=\"dt-pswp-item\" href=\"https:\/\/www.radiopiu.net\/wordpress\/wp-content\/uploads\/2023\/05\/02268c73-4ba3-481e-b263-da335a600d24.jpg\" data-dt-img-description=\"\" data-large_image_width=\"1131\" data-large_image_height=\"1600\"><img loading=\"lazy\" decoding=\"async\" class=\" wp-image-335930 alignleft\" src=\"https:\/\/www.radiopiu.net\/wordpress\/wp-content\/uploads\/2023\/05\/02268c73-4ba3-481e-b263-da335a600d24-212x300.jpg\" alt=\"\" width=\"106\" height=\"150\" srcset=\"https:\/\/www.radiopiu.net\/wordpress\/wp-content\/uploads\/2023\/05\/02268c73-4ba3-481e-b263-da335a600d24-212x300.jpg 212w, https:\/\/www.radiopiu.net\/wordpress\/wp-content\/uploads\/2023\/05\/02268c73-4ba3-481e-b263-da335a600d24-724x1024.jpg 724w, https:\/\/www.radiopiu.net\/wordpress\/wp-content\/uploads\/2023\/05\/02268c73-4ba3-481e-b263-da335a600d24-768x1086.jpg 768w, https:\/\/www.radiopiu.net\/wordpress\/wp-content\/uploads\/2023\/05\/02268c73-4ba3-481e-b263-da335a600d24-1086x1536.jpg 1086w, https:\/\/www.radiopiu.net\/wordpress\/wp-content\/uploads\/2023\/05\/02268c73-4ba3-481e-b263-da335a600d24.jpg 1131w\" sizes=\"auto, (max-width: 106px) 100vw, 106px\" \/><\/a><\/h3>\n<\/blockquote>\n<p><strong>TRICHIANA<\/strong> Sabato alle 21 al Teatro San Felice la commedia teatrale da un&#8217;idea di Valerio Scremin per la regia di Giancarlo Merlini. Con Erik Sacco, Lucia Pison, Sara Faoro, Claudio Dal Farra, Giorgio De Bona, Walter De Barba, Franco De Col, Maria Grazia Monestier, Gloria Vardanega, Francisca Zanivan. Davide Merlin alle luci, Christian Facherazzi all&#8217;audio, la grafica \u00e8 di Valentina Chierzi.<\/p>\n<p><strong>AUDIO<\/strong><\/p>\n<audio class=\"wp-audio-shortcode\" id=\"audio-336193-10\" preload=\"none\" style=\"width: 100%;\" controls=\"controls\"><source type=\"audio\/mpeg\" src=\"https:\/\/www.radiopiu.net\/wordpress\/wp-content\/uploads\/2023\/05\/giancarlo-merlini.mp3?_=10\" \/><a href=\"https:\/\/www.radiopiu.net\/wordpress\/wp-content\/uploads\/2023\/05\/giancarlo-merlini.mp3\">https:\/\/www.radiopiu.net\/wordpress\/wp-content\/uploads\/2023\/05\/giancarlo-merlini.mp3<\/a><\/audio>\n<p>&nbsp;<\/p>\n<hr \/>\n<p>&nbsp;<\/p>\n<blockquote>\n<h3>LA CACCIA AL TESORO DI FELTRE<\/h3>\n<\/blockquote>\n<p><strong>FELTRE <\/strong>Sabato alle 14, appuntamento in centro storico per la Caccia al Tesoro, organizzata da Palio e\u00a0 Fondaco.<\/p>\n<p>&nbsp;<\/p>\n<p>&nbsp;<\/p>\n<hr \/>\n<p>&nbsp;<\/p>\n<blockquote>\n<h3>50 ANNI PRO LOCO &#8220;MONTI DEL SOLE&#8221; DI SOSPIROLO &#8211; Al via i festeggiamenti<\/h3>\n<\/blockquote>\n<p><strong>SOSPIROLO<\/strong> A Gron in Pra de la Melia sabato dalle 11 del mattino alternarsi di musicisti e band bellunesi. Alle 21.15\u00a0 Divina Show. Domenica 21alle 10.30\u00a0 la messa e la partecipazione del coro \u201cMonti del Sole\u201d.\u00a0 alle 11 l\u2019intervento delle autorit\u00e0. Seguir\u00e0 il pranzo sociale e un momento di intrattenimento con Nelio Grandelis. Verr\u00e0 inoltre allestita la Mostra \u201cCinquant\u2019anni per la comunit\u00e0\u201d con foto, manifesti, libri, gadget.<\/p>\n<p>&nbsp;<\/p>\n<p>&nbsp;<\/p>\n<hr \/>\n<p>&nbsp;<\/p>\n<blockquote>\n<h3>SFILATA DI MODA ALL&#8217;EREMO DEI ROMITI DI DOMEGGE<\/h3>\n<\/blockquote>\n<p><strong>DOMEGGE <\/strong>La sfilata di abiti sartoriali che anche quest\u2019anno torna a Domegge di Cadore, nello splendido scenario dell\u2019Eremo dei Romiti, sul Monte Froppa. La sfilata quest\u2019anno \u00e8 in programma per domenica 21 maggio. Il titolo \u00e8 eloquente: \u201cL\u2019arte dell\u2019abito: dal passato al futuro\u201d. Sar\u00e0 una rassegna di costumi d\u2019epoca, una sfilata per riscoprire i capi di moda di 2000 anni fa in Cadore e seguirne l\u2019evoluzione fino a oggi.<\/p>\n<p>&nbsp;<\/p>\n<p>&nbsp;<\/p>\n<hr \/>\n<p>&nbsp;<\/p>\n<h2><span style=\"color: #ff0000;\">PROSSIMAMENTE&#8230;<\/span><\/h2>\n<blockquote>\n<h3>MARTEDIACOLOR<\/h3>\n<\/blockquote>\n<p><strong>BELLUNO <\/strong>Con la Primavera tornano a Belluno i Martediacolor, una tradizionale manifestazione che trova sempre l\u2019interesse di un numeroso pubblico. Organizzate dal C.T.G. gruppo Belluno, in collaborazione con i Circoli Fotografici di Belluno ed Agordo, sono piacevoli serate con racconti fotografici realizzati in multivisione, dedicate agli amanti dei viaggi, della natura e dell&#8217;arte. Il programma si articola in tre appuntamenti presso la sala Parrocchiale di Cavarzano alle ore 20.45, con ingresso libero, nelle giornate di marted\u00ec 23 e 30 maggio.<\/p>\n<p>&nbsp;<\/p>\n<hr \/>\n<p>&nbsp;<\/p>\n<blockquote>\n<h3>FOLKLOR JALPE&#8217; DE LA MARMOLEDA<\/h3>\n<\/blockquote>\n<p><strong>ROCCA PIETORE<\/strong> \u00c8 in programma per il 26, 27 e 28 maggio l&#8217;edizione 2023 di Folklor Jalp\u00e8 De La Marmoleda. Tre giorni di festa sotto al tendone riscaldato in localit\u00e0 Bosco Verde a Rocca Pietore tra cucina tipica e balli con le band tirolesi. Domenica 28, nel pomeriggio, la sfilata dei gruppi folk<\/p>\n<p>&nbsp;<\/p>\n<p>&nbsp;<\/p>\n<hr \/>\n<p>&nbsp;<\/p>\n<blockquote>\n<h3>I 75 ANNI DELLA COMUNITA&#8217; DI VILLA SAN FRANCESCO<\/h3>\n<\/blockquote>\n<p><strong>PEDAVENA <\/strong>Nel fine settimana del 27 e 28 maggio \u00e8 in programma una due giorni dedicata ai 75 anni della comunit\u00e0 di Villa San Francesco dove ci saranno dei convegni dedicati ai giovani in occasione della 26\u00aa edizione della Festa del Volontariato Sociale.<\/p>\n<p>&nbsp;<\/p>\n<p>&nbsp;<\/p>\n<hr \/>\n<p>&nbsp;<\/p>\n<blockquote>\n<h3>LA PRIMA EDIZIONE DELLA DON &#8211; PIANLONCH<\/h3>\n<\/blockquote>\n<p><strong>GOSALDO<\/strong> E&#8217; in programma per <strong>domenica 28 maggio<\/strong> la prima edizione della gara di corsa Don &#8211; Pianlonch. Una passeggiata ludicomotoria di 5,6 km non competitiva. Iscrizione 6 euro prima della partenza, 10 euro con panino farcito e bottigllia d&#8217;acqua.<\/p>\n<p>&nbsp;<\/p>\n<p>&nbsp;<\/p>\n<hr \/>\n<p>&nbsp;<\/p>\n<blockquote>\n<h3>SABATO 3 GIUGNO LA CENA DELLA CLASSE 1955-56<\/h3>\n<\/blockquote>\n<p><strong>AGORDO<\/strong> E&#8217; in programma per sabato 3 giugno al Ristorante &#8220;La Stanga&#8221; la cena delle classi 1955-1956. Ritrovo al ristorante alle 19, cena , musica e premi. Per informazioni ed iscrizioni Roberto Schenot al 348 8524340. Iscrizioni entro il 29 maggio.<\/p>\n<p>&nbsp;<\/p>\n<p>&nbsp;<\/p>\n<hr \/>\n<p>&nbsp;<\/p>\n<blockquote>\n<h3>DOMENICA 4 GIUGNO LA 4 PAS IN DOI<\/h3>\n<\/blockquote>\n<p><strong>AGORDO<\/strong> <strong>DOMENICA 4 GIUGNO<\/strong> AD AGORDO: &#8220;4 Pas in doi&#8221; TRAIL RUNNING A COPPIE. Due percorsi: 16 km con 900 metri di dislivello, o 5 km con 250 metri di dislivello. E per i pi\u00f9 golosi, la &#8220;4 Pas in doi Bocoi&#8221;: itinerario enogastronomico, 6 km, con 4 tappe da&#8230; gustare. Per informazioni ed iscrizioni: www.4pasindoi.it<\/p>\n<p>&nbsp;<\/p>\n<p>&nbsp;<\/p>\n<hr \/>\n<p>&nbsp;<\/p>\n<blockquote>\n<h3>Il Gruppo Alpini organizza una gita indimenticabile alla Foiba di Basovizza con pranzo di pesce a Lignano<\/h3>\n<\/blockquote>\n<p><strong>FALCADE <\/strong>\u00a0I Gruppi Alpini rappresentano un importante pilastro della comunit\u00e0 locale, promuovendo attivit\u00e0 che uniscono tradizione, avventura e scoperta del patrimonio culturale. Nel contesto di queste iniziative, il Gruppo Alpini di Falcade ha annunciato una gita straordinaria che si terr\u00e0 l&#8217;11 giugno, con destinazione la Foiba di Basovizza e una deliziosa pausa pranzo a Lignano.\u00a0 Remo Secchi, responsabile delle iscrizioni, sar\u00e0 il punto di riferimento per tutti coloro che desiderano partecipare. Per prenotare un posto e per ulteriori informazioni, \u00e8 possibile contattare\u00a0 il\u00a0 338 5628415.<\/p>\n<p>&nbsp;<\/p>\n<p>&nbsp;<\/p>\n<hr \/>\n<p>&nbsp;<\/p>\n<blockquote>\n<h2>UN&#8217;ALTRA STAGIONE DI &#8220;IN VIVO VERSO&#8221; IN ARCHIVIO.<\/h2>\n<\/blockquote>\n<p><strong><img decoding=\"async\" class=\"alignleft\" src=\"https:\/\/www.radiopiu.net\/wordpress\/wp-content\/uploads\/2023\/05\/Senza-nome-50.jpg\" \/>REDAZIONE<\/strong> La\u00a0 quarantenne emittente radiofonica Agordina, Radio Pi\u00f9, ha appena concluso un&#8217;altra stagione del suo amato programma &#8220;In Vivo Verso&#8221;. Questo programma, che ha debuttato nel febbraio 2015, ha continuato ad affascinare gli ascoltatori con la sua eccezionale conduzione e la partecipazione di numerosi poeti talentuosi. Un ringraziamento speciale va a Brunella Moro, la conduttrice sempre splendida e preparata che ha portato avanti il programma con grande maestria. La sua presenza carismatica e la sua conoscenza del mondo della poesia hanno contribuito a rendere ogni edizione di &#8220;In Vivo Verso&#8221; un&#8217;esperienza indimenticabile per gli ascoltatori. Ogni stagione di questo programma ha dato spazio a poeti provenienti da diverse esperienze e sensibilit\u00e0, offrendo al pubblico una variet\u00e0 di stili e tematiche. Grazie alla partecipazione dei poeti, il programma \u00e8 riuscito a creare un legame profondo con gli ascoltatori, che hanno potuto apprezzare e immergersi nella bellezza delle parole e delle emozioni espresse attraverso la poesia. &#8220;In Vivo Verso&#8221; ha dimostrato che la poesia \u00e8 ancora viva e vitale nel panorama culturale contemporaneo, e ha offerto una piattaforma importante per poeti emergenti e affermati per condividere le loro opere con un vasto pubblico. Con la conclusione di un&#8217;altra stagione di successo, l&#8217;emittente Radio Pi\u00f9 ha ribadito il suo impegno nel promuovere l&#8217;arte e la cultura, offrendo agli ascoltatori un programma unico che celebra la bellezza della parola e dell&#8217;espressione poetica. In attesa della prossima edizione di &#8220;In Vivo Verso&#8221;, gli appassionati di poesia e gli ascoltatori di Radio Pi\u00f9 non vedono l&#8217;ora di immergersi nuovamente in un viaggio emozionante attraverso le parole e le visioni dei talentuosi poeti che popolano questo straordinario programma.<\/p>\n<p>&nbsp;<\/p>\n<hr \/>\n<p>&nbsp;<\/p>\n<p>&nbsp;<\/p>\n<blockquote class=\"wp-embedded-content\" data-secret=\"p8uxl17ULF\"><p><a href=\"https:\/\/www.radiopiu.net\/wordpress\/periti-minerari-agordini-nel-mondo-la-presentazione-del-libro-la-diretta\/\">PERITI MINERARI AGORDINI NEL MONDO, LA PRESENTAZIONE DEL LIBRO &#8211; LA DIRETTA<\/a><\/p><\/blockquote>\n<p><iframe loading=\"lazy\" class=\"wp-embedded-content\" sandbox=\"allow-scripts\" security=\"restricted\" style=\"position: absolute; clip: rect(1px, 1px, 1px, 1px);\" title=\"&#8220;PERITI MINERARI AGORDINI NEL MONDO, LA PRESENTAZIONE DEL LIBRO &#8211; LA DIRETTA&#8221; &#8212; Radio Pi\u00f9\" src=\"https:\/\/www.radiopiu.net\/wordpress\/periti-minerari-agordini-nel-mondo-la-presentazione-del-libro-la-diretta\/embed\/#?secret=umcOspH3k1#?secret=p8uxl17ULF\" data-secret=\"p8uxl17ULF\" width=\"600\" height=\"338\" frameborder=\"0\" marginwidth=\"0\" marginheight=\"0\" scrolling=\"no\"><\/iframe><\/p>\n<p>&nbsp;<\/p>\n<p>&nbsp;<\/p>\n<hr \/>\n<p>&nbsp;<\/p>\n<blockquote>\n<h3>30 YEARS OF HISTORY, ALLA RADIO PIU&#8217;<\/h3>\n<\/blockquote>\n<p><strong><img loading=\"lazy\" decoding=\"async\" class=\"alignleft\" src=\"https:\/\/www.radiopiu.net\/wordpress\/wp-content\/uploads\/2022\/09\/athos.jpg\" width=\"238\" height=\"177\" \/>REDAZIONE<\/strong>\u00a0 Un nuovo capitolo si apre oggi per Radio Pi\u00f9 e l&#8217;emittente Agordina con l&#8217;inizio del programma &#8220;DJ Athos&#8221; di David Ben. Questa trasmissione segna un importante passo avanti nella lunga storia di Radio Pi\u00f9, che ha visto la sua nascita nel lontano 1983. DJ Athos, conosciuto per la sua lunga e apprezzata carriera come Dj, sar\u00e0 al timone del programma che andr\u00e0 in onda tutti i giorni alle 14.40. Questa nuova avventura radiofonica \u00e8 realizzata in collaborazione con Marco Edelvais, che contribuir\u00e0 a rendere lo show ancora pi\u00f9 speciale. Athos, da sempre protagonista dei compleanni della radio, sia negli studi che sul palco, continua a dimostrare la sua passione per la musica e il suo attaccamento a Radio Pi\u00f9. L&#8217;emittente ha avuto il privilegio di festeggiare ogni anno con lui, aggiungendo un tocco di magia a ogni celebrazione. Con la sua vasta esperienza nel settore musicale, DJ Athos promette di offrire un programma coinvolgente e vario, con una selezione musicale di alta qualit\u00e0 che accontenter\u00e0 i gusti di tutti gli ascoltatori. La sua conduzione esperta e appassionata render\u00e0 ogni trasmissione un&#8217;esperienza unica e indimenticabile. Radio Pi\u00f9 \u00e8 entusiasta di questa nuova collaborazione e ringrazia Athos per il suo impegno costante nel portare avanti la missione della stazione radiofonica. Nonostante i cambiamenti nel panorama mediatico, Radio Pi\u00f9 continua a essere un punto di riferimento per gli amanti della musica e dell&#8217;informazione. Con l&#8217;inizio di &#8220;DJ Athos&#8221; e l&#8217;entusiasmo che circonda questa nuova avventura, Radio Pi\u00f9 e l&#8217;emittente Agordina si preparano a regalare ai loro ascoltatori un&#8217;altra stagione di intrattenimento di alta qualit\u00e0 e momenti indimenticabili. Lasciatevi coinvolgere dalle note e dai suoni che riempiranno le vostre giornate grazie a &#8220;DJ Athos&#8221; su Radio Pi\u00f9, l&#8217;emittente al servizio della musica e dei sui ascoltatori<\/p>\n<p>&nbsp;<\/p>\n<p>&nbsp;<\/p>\n<hr \/>\n<p>&nbsp;<\/p>\n<div dir=\"auto\">\n<div class=\"message spoilers-container\" dir=\"auto\">\n<div>\n<div class=\"b654a4as d2edcug0\">\n<div class=\"rq0escxv hkbzh7o3 jwdofwj8 n8tt0mok r8blr3vg hyh9befq\">\n<p><a class=\"dt-pswp-item\" href=\"https:\/\/www.radiopiu.net\/wordpress\/wp-content\/uploads\/2020\/10\/pp.jpg\" data-dt-img-description=\"\" data-large_image_width=\"640\" data-large_image_height=\"640\"><img loading=\"lazy\" decoding=\"async\" class=\"wp-image-163678 alignleft\" src=\"https:\/\/www.radiopiu.net\/wordpress\/wp-content\/uploads\/2020\/10\/pp-300x300.jpg\" alt=\"\" width=\"106\" height=\"106\" srcset=\"https:\/\/www.radiopiu.net\/wordpress\/wp-content\/uploads\/2020\/10\/pp-300x300.jpg 300w, https:\/\/www.radiopiu.net\/wordpress\/wp-content\/uploads\/2020\/10\/pp-150x150.jpg 150w, https:\/\/www.radiopiu.net\/wordpress\/wp-content\/uploads\/2020\/10\/pp-125x125.jpg 125w, https:\/\/www.radiopiu.net\/wordpress\/wp-content\/uploads\/2020\/10\/pp-200x200.jpg 200w, https:\/\/www.radiopiu.net\/wordpress\/wp-content\/uploads\/2020\/10\/pp-80x80.jpg 80w, https:\/\/www.radiopiu.net\/wordpress\/wp-content\/uploads\/2020\/10\/pp-480x480.jpg 480w, https:\/\/www.radiopiu.net\/wordpress\/wp-content\/uploads\/2020\/10\/pp.jpg 640w\" sizes=\"auto, (max-width: 106px) 100vw, 106px\" \/><\/a><\/p>\n<\/div>\n<\/div>\n<\/div>\n<\/div>\n<div class=\"message spoilers-container\" dir=\"auto\">\n<div class=\"page-title-head hgroup\">\n<div class=\"page-title-head hgroup\">\n<div class=\"b654a4as d2edcug0\">\n<div class=\"j83agx80 btwxx1t3 lhclo0ds hop8lmos nkwizq5d scwd0bx6 roh60bw9\">\n<div class=\"rq0escxv hkbzh7o3 jwdofwj8 n8tt0mok r8blr3vg hyh9befq\">\n<div class=\"do00u71z l9j0dhe7 k4urcfbm\" style=\"text-align: left;\">\n<h2><span style=\"color: #000080;\">DON CESARE, IL PENSIERO DEL GIORNO. ALLA RADIO ALLE 7 DEL MATTINO E ALLE 19.30 DELLA SERA<\/span><\/h2>\n<audio class=\"wp-audio-shortcode\" id=\"audio-336193-11\" preload=\"none\" style=\"width: 100%;\" controls=\"controls\"><source type=\"audio\/mpeg\" src=\"https:\/\/www.radiopiu.net\/wordpress\/wp-content\/uploads\/2023\/05\/CESARE-14.mp3?_=11\" \/><a href=\"https:\/\/www.radiopiu.net\/wordpress\/wp-content\/uploads\/2023\/05\/CESARE-14.mp3\">https:\/\/www.radiopiu.net\/wordpress\/wp-content\/uploads\/2023\/05\/CESARE-14.mp3<\/a><\/audio>\n<\/div>\n<p>&nbsp;<\/p>\n<div class=\"do00u71z l9j0dhe7 k4urcfbm\" style=\"text-align: left;\">\n<h2 style=\"text-align: left;\"><span style=\"color: #ff0000;\"><span style=\"vertical-align: inherit;\"><a class=\"dt-pswp-item\" href=\"https:\/\/www.radiopiu.net\/wordpress\/wp-content\/uploads\/2023\/04\/e0aad41d-951e-47b9-9fae-1a879a9bcb7e-1.jpg\" data-dt-img-description=\"\" data-large_image_width=\"1200\" data-large_image_height=\"1200\"><img loading=\"lazy\" decoding=\"async\" class=\"wp-image-333205 aligncenter\" src=\"https:\/\/www.radiopiu.net\/wordpress\/wp-content\/uploads\/2023\/04\/e0aad41d-951e-47b9-9fae-1a879a9bcb7e-1-300x300.jpg\" alt=\"\" width=\"227\" height=\"227\" srcset=\"https:\/\/www.radiopiu.net\/wordpress\/wp-content\/uploads\/2023\/04\/e0aad41d-951e-47b9-9fae-1a879a9bcb7e-1-300x300.jpg 300w, https:\/\/www.radiopiu.net\/wordpress\/wp-content\/uploads\/2023\/04\/e0aad41d-951e-47b9-9fae-1a879a9bcb7e-1-1024x1024.jpg 1024w, https:\/\/www.radiopiu.net\/wordpress\/wp-content\/uploads\/2023\/04\/e0aad41d-951e-47b9-9fae-1a879a9bcb7e-1-150x150.jpg 150w, https:\/\/www.radiopiu.net\/wordpress\/wp-content\/uploads\/2023\/04\/e0aad41d-951e-47b9-9fae-1a879a9bcb7e-1-768x768.jpg 768w, https:\/\/www.radiopiu.net\/wordpress\/wp-content\/uploads\/2023\/04\/e0aad41d-951e-47b9-9fae-1a879a9bcb7e-1.jpg 1200w\" sizes=\"auto, (max-width: 227px) 100vw, 227px\" \/><br \/>\n<\/a><\/span><\/span><\/h2>\n<\/div>\n<\/div>\n<\/div>\n<\/div>\n<\/div>\n<\/div>\n<\/div>\n<\/div>\n<hr \/>\n<p>&nbsp;<\/p>\n<div class=\"message spoilers-container\" dir=\"auto\">\n<h2><span style=\"color: #008080;\">GOCCE DI FILOSOFIA\u00a0\u00a0<\/span><\/h2>\n<p><strong>PUNTATA 313 &#8211;\u00a0 LISA DE LUCA_TERZA STAGIONE\u00a0\u00a0<\/strong><\/p>\n<audio class=\"wp-audio-shortcode\" id=\"audio-336193-12\" preload=\"none\" style=\"width: 100%;\" controls=\"controls\"><source type=\"audio\/mpeg\" src=\"https:\/\/www.radiopiu.net\/wordpress\/wp-content\/uploads\/2023\/05\/FI3-2.mp3?_=12\" \/><a href=\"https:\/\/www.radiopiu.net\/wordpress\/wp-content\/uploads\/2023\/05\/FI3-2.mp3\">https:\/\/www.radiopiu.net\/wordpress\/wp-content\/uploads\/2023\/05\/FI3-2.mp3<\/a><\/audio>\n<p>&nbsp;<\/p>\n<\/div>\n<blockquote>\n<div class=\"message spoilers-container\" dir=\"auto\">\n<p><strong>LA RACCOLTA COMPLETA<\/strong><\/p>\n<\/div>\n<\/blockquote>\n<div class=\"message spoilers-container\" dir=\"auto\">\n<blockquote class=\"wp-embedded-content\" data-secret=\"XWV3mZLU9M\"><p><a href=\"https:\/\/www.radiopiu.net\/wordpress\/gocce-filosofia\/\">Gocce di filosofia,  LA TERZA STAGIONE&#8230; 2023<\/a><\/p><\/blockquote>\n<p><iframe loading=\"lazy\" class=\"wp-embedded-content\" sandbox=\"allow-scripts\" security=\"restricted\" style=\"position: absolute; clip: rect(1px, 1px, 1px, 1px);\" title=\"&#8220;Gocce di filosofia,  LA TERZA STAGIONE&#8230; 2023&#8221; &#8212; Radio Pi\u00f9\" src=\"https:\/\/www.radiopiu.net\/wordpress\/gocce-filosofia\/embed\/#?secret=NgPdTxaBCY#?secret=XWV3mZLU9M\" data-secret=\"XWV3mZLU9M\" width=\"600\" height=\"338\" frameborder=\"0\" marginwidth=\"0\" marginheight=\"0\" scrolling=\"no\"><\/iframe><\/p>\n<\/div>\n<hr \/>\n<h2><span style=\"color: #0000ff;\"><a class=\"dt-pswp-item\" href=\"https:\/\/www.radiopiu.net\/wordpress\/wp-content\/uploads\/2023\/05\/0.png\" data-dt-img-description=\"\" data-large_image_width=\"1616\" data-large_image_height=\"1812\"><img loading=\"lazy\" decoding=\"async\" class=\" wp-image-335848 alignleft\" src=\"https:\/\/www.radiopiu.net\/wordpress\/wp-content\/uploads\/2023\/05\/0-268x300.png\" alt=\"\" width=\"141\" height=\"158\" srcset=\"https:\/\/www.radiopiu.net\/wordpress\/wp-content\/uploads\/2023\/05\/0-268x300.png 268w, https:\/\/www.radiopiu.net\/wordpress\/wp-content\/uploads\/2023\/05\/0-913x1024.png 913w, https:\/\/www.radiopiu.net\/wordpress\/wp-content\/uploads\/2023\/05\/0-768x861.png 768w, https:\/\/www.radiopiu.net\/wordpress\/wp-content\/uploads\/2023\/05\/0-1370x1536.png 1370w, https:\/\/www.radiopiu.net\/wordpress\/wp-content\/uploads\/2023\/05\/0.png 1616w\" sizes=\"auto, (max-width: 141px) 100vw, 141px\" \/><\/a>DAL CORRIERE DELLE ALPI<\/span><\/h2>\n<h2><span style=\"color: #ff0000;\">VIVERE L&#8217;AGORDINO<\/span><\/h2>\n<h3>PATRIZIA REZZONICO: STREGATA DALL&#8217;AGORDINO NEL 1985 OGGI CHIEDE ALLA VALLATA UN PASSO IN PIU&#8217;<\/h3>\n<p>di Gianni Santomaso<\/p>\n<p>&nbsp;<\/p>\n<audio class=\"wp-audio-shortcode\" id=\"audio-336193-13\" preload=\"none\" style=\"width: 100%;\" controls=\"controls\"><source type=\"audio\/mpeg\" src=\"https:\/\/www.radiopiu.net\/wordpress\/wp-content\/uploads\/2023\/05\/GIANNI-VIVERE-AGORDINO-PATRIZIA-REZZONICO.mp3?_=13\" \/><a href=\"https:\/\/www.radiopiu.net\/wordpress\/wp-content\/uploads\/2023\/05\/GIANNI-VIVERE-AGORDINO-PATRIZIA-REZZONICO.mp3\">https:\/\/www.radiopiu.net\/wordpress\/wp-content\/uploads\/2023\/05\/GIANNI-VIVERE-AGORDINO-PATRIZIA-REZZONICO.mp3<\/a><\/audio>\n<p>&nbsp;<\/p>\n<hr \/>\n<p>&nbsp;<\/p>\n<p>&nbsp;<\/p>\n<p>&nbsp;<\/p>\n<blockquote class=\"wp-embedded-content\" data-secret=\"Wbpcc8mMFV\"><p><a href=\"https:\/\/www.radiopiu.net\/wordpress\/sentimental-il-nuovo-programma-di-paola-lanciato\/\">SENTIMENTAL, IL NUOVO PROGRAMMA DI PAOLA LANCIATO<\/a><\/p><\/blockquote>\n<p><iframe loading=\"lazy\" class=\"wp-embedded-content\" sandbox=\"allow-scripts\" security=\"restricted\" style=\"position: absolute; clip: rect(1px, 1px, 1px, 1px);\" title=\"&#8220;SENTIMENTAL, IL NUOVO PROGRAMMA DI PAOLA LANCIATO&#8221; &#8212; Radio Pi\u00f9\" src=\"https:\/\/www.radiopiu.net\/wordpress\/sentimental-il-nuovo-programma-di-paola-lanciato\/embed\/#?secret=chmtp6tEPR#?secret=Wbpcc8mMFV\" data-secret=\"Wbpcc8mMFV\" width=\"600\" height=\"338\" frameborder=\"0\" marginwidth=\"0\" marginheight=\"0\" scrolling=\"no\"><\/iframe><\/p>\n<p>&nbsp;<\/p>\n<p>&nbsp;<\/p>\n<div class=\"message spoilers-container\" dir=\"auto\">\n<hr \/>\n<p>&nbsp;<\/p>\n<\/div>\n<div class=\"message spoilers-container\" dir=\"auto\">\n<div class=\"column\">\n<p><img loading=\"lazy\" decoding=\"async\" class=\"aligncenter wp-image-61954 size-full\" src=\"https:\/\/www.radiopiu.net\/wordpress\/wp-content\/uploads\/2018\/09\/viabilita.jpeg\" sizes=\"auto, (max-width: 800px) 100vw, 800px\" srcset=\"https:\/\/www.radiopiu.net\/wordpress\/wp-content\/uploads\/2018\/09\/viabilita.jpeg 800w, https:\/\/www.radiopiu.net\/wordpress\/wp-content\/uploads\/2018\/09\/viabilita-300x38.jpeg 300w, https:\/\/www.radiopiu.net\/wordpress\/wp-content\/uploads\/2018\/09\/viabilita-768x96.jpeg 768w\" alt=\"\" width=\"800\" height=\"100\" \/><\/p>\n<\/div>\n<\/div>\n<div class=\"message spoilers-container\" dir=\"auto\">\n<div class=\"column\">\n<p>&nbsp;<\/p>\n<\/div>\n<\/div>\n<div class=\"message spoilers-container\" dir=\"auto\">\n<div class=\"column\">\n<div dir=\"ltr\">\n<div class=\"gmail_quote\">\n<div dir=\"ltr\">\n<div class=\"gmail_quote\">\n<blockquote class=\"wp-embedded-content\" data-secret=\"pNPw4byenQ\"><p><a href=\"https:\/\/www.radiopiu.net\/wordpress\/viabilita\/\">viabilita<\/a><\/p><\/blockquote>\n<p><iframe loading=\"lazy\" class=\"wp-embedded-content\" sandbox=\"allow-scripts\" security=\"restricted\" style=\"position: absolute; clip: rect(1px, 1px, 1px, 1px);\" title=\"&#8220;viabilita&#8221; &#8212; Radio Pi\u00f9\" src=\"https:\/\/www.radiopiu.net\/wordpress\/viabilita\/embed\/#?secret=hWWtIHj5md#?secret=pNPw4byenQ\" data-secret=\"pNPw4byenQ\" width=\"600\" height=\"338\" frameborder=\"0\" marginwidth=\"0\" marginheight=\"0\" scrolling=\"no\"><\/iframe><\/p>\n<\/div>\n<\/div>\n<\/div>\n<\/div>\n<\/div>\n<\/div>\n<div class=\"message spoilers-container\" dir=\"auto\">\n<div class=\"column\">\n<div>\n<div dir=\"ltr\">\n<div class=\"gmail_quote\">\n<div dir=\"ltr\">\n<div><\/div>\n<\/div>\n<\/div>\n<\/div>\n<\/div>\n<hr \/>\n<p>&nbsp;<\/p>\n<p><a class=\"dt-pswp-item\" href=\"https:\/\/www.radiopiu.net\/wordpress\/wp-content\/uploads\/2018\/09\/WhatsApp-Image-2018-09-20-at-16.04.06.jpeg\" data-dt-img-description=\"\" data-large_image_width=\"800\" data-large_image_height=\"100\"><img loading=\"lazy\" decoding=\"async\" class=\"wp-image-61378 size-full aligncenter\" src=\"https:\/\/www.radiopiu.net\/wordpress\/wp-content\/uploads\/2018\/09\/WhatsApp-Image-2018-09-20-at-16.04.06.jpeg\" alt=\"\" width=\"800\" height=\"100\" srcset=\"https:\/\/www.radiopiu.net\/wordpress\/wp-content\/uploads\/2018\/09\/WhatsApp-Image-2018-09-20-at-16.04.06.jpeg 800w, https:\/\/www.radiopiu.net\/wordpress\/wp-content\/uploads\/2018\/09\/WhatsApp-Image-2018-09-20-at-16.04.06-300x38.jpeg 300w, https:\/\/www.radiopiu.net\/wordpress\/wp-content\/uploads\/2018\/09\/WhatsApp-Image-2018-09-20-at-16.04.06-768x96.jpeg 768w\" sizes=\"auto, (max-width: 800px) 100vw, 800px\" \/><\/a><\/p>\n<\/div>\n<\/div>\n<div class=\"message spoilers-container\" dir=\"auto\"><\/div>\n<div dir=\"auto\"><center><b>OGGI<\/b><\/center><b>Tempo atteso: <\/b>Tempo maggiormente soleggiato, specie al mattino sulle Dolomiti, mentre stratocumuli potrebbero essere irregolarmente presenti sulle Prealpi. Al pomeriggio irregolare aumento della nuvolosit\u00e0 ovunque.<br \/>\n<b>Precipitazioni: <\/b>Al pomeriggio bassa probabilit\u00e0 (20-30%) per qualche sporadico piovasco.<br \/>\n<b>Temperature: <\/b>Minime in leggera diminuzione per parziale irraggiamento notturno; massime in lieve aumento.<\/p>\n<hr \/>\n<p><center><b>DOMANI<\/b><\/center><b>Tempo atteso: <\/b>Al mattino parzialmente soleggiato e presenza di nubi alte in grado di velare il cielo. Al pomeriggio intensificazione della nuvolosit\u00e0 medio-alta fino a nuvoloso.<br \/>\n<b>Precipitazioni: <\/b>Crescente probabilit\u00e0 di deboli precipitazioni sparse (30-50%), specie nel tardo pomeriggio\/sera<\/p>\n<\/div>\n<div dir=\"auto\">\n<p><b>Temperature: <\/b>Temperature minime in aumento e massime senza notevoli variazioni.<\/p>\n<hr \/>\n<p><center><b>SABATO<\/b><\/center>Al mattino irregolarmente nuvoloso, dalle ore centrali aumento della nuvolosit\u00e0 fino a molto nuvoloso verso sera e non escluse deboli precipitazioni sparse. Il limite della neve si aggirer\u00e0 sui 2400-2600 m. Temperature minime in aumento e massime in leggera flessione.<\/p>\n<hr \/>\n<p><center><b>DOMENICA<\/b><\/center>Fino al mattino residua nuvolosit\u00e0 irregolare poi schiarite via via pi\u00f9 ampie fino a poco nuvoloso. Precipitazioni: poco probabile qualche residuo piovasco fino al primo mattino. Temperature in generale aumento.<\/p>\n<\/div>\n<p><center><\/center>&nbsp;<\/p>\n<div class=\"message spoilers-container\" dir=\"auto\">\n<hr \/>\n<p>&nbsp;<\/p>\n<p><a class=\"dt-pswp-item\" href=\"https:\/\/www.radiopiu.net\/wordpress\/wp-content\/uploads\/2018\/09\/sport.jpg\" data-dt-img-description=\"\" data-large_image_width=\"800\" data-large_image_height=\"100\"><img loading=\"lazy\" decoding=\"async\" class=\"aligncenter wp-image-60761 size-full\" src=\"https:\/\/www.radiopiu.net\/wordpress\/wp-content\/uploads\/2018\/09\/sport.jpg\" alt=\"\" width=\"800\" height=\"100\" srcset=\"https:\/\/www.radiopiu.net\/wordpress\/wp-content\/uploads\/2018\/09\/sport.jpg 800w, https:\/\/www.radiopiu.net\/wordpress\/wp-content\/uploads\/2018\/09\/sport-300x38.jpg 300w, https:\/\/www.radiopiu.net\/wordpress\/wp-content\/uploads\/2018\/09\/sport-768x96.jpg 768w\" sizes=\"auto, (max-width: 800px) 100vw, 800px\" \/><\/a><\/p>\n<\/div>\n<div class=\"message spoilers-container\" dir=\"auto\">\n<p><span style=\"color: #0000ff;\"><strong>\u00a0\u00a0<\/strong><\/span><\/p>\n<p><span style=\"color: #0000ff;\"><strong>CALCIO\u00a0<\/strong><\/span><\/p>\n<blockquote>\n<h3><span style=\"color: #0000ff;\"><strong><br \/>\n<span style=\"color: #000000;\">IL FIORI BARP FESTEGGIA I 60 ANNI DI ATTIVITA&#8217;\u00a0<\/span><\/strong><\/span><\/h3>\n<\/blockquote>\n<p><strong><a class=\"dt-pswp-item\" href=\"https:\/\/www.radiopiu.net\/wordpress\/wp-content\/uploads\/2020\/10\/fiori-barp.png\" data-dt-img-description=\"\" data-large_image_width=\"334\" data-large_image_height=\"475\"><img loading=\"lazy\" decoding=\"async\" class=\" wp-image-164208 alignleft\" src=\"https:\/\/www.radiopiu.net\/wordpress\/wp-content\/uploads\/2020\/10\/fiori-barp-211x300.png\" alt=\"\" width=\"120\" height=\"171\" srcset=\"https:\/\/www.radiopiu.net\/wordpress\/wp-content\/uploads\/2020\/10\/fiori-barp-211x300.png 211w, https:\/\/www.radiopiu.net\/wordpress\/wp-content\/uploads\/2020\/10\/fiori-barp.png 334w\" sizes=\"auto, (max-width: 120px) 100vw, 120px\" \/><\/a>SEDICO<\/strong><\/p>\n<p>di Roberto Bona<\/p>\n<audio class=\"wp-audio-shortcode\" id=\"audio-336193-14\" preload=\"none\" style=\"width: 100%;\" controls=\"controls\"><source type=\"audio\/mpeg\" src=\"https:\/\/www.radiopiu.net\/wordpress\/wp-content\/uploads\/2023\/05\/Festa60FioriBarp.mp3?_=14\" \/><a href=\"https:\/\/www.radiopiu.net\/wordpress\/wp-content\/uploads\/2023\/05\/Festa60FioriBarp.mp3\">https:\/\/www.radiopiu.net\/wordpress\/wp-content\/uploads\/2023\/05\/Festa60FioriBarp.mp3<\/a><\/audio>\n<p>&nbsp;<\/p>\n<p><span style=\"color: #0000ff;\"><strong>SCI <\/strong><\/span><\/p>\n<blockquote>\n<h3>ELIA BARP PROMOSSO NELLA SQUADRA DI COPPA DEL MONDO DI SCI DI FONDO<\/h3>\n<\/blockquote>\n<p>Elia Barp, dopo un brillante esordio alla Coppa del Mondo e ai Mondiali assoluti, \u00e8 stato promosso dalla squadra Milano Cortina 2026 alla squadra di Coppa del Mondo per la prossima stagione. Originario di Trichiana e adottato dallo Ski College di Falcade, Barp si allener\u00e0 e garegger\u00e0 insieme a prestigiosi atleti come Federico Pellegrino, Francesco De Fabiani, Simone Mocellini, Davide Graz, Paolo Ventura e Simone Dapr\u00e0. Nello staff tecnico, tre allenatori bellunesi: Fulvio Scola sar\u00e0 l&#8217;allenatore della squadra maschile Milano Cortina 2026, con l&#8217;aiuto di Giuseppe Cioffi, mentre Stefano Zampieri sar\u00e0 skiman.<\/p>\n<p>&nbsp;<\/p>\n<p><span style=\"color: #0000ff;\"><strong>CALCIO<\/strong><\/span><\/p>\n<blockquote>\n<h3 class=\"entry-title\">L\u2019AGORDINA RICORDA ENRICO PIZZONI E ATTILIO MORETTI CON DUE TORNEI DEDICATI AI GIOVANI<\/h3>\n<\/blockquote>\n<p><strong class=\"photoswipe-wrapper\"><a class=\"dt-pswp-item pspw-wrap-ready\" href=\"https:\/\/www.radiopiu.net\/wordpress\/wp-content\/uploads\/2019\/09\/AGORDINA-CALCIO.jpeg\" data-dt-img-description=\"\" data-large_image_width=\"225\" data-large_image_height=\"225\"><img loading=\"lazy\" decoding=\"async\" class=\" wp-image-97575 alignleft\" src=\"https:\/\/www.radiopiu.net\/wordpress\/wp-content\/uploads\/2019\/09\/AGORDINA-CALCIO.jpeg\" sizes=\"auto, (max-width: 153px) 100vw, 153px\" srcset=\"https:\/\/www.radiopiu.net\/wordpress\/wp-content\/uploads\/2019\/09\/AGORDINA-CALCIO.jpeg 225w, https:\/\/www.radiopiu.net\/wordpress\/wp-content\/uploads\/2019\/09\/AGORDINA-CALCIO-150x150.jpeg 150w\" alt=\"\" width=\"153\" height=\"153\" \/><\/a>di Marco Gaz<\/strong><\/p>\n<p><strong>AGORDO<\/strong>\u00a0Sar\u00e0 un fine settimana impegnativo quello del 20 e 21 maggio per l\u2019Agordina Calcio. La societ\u00e0 capitanata da Cosmo Forcella ha organizzato due tornei dedicati al calcio giovanile. Si inizia sabato 20 maggio con il Memorial Enrico Pizzoni, un torneo di calcio dedicato alla categoria Esordienti Misti nati tra il 2010 e il 2011. Il giorno dopo, domenica 21 maggio, sar\u00e0 la volta del Memorial Attilio Moretti, dove si dar\u00e0 spazio ai giocatori pi\u00f9 giovani. Infatti si cimenteranno all\u2019Ivano Dorigo i Pulcini Misti nati tra il 2012 e il 2013. Due giornate di sport per ricordare due figure che hanno dato molto all\u2019Agordina Calcio.<\/p>\n<\/div>\n","protected":false},"excerpt":{"rendered":"<p>&nbsp; &nbsp; &nbsp; IERI LUNGO LA 203 AGORDINA&#8230; I 3 SEMAFORI TRA CENCENIGHE ED AVOSCAN NON FERMANO&#8230; LE PECORE \u00a0 \u00a0ISCRIVITI AL NOSTRO CANALE\u00a0 YOUTUBE PER SEGUIRE IN DIRETTA I PRINCIPALI PROGRAMMI DI RADIO PIU&#8217; E LE FUTURE DIRETTE IN ESTERNA. PER ISCRIVERTI CLICCA QUI E PREMI\u00a0 &#8220;Iscriviti&#8221;\u00a0 \u00a0 \u00a0 \u00a0 IERI SERA ALLA RADIO,&hellip;<\/p>\n","protected":false},"author":4,"featured_media":336274,"comment_status":"closed","ping_status":"closed","sticky":false,"template":"","format":"standard","meta":{"_monsterinsights_skip_tracking":false,"_monsterinsights_sitenote_active":false,"_monsterinsights_sitenote_note":"","_monsterinsights_sitenote_category":0,"footnotes":""},"categories":[51,86,49],"tags":[],"class_list":["post-336193","post","type-post","status-publish","format-standard","has-post-thumbnail","hentry","category-evidenza-top","category-gr","category-news-18","category-51","category-86","category-49","description-off"],"img_url":"https:\/\/www.radiopiu.net\/wordpress\/wp-content\/uploads\/2023\/05\/Point-Blur_May172023_160731.jpg","_links":{"self":[{"href":"https:\/\/www.radiopiu.net\/wordpress\/wp-json\/wp\/v2\/posts\/336193","targetHints":{"allow":["GET"]}}],"collection":[{"href":"https:\/\/www.radiopiu.net\/wordpress\/wp-json\/wp\/v2\/posts"}],"about":[{"href":"https:\/\/www.radiopiu.net\/wordpress\/wp-json\/wp\/v2\/types\/post"}],"author":[{"embeddable":true,"href":"https:\/\/www.radiopiu.net\/wordpress\/wp-json\/wp\/v2\/users\/4"}],"replies":[{"embeddable":true,"href":"https:\/\/www.radiopiu.net\/wordpress\/wp-json\/wp\/v2\/comments?post=336193"}],"version-history":[{"count":0,"href":"https:\/\/www.radiopiu.net\/wordpress\/wp-json\/wp\/v2\/posts\/336193\/revisions"}],"wp:featuredmedia":[{"embeddable":true,"href":"https:\/\/www.radiopiu.net\/wordpress\/wp-json\/wp\/v2\/media\/336274"}],"wp:attachment":[{"href":"https:\/\/www.radiopiu.net\/wordpress\/wp-json\/wp\/v2\/media?parent=336193"}],"wp:term":[{"taxonomy":"category","embeddable":true,"href":"https:\/\/www.radiopiu.net\/wordpress\/wp-json\/wp\/v2\/categories?post=336193"},{"taxonomy":"post_tag","embeddable":true,"href":"https:\/\/www.radiopiu.net\/wordpress\/wp-json\/wp\/v2\/tags?post=336193"}],"curies":[{"name":"wp","href":"https:\/\/api.w.org\/{rel}","templated":true}]}}