{"id":336247,"date":"2023-05-17T15:36:59","date_gmt":"2023-05-17T13:36:59","guid":{"rendered":"https:\/\/www.radiopiu.net\/wordpress\/?p=336247"},"modified":"2023-05-18T05:22:00","modified_gmt":"2023-05-18T03:22:00","slug":"personale-infermieristico-e-medico-potenziamento-della-mobilita-servizi-per-anziani-disabili-e-infanzia-queste-le-priorita-da-mettere-al-centro-della-sanita-pubblica-bellunese","status":"publish","type":"post","link":"https:\/\/www.radiopiu.net\/wordpress\/personale-infermieristico-e-medico-potenziamento-della-mobilita-servizi-per-anziani-disabili-e-infanzia-queste-le-priorita-da-mettere-al-centro-della-sanita-pubblica-bellunese\/","title":{"rendered":"PERSONALE INFERMIERISTICO E MEDICO, POTENZIAMENTO DELLA MOBILITA&#8217;, SERVIZI PER ANZIANI, DISABILI E INFANZIA: QUESTE LE PRIORITA&#8217; DA METTERE AL CENTRO DELLA SANITA&#8217; PUBBLICA BELLUNESE"},"content":{"rendered":"<p><strong><a class=\"dt-pswp-item\" href=\"https:\/\/www.radiopiu.net\/wordpress\/wp-content\/uploads\/2022\/02\/Paglini-relazione.jpeg\" data-dt-img-description=\"\" data-large_image_width=\"1368\" data-large_image_height=\"912\"><img loading=\"lazy\" decoding=\"async\" class=\" wp-image-258793 alignleft\" src=\"https:\/\/www.radiopiu.net\/wordpress\/wp-content\/uploads\/2022\/02\/Paglini-relazione-300x200.jpeg\" alt=\"\" width=\"179\" height=\"119\" srcset=\"https:\/\/www.radiopiu.net\/wordpress\/wp-content\/uploads\/2022\/02\/Paglini-relazione-300x200.jpeg 300w, https:\/\/www.radiopiu.net\/wordpress\/wp-content\/uploads\/2022\/02\/Paglini-relazione-1024x683.jpeg 1024w, https:\/\/www.radiopiu.net\/wordpress\/wp-content\/uploads\/2022\/02\/Paglini-relazione-768x512.jpeg 768w, https:\/\/www.radiopiu.net\/wordpress\/wp-content\/uploads\/2022\/02\/Paglini-relazione.jpeg 1368w\" sizes=\"auto, (max-width: 179px) 100vw, 179px\" \/><\/a>BELLUNO <\/strong>\u201cSOS sanit\u00e0 in montagna, il titolo della campagna che la Cisl ha avviato per difendere il servizio socio-sanitario bellunese, non \u00e8 uno slogan, ma indica la necessit\u00e0 di istituire un Tavolo unico permanente che coordini e programmi gli interventi sul territorio, partendo dall\u2019urgenza di trovare e assumere personale infermieristico e medico, ma che provveda anche e soprattutto a progettare infrastrutture, servizi all\u2019infanzia, servizi per gli anziani e disabili, compreso il potenziamento della mobilit\u00e0 interna che rende sempre pi\u00f9 emarginate molte persone che vivono in zone periferiche e distanti dalle principali strutture sanitarie\u201d. Queste sono le questioni che il segretario generale della Cisl Belluno Treviso Massimiliano Paglini ritiene fondamentale che vengano poste dal nuovo Direttore Generale della Ulss 1 Dolomiti come prioritarie per il futuro della sanit\u00e0 bellunese, oltre alla garanzia che egli dedichi alla provincia di Belluno tutto il tempo necessario a gestire e superare la grave emergenza in cui versa il sistema sanitario. \u201cLa montagna &#8211; afferma Paglini &#8211; vive gi\u00e0 da tempo una drammatica emergenza sanitaria, che sta discriminando i cittadini che ci vivono tra chi ha possibilit\u00e0 di muoversi e curarsi nel privato, magari nelle regioni o province limitrofe, e chi invece pu\u00f2 solo usufruire dei mezzi pubblici, in difficolt\u00e0 pure questi ultimi, per raggiungere le strutture pubbliche o non pu\u00f2 permettersi la sanit\u00e0 a pagamento e si vede dunque costretto a rinunciare alle cure\u201d. \u201cNon si pu\u00f2 ragionare solo in ottica Olimpiadi &#8211; aggiunge il segretario generale Cisl &#8211; ci sar\u00e0 sicuramente un dopo Milano-Cortina 2026, cos\u00ec come c\u2019\u00e8 gi\u00e0 un presente difficilissimo da gestire, per questo l\u2019auspicio della Cisl \u00e8 che il nuovo Direttore Generale sia disponibile a promuovere e coordinare un Tavolo unico permanente cos\u00ec da fare massa critica per salvaguardare i servizi esistenti potenziandoli e per creare le condizioni affinch\u00e8 Belluno torni ad essere attrattiva non solo per medici e infermieri, ma anche per i giovani, cos\u00ec come dichiara oggi il Presidente di Ascom\u201d. \u201cInvitiamo lavoratrici e lavoratori, pensionate e pensionati, tutti i cittadini &#8211; conclude Paglini &#8211; a sottoscrivere la petizione online o recarsi nelle sedi Cisl della provincia a firmare i moduli cartacei. Facciamo sentire forte la voce del territorio bellunese\u201d. La petizione \u201cSOS Sanit\u00e0, una firma per la montagna bellunese\u201d \u00e8 online sulla piattaforma change.org collegandosi sul sito <a href=\"http:\/\/www.cislbellunotreviso.it\">www.cislbellunotreviso.it<\/a> e sui social cos\u00ec come in formato cartaceo in tutte le 10 sedi Cisl della provincia (Belluno, Agordo, Feltre, Pieve di Cadore, Sedico, Cortina, Mel, Santo Stefano di Cadore, Quero, Farra d\u2019Alpago).<\/p>\n<p>&nbsp;<\/p>\n<p>&nbsp;<\/p>\n<p>******<\/p>\n","protected":false},"excerpt":{"rendered":"<p>BELLUNO \u201cSOS sanit\u00e0 in montagna, il titolo della campagna che la Cisl ha avviato per difendere il servizio socio-sanitario bellunese, non \u00e8 uno slogan, ma indica la necessit\u00e0 di istituire un Tavolo unico permanente che coordini e programmi gli interventi sul territorio, partendo dall\u2019urgenza di trovare e assumere personale infermieristico e medico, ma che provveda&hellip;<\/p>\n","protected":false},"author":4,"featured_media":258793,"comment_status":"closed","ping_status":"closed","sticky":false,"template":"","format":"standard","meta":{"_monsterinsights_skip_tracking":false,"_monsterinsights_sitenote_active":false,"_monsterinsights_sitenote_note":"","_monsterinsights_sitenote_category":0,"footnotes":""},"categories":[51,49],"tags":[],"class_list":["post-336247","post","type-post","status-publish","format-standard","has-post-thumbnail","hentry","category-evidenza-top","category-news-18","category-51","category-49","description-off"],"img_url":"https:\/\/www.radiopiu.net\/wordpress\/wp-content\/uploads\/2022\/02\/Paglini-relazione.jpeg","_links":{"self":[{"href":"https:\/\/www.radiopiu.net\/wordpress\/wp-json\/wp\/v2\/posts\/336247","targetHints":{"allow":["GET"]}}],"collection":[{"href":"https:\/\/www.radiopiu.net\/wordpress\/wp-json\/wp\/v2\/posts"}],"about":[{"href":"https:\/\/www.radiopiu.net\/wordpress\/wp-json\/wp\/v2\/types\/post"}],"author":[{"embeddable":true,"href":"https:\/\/www.radiopiu.net\/wordpress\/wp-json\/wp\/v2\/users\/4"}],"replies":[{"embeddable":true,"href":"https:\/\/www.radiopiu.net\/wordpress\/wp-json\/wp\/v2\/comments?post=336247"}],"version-history":[{"count":0,"href":"https:\/\/www.radiopiu.net\/wordpress\/wp-json\/wp\/v2\/posts\/336247\/revisions"}],"wp:featuredmedia":[{"embeddable":true,"href":"https:\/\/www.radiopiu.net\/wordpress\/wp-json\/wp\/v2\/media\/258793"}],"wp:attachment":[{"href":"https:\/\/www.radiopiu.net\/wordpress\/wp-json\/wp\/v2\/media?parent=336247"}],"wp:term":[{"taxonomy":"category","embeddable":true,"href":"https:\/\/www.radiopiu.net\/wordpress\/wp-json\/wp\/v2\/categories?post=336247"},{"taxonomy":"post_tag","embeddable":true,"href":"https:\/\/www.radiopiu.net\/wordpress\/wp-json\/wp\/v2\/tags?post=336247"}],"curies":[{"name":"wp","href":"https:\/\/api.w.org\/{rel}","templated":true}]}}