{"id":336270,"date":"2023-05-17T16:25:12","date_gmt":"2023-05-17T14:25:12","guid":{"rendered":"https:\/\/www.radiopiu.net\/wordpress\/?p=336270"},"modified":"2023-05-17T16:25:12","modified_gmt":"2023-05-17T14:25:12","slug":"anche-il-soccorso-alpino-e-speleologico-veneto-in-emilia-romagna-in-aiuto-della-popolazione","status":"publish","type":"post","link":"https:\/\/www.radiopiu.net\/wordpress\/anche-il-soccorso-alpino-e-speleologico-veneto-in-emilia-romagna-in-aiuto-della-popolazione\/","title":{"rendered":"ANCHE IL SOCCORSO ALPINO E SPELEOLOGICO VENETO IN EMILIA ROMAGNA IN AIUTO DELLA POPOLAZIONE"},"content":{"rendered":"<p><strong>REDAZIONE <\/strong>Ininterrotti gli interventi dei tecnici del Soccorso Alpino e Speleologico Emilia-Romagna che, dalla notte di marted\u00ec, si stanno svolgendo nelle zone maggiormente colpite dal maltempo. Le zone interessate riguardano sia quelle montane dell\u2019Appennino sia zone di pianura dove i disagi e danni sono ingenti. Le zone di montagna maggiormente interessate sono quelle del Faentino (Modigliana, Brisighella e Casola Valsenio), del Forlivese (Rocca San Casciano, Predappio e Santa Sofia) e del Cesanate (San Pietro In Bagno). Numerosi gli interventi in corso per: soccorso, evacuazione, resi estremamente complessi dalla continua pioggia e smottamenti, in particolar modo nella zona montana, dove le strade sono interrotte per crolli e frane che impediscono il passaggio anche dei mezzi di soccorso. Nelle prime ore della mattina una ventina di tecnici del Soccorso Alpino e Speleologico hanno cercato di raggiungere a piedi alcune case isolate, situate nelle localit\u00e0 dell&#8217;Appennino, per valutare la situazione ma gi\u00e0 il raggiungimento di queste non \u00e8 stato facile per l\u2019assenza di collegamenti stradali interrotti dalle numerosi riversamenti di materiale franoso sulle strade. Anche nelle aree allagate in pianura i tecnici stanno operando su pi\u00f9 fronti: Soccorso Alpino e Speleologico Emilia-Romagna da ieri sera, a Forl\u00ec, \u00e8 presente sul campo con 6 tecnici del Soccorso in Forra che hanno evacuato numerose persone in difficolt\u00e0. A Cesena, da stanotte, operano pi\u00f9 forze del Soccorso Alpino e Speleologico: una squadra dell\u2019Emilia Romagna \u00e8 impegnata una squadra con 4 tecnici specializzati in ambiente acquatico (tra cui era presente anche un sanitario); da questa mattina \u00e8 giunta sul posto anche una squadra composta da 5 tecnici (sempre specializzati in ambiente acquatico) intervenuti presso l\u2019ospedale di Cesena. In citt\u00e0 sono presenti anche: una squadra di 10 tecnici del Soccorso in Forra proveniente delle Marche e un\u2019altra con 8 tecnici provenienti dall\u2019Umbria (sempre specializzata in ambiente acquatico). A Castel Bolognese (provincia Ravenna) sta intervenendo una squadra proveniente dal Veneto composta da 5 tecnici specializzati in forre e due tecnici del Soccorso alpino.\u00a0 Le squadre presenti si coordinano con il Dipartimento di Protezione Civile, la Protezione Civile regionale, il 118 e i Vigili del Fuoco. Al momento, causa meteo avverso, non volano elicotteri sanitari mentre sono impegnati quelli di Aeronautica Militare, Vigili del Fuoco, Esercito Italiano, Guardia di Finanza e si stanno attivando altri Enti di Protezione Civile.<\/p>\n\n\t\t\t<style type='text\/css'>\n\t\t\t\t#gallery-1 {\n\t\t\t\t\tmargin: auto;\n\t\t\t\t}\n\t\t\t\t#gallery-1 .gallery-item {\n\t\t\t\t\tfloat: left;\n\t\t\t\t\tmargin-top: 10px;\n\t\t\t\t\ttext-align: center;\n\t\t\t\t\twidth: 33%;\n\t\t\t\t}\n\t\t\t\t#gallery-1 img {\n\t\t\t\t\tborder: 2px solid #cfcfcf;\n\t\t\t\t}\n\t\t\t\t#gallery-1 .gallery-caption {\n\t\t\t\t\tmargin-left: 0;\n\t\t\t\t}\n\t\t\t\t\/* see gallery_shortcode() in wp-includes\/media.php *\/\n\t\t\t<\/style>\n\t\t<div id='gallery-1' class='dt-gallery-container gallery galleryid-336270 gallery-columns-3 gallery-size-medium'><dl class='gallery-item'>\n\t\t\t\t<dt class='gallery-icon portrait'>\n\t\t\t\t\t<a class=\"rollover rollover-zoom dt-pswp-item\" title=\"Point Blur_May172023_160731\" data-dt-img-description=\"\" data-large_image_width=\"1773\" data-large_image_height=\"2364\"href='https:\/\/www.radiopiu.net\/wordpress\/wp-content\/uploads\/2023\/05\/Point-Blur_May172023_160731.jpg'><img loading=\"lazy\" decoding=\"async\" width=\"225\" height=\"300\" src=\"https:\/\/www.radiopiu.net\/wordpress\/wp-content\/uploads\/2023\/05\/Point-Blur_May172023_160731-225x300.jpg\" class=\"attachment-medium size-medium\" alt=\"\" srcset=\"https:\/\/www.radiopiu.net\/wordpress\/wp-content\/uploads\/2023\/05\/Point-Blur_May172023_160731-225x300.jpg 225w, https:\/\/www.radiopiu.net\/wordpress\/wp-content\/uploads\/2023\/05\/Point-Blur_May172023_160731-768x1024.jpg 768w, https:\/\/www.radiopiu.net\/wordpress\/wp-content\/uploads\/2023\/05\/Point-Blur_May172023_160731-1152x1536.jpg 1152w, https:\/\/www.radiopiu.net\/wordpress\/wp-content\/uploads\/2023\/05\/Point-Blur_May172023_160731-1536x2048.jpg 1536w, https:\/\/www.radiopiu.net\/wordpress\/wp-content\/uploads\/2023\/05\/Point-Blur_May172023_160731.jpg 1773w\" sizes=\"auto, (max-width: 225px) 100vw, 225px\" \/><\/a>\n\t\t\t\t<\/dt><\/dl><dl class='gallery-item'>\n\t\t\t\t<dt class='gallery-icon landscape'>\n\t\t\t\t\t<a class=\"rollover rollover-zoom dt-pswp-item\" title=\"Point Blur_May172023_160804\" data-dt-img-description=\"\" data-large_image_width=\"2364\" data-large_image_height=\"1773\"href='https:\/\/www.radiopiu.net\/wordpress\/wp-content\/uploads\/2023\/05\/Point-Blur_May172023_160804.jpg'><img loading=\"lazy\" decoding=\"async\" width=\"300\" height=\"225\" src=\"https:\/\/www.radiopiu.net\/wordpress\/wp-content\/uploads\/2023\/05\/Point-Blur_May172023_160804-300x225.jpg\" class=\"attachment-medium size-medium\" alt=\"\" srcset=\"https:\/\/www.radiopiu.net\/wordpress\/wp-content\/uploads\/2023\/05\/Point-Blur_May172023_160804-300x225.jpg 300w, https:\/\/www.radiopiu.net\/wordpress\/wp-content\/uploads\/2023\/05\/Point-Blur_May172023_160804-1024x768.jpg 1024w, https:\/\/www.radiopiu.net\/wordpress\/wp-content\/uploads\/2023\/05\/Point-Blur_May172023_160804-768x576.jpg 768w, https:\/\/www.radiopiu.net\/wordpress\/wp-content\/uploads\/2023\/05\/Point-Blur_May172023_160804-1536x1152.jpg 1536w, https:\/\/www.radiopiu.net\/wordpress\/wp-content\/uploads\/2023\/05\/Point-Blur_May172023_160804-2048x1536.jpg 2048w\" sizes=\"auto, (max-width: 300px) 100vw, 300px\" \/><\/a>\n\t\t\t\t<\/dt><\/dl><dl class='gallery-item'>\n\t\t\t\t<dt class='gallery-icon portrait'>\n\t\t\t\t\t<a class=\"rollover rollover-zoom dt-pswp-item\" title=\"Watermark_20230517_155934_904\" data-dt-img-description=\"\" data-large_image_width=\"1773\" data-large_image_height=\"2364\"href='https:\/\/www.radiopiu.net\/wordpress\/wp-content\/uploads\/2023\/05\/Watermark_20230517_155934_904.jpg'><img loading=\"lazy\" decoding=\"async\" width=\"225\" height=\"300\" src=\"https:\/\/www.radiopiu.net\/wordpress\/wp-content\/uploads\/2023\/05\/Watermark_20230517_155934_904-225x300.jpg\" class=\"attachment-medium size-medium\" alt=\"\" srcset=\"https:\/\/www.radiopiu.net\/wordpress\/wp-content\/uploads\/2023\/05\/Watermark_20230517_155934_904-225x300.jpg 225w, https:\/\/www.radiopiu.net\/wordpress\/wp-content\/uploads\/2023\/05\/Watermark_20230517_155934_904-768x1024.jpg 768w, https:\/\/www.radiopiu.net\/wordpress\/wp-content\/uploads\/2023\/05\/Watermark_20230517_155934_904-1152x1536.jpg 1152w, https:\/\/www.radiopiu.net\/wordpress\/wp-content\/uploads\/2023\/05\/Watermark_20230517_155934_904-1536x2048.jpg 1536w, https:\/\/www.radiopiu.net\/wordpress\/wp-content\/uploads\/2023\/05\/Watermark_20230517_155934_904.jpg 1773w\" sizes=\"auto, (max-width: 225px) 100vw, 225px\" \/><\/a>\n\t\t\t\t<\/dt><\/dl><br style=\"clear: both\" \/>\n\t\t\t<\/div>\n\n<p>&nbsp;<\/p>\n<p>&nbsp;<\/p>\n<p>*******<\/p>\n","protected":false},"excerpt":{"rendered":"<p>REDAZIONE Ininterrotti gli interventi dei tecnici del Soccorso Alpino e Speleologico Emilia-Romagna che, dalla notte di marted\u00ec, si stanno svolgendo nelle zone maggiormente colpite dal maltempo. Le zone interessate riguardano sia quelle montane dell\u2019Appennino sia zone di pianura dove i disagi e danni sono ingenti. Le zone di montagna maggiormente interessate sono quelle del Faentino&hellip;<\/p>\n","protected":false},"author":4,"featured_media":336276,"comment_status":"closed","ping_status":"closed","sticky":false,"template":"","format":"standard","meta":{"_monsterinsights_skip_tracking":false,"_monsterinsights_sitenote_active":false,"_monsterinsights_sitenote_note":"","_monsterinsights_sitenote_category":0,"footnotes":""},"categories":[51,49],"tags":[],"class_list":["post-336270","post","type-post","status-publish","format-standard","has-post-thumbnail","hentry","category-evidenza-top","category-news-18","category-51","category-49","description-off"],"img_url":"https:\/\/www.radiopiu.net\/wordpress\/wp-content\/uploads\/2023\/05\/Point-Blur_May172023_160804.jpg","_links":{"self":[{"href":"https:\/\/www.radiopiu.net\/wordpress\/wp-json\/wp\/v2\/posts\/336270","targetHints":{"allow":["GET"]}}],"collection":[{"href":"https:\/\/www.radiopiu.net\/wordpress\/wp-json\/wp\/v2\/posts"}],"about":[{"href":"https:\/\/www.radiopiu.net\/wordpress\/wp-json\/wp\/v2\/types\/post"}],"author":[{"embeddable":true,"href":"https:\/\/www.radiopiu.net\/wordpress\/wp-json\/wp\/v2\/users\/4"}],"replies":[{"embeddable":true,"href":"https:\/\/www.radiopiu.net\/wordpress\/wp-json\/wp\/v2\/comments?post=336270"}],"version-history":[{"count":0,"href":"https:\/\/www.radiopiu.net\/wordpress\/wp-json\/wp\/v2\/posts\/336270\/revisions"}],"wp:featuredmedia":[{"embeddable":true,"href":"https:\/\/www.radiopiu.net\/wordpress\/wp-json\/wp\/v2\/media\/336276"}],"wp:attachment":[{"href":"https:\/\/www.radiopiu.net\/wordpress\/wp-json\/wp\/v2\/media?parent=336270"}],"wp:term":[{"taxonomy":"category","embeddable":true,"href":"https:\/\/www.radiopiu.net\/wordpress\/wp-json\/wp\/v2\/categories?post=336270"},{"taxonomy":"post_tag","embeddable":true,"href":"https:\/\/www.radiopiu.net\/wordpress\/wp-json\/wp\/v2\/tags?post=336270"}],"curies":[{"name":"wp","href":"https:\/\/api.w.org\/{rel}","templated":true}]}}