{"id":336305,"date":"2023-05-19T05:22:13","date_gmt":"2023-05-19T03:22:13","guid":{"rendered":"https:\/\/www.radiopiu.net\/wordpress\/?p=336305"},"modified":"2023-05-19T06:50:54","modified_gmt":"2023-05-19T04:50:54","slug":"giornale-radiopiu-19-maggio-2023-direttore-mirko-mezzacasa-verso-i-40-anni-25-giugno-1983-25-giugno-2023","status":"publish","type":"post","link":"https:\/\/www.radiopiu.net\/wordpress\/giornale-radiopiu-19-maggio-2023-direttore-mirko-mezzacasa-verso-i-40-anni-25-giugno-1983-25-giugno-2023\/","title":{"rendered":"GIORNALE RADIOPIU 19 MAGGIO 2023 DIRETTORE MIRKO MEZZACASA&#8230;verso i 40 anni 25 giugno 1983-25 giugno 2023"},"content":{"rendered":"<h2 style=\"text-align: left;\"><span style=\"color: #ff0000;\"><span style=\"vertical-align: inherit;\"><a class=\"dt-pswp-item\" href=\"https:\/\/www.radiopiu.net\/wordpress\/wp-content\/uploads\/2023\/04\/e0aad41d-951e-47b9-9fae-1a879a9bcb7e-1.jpg\" data-dt-img-description=\"\" data-large_image_width=\"1200\" data-large_image_height=\"1200\"><img loading=\"lazy\" decoding=\"async\" class=\"wp-image-333205 alignleft\" src=\"https:\/\/www.radiopiu.net\/wordpress\/wp-content\/uploads\/2023\/04\/e0aad41d-951e-47b9-9fae-1a879a9bcb7e-1-300x300.jpg\" alt=\"\" width=\"110\" height=\"110\" srcset=\"https:\/\/www.radiopiu.net\/wordpress\/wp-content\/uploads\/2023\/04\/e0aad41d-951e-47b9-9fae-1a879a9bcb7e-1-300x300.jpg 300w, https:\/\/www.radiopiu.net\/wordpress\/wp-content\/uploads\/2023\/04\/e0aad41d-951e-47b9-9fae-1a879a9bcb7e-1-1024x1024.jpg 1024w, https:\/\/www.radiopiu.net\/wordpress\/wp-content\/uploads\/2023\/04\/e0aad41d-951e-47b9-9fae-1a879a9bcb7e-1-150x150.jpg 150w, https:\/\/www.radiopiu.net\/wordpress\/wp-content\/uploads\/2023\/04\/e0aad41d-951e-47b9-9fae-1a879a9bcb7e-1-768x768.jpg 768w, https:\/\/www.radiopiu.net\/wordpress\/wp-content\/uploads\/2023\/04\/e0aad41d-951e-47b9-9fae-1a879a9bcb7e-1.jpg 1200w\" sizes=\"auto, (max-width: 110px) 100vw, 110px\" \/><\/a><\/span><\/span><\/h2>\n<h2 style=\"text-align: left;\"><span style=\"color: #ff0000;\"><span style=\"vertical-align: inherit;\">ISCRIVITI AL NOSTRO CANALE\u00a0 <\/span><\/span><span style=\"vertical-align: inherit;\"> YOUTUBE PER SEGUIRE IN DIRETTA I PRINCIPALI PROGRAMMI DI RADIO PIU&#8217; E LE FUTURE DIRETTE IN ESTERNA. PER ISCRIVERTI <\/span><a style=\"color: #ff0000;\" href=\"https:\/\/youtube.com\/@radiopiu1527\"><span style=\"vertical-align: inherit;\">CLICCA QUI <\/span><\/a><span style=\"color: #ff0000; font-size: 14px; font-weight: normal;\"><span style=\"vertical-align: inherit;\">E PREMI\u00a0 &#8220;Iscriviti&#8221;\u00a0 \u00a0 \u00a0\u00a0<\/span><\/span><\/h2>\n<p>LE DIRETTE DI RADIO PIU<br \/>\n<strong>OGGI DALLE 9 DALL&#8217;ISTITUTO FOLLADOR DI AGORDO, LO WORKSHOP DEL MINERARIO. SUI CANALI FACEBOOK, INSTAGRAM E SITO RADIO PIU<\/strong><br \/>\n<strong>ALLE 10 DIRETTA DALLA VALLE DI SAN LUCANO, L&#8217;INAUGURAZIONE DELLA CALCHERA.SUI CANALI FACEBOOK, INSTAGRAM E SITO RADIO PIU<\/strong><\/p>\n<p>&nbsp;<\/p>\n<hr \/>\n<p>&nbsp;<\/p>\n<p><strong>Marilena Zanin, infermiera del Servizio Igiene e Sanit\u00e0 Pubblica di Agordo, chiude il Centro Vaccinale delle Dolomiti Agordine in localit\u00e0 Tamonich<\/strong><\/p>\n<p><a class=\"dt-pswp-item\" href=\"https:\/\/www.radiopiu.net\/wordpress\/wp-content\/uploads\/2023\/05\/Senza-nome-6.png\" data-dt-img-description=\"\" data-large_image_width=\"683\" data-large_image_height=\"488\"><img loading=\"lazy\" decoding=\"async\" class=\"size-medium wp-image-336485 aligncenter\" src=\"https:\/\/www.radiopiu.net\/wordpress\/wp-content\/uploads\/2023\/05\/Senza-nome-6-300x214.png\" alt=\"\" width=\"300\" height=\"214\" srcset=\"https:\/\/www.radiopiu.net\/wordpress\/wp-content\/uploads\/2023\/05\/Senza-nome-6-300x214.png 300w, https:\/\/www.radiopiu.net\/wordpress\/wp-content\/uploads\/2023\/05\/Senza-nome-6.png 683w\" sizes=\"auto, (max-width: 300px) 100vw, 300px\" \/><br \/>\n<\/a><\/p>\n<hr \/>\n<p>&nbsp;<\/p>\n<blockquote>\n<h3>OGGI AD ALLEGHE I GIOVANI PRESENTANO LA NUOVA PROLOCO<\/h3>\n<\/blockquote>\n\n\t\t\t<style type='text\/css'>\n\t\t\t\t#gallery-1 {\n\t\t\t\t\tmargin: auto;\n\t\t\t\t}\n\t\t\t\t#gallery-1 .gallery-item {\n\t\t\t\t\tfloat: left;\n\t\t\t\t\tmargin-top: 10px;\n\t\t\t\t\ttext-align: center;\n\t\t\t\t\twidth: 50%;\n\t\t\t\t}\n\t\t\t\t#gallery-1 img {\n\t\t\t\t\tborder: 2px solid #cfcfcf;\n\t\t\t\t}\n\t\t\t\t#gallery-1 .gallery-caption {\n\t\t\t\t\tmargin-left: 0;\n\t\t\t\t}\n\t\t\t\t\/* see gallery_shortcode() in wp-includes\/media.php *\/\n\t\t\t<\/style>\n\t\t<div id='gallery-1' class='dt-gallery-container gallery galleryid-336305 gallery-columns-2 gallery-size-medium'><dl class='gallery-item'>\n\t\t\t\t<dt class='gallery-icon landscape'>\n\t\t\t\t\t<a class=\"rollover rollover-zoom dt-pswp-item\" title=\"proloc2\" data-dt-img-description=\"\" data-large_image_width=\"301\" data-large_image_height=\"233\"href='https:\/\/www.radiopiu.net\/wordpress\/wp-content\/uploads\/2023\/05\/proloc2.png'><img loading=\"lazy\" decoding=\"async\" width=\"300\" height=\"232\" src=\"https:\/\/www.radiopiu.net\/wordpress\/wp-content\/uploads\/2023\/05\/proloc2.png\" class=\"attachment-medium size-medium\" alt=\"\" \/><\/a>\n\t\t\t\t<\/dt><\/dl><dl class='gallery-item'>\n\t\t\t\t<dt class='gallery-icon landscape'>\n\t\t\t\t\t<a class=\"rollover rollover-zoom dt-pswp-item\" title=\"proloco 1\" data-dt-img-description=\"\" data-large_image_width=\"459\" data-large_image_height=\"437\"href='https:\/\/www.radiopiu.net\/wordpress\/wp-content\/uploads\/2023\/05\/proloco-1.png'><img loading=\"lazy\" decoding=\"async\" width=\"300\" height=\"286\" src=\"https:\/\/www.radiopiu.net\/wordpress\/wp-content\/uploads\/2023\/05\/proloco-1-300x286.png\" class=\"attachment-medium size-medium\" alt=\"\" srcset=\"https:\/\/www.radiopiu.net\/wordpress\/wp-content\/uploads\/2023\/05\/proloco-1-300x286.png 300w, https:\/\/www.radiopiu.net\/wordpress\/wp-content\/uploads\/2023\/05\/proloco-1.png 459w\" sizes=\"auto, (max-width: 300px) 100vw, 300px\" \/><\/a>\n\t\t\t\t<\/dt><\/dl><br style=\"clear: both\" \/>\n\t\t\t<\/div>\n\n<blockquote>\n<h2><\/h2>\n<\/blockquote>\n<p><strong>LO SPOT ALLA RADIO<\/strong><\/p>\n<audio class=\"wp-audio-shortcode\" id=\"audio-336305-1\" preload=\"none\" style=\"width: 100%;\" controls=\"controls\"><source type=\"audio\/mpeg\" src=\"https:\/\/www.radiopiu.net\/wordpress\/wp-content\/uploads\/2023\/05\/PROMO-PRO-LOCO-ALLEGHE-2023.mp3?_=1\" \/><a href=\"https:\/\/www.radiopiu.net\/wordpress\/wp-content\/uploads\/2023\/05\/PROMO-PRO-LOCO-ALLEGHE-2023.mp3\">https:\/\/www.radiopiu.net\/wordpress\/wp-content\/uploads\/2023\/05\/PROMO-PRO-LOCO-ALLEGHE-2023.mp3<\/a><\/audio>\n<p>&nbsp;<\/p>\n<p><strong>IL SINDACO DANILO DE TONI<\/strong><\/p>\n<audio class=\"wp-audio-shortcode\" id=\"audio-336305-2\" preload=\"none\" style=\"width: 100%;\" controls=\"controls\"><source type=\"audio\/mpeg\" src=\"https:\/\/www.radiopiu.net\/wordpress\/wp-content\/uploads\/2023\/05\/DANILO.mp3?_=2\" \/><a href=\"https:\/\/www.radiopiu.net\/wordpress\/wp-content\/uploads\/2023\/05\/DANILO.mp3\">https:\/\/www.radiopiu.net\/wordpress\/wp-content\/uploads\/2023\/05\/DANILO.mp3<\/a><\/audio>\n<p>&nbsp;<\/p>\n<p><strong>IL PRESIDENTE DELLA PROLOCO DI AGORDO<\/strong><\/p>\n<audio class=\"wp-audio-shortcode\" id=\"audio-336305-3\" preload=\"none\" style=\"width: 100%;\" controls=\"controls\"><source type=\"audio\/mpeg\" src=\"https:\/\/www.radiopiu.net\/wordpress\/wp-content\/uploads\/2023\/05\/DANIELE-GALLIGANI.mp3?_=3\" \/><a href=\"https:\/\/www.radiopiu.net\/wordpress\/wp-content\/uploads\/2023\/05\/DANIELE-GALLIGANI.mp3\">https:\/\/www.radiopiu.net\/wordpress\/wp-content\/uploads\/2023\/05\/DANIELE-GALLIGANI.mp3<\/a><\/audio>\n<p>&nbsp;<\/p>\n<p>&nbsp;<\/p>\n<hr \/>\n<p><a class=\"dt-pswp-item\" href=\"https:\/\/www.radiopiu.net\/wordpress\/wp-content\/uploads\/2023\/05\/42738661-3114-473b-9a96-a9bee5763ee6-169x300-1.jpg\" data-dt-img-description=\"\" data-large_image_width=\"169\" data-large_image_height=\"300\"><img loading=\"lazy\" decoding=\"async\" class=\"wp-image-336121 alignleft\" src=\"https:\/\/www.radiopiu.net\/wordpress\/wp-content\/uploads\/2023\/05\/42738661-3114-473b-9a96-a9bee5763ee6-169x300-1.jpg\" alt=\"\" width=\"82\" height=\"146\" \/><\/a><\/p>\n<div class=\"page-title-head hgroup\">\n<blockquote>\n<h3 class=\"entry-title\">OGGI A GONA CHIUDE LA STRADA PER RIVAMONTE<\/h3>\n<\/blockquote>\n<\/div>\n<div class=\"page-title-breadcrumbs\">\n<p><strong>VENETO STRADE<\/strong> Informa che oggi dalle 8 alle 17 in localit\u00e0 Gona, la strada sar\u00e0 preclusa anche ai pedoni. Interdizione totale per permetterei il proseguo del lavori di consolidamento.<\/p>\n<p>&nbsp;<\/p>\n<\/div>\n<p>&nbsp;<\/p>\n<hr \/>\n<p>&nbsp;<\/p>\n<blockquote>\n<h3>CHIUSO IL SENTIERO CAI 551<\/h3>\n<\/blockquote>\n<p><strong>LA VALLE AGORDINA<\/strong> Il sentiero CAI 551 \u00e8 stato chiuso tra le localit\u00e0 Forca e Capitel Di Fries per cantiere boschivo. Il tratto rimarr\u00e0 chiuso fino al 01 giugno. Il transito a piedi o con bicicletta \u00e8 consentito solo fino al bivio in localit\u00e0 Forca.<\/p>\n<p>&nbsp;<\/p>\n<p>&nbsp;<\/p>\n<hr \/>\n<p>&nbsp;<\/p>\n<blockquote>\n<h3>ACQUA NON POTABILE IN ALCUNE ZONE DI FALCADE<\/h3>\n<\/blockquote>\n<p><strong><a class=\"dt-pswp-item\" href=\"https:\/\/www.radiopiu.net\/wordpress\/wp-content\/uploads\/2018\/08\/ACQUA.jpeg\" data-dt-img-description=\"\" data-large_image_width=\"1280\" data-large_image_height=\"768\"><img loading=\"lazy\" decoding=\"async\" class=\" wp-image-57052 alignleft\" src=\"https:\/\/www.radiopiu.net\/wordpress\/wp-content\/uploads\/2018\/08\/ACQUA-300x180.jpeg\" alt=\"\" width=\"150\" height=\"90\" srcset=\"https:\/\/www.radiopiu.net\/wordpress\/wp-content\/uploads\/2018\/08\/ACQUA-300x180.jpeg 300w, https:\/\/www.radiopiu.net\/wordpress\/wp-content\/uploads\/2018\/08\/ACQUA-768x461.jpeg 768w, https:\/\/www.radiopiu.net\/wordpress\/wp-content\/uploads\/2018\/08\/ACQUA-1024x614.jpeg 1024w, https:\/\/www.radiopiu.net\/wordpress\/wp-content\/uploads\/2018\/08\/ACQUA.jpeg 1280w\" sizes=\"auto, (max-width: 150px) 100vw, 150px\" \/><\/a>FALCADE<\/strong> Gestione Servizi Pubblici informa che a FALCADE nelle localit\u00e0 FALCADE ALTO, VILLOTTA, LA FOCA E VIA MAS DE LE MOLE l&#8217;acqua erogata dall&#8217;acquedotto non \u00e8 potabile e pu\u00f2 essere usata per scopi alimentari SOLO PREVIA bollitura. GSP ha, comunque, gi\u00e0 adottato le necessarie misure per la disinfezione dell&#8217;acqua presente nei serbatoi e nella rete idrica con l&#8217;aggiunta di cloro.<\/p>\n<p>&nbsp;<\/p>\n<p>&nbsp;<\/p>\n<hr \/>\n<p>&nbsp;<\/p>\n<blockquote>\n<h3>ALLUVIONE EMILIA ROMAGNA: 760 VIGILI DEL FUOCO AL LAVORO CON 250 MEZZI<\/h3>\n<\/blockquote>\n<p><strong>REDAZIONE\u00a0<\/strong>Sono continuate anche ieri le partenze di personale e mezzi dai comandi dei Vigili del Fuoco del Veneto per rinforzare il dispositivo di soccorso per l\u2019alluvione dell\u2019Emilia Romagna. Al momento sono 85 gli operatori dei Vigili del Fuoco del Veneto, specializzati nel contrasto rischio acquatico con personale SAF (Speleo Alpino Fluviali), soccorritori acquatici, sommozzatori e personale specializzato nelle operazioni di pompaggio che stanno operando nei luoghi alluvionati. Il personale del Veneto stanno prestando soccorso nelle province di Ravenna, Forli Cesena e Bologna, integrando il dispositivo di soccorso nazionale del Corpo. Il dispositivo nazionale dei Vigili del Fuoco \u00e8 presente con oltre 900 vigili del fuoco e 300 mezzi. Svolti nelle ultime 48 ore oltre 2000 interventi. Personale impegnato per comando: Venezia 19, Padova 13, Vicenza 12, Belluno 12, Verona 11, Treviso 10, Rovigo 7.<\/p>\n\n\t\t\t<style type='text\/css'>\n\t\t\t\t#gallery-2 {\n\t\t\t\t\tmargin: auto;\n\t\t\t\t}\n\t\t\t\t#gallery-2 .gallery-item {\n\t\t\t\t\tfloat: left;\n\t\t\t\t\tmargin-top: 10px;\n\t\t\t\t\ttext-align: center;\n\t\t\t\t\twidth: 25%;\n\t\t\t\t}\n\t\t\t\t#gallery-2 img {\n\t\t\t\t\tborder: 2px solid #cfcfcf;\n\t\t\t\t}\n\t\t\t\t#gallery-2 .gallery-caption {\n\t\t\t\t\tmargin-left: 0;\n\t\t\t\t}\n\t\t\t\t\/* see gallery_shortcode() in wp-includes\/media.php *\/\n\t\t\t<\/style>\n\t\t<div id='gallery-2' class='dt-gallery-container gallery galleryid-336305 gallery-columns-4 gallery-size-medium'><dl class='gallery-item'>\n\t\t\t\t<dt class='gallery-icon landscape'>\n\t\t\t\t\t<a class=\"rollover rollover-zoom dt-pswp-item\" title=\"ag507aa_53991\" data-dt-img-description=\"\" data-large_image_width=\"1920\" data-large_image_height=\"1066\"href='https:\/\/www.radiopiu.net\/wordpress\/wp-content\/uploads\/2023\/05\/ag507aa_53991.jpg'><img loading=\"lazy\" decoding=\"async\" width=\"300\" height=\"167\" src=\"https:\/\/www.radiopiu.net\/wordpress\/wp-content\/uploads\/2023\/05\/ag507aa_53991-300x167.jpg\" class=\"attachment-medium size-medium\" alt=\"\" srcset=\"https:\/\/www.radiopiu.net\/wordpress\/wp-content\/uploads\/2023\/05\/ag507aa_53991-300x167.jpg 300w, https:\/\/www.radiopiu.net\/wordpress\/wp-content\/uploads\/2023\/05\/ag507aa_53991-1024x569.jpg 1024w, https:\/\/www.radiopiu.net\/wordpress\/wp-content\/uploads\/2023\/05\/ag507aa_53991-768x426.jpg 768w, https:\/\/www.radiopiu.net\/wordpress\/wp-content\/uploads\/2023\/05\/ag507aa_53991-1536x853.jpg 1536w, https:\/\/www.radiopiu.net\/wordpress\/wp-content\/uploads\/2023\/05\/ag507aa_53991.jpg 1920w\" sizes=\"auto, (max-width: 300px) 100vw, 300px\" \/><\/a>\n\t\t\t\t<\/dt><\/dl><dl class='gallery-item'>\n\t\t\t\t<dt class='gallery-icon landscape'>\n\t\t\t\t\t<a class=\"rollover rollover-zoom dt-pswp-item\" title=\"ag507aa_53993\" data-dt-img-description=\"\" data-large_image_width=\"1920\" data-large_image_height=\"1072\"href='https:\/\/www.radiopiu.net\/wordpress\/wp-content\/uploads\/2023\/05\/ag507aa_53993.jpg'><img loading=\"lazy\" decoding=\"async\" width=\"300\" height=\"168\" src=\"https:\/\/www.radiopiu.net\/wordpress\/wp-content\/uploads\/2023\/05\/ag507aa_53993-300x168.jpg\" class=\"attachment-medium size-medium\" alt=\"\" srcset=\"https:\/\/www.radiopiu.net\/wordpress\/wp-content\/uploads\/2023\/05\/ag507aa_53993-300x168.jpg 300w, https:\/\/www.radiopiu.net\/wordpress\/wp-content\/uploads\/2023\/05\/ag507aa_53993-1024x572.jpg 1024w, https:\/\/www.radiopiu.net\/wordpress\/wp-content\/uploads\/2023\/05\/ag507aa_53993-768x429.jpg 768w, https:\/\/www.radiopiu.net\/wordpress\/wp-content\/uploads\/2023\/05\/ag507aa_53993-1536x858.jpg 1536w, https:\/\/www.radiopiu.net\/wordpress\/wp-content\/uploads\/2023\/05\/ag507aa_53993.jpg 1920w\" sizes=\"auto, (max-width: 300px) 100vw, 300px\" \/><\/a>\n\t\t\t\t<\/dt><\/dl><dl class='gallery-item'>\n\t\t\t\t<dt class='gallery-icon landscape'>\n\t\t\t\t\t<a class=\"rollover rollover-zoom dt-pswp-item\" title=\"ag507aa_54010\" data-dt-img-description=\"\" data-large_image_width=\"1920\" data-large_image_height=\"1076\"href='https:\/\/www.radiopiu.net\/wordpress\/wp-content\/uploads\/2023\/05\/ag507aa_54010.jpg'><img loading=\"lazy\" decoding=\"async\" width=\"300\" height=\"168\" src=\"https:\/\/www.radiopiu.net\/wordpress\/wp-content\/uploads\/2023\/05\/ag507aa_54010-300x168.jpg\" class=\"attachment-medium size-medium\" alt=\"\" srcset=\"https:\/\/www.radiopiu.net\/wordpress\/wp-content\/uploads\/2023\/05\/ag507aa_54010-300x168.jpg 300w, https:\/\/www.radiopiu.net\/wordpress\/wp-content\/uploads\/2023\/05\/ag507aa_54010-1024x574.jpg 1024w, https:\/\/www.radiopiu.net\/wordpress\/wp-content\/uploads\/2023\/05\/ag507aa_54010-768x430.jpg 768w, https:\/\/www.radiopiu.net\/wordpress\/wp-content\/uploads\/2023\/05\/ag507aa_54010-1536x861.jpg 1536w, https:\/\/www.radiopiu.net\/wordpress\/wp-content\/uploads\/2023\/05\/ag507aa_54010.jpg 1920w\" sizes=\"auto, (max-width: 300px) 100vw, 300px\" \/><\/a>\n\t\t\t\t<\/dt><\/dl><dl class='gallery-item'>\n\t\t\t\t<dt class='gallery-icon landscape'>\n\t\t\t\t\t<a class=\"rollover rollover-zoom dt-pswp-item\" title=\"ag507aa_54013\" data-dt-img-description=\"\" data-large_image_width=\"1920\" data-large_image_height=\"1071\"href='https:\/\/www.radiopiu.net\/wordpress\/wp-content\/uploads\/2023\/05\/ag507aa_54013.jpg'><img loading=\"lazy\" decoding=\"async\" width=\"300\" height=\"167\" src=\"https:\/\/www.radiopiu.net\/wordpress\/wp-content\/uploads\/2023\/05\/ag507aa_54013-300x167.jpg\" class=\"attachment-medium size-medium\" alt=\"\" srcset=\"https:\/\/www.radiopiu.net\/wordpress\/wp-content\/uploads\/2023\/05\/ag507aa_54013-300x167.jpg 300w, https:\/\/www.radiopiu.net\/wordpress\/wp-content\/uploads\/2023\/05\/ag507aa_54013-1024x571.jpg 1024w, https:\/\/www.radiopiu.net\/wordpress\/wp-content\/uploads\/2023\/05\/ag507aa_54013-768x428.jpg 768w, https:\/\/www.radiopiu.net\/wordpress\/wp-content\/uploads\/2023\/05\/ag507aa_54013-1536x857.jpg 1536w, https:\/\/www.radiopiu.net\/wordpress\/wp-content\/uploads\/2023\/05\/ag507aa_54013.jpg 1920w\" sizes=\"auto, (max-width: 300px) 100vw, 300px\" \/><\/a>\n\t\t\t\t<\/dt><\/dl><br style=\"clear: both\" \/>\n\t\t\t<\/div>\n\n<p>&nbsp;<\/p>\n<hr \/>\n<p>&nbsp;<\/p>\n<blockquote>\n<h3>AUTO CONTRO UN&#8217;ABITAZIONE AD AURONZO<br \/>\nl&#8217;importanta di &#8220;tirare&#8221; il freno a mano<\/h3>\n<\/blockquote>\n<p><strong>AURONZO<\/strong> Nel primo pomeriggio di ieri i Vigili del Fuoco sono intervenuti in Via Venezia ad Auronzo di Cadore dove sono accorsi per il recupero di un&#8217;auto che ha terminato la sua corsa contro un&#8217;abitazione dopo essere uscita di strada. Sul posto i pompieri di Santo Stefano di Cadore e l&#8217;autogru di Belluno. nessuna persona \u00e8 rimasta ferita.<\/p>\n\n\t\t\t<style type='text\/css'>\n\t\t\t\t#gallery-3 {\n\t\t\t\t\tmargin: auto;\n\t\t\t\t}\n\t\t\t\t#gallery-3 .gallery-item {\n\t\t\t\t\tfloat: left;\n\t\t\t\t\tmargin-top: 10px;\n\t\t\t\t\ttext-align: center;\n\t\t\t\t\twidth: 50%;\n\t\t\t\t}\n\t\t\t\t#gallery-3 img {\n\t\t\t\t\tborder: 2px solid #cfcfcf;\n\t\t\t\t}\n\t\t\t\t#gallery-3 .gallery-caption {\n\t\t\t\t\tmargin-left: 0;\n\t\t\t\t}\n\t\t\t\t\/* see gallery_shortcode() in wp-includes\/media.php *\/\n\t\t\t<\/style>\n\t\t<div id='gallery-3' class='dt-gallery-container gallery galleryid-336305 gallery-columns-2 gallery-size-medium'><dl class='gallery-item'>\n\t\t\t\t<dt class='gallery-icon landscape'>\n\t\t\t\t\t<a class=\"rollover rollover-zoom dt-pswp-item\" title=\"c1012d97-1cdf-49a0-bd88-c849a7829679\" data-dt-img-description=\"\" data-large_image_width=\"960\" data-large_image_height=\"692\"href='https:\/\/www.radiopiu.net\/wordpress\/wp-content\/uploads\/2023\/05\/c1012d97-1cdf-49a0-bd88-c849a7829679.jpg'><img loading=\"lazy\" decoding=\"async\" width=\"300\" height=\"216\" src=\"https:\/\/www.radiopiu.net\/wordpress\/wp-content\/uploads\/2023\/05\/c1012d97-1cdf-49a0-bd88-c849a7829679-300x216.jpg\" class=\"attachment-medium size-medium\" alt=\"\" srcset=\"https:\/\/www.radiopiu.net\/wordpress\/wp-content\/uploads\/2023\/05\/c1012d97-1cdf-49a0-bd88-c849a7829679-300x216.jpg 300w, https:\/\/www.radiopiu.net\/wordpress\/wp-content\/uploads\/2023\/05\/c1012d97-1cdf-49a0-bd88-c849a7829679-768x554.jpg 768w, https:\/\/www.radiopiu.net\/wordpress\/wp-content\/uploads\/2023\/05\/c1012d97-1cdf-49a0-bd88-c849a7829679.jpg 960w\" sizes=\"auto, (max-width: 300px) 100vw, 300px\" \/><\/a>\n\t\t\t\t<\/dt><\/dl><dl class='gallery-item'>\n\t\t\t\t<dt class='gallery-icon portrait'>\n\t\t\t\t\t<a class=\"rollover rollover-zoom dt-pswp-item\" title=\"73aa4bea-84d5-47e2-bc13-6d9e3c036f9e\" data-dt-img-description=\"\" data-large_image_width=\"960\" data-large_image_height=\"1140\"href='https:\/\/www.radiopiu.net\/wordpress\/wp-content\/uploads\/2023\/05\/73aa4bea-84d5-47e2-bc13-6d9e3c036f9e.jpg'><img loading=\"lazy\" decoding=\"async\" width=\"253\" height=\"300\" src=\"https:\/\/www.radiopiu.net\/wordpress\/wp-content\/uploads\/2023\/05\/73aa4bea-84d5-47e2-bc13-6d9e3c036f9e-253x300.jpg\" class=\"attachment-medium size-medium\" alt=\"\" srcset=\"https:\/\/www.radiopiu.net\/wordpress\/wp-content\/uploads\/2023\/05\/73aa4bea-84d5-47e2-bc13-6d9e3c036f9e-253x300.jpg 253w, https:\/\/www.radiopiu.net\/wordpress\/wp-content\/uploads\/2023\/05\/73aa4bea-84d5-47e2-bc13-6d9e3c036f9e-862x1024.jpg 862w, https:\/\/www.radiopiu.net\/wordpress\/wp-content\/uploads\/2023\/05\/73aa4bea-84d5-47e2-bc13-6d9e3c036f9e-768x912.jpg 768w, https:\/\/www.radiopiu.net\/wordpress\/wp-content\/uploads\/2023\/05\/73aa4bea-84d5-47e2-bc13-6d9e3c036f9e.jpg 960w\" sizes=\"auto, (max-width: 253px) 100vw, 253px\" \/><\/a>\n\t\t\t\t<\/dt><\/dl><br style=\"clear: both\" \/>\n\t\t\t<\/div>\n\n<p>&nbsp;<\/p>\n<hr \/>\n<p>&nbsp;<\/p>\n<blockquote>\n<h2>PALPEGGIO&#8217; UNA 14ENNE, CHIESTA LA CONDANNA DI UN ANNO E MEZZO<\/h2>\n<\/blockquote>\n<p><strong>OGGI SUL CORRIERE DELLE ALPI<\/strong><\/p>\n<p><strong>DI GIGI SOSSO<\/strong><\/p>\n<p><strong><img loading=\"lazy\" decoding=\"async\" class=\"alignleft\" src=\"https:\/\/www.radiopiu.net\/wordpress\/wp-content\/uploads\/2020\/11\/VIOLENZA-DONNE.jpg\" width=\"91\" height=\"74\" \/>BELLUNO<\/strong> Madre e figlia minorenne hanno accusato un amico di famiglia di violenza sessuale. Il pubblico ministero Simone Marcon ha chiesto una condanna di un anno e sei mesi di reclusione per l&#8217;imputato in un processo abbreviato. Il difensore di fiducia Giorgio Gasperin ha invece richiesto l&#8217;assoluzione, citando insufficienza o contraddittoriet\u00e0 delle prove. La sentenza \u00e8 stata rinviata al 18 luglio per eventuali repliche. Non sono state presentate richieste di risarcimento danni e le donne si accontenterebbero della condanna dell&#8217;imputato. La vicenda riguarda episodi avvenuti due anni fa, quando l&#8217;uomo avrebbe molestato sia la ragazza che sua madre.<\/p>\n<p>&nbsp;<\/p>\n<hr \/>\n<p>&nbsp;<\/p>\n<p>&nbsp;<\/p>\n<blockquote>\n<h3>OGGI LA COTA ALLA CALCHERA IN VALLE DI SAN LUCANO<\/h3>\n<\/blockquote>\n<p><strong><a class=\"dt-pswp-item\" href=\"https:\/\/www.radiopiu.net\/wordpress\/wp-content\/uploads\/2023\/04\/calchera-de-le-torte.jpg\" data-dt-img-description=\"\" data-large_image_width=\"1920\" data-large_image_height=\"1080\"><img loading=\"lazy\" decoding=\"async\" class=\" wp-image-333411 alignleft\" src=\"https:\/\/www.radiopiu.net\/wordpress\/wp-content\/uploads\/2023\/04\/calchera-de-le-torte-300x169.jpg\" alt=\"\" width=\"199\" height=\"112\" srcset=\"https:\/\/www.radiopiu.net\/wordpress\/wp-content\/uploads\/2023\/04\/calchera-de-le-torte-300x169.jpg 300w, https:\/\/www.radiopiu.net\/wordpress\/wp-content\/uploads\/2023\/04\/calchera-de-le-torte-1024x576.jpg 1024w, https:\/\/www.radiopiu.net\/wordpress\/wp-content\/uploads\/2023\/04\/calchera-de-le-torte-768x432.jpg 768w, https:\/\/www.radiopiu.net\/wordpress\/wp-content\/uploads\/2023\/04\/calchera-de-le-torte-1536x864.jpg 1536w, https:\/\/www.radiopiu.net\/wordpress\/wp-content\/uploads\/2023\/04\/calchera-de-le-torte.jpg 1920w\" sizes=\"auto, (max-width: 199px) 100vw, 199px\" \/><\/a>TAIBON<\/strong><\/p>\n<p>di Gianni Santomaso<\/p>\n<audio class=\"wp-audio-shortcode\" id=\"audio-336305-4\" preload=\"none\" style=\"width: 100%;\" controls=\"controls\"><source type=\"audio\/mpeg\" src=\"https:\/\/www.radiopiu.net\/wordpress\/wp-content\/uploads\/2023\/05\/GIANNI-CALCHERA-VALLE-SAN-LUCANO.mp3?_=4\" \/><a href=\"https:\/\/www.radiopiu.net\/wordpress\/wp-content\/uploads\/2023\/05\/GIANNI-CALCHERA-VALLE-SAN-LUCANO.mp3\">https:\/\/www.radiopiu.net\/wordpress\/wp-content\/uploads\/2023\/05\/GIANNI-CALCHERA-VALLE-SAN-LUCANO.mp3<\/a><\/audio>\n<p>&nbsp;<\/p>\n<p>&nbsp;<\/p>\n<hr \/>\n<p>&nbsp;<\/p>\n<blockquote>\n<h3>DAL BEN NOMINATO COMMISSARIO ULSS 1 DOLOMITI<\/h3>\n<\/blockquote>\n<p><strong><a class=\"dt-pswp-item\" href=\"https:\/\/www.radiopiu.net\/wordpress\/wp-content\/uploads\/2023\/05\/DAL-BEN.jpg\" data-dt-img-description=\"\" data-large_image_width=\"277\" data-large_image_height=\"190\"><img loading=\"lazy\" decoding=\"async\" class=\" wp-image-336389 alignleft\" src=\"https:\/\/www.radiopiu.net\/wordpress\/wp-content\/uploads\/2023\/05\/DAL-BEN.jpg\" alt=\"\" width=\"166\" height=\"114\" \/><\/a>VENEZIA <\/strong>Il dottor Giuseppe Dal Ben \u00e8 stato nominato Commissario dell\u2019Ulss 1 Dolomiti. L\u2019incarico \u00e8 conferito da ieri \u201ce fino all\u2019attribuzione dell\u2019incarico di direttore generale della medesima Ulss, salvo diverse determinazioni del Presidente della Giunta Regionale\u201d. Dal Ben mantiene l\u2019incarico di direttore generale dell\u2019Azienda Ospedale Universit\u00e0 di Padova e come Commissario a Belluno non percepir\u00e0 emolumenti. Il Presidente della Regione e l\u2019Assessore alla Sanit\u00e0, nel rinnovare il cordoglio per la prematura scomparsa della direttrice generale Maria Grazia Carraro, hanno rivolto a Dal Ben gli auguri di buon lavoro, nella certezza che la sua esperienza sar\u00e0 preziosa per la miglior gestione dei servizi sanitari agli assistiti bellunesi.<\/p>\n<p>&nbsp;<\/p>\n<p>&nbsp;<\/p>\n<hr \/>\n<p>&nbsp;<\/p>\n<blockquote>\n<h3>ROCCA PIETORE: A BREVE PARTIRANNO I LAVORI SULLA STRADA CHE DA SAVINER SALE VERSO SOPRA CORDEVOLE<\/h3>\n<\/blockquote>\n<p><strong>di Gianni Santomaso<\/strong><\/p>\n<audio class=\"wp-audio-shortcode\" id=\"audio-336305-5\" preload=\"none\" style=\"width: 100%;\" controls=\"controls\"><source type=\"audio\/mpeg\" src=\"https:\/\/www.radiopiu.net\/wordpress\/wp-content\/uploads\/2023\/05\/GIANNI-LAVORI-ROCCA-PIETORE.mp3?_=5\" \/><a href=\"https:\/\/www.radiopiu.net\/wordpress\/wp-content\/uploads\/2023\/05\/GIANNI-LAVORI-ROCCA-PIETORE.mp3\">https:\/\/www.radiopiu.net\/wordpress\/wp-content\/uploads\/2023\/05\/GIANNI-LAVORI-ROCCA-PIETORE.mp3<\/a><\/audio>\n<p>&nbsp;<\/p>\n<p><a class=\"dt-pswp-item\" href=\"https:\/\/www.radiopiu.net\/wordpress\/wp-content\/uploads\/2021\/03\/ANDREA-DE-BERNARDIN.jpg\" data-dt-img-description=\"andrea de bernardin\" data-large_image_width=\"960\" data-large_image_height=\"540\"><img loading=\"lazy\" decoding=\"async\" class=\"alignleft wp-image-195558 \" src=\"https:\/\/www.radiopiu.net\/wordpress\/wp-content\/uploads\/2021\/03\/ANDREA-DE-BERNARDIN-300x169.jpg\" alt=\"\" width=\"183\" height=\"103\" srcset=\"https:\/\/www.radiopiu.net\/wordpress\/wp-content\/uploads\/2021\/03\/ANDREA-DE-BERNARDIN-300x169.jpg 300w, https:\/\/www.radiopiu.net\/wordpress\/wp-content\/uploads\/2021\/03\/ANDREA-DE-BERNARDIN-768x432.jpg 768w, https:\/\/www.radiopiu.net\/wordpress\/wp-content\/uploads\/2021\/03\/ANDREA-DE-BERNARDIN.jpg 960w\" sizes=\"auto, (max-width: 183px) 100vw, 183px\" \/><\/a><\/p>\n<p><strong>ROCCA PIETORE <\/strong>Progetto di Veneto Strade per la strada che da Saviner sale verso Sopra Cordevole. A breve partiranno i lavori per un costo di 2 milioni di euro<\/p>\n<p>&nbsp;<\/p>\n<p><strong>ANDREA DE BERNARDIN, SINDACO DI ROCCA PIETORE<\/strong><\/p>\n<audio class=\"wp-audio-shortcode\" id=\"audio-336305-6\" preload=\"none\" style=\"width: 100%;\" controls=\"controls\"><source type=\"audio\/mpeg\" src=\"https:\/\/www.radiopiu.net\/wordpress\/wp-content\/uploads\/2023\/05\/DE-BERNARDIN-DIGONERA.mp3?_=6\" \/><a href=\"https:\/\/www.radiopiu.net\/wordpress\/wp-content\/uploads\/2023\/05\/DE-BERNARDIN-DIGONERA.mp3\">https:\/\/www.radiopiu.net\/wordpress\/wp-content\/uploads\/2023\/05\/DE-BERNARDIN-DIGONERA.mp3<\/a><\/audio>\n<p>&nbsp;<\/p>\n<p>&nbsp;<\/p>\n<hr \/>\n<p>&nbsp;<\/p>\n<blockquote>\n<h3>OLIMPIADI MILANO-CORTINA, ANCE VENETO: \u201cPREOCCUPATI DA RITARDI E DA OPERE INCOMPIUTE. APPELLO A USARE IL PREZZARIO\u201d<\/h3>\n<\/blockquote>\n<p><strong><a class=\"dt-pswp-item\" href=\"https:\/\/www.radiopiu.net\/wordpress\/wp-content\/uploads\/2023\/05\/paolo-ghiotti-presidente-ance-veneto-scaled.jpg\" data-dt-img-description=\"\" data-large_image_width=\"2560\" data-large_image_height=\"1440\"><img loading=\"lazy\" decoding=\"async\" class=\" wp-image-336407 alignleft\" src=\"https:\/\/www.radiopiu.net\/wordpress\/wp-content\/uploads\/2023\/05\/paolo-ghiotti-presidente-ance-veneto-300x169.jpg\" alt=\"\" width=\"146\" height=\"82\" srcset=\"https:\/\/www.radiopiu.net\/wordpress\/wp-content\/uploads\/2023\/05\/paolo-ghiotti-presidente-ance-veneto-300x169.jpg 300w, https:\/\/www.radiopiu.net\/wordpress\/wp-content\/uploads\/2023\/05\/paolo-ghiotti-presidente-ance-veneto-1024x576.jpg 1024w, https:\/\/www.radiopiu.net\/wordpress\/wp-content\/uploads\/2023\/05\/paolo-ghiotti-presidente-ance-veneto-768x432.jpg 768w, https:\/\/www.radiopiu.net\/wordpress\/wp-content\/uploads\/2023\/05\/paolo-ghiotti-presidente-ance-veneto-1536x864.jpg 1536w, https:\/\/www.radiopiu.net\/wordpress\/wp-content\/uploads\/2023\/05\/paolo-ghiotti-presidente-ance-veneto-2048x1152.jpg 2048w\" sizes=\"auto, (max-width: 146px) 100vw, 146px\" \/><\/a>VENEZIA <\/strong>\u201cLe notizie dei ritardi nei cantieri per le Olimpiadi Milano Cortina sono preoccupanti. Bisogna recuperare il tempo perso, per garantire che le opere siano portate a compimento nei tempi previsti. Non possiamo perdere questa opportunit\u00e0 chiave per il rilancio dell\u2019economia del nostro territorio\u201d. A dirlo \u00e8 il presidente di Ance Veneto Paolo Ghiotti. E continua: \u201cPreoccupa anche l\u2019aumento dei costi dei cantieri legato soprattutto all\u2019aumento delle materie prime. Una situazione che non pu\u00f2 andare a discapito delle imprese che svolgono i lavori. Come Ance Veneto raccomandiamo a tutte le stazioni appaltanti l\u2019utilizzo del prezziario recentemente approvato dalla Regione Veneto, unico strumento per garantire alle imprese di poter gestire i cantieri con i giusti utili. Ancora una volta ribadiamo un chiaro e secco no alla logica del massimo ribasso. \u00c8 necessario garantire la qualit\u00e0 delle opere tanto pi\u00f9 in un contesto ambientale unico come quello di Cortina d\u2019Ampezzo e del territorio circostante, in un\u2019ottica di sviluppo sociale ed economico post Olimpiade&#8221;.<\/p>\n<p>&nbsp;<\/p>\n<p>&nbsp;<\/p>\n<hr \/>\n<p>&nbsp;<\/p>\n<blockquote>\n<h3>DE PELLEGRIN E ADDAMIANO SCRIVONO ALLA REDAZIONE DI FUORI DAL CORO DOPO IL SERVIZIO SU BELLUNO ANDATO IN ONDA QUALCHE GIORNO FA<\/h3>\n<\/blockquote>\n<p><strong><a class=\"dt-pswp-item\" href=\"https:\/\/www.radiopiu.net\/wordpress\/wp-content\/uploads\/2020\/04\/PIAZZA-MARTIRI-BELLUNO.jpg\" data-dt-img-description=\"\" data-large_image_width=\"550\" data-large_image_height=\"388\"><img loading=\"lazy\" decoding=\"async\" class=\" wp-image-130647 alignleft\" src=\"https:\/\/www.radiopiu.net\/wordpress\/wp-content\/uploads\/2020\/04\/PIAZZA-MARTIRI-BELLUNO-300x212.jpg\" alt=\"\" width=\"116\" height=\"82\" srcset=\"https:\/\/www.radiopiu.net\/wordpress\/wp-content\/uploads\/2020\/04\/PIAZZA-MARTIRI-BELLUNO-300x212.jpg 300w, https:\/\/www.radiopiu.net\/wordpress\/wp-content\/uploads\/2020\/04\/PIAZZA-MARTIRI-BELLUNO.jpg 550w\" sizes=\"auto, (max-width: 116px) 100vw, 116px\" \/><\/a>BELLUNO<\/strong> Dopo il servizio andato in onda nell&#8217;ultima puntata di &#8220;Fuori Dal Coro&#8221;, il programma di Rete4 condotto da Mario Giordano, che parlava della citt\u00e0 di Belluno, il Sindaco Oscar De Pellegrin e l&#8217;assessore Raffaele Addamiano hanno scritto alla redazione del programma. Una lettera aperta dove il primo cittadino e l&#8217;assessore alla sicurezza di Belluno fanno delle puntualizzazioni sul servizio andato in tv. Lettera che pubblichiamo integralmente.<\/p>\n<p><strong>LA LETTERA (2 PAGINE)<\/strong><\/p>\n<a href=\"https:\/\/www.radiopiu.net\/wordpress\/wp-content\/uploads\/2023\/05\/Servizio-del-16.5.23-Emergenza-sicurezza.pdf\" class=\"pdfemb-viewer\" style=\"\" data-width=\"max\" data-height=\"max\" data-toolbar=\"top\" data-toolbar-fixed=\"on\">Servizio del 16.5.23 Emergenza sicurezza<\/a>\n<p>&nbsp;<\/p>\n<hr \/>\n<p>&nbsp;<\/p>\n<blockquote>\n<h3>FUORI DAL CORO: LA MINORANZA CHIEDE UNA RISPOSTA DOPO IL SERVIZIO SU BELLUNO<\/h3>\n<\/blockquote>\n<p><strong><a class=\"dt-pswp-item\" href=\"https:\/\/www.radiopiu.net\/wordpress\/wp-content\/uploads\/2023\/05\/SCR-20230518-qgre.jpeg\" data-dt-img-description=\"\" data-large_image_width=\"876\" data-large_image_height=\"532\"><img loading=\"lazy\" decoding=\"async\" class=\" wp-image-336436 alignleft\" src=\"https:\/\/www.radiopiu.net\/wordpress\/wp-content\/uploads\/2023\/05\/SCR-20230518-qgre-300x182.jpeg\" alt=\"\" width=\"199\" height=\"121\" srcset=\"https:\/\/www.radiopiu.net\/wordpress\/wp-content\/uploads\/2023\/05\/SCR-20230518-qgre-300x182.jpeg 300w, https:\/\/www.radiopiu.net\/wordpress\/wp-content\/uploads\/2023\/05\/SCR-20230518-qgre-768x466.jpeg 768w, https:\/\/www.radiopiu.net\/wordpress\/wp-content\/uploads\/2023\/05\/SCR-20230518-qgre.jpeg 876w\" sizes=\"auto, (max-width: 199px) 100vw, 199px\" \/><\/a>BELLUNO<\/strong><\/p>\n<p>di Moreno Gioli<\/p>\n<audio class=\"wp-audio-shortcode\" id=\"audio-336305-7\" preload=\"none\" style=\"width: 100%;\" controls=\"controls\"><source type=\"audio\/mpeg\" src=\"https:\/\/www.radiopiu.net\/wordpress\/wp-content\/uploads\/2023\/05\/GIOLI-fuori-dal-coro.mp3?_=7\" \/><a href=\"https:\/\/www.radiopiu.net\/wordpress\/wp-content\/uploads\/2023\/05\/GIOLI-fuori-dal-coro.mp3\">https:\/\/www.radiopiu.net\/wordpress\/wp-content\/uploads\/2023\/05\/GIOLI-fuori-dal-coro.mp3<\/a><\/audio>\n<p>&nbsp;<\/p>\n<p>&nbsp;<\/p>\n<hr \/>\n<p>&nbsp;<\/p>\n<div class=\"bd_header_single bd_header_single_template_2\">\n<div class=\"bd-container\">\n<div class=\"bd_header_single_holder\">\n<blockquote>\n<h3 class=\"_title post-title entry-title\">BELLUNO | CENTROSINISTRA SCHIERATO CONTRO \u2018FUORI DAL CORO\u2019<\/h3>\n<\/blockquote>\n<div class=\"article-meta-info\">\n<div class=\"cfix\">IERI SERA, DAL TG DI ANTENNA 3, CANALE 10 DIGITALE TERRESTRE. OGNI SERA ALLE 19 LA ANTICIPAZIONI ALLA RADIO, DI TIZIANA BOLOGNANI<\/div>\n<\/div>\n<\/div>\n<\/div>\n<\/div>\n<p>Intervistati JACOPO MASSARO (CONSIGLIERE IN MOVIMENTO COMUNE BELLUNO), LUCIA OLIVOTTO (CONSIGLIERE INSIEME PER BELLUNO COME BELLUNO) (Servizio di\u00a0<a href=\"https:\/\/antennatre.medianordest.it\/redazione\/Fabio-Fioravanzi\/\">Fabio Fioravanzi<\/a>)<\/p>\n<p><iframe loading=\"lazy\" title=\"CENTROSINISTRA SCHIERATO CONTRO &#039;FUORI DAL CORO&#039; | 18\/05\/2023\" width=\"1200\" height=\"675\" src=\"https:\/\/www.youtube.com\/embed\/GQ-BEBRsClE?start=66&#038;feature=oembed\" frameborder=\"0\" allow=\"accelerometer; autoplay; clipboard-write; encrypted-media; gyroscope; picture-in-picture; web-share\" allowfullscreen><\/iframe><\/p>\n<p>&nbsp;<\/p>\n<hr \/>\n<p>&nbsp;<\/p>\n<blockquote>\n<h3>NASCE UFFICIALMENTE IL CONVITTO A SERVIZIO DELLA SCUOLA EDILE DI SEDICO<\/h3>\n<\/blockquote>\n<p><strong>SEDICO<\/strong> Con la firma di ieri, nasce ufficialmente il convitto a servizio della Scuola Edile di Sedico: trover\u00e0 spazio nella sede dell&#8217;Associazione Giovanni Conz, grazie al supporto economico di CortinaBanca e alla gestione della cooperativa Porta Aperta.<\/p>\n<p><strong>di Daniele Dalvit<\/strong><\/p>\n<audio class=\"wp-audio-shortcode\" id=\"audio-336305-8\" preload=\"none\" style=\"width: 100%;\" controls=\"controls\"><source type=\"audio\/mpeg\" src=\"https:\/\/www.radiopiu.net\/wordpress\/wp-content\/uploads\/2023\/05\/Radio-Piu-Servizio-Convitto-scuola-edile.mp3?_=8\" \/><a href=\"https:\/\/www.radiopiu.net\/wordpress\/wp-content\/uploads\/2023\/05\/Radio-Piu-Servizio-Convitto-scuola-edile.mp3\">https:\/\/www.radiopiu.net\/wordpress\/wp-content\/uploads\/2023\/05\/Radio-Piu-Servizio-Convitto-scuola-edile.mp3<\/a><\/audio>\n<p>&nbsp;<\/p>\n\n\t\t\t<style type='text\/css'>\n\t\t\t\t#gallery-4 {\n\t\t\t\t\tmargin: auto;\n\t\t\t\t}\n\t\t\t\t#gallery-4 .gallery-item {\n\t\t\t\t\tfloat: left;\n\t\t\t\t\tmargin-top: 10px;\n\t\t\t\t\ttext-align: center;\n\t\t\t\t\twidth: 50%;\n\t\t\t\t}\n\t\t\t\t#gallery-4 img {\n\t\t\t\t\tborder: 2px solid #cfcfcf;\n\t\t\t\t}\n\t\t\t\t#gallery-4 .gallery-caption {\n\t\t\t\t\tmargin-left: 0;\n\t\t\t\t}\n\t\t\t\t\/* see gallery_shortcode() in wp-includes\/media.php *\/\n\t\t\t<\/style>\n\t\t<div id='gallery-4' class='dt-gallery-container gallery galleryid-336305 gallery-columns-2 gallery-size-medium'><dl class='gallery-item'>\n\t\t\t\t<dt class='gallery-icon landscape'>\n\t\t\t\t\t<a class=\"rollover rollover-zoom dt-pswp-item\" title=\"5df858a9-863f-46b8-972b-411f3f8653f0\" data-dt-img-description=\"\" data-large_image_width=\"1600\" data-large_image_height=\"898\"href='https:\/\/www.radiopiu.net\/wordpress\/wp-content\/uploads\/2023\/05\/5df858a9-863f-46b8-972b-411f3f8653f0.jpg'><img loading=\"lazy\" decoding=\"async\" width=\"300\" height=\"168\" src=\"https:\/\/www.radiopiu.net\/wordpress\/wp-content\/uploads\/2023\/05\/5df858a9-863f-46b8-972b-411f3f8653f0-300x168.jpg\" class=\"attachment-medium size-medium\" alt=\"\" srcset=\"https:\/\/www.radiopiu.net\/wordpress\/wp-content\/uploads\/2023\/05\/5df858a9-863f-46b8-972b-411f3f8653f0-300x168.jpg 300w, https:\/\/www.radiopiu.net\/wordpress\/wp-content\/uploads\/2023\/05\/5df858a9-863f-46b8-972b-411f3f8653f0-1024x575.jpg 1024w, https:\/\/www.radiopiu.net\/wordpress\/wp-content\/uploads\/2023\/05\/5df858a9-863f-46b8-972b-411f3f8653f0-768x431.jpg 768w, https:\/\/www.radiopiu.net\/wordpress\/wp-content\/uploads\/2023\/05\/5df858a9-863f-46b8-972b-411f3f8653f0-1536x862.jpg 1536w, https:\/\/www.radiopiu.net\/wordpress\/wp-content\/uploads\/2023\/05\/5df858a9-863f-46b8-972b-411f3f8653f0.jpg 1600w\" sizes=\"auto, (max-width: 300px) 100vw, 300px\" \/><\/a>\n\t\t\t\t<\/dt><\/dl><dl class='gallery-item'>\n\t\t\t\t<dt class='gallery-icon landscape'>\n\t\t\t\t\t<a class=\"rollover rollover-zoom dt-pswp-item\" title=\"1fcd8123-2f78-42fe-bf17-62e81aa2ca88\" data-dt-img-description=\"\" data-large_image_width=\"2048\" data-large_image_height=\"1536\"href='https:\/\/www.radiopiu.net\/wordpress\/wp-content\/uploads\/2023\/05\/1fcd8123-2f78-42fe-bf17-62e81aa2ca88.jpg'><img loading=\"lazy\" decoding=\"async\" width=\"300\" height=\"225\" src=\"https:\/\/www.radiopiu.net\/wordpress\/wp-content\/uploads\/2023\/05\/1fcd8123-2f78-42fe-bf17-62e81aa2ca88-300x225.jpg\" class=\"attachment-medium size-medium\" alt=\"\" srcset=\"https:\/\/www.radiopiu.net\/wordpress\/wp-content\/uploads\/2023\/05\/1fcd8123-2f78-42fe-bf17-62e81aa2ca88-300x225.jpg 300w, https:\/\/www.radiopiu.net\/wordpress\/wp-content\/uploads\/2023\/05\/1fcd8123-2f78-42fe-bf17-62e81aa2ca88-1024x768.jpg 1024w, https:\/\/www.radiopiu.net\/wordpress\/wp-content\/uploads\/2023\/05\/1fcd8123-2f78-42fe-bf17-62e81aa2ca88-768x576.jpg 768w, https:\/\/www.radiopiu.net\/wordpress\/wp-content\/uploads\/2023\/05\/1fcd8123-2f78-42fe-bf17-62e81aa2ca88-1536x1152.jpg 1536w, https:\/\/www.radiopiu.net\/wordpress\/wp-content\/uploads\/2023\/05\/1fcd8123-2f78-42fe-bf17-62e81aa2ca88.jpg 2048w\" sizes=\"auto, (max-width: 300px) 100vw, 300px\" \/><\/a>\n\t\t\t\t<\/dt><\/dl><br style=\"clear: both\" \/>\n\t\t\t<\/div>\n\n<p>&nbsp;<\/p>\n<hr \/>\n<p>&nbsp;<\/p>\n<blockquote>\n<h3>APPROVATO IL PROGETTO ESECUTIVO DEL PIAZZALE DEL NEVEGAL<\/h3>\n<\/blockquote>\n<p><strong><a class=\"dt-pswp-item\" href=\"https:\/\/www.radiopiu.net\/wordpress\/wp-content\/uploads\/2023\/05\/PIAZZALE-NEVEGAL.png\" data-dt-img-description=\"\" data-large_image_width=\"1081\" data-large_image_height=\"605\"><img loading=\"lazy\" decoding=\"async\" class=\" wp-image-336376 alignleft\" src=\"https:\/\/www.radiopiu.net\/wordpress\/wp-content\/uploads\/2023\/05\/PIAZZALE-NEVEGAL-300x168.png\" alt=\"\" width=\"182\" height=\"102\" srcset=\"https:\/\/www.radiopiu.net\/wordpress\/wp-content\/uploads\/2023\/05\/PIAZZALE-NEVEGAL-300x168.png 300w, https:\/\/www.radiopiu.net\/wordpress\/wp-content\/uploads\/2023\/05\/PIAZZALE-NEVEGAL-1024x573.png 1024w, https:\/\/www.radiopiu.net\/wordpress\/wp-content\/uploads\/2023\/05\/PIAZZALE-NEVEGAL-768x430.png 768w, https:\/\/www.radiopiu.net\/wordpress\/wp-content\/uploads\/2023\/05\/PIAZZALE-NEVEGAL.png 1081w\" sizes=\"auto, (max-width: 182px) 100vw, 182px\" \/><\/a>BELLUNO <\/strong>Approvato in giunta il progetto esecutivo \u201cRigenerazione urbana \u2013 Intervento di valorizzazione dell\u2019Alpe del Nevegal: miglioramento e potenziamento della sentieristica e del sistema della sosta\u201d redatto dallo studio Molteni \u2013 Colombo e presentato alla cittadinanza, in una serata pubblica al Centro Le Torri, nel mese di febbraio. \u201cTra una decina di giorni andiamo a gara \u2013 spiega il sindaco, Oscar De Pellegrin -, \u00e8 un passaggio importante per la riqualificazione del nostro Nevegal e per migliorarne la via d\u2019accesso, il primo biglietto da visita per i turisti\u201d.<\/p>\n<p><strong>IL RENDERING DEL PIAZZALE DEL NEVEGAL<\/strong><\/p>\n<div style=\"width: 640px;\" class=\"wp-video\"><video class=\"wp-video-shortcode\" id=\"video-336305-1\" width=\"640\" height=\"384\" preload=\"metadata\" controls=\"controls\"><source type=\"video\/mp4\" src=\"https:\/\/www.radiopiu.net\/wordpress\/wp-content\/uploads\/2023\/05\/Video-rendering-Nevegal.mp4?_=1\" \/><a href=\"https:\/\/www.radiopiu.net\/wordpress\/wp-content\/uploads\/2023\/05\/Video-rendering-Nevegal.mp4\">https:\/\/www.radiopiu.net\/wordpress\/wp-content\/uploads\/2023\/05\/Video-rendering-Nevegal.mp4<\/a><\/video><\/div>\n<p>&nbsp;<\/p>\n<hr \/>\n<p>&nbsp;<\/p>\n<blockquote>\n<h3>700 STUDENTI A SCUOLA DAI VIGILI DEL FUOCO<\/h3>\n<p><em>L&#8217;evento \u00e8 stato un&#8217;opportunit\u00e0 per i bambini e i ragazzi di apprezzare il lavoro dei Vigili del Fuoco e di acquisire una maggiore consapevolezza sulla sicurezza e l&#8217;importanza delle operazioni di soccorso.<\/em><\/p><\/blockquote>\n<div class=\"flex-1 overflow-hidden\">\n<div class=\"react-scroll-to-bottom--css-phhur-79elbk h-full dark:bg-gray-800\">\n<div class=\"react-scroll-to-bottom--css-phhur-1n7m0yu\">\n<div class=\"flex flex-col items-center text-sm dark:bg-gray-800\">\n<div class=\"group w-full text-gray-800 dark:text-gray-100 border-b border-black\/10 dark:border-gray-900\/50 bg-gray-50 dark:bg-[#444654]\">\n<div class=\"flex p-4 gap-4 text-base md:gap-6 md:max-w-2xl lg:max-w-xl xl:max-w-3xl md:py-6 lg:px-0 m-auto\">\n<div class=\"relative flex w-[calc(100%-50px)] flex-col gap-1 md:gap-3 lg:w-[calc(100%-115px)]\">\n<div class=\"flex flex-grow flex-col gap-3\">\n<div class=\"min-h-[20px] flex flex-col items-start gap-4 whitespace-pre-wrap break-words\">\n<div class=\"markdown prose w-full break-words dark:prose-invert light\">\n<p><strong><a class=\"dt-pswp-item\" href=\"https:\/\/www.radiopiu.net\/wordpress\/wp-content\/uploads\/2023\/05\/Senza-nome-59.jpg\" data-dt-img-description=\"\" data-large_image_width=\"274\" data-large_image_height=\"165\"><img loading=\"lazy\" decoding=\"async\" class=\"size-medium wp-image-336470 alignleft\" src=\"https:\/\/www.radiopiu.net\/wordpress\/wp-content\/uploads\/2023\/05\/Senza-nome-59.jpg\" alt=\"\" width=\"274\" height=\"165\" \/><\/a>BELLUNO<\/strong> Settecento bambini delle scuole elementari e medie della provincia hanno partecipato a una giornata organizzata dai Vigili del Fuoco. Gli studenti hanno avuto l&#8217;opportunit\u00e0 di vedere da vicino i mezzi e le attrezzature utilizzate dai vigili del fuoco e hanno assistito a simulazioni di salvataggio in cui sono state spegnate bombole di gas incendiate e sono state estratte persone da incidenti automobilistici. Nonostante l&#8217;emergenza alluvione che ha colpito l&#8217;Emilia Romagna e l&#8217;impegno delle squadre dei Vigili del Fuoco, l&#8217;evento si \u00e8 svolto come programmato. Il comandante provinciale dei Vigili del Fuoco, Antonio Del Gallo, ha spiegato che l&#8217;idea di posticipare l&#8217;evento \u00e8 stata presa in considerazione, ma alla fine si \u00e8 deciso di farlo comunque, dedicando per\u00f2 un pensiero alle popolazioni colpite e ai colleghi impegnati nelle operazioni di soccorso.<\/p>\n<p>&nbsp;<\/p>\n<p>&nbsp;<\/p>\n<\/div>\n<\/div>\n<\/div>\n<\/div>\n<\/div>\n<\/div>\n<\/div>\n<\/div>\n<\/div>\n<\/div>\n<p>&nbsp;<\/p>\n<hr \/>\n<p>&nbsp;<\/p>\n<p><strong><a class=\"dt-pswp-item\" href=\"https:\/\/www.radiopiu.net\/wordpress\/wp-content\/uploads\/2023\/05\/Senza-nome-4.png\" data-dt-img-description=\"\" data-large_image_width=\"187\" data-large_image_height=\"254\"><img loading=\"lazy\" decoding=\"async\" class=\" wp-image-336350 alignleft\" src=\"https:\/\/www.radiopiu.net\/wordpress\/wp-content\/uploads\/2023\/05\/Senza-nome-4.png\" alt=\"\" width=\"135\" height=\"183\" \/><\/a><\/strong><\/p>\n<h3>AUGURI DON ANDREA! 25 ANNI AL SERVIZIO DELLA COMUNITA&#8217;<\/h3>\n<p>&nbsp;<\/p>\n<p><strong>LIVINALLONGO<\/strong> &#8220;Conzert d&#8217;Asciuda&#8221; \u00e8 la nuova iniziativa in territorio Fodom, omaggio a Don Andrea a 25 anni dall&#8217;ordinazione a parroco. Sabato, alle 20.45 nella Chiesa di Pieve di Livinallongo con la Banda da Fodom diretta da Giuliano Federa; i Kropya di Roberto Marchione; il Coro Fodom diretto da Lorenzo Vallazza e i cori delle chiese di Arabba, Colle Santa Lucia\u00a0 e Pieve di Livinallongo diretti da Denni Dorigo. La serata sar\u00e0 presentata da Gianpaolo Soratroi.<\/p>\n<p>&nbsp;<\/p>\n<p>&nbsp;<\/p>\n<hr \/>\n<p>&nbsp;<\/p>\n<blockquote>\n<h3>LIGABUE A BELLUNO. LE FOTO DAI SOCIAL<\/h3>\n<\/blockquote>\n<p><strong>REDAZIONE<\/strong> Nelle ultime ore sui social sono comparse delle foto di Ligabue che \u00e8 in visita a Belluno e Feltre. Il rocker di Correggio non ha rifiutato delle foto con i suoi fans che puntualmente sono state pubblicate su Facebook e Instagram<\/p>\n<p><strong>LE FOTO DAI SOCIAL<\/strong><\/p>\n\n\t\t\t<style type='text\/css'>\n\t\t\t\t#gallery-5 {\n\t\t\t\t\tmargin: auto;\n\t\t\t\t}\n\t\t\t\t#gallery-5 .gallery-item {\n\t\t\t\t\tfloat: left;\n\t\t\t\t\tmargin-top: 10px;\n\t\t\t\t\ttext-align: center;\n\t\t\t\t\twidth: 20%;\n\t\t\t\t}\n\t\t\t\t#gallery-5 img {\n\t\t\t\t\tborder: 2px solid #cfcfcf;\n\t\t\t\t}\n\t\t\t\t#gallery-5 .gallery-caption {\n\t\t\t\t\tmargin-left: 0;\n\t\t\t\t}\n\t\t\t\t\/* see gallery_shortcode() in wp-includes\/media.php *\/\n\t\t\t<\/style>\n\t\t<div id='gallery-5' class='dt-gallery-container gallery galleryid-336305 gallery-columns-5 gallery-size-medium'><dl class='gallery-item'>\n\t\t\t\t<dt class='gallery-icon landscape'>\n\t\t\t\t\t<a class=\"rollover rollover-zoom dt-pswp-item\" title=\"319fe3ec-5004-49ea-814d-6ce7357b3c4b\" data-dt-img-description=\"\" data-large_image_width=\"1080\" data-large_image_height=\"971\"href='https:\/\/www.radiopiu.net\/wordpress\/wp-content\/uploads\/2023\/05\/319fe3ec-5004-49ea-814d-6ce7357b3c4b.jpg'><img loading=\"lazy\" decoding=\"async\" width=\"300\" height=\"270\" src=\"https:\/\/www.radiopiu.net\/wordpress\/wp-content\/uploads\/2023\/05\/319fe3ec-5004-49ea-814d-6ce7357b3c4b-300x270.jpg\" class=\"attachment-medium size-medium\" alt=\"\" srcset=\"https:\/\/www.radiopiu.net\/wordpress\/wp-content\/uploads\/2023\/05\/319fe3ec-5004-49ea-814d-6ce7357b3c4b-300x270.jpg 300w, https:\/\/www.radiopiu.net\/wordpress\/wp-content\/uploads\/2023\/05\/319fe3ec-5004-49ea-814d-6ce7357b3c4b-1024x921.jpg 1024w, https:\/\/www.radiopiu.net\/wordpress\/wp-content\/uploads\/2023\/05\/319fe3ec-5004-49ea-814d-6ce7357b3c4b-768x690.jpg 768w, https:\/\/www.radiopiu.net\/wordpress\/wp-content\/uploads\/2023\/05\/319fe3ec-5004-49ea-814d-6ce7357b3c4b.jpg 1080w\" sizes=\"auto, (max-width: 300px) 100vw, 300px\" \/><\/a>\n\t\t\t\t<\/dt><\/dl><dl class='gallery-item'>\n\t\t\t\t<dt class='gallery-icon portrait'>\n\t\t\t\t\t<a class=\"rollover rollover-zoom dt-pswp-item\" title=\"812062ed-cde5-4e09-a2c0-52eec810376d\" data-dt-img-description=\"\" data-large_image_width=\"887\" data-large_image_height=\"1024\"href='https:\/\/www.radiopiu.net\/wordpress\/wp-content\/uploads\/2023\/05\/812062ed-cde5-4e09-a2c0-52eec810376d.jpg'><img loading=\"lazy\" decoding=\"async\" width=\"260\" height=\"300\" src=\"https:\/\/www.radiopiu.net\/wordpress\/wp-content\/uploads\/2023\/05\/812062ed-cde5-4e09-a2c0-52eec810376d-260x300.jpg\" class=\"attachment-medium size-medium\" alt=\"\" srcset=\"https:\/\/www.radiopiu.net\/wordpress\/wp-content\/uploads\/2023\/05\/812062ed-cde5-4e09-a2c0-52eec810376d-260x300.jpg 260w, https:\/\/www.radiopiu.net\/wordpress\/wp-content\/uploads\/2023\/05\/812062ed-cde5-4e09-a2c0-52eec810376d-768x887.jpg 768w, https:\/\/www.radiopiu.net\/wordpress\/wp-content\/uploads\/2023\/05\/812062ed-cde5-4e09-a2c0-52eec810376d.jpg 887w\" sizes=\"auto, (max-width: 260px) 100vw, 260px\" \/><\/a>\n\t\t\t\t<\/dt><\/dl><dl class='gallery-item'>\n\t\t\t\t<dt class='gallery-icon portrait'>\n\t\t\t\t\t<a class=\"rollover rollover-zoom dt-pswp-item\" title=\"b2244d68-648d-41fd-adc3-82974febde5b\" data-dt-img-description=\"\" data-large_image_width=\"609\" data-large_image_height=\"1024\"href='https:\/\/www.radiopiu.net\/wordpress\/wp-content\/uploads\/2023\/05\/b2244d68-648d-41fd-adc3-82974febde5b.jpg'><img loading=\"lazy\" decoding=\"async\" width=\"178\" height=\"300\" src=\"https:\/\/www.radiopiu.net\/wordpress\/wp-content\/uploads\/2023\/05\/b2244d68-648d-41fd-adc3-82974febde5b-178x300.jpg\" class=\"attachment-medium size-medium\" alt=\"\" srcset=\"https:\/\/www.radiopiu.net\/wordpress\/wp-content\/uploads\/2023\/05\/b2244d68-648d-41fd-adc3-82974febde5b-178x300.jpg 178w, https:\/\/www.radiopiu.net\/wordpress\/wp-content\/uploads\/2023\/05\/b2244d68-648d-41fd-adc3-82974febde5b.jpg 609w\" sizes=\"auto, (max-width: 178px) 100vw, 178px\" \/><\/a>\n\t\t\t\t<\/dt><\/dl><dl class='gallery-item'>\n\t\t\t\t<dt class='gallery-icon portrait'>\n\t\t\t\t\t<a class=\"rollover rollover-zoom dt-pswp-item\" title=\"daf663a7-c53a-4fbd-b53b-dd41a7666112\" data-dt-img-description=\"\" data-large_image_width=\"609\" data-large_image_height=\"1024\"href='https:\/\/www.radiopiu.net\/wordpress\/wp-content\/uploads\/2023\/05\/daf663a7-c53a-4fbd-b53b-dd41a7666112.jpg'><img loading=\"lazy\" decoding=\"async\" width=\"178\" height=\"300\" src=\"https:\/\/www.radiopiu.net\/wordpress\/wp-content\/uploads\/2023\/05\/daf663a7-c53a-4fbd-b53b-dd41a7666112-178x300.jpg\" class=\"attachment-medium size-medium\" alt=\"\" srcset=\"https:\/\/www.radiopiu.net\/wordpress\/wp-content\/uploads\/2023\/05\/daf663a7-c53a-4fbd-b53b-dd41a7666112-178x300.jpg 178w, https:\/\/www.radiopiu.net\/wordpress\/wp-content\/uploads\/2023\/05\/daf663a7-c53a-4fbd-b53b-dd41a7666112.jpg 609w\" sizes=\"auto, (max-width: 178px) 100vw, 178px\" \/><\/a>\n\t\t\t\t<\/dt><\/dl><dl class='gallery-item'>\n\t\t\t\t<dt class='gallery-icon portrait'>\n\t\t\t\t\t<a class=\"rollover rollover-zoom dt-pswp-item\" title=\"b5a5ae1d-d376-4611-9486-a27b7d2464ca\" data-dt-img-description=\"\" data-large_image_width=\"779\" data-large_image_height=\"1024\"href='https:\/\/www.radiopiu.net\/wordpress\/wp-content\/uploads\/2023\/05\/b5a5ae1d-d376-4611-9486-a27b7d2464ca.jpg'><img loading=\"lazy\" decoding=\"async\" width=\"228\" height=\"300\" src=\"https:\/\/www.radiopiu.net\/wordpress\/wp-content\/uploads\/2023\/05\/b5a5ae1d-d376-4611-9486-a27b7d2464ca-228x300.jpg\" class=\"attachment-medium size-medium\" alt=\"\" srcset=\"https:\/\/www.radiopiu.net\/wordpress\/wp-content\/uploads\/2023\/05\/b5a5ae1d-d376-4611-9486-a27b7d2464ca-228x300.jpg 228w, https:\/\/www.radiopiu.net\/wordpress\/wp-content\/uploads\/2023\/05\/b5a5ae1d-d376-4611-9486-a27b7d2464ca-768x1010.jpg 768w, https:\/\/www.radiopiu.net\/wordpress\/wp-content\/uploads\/2023\/05\/b5a5ae1d-d376-4611-9486-a27b7d2464ca.jpg 779w\" sizes=\"auto, (max-width: 228px) 100vw, 228px\" \/><\/a>\n\t\t\t\t<\/dt><\/dl><br style=\"clear: both\" \/>\n\t\t\t<\/div>\n\n<p>&nbsp;<\/p>\n<p>&nbsp;<\/p>\n<hr \/>\n<p>&nbsp;<\/p>\n<blockquote>\n<h3>GIORNATA MONDIALE MALATTIE INFIAMMATORIE CRONICHE INTESTINALI<\/h3>\n<\/blockquote>\n<p><strong><a class=\"dt-pswp-item\" href=\"https:\/\/www.radiopiu.net\/wordpress\/wp-content\/uploads\/2023\/05\/IMG-20230505-WA0009.jpg\" data-dt-img-description=\"\" data-large_image_width=\"2048\" data-large_image_height=\"1044\"><img loading=\"lazy\" decoding=\"async\" class=\" wp-image-336451 alignleft\" src=\"https:\/\/www.radiopiu.net\/wordpress\/wp-content\/uploads\/2023\/05\/IMG-20230505-WA0009-300x153.jpg\" alt=\"\" width=\"190\" height=\"97\" srcset=\"https:\/\/www.radiopiu.net\/wordpress\/wp-content\/uploads\/2023\/05\/IMG-20230505-WA0009-300x153.jpg 300w, https:\/\/www.radiopiu.net\/wordpress\/wp-content\/uploads\/2023\/05\/IMG-20230505-WA0009-1024x522.jpg 1024w, https:\/\/www.radiopiu.net\/wordpress\/wp-content\/uploads\/2023\/05\/IMG-20230505-WA0009-768x392.jpg 768w, https:\/\/www.radiopiu.net\/wordpress\/wp-content\/uploads\/2023\/05\/IMG-20230505-WA0009-1536x783.jpg 1536w, https:\/\/www.radiopiu.net\/wordpress\/wp-content\/uploads\/2023\/05\/IMG-20230505-WA0009.jpg 2048w\" sizes=\"auto, (max-width: 190px) 100vw, 190px\" \/><\/a>BELLUNO <\/strong>L\u2019ULSS Dolomiti partecipa alla Giornata Mondiale delle Malattie Infiammatorie Croniche Intestinali (MICI), che si celebra il 19 maggio e che quest\u2019anno si concentra sul tema dei bisogni inespressi. Le malattie infiammatorie croniche intestinali colpiscono pi\u00f9 di 4 milioni di persone nel mondo, di et\u00e0 compresa trai i 20 e i 40 anni. Tuttavia parliamo di patologie croniche, che pertanto continuano ad avere un peso anche oltre i 65 anni. Si stima inoltre che nell&#8217;arco dei prossimi dieci anni gli anziani con MICI rappresenteranno pi\u00f9 di un terzo di tutte le persone affette. Oggi in ulss Dolomiti i pazienti con esenzione per Morbo di Crohn e la Colite Ulcerosa sono circa 800. Grazie alla ricerca, le prospettive terapeutiche le cure per le persone affette da MICI sono in costante evoluzione, con un importante incremento della qualit\u00e0 di vita, in tutte le sue fasi. Il tema di riflessione di quest\u2019anno, a livello nazionale, \u00e8 legato ai bisogni inespressi dei pazienti affetti da Malattia Infiammatoria Cronica Intestinale.<\/p>\n<p>&nbsp;<\/p>\n<p>&nbsp;<\/p>\n<hr \/>\n<p>&nbsp;<\/p>\n<blockquote>\n<h3>OTTO PUNTI DA DISCUTERE NEL CONSIGLIO COMUNALE DI VOLTAGO<\/h3>\n<\/blockquote>\n<p><strong>VOLTAGO <\/strong>Il sindaco di Voltago Giuseppe Schena ha convocato il consiglio comunale per luned\u00ec alle 18. Saranno otto i punti da trattare con i consiglieri comunali. Tra questi l&#8217;approvazione del rendiconto della gestione di esercizio 2022, una variazione a bilancio, la concessione a titolo gratuito di immobili comunali destinati ad ecocentro, il recesso del comune di Voltago come socio della Casa di Soggiorno di Taibon e la fusione tra Bim GSP e Bim Infrastrutture.<\/p>\n<p>&nbsp;<\/p>\n<hr \/>\n<p>&nbsp;<\/p>\n<blockquote>\n<h3>CONVENZIONE PER IL SEGRETARIO A SCAVALCO<\/h3>\n<\/blockquote>\n<p><strong>TAIBON<\/strong> Lunedi alle 20 consiglio comunale convocato dal sindaco Silvia Tormen, all&#8217;ordine del giorno al convenzione per la gestione in forma associata della segreteria comunale tra Miane e Taibon; variazione al bilancio e comunicazioni del sindaco.<\/p>\n<p>&nbsp;<\/p>\n<p>&nbsp;<\/p>\n<hr \/>\n<p>&nbsp;<\/p>\n<blockquote>\n<h3><a class=\"dt-pswp-item\" href=\"https:\/\/www.radiopiu.net\/wordpress\/wp-content\/uploads\/2022\/11\/CENCENIGHE-NOF-FILO.png\" data-dt-img-description=\"\" data-large_image_width=\"1494\" data-large_image_height=\"962\"><img loading=\"lazy\" decoding=\"async\" class=\"wp-image-308445 alignleft\" src=\"https:\/\/www.radiopiu.net\/wordpress\/wp-content\/uploads\/2022\/11\/CENCENIGHE-NOF-FILO-300x193.png\" alt=\"\" width=\"180\" height=\"116\" srcset=\"https:\/\/www.radiopiu.net\/wordpress\/wp-content\/uploads\/2022\/11\/CENCENIGHE-NOF-FILO-300x193.png 300w, https:\/\/www.radiopiu.net\/wordpress\/wp-content\/uploads\/2022\/11\/CENCENIGHE-NOF-FILO-1024x659.png 1024w, https:\/\/www.radiopiu.net\/wordpress\/wp-content\/uploads\/2022\/11\/CENCENIGHE-NOF-FILO-768x495.png 768w, https:\/\/www.radiopiu.net\/wordpress\/wp-content\/uploads\/2022\/11\/CENCENIGHE-NOF-FILO.png 1494w\" sizes=\"auto, (max-width: 180px) 100vw, 180px\" \/><\/a>IL GIURAMENTO DEL SINDACO<\/h3>\n<\/blockquote>\n<p><strong>CENCENIGHE<\/strong> Non ha perso tempo il sindaco uscente Mauro Soppelsa, ha gi\u00e0 scelto la data e convocato i consiglieri per il primo consiglio di legislatura. E&#8217; in programma per martedi 23 maggio in Municipio. Oltre al giuramento del sindaco, presentazione delle linee programmatiche e nomina delle commissioni i consiglieri daranno seguito ai lavori gi\u00e0 avviati\u00a0 come il\u00a0 recesso del Comune dalla Casa di Soggiorno di Taibon.<\/p>\n<p>&nbsp;<\/p>\n<hr \/>\n<p>&nbsp;<\/p>\n<p>&nbsp;<\/p>\n<blockquote>\n<h3><img loading=\"lazy\" decoding=\"async\" class=\"alignleft\" src=\"https:\/\/www.radiopiu.net\/wordpress\/wp-content\/uploads\/2020\/03\/Sersa-tablet-anziani-scaled.jpg\" width=\"136\" height=\"102\" \/>SPI CGIL, QUINDICINALE APPUNTAMENTO CON MARIA RITA GENTILIN<\/h3>\n<\/blockquote>\n<p><strong>REDAZIONE<\/strong> In questo numero la manifestazione di Milano, la prossima a Napoli. Sanit\u00e0: no ad un direttore della Ulss1 Dolomiti a scavalco. Il premio di risultato in Luxottica<\/p>\n<p>di Mirko Mezzacasa<\/p>\n<audio class=\"wp-audio-shortcode\" id=\"audio-336305-9\" preload=\"none\" style=\"width: 100%;\" controls=\"controls\"><source type=\"audio\/mpeg\" src=\"https:\/\/www.radiopiu.net\/wordpress\/wp-content\/uploads\/2023\/05\/marita-rita-gentilin.mp3?_=9\" \/><a href=\"https:\/\/www.radiopiu.net\/wordpress\/wp-content\/uploads\/2023\/05\/marita-rita-gentilin.mp3\">https:\/\/www.radiopiu.net\/wordpress\/wp-content\/uploads\/2023\/05\/marita-rita-gentilin.mp3<\/a><\/audio>\n<p>&nbsp;<\/p>\n<p>&nbsp;<\/p>\n<hr \/>\n<p>&nbsp;<\/p>\n<blockquote>\n<h3>ASPETTANDO IL GIRO D&#8217;ITALIA CON L&#8217;ULSS 1 DOLOMITI E STEFANO GASPERIN, DIRETTORE DEL PRONTO SOCCORSO DI AGORDO<\/h3>\n<\/blockquote>\n<p><strong>BELLUNO <\/strong>Ecco il benvenuto al <span class=\"xt0psk2\">Giro d&#8217;Italia<\/span> del direttore del Pronto Soccorso di Agordo Stefano Gasperin, qui in veste di ciclista.<\/p>\n<div style=\"width: 848px;\" class=\"wp-video\"><video class=\"wp-video-shortcode\" id=\"video-336305-2\" width=\"848\" height=\"480\" preload=\"metadata\" controls=\"controls\"><source type=\"video\/mp4\" src=\"https:\/\/www.radiopiu.net\/wordpress\/wp-content\/uploads\/2023\/05\/WhatsApp-Video-2023-05-15-at-17.08.25.mp4?_=2\" \/><a href=\"https:\/\/www.radiopiu.net\/wordpress\/wp-content\/uploads\/2023\/05\/WhatsApp-Video-2023-05-15-at-17.08.25.mp4\">https:\/\/www.radiopiu.net\/wordpress\/wp-content\/uploads\/2023\/05\/WhatsApp-Video-2023-05-15-at-17.08.25.mp4<\/a><\/video><\/div>\n<p>&nbsp;<\/p>\n<blockquote>\n<h3>ASPETTANDO IL GIRO D&#8217;ITALIA CON L&#8217;ULSS 1 DOLOMITI E FRANCESCO MINNITI, DIRETTORE DEL REPARTO MEDICINA DI AGORDO<\/h3>\n<\/blockquote>\n<p><strong>BELLUNO<\/strong> Francesco Minniti, direttore della Medicina di Agordo, territorio che tra pochi giorni accoglier\u00e0 il <span class=\"xt0psk2\">Giro d&#8217;Italia<\/span>, ci spiega perch\u00e9 fa bene andare in bici: la bici aiuta a superare le fragilit\u00e0 fisiche e mentali.<\/p>\n<div style=\"width: 848px;\" class=\"wp-video\"><video class=\"wp-video-shortcode\" id=\"video-336305-3\" width=\"848\" height=\"480\" preload=\"metadata\" controls=\"controls\"><source type=\"video\/mp4\" src=\"https:\/\/www.radiopiu.net\/wordpress\/wp-content\/uploads\/2023\/05\/WhatsApp-Video-2023-05-18-at-15.18.26.mp4?_=3\" \/><a href=\"https:\/\/www.radiopiu.net\/wordpress\/wp-content\/uploads\/2023\/05\/WhatsApp-Video-2023-05-18-at-15.18.26.mp4\">https:\/\/www.radiopiu.net\/wordpress\/wp-content\/uploads\/2023\/05\/WhatsApp-Video-2023-05-18-at-15.18.26.mp4<\/a><\/video><\/div>\n<p>&nbsp;<\/p>\n<hr \/>\n<p>&nbsp;<\/p>\n<h2 align=\"CENTER\">ALLEGHE HOCKEY, UNDER 15: CAMPIONI ALLA RADIO<\/h2>\n<p><strong><img loading=\"lazy\" decoding=\"async\" class=\"alignleft\" src=\"https:\/\/www.radiopiu.net\/wordpress\/wp-content\/uploads\/2023\/03\/ALLEGHE-UNDER-17-2023.jpg\" width=\"202\" height=\"152\" \/><\/strong><\/p>\n<p>&nbsp;<\/p>\n<p><strong>IERI ALLA RADIO<\/strong><\/p>\n<p><strong>di\u00a0 MARCO GAZ<\/strong><\/p>\n<audio class=\"wp-audio-shortcode\" id=\"audio-336305-10\" preload=\"none\" style=\"width: 100%;\" controls=\"controls\"><source type=\"audio\/mpeg\" src=\"https:\/\/www.radiopiu.net\/wordpress\/wp-content\/uploads\/2023\/05\/ALLEGHE-UNDER-15.mp3?_=10\" \/><a href=\"https:\/\/www.radiopiu.net\/wordpress\/wp-content\/uploads\/2023\/05\/ALLEGHE-UNDER-15.mp3\">https:\/\/www.radiopiu.net\/wordpress\/wp-content\/uploads\/2023\/05\/ALLEGHE-UNDER-15.mp3<\/a><\/audio>\n<p>&nbsp;<\/p>\n<p>&nbsp;<\/p>\n<p>&nbsp;<\/p>\n<hr \/>\n<p>&nbsp;<\/p>\n<h2><span style=\"color: #ff9900;\">DA DEDICHE E RICHIESTE<\/span><\/h2>\n<blockquote>\n<h3>GIANFELICE FACCHETTI E L&#8217;INTER IN FINALE DI CHAMPIONS<\/h3>\n<\/blockquote>\n<p><strong><a class=\"dt-pswp-item\" href=\"https:\/\/www.radiopiu.net\/wordpress\/wp-content\/uploads\/2023\/05\/GIANFELICE-FACCHETTI.jpg\" data-dt-img-description=\"\" data-large_image_width=\"570\" data-large_image_height=\"320\"><img loading=\"lazy\" decoding=\"async\" class=\" wp-image-336295 alignleft\" src=\"https:\/\/www.radiopiu.net\/wordpress\/wp-content\/uploads\/2023\/05\/GIANFELICE-FACCHETTI-300x168.jpg\" alt=\"\" width=\"227\" height=\"127\" srcset=\"https:\/\/www.radiopiu.net\/wordpress\/wp-content\/uploads\/2023\/05\/GIANFELICE-FACCHETTI-300x168.jpg 300w, https:\/\/www.radiopiu.net\/wordpress\/wp-content\/uploads\/2023\/05\/GIANFELICE-FACCHETTI.jpg 570w\" sizes=\"auto, (max-width: 227px) 100vw, 227px\" \/><\/a>REDAZIONE<\/strong> L&#8217;Inter \u00e8 in finale di Champions League dopo la doppia vittoria nei match validi per le semifinali della coppa europea. E come non parlarne in Dediche e Richieste? Ospite speciale del programma del mercoled\u00ec sera Gianfelice Facchetti che a San Siro era presente. Una grande soddisfazione per il figlio di Giacinto che ha raccontato le sue emozioni dopo la serata del Meazza. (foto: FC Inter News)<\/p>\n<p><strong>GIANFELICE FACCHETTI<\/strong><\/p>\n<audio class=\"wp-audio-shortcode\" id=\"audio-336305-11\" preload=\"none\" style=\"width: 100%;\" controls=\"controls\"><source type=\"audio\/mpeg\" src=\"https:\/\/www.radiopiu.net\/wordpress\/wp-content\/uploads\/2023\/05\/DEDICHE-GIANFELICE-FACCHETTI.mp3?_=11\" \/><a href=\"https:\/\/www.radiopiu.net\/wordpress\/wp-content\/uploads\/2023\/05\/DEDICHE-GIANFELICE-FACCHETTI.mp3\">https:\/\/www.radiopiu.net\/wordpress\/wp-content\/uploads\/2023\/05\/DEDICHE-GIANFELICE-FACCHETTI.mp3<\/a><\/audio>\n<p>&nbsp;<\/p>\n<blockquote>\n<h3>PAOLO SIBILLON E L&#8217;ACCENSIONE DELLA CALCHERA IN VALLE DI SAN LUCANO<\/h3>\n<\/blockquote>\n<p><strong><a class=\"dt-pswp-item\" href=\"https:\/\/www.radiopiu.net\/wordpress\/wp-content\/uploads\/2023\/05\/PAOLO-SIBILLON.png\" data-dt-img-description=\"\" data-large_image_width=\"494\" data-large_image_height=\"314\"><img loading=\"lazy\" decoding=\"async\" class=\" wp-image-336299 alignleft\" src=\"https:\/\/www.radiopiu.net\/wordpress\/wp-content\/uploads\/2023\/05\/PAOLO-SIBILLON-300x191.png\" alt=\"\" width=\"181\" height=\"115\" srcset=\"https:\/\/www.radiopiu.net\/wordpress\/wp-content\/uploads\/2023\/05\/PAOLO-SIBILLON-300x191.png 300w, https:\/\/www.radiopiu.net\/wordpress\/wp-content\/uploads\/2023\/05\/PAOLO-SIBILLON.png 494w\" sizes=\"auto, (max-width: 181px) 100vw, 181px\" \/><\/a>REDAZIONE<\/strong> Tra gli ospiti di Dediche e Richieste anche Paolo Sibillon, presidente del gruppo volontari Piodech di Taibon. Venerd\u00ec mattina alle 10 in valle di san Lucano ci sar\u00e0 &#8220;La cota&#8221;, ossia l&#8217;accensione della calchera dove vengono cotti i sassi per creare la calce viva. Ce lo ha spiegato in radio. Un lavoro certosino che per quattro giorni impegner\u00e0 i volontari con quattro turni giornalieri per mantenere vive le fiamme.<\/p>\n<p><strong>PAOLO SIBILLON<\/strong><\/p>\n<audio class=\"wp-audio-shortcode\" id=\"audio-336305-12\" preload=\"none\" style=\"width: 100%;\" controls=\"controls\"><source type=\"audio\/mpeg\" src=\"https:\/\/www.radiopiu.net\/wordpress\/wp-content\/uploads\/2023\/05\/DEDICHE-PAOLO-SIBILLON.mp3?_=12\" \/><a href=\"https:\/\/www.radiopiu.net\/wordpress\/wp-content\/uploads\/2023\/05\/DEDICHE-PAOLO-SIBILLON.mp3\">https:\/\/www.radiopiu.net\/wordpress\/wp-content\/uploads\/2023\/05\/DEDICHE-PAOLO-SIBILLON.mp3<\/a><\/audio>\n<p>&nbsp;<\/p>\n<blockquote>\n<h3>GIACOMO &#8220;JACKY&#8221; BRESSAN E L&#8217;ADUNATA DEGLI ALPINI AD UDINE<\/h3>\n<\/blockquote>\n<p><strong><a class=\"dt-pswp-item\" href=\"https:\/\/www.radiopiu.net\/wordpress\/wp-content\/uploads\/2023\/02\/giacomo-bressan.png\" data-dt-img-description=\"\" data-large_image_width=\"622\" data-large_image_height=\"430\"><img loading=\"lazy\" decoding=\"async\" class=\" wp-image-324033 alignleft\" src=\"https:\/\/www.radiopiu.net\/wordpress\/wp-content\/uploads\/2023\/02\/giacomo-bressan-300x207.png\" alt=\"\" width=\"143\" height=\"99\" srcset=\"https:\/\/www.radiopiu.net\/wordpress\/wp-content\/uploads\/2023\/02\/giacomo-bressan-300x207.png 300w, https:\/\/www.radiopiu.net\/wordpress\/wp-content\/uploads\/2023\/02\/giacomo-bressan.png 622w\" sizes=\"auto, (max-width: 143px) 100vw, 143px\" \/><\/a>REDAZIONE<\/strong> Domenica scorsa ad Udine c&#8217;\u00e8 stata l&#8217;Adunata degli Alpini e tra gli ospiti di Dediche e Richieste abbiamo avuto Giacomo Bressan che ha sfilato con la Brigata Cadore. Giacomo suona il sax e ci ha raccontato la sua esperienza friulana in quella che \u00e8 stata una grande festa degli alpini nonostante la pioggia che \u00e8 scesa incessante per quasi tutta la giornata.<\/p>\n<p><strong>GIACOMO BRESSAN<\/strong><\/p>\n<audio class=\"wp-audio-shortcode\" id=\"audio-336305-13\" preload=\"none\" style=\"width: 100%;\" controls=\"controls\"><source type=\"audio\/mpeg\" src=\"https:\/\/www.radiopiu.net\/wordpress\/wp-content\/uploads\/2023\/05\/DEDICHE-GIACOMO-BRESSAN.mp3?_=13\" \/><a href=\"https:\/\/www.radiopiu.net\/wordpress\/wp-content\/uploads\/2023\/05\/DEDICHE-GIACOMO-BRESSAN.mp3\">https:\/\/www.radiopiu.net\/wordpress\/wp-content\/uploads\/2023\/05\/DEDICHE-GIACOMO-BRESSAN.mp3<\/a><\/audio>\n<p>&nbsp;<\/p>\n<hr \/>\n<p>&nbsp;<\/p>\n<blockquote>\n<h3 align=\"JUSTIFY\"><span style=\"color: #cc0000;\"><span style=\"font-family: Georgia, serif;\"><span style=\"font-size: large;\"><a class=\"dt-pswp-item\" href=\"https:\/\/www.radiopiu.net\/wordpress\/wp-content\/uploads\/2023\/05\/Daniel.jpg\" data-dt-img-description=\"\" data-large_image_width=\"327\" data-large_image_height=\"698\"><img loading=\"lazy\" decoding=\"async\" class=\" wp-image-336362 alignleft\" src=\"https:\/\/www.radiopiu.net\/wordpress\/wp-content\/uploads\/2023\/05\/Daniel-141x300.jpg\" alt=\"\" width=\"104\" height=\"222\" srcset=\"https:\/\/www.radiopiu.net\/wordpress\/wp-content\/uploads\/2023\/05\/Daniel-141x300.jpg 141w, https:\/\/www.radiopiu.net\/wordpress\/wp-content\/uploads\/2023\/05\/Daniel.jpg 327w\" sizes=\"auto, (max-width: 104px) 100vw, 104px\" \/><\/a>NUOVI VOLTI E NUOVE FORZE PER IL DIRETTIVO DELLA FILARMONICA DI BELLUNO 1867<\/span><\/span><\/span><\/h3>\n<\/blockquote>\n<p>La Filarmonica di Belluno 1867 ha partecipato al 25 aprile, celebrando la Liberazione come da tradizione. Dopo il servizio, durante l&#8217;assemblea annuale, sono state apportate importanti novit\u00e0, tra cui l&#8217;elezione di un nuovo Consiglio Direttivo. Il presidente uscente, Pierangelo Da Gioz, ha passato il testimone al nuovo presidente Daniel Creter (foto) , un musicista della Filarmonica. Il nuovo Direttivo si impegna a mantenere la qualit\u00e0 musicale, rafforzare i legami con il territorio e l&#8217;amministrazione comunale, nonch\u00e9 promuovere la Filarmonica al di fuori della provincia. Inoltre, \u00e8 stato cambiato il nome associativo da &#8220;Associazione Bellunese Amici della Banda&#8221; a &#8220;Filarmonica di Belluno 1867&#8221; per favorire il riconoscimento del gruppo.<\/p>\n<p>&nbsp;<\/p>\n<p>&nbsp;<\/p>\n<hr \/>\n<p>&nbsp;<\/p>\n<blockquote>\n<h3>MIG 2023: l&#8217;offerta \u00e8 completa per la moderna gelateria<\/h3>\n<\/blockquote>\n<p><strong>LONGARONE<\/strong> A Longarone Fiere Dolomiti fervono le attivit\u00e0 finalizzate ad organizzare nel migliore dei modi la prossima 63. MIG \u2013 Mostra Internazionale del Gelato Artigianale, in programma dal 26 al 29 novembre 2023. \u00c8 in pieno svolgimento la raccolta delle adesioni delle aziende espositrici; si pu\u00f2 gi\u00e0 affermare che la prossima edizione della storica rassegna offrir\u00e0 ai visitatori un panorama esauriente e completo in quanto a prodotti, macchine, attrezzature, arredi, accessori e servizi per la gelateria. Tra gli eventi di richiamo non mancher\u00e0 la 53. edizione del Concorso Coppa d\u2019Oro che vedr\u00e0 in competizione oltre cento gelatieri sulla preparazione del gelato al gusto cioccolato fondente a base acqua.\u00a0 Sar\u00e0 presente il gelatiere primo classificato al concorso \u201cCopa de Oro\u201d che si svolger\u00e0, in collaborazione con l\u2019associazione dei gelatieri argentin dal 5 al 7 di giugno a Cordoba.<\/p>\n<p>&nbsp;<\/p>\n<hr \/>\n<p>&nbsp;<\/p>\n<blockquote>\n<h3>L&#8217;ASSESSORE ELENA DONAZZAN A BELLUNO<\/h3>\n<\/blockquote>\n<p><strong>BELLUNO<\/strong> L&#8217;Assessore regionale al lavoro, istruzione e formazione ha partecipato ieri all&#8217;Assemblea generale di Confartigianato Imprese Belluno, dove si \u00e8 discusso sull&#8217;orientamento e la diffusione della cultura del lavoro artigiano. L&#8217;Assessore ha sottolineato l&#8217;importanza dell&#8217;artigianato come ossatura del sistema economico della regione del Veneto e ha elogiato gli sforzi della Confartigianato Imprese di Belluno nell&#8217;orientamento e nella collaborazione con le scuole. \u00c8 stato anche premiato i primi lavoratori bellunesi che hanno ottenuto la qualifica di maestri artigiani, come previsto dalla legge regionale.<\/p>\n<p>&nbsp;<\/p>\n<hr \/>\n<p>&nbsp;<\/p>\n<h2><span style=\"color: #ff0000;\">GLI APPUNTAMENTI DELLA SETTIMANA<\/span><\/h2>\n<blockquote>\n<h3>DUE APPUNTAMENTI CON IL GRUPPO NATURA<\/h3>\n<\/blockquote>\n<p><strong>LENTIAI<\/strong> Oggi alle 20.30 presso la societ\u00e0 operaia serata\u00a0 dedicata alla minaccia di estinzione delle api,\u00a0 prevede la presentazione di una serie di articoli sull&#8217;argomento a cura del giornalista Cosentino Domenico e la testimonianza di un apiculture locale, Claudio Mioranza, tecnico apistico che ci presenter\u00e0 la sua esperienza con un video. Secondo appuntamento sabato 27\/05\u00a0 dalle\u00a0 14 con i volontari all&#8217;estirpazione del veratro, pianta infestante, competitrice del narciso<\/p>\n<p>&nbsp;<\/p>\n<p>&nbsp;<\/p>\n<hr \/>\n<p>&nbsp;<\/p>\n<blockquote>\n<h3>DA TERRA DI PARTENZE A TERRA DI APPRODI<\/h3>\n<\/blockquote>\n<p><strong>BELLUNO<\/strong> \u201cDa terra di partenze a terra di approdi\u201d \u00e8 il titolo del secondo appuntamento organizzato dall\u2019Associazione Bellunesi nel Mondo per celebrare il 10\u00b0 anniversario del MiM Belluno &#8211; Museo interattivo delle Migrazioni. Appuntamento direttamente al MIM (c\/o Associazione Bellunesi nel Mondo, via Cavour 3 Belluno) oggi alle 18<\/p>\n<p>&nbsp;<\/p>\n<p>&nbsp;<\/p>\n<hr \/>\n<p>&nbsp;<\/p>\n<blockquote>\n<h3>LIMANA AI TEMPI DELLA GRANDE GUERRA<\/h3>\n<\/blockquote>\n<p><strong>LIMANA<\/strong> Comune di Limana e Associazione Bersaglieri Belluno organizzano un fine settimana dedicato alla Prima guerra Mondiale. Oggii alle 20:30 una conferenza &#8220;<em style=\"box-sizing: border-box;\">1918: il Battaglione dei Volontari del Col Visentin<\/em>&#8221; a cura del giornalista Roberto De Nart. Domani una giornata di festa con la fanfara dei Bersaglieri, la rievocazione storica del giuramento del &#8220;<em style=\"box-sizing: border-box;\">Battaglione Volontari Col Visentin 1918<\/em>&#8221; per terminare con il pranzo alla Baita degli Alpini.<\/p>\n<p>&nbsp;<\/p>\n<hr \/>\n<p>&nbsp;<\/p>\n<blockquote>\n<h3>INAUGURAZIONE DELL&#8217;ARENA ESTERNA DI DOLOMITI HUB<\/h3>\n<\/blockquote>\n<p><strong>FONZASO<\/strong> Domani dalle 18.30 l&#8217;inaugurazione dell&#8217;arena esterna di Dolomiti hub autocostruita in un laboratorio di architettura partecipativa.<\/p>\n<p>&nbsp;<\/p>\n<p>&nbsp;<\/p>\n<hr \/>\n<p>&nbsp;<\/p>\n<blockquote>\n<h3>BENVENUTI A CHECCIAVAU, SABATO AL &#8220;SAN FELICE&#8221;<\/h3>\n<h3><a class=\"dt-pswp-item\" href=\"https:\/\/www.radiopiu.net\/wordpress\/wp-content\/uploads\/2023\/05\/02268c73-4ba3-481e-b263-da335a600d24.jpg\" data-dt-img-description=\"\" data-large_image_width=\"1131\" data-large_image_height=\"1600\"><img loading=\"lazy\" decoding=\"async\" class=\" wp-image-335930 alignleft\" src=\"https:\/\/www.radiopiu.net\/wordpress\/wp-content\/uploads\/2023\/05\/02268c73-4ba3-481e-b263-da335a600d24-212x300.jpg\" alt=\"\" width=\"106\" height=\"150\" srcset=\"https:\/\/www.radiopiu.net\/wordpress\/wp-content\/uploads\/2023\/05\/02268c73-4ba3-481e-b263-da335a600d24-212x300.jpg 212w, https:\/\/www.radiopiu.net\/wordpress\/wp-content\/uploads\/2023\/05\/02268c73-4ba3-481e-b263-da335a600d24-724x1024.jpg 724w, https:\/\/www.radiopiu.net\/wordpress\/wp-content\/uploads\/2023\/05\/02268c73-4ba3-481e-b263-da335a600d24-768x1086.jpg 768w, https:\/\/www.radiopiu.net\/wordpress\/wp-content\/uploads\/2023\/05\/02268c73-4ba3-481e-b263-da335a600d24-1086x1536.jpg 1086w, https:\/\/www.radiopiu.net\/wordpress\/wp-content\/uploads\/2023\/05\/02268c73-4ba3-481e-b263-da335a600d24.jpg 1131w\" sizes=\"auto, (max-width: 106px) 100vw, 106px\" \/><\/a><\/h3>\n<\/blockquote>\n<p><strong>TRICHIANA<\/strong> Domani alle 21 al Teatro San Felice la commedia teatrale da un&#8217;idea di Valerio Scremin per la regia di Giancarlo Merlini. Con Erik Sacco, Lucia Pison, Sara Faoro, Claudio Dal Farra, Giorgio De Bona, Walter De Barba, Franco De Col, Maria Grazia Monestier, Gloria Vardanega, Francisca Zanivan. Davide Merlin alle luci, Christian Facherazzi all&#8217;audio, la grafica \u00e8 di Valentina Chierzi.<\/p>\n<p><strong>AUDIO<\/strong><\/p>\n<audio class=\"wp-audio-shortcode\" id=\"audio-336305-14\" preload=\"none\" style=\"width: 100%;\" controls=\"controls\"><source type=\"audio\/mpeg\" src=\"https:\/\/www.radiopiu.net\/wordpress\/wp-content\/uploads\/2023\/05\/giancarlo-merlini.mp3?_=14\" \/><a href=\"https:\/\/www.radiopiu.net\/wordpress\/wp-content\/uploads\/2023\/05\/giancarlo-merlini.mp3\">https:\/\/www.radiopiu.net\/wordpress\/wp-content\/uploads\/2023\/05\/giancarlo-merlini.mp3<\/a><\/audio>\n<p>&nbsp;<\/p>\n<p>&nbsp;<\/p>\n<hr \/>\n<p>&nbsp;<\/p>\n<blockquote class=\"wp-embedded-content\" data-secret=\"AuuKN3TF0T\"><p><a href=\"https:\/\/www.radiopiu.net\/wordpress\/in-viaggio-con-gli-alpini-di-falcade\/\">IN VIAGGIO CON GLI ALPINI DI FALCADE<\/a><\/p><\/blockquote>\n<p><iframe loading=\"lazy\" class=\"wp-embedded-content\" sandbox=\"allow-scripts\" security=\"restricted\" style=\"position: absolute; clip: rect(1px, 1px, 1px, 1px);\" title=\"&#8220;IN VIAGGIO CON GLI ALPINI DI FALCADE&#8221; &#8212; Radio Pi\u00f9\" src=\"https:\/\/www.radiopiu.net\/wordpress\/in-viaggio-con-gli-alpini-di-falcade\/embed\/#?secret=AZCmHlDsQC#?secret=AuuKN3TF0T\" data-secret=\"AuuKN3TF0T\" width=\"600\" height=\"338\" frameborder=\"0\" marginwidth=\"0\" marginheight=\"0\" scrolling=\"no\"><\/iframe><\/p>\n<p>&nbsp;<\/p>\n<p>&nbsp;<\/p>\n<hr \/>\n<p>&nbsp;<\/p>\n<blockquote>\n<h3>50 ANNI PRO LOCO &#8220;MONTI DEL SOLE&#8221; DI SOSPIROLO &#8211; Al via i festeggiamenti<\/h3>\n<\/blockquote>\n<p><strong>SOSPIROLO<\/strong> A Gron in Pra de la Melia domani dalle 11 del mattino alternarsi di musicisti e band bellunesi. Alle 21.15\u00a0 Divina Show. Domenica 21alle 10.30\u00a0 la messa e la partecipazione del coro \u201cMonti del Sole\u201d.\u00a0 alle 11 l\u2019intervento delle autorit\u00e0. Seguir\u00e0 il pranzo sociale e un momento di intrattenimento con Nelio Grandelis. Verr\u00e0 inoltre allestita la Mostra \u201cCinquant\u2019anni per la comunit\u00e0\u201d con foto, manifesti, libri, gadget.<\/p>\n<p>&nbsp;<\/p>\n<p>&nbsp;<\/p>\n<hr \/>\n<p>&nbsp;<\/p>\n<blockquote>\n<h3>SFILATA DI MODA ALL&#8217;EREMO DEI ROMITI DI DOMEGGE<\/h3>\n<\/blockquote>\n<p><strong>DOMEGGE <\/strong>La sfilata di abiti sartoriali che anche quest\u2019anno torna a Domegge di Cadore, nello splendido scenario dell\u2019Eremo dei Romiti, sul Monte Froppa. La sfilata quest\u2019anno \u00e8 in programma per domenica 21 maggio. Il titolo \u00e8 eloquente: \u201cL\u2019arte dell\u2019abito: dal passato al futuro\u201d. Sar\u00e0 una rassegna di costumi d\u2019epoca, una sfilata per riscoprire i capi di moda di 2000 anni fa in Cadore e seguirne l\u2019evoluzione fino a oggi.<\/p>\n<p>&nbsp;<\/p>\n<p>&nbsp;<\/p>\n<hr \/>\n<p>&nbsp;<\/p>\n<h2><span style=\"color: #ff0000;\">PROSSIMAMENTE&#8230;<\/span><\/h2>\n<blockquote>\n<h3>MARTEDIACOLOR<\/h3>\n<\/blockquote>\n<p><strong>BELLUNO <\/strong>Con la Primavera tornano a Belluno i Martediacolor, una tradizionale manifestazione che trova sempre l\u2019interesse di un numeroso pubblico. Organizzate dal C.T.G. gruppo Belluno, in collaborazione con i Circoli Fotografici di Belluno ed Agordo, sono piacevoli serate con racconti fotografici realizzati in multivisione, dedicate agli amanti dei viaggi, della natura e dell&#8217;arte. Il programma si articola in tre appuntamenti presso la sala Parrocchiale di Cavarzano alle ore 20.45, con ingresso libero, nelle giornate di marted\u00ec 23 e 30 maggio.<\/p>\n<p>&nbsp;<\/p>\n<hr \/>\n<p>&nbsp;<\/p>\n<blockquote>\n<h3>FOLKLOR JALPE&#8217; DE LA MARMOLEDA<\/h3>\n<\/blockquote>\n<p><strong>ROCCA PIETORE<\/strong> \u00c8 in programma per il 26, 27 e 28 maggio l&#8217;edizione 2023 di Folklor Jalp\u00e8 De La Marmoleda. Tre giorni di festa sotto al tendone riscaldato in localit\u00e0 Bosco Verde a Rocca Pietore tra cucina tipica e balli con le band tirolesi. Domenica 28, nel pomeriggio, la sfilata dei gruppi folk<\/p>\n<p>&nbsp;<\/p>\n<p>&nbsp;<\/p>\n<hr \/>\n<p>&nbsp;<\/p>\n<blockquote>\n<h3>I 75 ANNI DELLA COMUNITA&#8217; DI VILLA SAN FRANCESCO<\/h3>\n<\/blockquote>\n<p><strong>PEDAVENA <\/strong>Nel fine settimana del 27 e 28 maggio \u00e8 in programma una due giorni dedicata ai 75 anni della comunit\u00e0 di Villa San Francesco dove ci saranno dei convegni dedicati ai giovani in occasione della 26\u00aa edizione della Festa del Volontariato Sociale.<\/p>\n<p>&nbsp;<\/p>\n<p>&nbsp;<\/p>\n<hr \/>\n<p>&nbsp;<\/p>\n<blockquote>\n<h3>LA PRIMA EDIZIONE DELLA DON &#8211; PIANLONCH<\/h3>\n<\/blockquote>\n<p><strong>GOSALDO<\/strong> E&#8217; in programma per <strong>domenica 28 maggio<\/strong> la prima edizione della gara di corsa Don &#8211; Pianlonch. Una passeggiata ludicomotoria di 5,6 km non competitiva. Iscrizione 6 euro prima della partenza, 10 euro con panino farcito e bottigllia d&#8217;acqua.<\/p>\n<p>&nbsp;<\/p>\n<hr \/>\n<p>&nbsp;<\/p>\n<blockquote>\n<h3>IL RITORNO DI LUNGARDO IN FEST<\/h3>\n<\/blockquote>\n<div class=\"flex-1 overflow-hidden\">\n<div class=\"react-scroll-to-bottom--css-phhur-79elbk h-full dark:bg-gray-800\">\n<div class=\"react-scroll-to-bottom--css-phhur-1n7m0yu\">\n<div class=\"flex flex-col items-center text-sm dark:bg-gray-800\">\n<div class=\"group w-full text-gray-800 dark:text-gray-100 border-b border-black\/10 dark:border-gray-900\/50 bg-gray-50 dark:bg-[#444654]\">\n<div class=\"flex p-4 gap-4 text-base md:gap-6 md:max-w-2xl lg:max-w-xl xl:max-w-3xl md:py-6 lg:px-0 m-auto\">\n<div class=\"relative flex w-[calc(100%-50px)] flex-col gap-1 md:gap-3 lg:w-[calc(100%-115px)]\">\n<div class=\"flex flex-grow flex-col gap-3\">\n<div class=\"min-h-[20px] flex flex-col items-start gap-4 whitespace-pre-wrap break-words\">\n<div class=\"markdown prose w-full break-words dark:prose-invert light\">\n<p><strong>BELLUNO<\/strong>\u00a0 Lungardo In Fest \u00e8 la festa della Cooperativa Societ\u00e0 Nuova. L&#8217;appuntamento \u00e8 per sabato 27 maggio presso la sede di via Lungardo. Per maggiori informazioni\u00a0 Facebook: cooperativasocietanuova. Programma, dalle 11 frasca , dj set, pesca di beneficenza, gonfiabili per i bambini. Dalle 20:00 musica dal vivo con\u00a0 gli Sklero Zero e i Maci&#8217;s Mobile.<\/p>\n<p>&nbsp;<\/p>\n<\/div>\n<\/div>\n<\/div>\n<\/div>\n<\/div>\n<\/div>\n<\/div>\n<\/div>\n<\/div>\n<\/div>\n<hr \/>\n<p>&nbsp;<\/p>\n<blockquote>\n<h3>SABATO 3 GIUGNO LA CENA DELLA CLASSE 1955-56<\/h3>\n<\/blockquote>\n<p><strong>AGORDO<\/strong> E&#8217; in programma per sabato 3 giugno al Ristorante &#8220;La Stanga&#8221; la cena delle classi 1955-1956. Ritrovo al ristorante alle 19, cena , musica e premi. Per informazioni ed iscrizioni Roberto Schenot al 348 8524340. Iscrizioni entro il 29 maggio.<\/p>\n<p>&nbsp;<\/p>\n<p>&nbsp;<\/p>\n<hr \/>\n<p>&nbsp;<\/p>\n<blockquote>\n<h3>DOMENICA 4 GIUGNO LA 4 PAS IN DOI<\/h3>\n<\/blockquote>\n<p><strong>AGORDO<\/strong> <strong>DOMENICA 4 GIUGNO<\/strong> AD AGORDO: &#8220;4 Pas in doi&#8221; TRAIL RUNNING A COPPIE. Due percorsi: 16 km con 900 metri di dislivello, o 5 km con 250 metri di dislivello. E per i pi\u00f9 golosi, la &#8220;4 Pas in doi Bocoi&#8221;: itinerario enogastronomico, 6 km, con 4 tappe da&#8230; gustare. Per informazioni ed iscrizioni: www.4pasindoi.it<\/p>\n<p>&nbsp;<\/p>\n<p>&nbsp;<\/p>\n<hr \/>\n<p>&nbsp;<\/p>\n<blockquote>\n<h3>Il Gruppo Alpini organizza una gita indimenticabile alla Foiba di Basovizza con pranzo di pesce a Lignano<\/h3>\n<\/blockquote>\n<p><strong>FALCADE <\/strong>\u00a0I Gruppi Alpini rappresentano un importante pilastro della comunit\u00e0 locale, promuovendo attivit\u00e0 che uniscono tradizione, avventura e scoperta del patrimonio culturale. Nel contesto di queste iniziative, il Gruppo Alpini di Falcade ha annunciato una gita straordinaria che si terr\u00e0 l&#8217;11 giugno, con destinazione la Foiba di Basovizza e una deliziosa pausa pranzo a Lignano.\u00a0 Remo Secchi, responsabile delle iscrizioni, sar\u00e0 il punto di riferimento per tutti coloro che desiderano partecipare. Per prenotare un posto e per ulteriori informazioni, \u00e8 possibile contattare\u00a0 il\u00a0 338 5628415.<\/p>\n<p>&nbsp;<\/p>\n<p>&nbsp;<\/p>\n<p>&nbsp;<\/p>\n<hr \/>\n<p>&nbsp;<\/p>\n<p>&nbsp;<\/p>\n<blockquote class=\"wp-embedded-content\" data-secret=\"P3q3ipesVS\"><p><a href=\"https:\/\/www.radiopiu.net\/wordpress\/periti-minerari-agordini-nel-mondo-la-presentazione-del-libro-la-diretta\/\">PERITI MINERARI AGORDINI NEL MONDO, LA PRESENTAZIONE DEL LIBRO &#8211; LA DIRETTA<\/a><\/p><\/blockquote>\n<p><iframe loading=\"lazy\" class=\"wp-embedded-content\" sandbox=\"allow-scripts\" security=\"restricted\" style=\"position: absolute; clip: rect(1px, 1px, 1px, 1px);\" title=\"&#8220;PERITI MINERARI AGORDINI NEL MONDO, LA PRESENTAZIONE DEL LIBRO &#8211; LA DIRETTA&#8221; &#8212; Radio Pi\u00f9\" src=\"https:\/\/www.radiopiu.net\/wordpress\/periti-minerari-agordini-nel-mondo-la-presentazione-del-libro-la-diretta\/embed\/#?secret=camIEG5Y2o#?secret=P3q3ipesVS\" data-secret=\"P3q3ipesVS\" width=\"600\" height=\"338\" frameborder=\"0\" marginwidth=\"0\" marginheight=\"0\" scrolling=\"no\"><\/iframe><\/p>\n<p>&nbsp;<\/p>\n<p>&nbsp;<\/p>\n<p>&nbsp;<\/p>\n<p>&nbsp;<\/p>\n<hr \/>\n<p>&nbsp;<\/p>\n<div dir=\"auto\">\n<div class=\"message spoilers-container\" dir=\"auto\">\n<div>\n<div class=\"b654a4as d2edcug0\">\n<div class=\"rq0escxv hkbzh7o3 jwdofwj8 n8tt0mok r8blr3vg hyh9befq\">\n<p><a class=\"dt-pswp-item\" href=\"https:\/\/www.radiopiu.net\/wordpress\/wp-content\/uploads\/2020\/10\/pp.jpg\" data-dt-img-description=\"\" data-large_image_width=\"640\" data-large_image_height=\"640\"><img loading=\"lazy\" decoding=\"async\" class=\"wp-image-163678 alignleft\" src=\"https:\/\/www.radiopiu.net\/wordpress\/wp-content\/uploads\/2020\/10\/pp-300x300.jpg\" alt=\"\" width=\"106\" height=\"106\" srcset=\"https:\/\/www.radiopiu.net\/wordpress\/wp-content\/uploads\/2020\/10\/pp-300x300.jpg 300w, https:\/\/www.radiopiu.net\/wordpress\/wp-content\/uploads\/2020\/10\/pp-150x150.jpg 150w, https:\/\/www.radiopiu.net\/wordpress\/wp-content\/uploads\/2020\/10\/pp-125x125.jpg 125w, https:\/\/www.radiopiu.net\/wordpress\/wp-content\/uploads\/2020\/10\/pp-200x200.jpg 200w, https:\/\/www.radiopiu.net\/wordpress\/wp-content\/uploads\/2020\/10\/pp-80x80.jpg 80w, https:\/\/www.radiopiu.net\/wordpress\/wp-content\/uploads\/2020\/10\/pp-480x480.jpg 480w, https:\/\/www.radiopiu.net\/wordpress\/wp-content\/uploads\/2020\/10\/pp.jpg 640w\" sizes=\"auto, (max-width: 106px) 100vw, 106px\" \/><\/a><\/p>\n<\/div>\n<\/div>\n<\/div>\n<\/div>\n<div class=\"message spoilers-container\" dir=\"auto\">\n<div class=\"page-title-head hgroup\">\n<div class=\"page-title-head hgroup\">\n<div class=\"b654a4as d2edcug0\">\n<div class=\"j83agx80 btwxx1t3 lhclo0ds hop8lmos nkwizq5d scwd0bx6 roh60bw9\">\n<div class=\"rq0escxv hkbzh7o3 jwdofwj8 n8tt0mok r8blr3vg hyh9befq\">\n<div class=\"do00u71z l9j0dhe7 k4urcfbm\" style=\"text-align: left;\">\n<h2><span style=\"color: #000080;\">DON CESARE, IL PENSIERO DEL GIORNO. ALLA RADIO ALLE 7 DEL MATTINO E ALLE 19.30 DELLA SERA<\/span><\/h2>\n<audio class=\"wp-audio-shortcode\" id=\"audio-336305-15\" preload=\"none\" style=\"width: 100%;\" controls=\"controls\"><source type=\"audio\/mpeg\" src=\"https:\/\/www.radiopiu.net\/wordpress\/wp-content\/uploads\/2023\/05\/CESARE-15.mp3?_=15\" \/><a href=\"https:\/\/www.radiopiu.net\/wordpress\/wp-content\/uploads\/2023\/05\/CESARE-15.mp3\">https:\/\/www.radiopiu.net\/wordpress\/wp-content\/uploads\/2023\/05\/CESARE-15.mp3<\/a><\/audio>\n<\/div>\n<p>&nbsp;<\/p>\n<div class=\"do00u71z l9j0dhe7 k4urcfbm\" style=\"text-align: left;\">\n<h2 style=\"text-align: left;\"><span style=\"color: #ff0000;\"><span style=\"vertical-align: inherit;\"><a class=\"dt-pswp-item\" href=\"https:\/\/www.radiopiu.net\/wordpress\/wp-content\/uploads\/2023\/04\/e0aad41d-951e-47b9-9fae-1a879a9bcb7e-1.jpg\" data-dt-img-description=\"\" data-large_image_width=\"1200\" data-large_image_height=\"1200\"><img loading=\"lazy\" decoding=\"async\" class=\"wp-image-333205 aligncenter\" src=\"https:\/\/www.radiopiu.net\/wordpress\/wp-content\/uploads\/2023\/04\/e0aad41d-951e-47b9-9fae-1a879a9bcb7e-1-300x300.jpg\" alt=\"\" width=\"227\" height=\"227\" srcset=\"https:\/\/www.radiopiu.net\/wordpress\/wp-content\/uploads\/2023\/04\/e0aad41d-951e-47b9-9fae-1a879a9bcb7e-1-300x300.jpg 300w, https:\/\/www.radiopiu.net\/wordpress\/wp-content\/uploads\/2023\/04\/e0aad41d-951e-47b9-9fae-1a879a9bcb7e-1-1024x1024.jpg 1024w, https:\/\/www.radiopiu.net\/wordpress\/wp-content\/uploads\/2023\/04\/e0aad41d-951e-47b9-9fae-1a879a9bcb7e-1-150x150.jpg 150w, https:\/\/www.radiopiu.net\/wordpress\/wp-content\/uploads\/2023\/04\/e0aad41d-951e-47b9-9fae-1a879a9bcb7e-1-768x768.jpg 768w, https:\/\/www.radiopiu.net\/wordpress\/wp-content\/uploads\/2023\/04\/e0aad41d-951e-47b9-9fae-1a879a9bcb7e-1.jpg 1200w\" sizes=\"auto, (max-width: 227px) 100vw, 227px\" \/><br \/>\n<\/a><\/span><\/span><\/h2>\n<\/div>\n<\/div>\n<\/div>\n<\/div>\n<\/div>\n<\/div>\n<\/div>\n<div class=\"message spoilers-container\" dir=\"auto\">\n<h3><\/h3>\n<\/div>\n<\/div>\n<div class=\"message spoilers-container\" dir=\"auto\">\n<p>&nbsp;<\/p>\n<\/div>\n<hr \/>\n<p>&nbsp;<\/p>\n<div class=\"message spoilers-container\" dir=\"auto\">\n<h2><span style=\"color: #008080;\">GOCCE DI FILOSOFIA\u00a0\u00a0<\/span><\/h2>\n<p><strong>PUNTATA 314 &#8211;\u00a0 LISA DE LUCA_TERZA STAGIONE\u00a0\u00a0<\/strong><\/p>\n<audio class=\"wp-audio-shortcode\" id=\"audio-336305-16\" preload=\"none\" style=\"width: 100%;\" controls=\"controls\"><source type=\"audio\/mpeg\" src=\"https:\/\/www.radiopiu.net\/wordpress\/wp-content\/uploads\/2023\/05\/FI4-2.mp3?_=16\" \/><a href=\"https:\/\/www.radiopiu.net\/wordpress\/wp-content\/uploads\/2023\/05\/FI4-2.mp3\">https:\/\/www.radiopiu.net\/wordpress\/wp-content\/uploads\/2023\/05\/FI4-2.mp3<\/a><\/audio>\n<p>&nbsp;<\/p>\n<\/div>\n<blockquote>\n<div class=\"message spoilers-container\" dir=\"auto\">\n<p><strong>LA RACCOLTA COMPLETA<\/strong><\/p>\n<\/div>\n<\/blockquote>\n<div class=\"message spoilers-container\" dir=\"auto\">\n<blockquote class=\"wp-embedded-content\" data-secret=\"sYoqxcuQba\"><p><a href=\"https:\/\/www.radiopiu.net\/wordpress\/gocce-filosofia\/\">Gocce di filosofia,  LA TERZA STAGIONE&#8230; 2023<\/a><\/p><\/blockquote>\n<p><iframe loading=\"lazy\" class=\"wp-embedded-content\" sandbox=\"allow-scripts\" security=\"restricted\" style=\"position: absolute; clip: rect(1px, 1px, 1px, 1px);\" title=\"&#8220;Gocce di filosofia,  LA TERZA STAGIONE&#8230; 2023&#8221; &#8212; Radio Pi\u00f9\" src=\"https:\/\/www.radiopiu.net\/wordpress\/gocce-filosofia\/embed\/#?secret=9v9uhOXXyO#?secret=sYoqxcuQba\" data-secret=\"sYoqxcuQba\" width=\"600\" height=\"338\" frameborder=\"0\" marginwidth=\"0\" marginheight=\"0\" scrolling=\"no\"><\/iframe><\/p>\n<\/div>\n<hr \/>\n<p>&nbsp;<\/p>\n<p>&nbsp;<\/p>\n<blockquote class=\"wp-embedded-content\" data-secret=\"m5MUQDi0P0\"><p><a href=\"https:\/\/www.radiopiu.net\/wordpress\/sentimental-il-nuovo-programma-di-paola-lanciato\/\">SENTIMENTAL, IL NUOVO PROGRAMMA DI PAOLA LANCIATO<\/a><\/p><\/blockquote>\n<p><iframe loading=\"lazy\" class=\"wp-embedded-content\" sandbox=\"allow-scripts\" security=\"restricted\" style=\"position: absolute; clip: rect(1px, 1px, 1px, 1px);\" title=\"&#8220;SENTIMENTAL, IL NUOVO PROGRAMMA DI PAOLA LANCIATO&#8221; &#8212; Radio Pi\u00f9\" src=\"https:\/\/www.radiopiu.net\/wordpress\/sentimental-il-nuovo-programma-di-paola-lanciato\/embed\/#?secret=taWRKDEvnW#?secret=m5MUQDi0P0\" data-secret=\"m5MUQDi0P0\" width=\"600\" height=\"338\" frameborder=\"0\" marginwidth=\"0\" marginheight=\"0\" scrolling=\"no\"><\/iframe><\/p>\n<p>&nbsp;<\/p>\n<p>&nbsp;<\/p>\n<div class=\"message spoilers-container\" dir=\"auto\">\n<hr \/>\n<p>&nbsp;<\/p>\n<\/div>\n<div class=\"message spoilers-container\" dir=\"auto\">\n<div class=\"column\">\n<p><img loading=\"lazy\" decoding=\"async\" class=\"aligncenter wp-image-61954 size-full\" src=\"https:\/\/www.radiopiu.net\/wordpress\/wp-content\/uploads\/2018\/09\/viabilita.jpeg\" sizes=\"auto, (max-width: 800px) 100vw, 800px\" srcset=\"https:\/\/www.radiopiu.net\/wordpress\/wp-content\/uploads\/2018\/09\/viabilita.jpeg 800w, https:\/\/www.radiopiu.net\/wordpress\/wp-content\/uploads\/2018\/09\/viabilita-300x38.jpeg 300w, https:\/\/www.radiopiu.net\/wordpress\/wp-content\/uploads\/2018\/09\/viabilita-768x96.jpeg 768w\" alt=\"\" width=\"800\" height=\"100\" \/><\/p>\n<\/div>\n<\/div>\n<div class=\"message spoilers-container\" dir=\"auto\">\n<div class=\"column\">\n<p>&nbsp;<\/p>\n<\/div>\n<\/div>\n<div class=\"message spoilers-container\" dir=\"auto\">\n<div class=\"column\">\n<div dir=\"ltr\">\n<div class=\"gmail_quote\">\n<div dir=\"ltr\">\n<div class=\"gmail_quote\">\n<blockquote class=\"wp-embedded-content\" data-secret=\"Y69MkQJo4N\"><p><a href=\"https:\/\/www.radiopiu.net\/wordpress\/viabilita\/\">viabilita<\/a><\/p><\/blockquote>\n<p><iframe loading=\"lazy\" class=\"wp-embedded-content\" sandbox=\"allow-scripts\" security=\"restricted\" style=\"position: absolute; clip: rect(1px, 1px, 1px, 1px);\" title=\"&#8220;viabilita&#8221; &#8212; Radio Pi\u00f9\" src=\"https:\/\/www.radiopiu.net\/wordpress\/viabilita\/embed\/#?secret=kxz7OEu6W0#?secret=Y69MkQJo4N\" data-secret=\"Y69MkQJo4N\" width=\"600\" height=\"338\" frameborder=\"0\" marginwidth=\"0\" marginheight=\"0\" scrolling=\"no\"><\/iframe><\/p>\n<\/div>\n<\/div>\n<\/div>\n<\/div>\n<\/div>\n<\/div>\n<div class=\"message spoilers-container\" dir=\"auto\">\n<div class=\"column\">\n<div>\n<div dir=\"ltr\">\n<div class=\"gmail_quote\">\n<div dir=\"ltr\">\n<div><\/div>\n<\/div>\n<\/div>\n<\/div>\n<\/div>\n<hr \/>\n<p>&nbsp;<\/p>\n<p><a class=\"dt-pswp-item\" href=\"https:\/\/www.radiopiu.net\/wordpress\/wp-content\/uploads\/2018\/09\/WhatsApp-Image-2018-09-20-at-16.04.06.jpeg\" data-dt-img-description=\"\" data-large_image_width=\"800\" data-large_image_height=\"100\"><img loading=\"lazy\" decoding=\"async\" class=\"wp-image-61378 size-full aligncenter\" src=\"https:\/\/www.radiopiu.net\/wordpress\/wp-content\/uploads\/2018\/09\/WhatsApp-Image-2018-09-20-at-16.04.06.jpeg\" alt=\"\" width=\"800\" height=\"100\" srcset=\"https:\/\/www.radiopiu.net\/wordpress\/wp-content\/uploads\/2018\/09\/WhatsApp-Image-2018-09-20-at-16.04.06.jpeg 800w, https:\/\/www.radiopiu.net\/wordpress\/wp-content\/uploads\/2018\/09\/WhatsApp-Image-2018-09-20-at-16.04.06-300x38.jpeg 300w, https:\/\/www.radiopiu.net\/wordpress\/wp-content\/uploads\/2018\/09\/WhatsApp-Image-2018-09-20-at-16.04.06-768x96.jpeg 768w\" sizes=\"auto, (max-width: 800px) 100vw, 800px\" \/><\/a><\/p>\n<\/div>\n<\/div>\n<div class=\"message spoilers-container\" dir=\"auto\"><\/div>\n<p><center><\/center><b>OGGI <\/b>Al mattino parzialmente soleggiato e presenza di nubi alte in grado di velare il cielo su Dolomiti, estese nubi basse su Prealpi. Al pomeriggio ulteriore intensificazione della nuvolosit\u00e0 fino a nuvoloso. <b>Precipitazioni: <\/b>Crescente probabilit\u00e0 di deboli precipitazioni sparse, specie nel pomeriggio\/sera, nevose oltre i 2300-2400 m.<\/p>\n<hr \/>\n<p><center><\/center><b>DOMANI: <\/b>Giornata per lo pi\u00f9 nuvolosa con qualche irregolare schiarita al mattino su Dolomiti nord, dalle ore centrali ulteriore generale aumento delle nubi fino molto nuvoloso o coperto ovunque.<br \/>\n<b>Precipitazioni: <\/b>Al mattino non escluse prime deboli isolate precipitazioni. Dalle ore centrali probabilit\u00e0 in aumento di deboli precipitazioni sparse anche con qualche rovescio.<\/p>\n<hr \/>\n<p><center><\/center><strong>DOMENICA<\/strong> Fino al mattino residua nuvolosit\u00e0 irregolare poi schiarite via via pi\u00f9 ampie fino a poco nuvoloso nel pomeriggio. Precipitazioni: nella notte e fino al mattino residue deboli sparse in esaurimento dapprima su Dolomiti e pi\u00f9 tardi su Prealpi occidentali. Temperature in generale aumento, specie le massime.<\/p>\n<hr \/>\n<p><center><\/center><strong>LUNEDI<\/strong> Tempo stabile con cielo sereno o poco nuvoloso al mattino. Nel pomeriggio sviluppo di nuvolosit\u00e0 cumuliforme e non del tutto escluso un rovescio o temporale. Temperature in generale lieve aumento. Venti in quota deboli\/moderati da nordest.<\/p>\n<p>&nbsp;<\/p>\n<div class=\"message spoilers-container\" dir=\"auto\">\n<hr \/>\n<p>&nbsp;<\/p>\n<p><a class=\"dt-pswp-item\" href=\"https:\/\/www.radiopiu.net\/wordpress\/wp-content\/uploads\/2018\/09\/sport.jpg\" data-dt-img-description=\"\" data-large_image_width=\"800\" data-large_image_height=\"100\"><img loading=\"lazy\" decoding=\"async\" class=\"aligncenter wp-image-60761 size-full\" src=\"https:\/\/www.radiopiu.net\/wordpress\/wp-content\/uploads\/2018\/09\/sport.jpg\" alt=\"\" width=\"800\" height=\"100\" srcset=\"https:\/\/www.radiopiu.net\/wordpress\/wp-content\/uploads\/2018\/09\/sport.jpg 800w, https:\/\/www.radiopiu.net\/wordpress\/wp-content\/uploads\/2018\/09\/sport-300x38.jpg 300w, https:\/\/www.radiopiu.net\/wordpress\/wp-content\/uploads\/2018\/09\/sport-768x96.jpg 768w\" sizes=\"auto, (max-width: 800px) 100vw, 800px\" \/><\/a><\/p>\n<\/div>\n<div class=\"message spoilers-container\" dir=\"auto\">\n<p>&nbsp;<\/p>\n<p><span style=\"color: #0000ff;\"><strong>CALCIO<\/strong><\/span><\/p>\n<blockquote>\n<h3>I GIOVANISSIMI DELL&#8217;AGORDINA IN CAMPO PER GIOCARSI IL TERZO POSTO<\/h3>\n<\/blockquote>\n<p><strong><a class=\"dt-pswp-item\" href=\"https:\/\/www.radiopiu.net\/wordpress\/wp-content\/uploads\/2021\/10\/CALCIO-2021.jpg\" data-dt-img-description=\"\" data-large_image_width=\"1920\" data-large_image_height=\"1280\"><img loading=\"lazy\" decoding=\"async\" class=\" wp-image-235116 alignleft\" src=\"https:\/\/www.radiopiu.net\/wordpress\/wp-content\/uploads\/2021\/10\/CALCIO-2021-300x200.jpg\" alt=\"\" width=\"215\" height=\"143\" srcset=\"https:\/\/www.radiopiu.net\/wordpress\/wp-content\/uploads\/2021\/10\/CALCIO-2021-300x200.jpg 300w, https:\/\/www.radiopiu.net\/wordpress\/wp-content\/uploads\/2021\/10\/CALCIO-2021-1024x683.jpg 1024w, https:\/\/www.radiopiu.net\/wordpress\/wp-content\/uploads\/2021\/10\/CALCIO-2021-768x512.jpg 768w, https:\/\/www.radiopiu.net\/wordpress\/wp-content\/uploads\/2021\/10\/CALCIO-2021-1536x1024.jpg 1536w, https:\/\/www.radiopiu.net\/wordpress\/wp-content\/uploads\/2021\/10\/CALCIO-2021.jpg 1920w\" sizes=\"auto, (max-width: 215px) 100vw, 215px\" \/><\/a>di Marco Gaz<\/strong><\/p>\n<p><strong>REDAZIONE<\/strong> Sar\u00e0 un fine settimana intenso per l&#8217;Agordina Calcio che, oltre ad organizzare i due Memorial giovanili dedicati ad Enrico Pizzoni ed Attilio Moretti, domani sar\u00e0 impegnata con l&#8217;atto finale del campionato Giovanissimi. La squadra di De Bastiani non \u00e8 riuscita ad aggiudicarsi la finalissima del torneo dopo le due sconfitte con la Plavis e quindi si giocher\u00e0 la sfida valida per il terzo-quarto posto. I ragazzi di Agordo scenderanno a Puos D&#8217;Alpago dove sono in programma le partite finali della stagione. Di fronte agli agordini ci sar\u00e0 il Limana Cavarzano. Una sfida da vincere per onorare al meglio un campionato in cui i giovani allenati da De Bastiani sono stati protagonisti.<\/p>\n<p>&nbsp;<\/p>\n<p>&nbsp;<\/p>\n<\/div>\n","protected":false},"excerpt":{"rendered":"<p>ISCRIVITI AL NOSTRO CANALE\u00a0 YOUTUBE PER SEGUIRE IN DIRETTA I PRINCIPALI PROGRAMMI DI RADIO PIU&#8217; E LE FUTURE DIRETTE IN ESTERNA. PER ISCRIVERTI CLICCA QUI E PREMI\u00a0 &#8220;Iscriviti&#8221;\u00a0 \u00a0 \u00a0\u00a0 LE DIRETTE DI RADIO PIU OGGI DALLE 9 DALL&#8217;ISTITUTO FOLLADOR DI AGORDO, LO WORKSHOP DEL MINERARIO. SUI CANALI FACEBOOK, INSTAGRAM E SITO RADIO PIU ALLE&hellip;<\/p>\n","protected":false},"author":4,"featured_media":336470,"comment_status":"closed","ping_status":"closed","sticky":false,"template":"","format":"standard","meta":{"_monsterinsights_skip_tracking":false,"_monsterinsights_sitenote_active":false,"_monsterinsights_sitenote_note":"","_monsterinsights_sitenote_category":0,"footnotes":""},"categories":[51,86,49],"tags":[],"class_list":["post-336305","post","type-post","status-publish","format-standard","has-post-thumbnail","hentry","category-evidenza-top","category-gr","category-news-18","category-51","category-86","category-49","description-off"],"img_url":"https:\/\/www.radiopiu.net\/wordpress\/wp-content\/uploads\/2023\/05\/Senza-nome-59.jpg","_links":{"self":[{"href":"https:\/\/www.radiopiu.net\/wordpress\/wp-json\/wp\/v2\/posts\/336305","targetHints":{"allow":["GET"]}}],"collection":[{"href":"https:\/\/www.radiopiu.net\/wordpress\/wp-json\/wp\/v2\/posts"}],"about":[{"href":"https:\/\/www.radiopiu.net\/wordpress\/wp-json\/wp\/v2\/types\/post"}],"author":[{"embeddable":true,"href":"https:\/\/www.radiopiu.net\/wordpress\/wp-json\/wp\/v2\/users\/4"}],"replies":[{"embeddable":true,"href":"https:\/\/www.radiopiu.net\/wordpress\/wp-json\/wp\/v2\/comments?post=336305"}],"version-history":[{"count":0,"href":"https:\/\/www.radiopiu.net\/wordpress\/wp-json\/wp\/v2\/posts\/336305\/revisions"}],"wp:featuredmedia":[{"embeddable":true,"href":"https:\/\/www.radiopiu.net\/wordpress\/wp-json\/wp\/v2\/media\/336470"}],"wp:attachment":[{"href":"https:\/\/www.radiopiu.net\/wordpress\/wp-json\/wp\/v2\/media?parent=336305"}],"wp:term":[{"taxonomy":"category","embeddable":true,"href":"https:\/\/www.radiopiu.net\/wordpress\/wp-json\/wp\/v2\/categories?post=336305"},{"taxonomy":"post_tag","embeddable":true,"href":"https:\/\/www.radiopiu.net\/wordpress\/wp-json\/wp\/v2\/tags?post=336305"}],"curies":[{"name":"wp","href":"https:\/\/api.w.org\/{rel}","templated":true}]}}