{"id":336319,"date":"2023-05-18T05:07:14","date_gmt":"2023-05-18T03:07:14","guid":{"rendered":"https:\/\/www.radiopiu.net\/wordpress\/?p=336319"},"modified":"2023-05-18T05:07:14","modified_gmt":"2023-05-18T03:07:14","slug":"confcommercio-dal-prefetto-la-protesta","status":"publish","type":"post","link":"https:\/\/www.radiopiu.net\/wordpress\/confcommercio-dal-prefetto-la-protesta\/","title":{"rendered":"CONFCOMMERCIO DAL PREFETTO: LA PROTESTA\u00a0 \u00a0"},"content":{"rendered":"<blockquote>\n<h3><\/h3>\n<p><em>Il prefetto Savastano ha segnalato la necessit\u00e0 di rivedere le quote previste. Conferma che i 260 migranti previsti nel Bellunese dopo gli sbarchi recenti sono stati distribuiti in tutta la provincia e che sono in corso accordi con i sindaci riguardo a questa situazione.<\/em><\/p><\/blockquote>\n<p><strong><a class=\"dt-pswp-item\" href=\"https:\/\/www.radiopiu.net\/wordpress\/wp-content\/uploads\/2021\/06\/aed9c4a8-8b3f-4eb2-9a01-c51ac5001291.jpg\" data-dt-img-description=\"\" data-large_image_width=\"1920\" data-large_image_height=\"1080\"><img loading=\"lazy\" decoding=\"async\" class=\" wp-image-213617 alignleft\" src=\"https:\/\/www.radiopiu.net\/wordpress\/wp-content\/uploads\/2021\/06\/aed9c4a8-8b3f-4eb2-9a01-c51ac5001291-300x169.jpg\" alt=\"\" width=\"264\" height=\"149\" srcset=\"https:\/\/www.radiopiu.net\/wordpress\/wp-content\/uploads\/2021\/06\/aed9c4a8-8b3f-4eb2-9a01-c51ac5001291-300x169.jpg 300w, https:\/\/www.radiopiu.net\/wordpress\/wp-content\/uploads\/2021\/06\/aed9c4a8-8b3f-4eb2-9a01-c51ac5001291-1024x576.jpg 1024w, https:\/\/www.radiopiu.net\/wordpress\/wp-content\/uploads\/2021\/06\/aed9c4a8-8b3f-4eb2-9a01-c51ac5001291-768x432.jpg 768w, https:\/\/www.radiopiu.net\/wordpress\/wp-content\/uploads\/2021\/06\/aed9c4a8-8b3f-4eb2-9a01-c51ac5001291-1536x864.jpg 1536w, https:\/\/www.radiopiu.net\/wordpress\/wp-content\/uploads\/2021\/06\/aed9c4a8-8b3f-4eb2-9a01-c51ac5001291.jpg 1920w\" sizes=\"auto, (max-width: 264px) 100vw, 264px\" \/><\/a>BELLUNO<\/strong> Turismo in crisi per la mancanza di lavoratori stagionali: il nuovo &#8220;decreto flussi&#8221; non soddisfa i commercianti, secondo il presidente di Confcommercio Belluno, Paolo Doglioni. Solo 15 lavoratori extracomunitari sono stati assegnati alla provincia, mentre le necessit\u00e0 sarebbero di 200-300 lavoratori, soprattutto nel settore turistico. Il prefetto Mariano Savastano \u00e8 stato collaborativo, ma se non cambia nulla la situazione potrebbe peggiorare. \u00c8 necessario attrarre nuovi residenti nella regione e offrire supporto a settori in difficolt\u00e0. Per l&#8217;anno in corso, sono previsti in Italia 82.705 ingressi di cittadini stranieri, di cui 44.000 riservati ai lavoratori stagionali.\u00a0 Walter De Cassan, presidente di Federalberghi Belluno, afferma che la situazione \u00e8 leggermente meno problematica rispetto all&#8217;anno scorso<\/p>\n<p>&nbsp;<\/p>\n","protected":false},"excerpt":{"rendered":"<p>Il prefetto Savastano ha segnalato la necessit\u00e0 di rivedere le quote previste. Conferma che i 260 migranti previsti nel Bellunese dopo gli sbarchi recenti sono stati distribuiti in tutta la provincia e che sono in corso accordi con i sindaci riguardo a questa situazione. BELLUNO Turismo in crisi per la mancanza di lavoratori stagionali: il&hellip;<\/p>\n","protected":false},"author":4,"featured_media":213616,"comment_status":"closed","ping_status":"closed","sticky":false,"template":"","format":"standard","meta":{"_monsterinsights_skip_tracking":false,"_monsterinsights_sitenote_active":false,"_monsterinsights_sitenote_note":"","_monsterinsights_sitenote_category":0,"footnotes":""},"categories":[51,49],"tags":[],"class_list":["post-336319","post","type-post","status-publish","format-standard","has-post-thumbnail","hentry","category-evidenza-top","category-news-18","category-51","category-49","description-off"],"img_url":"https:\/\/www.radiopiu.net\/wordpress\/wp-content\/uploads\/2021\/06\/dc5be365-b180-4032-b175-19eeae74e75e.jpg","_links":{"self":[{"href":"https:\/\/www.radiopiu.net\/wordpress\/wp-json\/wp\/v2\/posts\/336319","targetHints":{"allow":["GET"]}}],"collection":[{"href":"https:\/\/www.radiopiu.net\/wordpress\/wp-json\/wp\/v2\/posts"}],"about":[{"href":"https:\/\/www.radiopiu.net\/wordpress\/wp-json\/wp\/v2\/types\/post"}],"author":[{"embeddable":true,"href":"https:\/\/www.radiopiu.net\/wordpress\/wp-json\/wp\/v2\/users\/4"}],"replies":[{"embeddable":true,"href":"https:\/\/www.radiopiu.net\/wordpress\/wp-json\/wp\/v2\/comments?post=336319"}],"version-history":[{"count":0,"href":"https:\/\/www.radiopiu.net\/wordpress\/wp-json\/wp\/v2\/posts\/336319\/revisions"}],"wp:featuredmedia":[{"embeddable":true,"href":"https:\/\/www.radiopiu.net\/wordpress\/wp-json\/wp\/v2\/media\/213616"}],"wp:attachment":[{"href":"https:\/\/www.radiopiu.net\/wordpress\/wp-json\/wp\/v2\/media?parent=336319"}],"wp:term":[{"taxonomy":"category","embeddable":true,"href":"https:\/\/www.radiopiu.net\/wordpress\/wp-json\/wp\/v2\/categories?post=336319"},{"taxonomy":"post_tag","embeddable":true,"href":"https:\/\/www.radiopiu.net\/wordpress\/wp-json\/wp\/v2\/tags?post=336319"}],"curies":[{"name":"wp","href":"https:\/\/api.w.org\/{rel}","templated":true}]}}