{"id":336406,"date":"2023-05-18T17:04:34","date_gmt":"2023-05-18T15:04:34","guid":{"rendered":"https:\/\/www.radiopiu.net\/wordpress\/?p=336406"},"modified":"2023-05-19T05:26:47","modified_gmt":"2023-05-19T03:26:47","slug":"olimpiadi-milano-cortina-ance-veneto-preoccupati-da-ritardi-e-da-opere-incompiute-appello-a-usare-il-prezzario","status":"publish","type":"post","link":"https:\/\/www.radiopiu.net\/wordpress\/olimpiadi-milano-cortina-ance-veneto-preoccupati-da-ritardi-e-da-opere-incompiute-appello-a-usare-il-prezzario\/","title":{"rendered":"OLIMPIADI MILANO-CORTINA, ANCE VENETO: \u201cPREOCCUPATI DA RITARDI E DA OPERE INCOMPIUTE. APPELLO A USARE IL PREZZARIO\u201d"},"content":{"rendered":"<p><strong><a class=\"dt-pswp-item\" href=\"https:\/\/www.radiopiu.net\/wordpress\/wp-content\/uploads\/2023\/05\/paolo-ghiotti-presidente-ance-veneto-scaled.jpg\" data-dt-img-description=\"\" data-large_image_width=\"2560\" data-large_image_height=\"1440\"><img loading=\"lazy\" decoding=\"async\" class=\" wp-image-336407 alignleft\" src=\"https:\/\/www.radiopiu.net\/wordpress\/wp-content\/uploads\/2023\/05\/paolo-ghiotti-presidente-ance-veneto-300x169.jpg\" alt=\"\" width=\"146\" height=\"82\" srcset=\"https:\/\/www.radiopiu.net\/wordpress\/wp-content\/uploads\/2023\/05\/paolo-ghiotti-presidente-ance-veneto-300x169.jpg 300w, https:\/\/www.radiopiu.net\/wordpress\/wp-content\/uploads\/2023\/05\/paolo-ghiotti-presidente-ance-veneto-1024x576.jpg 1024w, https:\/\/www.radiopiu.net\/wordpress\/wp-content\/uploads\/2023\/05\/paolo-ghiotti-presidente-ance-veneto-768x432.jpg 768w, https:\/\/www.radiopiu.net\/wordpress\/wp-content\/uploads\/2023\/05\/paolo-ghiotti-presidente-ance-veneto-1536x864.jpg 1536w, https:\/\/www.radiopiu.net\/wordpress\/wp-content\/uploads\/2023\/05\/paolo-ghiotti-presidente-ance-veneto-2048x1152.jpg 2048w\" sizes=\"auto, (max-width: 146px) 100vw, 146px\" \/><\/a>VENEZIA <\/strong>\u201cLe notizie dei ritardi nei cantieri per le Olimpiadi Milano Cortina sono preoccupanti. Bisogna recuperare il tempo perso, per garantire che le opere siano portate a compimento nei tempi previsti. Non possiamo perdere questa opportunit\u00e0 chiave per il rilancio dell\u2019economia del nostro territorio\u201d. A dirlo \u00e8 il presidente di Ance Veneto Paolo Ghiotti. E continua: \u201cPreoccupa anche l\u2019aumento dei costi dei cantieri legato soprattutto all\u2019aumento delle materie prime. Una situazione che non pu\u00f2 andare a discapito delle imprese che svolgono i lavori. Come Ance Veneto raccomandiamo a tutte le stazioni appaltanti l\u2019utilizzo del prezziario recentemente approvato dalla Regione Veneto, unico strumento per garantire alle imprese di poter gestire i cantieri con i giusti utili. Ancora una volta ribadiamo un chiaro e secco no alla logica del massimo ribasso. \u00c8 necessario garantire la qualit\u00e0 delle opere tanto pi\u00f9 in un contesto ambientale unico come quello di Cortina d\u2019Ampezzo e del territorio circostante, in un\u2019ottica di sviluppo sociale ed economico post Olimpiade&#8221;.<\/p>\n<p>&nbsp;<\/p>\n<p>&nbsp;<\/p>\n<p>******<\/p>\n","protected":false},"excerpt":{"rendered":"<p>VENEZIA \u201cLe notizie dei ritardi nei cantieri per le Olimpiadi Milano Cortina sono preoccupanti. Bisogna recuperare il tempo perso, per garantire che le opere siano portate a compimento nei tempi previsti. Non possiamo perdere questa opportunit\u00e0 chiave per il rilancio dell\u2019economia del nostro territorio\u201d. A dirlo \u00e8 il presidente di Ance Veneto Paolo Ghiotti. E&hellip;<\/p>\n","protected":false},"author":4,"featured_media":336407,"comment_status":"closed","ping_status":"closed","sticky":false,"template":"","format":"standard","meta":{"_monsterinsights_skip_tracking":false,"_monsterinsights_sitenote_active":false,"_monsterinsights_sitenote_note":"","_monsterinsights_sitenote_category":0,"footnotes":""},"categories":[51,49],"tags":[],"class_list":["post-336406","post","type-post","status-publish","format-standard","has-post-thumbnail","hentry","category-evidenza-top","category-news-18","category-51","category-49","description-off"],"img_url":"https:\/\/www.radiopiu.net\/wordpress\/wp-content\/uploads\/2023\/05\/paolo-ghiotti-presidente-ance-veneto-scaled.jpg","_links":{"self":[{"href":"https:\/\/www.radiopiu.net\/wordpress\/wp-json\/wp\/v2\/posts\/336406","targetHints":{"allow":["GET"]}}],"collection":[{"href":"https:\/\/www.radiopiu.net\/wordpress\/wp-json\/wp\/v2\/posts"}],"about":[{"href":"https:\/\/www.radiopiu.net\/wordpress\/wp-json\/wp\/v2\/types\/post"}],"author":[{"embeddable":true,"href":"https:\/\/www.radiopiu.net\/wordpress\/wp-json\/wp\/v2\/users\/4"}],"replies":[{"embeddable":true,"href":"https:\/\/www.radiopiu.net\/wordpress\/wp-json\/wp\/v2\/comments?post=336406"}],"version-history":[{"count":0,"href":"https:\/\/www.radiopiu.net\/wordpress\/wp-json\/wp\/v2\/posts\/336406\/revisions"}],"wp:featuredmedia":[{"embeddable":true,"href":"https:\/\/www.radiopiu.net\/wordpress\/wp-json\/wp\/v2\/media\/336407"}],"wp:attachment":[{"href":"https:\/\/www.radiopiu.net\/wordpress\/wp-json\/wp\/v2\/media?parent=336406"}],"wp:term":[{"taxonomy":"category","embeddable":true,"href":"https:\/\/www.radiopiu.net\/wordpress\/wp-json\/wp\/v2\/categories?post=336406"},{"taxonomy":"post_tag","embeddable":true,"href":"https:\/\/www.radiopiu.net\/wordpress\/wp-json\/wp\/v2\/tags?post=336406"}],"curies":[{"name":"wp","href":"https:\/\/api.w.org\/{rel}","templated":true}]}}